{"id":2859,"date":"2024-11-28T18:17:35","date_gmt":"2024-11-28T17:17:35","guid":{"rendered":"https:\/\/vieassociative.be\/actualites\/comment-parler-aux-enseignants-et-aux-entraineurs-de-la-neurodivergence-de-votre-enfant\/"},"modified":"2024-11-28T18:17:35","modified_gmt":"2024-11-28T17:17:35","slug":"comment-parler-aux-enseignants-et-aux-entraineurs-de-la-neurodivergence-de-votre-enfant","status":"publish","type":"post","link":"https:\/\/vieassociative.be\/actualites\/comment-parler-aux-enseignants-et-aux-entraineurs-de-la-neurodivergence-de-votre-enfant\/","title":{"rendered":"Comment parler aux enseignants et aux entra\u00eeneurs de la neurodivergence de votre enfant"},"content":{"rendered":"<div class=\"mt-4 leading-6 md:mb-8\">Ils doivent comprendre qu\u2019il ne s\u2019agit pas d\u2019un \u00ab mauvais comportement \u00bb.<\/div>\n<p><\/p>\n<p>De nombreux enfants pr\u00e9sentant l\u2019un des diff\u00e9rents diagnostics relevant de la neurodivergence pr\u00e9sentent des comportements qui, pour un \u0153il non averti ou antipathique, ressemblent \u00e0<em> mauvais<\/em> comportement. Lorsque mon fils est anxieux, par exemple, il ne se cache pas derri\u00e8re mes jupes : c&rsquo;est une r\u00e9action de \u00ab fuite \u00bb, et la r\u00e9action de stress de mon enfant ressemble davantage \u00e0 un \u00ab combat \u00bb. D\u2019autres enfants peuvent avoir des probl\u00e8mes sensoriels qui rendent difficile le respect de r\u00e8gles telles que le port de masques ou d\u2019uniformes, la file d\u2019attente ou l\u2019attention. <\/p>\n<p>\u00c0 l&rsquo;\u00e9cole, des syst\u00e8mes sont en place pour permettre des am\u00e9nagements pour les enfants neurodivergents, et souvent les enseignants et les entra\u00eeneurs sont avertis lorsqu&rsquo;un \u00e9l\u00e8ve de leur classe a besoin d&rsquo;une approche diff\u00e9rente. Cependant, lorsqu\u2019il s\u2019agit de camps d\u2019\u00e9t\u00e9 ou d\u2019activit\u00e9s parascolaires, cette m\u00eame compr\u00e9hension peut \u00eatre difficile \u00e0 trouver. Tous les enseignants, entra\u00eeneurs, conseillers et autres directeurs d\u2019activit\u00e9s ne sont pas \u00e9quip\u00e9s, exp\u00e9riment\u00e9s ou pr\u00e9par\u00e9s pour les enfants pr\u00e9sentant des diff\u00e9rences d\u2019apprentissage ou de comportement. <\/p>\n<p>Dans ces situations, les enfants ont encore plus que d&rsquo;habitude besoin que leurs parents agissent en tant que d\u00e9fenseurs. J&rsquo;ai donc parl\u00e9 avec Paulette Selman, psychologue scolaire et d\u00e9fenseure de l&rsquo;\u00e9ducation sp\u00e9cialis\u00e9e dans l&rsquo;Oregon, sur la meilleure fa\u00e7on d&rsquo;aider votre enfant \u00e0 r\u00e9ussir dans ces programmes. <\/p>\n<h2 id=\"before-the-start-of-an-activity\">Avant le d\u00e9but d&rsquo;une activit\u00e9<\/h2>\n<p>Quand mes enfants \u00e9taient plus jeunes, j\u2019h\u00e9sitais \u00e0 les faire juger par des enseignants en les avertissant des comportements qui pourraient \u00eatre consid\u00e9r\u00e9s comme \u00ab mauvais \u00bb, de l\u2019hyperactivit\u00e9 \u00e0 une \u00e9ventuelle violence. Cependant, affirme Selman, une approche diff\u00e9rente leur serait plus utile. \u00ab N&rsquo;h\u00e9sitez pas \u00e0 faire part du diagnostic de votre enfant \u00e0 un enseignant \u00bb, conseille-t-elle. \u00ab\u00a0Plus important encore, partagez les strat\u00e9gies qui, selon vous, fonctionnent g\u00e9n\u00e9ralement pour votre enfant, ainsi que les \u00e9l\u00e9ments susceptibles de d\u00e9clencher son action.\u00a0\u00bb \u00c9tant donn\u00e9 que les d\u00e9clencheurs ne peuvent pas toujours \u00eatre \u00e9vit\u00e9s, surtout si votre enfant peut \u00eatre surstimul\u00e9 ou subir une d\u00e9r\u00e9gulation lors d&rsquo;une nouvelle activit\u00e9, elle conseille de partager ce qui fonctionne pour les \u00ab re-r\u00e9guler \u00bb \u00e0 la maison. <\/p>\n<p>Lorsque les enfants sont assez vieux pour avoir plus d&rsquo;autonomie dans leur autor\u00e9gulation, ce qui pour mes enfants a commenc\u00e9 \u00e0 l&rsquo;\u00e2ge de deux ans, c&rsquo;est une bonne id\u00e9e de faire beaucoup de pr\u00e9paration avant des activit\u00e9s nouvelles ou potentiellement stimulantes. Avant d&rsquo;envoyer les miens au camp de gymnastique des super-h\u00e9ros, je leur ai dit : \u00ab Vous savez que ce n&rsquo;est pas parce que vous \u00eates des super-h\u00e9ros que vous pourrez frapper un autre enfant, m\u00eame si vous pr\u00e9tendez qu&rsquo;il est le m\u00e9chant. \u00bb Nous avons \u00e9tabli que les m\u00eames r\u00e8gles concernant la violence qui s&rsquo;appliquent \u00e0 l&rsquo;\u00e9cole et \u00e0 la maison \u00e9taient en vigueur au camp. Je leur ai demand\u00e9 ce qu&rsquo;ils pouvaient faire s&rsquo;ils se sentaient d\u00e9pass\u00e9s, et ils ont trouv\u00e9 des solutions, notamment en respirant et en demandant \u00e0 un adulte de les aider \u00e0 trouver un endroit o\u00f9 ils pourraient faire une pause. J&rsquo;ai ensuite inform\u00e9 le conseiller que mes enfants avaient mis ces strat\u00e9gies en place. <\/p>\n<h2 id=\"after-an-issue-has-come-up\">Apr\u00e8s qu&rsquo;un probl\u00e8me soit survenu<\/h2>\n<p>Disons que quelque chose \u00ab ne va pas \u00bb. Quelqu&rsquo;un s&rsquo;effondre, votre enfant en frappe un autre ou refuse de suivre les r\u00e8gles. \u00ab\u00a0Donnez au personnel l&rsquo;espace n\u00e9cessaire pour g\u00e9rer les situations en cas de probl\u00e8me\u00a0\u00bb, explique Selman. Beaucoup de ces professionnels ont des ann\u00e9es d\u2019exp\u00e9rience avec des enfants qui font toutes sortes de choses farfelues, et \u00ab vous pourriez \u00eatre surpris par leur cr\u00e9ativit\u00e9, leur utilisation de l\u2019humour ou leurs strat\u00e9gies d\u2019engagement de haut niveau pour aider votre enfant \u00bb. En tant qu&rsquo;enseignante ayant fait ses d\u00e9buts dans les camps d&rsquo;\u00e9t\u00e9, j&rsquo;ai certainement r\u00e9solu des probl\u00e8mes int\u00e9ressants au fil des ans, et je peux attester qu&rsquo;il existe des \u00e9ducateurs plus innovants et exp\u00e9riment\u00e9s que moi.<\/p>\n<p>Si toutefois vous avez l\u2019impression que la situation a \u00e9t\u00e9 mal g\u00e9r\u00e9e ou que votre enfant est incompris, parlez-en \u00e0 l\u2019enseignant. \u00ab\u00a0J&rsquo;esp\u00e8re que l&rsquo;enseignant sera suffisamment flexible pour s&rsquo;adapter aux hauts et aux bas et r\u00e9essayer le lendemain\u00a0\u00bb, explique Selman. Mais cette communication est essentielle.<\/p>\n<p>Dans certains cas, lorsque les enseignants ou les organisateurs estiment qu&rsquo;un programme ne convient pas \u00e0 un enfant, ils peuvent \u00eatre invit\u00e9s \u00e0 partir. Si vous estimez qu\u2019il s\u2019agit d\u2019un cas de discrimination, plusieurs options s\u2019offrent \u00e0 vous, selon le type de programme. Tout programme public, qu&rsquo;il s&rsquo;agisse d&rsquo;une ville, d&rsquo;un \u00c9tat ou d&rsquo;une \u00e9cole, est tenu d&rsquo;accueillir les apprenants handicap\u00e9s. Des programmes de plaidoyer sont g\u00e9n\u00e9ralement disponibles au niveau de l&rsquo;\u00c9tat si vous avez besoin de soutien. <\/p>\n<p>Dans les activit\u00e9s priv\u00e9es, dit Selman, \u00ab vous avez moins votre mot \u00e0 dire pour exiger l\u2019\u00e9quit\u00e9 et l\u2019inclusion de votre enfant \u00bb, et vous devriez donc \u00ab donner autant d\u2019informations que possible \u00e0 l\u2019avance pour pr\u00e9parer l\u2019enseignant et continuer \u00e0 communiquer si les choses tournent mal \u00bb. de c\u00f4t\u00e9.\u00a0\u00bb <\/p>\n<p>Dans tous les cas, si quelque chose ne va pas chez l&rsquo;enseignant, n&rsquo;h\u00e9sitez pas \u00e0 faire part de vos inqui\u00e9tudes au directeur du programme. <\/p>\n<h2 id=\"debrief-afterward\">D\u00e9briefing ensuite<\/h2>\n<p>S&rsquo;il y a un probl\u00e8me concernant le comportement de votre enfant, ce n&rsquo;est pas une mauvaise id\u00e9e d&rsquo;en faire un d\u00e9briefing avec toutes les parties impliqu\u00e9es apr\u00e8s coup, ce que vous pouvez faire de diff\u00e9rentes mani\u00e8res. J&rsquo;aime prendre contact au t\u00e9l\u00e9phone ou, pour conserver une trace \u00e9crite, par courrier \u00e9lectronique, en passant en revue ce qui a \u00e9t\u00e9 discut\u00e9 et le plan d&rsquo;action, si l&rsquo;enseignant ou l&rsquo;entra\u00eeneur devait \u00e0 nouveau r\u00e9agir \u00e0 un comportement similaire. Si je parle au professeur en personne, je pr\u00e9f\u00e8re le faire lorsque mes enfants ne sont pas l\u00e0.<\/p>\n<p>J&rsquo;aime aussi d\u00e9briefer avec mes enfants apr\u00e8s qu&rsquo;ils ont v\u00e9cu un incident afin de parler de leur exp\u00e9rience de la situation et de la mani\u00e8re dont ils aimeraient avancer. \u00ab\u00a0\u00c9coutez votre enfant s&rsquo;il est capable d&rsquo;exprimer ce qu&rsquo;il ressent \u00e0 l&rsquo;\u00e9gard du camp ou du programme\u00a0: ce qu&rsquo;il aime et ce qui le d\u00e9range\u00a0\u00bb, explique Selman. <\/p>\n<p>Vous pourriez avoir un point de vue diff\u00e9rent de celui de votre enfant par rapport \u00e0 celui que vous avez observ\u00e9 ou \u00e0 celui rapport\u00e9 par le personnel. N\u2019oubliez pas que les comportements associ\u00e9s \u00e0 la neurodivergence ne sont pas quelque chose dont il faut avoir honte et cela n\u2019en fait pas de mauvais enfants. Si quelqu&rsquo;un a \u00e9t\u00e9 bless\u00e9, \u00e9motionnellement ou physiquement, il y a place \u00e0 la r\u00e9paration, mais mon enfant a besoin de savoir, de ma part, qu&rsquo;il n&rsquo;est pas \u00ab mauvais \u00bb en raison des diff\u00e9rentes fa\u00e7ons dont il vit le monde.<\/p>\n<p>En fin de compte, nous esp\u00e9rons que ces efforts signifieront que vos enfants vivront une exp\u00e9rience formidable dans leur camp, leur sport ou leur programme, et vous aideront, vous et le personnel, \u00e0 surmonter les d\u00e9clencheurs potentiels avant et apr\u00e8s leur apparition. La plupart des programmes s\u2019efforcent d\u2019\u00eatre inclusifs et agr\u00e9ables pour tous les enfants, y compris les v\u00f4tres.  <\/p>\n<p><\/p>\n","protected":false},"excerpt":{"rendered":"<p>Ils doivent comprendre qu\u2019il ne s\u2019agit pas d\u2019un \u00ab mauvais comportement \u00bb. De nombreux enfants pr\u00e9sentant l\u2019un des diff\u00e9rents diagnostics relevant de la neurodivergence pr\u00e9sentent<\/p>\n","protected":false},"author":1,"featured_media":2860,"comment_status":"","ping_status":"","sticky":false,"template":"","format":"standard","meta":{"footnotes":""},"categories":[37],"tags":[289,44,295,1455,3581,3582,438,8],"class_list":["post-2859","post","type-post","status-publish","format-standard","has-post-thumbnail","hentry","category-famille","tag-aux","tag-comment","tag-enfant","tag-enseignants","tag-entraineurs","tag-neurodivergence","tag-parler","tag-votre","generate-columns","tablet-grid-50","mobile-grid-100","grid-parent","grid-33"],"yoast_head":"<!-- This site is optimized with the Yoast SEO plugin v24.0 - https:\/\/yoast.com\/wordpress\/plugins\/seo\/ -->\n<title>Comment parler aux enseignants et aux entra\u00eeneurs de la neurodivergence de votre enfant | Vie Associative<\/title>\n<meta name=\"robots\" content=\"index, follow, max-snippet:-1, max-image-preview:large, max-video-preview:-1\" \/>\n<link rel=\"canonical\" href=\"https:\/\/vieassociative.be\/actualites\/comment-parler-aux-enseignants-et-aux-entraineurs-de-la-neurodivergence-de-votre-enfant\/\" \/>\n<meta property=\"og:locale\" content=\"fr_FR\" \/>\n<meta property=\"og:type\" content=\"article\" \/>\n<meta property=\"og:title\" content=\"Comment parler aux enseignants et aux entra\u00eeneurs de la neurodivergence de votre enfant | Vie Associative\" \/>\n<meta property=\"og:description\" content=\"Ils doivent comprendre qu\u2019il ne s\u2019agit pas d\u2019un \u00ab mauvais comportement \u00bb. De nombreux enfants pr\u00e9sentant l\u2019un des diff\u00e9rents diagnostics relevant de la neurodivergence pr\u00e9sentent\" \/>\n<meta property=\"og:url\" content=\"https:\/\/vieassociative.be\/actualites\/comment-parler-aux-enseignants-et-aux-entraineurs-de-la-neurodivergence-de-votre-enfant\/\" \/>\n<meta property=\"og:site_name\" content=\"Vie Associative\" \/>\n<meta property=\"article:published_time\" content=\"2024-11-28T17:17:35+00:00\" \/>\n<meta property=\"og:image\" content=\"https:\/\/vieassociative.be\/actualites\/wp-content\/uploads\/2024\/09\/header_backgroundk-01-e1726694325946.png\" \/>\n\t<meta property=\"og:image:width\" content=\"279\" \/>\n\t<meta property=\"og:image:height\" content=\"92\" \/>\n\t<meta property=\"og:image:type\" content=\"image\/png\" \/>\n<meta name=\"author\" content=\"Julien\" \/>\n<meta name=\"twitter:card\" content=\"summary_large_image\" \/>\n<meta name=\"twitter:label1\" content=\"\u00c9crit par\" \/>\n\t<meta name=\"twitter:data1\" content=\"Julien\" \/>\n\t<meta name=\"twitter:label2\" content=\"Dur\u00e9e de lecture est.\" \/>\n\t<meta name=\"twitter:data2\" content=\"6 minutes\" \/>\n<script type=\"application\/ld+json\" class=\"yoast-schema-graph\">{\"@context\":\"https:\/\/schema.org\",\"@graph\":[{\"@type\":\"Article\",\"@id\":\"https:\/\/vieassociative.be\/actualites\/comment-parler-aux-enseignants-et-aux-entraineurs-de-la-neurodivergence-de-votre-enfant\/#article\",\"isPartOf\":{\"@id\":\"https:\/\/vieassociative.be\/actualites\/comment-parler-aux-enseignants-et-aux-entraineurs-de-la-neurodivergence-de-votre-enfant\/\"},\"author\":{\"name\":\"Julien\",\"@id\":\"https:\/\/vieassociative.be\/actualites\/#\/schema\/person\/b87ac4f82f9d4e7b7cec7395b679edc4\"},\"headline\":\"Comment parler aux enseignants et aux entra\u00eeneurs de la neurodivergence de votre enfant\",\"datePublished\":\"2024-11-28T17:17:35+00:00\",\"dateModified\":\"2024-11-28T17:17:35+00:00\",\"mainEntityOfPage\":{\"@id\":\"https:\/\/vieassociative.be\/actualites\/comment-parler-aux-enseignants-et-aux-entraineurs-de-la-neurodivergence-de-votre-enfant\/\"},\"wordCount\":1315,\"publisher\":{\"@id\":\"https:\/\/vieassociative.be\/actualites\/#organization\"},\"image\":{\"@id\":\"https:\/\/vieassociative.be\/actualites\/comment-parler-aux-enseignants-et-aux-entraineurs-de-la-neurodivergence-de-votre-enfant\/#primaryimage\"},\"thumbnailUrl\":\"https:\/\/vieassociative.be\/actualites\/wp-content\/uploads\/2024\/11\/Comment-parler-aux-enseignants-et-aux-entraineurs-de-la-neurodivergence.jpg\",\"keywords\":[\"aux\",\"Comment\",\"enfant\",\"enseignants\",\"entra\u00eeneurs\",\"neurodivergence\",\"parler\",\"votre\"],\"articleSection\":[\"Famille\"],\"inLanguage\":\"fr-BE\"},{\"@type\":\"WebPage\",\"@id\":\"https:\/\/vieassociative.be\/actualites\/comment-parler-aux-enseignants-et-aux-entraineurs-de-la-neurodivergence-de-votre-enfant\/\",\"url\":\"https:\/\/vieassociative.be\/actualites\/comment-parler-aux-enseignants-et-aux-entraineurs-de-la-neurodivergence-de-votre-enfant\/\",\"name\":\"Comment parler aux enseignants et aux entra\u00eeneurs de la neurodivergence de votre enfant | Vie Associative\",\"isPartOf\":{\"@id\":\"https:\/\/vieassociative.be\/actualites\/#website\"},\"primaryImageOfPage\":{\"@id\":\"https:\/\/vieassociative.be\/actualites\/comment-parler-aux-enseignants-et-aux-entraineurs-de-la-neurodivergence-de-votre-enfant\/#primaryimage\"},\"image\":{\"@id\":\"https:\/\/vieassociative.be\/actualites\/comment-parler-aux-enseignants-et-aux-entraineurs-de-la-neurodivergence-de-votre-enfant\/#primaryimage\"},\"thumbnailUrl\":\"https:\/\/vieassociative.be\/actualites\/wp-content\/uploads\/2024\/11\/Comment-parler-aux-enseignants-et-aux-entraineurs-de-la-neurodivergence.jpg\",\"datePublished\":\"2024-11-28T17:17:35+00:00\",\"dateModified\":\"2024-11-28T17:17:35+00:00\",\"breadcrumb\":{\"@id\":\"https:\/\/vieassociative.be\/actualites\/comment-parler-aux-enseignants-et-aux-entraineurs-de-la-neurodivergence-de-votre-enfant\/#breadcrumb\"},\"inLanguage\":\"fr-BE\",\"potentialAction\":[{\"@type\":\"ReadAction\",\"target\":[\"https:\/\/vieassociative.be\/actualites\/comment-parler-aux-enseignants-et-aux-entraineurs-de-la-neurodivergence-de-votre-enfant\/\"]}]},{\"@type\":\"ImageObject\",\"inLanguage\":\"fr-BE\",\"@id\":\"https:\/\/vieassociative.be\/actualites\/comment-parler-aux-enseignants-et-aux-entraineurs-de-la-neurodivergence-de-votre-enfant\/#primaryimage\",\"url\":\"https:\/\/vieassociative.be\/actualites\/wp-content\/uploads\/2024\/11\/Comment-parler-aux-enseignants-et-aux-entraineurs-de-la-neurodivergence.jpg\",\"contentUrl\":\"https:\/\/vieassociative.be\/actualites\/wp-content\/uploads\/2024\/11\/Comment-parler-aux-enseignants-et-aux-entraineurs-de-la-neurodivergence.jpg\",\"width\":1200,\"height\":675,\"caption\":\"Comment parler aux enseignants et aux entra\u00eeneurs de la neurodivergence de votre enfant\"},{\"@type\":\"BreadcrumbList\",\"@id\":\"https:\/\/vieassociative.be\/actualites\/comment-parler-aux-enseignants-et-aux-entraineurs-de-la-neurodivergence-de-votre-enfant\/#breadcrumb\",\"itemListElement\":[{\"@type\":\"ListItem\",\"position\":1,\"name\":\"Accueil\",\"item\":\"https:\/\/vieassociative.be\/actualites\/\"},{\"@type\":\"ListItem\",\"position\":2,\"name\":\"Comment parler aux enseignants et aux entra\u00eeneurs de la neurodivergence de votre enfant\"}]},{\"@type\":\"WebSite\",\"@id\":\"https:\/\/vieassociative.be\/actualites\/#website\",\"url\":\"https:\/\/vieassociative.be\/actualites\/\",\"name\":\"Vie Associative\",\"description\":\"\",\"publisher\":{\"@id\":\"https:\/\/vieassociative.be\/actualites\/#organization\"},\"potentialAction\":[{\"@type\":\"SearchAction\",\"target\":{\"@type\":\"EntryPoint\",\"urlTemplate\":\"https:\/\/vieassociative.be\/actualites\/?s={search_term_string}\"},\"query-input\":{\"@type\":\"PropertyValueSpecification\",\"valueRequired\":true,\"valueName\":\"search_term_string\"}}],\"inLanguage\":\"fr-BE\"},{\"@type\":\"Organization\",\"@id\":\"https:\/\/vieassociative.be\/actualites\/#organization\",\"name\":\"Vie Associative\",\"url\":\"https:\/\/vieassociative.be\/actualites\/\",\"logo\":{\"@type\":\"ImageObject\",\"inLanguage\":\"fr-BE\",\"@id\":\"https:\/\/vieassociative.be\/actualites\/#\/schema\/logo\/image\/\",\"url\":\"https:\/\/vieassociative.be\/actualites\/wp-content\/uploads\/2024\/09\/cropped-vieassociative_favicon.ico.png\",\"contentUrl\":\"https:\/\/vieassociative.be\/actualites\/wp-content\/uploads\/2024\/09\/cropped-vieassociative_favicon.ico.png\",\"width\":512,\"height\":512,\"caption\":\"Vie Associative\"},\"image\":{\"@id\":\"https:\/\/vieassociative.be\/actualites\/#\/schema\/logo\/image\/\"}},{\"@type\":\"Person\",\"@id\":\"https:\/\/vieassociative.be\/actualites\/#\/schema\/person\/b87ac4f82f9d4e7b7cec7395b679edc4\",\"name\":\"Julien\",\"image\":{\"@type\":\"ImageObject\",\"inLanguage\":\"fr-BE\",\"@id\":\"https:\/\/vieassociative.be\/actualites\/#\/schema\/person\/image\/\",\"url\":\"https:\/\/vieassociative.be\/actualites\/wp-content\/uploads\/2024\/09\/vie-associative-1-150x150.jpg\",\"contentUrl\":\"https:\/\/vieassociative.be\/actualites\/wp-content\/uploads\/2024\/09\/vie-associative-1-150x150.jpg\",\"caption\":\"Julien\"},\"description\":\"Je suis Julien, r\u00e9dacteur pour Vie Associative. Passionn\u00e9 par le monde associatif depuis plus de 10 ans, j'ai \u00e0 c\u0153ur de partager des histoires inspirantes et de mettre en lumi\u00e8re les initiatives locales. Mon objectif est de sensibiliser et d'encourager l'engagement communautaire \u00e0 travers mes articles.\",\"sameAs\":[\"https:\/\/vieassociative.be\/\"]}]}<\/script>\n<!-- \/ Yoast SEO plugin. -->","yoast_head_json":{"title":"Comment parler aux enseignants et aux entra\u00eeneurs de la neurodivergence de votre enfant | Vie Associative","robots":{"index":"index","follow":"follow","max-snippet":"max-snippet:-1","max-image-preview":"max-image-preview:large","max-video-preview":"max-video-preview:-1"},"canonical":"https:\/\/vieassociative.be\/actualites\/comment-parler-aux-enseignants-et-aux-entraineurs-de-la-neurodivergence-de-votre-enfant\/","og_locale":"fr_FR","og_type":"article","og_title":"Comment parler aux enseignants et aux entra\u00eeneurs de la neurodivergence de votre enfant | Vie Associative","og_description":"Ils doivent comprendre qu\u2019il ne s\u2019agit pas d\u2019un \u00ab mauvais comportement \u00bb. De nombreux enfants pr\u00e9sentant l\u2019un des diff\u00e9rents diagnostics relevant de la neurodivergence pr\u00e9sentent","og_url":"https:\/\/vieassociative.be\/actualites\/comment-parler-aux-enseignants-et-aux-entraineurs-de-la-neurodivergence-de-votre-enfant\/","og_site_name":"Vie Associative","article_published_time":"2024-11-28T17:17:35+00:00","og_image":[{"width":279,"height":92,"url":"https:\/\/vieassociative.be\/actualites\/wp-content\/uploads\/2024\/09\/header_backgroundk-01-e1726694325946.png","type":"image\/png"}],"author":"Julien","twitter_card":"summary_large_image","twitter_misc":{"\u00c9crit par":"Julien","Dur\u00e9e de lecture est.":"6 minutes"},"schema":{"@context":"https:\/\/schema.org","@graph":[{"@type":"Article","@id":"https:\/\/vieassociative.be\/actualites\/comment-parler-aux-enseignants-et-aux-entraineurs-de-la-neurodivergence-de-votre-enfant\/#article","isPartOf":{"@id":"https:\/\/vieassociative.be\/actualites\/comment-parler-aux-enseignants-et-aux-entraineurs-de-la-neurodivergence-de-votre-enfant\/"},"author":{"name":"Julien","@id":"https:\/\/vieassociative.be\/actualites\/#\/schema\/person\/b87ac4f82f9d4e7b7cec7395b679edc4"},"headline":"Comment parler aux enseignants et aux entra\u00eeneurs de la neurodivergence de votre enfant","datePublished":"2024-11-28T17:17:35+00:00","dateModified":"2024-11-28T17:17:35+00:00","mainEntityOfPage":{"@id":"https:\/\/vieassociative.be\/actualites\/comment-parler-aux-enseignants-et-aux-entraineurs-de-la-neurodivergence-de-votre-enfant\/"},"wordCount":1315,"publisher":{"@id":"https:\/\/vieassociative.be\/actualites\/#organization"},"image":{"@id":"https:\/\/vieassociative.be\/actualites\/comment-parler-aux-enseignants-et-aux-entraineurs-de-la-neurodivergence-de-votre-enfant\/#primaryimage"},"thumbnailUrl":"https:\/\/vieassociative.be\/actualites\/wp-content\/uploads\/2024\/11\/Comment-parler-aux-enseignants-et-aux-entraineurs-de-la-neurodivergence.jpg","keywords":["aux","Comment","enfant","enseignants","entra\u00eeneurs","neurodivergence","parler","votre"],"articleSection":["Famille"],"inLanguage":"fr-BE"},{"@type":"WebPage","@id":"https:\/\/vieassociative.be\/actualites\/comment-parler-aux-enseignants-et-aux-entraineurs-de-la-neurodivergence-de-votre-enfant\/","url":"https:\/\/vieassociative.be\/actualites\/comment-parler-aux-enseignants-et-aux-entraineurs-de-la-neurodivergence-de-votre-enfant\/","name":"Comment parler aux enseignants et aux entra\u00eeneurs de la neurodivergence de votre enfant | Vie Associative","isPartOf":{"@id":"https:\/\/vieassociative.be\/actualites\/#website"},"primaryImageOfPage":{"@id":"https:\/\/vieassociative.be\/actualites\/comment-parler-aux-enseignants-et-aux-entraineurs-de-la-neurodivergence-de-votre-enfant\/#primaryimage"},"image":{"@id":"https:\/\/vieassociative.be\/actualites\/comment-parler-aux-enseignants-et-aux-entraineurs-de-la-neurodivergence-de-votre-enfant\/#primaryimage"},"thumbnailUrl":"https:\/\/vieassociative.be\/actualites\/wp-content\/uploads\/2024\/11\/Comment-parler-aux-enseignants-et-aux-entraineurs-de-la-neurodivergence.jpg","datePublished":"2024-11-28T17:17:35+00:00","dateModified":"2024-11-28T17:17:35+00:00","breadcrumb":{"@id":"https:\/\/vieassociative.be\/actualites\/comment-parler-aux-enseignants-et-aux-entraineurs-de-la-neurodivergence-de-votre-enfant\/#breadcrumb"},"inLanguage":"fr-BE","potentialAction":[{"@type":"ReadAction","target":["https:\/\/vieassociative.be\/actualites\/comment-parler-aux-enseignants-et-aux-entraineurs-de-la-neurodivergence-de-votre-enfant\/"]}]},{"@type":"ImageObject","inLanguage":"fr-BE","@id":"https:\/\/vieassociative.be\/actualites\/comment-parler-aux-enseignants-et-aux-entraineurs-de-la-neurodivergence-de-votre-enfant\/#primaryimage","url":"https:\/\/vieassociative.be\/actualites\/wp-content\/uploads\/2024\/11\/Comment-parler-aux-enseignants-et-aux-entraineurs-de-la-neurodivergence.jpg","contentUrl":"https:\/\/vieassociative.be\/actualites\/wp-content\/uploads\/2024\/11\/Comment-parler-aux-enseignants-et-aux-entraineurs-de-la-neurodivergence.jpg","width":1200,"height":675,"caption":"Comment parler aux enseignants et aux entra\u00eeneurs de la neurodivergence de votre enfant"},{"@type":"BreadcrumbList","@id":"https:\/\/vieassociative.be\/actualites\/comment-parler-aux-enseignants-et-aux-entraineurs-de-la-neurodivergence-de-votre-enfant\/#breadcrumb","itemListElement":[{"@type":"ListItem","position":1,"name":"Accueil","item":"https:\/\/vieassociative.be\/actualites\/"},{"@type":"ListItem","position":2,"name":"Comment parler aux enseignants et aux entra\u00eeneurs de la neurodivergence de votre enfant"}]},{"@type":"WebSite","@id":"https:\/\/vieassociative.be\/actualites\/#website","url":"https:\/\/vieassociative.be\/actualites\/","name":"Vie Associative","description":"","publisher":{"@id":"https:\/\/vieassociative.be\/actualites\/#organization"},"potentialAction":[{"@type":"SearchAction","target":{"@type":"EntryPoint","urlTemplate":"https:\/\/vieassociative.be\/actualites\/?s={search_term_string}"},"query-input":{"@type":"PropertyValueSpecification","valueRequired":true,"valueName":"search_term_string"}}],"inLanguage":"fr-BE"},{"@type":"Organization","@id":"https:\/\/vieassociative.be\/actualites\/#organization","name":"Vie Associative","url":"https:\/\/vieassociative.be\/actualites\/","logo":{"@type":"ImageObject","inLanguage":"fr-BE","@id":"https:\/\/vieassociative.be\/actualites\/#\/schema\/logo\/image\/","url":"https:\/\/vieassociative.be\/actualites\/wp-content\/uploads\/2024\/09\/cropped-vieassociative_favicon.ico.png","contentUrl":"https:\/\/vieassociative.be\/actualites\/wp-content\/uploads\/2024\/09\/cropped-vieassociative_favicon.ico.png","width":512,"height":512,"caption":"Vie Associative"},"image":{"@id":"https:\/\/vieassociative.be\/actualites\/#\/schema\/logo\/image\/"}},{"@type":"Person","@id":"https:\/\/vieassociative.be\/actualites\/#\/schema\/person\/b87ac4f82f9d4e7b7cec7395b679edc4","name":"Julien","image":{"@type":"ImageObject","inLanguage":"fr-BE","@id":"https:\/\/vieassociative.be\/actualites\/#\/schema\/person\/image\/","url":"https:\/\/vieassociative.be\/actualites\/wp-content\/uploads\/2024\/09\/vie-associative-1-150x150.jpg","contentUrl":"https:\/\/vieassociative.be\/actualites\/wp-content\/uploads\/2024\/09\/vie-associative-1-150x150.jpg","caption":"Julien"},"description":"Je suis Julien, r\u00e9dacteur pour Vie Associative. Passionn\u00e9 par le monde associatif depuis plus de 10 ans, j'ai \u00e0 c\u0153ur de partager des histoires inspirantes et de mettre en lumi\u00e8re les initiatives locales. Mon objectif est de sensibiliser et d'encourager l'engagement communautaire \u00e0 travers mes articles.","sameAs":["https:\/\/vieassociative.be\/"]}]}},"_links":{"self":[{"href":"https:\/\/vieassociative.be\/actualites\/wp-json\/wp\/v2\/posts\/2859"}],"collection":[{"href":"https:\/\/vieassociative.be\/actualites\/wp-json\/wp\/v2\/posts"}],"about":[{"href":"https:\/\/vieassociative.be\/actualites\/wp-json\/wp\/v2\/types\/post"}],"author":[{"embeddable":true,"href":"https:\/\/vieassociative.be\/actualites\/wp-json\/wp\/v2\/users\/1"}],"replies":[{"embeddable":true,"href":"https:\/\/vieassociative.be\/actualites\/wp-json\/wp\/v2\/comments?post=2859"}],"version-history":[{"count":0,"href":"https:\/\/vieassociative.be\/actualites\/wp-json\/wp\/v2\/posts\/2859\/revisions"}],"wp:featuredmedia":[{"embeddable":true,"href":"https:\/\/vieassociative.be\/actualites\/wp-json\/wp\/v2\/media\/2860"}],"wp:attachment":[{"href":"https:\/\/vieassociative.be\/actualites\/wp-json\/wp\/v2\/media?parent=2859"}],"wp:term":[{"taxonomy":"category","embeddable":true,"href":"https:\/\/vieassociative.be\/actualites\/wp-json\/wp\/v2\/categories?post=2859"},{"taxonomy":"post_tag","embeddable":true,"href":"https:\/\/vieassociative.be\/actualites\/wp-json\/wp\/v2\/tags?post=2859"}],"curies":[{"name":"wp","href":"https:\/\/api.w.org\/{rel}","templated":true}]}}