{"id":2855,"date":"2024-11-28T15:17:23","date_gmt":"2024-11-28T14:17:23","guid":{"rendered":"https:\/\/vieassociative.be\/actualites\/lue-discute-actuellement-dune-interdiction-de-fumer-a-lexterieur-quest-ce-que-cela-signifie-concretement-questions-et-reponses\/"},"modified":"2024-11-28T15:17:23","modified_gmt":"2024-11-28T14:17:23","slug":"lue-discute-actuellement-dune-interdiction-de-fumer-a-lexterieur-quest-ce-que-cela-signifie-concretement-questions-et-reponses","status":"publish","type":"post","link":"https:\/\/vieassociative.be\/actualites\/lue-discute-actuellement-dune-interdiction-de-fumer-a-lexterieur-quest-ce-que-cela-signifie-concretement-questions-et-reponses\/","title":{"rendered":"L\u2019UE discute actuellement d\u2019une interdiction de fumer \u00e0 l\u2019ext\u00e9rieur \u2013 qu\u2019est-ce que cela signifie concr\u00e8tement ? (Questions et r\u00e9ponses)"},"content":{"rendered":"<p><strong>L\u2019UE va-t-elle bient\u00f4t interdire de fumer \u00e0 l\u2019ext\u00e9rieur ? Des initiatives correspondantes de la Commission europ\u00e9enne et du Parlement europ\u00e9en le sugg\u00e8rent \u2013 \u200b\u200bmais peuvent-elles r\u00e9ellement le faire ?<\/strong><\/p>\n<p><span id=\"more-402838\"><\/span>Interdiction de fumer dans les caf\u00e9s en plein air, les piscines ext\u00e9rieures ou \u00e0 la gare : ce qui est vot\u00e9 aujourd&rsquo;hui au Parlement europ\u00e9en semble avoir un impact majeur sur les fumeurs. Mais est-ce r\u00e9ellement le cas ? Les questions et r\u00e9ponses les plus importantes :<\/p>\n<p><strong>\u2013 De quoi s\u2019agit-il exactement ? <\/strong><\/p>\n<p>En septembre, la Commission europ\u00e9enne a recommand\u00e9 aux \u00c9tats d&rsquo;\u00e9tendre les zones sans fum\u00e9e, par exemple aux zones de loisirs ext\u00e9rieures pour les enfants, telles que les terrains de jeux publics, les parcs d&rsquo;attractions et les piscines ext\u00e9rieures, ainsi qu&rsquo;aux b\u00e2timents publics, aux arr\u00eats de bus et aux gares. Cela ne devrait pas seulement s\u2019appliquer aux produits du tabac classiques, mais \u00e9galement aux nouveaux produits tels que les cigarettes \u00e9lectroniques.<\/p>\n<p><strong>\u2013 Pourquoi devrait-il y avoir davantage de zones sans fum\u00e9e ?<\/strong><\/p>\n<div id=\"attachment_380079\" class=\"wp-caption alignleft\" style=\"max-width: 300px\"><img fetchpriority=\"high\" decoding=\"async\" class=\"wp-image-380079 size-medium\" src=\"https:\/\/vieassociative.be\/actualites\/wp-content\/uploads\/2024\/11\/LUE-discute-actuellement-dune-interdiction-de-fumer-a-lexterieur-\u2013.jpg\" alt=\"\" width=\"300\" height=\"194\"><\/p>\n<p class=\"wp-caption-text\">Une femme fume une e-cigarette. Photo : Marijan Murat\/dpa<\/p>\n<\/div>\n<p>\u00ab Chaque ann\u00e9e, la consommation de tabac dans l&rsquo;UE tue 700 000 personnes, dont des dizaines de milliers \u00e0 cause du tabagisme passif \u00bb, \u00e9crit la Commission europ\u00e9enne. L&rsquo;objectif des recommandations pour un environnement sans fum\u00e9e est d&rsquo;exprimer la ferme d\u00e9termination de l&rsquo;agence \u00e0 mieux prot\u00e9ger les personnes contre l&rsquo;exposition \u00e0 la fum\u00e9e secondaire et aux a\u00e9rosols.<\/p>\n<p>La Commission europ\u00e9enne n\u2019est pas seule avec ce programme. M\u00eame en dehors de l\u2019Union europ\u00e9enne, la lutte contre le tabagisme devient de plus en plus acharn\u00e9e. En Grande-Bretagne, par exemple, une loi antitabac stricte a r\u00e9cemment franchi le premier obstacle au Parlement.<\/p>\n<p>Le projet stipule entre autres que toute personne n\u00e9e apr\u00e8s le 1er janvier 2009 ne sera jamais autoris\u00e9e \u00e0 acheter l\u00e9galement des cigarettes au cours de sa vie. De plus, les ar\u00f4mes sucr\u00e9s des cigarettes \u00e9lectroniques devraient \u00eatre restreints et leurs emballages revus pour les rendre moins attrayants pour les enfants et les jeunes.<\/p>\n<\/p>\n<div id=\"attachment_100341\" class=\"wp-caption alignleft\" style=\"max-width: 300px\"><img decoding=\"async\" class=\"wp-image-100341 size-medium\" src=\"https:\/\/vieassociative.be\/actualites\/wp-content\/uploads\/2024\/11\/LUE-discute-actuellement-dune-interdiction-de-fumer-a-lexterieur-\u2013.jpeg\" alt=\"\" width=\"300\" height=\"200\"  ><\/p>\n<p class=\"wp-caption-text\">Photo : Shutterstock<\/p>\n<\/div>\n<p><strong>\u2013 Pourquoi en parle-t-on maintenant ?<\/strong><\/p>\n<p>Ce jeudi, le Parlement europ\u00e9en veut voter une d\u00e9claration sur le sujet et la semaine prochaine, les \u00c9tats de l&rsquo;UE devraient voter sur la proposition de la Commission.<\/p>\n<p>Dans le projet de r\u00e9solution du Parlement europ\u00e9en, les d\u00e9put\u00e9s ont soutenu l&rsquo;objectif de la Commission, mais ont critiqu\u00e9, entre autres, le fait que l&rsquo;autorit\u00e9 ne fasse pas de diff\u00e9rence entre les produits du tabac classiques et les nouveaux produits tels que les cigarettes \u00e9lectroniques.<\/p>\n<p>Les a\u00e9rosols, principalement provoqu\u00e9s par les cigarettes \u00e9lectroniques, ne doivent pas \u00eatre assimil\u00e9s \u00e0 la fum\u00e9e de tabac, a demand\u00e9 l&rsquo;eurod\u00e9put\u00e9 conservateur Peter Liese. \u00ab La e-cigarette contient de la nicotine et donc une protection stricte des mineurs est n\u00e9cessaire. Cependant, pour les gros fumeurs, l\u2019e-cigarette est un moyen de s\u2019\u00e9loigner de la d\u00e9pendance au tabac, c\u2019est pourquoi les restrictions ne devraient pas \u00eatre aussi strictes. En outre, certains d\u00e9put\u00e9s craignent qu&rsquo;une \u00e9ventuelle interdiction de fumer dans les restaurants en plein air n&rsquo;entra\u00eene des dommages \u00e9conomiques.<\/p>\n<p><strong>\u2013 De telles interdictions de fumer s&rsquo;appliqueront-elles bient\u00f4t en Belgique ?<\/strong><\/p>\n<p>Pas n\u00e9cessairement. Les propositions et discussions actuelles au niveau de l\u2019UE n\u2019auront pour l\u2019instant pas d\u2019impact imm\u00e9diat sur la Belgique. Parce que : la proposition de la Commission europ\u00e9enne n&rsquo;est qu&rsquo;une recommandation et la r\u00e9solution du Parlement europ\u00e9en n&rsquo;est qu&rsquo;une d\u00e9claration d&rsquo;intention.<\/p>\n<\/p>\n<div id=\"attachment_28627\" class=\"wp-caption alignleft\" style=\"max-width: 300px\"><img decoding=\"async\" class=\"wp-image-28627 size-medium\" src=\"https:\/\/vieassociative.be\/actualites\/wp-content\/uploads\/2024\/11\/1732803443_524_LUE-discute-actuellement-dune-interdiction-de-fumer-a-lexterieur-\u2013.jpg\" alt=\"\" width=\"300\" height=\"190\"  ><\/p>\n<p class=\"wp-caption-text\">Une des images choquantes sur un paquet de cigarettes avec un avertissement en fran\u00e7ais. Photo : dpa<\/p>\n<\/div>\n<p>Rien de tout cela n\u2019oblige directement la Belgique. Et m\u00eame si les \u00c9tats membres de l&rsquo;UE acceptent la proposition de la Commission la semaine prochaine, cela ne signifie pas n\u00e9cessairement que de telles interdictions de fumer seront appliqu\u00e9es partout. La raison en est que les \u00c9tats membres sont seuls responsables de la politique de sant\u00e9.<\/p>\n<p><strong>\u2013 Combien le tabagisme co\u00fbte-t-il \u00e0 la soci\u00e9t\u00e9 ?<\/strong><\/p>\n<p>\u00ab Les nombreuses maladies et d\u00e9c\u00e8s caus\u00e9s par le tabagisme co\u00fbtent au syst\u00e8me de sant\u00e9 et \u00e0 l&rsquo;\u00e9conomie 97,24 milliards d&rsquo;euros par an \u00bb, \u00e9crit le Centre de recherche sur le cancer (DKFZ) dans l&rsquo;Atlas du tabac 2020. Pour y parvenir, il faudrait qu&rsquo;un paquet de cigarettes co\u00fbte 22,80 euros. compenser les co\u00fbts directs et indirects du tabagisme. Selon le DKFZ, des chiffres plus r\u00e9cents ne sont pas disponibles. Selon les informations du minist\u00e8re f\u00e9d\u00e9ral des Finances, l&rsquo;\u00c9tat a re\u00e7u 14,67 milliards d&rsquo;euros de la taxe sur le tabac en 2023.<\/p>\n<p>Dans une \u00e9tude publi\u00e9e en 2015, des \u00e9conomistes sont parvenus, entre autres, \u00e0 la conclusion que le fait que les fumeurs meurent en moyenne plus t\u00f4t soulage le syst\u00e8me de retraite et les contribuables. (dpa)<\/p>\n","protected":false},"excerpt":{"rendered":"<p>L\u2019UE va-t-elle bient\u00f4t interdire de fumer \u00e0 l\u2019ext\u00e9rieur ? Des initiatives correspondantes de la Commission europ\u00e9enne et du Parlement europ\u00e9en le sugg\u00e8rent \u2013 \u200b\u200bmais peuvent-elles<\/p>\n","protected":false},"author":1,"featured_media":2856,"comment_status":"","ping_status":"","sticky":false,"template":"","format":"standard","meta":{"footnotes":""},"categories":[298],"tags":[19,1610,3580,3579,698,2681,3574,1037,3578,2006,481,1882,1872],"class_list":["post-2855","post","type-post","status-publish","format-standard","has-post-thumbnail","hentry","category-belgique","tag-actuellement","tag-cela","tag-concretement","tag-discute","tag-dune","tag-fumer","tag-interdiction","tag-lexterieur","tag-lue","tag-questce","tag-questions","tag-reponses","tag-signifie","generate-columns","tablet-grid-50","mobile-grid-100","grid-parent","grid-33"],"yoast_head":"<!-- This site is optimized with the Yoast SEO plugin v24.0 - https:\/\/yoast.com\/wordpress\/plugins\/seo\/ -->\n<title>L\u2019UE discute actuellement d\u2019une interdiction de fumer \u00e0 l\u2019ext\u00e9rieur \u2013 qu\u2019est-ce que cela signifie concr\u00e8tement ? (Questions et r\u00e9ponses) | Vie Associative<\/title>\n<meta name=\"robots\" content=\"index, follow, max-snippet:-1, max-image-preview:large, max-video-preview:-1\" \/>\n<link rel=\"canonical\" href=\"https:\/\/vieassociative.be\/actualites\/lue-discute-actuellement-dune-interdiction-de-fumer-a-lexterieur-quest-ce-que-cela-signifie-concretement-questions-et-reponses\/\" \/>\n<meta property=\"og:locale\" content=\"fr_FR\" \/>\n<meta property=\"og:type\" content=\"article\" \/>\n<meta property=\"og:title\" content=\"L\u2019UE discute actuellement d\u2019une interdiction de fumer \u00e0 l\u2019ext\u00e9rieur \u2013 qu\u2019est-ce que cela signifie concr\u00e8tement ? (Questions et r\u00e9ponses) | Vie Associative\" \/>\n<meta property=\"og:description\" content=\"L\u2019UE va-t-elle bient\u00f4t interdire de fumer \u00e0 l\u2019ext\u00e9rieur ? Des initiatives correspondantes de la Commission europ\u00e9enne et du Parlement europ\u00e9en le sugg\u00e8rent \u2013 \u200b\u200bmais peuvent-elles\" \/>\n<meta property=\"og:url\" content=\"https:\/\/vieassociative.be\/actualites\/lue-discute-actuellement-dune-interdiction-de-fumer-a-lexterieur-quest-ce-que-cela-signifie-concretement-questions-et-reponses\/\" \/>\n<meta property=\"og:site_name\" content=\"Vie Associative\" \/>\n<meta property=\"article:published_time\" content=\"2024-11-28T14:17:23+00:00\" \/>\n<meta property=\"og:image\" content=\"https:\/\/vieassociative.be\/actualites\/wp-content\/uploads\/2024\/09\/header_backgroundk-01-e1726694325946.png\" \/>\n\t<meta property=\"og:image:width\" content=\"279\" \/>\n\t<meta property=\"og:image:height\" content=\"92\" \/>\n\t<meta property=\"og:image:type\" content=\"image\/png\" \/>\n<meta name=\"author\" content=\"Julien\" \/>\n<meta name=\"twitter:card\" content=\"summary_large_image\" \/>\n<meta name=\"twitter:label1\" content=\"\u00c9crit par\" \/>\n\t<meta name=\"twitter:data1\" content=\"Julien\" \/>\n\t<meta name=\"twitter:label2\" content=\"Dur\u00e9e de lecture est.\" \/>\n\t<meta name=\"twitter:data2\" content=\"4 minutes\" \/>\n<script type=\"application\/ld+json\" class=\"yoast-schema-graph\">{\"@context\":\"https:\/\/schema.org\",\"@graph\":[{\"@type\":\"Article\",\"@id\":\"https:\/\/vieassociative.be\/actualites\/lue-discute-actuellement-dune-interdiction-de-fumer-a-lexterieur-quest-ce-que-cela-signifie-concretement-questions-et-reponses\/#article\",\"isPartOf\":{\"@id\":\"https:\/\/vieassociative.be\/actualites\/lue-discute-actuellement-dune-interdiction-de-fumer-a-lexterieur-quest-ce-que-cela-signifie-concretement-questions-et-reponses\/\"},\"author\":{\"name\":\"Julien\",\"@id\":\"https:\/\/vieassociative.be\/actualites\/#\/schema\/person\/b87ac4f82f9d4e7b7cec7395b679edc4\"},\"headline\":\"L\u2019UE discute actuellement d\u2019une interdiction de fumer \u00e0 l\u2019ext\u00e9rieur \u2013 qu\u2019est-ce que cela signifie concr\u00e8tement ? (Questions et r\u00e9ponses)\",\"datePublished\":\"2024-11-28T14:17:23+00:00\",\"dateModified\":\"2024-11-28T14:17:23+00:00\",\"mainEntityOfPage\":{\"@id\":\"https:\/\/vieassociative.be\/actualites\/lue-discute-actuellement-dune-interdiction-de-fumer-a-lexterieur-quest-ce-que-cela-signifie-concretement-questions-et-reponses\/\"},\"wordCount\":856,\"publisher\":{\"@id\":\"https:\/\/vieassociative.be\/actualites\/#organization\"},\"image\":{\"@id\":\"https:\/\/vieassociative.be\/actualites\/lue-discute-actuellement-dune-interdiction-de-fumer-a-lexterieur-quest-ce-que-cela-signifie-concretement-questions-et-reponses\/#primaryimage\"},\"thumbnailUrl\":\"https:\/\/vieassociative.be\/actualites\/wp-content\/uploads\/2024\/11\/1732803443_LUE-discute-actuellement-dune-interdiction-de-fumer-a-lexterieur-\u2013.jpg\",\"keywords\":[\"actuellement\",\"cela\",\"concr\u00e8tement\",\"discute\",\"dune\",\"fumer\",\"Interdiction\",\"lext\u00e9rieur\",\"LUE\",\"Questce\",\"questions\",\"r\u00e9ponses\",\"signifie\"],\"articleSection\":[\"Belgique\"],\"inLanguage\":\"fr-BE\"},{\"@type\":\"WebPage\",\"@id\":\"https:\/\/vieassociative.be\/actualites\/lue-discute-actuellement-dune-interdiction-de-fumer-a-lexterieur-quest-ce-que-cela-signifie-concretement-questions-et-reponses\/\",\"url\":\"https:\/\/vieassociative.be\/actualites\/lue-discute-actuellement-dune-interdiction-de-fumer-a-lexterieur-quest-ce-que-cela-signifie-concretement-questions-et-reponses\/\",\"name\":\"L\u2019UE discute actuellement d\u2019une interdiction de fumer \u00e0 l\u2019ext\u00e9rieur \u2013 qu\u2019est-ce que cela signifie concr\u00e8tement ? (Questions et r\u00e9ponses) | Vie Associative\",\"isPartOf\":{\"@id\":\"https:\/\/vieassociative.be\/actualites\/#website\"},\"primaryImageOfPage\":{\"@id\":\"https:\/\/vieassociative.be\/actualites\/lue-discute-actuellement-dune-interdiction-de-fumer-a-lexterieur-quest-ce-que-cela-signifie-concretement-questions-et-reponses\/#primaryimage\"},\"image\":{\"@id\":\"https:\/\/vieassociative.be\/actualites\/lue-discute-actuellement-dune-interdiction-de-fumer-a-lexterieur-quest-ce-que-cela-signifie-concretement-questions-et-reponses\/#primaryimage\"},\"thumbnailUrl\":\"https:\/\/vieassociative.be\/actualites\/wp-content\/uploads\/2024\/11\/1732803443_LUE-discute-actuellement-dune-interdiction-de-fumer-a-lexterieur-\u2013.jpg\",\"datePublished\":\"2024-11-28T14:17:23+00:00\",\"dateModified\":\"2024-11-28T14:17:23+00:00\",\"breadcrumb\":{\"@id\":\"https:\/\/vieassociative.be\/actualites\/lue-discute-actuellement-dune-interdiction-de-fumer-a-lexterieur-quest-ce-que-cela-signifie-concretement-questions-et-reponses\/#breadcrumb\"},\"inLanguage\":\"fr-BE\",\"potentialAction\":[{\"@type\":\"ReadAction\",\"target\":[\"https:\/\/vieassociative.be\/actualites\/lue-discute-actuellement-dune-interdiction-de-fumer-a-lexterieur-quest-ce-que-cela-signifie-concretement-questions-et-reponses\/\"]}]},{\"@type\":\"ImageObject\",\"inLanguage\":\"fr-BE\",\"@id\":\"https:\/\/vieassociative.be\/actualites\/lue-discute-actuellement-dune-interdiction-de-fumer-a-lexterieur-quest-ce-que-cela-signifie-concretement-questions-et-reponses\/#primaryimage\",\"url\":\"https:\/\/vieassociative.be\/actualites\/wp-content\/uploads\/2024\/11\/1732803443_LUE-discute-actuellement-dune-interdiction-de-fumer-a-lexterieur-\u2013.jpg\",\"contentUrl\":\"https:\/\/vieassociative.be\/actualites\/wp-content\/uploads\/2024\/11\/1732803443_LUE-discute-actuellement-dune-interdiction-de-fumer-a-lexterieur-\u2013.jpg\",\"width\":1200,\"height\":800,\"caption\":\"L\u2019UE discute actuellement d\u2019une interdiction de fumer \u00e0 l\u2019ext\u00e9rieur \u2013 qu\u2019est-ce que cela signifie concr\u00e8tement ? (Questions et r\u00e9ponses)\"},{\"@type\":\"BreadcrumbList\",\"@id\":\"https:\/\/vieassociative.be\/actualites\/lue-discute-actuellement-dune-interdiction-de-fumer-a-lexterieur-quest-ce-que-cela-signifie-concretement-questions-et-reponses\/#breadcrumb\",\"itemListElement\":[{\"@type\":\"ListItem\",\"position\":1,\"name\":\"Accueil\",\"item\":\"https:\/\/vieassociative.be\/actualites\/\"},{\"@type\":\"ListItem\",\"position\":2,\"name\":\"L\u2019UE discute actuellement d\u2019une interdiction de fumer \u00e0 l\u2019ext\u00e9rieur \u2013 qu\u2019est-ce que cela signifie concr\u00e8tement ? (Questions et r\u00e9ponses)\"}]},{\"@type\":\"WebSite\",\"@id\":\"https:\/\/vieassociative.be\/actualites\/#website\",\"url\":\"https:\/\/vieassociative.be\/actualites\/\",\"name\":\"Vie Associative\",\"description\":\"\",\"publisher\":{\"@id\":\"https:\/\/vieassociative.be\/actualites\/#organization\"},\"potentialAction\":[{\"@type\":\"SearchAction\",\"target\":{\"@type\":\"EntryPoint\",\"urlTemplate\":\"https:\/\/vieassociative.be\/actualites\/?s={search_term_string}\"},\"query-input\":{\"@type\":\"PropertyValueSpecification\",\"valueRequired\":true,\"valueName\":\"search_term_string\"}}],\"inLanguage\":\"fr-BE\"},{\"@type\":\"Organization\",\"@id\":\"https:\/\/vieassociative.be\/actualites\/#organization\",\"name\":\"Vie Associative\",\"url\":\"https:\/\/vieassociative.be\/actualites\/\",\"logo\":{\"@type\":\"ImageObject\",\"inLanguage\":\"fr-BE\",\"@id\":\"https:\/\/vieassociative.be\/actualites\/#\/schema\/logo\/image\/\",\"url\":\"https:\/\/vieassociative.be\/actualites\/wp-content\/uploads\/2024\/09\/cropped-vieassociative_favicon.ico.png\",\"contentUrl\":\"https:\/\/vieassociative.be\/actualites\/wp-content\/uploads\/2024\/09\/cropped-vieassociative_favicon.ico.png\",\"width\":512,\"height\":512,\"caption\":\"Vie Associative\"},\"image\":{\"@id\":\"https:\/\/vieassociative.be\/actualites\/#\/schema\/logo\/image\/\"}},{\"@type\":\"Person\",\"@id\":\"https:\/\/vieassociative.be\/actualites\/#\/schema\/person\/b87ac4f82f9d4e7b7cec7395b679edc4\",\"name\":\"Julien\",\"image\":{\"@type\":\"ImageObject\",\"inLanguage\":\"fr-BE\",\"@id\":\"https:\/\/vieassociative.be\/actualites\/#\/schema\/person\/image\/\",\"url\":\"https:\/\/vieassociative.be\/actualites\/wp-content\/uploads\/2024\/09\/vie-associative-1-150x150.jpg\",\"contentUrl\":\"https:\/\/vieassociative.be\/actualites\/wp-content\/uploads\/2024\/09\/vie-associative-1-150x150.jpg\",\"caption\":\"Julien\"},\"description\":\"Je suis Julien, r\u00e9dacteur pour Vie Associative. Passionn\u00e9 par le monde associatif depuis plus de 10 ans, j'ai \u00e0 c\u0153ur de partager des histoires inspirantes et de mettre en lumi\u00e8re les initiatives locales. Mon objectif est de sensibiliser et d'encourager l'engagement communautaire \u00e0 travers mes articles.\",\"sameAs\":[\"https:\/\/vieassociative.be\/\"]}]}<\/script>\n<!-- \/ Yoast SEO plugin. -->","yoast_head_json":{"title":"L\u2019UE discute actuellement d\u2019une interdiction de fumer \u00e0 l\u2019ext\u00e9rieur \u2013 qu\u2019est-ce que cela signifie concr\u00e8tement ? (Questions et r\u00e9ponses) | Vie Associative","robots":{"index":"index","follow":"follow","max-snippet":"max-snippet:-1","max-image-preview":"max-image-preview:large","max-video-preview":"max-video-preview:-1"},"canonical":"https:\/\/vieassociative.be\/actualites\/lue-discute-actuellement-dune-interdiction-de-fumer-a-lexterieur-quest-ce-que-cela-signifie-concretement-questions-et-reponses\/","og_locale":"fr_FR","og_type":"article","og_title":"L\u2019UE discute actuellement d\u2019une interdiction de fumer \u00e0 l\u2019ext\u00e9rieur \u2013 qu\u2019est-ce que cela signifie concr\u00e8tement ? (Questions et r\u00e9ponses) | Vie Associative","og_description":"L\u2019UE va-t-elle bient\u00f4t interdire de fumer \u00e0 l\u2019ext\u00e9rieur ? Des initiatives correspondantes de la Commission europ\u00e9enne et du Parlement europ\u00e9en le sugg\u00e8rent \u2013 \u200b\u200bmais peuvent-elles","og_url":"https:\/\/vieassociative.be\/actualites\/lue-discute-actuellement-dune-interdiction-de-fumer-a-lexterieur-quest-ce-que-cela-signifie-concretement-questions-et-reponses\/","og_site_name":"Vie Associative","article_published_time":"2024-11-28T14:17:23+00:00","og_image":[{"width":279,"height":92,"url":"https:\/\/vieassociative.be\/actualites\/wp-content\/uploads\/2024\/09\/header_backgroundk-01-e1726694325946.png","type":"image\/png"}],"author":"Julien","twitter_card":"summary_large_image","twitter_misc":{"\u00c9crit par":"Julien","Dur\u00e9e de lecture est.":"4 minutes"},"schema":{"@context":"https:\/\/schema.org","@graph":[{"@type":"Article","@id":"https:\/\/vieassociative.be\/actualites\/lue-discute-actuellement-dune-interdiction-de-fumer-a-lexterieur-quest-ce-que-cela-signifie-concretement-questions-et-reponses\/#article","isPartOf":{"@id":"https:\/\/vieassociative.be\/actualites\/lue-discute-actuellement-dune-interdiction-de-fumer-a-lexterieur-quest-ce-que-cela-signifie-concretement-questions-et-reponses\/"},"author":{"name":"Julien","@id":"https:\/\/vieassociative.be\/actualites\/#\/schema\/person\/b87ac4f82f9d4e7b7cec7395b679edc4"},"headline":"L\u2019UE discute actuellement d\u2019une interdiction de fumer \u00e0 l\u2019ext\u00e9rieur \u2013 qu\u2019est-ce que cela signifie concr\u00e8tement ? (Questions et r\u00e9ponses)","datePublished":"2024-11-28T14:17:23+00:00","dateModified":"2024-11-28T14:17:23+00:00","mainEntityOfPage":{"@id":"https:\/\/vieassociative.be\/actualites\/lue-discute-actuellement-dune-interdiction-de-fumer-a-lexterieur-quest-ce-que-cela-signifie-concretement-questions-et-reponses\/"},"wordCount":856,"publisher":{"@id":"https:\/\/vieassociative.be\/actualites\/#organization"},"image":{"@id":"https:\/\/vieassociative.be\/actualites\/lue-discute-actuellement-dune-interdiction-de-fumer-a-lexterieur-quest-ce-que-cela-signifie-concretement-questions-et-reponses\/#primaryimage"},"thumbnailUrl":"https:\/\/vieassociative.be\/actualites\/wp-content\/uploads\/2024\/11\/1732803443_LUE-discute-actuellement-dune-interdiction-de-fumer-a-lexterieur-\u2013.jpg","keywords":["actuellement","cela","concr\u00e8tement","discute","dune","fumer","Interdiction","lext\u00e9rieur","LUE","Questce","questions","r\u00e9ponses","signifie"],"articleSection":["Belgique"],"inLanguage":"fr-BE"},{"@type":"WebPage","@id":"https:\/\/vieassociative.be\/actualites\/lue-discute-actuellement-dune-interdiction-de-fumer-a-lexterieur-quest-ce-que-cela-signifie-concretement-questions-et-reponses\/","url":"https:\/\/vieassociative.be\/actualites\/lue-discute-actuellement-dune-interdiction-de-fumer-a-lexterieur-quest-ce-que-cela-signifie-concretement-questions-et-reponses\/","name":"L\u2019UE discute actuellement d\u2019une interdiction de fumer \u00e0 l\u2019ext\u00e9rieur \u2013 qu\u2019est-ce que cela signifie concr\u00e8tement ? (Questions et r\u00e9ponses) | Vie Associative","isPartOf":{"@id":"https:\/\/vieassociative.be\/actualites\/#website"},"primaryImageOfPage":{"@id":"https:\/\/vieassociative.be\/actualites\/lue-discute-actuellement-dune-interdiction-de-fumer-a-lexterieur-quest-ce-que-cela-signifie-concretement-questions-et-reponses\/#primaryimage"},"image":{"@id":"https:\/\/vieassociative.be\/actualites\/lue-discute-actuellement-dune-interdiction-de-fumer-a-lexterieur-quest-ce-que-cela-signifie-concretement-questions-et-reponses\/#primaryimage"},"thumbnailUrl":"https:\/\/vieassociative.be\/actualites\/wp-content\/uploads\/2024\/11\/1732803443_LUE-discute-actuellement-dune-interdiction-de-fumer-a-lexterieur-\u2013.jpg","datePublished":"2024-11-28T14:17:23+00:00","dateModified":"2024-11-28T14:17:23+00:00","breadcrumb":{"@id":"https:\/\/vieassociative.be\/actualites\/lue-discute-actuellement-dune-interdiction-de-fumer-a-lexterieur-quest-ce-que-cela-signifie-concretement-questions-et-reponses\/#breadcrumb"},"inLanguage":"fr-BE","potentialAction":[{"@type":"ReadAction","target":["https:\/\/vieassociative.be\/actualites\/lue-discute-actuellement-dune-interdiction-de-fumer-a-lexterieur-quest-ce-que-cela-signifie-concretement-questions-et-reponses\/"]}]},{"@type":"ImageObject","inLanguage":"fr-BE","@id":"https:\/\/vieassociative.be\/actualites\/lue-discute-actuellement-dune-interdiction-de-fumer-a-lexterieur-quest-ce-que-cela-signifie-concretement-questions-et-reponses\/#primaryimage","url":"https:\/\/vieassociative.be\/actualites\/wp-content\/uploads\/2024\/11\/1732803443_LUE-discute-actuellement-dune-interdiction-de-fumer-a-lexterieur-\u2013.jpg","contentUrl":"https:\/\/vieassociative.be\/actualites\/wp-content\/uploads\/2024\/11\/1732803443_LUE-discute-actuellement-dune-interdiction-de-fumer-a-lexterieur-\u2013.jpg","width":1200,"height":800,"caption":"L\u2019UE discute actuellement d\u2019une interdiction de fumer \u00e0 l\u2019ext\u00e9rieur \u2013 qu\u2019est-ce que cela signifie concr\u00e8tement ? (Questions et r\u00e9ponses)"},{"@type":"BreadcrumbList","@id":"https:\/\/vieassociative.be\/actualites\/lue-discute-actuellement-dune-interdiction-de-fumer-a-lexterieur-quest-ce-que-cela-signifie-concretement-questions-et-reponses\/#breadcrumb","itemListElement":[{"@type":"ListItem","position":1,"name":"Accueil","item":"https:\/\/vieassociative.be\/actualites\/"},{"@type":"ListItem","position":2,"name":"L\u2019UE discute actuellement d\u2019une interdiction de fumer \u00e0 l\u2019ext\u00e9rieur \u2013 qu\u2019est-ce que cela signifie concr\u00e8tement ? (Questions et r\u00e9ponses)"}]},{"@type":"WebSite","@id":"https:\/\/vieassociative.be\/actualites\/#website","url":"https:\/\/vieassociative.be\/actualites\/","name":"Vie Associative","description":"","publisher":{"@id":"https:\/\/vieassociative.be\/actualites\/#organization"},"potentialAction":[{"@type":"SearchAction","target":{"@type":"EntryPoint","urlTemplate":"https:\/\/vieassociative.be\/actualites\/?s={search_term_string}"},"query-input":{"@type":"PropertyValueSpecification","valueRequired":true,"valueName":"search_term_string"}}],"inLanguage":"fr-BE"},{"@type":"Organization","@id":"https:\/\/vieassociative.be\/actualites\/#organization","name":"Vie Associative","url":"https:\/\/vieassociative.be\/actualites\/","logo":{"@type":"ImageObject","inLanguage":"fr-BE","@id":"https:\/\/vieassociative.be\/actualites\/#\/schema\/logo\/image\/","url":"https:\/\/vieassociative.be\/actualites\/wp-content\/uploads\/2024\/09\/cropped-vieassociative_favicon.ico.png","contentUrl":"https:\/\/vieassociative.be\/actualites\/wp-content\/uploads\/2024\/09\/cropped-vieassociative_favicon.ico.png","width":512,"height":512,"caption":"Vie Associative"},"image":{"@id":"https:\/\/vieassociative.be\/actualites\/#\/schema\/logo\/image\/"}},{"@type":"Person","@id":"https:\/\/vieassociative.be\/actualites\/#\/schema\/person\/b87ac4f82f9d4e7b7cec7395b679edc4","name":"Julien","image":{"@type":"ImageObject","inLanguage":"fr-BE","@id":"https:\/\/vieassociative.be\/actualites\/#\/schema\/person\/image\/","url":"https:\/\/vieassociative.be\/actualites\/wp-content\/uploads\/2024\/09\/vie-associative-1-150x150.jpg","contentUrl":"https:\/\/vieassociative.be\/actualites\/wp-content\/uploads\/2024\/09\/vie-associative-1-150x150.jpg","caption":"Julien"},"description":"Je suis Julien, r\u00e9dacteur pour Vie Associative. Passionn\u00e9 par le monde associatif depuis plus de 10 ans, j'ai \u00e0 c\u0153ur de partager des histoires inspirantes et de mettre en lumi\u00e8re les initiatives locales. Mon objectif est de sensibiliser et d'encourager l'engagement communautaire \u00e0 travers mes articles.","sameAs":["https:\/\/vieassociative.be\/"]}]}},"_links":{"self":[{"href":"https:\/\/vieassociative.be\/actualites\/wp-json\/wp\/v2\/posts\/2855"}],"collection":[{"href":"https:\/\/vieassociative.be\/actualites\/wp-json\/wp\/v2\/posts"}],"about":[{"href":"https:\/\/vieassociative.be\/actualites\/wp-json\/wp\/v2\/types\/post"}],"author":[{"embeddable":true,"href":"https:\/\/vieassociative.be\/actualites\/wp-json\/wp\/v2\/users\/1"}],"replies":[{"embeddable":true,"href":"https:\/\/vieassociative.be\/actualites\/wp-json\/wp\/v2\/comments?post=2855"}],"version-history":[{"count":0,"href":"https:\/\/vieassociative.be\/actualites\/wp-json\/wp\/v2\/posts\/2855\/revisions"}],"wp:featuredmedia":[{"embeddable":true,"href":"https:\/\/vieassociative.be\/actualites\/wp-json\/wp\/v2\/media\/2856"}],"wp:attachment":[{"href":"https:\/\/vieassociative.be\/actualites\/wp-json\/wp\/v2\/media?parent=2855"}],"wp:term":[{"taxonomy":"category","embeddable":true,"href":"https:\/\/vieassociative.be\/actualites\/wp-json\/wp\/v2\/categories?post=2855"},{"taxonomy":"post_tag","embeddable":true,"href":"https:\/\/vieassociative.be\/actualites\/wp-json\/wp\/v2\/tags?post=2855"}],"curies":[{"name":"wp","href":"https:\/\/api.w.org\/{rel}","templated":true}]}}