{"id":2848,"date":"2024-11-28T09:17:02","date_gmt":"2024-11-28T08:17:02","guid":{"rendered":"https:\/\/vieassociative.be\/actualites\/interdiction-des-telephones-portables-et-des-ordinateurs-portables-pour-les-seances-parlementaires\/"},"modified":"2024-11-28T09:17:02","modified_gmt":"2024-11-28T08:17:02","slug":"interdiction-des-telephones-portables-et-des-ordinateurs-portables-pour-les-seances-parlementaires","status":"publish","type":"post","link":"https:\/\/vieassociative.be\/actualites\/interdiction-des-telephones-portables-et-des-ordinateurs-portables-pour-les-seances-parlementaires\/","title":{"rendered":"Interdiction des t\u00e9l\u00e9phones portables et des ordinateurs portables pour les s\u00e9ances parlementaires ?"},"content":{"rendered":"<p><strong>La semaine derni\u00e8re, le ministre de l&rsquo;\u00c9ducation J\u00e9r\u00f4me Franssen (CSP) a annonc\u00e9 qu&rsquo;une interdiction des t\u00e9l\u00e9phones portables serait introduite dans toutes les \u00e9coles primaires et secondaires de la DG \u00e0 partir de septembre 2025. L&rsquo;annonce a suscit\u00e9 des discussions controvers\u00e9es.<\/strong><\/p>\n<p><span id=\"more-402731\"><\/span>Sur le forum \u00ab Ostbelgien Direkt \u00bb, un lecteur a \u00e9crit : \u00ab Si l\u2019utilisation du t\u00e9l\u00e9phone portable est si mauvaise, alors il faut \u00e9galement l\u2019interdire au travail et notamment au Parlement. \u00bb<\/p>\n<p>La question des smartphones et surtout des ordinateurs portables utilis\u00e9s lors d&rsquo;une s\u00e9ance pl\u00e9ni\u00e8re de la DG Parlement n&rsquo;est pas nouvelle. \u00ab Ostbelgien Direkt \u00bb a abord\u00e9 le sujet d\u00e8s juin 2017. Titre de l&rsquo;article : \u00ab A la DG Parlement il y a des auditeurs, des pseudo-auditeurs et des non-auditeurs \u00bb.<\/p>\n<div id=\"attachment_402740\" class=\"wp-caption alignleft\" style=\"max-width: 300px\"><img fetchpriority=\"high\" decoding=\"async\" class=\"wp-image-402740 size-medium\" src=\"https:\/\/vieassociative.be\/actualites\/wp-content\/uploads\/2024\/11\/Interdiction-des-telephones-portables-et-des-ordinateurs-portables-pour-les.jpg\" alt=\"\" width=\"300\" height=\"288\"><\/p>\n<p class=\"wp-caption-text\">Faut-il interdire les t\u00e9l\u00e9phones portables et les ordinateurs portables pendant les sessions parlementaires ? Photo : Shutterstock<\/p>\n<\/div>\n<p>En effet, il n&rsquo;est pas rare d&rsquo;avoir l&rsquo;impression que personne n&rsquo;\u00e9coute le d\u00e9put\u00e9 au pupitre, car certains peuvent seulement faire semblant d&rsquo;\u00e9couter (surtout lorsqu&rsquo;un coll\u00e8gue du parti parle) et d&rsquo;autres regardent leur smartphone ou leur ordinateur portable.<\/p>\n<p>La question de savoir si les smartphones et les ordinateurs portables devraient \u00eatre interdits pendant les sessions parlementaires n\u2019a jamais \u00e9t\u00e9 un probl\u00e8me. Cela n\u2019est arriv\u00e9 qu\u2019une seule fois. En octobre 2020, Jolyn Huppertz, alors d\u00e9put\u00e9e du CSP, s&rsquo;est plainte du pr\u00e9sident du Parlement Karl-Heinz Lambertz (SP), qui avait tenu son t\u00e9l\u00e9phone portable contre son oreille pendant plusieurs minutes lors d&rsquo;un discours de la d\u00e9put\u00e9e Diana Stiel (Vivant) lors de la s\u00e9ance pl\u00e9ni\u00e8re du 12 octobre. , 2020. Alors que la s\u00e9ance pl\u00e9ni\u00e8re se poursuivait, Huppertz a fait remarquer \u00e0 Lambertz qu&rsquo;elle consid\u00e9rait son comportement comme irrespectueux et le d\u00e9sapprouvait. (cr\u00e9er)<\/p>\n<p><em><strong>Sur le sujet, voir aussi l&rsquo;article suivant sur l&rsquo;OD :<\/strong><\/em><\/p>\n<div class=\"responsive-embed widescreen\">\n<blockquote class=\"wp-embedded-content\" data-secret=\"GmzIUJm8SC\">\n<p>\u00c9loges de Vivant et critiques de la jeunesse ProDG pour l&rsquo;interdiction g\u00e9n\u00e9rale des t\u00e9l\u00e9phones portables dans les \u00e9coles de la DG \u00e0 partir de 2025<\/p>\n<\/blockquote>\n<p><iframe loading=\"lazy\" class=\"wp-embedded-content\" sandbox=\"allow-scripts\" security=\"restricted\" style=\"position: absolute; visibility: hidden;\" title=\"\u201eLob von Vivant und Kritik von der ProDG-Jugend f\u00fcr das allgemeine Handyverbot in DG-Schulen ab 2025\u201c \u2014 Ostbelgien Direkt\" src=\"https:\/\/ostbelgiendirekt.be\/about:blank\" data-secret=\"GmzIUJm8SC\" width=\"500\" height=\"282\" frameborder=\"0\" marginwidth=\"0\" marginheight=\"0\" scrolling=\"no\" data-rocket-lazyload=\"fitvidscompatible\" data-lazy-src=\"https:\/\/ostbelgiendirekt.be\/ab-september-2025-handyverbot-402372\/embed#?secret=fxSL4oAJtp#?secret=GmzIUJm8SC\"><\/iframe><noscript><iframe class=\"wp-embedded-content\" sandbox=\"allow-scripts\" security=\"restricted\" style=\"position: absolute; visibility: hidden;\" title=\"\u201eLob von Vivant und Kritik von der ProDG-Jugend f\u00fcr das allgemeine Handyverbot in DG-Schulen ab 2025\u201c \u2014 Ostbelgien Direkt\" src=\"https:\/\/ostbelgiendirekt.be\/ab-september-2025-handyverbot-402372\/embed#?secret=fxSL4oAJtp#?secret=GmzIUJm8SC\" data-secret=\"GmzIUJm8SC\" width=\"500\" height=\"282\" frameborder=\"0\" marginwidth=\"0\" marginheight=\"0\" scrolling=\"no\"><\/iframe><\/noscript><\/p>\n<\/div>\n","protected":false},"excerpt":{"rendered":"<p>La semaine derni\u00e8re, le ministre de l&rsquo;\u00c9ducation J\u00e9r\u00f4me Franssen (CSP) a annonc\u00e9 qu&rsquo;une interdiction des t\u00e9l\u00e9phones portables serait introduite dans toutes les \u00e9coles primaires et<\/p>\n","protected":false},"author":1,"featured_media":2849,"comment_status":"","ping_status":"","sticky":false,"template":"","format":"standard","meta":{"footnotes":""},"categories":[298],"tags":[29,3574,14,3414,3575,427,81,2041,3407],"class_list":["post-2848","post","type-post","status-publish","format-standard","has-post-thumbnail","hentry","category-belgique","tag-des","tag-interdiction","tag-les","tag-ordinateurs","tag-parlementaires","tag-portables","tag-pour","tag-seances","tag-telephones","generate-columns","tablet-grid-50","mobile-grid-100","grid-parent","grid-33"],"yoast_head":"<!-- This site is optimized with the Yoast SEO plugin v24.0 - https:\/\/yoast.com\/wordpress\/plugins\/seo\/ -->\n<title>Interdiction des t\u00e9l\u00e9phones portables et des ordinateurs portables pour les s\u00e9ances parlementaires ? | Vie Associative<\/title>\n<meta name=\"robots\" content=\"index, follow, max-snippet:-1, max-image-preview:large, max-video-preview:-1\" \/>\n<link rel=\"canonical\" href=\"https:\/\/vieassociative.be\/actualites\/interdiction-des-telephones-portables-et-des-ordinateurs-portables-pour-les-seances-parlementaires\/\" \/>\n<meta property=\"og:locale\" content=\"fr_FR\" \/>\n<meta property=\"og:type\" content=\"article\" \/>\n<meta property=\"og:title\" content=\"Interdiction des t\u00e9l\u00e9phones portables et des ordinateurs portables pour les s\u00e9ances parlementaires ? | Vie Associative\" \/>\n<meta property=\"og:description\" content=\"La semaine derni\u00e8re, le ministre de l&rsquo;\u00c9ducation J\u00e9r\u00f4me Franssen (CSP) a annonc\u00e9 qu&rsquo;une interdiction des t\u00e9l\u00e9phones portables serait introduite dans toutes les \u00e9coles primaires et\" \/>\n<meta property=\"og:url\" content=\"https:\/\/vieassociative.be\/actualites\/interdiction-des-telephones-portables-et-des-ordinateurs-portables-pour-les-seances-parlementaires\/\" \/>\n<meta property=\"og:site_name\" content=\"Vie Associative\" \/>\n<meta property=\"article:published_time\" content=\"2024-11-28T08:17:02+00:00\" \/>\n<meta property=\"og:image\" content=\"https:\/\/vieassociative.be\/actualites\/wp-content\/uploads\/2024\/11\/Interdiction-des-telephones-portables-et-des-ordinateurs-portables-pour-les.jpg\" \/>\n<meta name=\"author\" content=\"Julien\" \/>\n<meta name=\"twitter:card\" content=\"summary_large_image\" \/>\n<meta name=\"twitter:label1\" content=\"\u00c9crit par\" \/>\n\t<meta name=\"twitter:data1\" content=\"Julien\" \/>\n\t<meta name=\"twitter:label2\" content=\"Dur\u00e9e de lecture est.\" \/>\n\t<meta name=\"twitter:data2\" content=\"2 minutes\" \/>\n<script type=\"application\/ld+json\" class=\"yoast-schema-graph\">{\"@context\":\"https:\/\/schema.org\",\"@graph\":[{\"@type\":\"Article\",\"@id\":\"https:\/\/vieassociative.be\/actualites\/interdiction-des-telephones-portables-et-des-ordinateurs-portables-pour-les-seances-parlementaires\/#article\",\"isPartOf\":{\"@id\":\"https:\/\/vieassociative.be\/actualites\/interdiction-des-telephones-portables-et-des-ordinateurs-portables-pour-les-seances-parlementaires\/\"},\"author\":{\"name\":\"Julien\",\"@id\":\"https:\/\/vieassociative.be\/actualites\/#\/schema\/person\/b87ac4f82f9d4e7b7cec7395b679edc4\"},\"headline\":\"Interdiction des t\u00e9l\u00e9phones portables et des ordinateurs portables pour les s\u00e9ances parlementaires ?\",\"datePublished\":\"2024-11-28T08:17:02+00:00\",\"dateModified\":\"2024-11-28T08:17:02+00:00\",\"mainEntityOfPage\":{\"@id\":\"https:\/\/vieassociative.be\/actualites\/interdiction-des-telephones-portables-et-des-ordinateurs-portables-pour-les-seances-parlementaires\/\"},\"wordCount\":369,\"publisher\":{\"@id\":\"https:\/\/vieassociative.be\/actualites\/#organization\"},\"image\":{\"@id\":\"https:\/\/vieassociative.be\/actualites\/interdiction-des-telephones-portables-et-des-ordinateurs-portables-pour-les-seances-parlementaires\/#primaryimage\"},\"thumbnailUrl\":\"https:\/\/vieassociative.be\/actualites\/wp-content\/uploads\/2024\/11\/1732781822_Interdiction-des-telephones-portables-et-des-ordinateurs-portables-pour-les.jpg\",\"keywords\":[\"Des\",\"Interdiction\",\"Les\",\"ordinateurs\",\"parlementaires\",\"portables\",\"pour\",\"s\u00e9ances\",\"t\u00e9l\u00e9phones\"],\"articleSection\":[\"Belgique\"],\"inLanguage\":\"fr-BE\"},{\"@type\":\"WebPage\",\"@id\":\"https:\/\/vieassociative.be\/actualites\/interdiction-des-telephones-portables-et-des-ordinateurs-portables-pour-les-seances-parlementaires\/\",\"url\":\"https:\/\/vieassociative.be\/actualites\/interdiction-des-telephones-portables-et-des-ordinateurs-portables-pour-les-seances-parlementaires\/\",\"name\":\"Interdiction des t\u00e9l\u00e9phones portables et des ordinateurs portables pour les s\u00e9ances parlementaires ? | Vie Associative\",\"isPartOf\":{\"@id\":\"https:\/\/vieassociative.be\/actualites\/#website\"},\"primaryImageOfPage\":{\"@id\":\"https:\/\/vieassociative.be\/actualites\/interdiction-des-telephones-portables-et-des-ordinateurs-portables-pour-les-seances-parlementaires\/#primaryimage\"},\"image\":{\"@id\":\"https:\/\/vieassociative.be\/actualites\/interdiction-des-telephones-portables-et-des-ordinateurs-portables-pour-les-seances-parlementaires\/#primaryimage\"},\"thumbnailUrl\":\"https:\/\/vieassociative.be\/actualites\/wp-content\/uploads\/2024\/11\/1732781822_Interdiction-des-telephones-portables-et-des-ordinateurs-portables-pour-les.jpg\",\"datePublished\":\"2024-11-28T08:17:02+00:00\",\"dateModified\":\"2024-11-28T08:17:02+00:00\",\"breadcrumb\":{\"@id\":\"https:\/\/vieassociative.be\/actualites\/interdiction-des-telephones-portables-et-des-ordinateurs-portables-pour-les-seances-parlementaires\/#breadcrumb\"},\"inLanguage\":\"fr-BE\",\"potentialAction\":[{\"@type\":\"ReadAction\",\"target\":[\"https:\/\/vieassociative.be\/actualites\/interdiction-des-telephones-portables-et-des-ordinateurs-portables-pour-les-seances-parlementaires\/\"]}]},{\"@type\":\"ImageObject\",\"inLanguage\":\"fr-BE\",\"@id\":\"https:\/\/vieassociative.be\/actualites\/interdiction-des-telephones-portables-et-des-ordinateurs-portables-pour-les-seances-parlementaires\/#primaryimage\",\"url\":\"https:\/\/vieassociative.be\/actualites\/wp-content\/uploads\/2024\/11\/1732781822_Interdiction-des-telephones-portables-et-des-ordinateurs-portables-pour-les.jpg\",\"contentUrl\":\"https:\/\/vieassociative.be\/actualites\/wp-content\/uploads\/2024\/11\/1732781822_Interdiction-des-telephones-portables-et-des-ordinateurs-portables-pour-les.jpg\",\"width\":1200,\"height\":800,\"caption\":\"Interdiction des t\u00e9l\u00e9phones portables et des ordinateurs portables pour les s\u00e9ances parlementaires ?\"},{\"@type\":\"BreadcrumbList\",\"@id\":\"https:\/\/vieassociative.be\/actualites\/interdiction-des-telephones-portables-et-des-ordinateurs-portables-pour-les-seances-parlementaires\/#breadcrumb\",\"itemListElement\":[{\"@type\":\"ListItem\",\"position\":1,\"name\":\"Accueil\",\"item\":\"https:\/\/vieassociative.be\/actualites\/\"},{\"@type\":\"ListItem\",\"position\":2,\"name\":\"Interdiction des t\u00e9l\u00e9phones portables et des ordinateurs portables pour les s\u00e9ances parlementaires ?\"}]},{\"@type\":\"WebSite\",\"@id\":\"https:\/\/vieassociative.be\/actualites\/#website\",\"url\":\"https:\/\/vieassociative.be\/actualites\/\",\"name\":\"Vie Associative\",\"description\":\"\",\"publisher\":{\"@id\":\"https:\/\/vieassociative.be\/actualites\/#organization\"},\"potentialAction\":[{\"@type\":\"SearchAction\",\"target\":{\"@type\":\"EntryPoint\",\"urlTemplate\":\"https:\/\/vieassociative.be\/actualites\/?s={search_term_string}\"},\"query-input\":{\"@type\":\"PropertyValueSpecification\",\"valueRequired\":true,\"valueName\":\"search_term_string\"}}],\"inLanguage\":\"fr-BE\"},{\"@type\":\"Organization\",\"@id\":\"https:\/\/vieassociative.be\/actualites\/#organization\",\"name\":\"Vie Associative\",\"url\":\"https:\/\/vieassociative.be\/actualites\/\",\"logo\":{\"@type\":\"ImageObject\",\"inLanguage\":\"fr-BE\",\"@id\":\"https:\/\/vieassociative.be\/actualites\/#\/schema\/logo\/image\/\",\"url\":\"https:\/\/vieassociative.be\/actualites\/wp-content\/uploads\/2024\/09\/cropped-vieassociative_favicon.ico.png\",\"contentUrl\":\"https:\/\/vieassociative.be\/actualites\/wp-content\/uploads\/2024\/09\/cropped-vieassociative_favicon.ico.png\",\"width\":512,\"height\":512,\"caption\":\"Vie Associative\"},\"image\":{\"@id\":\"https:\/\/vieassociative.be\/actualites\/#\/schema\/logo\/image\/\"}},{\"@type\":\"Person\",\"@id\":\"https:\/\/vieassociative.be\/actualites\/#\/schema\/person\/b87ac4f82f9d4e7b7cec7395b679edc4\",\"name\":\"Julien\",\"image\":{\"@type\":\"ImageObject\",\"inLanguage\":\"fr-BE\",\"@id\":\"https:\/\/vieassociative.be\/actualites\/#\/schema\/person\/image\/\",\"url\":\"https:\/\/vieassociative.be\/actualites\/wp-content\/uploads\/2024\/09\/vie-associative-1-150x150.jpg\",\"contentUrl\":\"https:\/\/vieassociative.be\/actualites\/wp-content\/uploads\/2024\/09\/vie-associative-1-150x150.jpg\",\"caption\":\"Julien\"},\"description\":\"Je suis Julien, r\u00e9dacteur pour Vie Associative. Passionn\u00e9 par le monde associatif depuis plus de 10 ans, j'ai \u00e0 c\u0153ur de partager des histoires inspirantes et de mettre en lumi\u00e8re les initiatives locales. Mon objectif est de sensibiliser et d'encourager l'engagement communautaire \u00e0 travers mes articles.\",\"sameAs\":[\"https:\/\/vieassociative.be\/\"]}]}<\/script>\n<!-- \/ Yoast SEO plugin. -->","yoast_head_json":{"title":"Interdiction des t\u00e9l\u00e9phones portables et des ordinateurs portables pour les s\u00e9ances parlementaires ? | Vie Associative","robots":{"index":"index","follow":"follow","max-snippet":"max-snippet:-1","max-image-preview":"max-image-preview:large","max-video-preview":"max-video-preview:-1"},"canonical":"https:\/\/vieassociative.be\/actualites\/interdiction-des-telephones-portables-et-des-ordinateurs-portables-pour-les-seances-parlementaires\/","og_locale":"fr_FR","og_type":"article","og_title":"Interdiction des t\u00e9l\u00e9phones portables et des ordinateurs portables pour les s\u00e9ances parlementaires ? | Vie Associative","og_description":"La semaine derni\u00e8re, le ministre de l&rsquo;\u00c9ducation J\u00e9r\u00f4me Franssen (CSP) a annonc\u00e9 qu&rsquo;une interdiction des t\u00e9l\u00e9phones portables serait introduite dans toutes les \u00e9coles primaires et","og_url":"https:\/\/vieassociative.be\/actualites\/interdiction-des-telephones-portables-et-des-ordinateurs-portables-pour-les-seances-parlementaires\/","og_site_name":"Vie Associative","article_published_time":"2024-11-28T08:17:02+00:00","og_image":[{"url":"https:\/\/vieassociative.be\/actualites\/wp-content\/uploads\/2024\/11\/Interdiction-des-telephones-portables-et-des-ordinateurs-portables-pour-les.jpg","type":"","width":"","height":""}],"author":"Julien","twitter_card":"summary_large_image","twitter_misc":{"\u00c9crit par":"Julien","Dur\u00e9e de lecture est.":"2 minutes"},"schema":{"@context":"https:\/\/schema.org","@graph":[{"@type":"Article","@id":"https:\/\/vieassociative.be\/actualites\/interdiction-des-telephones-portables-et-des-ordinateurs-portables-pour-les-seances-parlementaires\/#article","isPartOf":{"@id":"https:\/\/vieassociative.be\/actualites\/interdiction-des-telephones-portables-et-des-ordinateurs-portables-pour-les-seances-parlementaires\/"},"author":{"name":"Julien","@id":"https:\/\/vieassociative.be\/actualites\/#\/schema\/person\/b87ac4f82f9d4e7b7cec7395b679edc4"},"headline":"Interdiction des t\u00e9l\u00e9phones portables et des ordinateurs portables pour les s\u00e9ances parlementaires ?","datePublished":"2024-11-28T08:17:02+00:00","dateModified":"2024-11-28T08:17:02+00:00","mainEntityOfPage":{"@id":"https:\/\/vieassociative.be\/actualites\/interdiction-des-telephones-portables-et-des-ordinateurs-portables-pour-les-seances-parlementaires\/"},"wordCount":369,"publisher":{"@id":"https:\/\/vieassociative.be\/actualites\/#organization"},"image":{"@id":"https:\/\/vieassociative.be\/actualites\/interdiction-des-telephones-portables-et-des-ordinateurs-portables-pour-les-seances-parlementaires\/#primaryimage"},"thumbnailUrl":"https:\/\/vieassociative.be\/actualites\/wp-content\/uploads\/2024\/11\/1732781822_Interdiction-des-telephones-portables-et-des-ordinateurs-portables-pour-les.jpg","keywords":["Des","Interdiction","Les","ordinateurs","parlementaires","portables","pour","s\u00e9ances","t\u00e9l\u00e9phones"],"articleSection":["Belgique"],"inLanguage":"fr-BE"},{"@type":"WebPage","@id":"https:\/\/vieassociative.be\/actualites\/interdiction-des-telephones-portables-et-des-ordinateurs-portables-pour-les-seances-parlementaires\/","url":"https:\/\/vieassociative.be\/actualites\/interdiction-des-telephones-portables-et-des-ordinateurs-portables-pour-les-seances-parlementaires\/","name":"Interdiction des t\u00e9l\u00e9phones portables et des ordinateurs portables pour les s\u00e9ances parlementaires ? | Vie Associative","isPartOf":{"@id":"https:\/\/vieassociative.be\/actualites\/#website"},"primaryImageOfPage":{"@id":"https:\/\/vieassociative.be\/actualites\/interdiction-des-telephones-portables-et-des-ordinateurs-portables-pour-les-seances-parlementaires\/#primaryimage"},"image":{"@id":"https:\/\/vieassociative.be\/actualites\/interdiction-des-telephones-portables-et-des-ordinateurs-portables-pour-les-seances-parlementaires\/#primaryimage"},"thumbnailUrl":"https:\/\/vieassociative.be\/actualites\/wp-content\/uploads\/2024\/11\/1732781822_Interdiction-des-telephones-portables-et-des-ordinateurs-portables-pour-les.jpg","datePublished":"2024-11-28T08:17:02+00:00","dateModified":"2024-11-28T08:17:02+00:00","breadcrumb":{"@id":"https:\/\/vieassociative.be\/actualites\/interdiction-des-telephones-portables-et-des-ordinateurs-portables-pour-les-seances-parlementaires\/#breadcrumb"},"inLanguage":"fr-BE","potentialAction":[{"@type":"ReadAction","target":["https:\/\/vieassociative.be\/actualites\/interdiction-des-telephones-portables-et-des-ordinateurs-portables-pour-les-seances-parlementaires\/"]}]},{"@type":"ImageObject","inLanguage":"fr-BE","@id":"https:\/\/vieassociative.be\/actualites\/interdiction-des-telephones-portables-et-des-ordinateurs-portables-pour-les-seances-parlementaires\/#primaryimage","url":"https:\/\/vieassociative.be\/actualites\/wp-content\/uploads\/2024\/11\/1732781822_Interdiction-des-telephones-portables-et-des-ordinateurs-portables-pour-les.jpg","contentUrl":"https:\/\/vieassociative.be\/actualites\/wp-content\/uploads\/2024\/11\/1732781822_Interdiction-des-telephones-portables-et-des-ordinateurs-portables-pour-les.jpg","width":1200,"height":800,"caption":"Interdiction des t\u00e9l\u00e9phones portables et des ordinateurs portables pour les s\u00e9ances parlementaires ?"},{"@type":"BreadcrumbList","@id":"https:\/\/vieassociative.be\/actualites\/interdiction-des-telephones-portables-et-des-ordinateurs-portables-pour-les-seances-parlementaires\/#breadcrumb","itemListElement":[{"@type":"ListItem","position":1,"name":"Accueil","item":"https:\/\/vieassociative.be\/actualites\/"},{"@type":"ListItem","position":2,"name":"Interdiction des t\u00e9l\u00e9phones portables et des ordinateurs portables pour les s\u00e9ances parlementaires ?"}]},{"@type":"WebSite","@id":"https:\/\/vieassociative.be\/actualites\/#website","url":"https:\/\/vieassociative.be\/actualites\/","name":"Vie Associative","description":"","publisher":{"@id":"https:\/\/vieassociative.be\/actualites\/#organization"},"potentialAction":[{"@type":"SearchAction","target":{"@type":"EntryPoint","urlTemplate":"https:\/\/vieassociative.be\/actualites\/?s={search_term_string}"},"query-input":{"@type":"PropertyValueSpecification","valueRequired":true,"valueName":"search_term_string"}}],"inLanguage":"fr-BE"},{"@type":"Organization","@id":"https:\/\/vieassociative.be\/actualites\/#organization","name":"Vie Associative","url":"https:\/\/vieassociative.be\/actualites\/","logo":{"@type":"ImageObject","inLanguage":"fr-BE","@id":"https:\/\/vieassociative.be\/actualites\/#\/schema\/logo\/image\/","url":"https:\/\/vieassociative.be\/actualites\/wp-content\/uploads\/2024\/09\/cropped-vieassociative_favicon.ico.png","contentUrl":"https:\/\/vieassociative.be\/actualites\/wp-content\/uploads\/2024\/09\/cropped-vieassociative_favicon.ico.png","width":512,"height":512,"caption":"Vie Associative"},"image":{"@id":"https:\/\/vieassociative.be\/actualites\/#\/schema\/logo\/image\/"}},{"@type":"Person","@id":"https:\/\/vieassociative.be\/actualites\/#\/schema\/person\/b87ac4f82f9d4e7b7cec7395b679edc4","name":"Julien","image":{"@type":"ImageObject","inLanguage":"fr-BE","@id":"https:\/\/vieassociative.be\/actualites\/#\/schema\/person\/image\/","url":"https:\/\/vieassociative.be\/actualites\/wp-content\/uploads\/2024\/09\/vie-associative-1-150x150.jpg","contentUrl":"https:\/\/vieassociative.be\/actualites\/wp-content\/uploads\/2024\/09\/vie-associative-1-150x150.jpg","caption":"Julien"},"description":"Je suis Julien, r\u00e9dacteur pour Vie Associative. Passionn\u00e9 par le monde associatif depuis plus de 10 ans, j'ai \u00e0 c\u0153ur de partager des histoires inspirantes et de mettre en lumi\u00e8re les initiatives locales. Mon objectif est de sensibiliser et d'encourager l'engagement communautaire \u00e0 travers mes articles.","sameAs":["https:\/\/vieassociative.be\/"]}]}},"_links":{"self":[{"href":"https:\/\/vieassociative.be\/actualites\/wp-json\/wp\/v2\/posts\/2848"}],"collection":[{"href":"https:\/\/vieassociative.be\/actualites\/wp-json\/wp\/v2\/posts"}],"about":[{"href":"https:\/\/vieassociative.be\/actualites\/wp-json\/wp\/v2\/types\/post"}],"author":[{"embeddable":true,"href":"https:\/\/vieassociative.be\/actualites\/wp-json\/wp\/v2\/users\/1"}],"replies":[{"embeddable":true,"href":"https:\/\/vieassociative.be\/actualites\/wp-json\/wp\/v2\/comments?post=2848"}],"version-history":[{"count":0,"href":"https:\/\/vieassociative.be\/actualites\/wp-json\/wp\/v2\/posts\/2848\/revisions"}],"wp:featuredmedia":[{"embeddable":true,"href":"https:\/\/vieassociative.be\/actualites\/wp-json\/wp\/v2\/media\/2849"}],"wp:attachment":[{"href":"https:\/\/vieassociative.be\/actualites\/wp-json\/wp\/v2\/media?parent=2848"}],"wp:term":[{"taxonomy":"category","embeddable":true,"href":"https:\/\/vieassociative.be\/actualites\/wp-json\/wp\/v2\/categories?post=2848"},{"taxonomy":"post_tag","embeddable":true,"href":"https:\/\/vieassociative.be\/actualites\/wp-json\/wp\/v2\/tags?post=2848"}],"curies":[{"name":"wp","href":"https:\/\/api.w.org\/{rel}","templated":true}]}}