{"id":2844,"date":"2024-11-28T07:20:20","date_gmt":"2024-11-28T06:20:20","guid":{"rendered":"https:\/\/vieassociative.be\/actualites\/les-meilleurs-outils-electriques-que-vous-devriez-obtenir-chez-home-depot-pendant-le-black-friday\/"},"modified":"2024-11-28T07:20:20","modified_gmt":"2024-11-28T06:20:20","slug":"les-meilleurs-outils-electriques-que-vous-devriez-obtenir-chez-home-depot-pendant-le-black-friday","status":"publish","type":"post","link":"https:\/\/vieassociative.be\/actualites\/les-meilleurs-outils-electriques-que-vous-devriez-obtenir-chez-home-depot-pendant-le-black-friday\/","title":{"rendered":"Les meilleurs outils \u00e9lectriques que vous devriez obtenir chez Home Depot pendant le Black Friday"},"content":{"rendered":"<div class=\"mt-4 leading-6 md:mb-8\">R\u00e9alisez tous vos projets de bricolage ou cadeaux avec ces offres du Black Friday.<\/div>\n<p><\/p>\n<p>Construire votre atelier \u00e0 domicile est amusant et disposer des bons outils pour l\u2019entretien est essentiel, mais acheter tous les outils dont vous avez besoin peut co\u00fbter cher. Si vous avez des achats de No\u00ebl \u00e0 faire pour votre menuisier pr\u00e9f\u00e9r\u00e9 ou un projet particulier sur lequel vous aimeriez travailler, profitez de ces offres du Black Friday. <\/p>\n<h2 id=\"cordless-tool-kits\">Kits d&rsquo;outils sans fil<\/h2>\n<p>Si vous recherchez une trousse \u00e0 outils comprenant des piles ainsi que les outils dont vous avez besoin, vous pouvez \u00e9conomiser beaucoup en achetant un ensemble complet plut\u00f4t que des outils individuels. L\u2019ajout d\u2019une offre anticip\u00e9e du Black Friday peut rendre l\u2019achat d\u2019un kit encore moins cher. <\/p>\n<ul>\n<li>\n<p>Le kit combin\u00e9 sans fil Milwaukee 18 volts \u00e0 7 outils est en vente au prix de 499 $, soit 50 % de r\u00e9duction sur son prix r\u00e9gulier. Le kit comprend une perceuse, une visseuse \u00e0 percussion, une scie alternative, une lampe de poche, un outil multifonction oscillant, une meuleuse d&rsquo;angle, une scie circulaire, deux batteries, un chargeur de batterie et un sac \u00e0 outils.<\/p>\n<\/li>\n<li>\n<p>Le kit combin\u00e9 Milwaukee 18 volts et 5 outils est en vente au prix de 299 $, soit 50 % de r\u00e9duction sur son prix habituel. Le kit comprend une perceuse, une visseuse \u00e0 percussion, une scie alternative, une lampe de poche, une scie circulaire, une batterie de 1,5 amp\u00e8re-heure, une batterie de 3 amp\u00e8res-heure, un chargeur et un sac \u00e0 outils.<\/p>\n<\/li>\n<li>\n<p>Le kit combin\u00e9 Ridgid de 18 volts et 8 outils est en vente au prix de 299 $, soit 63 % de r\u00e9duction sur son prix r\u00e9gulier. Ce kit est livr\u00e9 avec une perceuse, une visseuse \u00e0 percussion, une lampe de poche, un brise-poussi\u00e8re, un brise-poussi\u00e8re, un souffleur de feuilles, une ponceuse orbitale al\u00e9atoire, une scie circulaire, une batterie de 2 amp\u00e8res-heure, une batterie de 4 amp\u00e8res-heure , un chargeur et un sac \u00e0 outils.<\/p>\n<\/li>\n<\/ul>\n<h2 id=\"saws\">Scies<\/h2>\n<p>Avoir la bonne scie peut vous faire gagner beaucoup de temps et d&rsquo;efforts lorsque vous travaillez sur un projet, mais les scies \u00e9lectriques sont ch\u00e8res. Home Depot propose de bonnes affaires sur des marques de confiance qui peuvent r\u00e9aliser votre projet de bricolage avec plus d&rsquo;argent en poche et moins de frustration aussi.<\/p>\n<ul>\n<li>\n<p>La scie \u00e0 onglets DeWalt \u00e0 double biseau de 12 pouces est en vente au prix de 499 $, soit 40 % de r\u00e9duction sur son prix r\u00e9gulier. La scie est livr\u00e9e avec une lame polyvalente et un support pliable pour une installation facile. <\/p>\n<\/li>\n<li>\n<p>La scie alternative sans fil Milwaukee de 18 volts est en vente au prix de 199 $, soit 67 % de r\u00e9duction sur son prix r\u00e9gulier. La scie est livr\u00e9e avec deux batteries de 5 amp\u00e8res-heure et un chargeur, ce qui en fait une bonne affaire si vous avez besoin de batteries suppl\u00e9mentaires ou si vous construisez un nouveau kit.<\/p>\n<\/li>\n<li>\n<p>La scie sauteuse sans fil Milwaukee de 18 volts est en vente au prix de 199 $, soit 67 % de r\u00e9duction sur son prix habituel. Il est livr\u00e9 avec une paire de batteries de 5 amp\u00e8res-heure et un chargeur.<\/p>\n<\/li>\n<\/ul>\n<h2 id=\"laser-levels\">Niveaux laser<\/h2>\n<p>Niveller, couper une ligne droite ou aligner des pi\u00e8ces peut \u00eatre plus simple avec un outil laser. Ces petits gadgets peuvent cependant co\u00fbter cher, alors voici quelques offres sur ces outils de pr\u00e9cision.<\/p>\n<ul>\n<li>\n<p>L&rsquo;outil laser DeWalt 20 volts a une port\u00e9e de visibilit\u00e9 de 180 pieds et est en vente au prix de 199 $, soit 50 % de r\u00e9duction sur son prix r\u00e9gulier. Il s&rsquo;agit d&rsquo;une offre r\u00e9serv\u00e9e aux outils, vous aurez donc besoin d&rsquo;une batterie DeWalt de 20 volts et d&rsquo;un chargeur pour l&rsquo;utiliser.<\/p>\n<\/li>\n<li>\n<p>Le laser aliment\u00e9 par batterie Bosch est en vente au prix de 49,97 $, soit 38 % de r\u00e9duction sur son prix habituel. Cet outil peut \u00eatre aliment\u00e9 par des piles AA ou une batterie rechargeable de 1 amp\u00e8re-heure de 3,7 volts.<\/p>\n<\/li>\n<\/ul>\n<h2 id=\"shop-vacs\">Aspirateurs d&rsquo;atelier<\/h2>\n<p>Garder votre espace de travail propre et ajouter un peu de poussi\u00e8re aux outils de votre atelier \u00e0 domicile peut \u00e9galement ajouter une couche de s\u00e9curit\u00e9. <\/p>\n<ul>\n<li>\n<p>L&rsquo;aspirateur d&rsquo;atelier Ridgid de 16 gallons, 5,0 pic, sec et humide est livr\u00e9 avec un tuyau, deux rallonges, un filtre et un large accessoire d&rsquo;aspirateur. Il est en vente au prix de 59,98 $, soit 50 % de r\u00e9duction sur son prix r\u00e9gulier.<\/p>\n<\/li>\n<li>\n<p>L&rsquo;aspirateur eau\/sec sans fil Milwaukee de 18 volts et 2 gallons est en vente au prix de 99,00 $, soit 34 % de r\u00e9duction sur son prix habituel. Cet aspirateur est livr\u00e9 avec un tuyau, deux buses de fixation et un filtre, mais pas de batterie, vous aurez donc besoin d&rsquo;une batterie Milwaukee de 18 volts.<\/p>\n<\/li>\n<li>\n<p>L&rsquo;aspirateur sec\/humide sans fil Ryobi de 18 volts et 1 gallon est en vente au prix de 49,97 $, soit 37 % de r\u00e9duction sur son prix habituel. Il s\u2019agit d\u2019une offre d\u2019outils uniquement comprenant un tuyau, un filtre et un accessoire pour crevasses. <\/p>\n<\/li>\n<\/ul>\n<div class=\"w-full mt-12 text-center sm:text-left\" x-data=\"{ showAll: false }\">\n<div class=\"flex flex-col items-center justify-between sm:px-6 sm:flex-row\">\n\t\t\t<span class=\"text-sm italic\">Les offres sont s\u00e9lectionn\u00e9es par notre \u00e9quipe commerciale<\/span><\/p><\/div>\n<\/p><\/div>\n","protected":false},"excerpt":{"rendered":"<p>R\u00e9alisez tous vos projets de bricolage ou cadeaux avec ces offres du Black Friday. Construire votre atelier \u00e0 domicile est amusant et disposer des bons<\/p>\n","protected":false},"author":1,"featured_media":2845,"comment_status":"","ping_status":"","sticky":false,"template":"","format":"standard","meta":{"footnotes":""},"categories":[40],"tags":[73,1287,1314,636,3502,1255,453,14,187,227,825,198,4],"class_list":["post-2844","post","type-post","status-publish","format-standard","has-post-thumbnail","hentry","category-maison","tag-black","tag-chez","tag-depot","tag-devriez","tag-electriques","tag-friday","tag-home","tag-les","tag-meilleurs","tag-obtenir","tag-outils","tag-pendant","tag-vous","generate-columns","tablet-grid-50","mobile-grid-100","grid-parent","grid-33"],"yoast_head":"<!-- This site is optimized with the Yoast SEO plugin v24.0 - https:\/\/yoast.com\/wordpress\/plugins\/seo\/ -->\n<title>Les meilleurs outils \u00e9lectriques que vous devriez obtenir chez Home Depot pendant le Black Friday | Vie Associative<\/title>\n<meta name=\"robots\" content=\"index, follow, max-snippet:-1, max-image-preview:large, max-video-preview:-1\" \/>\n<link rel=\"canonical\" href=\"https:\/\/vieassociative.be\/actualites\/les-meilleurs-outils-electriques-que-vous-devriez-obtenir-chez-home-depot-pendant-le-black-friday\/\" \/>\n<meta property=\"og:locale\" content=\"fr_FR\" \/>\n<meta property=\"og:type\" content=\"article\" \/>\n<meta property=\"og:title\" content=\"Les meilleurs outils \u00e9lectriques que vous devriez obtenir chez Home Depot pendant le Black Friday | Vie Associative\" \/>\n<meta property=\"og:description\" content=\"R\u00e9alisez tous vos projets de bricolage ou cadeaux avec ces offres du Black Friday. Construire votre atelier \u00e0 domicile est amusant et disposer des bons\" \/>\n<meta property=\"og:url\" content=\"https:\/\/vieassociative.be\/actualites\/les-meilleurs-outils-electriques-que-vous-devriez-obtenir-chez-home-depot-pendant-le-black-friday\/\" \/>\n<meta property=\"og:site_name\" content=\"Vie Associative\" \/>\n<meta property=\"article:published_time\" content=\"2024-11-28T06:20:20+00:00\" \/>\n<meta property=\"og:image\" content=\"https:\/\/vieassociative.be\/actualites\/wp-content\/uploads\/2024\/09\/header_backgroundk-01-e1726694325946.png\" \/>\n\t<meta property=\"og:image:width\" content=\"279\" \/>\n\t<meta property=\"og:image:height\" content=\"92\" \/>\n\t<meta property=\"og:image:type\" content=\"image\/png\" \/>\n<meta name=\"author\" content=\"Julien\" \/>\n<meta name=\"twitter:card\" content=\"summary_large_image\" \/>\n<meta name=\"twitter:label1\" content=\"\u00c9crit par\" \/>\n\t<meta name=\"twitter:data1\" content=\"Julien\" \/>\n\t<meta name=\"twitter:label2\" content=\"Dur\u00e9e de lecture est.\" \/>\n\t<meta name=\"twitter:data2\" content=\"4 minutes\" \/>\n<script type=\"application\/ld+json\" class=\"yoast-schema-graph\">{\"@context\":\"https:\/\/schema.org\",\"@graph\":[{\"@type\":\"Article\",\"@id\":\"https:\/\/vieassociative.be\/actualites\/les-meilleurs-outils-electriques-que-vous-devriez-obtenir-chez-home-depot-pendant-le-black-friday\/#article\",\"isPartOf\":{\"@id\":\"https:\/\/vieassociative.be\/actualites\/les-meilleurs-outils-electriques-que-vous-devriez-obtenir-chez-home-depot-pendant-le-black-friday\/\"},\"author\":{\"name\":\"Julien\",\"@id\":\"https:\/\/vieassociative.be\/actualites\/#\/schema\/person\/b87ac4f82f9d4e7b7cec7395b679edc4\"},\"headline\":\"Les meilleurs outils \u00e9lectriques que vous devriez obtenir chez Home Depot pendant le Black Friday\",\"datePublished\":\"2024-11-28T06:20:20+00:00\",\"dateModified\":\"2024-11-28T06:20:20+00:00\",\"mainEntityOfPage\":{\"@id\":\"https:\/\/vieassociative.be\/actualites\/les-meilleurs-outils-electriques-que-vous-devriez-obtenir-chez-home-depot-pendant-le-black-friday\/\"},\"wordCount\":837,\"publisher\":{\"@id\":\"https:\/\/vieassociative.be\/actualites\/#organization\"},\"image\":{\"@id\":\"https:\/\/vieassociative.be\/actualites\/les-meilleurs-outils-electriques-que-vous-devriez-obtenir-chez-home-depot-pendant-le-black-friday\/#primaryimage\"},\"thumbnailUrl\":\"https:\/\/vieassociative.be\/actualites\/wp-content\/uploads\/2024\/11\/Les-meilleurs-outils-electriques-que-vous-devriez-obtenir-chez-Home.png\",\"keywords\":[\"Black\",\"chez\",\"Depot\",\"devriez\",\"\u00e9lectriques\",\"Friday\",\"Home\",\"Les\",\"meilleurs\",\"obtenir\",\"outils\",\"pendant\",\"Vous\"],\"articleSection\":[\"Maison\"],\"inLanguage\":\"fr-BE\"},{\"@type\":\"WebPage\",\"@id\":\"https:\/\/vieassociative.be\/actualites\/les-meilleurs-outils-electriques-que-vous-devriez-obtenir-chez-home-depot-pendant-le-black-friday\/\",\"url\":\"https:\/\/vieassociative.be\/actualites\/les-meilleurs-outils-electriques-que-vous-devriez-obtenir-chez-home-depot-pendant-le-black-friday\/\",\"name\":\"Les meilleurs outils \u00e9lectriques que vous devriez obtenir chez Home Depot pendant le Black Friday | Vie Associative\",\"isPartOf\":{\"@id\":\"https:\/\/vieassociative.be\/actualites\/#website\"},\"primaryImageOfPage\":{\"@id\":\"https:\/\/vieassociative.be\/actualites\/les-meilleurs-outils-electriques-que-vous-devriez-obtenir-chez-home-depot-pendant-le-black-friday\/#primaryimage\"},\"image\":{\"@id\":\"https:\/\/vieassociative.be\/actualites\/les-meilleurs-outils-electriques-que-vous-devriez-obtenir-chez-home-depot-pendant-le-black-friday\/#primaryimage\"},\"thumbnailUrl\":\"https:\/\/vieassociative.be\/actualites\/wp-content\/uploads\/2024\/11\/Les-meilleurs-outils-electriques-que-vous-devriez-obtenir-chez-Home.png\",\"datePublished\":\"2024-11-28T06:20:20+00:00\",\"dateModified\":\"2024-11-28T06:20:20+00:00\",\"breadcrumb\":{\"@id\":\"https:\/\/vieassociative.be\/actualites\/les-meilleurs-outils-electriques-que-vous-devriez-obtenir-chez-home-depot-pendant-le-black-friday\/#breadcrumb\"},\"inLanguage\":\"fr-BE\",\"potentialAction\":[{\"@type\":\"ReadAction\",\"target\":[\"https:\/\/vieassociative.be\/actualites\/les-meilleurs-outils-electriques-que-vous-devriez-obtenir-chez-home-depot-pendant-le-black-friday\/\"]}]},{\"@type\":\"ImageObject\",\"inLanguage\":\"fr-BE\",\"@id\":\"https:\/\/vieassociative.be\/actualites\/les-meilleurs-outils-electriques-que-vous-devriez-obtenir-chez-home-depot-pendant-le-black-friday\/#primaryimage\",\"url\":\"https:\/\/vieassociative.be\/actualites\/wp-content\/uploads\/2024\/11\/Les-meilleurs-outils-electriques-que-vous-devriez-obtenir-chez-Home.png\",\"contentUrl\":\"https:\/\/vieassociative.be\/actualites\/wp-content\/uploads\/2024\/11\/Les-meilleurs-outils-electriques-que-vous-devriez-obtenir-chez-Home.png\",\"width\":1200,\"height\":675,\"caption\":\"Les meilleurs outils \u00e9lectriques que vous devriez obtenir chez Home Depot pendant le Black Friday\"},{\"@type\":\"BreadcrumbList\",\"@id\":\"https:\/\/vieassociative.be\/actualites\/les-meilleurs-outils-electriques-que-vous-devriez-obtenir-chez-home-depot-pendant-le-black-friday\/#breadcrumb\",\"itemListElement\":[{\"@type\":\"ListItem\",\"position\":1,\"name\":\"Accueil\",\"item\":\"https:\/\/vieassociative.be\/actualites\/\"},{\"@type\":\"ListItem\",\"position\":2,\"name\":\"Les meilleurs outils \u00e9lectriques que vous devriez obtenir chez Home Depot pendant le Black Friday\"}]},{\"@type\":\"WebSite\",\"@id\":\"https:\/\/vieassociative.be\/actualites\/#website\",\"url\":\"https:\/\/vieassociative.be\/actualites\/\",\"name\":\"Vie Associative\",\"description\":\"\",\"publisher\":{\"@id\":\"https:\/\/vieassociative.be\/actualites\/#organization\"},\"potentialAction\":[{\"@type\":\"SearchAction\",\"target\":{\"@type\":\"EntryPoint\",\"urlTemplate\":\"https:\/\/vieassociative.be\/actualites\/?s={search_term_string}\"},\"query-input\":{\"@type\":\"PropertyValueSpecification\",\"valueRequired\":true,\"valueName\":\"search_term_string\"}}],\"inLanguage\":\"fr-BE\"},{\"@type\":\"Organization\",\"@id\":\"https:\/\/vieassociative.be\/actualites\/#organization\",\"name\":\"Vie Associative\",\"url\":\"https:\/\/vieassociative.be\/actualites\/\",\"logo\":{\"@type\":\"ImageObject\",\"inLanguage\":\"fr-BE\",\"@id\":\"https:\/\/vieassociative.be\/actualites\/#\/schema\/logo\/image\/\",\"url\":\"https:\/\/vieassociative.be\/actualites\/wp-content\/uploads\/2024\/09\/cropped-vieassociative_favicon.ico.png\",\"contentUrl\":\"https:\/\/vieassociative.be\/actualites\/wp-content\/uploads\/2024\/09\/cropped-vieassociative_favicon.ico.png\",\"width\":512,\"height\":512,\"caption\":\"Vie Associative\"},\"image\":{\"@id\":\"https:\/\/vieassociative.be\/actualites\/#\/schema\/logo\/image\/\"}},{\"@type\":\"Person\",\"@id\":\"https:\/\/vieassociative.be\/actualites\/#\/schema\/person\/b87ac4f82f9d4e7b7cec7395b679edc4\",\"name\":\"Julien\",\"image\":{\"@type\":\"ImageObject\",\"inLanguage\":\"fr-BE\",\"@id\":\"https:\/\/vieassociative.be\/actualites\/#\/schema\/person\/image\/\",\"url\":\"https:\/\/vieassociative.be\/actualites\/wp-content\/uploads\/2024\/09\/vie-associative-1-150x150.jpg\",\"contentUrl\":\"https:\/\/vieassociative.be\/actualites\/wp-content\/uploads\/2024\/09\/vie-associative-1-150x150.jpg\",\"caption\":\"Julien\"},\"description\":\"Je suis Julien, r\u00e9dacteur pour Vie Associative. Passionn\u00e9 par le monde associatif depuis plus de 10 ans, j'ai \u00e0 c\u0153ur de partager des histoires inspirantes et de mettre en lumi\u00e8re les initiatives locales. Mon objectif est de sensibiliser et d'encourager l'engagement communautaire \u00e0 travers mes articles.\",\"sameAs\":[\"https:\/\/vieassociative.be\/\"]}]}<\/script>\n<!-- \/ Yoast SEO plugin. -->","yoast_head_json":{"title":"Les meilleurs outils \u00e9lectriques que vous devriez obtenir chez Home Depot pendant le Black Friday | Vie Associative","robots":{"index":"index","follow":"follow","max-snippet":"max-snippet:-1","max-image-preview":"max-image-preview:large","max-video-preview":"max-video-preview:-1"},"canonical":"https:\/\/vieassociative.be\/actualites\/les-meilleurs-outils-electriques-que-vous-devriez-obtenir-chez-home-depot-pendant-le-black-friday\/","og_locale":"fr_FR","og_type":"article","og_title":"Les meilleurs outils \u00e9lectriques que vous devriez obtenir chez Home Depot pendant le Black Friday | Vie Associative","og_description":"R\u00e9alisez tous vos projets de bricolage ou cadeaux avec ces offres du Black Friday. Construire votre atelier \u00e0 domicile est amusant et disposer des bons","og_url":"https:\/\/vieassociative.be\/actualites\/les-meilleurs-outils-electriques-que-vous-devriez-obtenir-chez-home-depot-pendant-le-black-friday\/","og_site_name":"Vie Associative","article_published_time":"2024-11-28T06:20:20+00:00","og_image":[{"width":279,"height":92,"url":"https:\/\/vieassociative.be\/actualites\/wp-content\/uploads\/2024\/09\/header_backgroundk-01-e1726694325946.png","type":"image\/png"}],"author":"Julien","twitter_card":"summary_large_image","twitter_misc":{"\u00c9crit par":"Julien","Dur\u00e9e de lecture est.":"4 minutes"},"schema":{"@context":"https:\/\/schema.org","@graph":[{"@type":"Article","@id":"https:\/\/vieassociative.be\/actualites\/les-meilleurs-outils-electriques-que-vous-devriez-obtenir-chez-home-depot-pendant-le-black-friday\/#article","isPartOf":{"@id":"https:\/\/vieassociative.be\/actualites\/les-meilleurs-outils-electriques-que-vous-devriez-obtenir-chez-home-depot-pendant-le-black-friday\/"},"author":{"name":"Julien","@id":"https:\/\/vieassociative.be\/actualites\/#\/schema\/person\/b87ac4f82f9d4e7b7cec7395b679edc4"},"headline":"Les meilleurs outils \u00e9lectriques que vous devriez obtenir chez Home Depot pendant le Black Friday","datePublished":"2024-11-28T06:20:20+00:00","dateModified":"2024-11-28T06:20:20+00:00","mainEntityOfPage":{"@id":"https:\/\/vieassociative.be\/actualites\/les-meilleurs-outils-electriques-que-vous-devriez-obtenir-chez-home-depot-pendant-le-black-friday\/"},"wordCount":837,"publisher":{"@id":"https:\/\/vieassociative.be\/actualites\/#organization"},"image":{"@id":"https:\/\/vieassociative.be\/actualites\/les-meilleurs-outils-electriques-que-vous-devriez-obtenir-chez-home-depot-pendant-le-black-friday\/#primaryimage"},"thumbnailUrl":"https:\/\/vieassociative.be\/actualites\/wp-content\/uploads\/2024\/11\/Les-meilleurs-outils-electriques-que-vous-devriez-obtenir-chez-Home.png","keywords":["Black","chez","Depot","devriez","\u00e9lectriques","Friday","Home","Les","meilleurs","obtenir","outils","pendant","Vous"],"articleSection":["Maison"],"inLanguage":"fr-BE"},{"@type":"WebPage","@id":"https:\/\/vieassociative.be\/actualites\/les-meilleurs-outils-electriques-que-vous-devriez-obtenir-chez-home-depot-pendant-le-black-friday\/","url":"https:\/\/vieassociative.be\/actualites\/les-meilleurs-outils-electriques-que-vous-devriez-obtenir-chez-home-depot-pendant-le-black-friday\/","name":"Les meilleurs outils \u00e9lectriques que vous devriez obtenir chez Home Depot pendant le Black Friday | Vie Associative","isPartOf":{"@id":"https:\/\/vieassociative.be\/actualites\/#website"},"primaryImageOfPage":{"@id":"https:\/\/vieassociative.be\/actualites\/les-meilleurs-outils-electriques-que-vous-devriez-obtenir-chez-home-depot-pendant-le-black-friday\/#primaryimage"},"image":{"@id":"https:\/\/vieassociative.be\/actualites\/les-meilleurs-outils-electriques-que-vous-devriez-obtenir-chez-home-depot-pendant-le-black-friday\/#primaryimage"},"thumbnailUrl":"https:\/\/vieassociative.be\/actualites\/wp-content\/uploads\/2024\/11\/Les-meilleurs-outils-electriques-que-vous-devriez-obtenir-chez-Home.png","datePublished":"2024-11-28T06:20:20+00:00","dateModified":"2024-11-28T06:20:20+00:00","breadcrumb":{"@id":"https:\/\/vieassociative.be\/actualites\/les-meilleurs-outils-electriques-que-vous-devriez-obtenir-chez-home-depot-pendant-le-black-friday\/#breadcrumb"},"inLanguage":"fr-BE","potentialAction":[{"@type":"ReadAction","target":["https:\/\/vieassociative.be\/actualites\/les-meilleurs-outils-electriques-que-vous-devriez-obtenir-chez-home-depot-pendant-le-black-friday\/"]}]},{"@type":"ImageObject","inLanguage":"fr-BE","@id":"https:\/\/vieassociative.be\/actualites\/les-meilleurs-outils-electriques-que-vous-devriez-obtenir-chez-home-depot-pendant-le-black-friday\/#primaryimage","url":"https:\/\/vieassociative.be\/actualites\/wp-content\/uploads\/2024\/11\/Les-meilleurs-outils-electriques-que-vous-devriez-obtenir-chez-Home.png","contentUrl":"https:\/\/vieassociative.be\/actualites\/wp-content\/uploads\/2024\/11\/Les-meilleurs-outils-electriques-que-vous-devriez-obtenir-chez-Home.png","width":1200,"height":675,"caption":"Les meilleurs outils \u00e9lectriques que vous devriez obtenir chez Home Depot pendant le Black Friday"},{"@type":"BreadcrumbList","@id":"https:\/\/vieassociative.be\/actualites\/les-meilleurs-outils-electriques-que-vous-devriez-obtenir-chez-home-depot-pendant-le-black-friday\/#breadcrumb","itemListElement":[{"@type":"ListItem","position":1,"name":"Accueil","item":"https:\/\/vieassociative.be\/actualites\/"},{"@type":"ListItem","position":2,"name":"Les meilleurs outils \u00e9lectriques que vous devriez obtenir chez Home Depot pendant le Black Friday"}]},{"@type":"WebSite","@id":"https:\/\/vieassociative.be\/actualites\/#website","url":"https:\/\/vieassociative.be\/actualites\/","name":"Vie Associative","description":"","publisher":{"@id":"https:\/\/vieassociative.be\/actualites\/#organization"},"potentialAction":[{"@type":"SearchAction","target":{"@type":"EntryPoint","urlTemplate":"https:\/\/vieassociative.be\/actualites\/?s={search_term_string}"},"query-input":{"@type":"PropertyValueSpecification","valueRequired":true,"valueName":"search_term_string"}}],"inLanguage":"fr-BE"},{"@type":"Organization","@id":"https:\/\/vieassociative.be\/actualites\/#organization","name":"Vie Associative","url":"https:\/\/vieassociative.be\/actualites\/","logo":{"@type":"ImageObject","inLanguage":"fr-BE","@id":"https:\/\/vieassociative.be\/actualites\/#\/schema\/logo\/image\/","url":"https:\/\/vieassociative.be\/actualites\/wp-content\/uploads\/2024\/09\/cropped-vieassociative_favicon.ico.png","contentUrl":"https:\/\/vieassociative.be\/actualites\/wp-content\/uploads\/2024\/09\/cropped-vieassociative_favicon.ico.png","width":512,"height":512,"caption":"Vie Associative"},"image":{"@id":"https:\/\/vieassociative.be\/actualites\/#\/schema\/logo\/image\/"}},{"@type":"Person","@id":"https:\/\/vieassociative.be\/actualites\/#\/schema\/person\/b87ac4f82f9d4e7b7cec7395b679edc4","name":"Julien","image":{"@type":"ImageObject","inLanguage":"fr-BE","@id":"https:\/\/vieassociative.be\/actualites\/#\/schema\/person\/image\/","url":"https:\/\/vieassociative.be\/actualites\/wp-content\/uploads\/2024\/09\/vie-associative-1-150x150.jpg","contentUrl":"https:\/\/vieassociative.be\/actualites\/wp-content\/uploads\/2024\/09\/vie-associative-1-150x150.jpg","caption":"Julien"},"description":"Je suis Julien, r\u00e9dacteur pour Vie Associative. Passionn\u00e9 par le monde associatif depuis plus de 10 ans, j'ai \u00e0 c\u0153ur de partager des histoires inspirantes et de mettre en lumi\u00e8re les initiatives locales. Mon objectif est de sensibiliser et d'encourager l'engagement communautaire \u00e0 travers mes articles.","sameAs":["https:\/\/vieassociative.be\/"]}]}},"_links":{"self":[{"href":"https:\/\/vieassociative.be\/actualites\/wp-json\/wp\/v2\/posts\/2844"}],"collection":[{"href":"https:\/\/vieassociative.be\/actualites\/wp-json\/wp\/v2\/posts"}],"about":[{"href":"https:\/\/vieassociative.be\/actualites\/wp-json\/wp\/v2\/types\/post"}],"author":[{"embeddable":true,"href":"https:\/\/vieassociative.be\/actualites\/wp-json\/wp\/v2\/users\/1"}],"replies":[{"embeddable":true,"href":"https:\/\/vieassociative.be\/actualites\/wp-json\/wp\/v2\/comments?post=2844"}],"version-history":[{"count":0,"href":"https:\/\/vieassociative.be\/actualites\/wp-json\/wp\/v2\/posts\/2844\/revisions"}],"wp:featuredmedia":[{"embeddable":true,"href":"https:\/\/vieassociative.be\/actualites\/wp-json\/wp\/v2\/media\/2845"}],"wp:attachment":[{"href":"https:\/\/vieassociative.be\/actualites\/wp-json\/wp\/v2\/media?parent=2844"}],"wp:term":[{"taxonomy":"category","embeddable":true,"href":"https:\/\/vieassociative.be\/actualites\/wp-json\/wp\/v2\/categories?post=2844"},{"taxonomy":"post_tag","embeddable":true,"href":"https:\/\/vieassociative.be\/actualites\/wp-json\/wp\/v2\/tags?post=2844"}],"curies":[{"name":"wp","href":"https:\/\/api.w.org\/{rel}","templated":true}]}}