{"id":2839,"date":"2024-11-28T03:17:21","date_gmt":"2024-11-28T02:17:21","guid":{"rendered":"https:\/\/vieassociative.be\/actualites\/11-bruges-prend-un-point-dans-le-chaudron-de-glasgow\/"},"modified":"2024-11-28T03:17:21","modified_gmt":"2024-11-28T02:17:21","slug":"11-bruges-prend-un-point-dans-le-chaudron-de-glasgow","status":"publish","type":"post","link":"https:\/\/vieassociative.be\/actualites\/11-bruges-prend-un-point-dans-le-chaudron-de-glasgow\/","title":{"rendered":"1:1 \u2013 Bruges prend un point dans le chaudron de Glasgow"},"content":{"rendered":"<p><strong>Le FC Bruges reste en course pour une place en barrages de la Ligue des Champions. Les champions de Belgique avaient tout entre leurs mains contre le Celtic, mais ont finalement d\u00fb se contenter d&rsquo;un nul 1-1 dans le chaudron de Glasgow.<\/strong><\/p>\n<p><span id=\"more-402796\"><\/span>L&rsquo;\u00e9quipe de Bruges a bien d\u00e9but\u00e9 le match et a mis les \u00c9cossais sous pression directe. Les premi\u00e8res occasions des Belges furent des tirs de Jutgla et Skov Olsen qui manqu\u00e8rent le cadre. Mais c&rsquo;est finalement une erreur incroyable de la d\u00e9fense du Celtic qui a permis \u00e0 Bruges de prendre l&rsquo;avantage.<\/p>\n<p>Apr\u00e8s un court lancer du gardien du Celtic Schmeichel, Bruges a imm\u00e9diatement mis la pression sur le ballon et a forc\u00e9 Carter-Vickers \u00e0 effectuer une passe en retrait \u00e0 laquelle le gardien danois ne s&rsquo;attendait pas du tout. Schmeichel fut surpris et ne put emp\u00eacher le ballon de rentrer dans le but (0:1, 26&prime;).<\/p>\n<div id=\"attachment_402807\" class=\"wp-caption alignleft\" style=\"max-width: 300px\"><img fetchpriority=\"high\" decoding=\"async\" class=\"wp-image-402807 size-medium\" src=\"https:\/\/vieassociative.be\/actualites\/wp-content\/uploads\/2024\/11\/11-\u2013-Bruges-prend-un-point-dans-le-chaudron-de.jpg\" alt=\"\" width=\"300\" height=\"204\"><\/p>\n<p class=\"wp-caption-text\">27 novembre 2024, Grande-Bretagne, Glasgow : Hans Vanaken de Bruges et Callum McGregor du Celtic (r) en action. Photo : Andrew Milligan\/PA Wire\/dpa<\/p>\n<\/div>\n<p>Au d\u00e9but de la seconde p\u00e9riode, Skov Olsen a eu deux \u00e9normes occasions de doubler le score, mais le premier tir du Danois a \u00e9t\u00e9 refus\u00e9 par son compatriote Schmeichel, tandis que, compl\u00e8tement seul dans la petite surface, il n&rsquo;a pas pu capitaliser sur le suivi. en haut. <\/p>\n<p>Au bout d&rsquo;une heure, les Brugeois ont d\u00fb \u00eatre agac\u00e9s. Maeda a domin\u00e9 Seys, est entr\u00e9 dans la surface de r\u00e9paration et a \u00e9galis\u00e9 (1:1, 60e).<\/p>\n<p>Il semblait que Bruges avait rat\u00e9 son moment et le Celtic augmentait le tempo. Dix minutes apr\u00e8s l&rsquo;\u00e9galisation, Jutgla a r\u00e9ussi \u00e0 remettre les \u00abBlauw &#038; Zwart\u00bb en t\u00eate, mais son but a \u00e9t\u00e9 refus\u00e9 en raison d&rsquo;une position de hors-jeu. Le score est finalement rest\u00e9 inchang\u00e9 car les deux \u00e9quipes ne voulaient pas trop risquer lors de la phase finale.<\/p>\n<p>Bruges occupe la 21e place du classement. Comme on le sait, les \u00e9quipes des places 1 \u00e0 8 se qualifient directement pour les huiti\u00e8mes de finale, tandis que les \u00e9quipes des places 9 \u00e0 24 disputent les s\u00e9ries \u00e9liminatoires. Tous ceux qui occupent les places 25 \u00e0 36 sont \u00e9limin\u00e9s. (cr\u00e9er)<\/p>\n","protected":false},"excerpt":{"rendered":"<p>Le FC Bruges reste en course pour une place en barrages de la Ligue des Champions. Les champions de Belgique avaient tout entre leurs mains<\/p>\n","protected":false},"author":1,"featured_media":2840,"comment_status":"","ping_status":"","sticky":false,"template":"","format":"standard","meta":{"footnotes":""},"categories":[298],"tags":[2851,3568,166,3569,174,3315],"class_list":["post-2839","post","type-post","status-publish","format-standard","has-post-thumbnail","hentry","category-belgique","tag-bruges","tag-chaudron","tag-dans","tag-glasgow","tag-point","tag-prend","generate-columns","tablet-grid-50","mobile-grid-100","grid-parent","grid-33"],"yoast_head":"<!-- This site is optimized with the Yoast SEO plugin v24.0 - https:\/\/yoast.com\/wordpress\/plugins\/seo\/ -->\n<title>1:1 \u2013 Bruges prend un point dans le chaudron de Glasgow | Vie Associative<\/title>\n<meta name=\"robots\" content=\"index, follow, max-snippet:-1, max-image-preview:large, max-video-preview:-1\" \/>\n<link rel=\"canonical\" href=\"https:\/\/vieassociative.be\/actualites\/11-bruges-prend-un-point-dans-le-chaudron-de-glasgow\/\" \/>\n<meta property=\"og:locale\" content=\"fr_FR\" \/>\n<meta property=\"og:type\" content=\"article\" \/>\n<meta property=\"og:title\" content=\"1:1 \u2013 Bruges prend un point dans le chaudron de Glasgow | Vie Associative\" \/>\n<meta property=\"og:description\" content=\"Le FC Bruges reste en course pour une place en barrages de la Ligue des Champions. Les champions de Belgique avaient tout entre leurs mains\" \/>\n<meta property=\"og:url\" content=\"https:\/\/vieassociative.be\/actualites\/11-bruges-prend-un-point-dans-le-chaudron-de-glasgow\/\" \/>\n<meta property=\"og:site_name\" content=\"Vie Associative\" \/>\n<meta property=\"article:published_time\" content=\"2024-11-28T02:17:21+00:00\" \/>\n<meta property=\"og:image\" content=\"https:\/\/vieassociative.be\/actualites\/wp-content\/uploads\/2024\/09\/header_backgroundk-01-e1726694325946.png\" \/>\n\t<meta property=\"og:image:width\" content=\"279\" \/>\n\t<meta property=\"og:image:height\" content=\"92\" \/>\n\t<meta property=\"og:image:type\" content=\"image\/png\" \/>\n<meta name=\"author\" content=\"Julien\" \/>\n<meta name=\"twitter:card\" content=\"summary_large_image\" \/>\n<meta name=\"twitter:label1\" content=\"\u00c9crit par\" \/>\n\t<meta name=\"twitter:data1\" content=\"Julien\" \/>\n\t<meta name=\"twitter:label2\" content=\"Dur\u00e9e de lecture est.\" \/>\n\t<meta name=\"twitter:data2\" content=\"2 minutes\" \/>\n<script type=\"application\/ld+json\" class=\"yoast-schema-graph\">{\"@context\":\"https:\/\/schema.org\",\"@graph\":[{\"@type\":\"Article\",\"@id\":\"https:\/\/vieassociative.be\/actualites\/11-bruges-prend-un-point-dans-le-chaudron-de-glasgow\/#article\",\"isPartOf\":{\"@id\":\"https:\/\/vieassociative.be\/actualites\/11-bruges-prend-un-point-dans-le-chaudron-de-glasgow\/\"},\"author\":{\"name\":\"Julien\",\"@id\":\"https:\/\/vieassociative.be\/actualites\/#\/schema\/person\/b87ac4f82f9d4e7b7cec7395b679edc4\"},\"headline\":\"1:1 \u2013 Bruges prend un point dans le chaudron de Glasgow\",\"datePublished\":\"2024-11-28T02:17:21+00:00\",\"dateModified\":\"2024-11-28T02:17:21+00:00\",\"mainEntityOfPage\":{\"@id\":\"https:\/\/vieassociative.be\/actualites\/11-bruges-prend-un-point-dans-le-chaudron-de-glasgow\/\"},\"wordCount\":375,\"publisher\":{\"@id\":\"https:\/\/vieassociative.be\/actualites\/#organization\"},\"image\":{\"@id\":\"https:\/\/vieassociative.be\/actualites\/11-bruges-prend-un-point-dans-le-chaudron-de-glasgow\/#primaryimage\"},\"thumbnailUrl\":\"https:\/\/vieassociative.be\/actualites\/wp-content\/uploads\/2024\/11\/1732760241_11-\u2013-Bruges-prend-un-point-dans-le-chaudron-de.jpg\",\"keywords\":[\"Bruges\",\"chaudron\",\"dans\",\"Glasgow\",\"point\",\"prend\"],\"articleSection\":[\"Belgique\"],\"inLanguage\":\"fr-BE\"},{\"@type\":\"WebPage\",\"@id\":\"https:\/\/vieassociative.be\/actualites\/11-bruges-prend-un-point-dans-le-chaudron-de-glasgow\/\",\"url\":\"https:\/\/vieassociative.be\/actualites\/11-bruges-prend-un-point-dans-le-chaudron-de-glasgow\/\",\"name\":\"1:1 \u2013 Bruges prend un point dans le chaudron de Glasgow | Vie Associative\",\"isPartOf\":{\"@id\":\"https:\/\/vieassociative.be\/actualites\/#website\"},\"primaryImageOfPage\":{\"@id\":\"https:\/\/vieassociative.be\/actualites\/11-bruges-prend-un-point-dans-le-chaudron-de-glasgow\/#primaryimage\"},\"image\":{\"@id\":\"https:\/\/vieassociative.be\/actualites\/11-bruges-prend-un-point-dans-le-chaudron-de-glasgow\/#primaryimage\"},\"thumbnailUrl\":\"https:\/\/vieassociative.be\/actualites\/wp-content\/uploads\/2024\/11\/1732760241_11-\u2013-Bruges-prend-un-point-dans-le-chaudron-de.jpg\",\"datePublished\":\"2024-11-28T02:17:21+00:00\",\"dateModified\":\"2024-11-28T02:17:21+00:00\",\"breadcrumb\":{\"@id\":\"https:\/\/vieassociative.be\/actualites\/11-bruges-prend-un-point-dans-le-chaudron-de-glasgow\/#breadcrumb\"},\"inLanguage\":\"fr-BE\",\"potentialAction\":[{\"@type\":\"ReadAction\",\"target\":[\"https:\/\/vieassociative.be\/actualites\/11-bruges-prend-un-point-dans-le-chaudron-de-glasgow\/\"]}]},{\"@type\":\"ImageObject\",\"inLanguage\":\"fr-BE\",\"@id\":\"https:\/\/vieassociative.be\/actualites\/11-bruges-prend-un-point-dans-le-chaudron-de-glasgow\/#primaryimage\",\"url\":\"https:\/\/vieassociative.be\/actualites\/wp-content\/uploads\/2024\/11\/1732760241_11-\u2013-Bruges-prend-un-point-dans-le-chaudron-de.jpg\",\"contentUrl\":\"https:\/\/vieassociative.be\/actualites\/wp-content\/uploads\/2024\/11\/1732760241_11-\u2013-Bruges-prend-un-point-dans-le-chaudron-de.jpg\",\"width\":1200,\"height\":800,\"caption\":\"1:1 \u2013 Bruges prend un point dans le chaudron de Glasgow\"},{\"@type\":\"BreadcrumbList\",\"@id\":\"https:\/\/vieassociative.be\/actualites\/11-bruges-prend-un-point-dans-le-chaudron-de-glasgow\/#breadcrumb\",\"itemListElement\":[{\"@type\":\"ListItem\",\"position\":1,\"name\":\"Accueil\",\"item\":\"https:\/\/vieassociative.be\/actualites\/\"},{\"@type\":\"ListItem\",\"position\":2,\"name\":\"1:1 \u2013 Bruges prend un point dans le chaudron de Glasgow\"}]},{\"@type\":\"WebSite\",\"@id\":\"https:\/\/vieassociative.be\/actualites\/#website\",\"url\":\"https:\/\/vieassociative.be\/actualites\/\",\"name\":\"Vie Associative\",\"description\":\"\",\"publisher\":{\"@id\":\"https:\/\/vieassociative.be\/actualites\/#organization\"},\"potentialAction\":[{\"@type\":\"SearchAction\",\"target\":{\"@type\":\"EntryPoint\",\"urlTemplate\":\"https:\/\/vieassociative.be\/actualites\/?s={search_term_string}\"},\"query-input\":{\"@type\":\"PropertyValueSpecification\",\"valueRequired\":true,\"valueName\":\"search_term_string\"}}],\"inLanguage\":\"fr-BE\"},{\"@type\":\"Organization\",\"@id\":\"https:\/\/vieassociative.be\/actualites\/#organization\",\"name\":\"Vie Associative\",\"url\":\"https:\/\/vieassociative.be\/actualites\/\",\"logo\":{\"@type\":\"ImageObject\",\"inLanguage\":\"fr-BE\",\"@id\":\"https:\/\/vieassociative.be\/actualites\/#\/schema\/logo\/image\/\",\"url\":\"https:\/\/vieassociative.be\/actualites\/wp-content\/uploads\/2024\/09\/cropped-vieassociative_favicon.ico.png\",\"contentUrl\":\"https:\/\/vieassociative.be\/actualites\/wp-content\/uploads\/2024\/09\/cropped-vieassociative_favicon.ico.png\",\"width\":512,\"height\":512,\"caption\":\"Vie Associative\"},\"image\":{\"@id\":\"https:\/\/vieassociative.be\/actualites\/#\/schema\/logo\/image\/\"}},{\"@type\":\"Person\",\"@id\":\"https:\/\/vieassociative.be\/actualites\/#\/schema\/person\/b87ac4f82f9d4e7b7cec7395b679edc4\",\"name\":\"Julien\",\"image\":{\"@type\":\"ImageObject\",\"inLanguage\":\"fr-BE\",\"@id\":\"https:\/\/vieassociative.be\/actualites\/#\/schema\/person\/image\/\",\"url\":\"https:\/\/vieassociative.be\/actualites\/wp-content\/uploads\/2024\/09\/vie-associative-1-150x150.jpg\",\"contentUrl\":\"https:\/\/vieassociative.be\/actualites\/wp-content\/uploads\/2024\/09\/vie-associative-1-150x150.jpg\",\"caption\":\"Julien\"},\"description\":\"Je suis Julien, r\u00e9dacteur pour Vie Associative. Passionn\u00e9 par le monde associatif depuis plus de 10 ans, j'ai \u00e0 c\u0153ur de partager des histoires inspirantes et de mettre en lumi\u00e8re les initiatives locales. Mon objectif est de sensibiliser et d'encourager l'engagement communautaire \u00e0 travers mes articles.\",\"sameAs\":[\"https:\/\/vieassociative.be\/\"]}]}<\/script>\n<!-- \/ Yoast SEO plugin. -->","yoast_head_json":{"title":"1:1 \u2013 Bruges prend un point dans le chaudron de Glasgow | Vie Associative","robots":{"index":"index","follow":"follow","max-snippet":"max-snippet:-1","max-image-preview":"max-image-preview:large","max-video-preview":"max-video-preview:-1"},"canonical":"https:\/\/vieassociative.be\/actualites\/11-bruges-prend-un-point-dans-le-chaudron-de-glasgow\/","og_locale":"fr_FR","og_type":"article","og_title":"1:1 \u2013 Bruges prend un point dans le chaudron de Glasgow | Vie Associative","og_description":"Le FC Bruges reste en course pour une place en barrages de la Ligue des Champions. Les champions de Belgique avaient tout entre leurs mains","og_url":"https:\/\/vieassociative.be\/actualites\/11-bruges-prend-un-point-dans-le-chaudron-de-glasgow\/","og_site_name":"Vie Associative","article_published_time":"2024-11-28T02:17:21+00:00","og_image":[{"width":279,"height":92,"url":"https:\/\/vieassociative.be\/actualites\/wp-content\/uploads\/2024\/09\/header_backgroundk-01-e1726694325946.png","type":"image\/png"}],"author":"Julien","twitter_card":"summary_large_image","twitter_misc":{"\u00c9crit par":"Julien","Dur\u00e9e de lecture est.":"2 minutes"},"schema":{"@context":"https:\/\/schema.org","@graph":[{"@type":"Article","@id":"https:\/\/vieassociative.be\/actualites\/11-bruges-prend-un-point-dans-le-chaudron-de-glasgow\/#article","isPartOf":{"@id":"https:\/\/vieassociative.be\/actualites\/11-bruges-prend-un-point-dans-le-chaudron-de-glasgow\/"},"author":{"name":"Julien","@id":"https:\/\/vieassociative.be\/actualites\/#\/schema\/person\/b87ac4f82f9d4e7b7cec7395b679edc4"},"headline":"1:1 \u2013 Bruges prend un point dans le chaudron de Glasgow","datePublished":"2024-11-28T02:17:21+00:00","dateModified":"2024-11-28T02:17:21+00:00","mainEntityOfPage":{"@id":"https:\/\/vieassociative.be\/actualites\/11-bruges-prend-un-point-dans-le-chaudron-de-glasgow\/"},"wordCount":375,"publisher":{"@id":"https:\/\/vieassociative.be\/actualites\/#organization"},"image":{"@id":"https:\/\/vieassociative.be\/actualites\/11-bruges-prend-un-point-dans-le-chaudron-de-glasgow\/#primaryimage"},"thumbnailUrl":"https:\/\/vieassociative.be\/actualites\/wp-content\/uploads\/2024\/11\/1732760241_11-\u2013-Bruges-prend-un-point-dans-le-chaudron-de.jpg","keywords":["Bruges","chaudron","dans","Glasgow","point","prend"],"articleSection":["Belgique"],"inLanguage":"fr-BE"},{"@type":"WebPage","@id":"https:\/\/vieassociative.be\/actualites\/11-bruges-prend-un-point-dans-le-chaudron-de-glasgow\/","url":"https:\/\/vieassociative.be\/actualites\/11-bruges-prend-un-point-dans-le-chaudron-de-glasgow\/","name":"1:1 \u2013 Bruges prend un point dans le chaudron de Glasgow | Vie Associative","isPartOf":{"@id":"https:\/\/vieassociative.be\/actualites\/#website"},"primaryImageOfPage":{"@id":"https:\/\/vieassociative.be\/actualites\/11-bruges-prend-un-point-dans-le-chaudron-de-glasgow\/#primaryimage"},"image":{"@id":"https:\/\/vieassociative.be\/actualites\/11-bruges-prend-un-point-dans-le-chaudron-de-glasgow\/#primaryimage"},"thumbnailUrl":"https:\/\/vieassociative.be\/actualites\/wp-content\/uploads\/2024\/11\/1732760241_11-\u2013-Bruges-prend-un-point-dans-le-chaudron-de.jpg","datePublished":"2024-11-28T02:17:21+00:00","dateModified":"2024-11-28T02:17:21+00:00","breadcrumb":{"@id":"https:\/\/vieassociative.be\/actualites\/11-bruges-prend-un-point-dans-le-chaudron-de-glasgow\/#breadcrumb"},"inLanguage":"fr-BE","potentialAction":[{"@type":"ReadAction","target":["https:\/\/vieassociative.be\/actualites\/11-bruges-prend-un-point-dans-le-chaudron-de-glasgow\/"]}]},{"@type":"ImageObject","inLanguage":"fr-BE","@id":"https:\/\/vieassociative.be\/actualites\/11-bruges-prend-un-point-dans-le-chaudron-de-glasgow\/#primaryimage","url":"https:\/\/vieassociative.be\/actualites\/wp-content\/uploads\/2024\/11\/1732760241_11-\u2013-Bruges-prend-un-point-dans-le-chaudron-de.jpg","contentUrl":"https:\/\/vieassociative.be\/actualites\/wp-content\/uploads\/2024\/11\/1732760241_11-\u2013-Bruges-prend-un-point-dans-le-chaudron-de.jpg","width":1200,"height":800,"caption":"1:1 \u2013 Bruges prend un point dans le chaudron de Glasgow"},{"@type":"BreadcrumbList","@id":"https:\/\/vieassociative.be\/actualites\/11-bruges-prend-un-point-dans-le-chaudron-de-glasgow\/#breadcrumb","itemListElement":[{"@type":"ListItem","position":1,"name":"Accueil","item":"https:\/\/vieassociative.be\/actualites\/"},{"@type":"ListItem","position":2,"name":"1:1 \u2013 Bruges prend un point dans le chaudron de Glasgow"}]},{"@type":"WebSite","@id":"https:\/\/vieassociative.be\/actualites\/#website","url":"https:\/\/vieassociative.be\/actualites\/","name":"Vie Associative","description":"","publisher":{"@id":"https:\/\/vieassociative.be\/actualites\/#organization"},"potentialAction":[{"@type":"SearchAction","target":{"@type":"EntryPoint","urlTemplate":"https:\/\/vieassociative.be\/actualites\/?s={search_term_string}"},"query-input":{"@type":"PropertyValueSpecification","valueRequired":true,"valueName":"search_term_string"}}],"inLanguage":"fr-BE"},{"@type":"Organization","@id":"https:\/\/vieassociative.be\/actualites\/#organization","name":"Vie Associative","url":"https:\/\/vieassociative.be\/actualites\/","logo":{"@type":"ImageObject","inLanguage":"fr-BE","@id":"https:\/\/vieassociative.be\/actualites\/#\/schema\/logo\/image\/","url":"https:\/\/vieassociative.be\/actualites\/wp-content\/uploads\/2024\/09\/cropped-vieassociative_favicon.ico.png","contentUrl":"https:\/\/vieassociative.be\/actualites\/wp-content\/uploads\/2024\/09\/cropped-vieassociative_favicon.ico.png","width":512,"height":512,"caption":"Vie Associative"},"image":{"@id":"https:\/\/vieassociative.be\/actualites\/#\/schema\/logo\/image\/"}},{"@type":"Person","@id":"https:\/\/vieassociative.be\/actualites\/#\/schema\/person\/b87ac4f82f9d4e7b7cec7395b679edc4","name":"Julien","image":{"@type":"ImageObject","inLanguage":"fr-BE","@id":"https:\/\/vieassociative.be\/actualites\/#\/schema\/person\/image\/","url":"https:\/\/vieassociative.be\/actualites\/wp-content\/uploads\/2024\/09\/vie-associative-1-150x150.jpg","contentUrl":"https:\/\/vieassociative.be\/actualites\/wp-content\/uploads\/2024\/09\/vie-associative-1-150x150.jpg","caption":"Julien"},"description":"Je suis Julien, r\u00e9dacteur pour Vie Associative. Passionn\u00e9 par le monde associatif depuis plus de 10 ans, j'ai \u00e0 c\u0153ur de partager des histoires inspirantes et de mettre en lumi\u00e8re les initiatives locales. Mon objectif est de sensibiliser et d'encourager l'engagement communautaire \u00e0 travers mes articles.","sameAs":["https:\/\/vieassociative.be\/"]}]}},"_links":{"self":[{"href":"https:\/\/vieassociative.be\/actualites\/wp-json\/wp\/v2\/posts\/2839"}],"collection":[{"href":"https:\/\/vieassociative.be\/actualites\/wp-json\/wp\/v2\/posts"}],"about":[{"href":"https:\/\/vieassociative.be\/actualites\/wp-json\/wp\/v2\/types\/post"}],"author":[{"embeddable":true,"href":"https:\/\/vieassociative.be\/actualites\/wp-json\/wp\/v2\/users\/1"}],"replies":[{"embeddable":true,"href":"https:\/\/vieassociative.be\/actualites\/wp-json\/wp\/v2\/comments?post=2839"}],"version-history":[{"count":0,"href":"https:\/\/vieassociative.be\/actualites\/wp-json\/wp\/v2\/posts\/2839\/revisions"}],"wp:featuredmedia":[{"embeddable":true,"href":"https:\/\/vieassociative.be\/actualites\/wp-json\/wp\/v2\/media\/2840"}],"wp:attachment":[{"href":"https:\/\/vieassociative.be\/actualites\/wp-json\/wp\/v2\/media?parent=2839"}],"wp:term":[{"taxonomy":"category","embeddable":true,"href":"https:\/\/vieassociative.be\/actualites\/wp-json\/wp\/v2\/categories?post=2839"},{"taxonomy":"post_tag","embeddable":true,"href":"https:\/\/vieassociative.be\/actualites\/wp-json\/wp\/v2\/tags?post=2839"}],"curies":[{"name":"wp","href":"https:\/\/api.w.org\/{rel}","templated":true}]}}