{"id":2837,"date":"2024-11-28T02:17:00","date_gmt":"2024-11-28T01:17:00","guid":{"rendered":"https:\/\/vieassociative.be\/actualites\/tiktok-ne-laissera-plus-les-adolescents-utiliser-les-filtres-de-beaute\/"},"modified":"2024-11-28T02:17:00","modified_gmt":"2024-11-28T01:17:00","slug":"tiktok-ne-laissera-plus-les-adolescents-utiliser-les-filtres-de-beaute","status":"publish","type":"post","link":"https:\/\/vieassociative.be\/actualites\/tiktok-ne-laissera-plus-les-adolescents-utiliser-les-filtres-de-beaute\/","title":{"rendered":"TikTok ne laissera plus les adolescents utiliser les filtres de beaut\u00e9"},"content":{"rendered":"<div class=\"mt-4 leading-6 md:mb-8\">Dites adieu \u00e0 Bold Glamour.<\/div>\n<p><\/p>\n<p>Les filtres de TikTok peuvent \u00eatre une fa\u00e7on amusante d&rsquo;interagir avec l&rsquo;application, agissant comme une peinture faciale num\u00e9rique qui peut vous faire ressembler, par exemple, \u00e0 un clown ou \u00e0 un tigre. Mais les effets visant \u00e0 amplifier la beaut\u00e9 d\u2019un utilisateur sont un sujet plus d\u00e9licat, comme le reconna\u00eet d\u00e9sormais TikTok lui-m\u00eame.<\/p>\n<p>Suite \u00e0 plus d&rsquo;une douzaine de poursuites visant la plateforme en raison de ses effets sur la sant\u00e9 mentale des adolescents, ainsi que des recherches men\u00e9es en collaboration avec l&rsquo;organisation \u00e0 but non lucratif Internet Matters bas\u00e9e \u00e0 Londres, la soci\u00e9t\u00e9 affirme d\u00e9sormais que \u00ab dans les semaines \u00e0 venir \u00bb, les utilisateurs les personnes de moins de 18 ans ne pourront pas utiliser \u00ab certains effets alt\u00e9rant leur apparence \u00bb. <\/p>\n<p>Bien que la soci\u00e9t\u00e9 affirme qu&rsquo;elle ne ciblera pas les effets \u00ab con\u00e7us pour \u00eatre \u00e9vidents ou amusants \u00bb, elle limitera les effets \u00ab con\u00e7us pour modifier votre apparence \u00bb, l&rsquo;objectif \u00e9tant d&rsquo;apaiser les craintes \u00ab que ceux qui visionnent le contenu ne se rendent pas compte qu&rsquo;il a \u00e9t\u00e9 modifi\u00e9. \u00bb<\/p>\n<p>En d\u2019autres termes, les adolescents sur TikTok pourront toujours porter des oreilles d\u2019animaux num\u00e9riques \u00e0 leur guise, mais ne pourront probablement pas utiliser de filtres de beaut\u00e9 une fois ces barri\u00e8res d\u2019\u00e2ge en place (au revoir, Bold Glamour). Alors que la nouvelle a \u00e9t\u00e9 annonc\u00e9e lors du Forum europ\u00e9en sur la s\u00e9curit\u00e9 de l&rsquo;entreprise, le Dr Nikki Soo, responsable des politiques publiques de s\u00e9curit\u00e9 et de bien-\u00eatre de TikTok pour l&rsquo;Europe, a d\u00e9clar\u00e9 \u00e0 The Verge que les restrictions \u00ab seront d\u00e9ploy\u00e9es \u00e0 l&rsquo;\u00e9chelle mondiale \u00bb.<\/p>\n<p>La soci\u00e9t\u00e9 s&rsquo;efforcera \u00e9galement de fournir plus d&rsquo;informations sur la mani\u00e8re sp\u00e9cifique dont un effet pourrait modifier l&rsquo;apparence d&rsquo;un utilisateur, bien qu&rsquo;il n&rsquo;ait pas \u00e9t\u00e9 pr\u00e9cis\u00e9 si la charge incomberait ici \u00e0 TikTok ou aux cr\u00e9ateurs d&rsquo;effets. Ces derniers, cependant, b\u00e9n\u00e9ficieront de nouvelles orientations les informant de certains des r\u00e9sultats impr\u00e9vus que leurs effets pourraient avoir.<\/p>\n<p>En ce qui concerne les utilisateurs encore plus jeunes, TikTok a d\u00e9clar\u00e9 qu&rsquo;il travaillait sur une nouvelle \u00ab technologie d&rsquo;apprentissage automatique \u00bb qui emp\u00eacherait les utilisateurs de moins de 13 ans d&rsquo;acc\u00e9der \u00e0 la plateforme, bien que les d\u00e9tails restent flous. Il est possible que cette technologie soit \u00e9galement utilis\u00e9e pour emp\u00eacher les utilisateurs de moins de 18 ans de mentir sur leur \u00e2ge, bien que la soci\u00e9t\u00e9 n&rsquo;ait pas pr\u00e9cis\u00e9 si c&rsquo;\u00e9tait le cas.<\/p>\n<p>En Europe, TikTok pr\u00e9voit \u00e9galement de lancer des ressources int\u00e9gr\u00e9es \u00e0 l&rsquo;application \u00ab dans 13 pays europ\u00e9ens \u00bb qui connecteront les utilisateurs aux lignes d&rsquo;assistance locales pour des probl\u00e8mes tels que \u00ab le suicide, l&rsquo;automutilation, la haine et le harc\u00e8lement \u00bb.<\/p>\n<p>Selon le rapport de TikTok publi\u00e9 dans Internet Matters, \u00ab les filtres d&#8217;embellissement ont contribu\u00e9 \u00e0 une vision du monde d\u00e9form\u00e9e dans laquelle les images perfectionn\u00e9es sont normalis\u00e9es \u00bb et peuvent entra\u00eener une \u00ab pression sociale importante \u00bb pour \u00ab avoir une certaine apparence en ligne \u00bb. Les restrictions \u00e0 venir sur ces filtres rejoignent les limites ant\u00e9rieures impos\u00e9es par TikTok alors qu&rsquo;il tente de devancer les critiques, y compris une limite de temps d&rsquo;\u00e9cran par d\u00e9faut d&rsquo;une heure par jour pour les utilisateurs \u00e2g\u00e9s de 13 \u00e0 17 ans.<\/p>\n<p><script async src=\"\/\/www.tiktok.com\/embed.js\"><\/script><\/p>\n","protected":false},"excerpt":{"rendered":"<p>Dites adieu \u00e0 Bold Glamour. Les filtres de TikTok peuvent \u00eatre une fa\u00e7on amusante d&rsquo;interagir avec l&rsquo;application, agissant comme une peinture faciale num\u00e9rique qui peut<\/p>\n","protected":false},"author":1,"featured_media":2838,"comment_status":"","ping_status":"","sticky":false,"template":"","format":"standard","meta":{"footnotes":""},"categories":[13],"tags":[869,3480,3567,3566,14,75,239],"class_list":["post-2837","post","type-post","status-publish","format-standard","has-post-thumbnail","hentry","category-technologie","tag-adolescents","tag-beaute","tag-filtres","tag-laissera","tag-les","tag-tiktok","tag-utiliser","generate-columns","tablet-grid-50","mobile-grid-100","grid-parent","grid-33"],"yoast_head":"<!-- This site is optimized with the Yoast SEO plugin v24.0 - https:\/\/yoast.com\/wordpress\/plugins\/seo\/ -->\n<title>TikTok ne laissera plus les adolescents utiliser les filtres de beaut\u00e9 | Vie Associative<\/title>\n<meta name=\"robots\" content=\"index, follow, max-snippet:-1, max-image-preview:large, max-video-preview:-1\" \/>\n<link rel=\"canonical\" href=\"https:\/\/vieassociative.be\/actualites\/tiktok-ne-laissera-plus-les-adolescents-utiliser-les-filtres-de-beaute\/\" \/>\n<meta property=\"og:locale\" content=\"fr_FR\" \/>\n<meta property=\"og:type\" content=\"article\" \/>\n<meta property=\"og:title\" content=\"TikTok ne laissera plus les adolescents utiliser les filtres de beaut\u00e9 | Vie Associative\" \/>\n<meta property=\"og:description\" content=\"Dites adieu \u00e0 Bold Glamour. Les filtres de TikTok peuvent \u00eatre une fa\u00e7on amusante d&rsquo;interagir avec l&rsquo;application, agissant comme une peinture faciale num\u00e9rique qui peut\" \/>\n<meta property=\"og:url\" content=\"https:\/\/vieassociative.be\/actualites\/tiktok-ne-laissera-plus-les-adolescents-utiliser-les-filtres-de-beaute\/\" \/>\n<meta property=\"og:site_name\" content=\"Vie Associative\" \/>\n<meta property=\"article:published_time\" content=\"2024-11-28T01:17:00+00:00\" \/>\n<meta property=\"og:image\" content=\"https:\/\/vieassociative.be\/actualites\/wp-content\/uploads\/2024\/09\/header_backgroundk-01-e1726694325946.png\" \/>\n\t<meta property=\"og:image:width\" content=\"279\" \/>\n\t<meta property=\"og:image:height\" content=\"92\" \/>\n\t<meta property=\"og:image:type\" content=\"image\/png\" \/>\n<meta name=\"author\" content=\"Julien\" \/>\n<meta name=\"twitter:card\" content=\"summary_large_image\" \/>\n<meta name=\"twitter:label1\" content=\"\u00c9crit par\" \/>\n\t<meta name=\"twitter:data1\" content=\"Julien\" \/>\n\t<meta name=\"twitter:label2\" content=\"Dur\u00e9e de lecture est.\" \/>\n\t<meta name=\"twitter:data2\" content=\"3 minutes\" \/>\n<script type=\"application\/ld+json\" class=\"yoast-schema-graph\">{\"@context\":\"https:\/\/schema.org\",\"@graph\":[{\"@type\":\"Article\",\"@id\":\"https:\/\/vieassociative.be\/actualites\/tiktok-ne-laissera-plus-les-adolescents-utiliser-les-filtres-de-beaute\/#article\",\"isPartOf\":{\"@id\":\"https:\/\/vieassociative.be\/actualites\/tiktok-ne-laissera-plus-les-adolescents-utiliser-les-filtres-de-beaute\/\"},\"author\":{\"name\":\"Julien\",\"@id\":\"https:\/\/vieassociative.be\/actualites\/#\/schema\/person\/b87ac4f82f9d4e7b7cec7395b679edc4\"},\"headline\":\"TikTok ne laissera plus les adolescents utiliser les filtres de beaut\u00e9\",\"datePublished\":\"2024-11-28T01:17:00+00:00\",\"dateModified\":\"2024-11-28T01:17:00+00:00\",\"mainEntityOfPage\":{\"@id\":\"https:\/\/vieassociative.be\/actualites\/tiktok-ne-laissera-plus-les-adolescents-utiliser-les-filtres-de-beaute\/\"},\"wordCount\":583,\"publisher\":{\"@id\":\"https:\/\/vieassociative.be\/actualites\/#organization\"},\"image\":{\"@id\":\"https:\/\/vieassociative.be\/actualites\/tiktok-ne-laissera-plus-les-adolescents-utiliser-les-filtres-de-beaute\/#primaryimage\"},\"thumbnailUrl\":\"https:\/\/vieassociative.be\/actualites\/wp-content\/uploads\/2024\/11\/TikTok-ne-laissera-plus-les-adolescents-utiliser-les-filtres-de.png\",\"keywords\":[\"adolescents\",\"beaut\u00e9\",\"filtres\",\"laissera\",\"Les\",\"TikTok\",\"utiliser\"],\"articleSection\":[\"Technologie\"],\"inLanguage\":\"fr-BE\"},{\"@type\":\"WebPage\",\"@id\":\"https:\/\/vieassociative.be\/actualites\/tiktok-ne-laissera-plus-les-adolescents-utiliser-les-filtres-de-beaute\/\",\"url\":\"https:\/\/vieassociative.be\/actualites\/tiktok-ne-laissera-plus-les-adolescents-utiliser-les-filtres-de-beaute\/\",\"name\":\"TikTok ne laissera plus les adolescents utiliser les filtres de beaut\u00e9 | Vie Associative\",\"isPartOf\":{\"@id\":\"https:\/\/vieassociative.be\/actualites\/#website\"},\"primaryImageOfPage\":{\"@id\":\"https:\/\/vieassociative.be\/actualites\/tiktok-ne-laissera-plus-les-adolescents-utiliser-les-filtres-de-beaute\/#primaryimage\"},\"image\":{\"@id\":\"https:\/\/vieassociative.be\/actualites\/tiktok-ne-laissera-plus-les-adolescents-utiliser-les-filtres-de-beaute\/#primaryimage\"},\"thumbnailUrl\":\"https:\/\/vieassociative.be\/actualites\/wp-content\/uploads\/2024\/11\/TikTok-ne-laissera-plus-les-adolescents-utiliser-les-filtres-de.png\",\"datePublished\":\"2024-11-28T01:17:00+00:00\",\"dateModified\":\"2024-11-28T01:17:00+00:00\",\"breadcrumb\":{\"@id\":\"https:\/\/vieassociative.be\/actualites\/tiktok-ne-laissera-plus-les-adolescents-utiliser-les-filtres-de-beaute\/#breadcrumb\"},\"inLanguage\":\"fr-BE\",\"potentialAction\":[{\"@type\":\"ReadAction\",\"target\":[\"https:\/\/vieassociative.be\/actualites\/tiktok-ne-laissera-plus-les-adolescents-utiliser-les-filtres-de-beaute\/\"]}]},{\"@type\":\"ImageObject\",\"inLanguage\":\"fr-BE\",\"@id\":\"https:\/\/vieassociative.be\/actualites\/tiktok-ne-laissera-plus-les-adolescents-utiliser-les-filtres-de-beaute\/#primaryimage\",\"url\":\"https:\/\/vieassociative.be\/actualites\/wp-content\/uploads\/2024\/11\/TikTok-ne-laissera-plus-les-adolescents-utiliser-les-filtres-de.png\",\"contentUrl\":\"https:\/\/vieassociative.be\/actualites\/wp-content\/uploads\/2024\/11\/TikTok-ne-laissera-plus-les-adolescents-utiliser-les-filtres-de.png\",\"width\":1200,\"height\":675,\"caption\":\"TikTok ne laissera plus les adolescents utiliser les filtres de beaut\u00e9\"},{\"@type\":\"BreadcrumbList\",\"@id\":\"https:\/\/vieassociative.be\/actualites\/tiktok-ne-laissera-plus-les-adolescents-utiliser-les-filtres-de-beaute\/#breadcrumb\",\"itemListElement\":[{\"@type\":\"ListItem\",\"position\":1,\"name\":\"Accueil\",\"item\":\"https:\/\/vieassociative.be\/actualites\/\"},{\"@type\":\"ListItem\",\"position\":2,\"name\":\"TikTok ne laissera plus les adolescents utiliser les filtres de beaut\u00e9\"}]},{\"@type\":\"WebSite\",\"@id\":\"https:\/\/vieassociative.be\/actualites\/#website\",\"url\":\"https:\/\/vieassociative.be\/actualites\/\",\"name\":\"Vie Associative\",\"description\":\"\",\"publisher\":{\"@id\":\"https:\/\/vieassociative.be\/actualites\/#organization\"},\"potentialAction\":[{\"@type\":\"SearchAction\",\"target\":{\"@type\":\"EntryPoint\",\"urlTemplate\":\"https:\/\/vieassociative.be\/actualites\/?s={search_term_string}\"},\"query-input\":{\"@type\":\"PropertyValueSpecification\",\"valueRequired\":true,\"valueName\":\"search_term_string\"}}],\"inLanguage\":\"fr-BE\"},{\"@type\":\"Organization\",\"@id\":\"https:\/\/vieassociative.be\/actualites\/#organization\",\"name\":\"Vie Associative\",\"url\":\"https:\/\/vieassociative.be\/actualites\/\",\"logo\":{\"@type\":\"ImageObject\",\"inLanguage\":\"fr-BE\",\"@id\":\"https:\/\/vieassociative.be\/actualites\/#\/schema\/logo\/image\/\",\"url\":\"https:\/\/vieassociative.be\/actualites\/wp-content\/uploads\/2024\/09\/cropped-vieassociative_favicon.ico.png\",\"contentUrl\":\"https:\/\/vieassociative.be\/actualites\/wp-content\/uploads\/2024\/09\/cropped-vieassociative_favicon.ico.png\",\"width\":512,\"height\":512,\"caption\":\"Vie Associative\"},\"image\":{\"@id\":\"https:\/\/vieassociative.be\/actualites\/#\/schema\/logo\/image\/\"}},{\"@type\":\"Person\",\"@id\":\"https:\/\/vieassociative.be\/actualites\/#\/schema\/person\/b87ac4f82f9d4e7b7cec7395b679edc4\",\"name\":\"Julien\",\"image\":{\"@type\":\"ImageObject\",\"inLanguage\":\"fr-BE\",\"@id\":\"https:\/\/vieassociative.be\/actualites\/#\/schema\/person\/image\/\",\"url\":\"https:\/\/vieassociative.be\/actualites\/wp-content\/uploads\/2024\/09\/vie-associative-1-150x150.jpg\",\"contentUrl\":\"https:\/\/vieassociative.be\/actualites\/wp-content\/uploads\/2024\/09\/vie-associative-1-150x150.jpg\",\"caption\":\"Julien\"},\"description\":\"Je suis Julien, r\u00e9dacteur pour Vie Associative. Passionn\u00e9 par le monde associatif depuis plus de 10 ans, j'ai \u00e0 c\u0153ur de partager des histoires inspirantes et de mettre en lumi\u00e8re les initiatives locales. Mon objectif est de sensibiliser et d'encourager l'engagement communautaire \u00e0 travers mes articles.\",\"sameAs\":[\"https:\/\/vieassociative.be\/\"]}]}<\/script>\n<!-- \/ Yoast SEO plugin. -->","yoast_head_json":{"title":"TikTok ne laissera plus les adolescents utiliser les filtres de beaut\u00e9 | Vie Associative","robots":{"index":"index","follow":"follow","max-snippet":"max-snippet:-1","max-image-preview":"max-image-preview:large","max-video-preview":"max-video-preview:-1"},"canonical":"https:\/\/vieassociative.be\/actualites\/tiktok-ne-laissera-plus-les-adolescents-utiliser-les-filtres-de-beaute\/","og_locale":"fr_FR","og_type":"article","og_title":"TikTok ne laissera plus les adolescents utiliser les filtres de beaut\u00e9 | Vie Associative","og_description":"Dites adieu \u00e0 Bold Glamour. Les filtres de TikTok peuvent \u00eatre une fa\u00e7on amusante d&rsquo;interagir avec l&rsquo;application, agissant comme une peinture faciale num\u00e9rique qui peut","og_url":"https:\/\/vieassociative.be\/actualites\/tiktok-ne-laissera-plus-les-adolescents-utiliser-les-filtres-de-beaute\/","og_site_name":"Vie Associative","article_published_time":"2024-11-28T01:17:00+00:00","og_image":[{"width":279,"height":92,"url":"https:\/\/vieassociative.be\/actualites\/wp-content\/uploads\/2024\/09\/header_backgroundk-01-e1726694325946.png","type":"image\/png"}],"author":"Julien","twitter_card":"summary_large_image","twitter_misc":{"\u00c9crit par":"Julien","Dur\u00e9e de lecture est.":"3 minutes"},"schema":{"@context":"https:\/\/schema.org","@graph":[{"@type":"Article","@id":"https:\/\/vieassociative.be\/actualites\/tiktok-ne-laissera-plus-les-adolescents-utiliser-les-filtres-de-beaute\/#article","isPartOf":{"@id":"https:\/\/vieassociative.be\/actualites\/tiktok-ne-laissera-plus-les-adolescents-utiliser-les-filtres-de-beaute\/"},"author":{"name":"Julien","@id":"https:\/\/vieassociative.be\/actualites\/#\/schema\/person\/b87ac4f82f9d4e7b7cec7395b679edc4"},"headline":"TikTok ne laissera plus les adolescents utiliser les filtres de beaut\u00e9","datePublished":"2024-11-28T01:17:00+00:00","dateModified":"2024-11-28T01:17:00+00:00","mainEntityOfPage":{"@id":"https:\/\/vieassociative.be\/actualites\/tiktok-ne-laissera-plus-les-adolescents-utiliser-les-filtres-de-beaute\/"},"wordCount":583,"publisher":{"@id":"https:\/\/vieassociative.be\/actualites\/#organization"},"image":{"@id":"https:\/\/vieassociative.be\/actualites\/tiktok-ne-laissera-plus-les-adolescents-utiliser-les-filtres-de-beaute\/#primaryimage"},"thumbnailUrl":"https:\/\/vieassociative.be\/actualites\/wp-content\/uploads\/2024\/11\/TikTok-ne-laissera-plus-les-adolescents-utiliser-les-filtres-de.png","keywords":["adolescents","beaut\u00e9","filtres","laissera","Les","TikTok","utiliser"],"articleSection":["Technologie"],"inLanguage":"fr-BE"},{"@type":"WebPage","@id":"https:\/\/vieassociative.be\/actualites\/tiktok-ne-laissera-plus-les-adolescents-utiliser-les-filtres-de-beaute\/","url":"https:\/\/vieassociative.be\/actualites\/tiktok-ne-laissera-plus-les-adolescents-utiliser-les-filtres-de-beaute\/","name":"TikTok ne laissera plus les adolescents utiliser les filtres de beaut\u00e9 | Vie Associative","isPartOf":{"@id":"https:\/\/vieassociative.be\/actualites\/#website"},"primaryImageOfPage":{"@id":"https:\/\/vieassociative.be\/actualites\/tiktok-ne-laissera-plus-les-adolescents-utiliser-les-filtres-de-beaute\/#primaryimage"},"image":{"@id":"https:\/\/vieassociative.be\/actualites\/tiktok-ne-laissera-plus-les-adolescents-utiliser-les-filtres-de-beaute\/#primaryimage"},"thumbnailUrl":"https:\/\/vieassociative.be\/actualites\/wp-content\/uploads\/2024\/11\/TikTok-ne-laissera-plus-les-adolescents-utiliser-les-filtres-de.png","datePublished":"2024-11-28T01:17:00+00:00","dateModified":"2024-11-28T01:17:00+00:00","breadcrumb":{"@id":"https:\/\/vieassociative.be\/actualites\/tiktok-ne-laissera-plus-les-adolescents-utiliser-les-filtres-de-beaute\/#breadcrumb"},"inLanguage":"fr-BE","potentialAction":[{"@type":"ReadAction","target":["https:\/\/vieassociative.be\/actualites\/tiktok-ne-laissera-plus-les-adolescents-utiliser-les-filtres-de-beaute\/"]}]},{"@type":"ImageObject","inLanguage":"fr-BE","@id":"https:\/\/vieassociative.be\/actualites\/tiktok-ne-laissera-plus-les-adolescents-utiliser-les-filtres-de-beaute\/#primaryimage","url":"https:\/\/vieassociative.be\/actualites\/wp-content\/uploads\/2024\/11\/TikTok-ne-laissera-plus-les-adolescents-utiliser-les-filtres-de.png","contentUrl":"https:\/\/vieassociative.be\/actualites\/wp-content\/uploads\/2024\/11\/TikTok-ne-laissera-plus-les-adolescents-utiliser-les-filtres-de.png","width":1200,"height":675,"caption":"TikTok ne laissera plus les adolescents utiliser les filtres de beaut\u00e9"},{"@type":"BreadcrumbList","@id":"https:\/\/vieassociative.be\/actualites\/tiktok-ne-laissera-plus-les-adolescents-utiliser-les-filtres-de-beaute\/#breadcrumb","itemListElement":[{"@type":"ListItem","position":1,"name":"Accueil","item":"https:\/\/vieassociative.be\/actualites\/"},{"@type":"ListItem","position":2,"name":"TikTok ne laissera plus les adolescents utiliser les filtres de beaut\u00e9"}]},{"@type":"WebSite","@id":"https:\/\/vieassociative.be\/actualites\/#website","url":"https:\/\/vieassociative.be\/actualites\/","name":"Vie Associative","description":"","publisher":{"@id":"https:\/\/vieassociative.be\/actualites\/#organization"},"potentialAction":[{"@type":"SearchAction","target":{"@type":"EntryPoint","urlTemplate":"https:\/\/vieassociative.be\/actualites\/?s={search_term_string}"},"query-input":{"@type":"PropertyValueSpecification","valueRequired":true,"valueName":"search_term_string"}}],"inLanguage":"fr-BE"},{"@type":"Organization","@id":"https:\/\/vieassociative.be\/actualites\/#organization","name":"Vie Associative","url":"https:\/\/vieassociative.be\/actualites\/","logo":{"@type":"ImageObject","inLanguage":"fr-BE","@id":"https:\/\/vieassociative.be\/actualites\/#\/schema\/logo\/image\/","url":"https:\/\/vieassociative.be\/actualites\/wp-content\/uploads\/2024\/09\/cropped-vieassociative_favicon.ico.png","contentUrl":"https:\/\/vieassociative.be\/actualites\/wp-content\/uploads\/2024\/09\/cropped-vieassociative_favicon.ico.png","width":512,"height":512,"caption":"Vie Associative"},"image":{"@id":"https:\/\/vieassociative.be\/actualites\/#\/schema\/logo\/image\/"}},{"@type":"Person","@id":"https:\/\/vieassociative.be\/actualites\/#\/schema\/person\/b87ac4f82f9d4e7b7cec7395b679edc4","name":"Julien","image":{"@type":"ImageObject","inLanguage":"fr-BE","@id":"https:\/\/vieassociative.be\/actualites\/#\/schema\/person\/image\/","url":"https:\/\/vieassociative.be\/actualites\/wp-content\/uploads\/2024\/09\/vie-associative-1-150x150.jpg","contentUrl":"https:\/\/vieassociative.be\/actualites\/wp-content\/uploads\/2024\/09\/vie-associative-1-150x150.jpg","caption":"Julien"},"description":"Je suis Julien, r\u00e9dacteur pour Vie Associative. Passionn\u00e9 par le monde associatif depuis plus de 10 ans, j'ai \u00e0 c\u0153ur de partager des histoires inspirantes et de mettre en lumi\u00e8re les initiatives locales. Mon objectif est de sensibiliser et d'encourager l'engagement communautaire \u00e0 travers mes articles.","sameAs":["https:\/\/vieassociative.be\/"]}]}},"_links":{"self":[{"href":"https:\/\/vieassociative.be\/actualites\/wp-json\/wp\/v2\/posts\/2837"}],"collection":[{"href":"https:\/\/vieassociative.be\/actualites\/wp-json\/wp\/v2\/posts"}],"about":[{"href":"https:\/\/vieassociative.be\/actualites\/wp-json\/wp\/v2\/types\/post"}],"author":[{"embeddable":true,"href":"https:\/\/vieassociative.be\/actualites\/wp-json\/wp\/v2\/users\/1"}],"replies":[{"embeddable":true,"href":"https:\/\/vieassociative.be\/actualites\/wp-json\/wp\/v2\/comments?post=2837"}],"version-history":[{"count":0,"href":"https:\/\/vieassociative.be\/actualites\/wp-json\/wp\/v2\/posts\/2837\/revisions"}],"wp:featuredmedia":[{"embeddable":true,"href":"https:\/\/vieassociative.be\/actualites\/wp-json\/wp\/v2\/media\/2838"}],"wp:attachment":[{"href":"https:\/\/vieassociative.be\/actualites\/wp-json\/wp\/v2\/media?parent=2837"}],"wp:term":[{"taxonomy":"category","embeddable":true,"href":"https:\/\/vieassociative.be\/actualites\/wp-json\/wp\/v2\/categories?post=2837"},{"taxonomy":"post_tag","embeddable":true,"href":"https:\/\/vieassociative.be\/actualites\/wp-json\/wp\/v2\/tags?post=2837"}],"curies":[{"name":"wp","href":"https:\/\/api.w.org\/{rel}","templated":true}]}}