{"id":2835,"date":"2024-11-28T01:17:37","date_gmt":"2024-11-28T00:17:37","guid":{"rendered":"https:\/\/vieassociative.be\/actualites\/mes-offres-preferees-du-black-friday-sur-les-haut-parleurs-les-barres-de-son-et-les-ecouteurs-sonos\/"},"modified":"2024-11-28T01:17:37","modified_gmt":"2024-11-28T00:17:37","slug":"mes-offres-preferees-du-black-friday-sur-les-haut-parleurs-les-barres-de-son-et-les-ecouteurs-sonos","status":"publish","type":"post","link":"https:\/\/vieassociative.be\/actualites\/mes-offres-preferees-du-black-friday-sur-les-haut-parleurs-les-barres-de-son-et-les-ecouteurs-sonos\/","title":{"rendered":"Mes offres pr\u00e9f\u00e9r\u00e9es du Black Friday sur les haut-parleurs, les barres de son et les \u00e9couteurs Sonos"},"content":{"rendered":"<div class=\"mt-4 leading-6 md:mb-8\">Ces haut-parleurs et subwoofers Sonos ne b\u00e9n\u00e9ficient presque jamais de r\u00e9ductions.<\/div>\n<p><\/p>\n<p>Si vous avez achet\u00e9 le syst\u00e8me Sonos, vous savez qu&rsquo;ils ne sont presque jamais mis en vente. Bien s\u00fbr, Sonos ne passe pas le meilleur moment en ce moment, mais il est peu probable qu&rsquo;ils aillent quelque part. Ce qui est remarquable \u00e0 propos de cette vente, c&rsquo;est qu&rsquo;elle concerne tous les produits Sonos, y compris de tout nouveaux produits comme le Sub 4. <\/p>\n<h2 id=\"sonos-ace-headphones\">\u00c9couteurs Sonos Ace<\/h2>\n<p>J&rsquo;utilise les tr\u00e8s attendus \u00e9couteurs Sonos depuis un mois, et il y a beaucoup \u00e0 aimer. Ils s\u2019associent parfaitement, ce que je ne trouve pas vrai pour la plupart des appareils Bluetooth. Avec un seul bouton, je peux passer de mon t\u00e9l\u00e9phone \u00e0 ma t\u00e9l\u00e9, et ils semblent bien tenir la charge. <\/p>\n<h2 id=\"sonos-roam-2-portable-speaker\">Haut-parleur portable Sonos Roam 2<\/h2>\n<p>L\u2019une des meilleures fa\u00e7ons de profiter de Sonos est de se procurer des haut-parleurs portables abordables. D\u00e9placez-les o\u00f9 vous le souhaitez, mais vous pouvez toujours les regrouper avec vos autres enceintes. <\/p>\n<h2 id=\"sonos-move-2-portable-speaker\">Haut-parleur portable Sonos Move 2<\/h2>\n<p>Offrant un son plus puissant que le Roam 2, le Move est un haut-parleur portable haut de gamme qui donnera l&rsquo;impression que vous disposez d&rsquo;un syst\u00e8me audio complet, n&rsquo;importe o\u00f9. <\/p>\n<h2 id=\"sonos-era-100\">Sonos \u00e8re 100<\/h2>\n<p>Le Sonos Era 100 est un haut-parleur compact que vous pouvez utiliser seul ou ajouter \u00e0 l&rsquo;ensemble de votre groupe Sonos. Diffusez depuis presque toutes vos applications pr\u00e9f\u00e9r\u00e9es en utilisant le Wi-Fi ou le Bluetooth\u00a0; il y a \u00e9galement une entr\u00e9e pour un c\u00e2ble auxiliaire ou un adaptateur d&rsquo;entr\u00e9e ligne Sonos, donc la connexion d&rsquo;un appareil ext\u00e9rieur, tel qu&rsquo;un tourne-disque, ne pose aucun probl\u00e8me. <\/p>\n<h2 id=\"sonos-era-300\">Sonos \u00e8re 300<\/h2>\n<p>Le Sonos Era 300 est une mise \u00e0 niveau offrant un son plus robuste avec Dolby Atmos. Ceux-ci cr\u00e9ent un environnement spectaculaire pour votre cin\u00e9ma maison. <\/p>\n<h2 id=\"sonos-ray-compact-soundbar\">Barre de son compacte Sonos Ray<\/h2>\n<p>La plus petite des barres de son Sonos, la Sonos Ray est id\u00e9ale pour un espace plus petit, \u00e0 un prix abordable (surtout maintenant). Le Ray est con\u00e7u pour \u00eatre rang\u00e9 afin que vous puissiez le cacher sans sacrifier la qualit\u00e9 sonore et la nettet\u00e9 des dialogues. <\/p>\n<h2 id=\"sonos-beam-gen-2-soundbar-with-dolby-atmos\">Barre de son Sonos Beam Gen 2 avec Dolby Atmos<\/h2>\n<p>La Beam est une autre des barres de son les plus r\u00e9centes de Sonos qui reste abordable, mais offre toujours un son puissant avec beaucoup de d\u00e9tails, m\u00eame \u00e0 faible volume. <\/p>\n<h2 id=\"sonos-arc-soundbar-with-dolby-atmos\">Barre de son Sonos Arc avec Dolby Atmos<\/h2>\n<p>Je suis pass\u00e9 \u00e0 un Arc \u00e0 partir de la barre de son Sonos d&rsquo;origine et la diff\u00e9rence, en particulier en Dolby Surround, est absolument fantastique. Cela en vaut la peine. <\/p>\n<h2 id=\"sonos-sub-mini-compact-wireless-subwoofer\">Sonos Sub Mini Caisson de basses sans fil compact<\/h2>\n<p>Pour beaucoup de gens, le prix du Sonos Sub l&rsquo;a rendu hors de port\u00e9e, mais le Sub Mini \u00e9tait cens\u00e9 r\u00e9soudre ce probl\u00e8me, et c&rsquo;est le cas. S&rsquo;adaptant \u00e0 des espaces plus petits, il offre toujours les basses dont vous avez besoin pour votre son surround. <\/p>\n<h2 id=\"sonos-sub-4-wireless-subwoofer\">Caisson de basses sans fil Sonos Sub 4<\/h2>\n<p>Le Sonos Sub 4 original est le tout nouveau caisson de basses pleine grandeur, et il est fantastique. Il n&rsquo;y a pas de remplacement pour cet appareil pour obtenir des sons de basses profonds mais nets dans le cadre de votre syst\u00e8me surround. <\/p>\n","protected":false},"excerpt":{"rendered":"<p>Ces haut-parleurs et subwoofers Sonos ne b\u00e9n\u00e9ficient presque jamais de r\u00e9ductions. Si vous avez achet\u00e9 le syst\u00e8me Sonos, vous savez qu&rsquo;ils ne sont presque jamais<\/p>\n","protected":false},"author":1,"featured_media":2836,"comment_status":"","ping_status":"","sticky":false,"template":"","format":"standard","meta":{"footnotes":""},"categories":[13],"tags":[805,73,1537,1255,1266,14,87,345,116,800,1834,33],"class_list":["post-2835","post","type-post","status-publish","format-standard","has-post-thumbnail","hentry","category-technologie","tag-barres","tag-black","tag-ecouteurs","tag-friday","tag-hautparleurs","tag-les","tag-mes","tag-offres","tag-preferees","tag-son","tag-sonos","tag-sur","generate-columns","tablet-grid-50","mobile-grid-100","grid-parent","grid-33"],"yoast_head":"<!-- This site is optimized with the Yoast SEO plugin v24.0 - https:\/\/yoast.com\/wordpress\/plugins\/seo\/ -->\n<title>Mes offres pr\u00e9f\u00e9r\u00e9es du Black Friday sur les haut-parleurs, les barres de son et les \u00e9couteurs Sonos | Vie Associative<\/title>\n<meta name=\"robots\" content=\"index, follow, max-snippet:-1, max-image-preview:large, max-video-preview:-1\" \/>\n<link rel=\"canonical\" href=\"https:\/\/vieassociative.be\/actualites\/mes-offres-preferees-du-black-friday-sur-les-haut-parleurs-les-barres-de-son-et-les-ecouteurs-sonos\/\" \/>\n<meta property=\"og:locale\" content=\"fr_FR\" \/>\n<meta property=\"og:type\" content=\"article\" \/>\n<meta property=\"og:title\" content=\"Mes offres pr\u00e9f\u00e9r\u00e9es du Black Friday sur les haut-parleurs, les barres de son et les \u00e9couteurs Sonos | Vie Associative\" \/>\n<meta property=\"og:description\" content=\"Ces haut-parleurs et subwoofers Sonos ne b\u00e9n\u00e9ficient presque jamais de r\u00e9ductions. Si vous avez achet\u00e9 le syst\u00e8me Sonos, vous savez qu&rsquo;ils ne sont presque jamais\" \/>\n<meta property=\"og:url\" content=\"https:\/\/vieassociative.be\/actualites\/mes-offres-preferees-du-black-friday-sur-les-haut-parleurs-les-barres-de-son-et-les-ecouteurs-sonos\/\" \/>\n<meta property=\"og:site_name\" content=\"Vie Associative\" \/>\n<meta property=\"article:published_time\" content=\"2024-11-28T00:17:37+00:00\" \/>\n<meta property=\"og:image\" content=\"https:\/\/vieassociative.be\/actualites\/wp-content\/uploads\/2024\/09\/header_backgroundk-01-e1726694325946.png\" \/>\n\t<meta property=\"og:image:width\" content=\"279\" \/>\n\t<meta property=\"og:image:height\" content=\"92\" \/>\n\t<meta property=\"og:image:type\" content=\"image\/png\" \/>\n<meta name=\"author\" content=\"Julien\" \/>\n<meta name=\"twitter:card\" content=\"summary_large_image\" \/>\n<meta name=\"twitter:label1\" content=\"\u00c9crit par\" \/>\n\t<meta name=\"twitter:data1\" content=\"Julien\" \/>\n\t<meta name=\"twitter:label2\" content=\"Dur\u00e9e de lecture est.\" \/>\n\t<meta name=\"twitter:data2\" content=\"3 minutes\" \/>\n<script type=\"application\/ld+json\" class=\"yoast-schema-graph\">{\"@context\":\"https:\/\/schema.org\",\"@graph\":[{\"@type\":\"Article\",\"@id\":\"https:\/\/vieassociative.be\/actualites\/mes-offres-preferees-du-black-friday-sur-les-haut-parleurs-les-barres-de-son-et-les-ecouteurs-sonos\/#article\",\"isPartOf\":{\"@id\":\"https:\/\/vieassociative.be\/actualites\/mes-offres-preferees-du-black-friday-sur-les-haut-parleurs-les-barres-de-son-et-les-ecouteurs-sonos\/\"},\"author\":{\"name\":\"Julien\",\"@id\":\"https:\/\/vieassociative.be\/actualites\/#\/schema\/person\/b87ac4f82f9d4e7b7cec7395b679edc4\"},\"headline\":\"Mes offres pr\u00e9f\u00e9r\u00e9es du Black Friday sur les haut-parleurs, les barres de son et les \u00e9couteurs Sonos\",\"datePublished\":\"2024-11-28T00:17:37+00:00\",\"dateModified\":\"2024-11-28T00:17:37+00:00\",\"mainEntityOfPage\":{\"@id\":\"https:\/\/vieassociative.be\/actualites\/mes-offres-preferees-du-black-friday-sur-les-haut-parleurs-les-barres-de-son-et-les-ecouteurs-sonos\/\"},\"wordCount\":586,\"publisher\":{\"@id\":\"https:\/\/vieassociative.be\/actualites\/#organization\"},\"image\":{\"@id\":\"https:\/\/vieassociative.be\/actualites\/mes-offres-preferees-du-black-friday-sur-les-haut-parleurs-les-barres-de-son-et-les-ecouteurs-sonos\/#primaryimage\"},\"thumbnailUrl\":\"https:\/\/vieassociative.be\/actualites\/wp-content\/uploads\/2024\/11\/Mes-offres-preferees-du-Black-Friday-sur-les-haut-parleurs-les.png\",\"keywords\":[\"barres\",\"Black\",\"\u00e9couteurs\",\"Friday\",\"hautparleurs\",\"Les\",\"Mes\",\"offres\",\"pr\u00e9f\u00e9r\u00e9es\",\"son\",\"Sonos\",\"sur\"],\"articleSection\":[\"Technologie\"],\"inLanguage\":\"fr-BE\"},{\"@type\":\"WebPage\",\"@id\":\"https:\/\/vieassociative.be\/actualites\/mes-offres-preferees-du-black-friday-sur-les-haut-parleurs-les-barres-de-son-et-les-ecouteurs-sonos\/\",\"url\":\"https:\/\/vieassociative.be\/actualites\/mes-offres-preferees-du-black-friday-sur-les-haut-parleurs-les-barres-de-son-et-les-ecouteurs-sonos\/\",\"name\":\"Mes offres pr\u00e9f\u00e9r\u00e9es du Black Friday sur les haut-parleurs, les barres de son et les \u00e9couteurs Sonos | Vie Associative\",\"isPartOf\":{\"@id\":\"https:\/\/vieassociative.be\/actualites\/#website\"},\"primaryImageOfPage\":{\"@id\":\"https:\/\/vieassociative.be\/actualites\/mes-offres-preferees-du-black-friday-sur-les-haut-parleurs-les-barres-de-son-et-les-ecouteurs-sonos\/#primaryimage\"},\"image\":{\"@id\":\"https:\/\/vieassociative.be\/actualites\/mes-offres-preferees-du-black-friday-sur-les-haut-parleurs-les-barres-de-son-et-les-ecouteurs-sonos\/#primaryimage\"},\"thumbnailUrl\":\"https:\/\/vieassociative.be\/actualites\/wp-content\/uploads\/2024\/11\/Mes-offres-preferees-du-Black-Friday-sur-les-haut-parleurs-les.png\",\"datePublished\":\"2024-11-28T00:17:37+00:00\",\"dateModified\":\"2024-11-28T00:17:37+00:00\",\"breadcrumb\":{\"@id\":\"https:\/\/vieassociative.be\/actualites\/mes-offres-preferees-du-black-friday-sur-les-haut-parleurs-les-barres-de-son-et-les-ecouteurs-sonos\/#breadcrumb\"},\"inLanguage\":\"fr-BE\",\"potentialAction\":[{\"@type\":\"ReadAction\",\"target\":[\"https:\/\/vieassociative.be\/actualites\/mes-offres-preferees-du-black-friday-sur-les-haut-parleurs-les-barres-de-son-et-les-ecouteurs-sonos\/\"]}]},{\"@type\":\"ImageObject\",\"inLanguage\":\"fr-BE\",\"@id\":\"https:\/\/vieassociative.be\/actualites\/mes-offres-preferees-du-black-friday-sur-les-haut-parleurs-les-barres-de-son-et-les-ecouteurs-sonos\/#primaryimage\",\"url\":\"https:\/\/vieassociative.be\/actualites\/wp-content\/uploads\/2024\/11\/Mes-offres-preferees-du-Black-Friday-sur-les-haut-parleurs-les.png\",\"contentUrl\":\"https:\/\/vieassociative.be\/actualites\/wp-content\/uploads\/2024\/11\/Mes-offres-preferees-du-Black-Friday-sur-les-haut-parleurs-les.png\",\"width\":1200,\"height\":675,\"caption\":\"Mes offres pr\u00e9f\u00e9r\u00e9es du Black Friday sur les haut-parleurs, les barres de son et les \u00e9couteurs Sonos\"},{\"@type\":\"BreadcrumbList\",\"@id\":\"https:\/\/vieassociative.be\/actualites\/mes-offres-preferees-du-black-friday-sur-les-haut-parleurs-les-barres-de-son-et-les-ecouteurs-sonos\/#breadcrumb\",\"itemListElement\":[{\"@type\":\"ListItem\",\"position\":1,\"name\":\"Accueil\",\"item\":\"https:\/\/vieassociative.be\/actualites\/\"},{\"@type\":\"ListItem\",\"position\":2,\"name\":\"Mes offres pr\u00e9f\u00e9r\u00e9es du Black Friday sur les haut-parleurs, les barres de son et les \u00e9couteurs Sonos\"}]},{\"@type\":\"WebSite\",\"@id\":\"https:\/\/vieassociative.be\/actualites\/#website\",\"url\":\"https:\/\/vieassociative.be\/actualites\/\",\"name\":\"Vie Associative\",\"description\":\"\",\"publisher\":{\"@id\":\"https:\/\/vieassociative.be\/actualites\/#organization\"},\"potentialAction\":[{\"@type\":\"SearchAction\",\"target\":{\"@type\":\"EntryPoint\",\"urlTemplate\":\"https:\/\/vieassociative.be\/actualites\/?s={search_term_string}\"},\"query-input\":{\"@type\":\"PropertyValueSpecification\",\"valueRequired\":true,\"valueName\":\"search_term_string\"}}],\"inLanguage\":\"fr-BE\"},{\"@type\":\"Organization\",\"@id\":\"https:\/\/vieassociative.be\/actualites\/#organization\",\"name\":\"Vie Associative\",\"url\":\"https:\/\/vieassociative.be\/actualites\/\",\"logo\":{\"@type\":\"ImageObject\",\"inLanguage\":\"fr-BE\",\"@id\":\"https:\/\/vieassociative.be\/actualites\/#\/schema\/logo\/image\/\",\"url\":\"https:\/\/vieassociative.be\/actualites\/wp-content\/uploads\/2024\/09\/cropped-vieassociative_favicon.ico.png\",\"contentUrl\":\"https:\/\/vieassociative.be\/actualites\/wp-content\/uploads\/2024\/09\/cropped-vieassociative_favicon.ico.png\",\"width\":512,\"height\":512,\"caption\":\"Vie Associative\"},\"image\":{\"@id\":\"https:\/\/vieassociative.be\/actualites\/#\/schema\/logo\/image\/\"}},{\"@type\":\"Person\",\"@id\":\"https:\/\/vieassociative.be\/actualites\/#\/schema\/person\/b87ac4f82f9d4e7b7cec7395b679edc4\",\"name\":\"Julien\",\"image\":{\"@type\":\"ImageObject\",\"inLanguage\":\"fr-BE\",\"@id\":\"https:\/\/vieassociative.be\/actualites\/#\/schema\/person\/image\/\",\"url\":\"https:\/\/vieassociative.be\/actualites\/wp-content\/uploads\/2024\/09\/vie-associative-1-150x150.jpg\",\"contentUrl\":\"https:\/\/vieassociative.be\/actualites\/wp-content\/uploads\/2024\/09\/vie-associative-1-150x150.jpg\",\"caption\":\"Julien\"},\"description\":\"Je suis Julien, r\u00e9dacteur pour Vie Associative. Passionn\u00e9 par le monde associatif depuis plus de 10 ans, j'ai \u00e0 c\u0153ur de partager des histoires inspirantes et de mettre en lumi\u00e8re les initiatives locales. Mon objectif est de sensibiliser et d'encourager l'engagement communautaire \u00e0 travers mes articles.\",\"sameAs\":[\"https:\/\/vieassociative.be\/\"]}]}<\/script>\n<!-- \/ Yoast SEO plugin. -->","yoast_head_json":{"title":"Mes offres pr\u00e9f\u00e9r\u00e9es du Black Friday sur les haut-parleurs, les barres de son et les \u00e9couteurs Sonos | Vie Associative","robots":{"index":"index","follow":"follow","max-snippet":"max-snippet:-1","max-image-preview":"max-image-preview:large","max-video-preview":"max-video-preview:-1"},"canonical":"https:\/\/vieassociative.be\/actualites\/mes-offres-preferees-du-black-friday-sur-les-haut-parleurs-les-barres-de-son-et-les-ecouteurs-sonos\/","og_locale":"fr_FR","og_type":"article","og_title":"Mes offres pr\u00e9f\u00e9r\u00e9es du Black Friday sur les haut-parleurs, les barres de son et les \u00e9couteurs Sonos | Vie Associative","og_description":"Ces haut-parleurs et subwoofers Sonos ne b\u00e9n\u00e9ficient presque jamais de r\u00e9ductions. Si vous avez achet\u00e9 le syst\u00e8me Sonos, vous savez qu&rsquo;ils ne sont presque jamais","og_url":"https:\/\/vieassociative.be\/actualites\/mes-offres-preferees-du-black-friday-sur-les-haut-parleurs-les-barres-de-son-et-les-ecouteurs-sonos\/","og_site_name":"Vie Associative","article_published_time":"2024-11-28T00:17:37+00:00","og_image":[{"width":279,"height":92,"url":"https:\/\/vieassociative.be\/actualites\/wp-content\/uploads\/2024\/09\/header_backgroundk-01-e1726694325946.png","type":"image\/png"}],"author":"Julien","twitter_card":"summary_large_image","twitter_misc":{"\u00c9crit par":"Julien","Dur\u00e9e de lecture est.":"3 minutes"},"schema":{"@context":"https:\/\/schema.org","@graph":[{"@type":"Article","@id":"https:\/\/vieassociative.be\/actualites\/mes-offres-preferees-du-black-friday-sur-les-haut-parleurs-les-barres-de-son-et-les-ecouteurs-sonos\/#article","isPartOf":{"@id":"https:\/\/vieassociative.be\/actualites\/mes-offres-preferees-du-black-friday-sur-les-haut-parleurs-les-barres-de-son-et-les-ecouteurs-sonos\/"},"author":{"name":"Julien","@id":"https:\/\/vieassociative.be\/actualites\/#\/schema\/person\/b87ac4f82f9d4e7b7cec7395b679edc4"},"headline":"Mes offres pr\u00e9f\u00e9r\u00e9es du Black Friday sur les haut-parleurs, les barres de son et les \u00e9couteurs Sonos","datePublished":"2024-11-28T00:17:37+00:00","dateModified":"2024-11-28T00:17:37+00:00","mainEntityOfPage":{"@id":"https:\/\/vieassociative.be\/actualites\/mes-offres-preferees-du-black-friday-sur-les-haut-parleurs-les-barres-de-son-et-les-ecouteurs-sonos\/"},"wordCount":586,"publisher":{"@id":"https:\/\/vieassociative.be\/actualites\/#organization"},"image":{"@id":"https:\/\/vieassociative.be\/actualites\/mes-offres-preferees-du-black-friday-sur-les-haut-parleurs-les-barres-de-son-et-les-ecouteurs-sonos\/#primaryimage"},"thumbnailUrl":"https:\/\/vieassociative.be\/actualites\/wp-content\/uploads\/2024\/11\/Mes-offres-preferees-du-Black-Friday-sur-les-haut-parleurs-les.png","keywords":["barres","Black","\u00e9couteurs","Friday","hautparleurs","Les","Mes","offres","pr\u00e9f\u00e9r\u00e9es","son","Sonos","sur"],"articleSection":["Technologie"],"inLanguage":"fr-BE"},{"@type":"WebPage","@id":"https:\/\/vieassociative.be\/actualites\/mes-offres-preferees-du-black-friday-sur-les-haut-parleurs-les-barres-de-son-et-les-ecouteurs-sonos\/","url":"https:\/\/vieassociative.be\/actualites\/mes-offres-preferees-du-black-friday-sur-les-haut-parleurs-les-barres-de-son-et-les-ecouteurs-sonos\/","name":"Mes offres pr\u00e9f\u00e9r\u00e9es du Black Friday sur les haut-parleurs, les barres de son et les \u00e9couteurs Sonos | Vie Associative","isPartOf":{"@id":"https:\/\/vieassociative.be\/actualites\/#website"},"primaryImageOfPage":{"@id":"https:\/\/vieassociative.be\/actualites\/mes-offres-preferees-du-black-friday-sur-les-haut-parleurs-les-barres-de-son-et-les-ecouteurs-sonos\/#primaryimage"},"image":{"@id":"https:\/\/vieassociative.be\/actualites\/mes-offres-preferees-du-black-friday-sur-les-haut-parleurs-les-barres-de-son-et-les-ecouteurs-sonos\/#primaryimage"},"thumbnailUrl":"https:\/\/vieassociative.be\/actualites\/wp-content\/uploads\/2024\/11\/Mes-offres-preferees-du-Black-Friday-sur-les-haut-parleurs-les.png","datePublished":"2024-11-28T00:17:37+00:00","dateModified":"2024-11-28T00:17:37+00:00","breadcrumb":{"@id":"https:\/\/vieassociative.be\/actualites\/mes-offres-preferees-du-black-friday-sur-les-haut-parleurs-les-barres-de-son-et-les-ecouteurs-sonos\/#breadcrumb"},"inLanguage":"fr-BE","potentialAction":[{"@type":"ReadAction","target":["https:\/\/vieassociative.be\/actualites\/mes-offres-preferees-du-black-friday-sur-les-haut-parleurs-les-barres-de-son-et-les-ecouteurs-sonos\/"]}]},{"@type":"ImageObject","inLanguage":"fr-BE","@id":"https:\/\/vieassociative.be\/actualites\/mes-offres-preferees-du-black-friday-sur-les-haut-parleurs-les-barres-de-son-et-les-ecouteurs-sonos\/#primaryimage","url":"https:\/\/vieassociative.be\/actualites\/wp-content\/uploads\/2024\/11\/Mes-offres-preferees-du-Black-Friday-sur-les-haut-parleurs-les.png","contentUrl":"https:\/\/vieassociative.be\/actualites\/wp-content\/uploads\/2024\/11\/Mes-offres-preferees-du-Black-Friday-sur-les-haut-parleurs-les.png","width":1200,"height":675,"caption":"Mes offres pr\u00e9f\u00e9r\u00e9es du Black Friday sur les haut-parleurs, les barres de son et les \u00e9couteurs Sonos"},{"@type":"BreadcrumbList","@id":"https:\/\/vieassociative.be\/actualites\/mes-offres-preferees-du-black-friday-sur-les-haut-parleurs-les-barres-de-son-et-les-ecouteurs-sonos\/#breadcrumb","itemListElement":[{"@type":"ListItem","position":1,"name":"Accueil","item":"https:\/\/vieassociative.be\/actualites\/"},{"@type":"ListItem","position":2,"name":"Mes offres pr\u00e9f\u00e9r\u00e9es du Black Friday sur les haut-parleurs, les barres de son et les \u00e9couteurs Sonos"}]},{"@type":"WebSite","@id":"https:\/\/vieassociative.be\/actualites\/#website","url":"https:\/\/vieassociative.be\/actualites\/","name":"Vie Associative","description":"","publisher":{"@id":"https:\/\/vieassociative.be\/actualites\/#organization"},"potentialAction":[{"@type":"SearchAction","target":{"@type":"EntryPoint","urlTemplate":"https:\/\/vieassociative.be\/actualites\/?s={search_term_string}"},"query-input":{"@type":"PropertyValueSpecification","valueRequired":true,"valueName":"search_term_string"}}],"inLanguage":"fr-BE"},{"@type":"Organization","@id":"https:\/\/vieassociative.be\/actualites\/#organization","name":"Vie Associative","url":"https:\/\/vieassociative.be\/actualites\/","logo":{"@type":"ImageObject","inLanguage":"fr-BE","@id":"https:\/\/vieassociative.be\/actualites\/#\/schema\/logo\/image\/","url":"https:\/\/vieassociative.be\/actualites\/wp-content\/uploads\/2024\/09\/cropped-vieassociative_favicon.ico.png","contentUrl":"https:\/\/vieassociative.be\/actualites\/wp-content\/uploads\/2024\/09\/cropped-vieassociative_favicon.ico.png","width":512,"height":512,"caption":"Vie Associative"},"image":{"@id":"https:\/\/vieassociative.be\/actualites\/#\/schema\/logo\/image\/"}},{"@type":"Person","@id":"https:\/\/vieassociative.be\/actualites\/#\/schema\/person\/b87ac4f82f9d4e7b7cec7395b679edc4","name":"Julien","image":{"@type":"ImageObject","inLanguage":"fr-BE","@id":"https:\/\/vieassociative.be\/actualites\/#\/schema\/person\/image\/","url":"https:\/\/vieassociative.be\/actualites\/wp-content\/uploads\/2024\/09\/vie-associative-1-150x150.jpg","contentUrl":"https:\/\/vieassociative.be\/actualites\/wp-content\/uploads\/2024\/09\/vie-associative-1-150x150.jpg","caption":"Julien"},"description":"Je suis Julien, r\u00e9dacteur pour Vie Associative. Passionn\u00e9 par le monde associatif depuis plus de 10 ans, j'ai \u00e0 c\u0153ur de partager des histoires inspirantes et de mettre en lumi\u00e8re les initiatives locales. Mon objectif est de sensibiliser et d'encourager l'engagement communautaire \u00e0 travers mes articles.","sameAs":["https:\/\/vieassociative.be\/"]}]}},"_links":{"self":[{"href":"https:\/\/vieassociative.be\/actualites\/wp-json\/wp\/v2\/posts\/2835"}],"collection":[{"href":"https:\/\/vieassociative.be\/actualites\/wp-json\/wp\/v2\/posts"}],"about":[{"href":"https:\/\/vieassociative.be\/actualites\/wp-json\/wp\/v2\/types\/post"}],"author":[{"embeddable":true,"href":"https:\/\/vieassociative.be\/actualites\/wp-json\/wp\/v2\/users\/1"}],"replies":[{"embeddable":true,"href":"https:\/\/vieassociative.be\/actualites\/wp-json\/wp\/v2\/comments?post=2835"}],"version-history":[{"count":0,"href":"https:\/\/vieassociative.be\/actualites\/wp-json\/wp\/v2\/posts\/2835\/revisions"}],"wp:featuredmedia":[{"embeddable":true,"href":"https:\/\/vieassociative.be\/actualites\/wp-json\/wp\/v2\/media\/2836"}],"wp:attachment":[{"href":"https:\/\/vieassociative.be\/actualites\/wp-json\/wp\/v2\/media?parent=2835"}],"wp:term":[{"taxonomy":"category","embeddable":true,"href":"https:\/\/vieassociative.be\/actualites\/wp-json\/wp\/v2\/categories?post=2835"},{"taxonomy":"post_tag","embeddable":true,"href":"https:\/\/vieassociative.be\/actualites\/wp-json\/wp\/v2\/tags?post=2835"}],"curies":[{"name":"wp","href":"https:\/\/api.w.org\/{rel}","templated":true}]}}