{"id":2830,"date":"2024-11-27T21:16:58","date_gmt":"2024-11-27T20:16:58","guid":{"rendered":"https:\/\/vieassociative.be\/actualites\/feu-vert-a-von-der-leyens-commission-europeenne-arimont-leurope-fait-face-a-des-defis-majeurs\/"},"modified":"2024-11-27T21:16:58","modified_gmt":"2024-11-27T20:16:58","slug":"feu-vert-a-von-der-leyens-commission-europeenne-arimont-leurope-fait-face-a-des-defis-majeurs","status":"publish","type":"post","link":"https:\/\/vieassociative.be\/actualites\/feu-vert-a-von-der-leyens-commission-europeenne-arimont-leurope-fait-face-a-des-defis-majeurs\/","title":{"rendered":"Feu vert \u00e0 von der Leyens Commission europ\u00e9enne \u2013 Arimont : \u00ab L\u2019Europe fait face \u00e0 des d\u00e9fis majeurs \u00bb"},"content":{"rendered":"<p><strong>La nouvelle Commission europ\u00e9enne peut commencer \u00e0 travailler. Cela ne sera pas facile pour l&rsquo;\u00e9quipe controvers\u00e9e d&rsquo;Ursula von der Leyen. Cela ressort \u00e9galement des r\u00e9sultats du vote.<\/strong><\/p>\n<p><span id=\"more-402755\"><\/span>Pr\u00e8s de six mois apr\u00e8s les \u00e9lections europ\u00e9ennes, la nouvelle Commission europ\u00e9enne sous la direction d&rsquo;Ursula von der Leyen peut commencer ses travaux. Le Parlement europ\u00e9en a vot\u00e9 avec 370 voix sur 688 \u00e0 Strasbourg en faveur de l&rsquo;\u00e9quipe qui, outre les Allemands, est compos\u00e9e de 10 femmes et 16 hommes.<\/p>\n<p>282 d\u00e9put\u00e9s ont vot\u00e9 contre et 36 se sont abstenus. M\u00eame si la commission von der Leyen a obtenu beaucoup plus de voix que n\u00e9cessaire, le r\u00e9sultat a \u00e9t\u00e9 pire que celui de toutes les autres commissions des 30 derni\u00e8res ann\u00e9es.<\/p>\n<div id=\"attachment_401263\" class=\"wp-caption alignleft\" style=\"max-width: 300px\"><img fetchpriority=\"high\" decoding=\"async\" class=\"wp-image-401263 size-medium\" src=\"https:\/\/vieassociative.be\/actualites\/wp-content\/uploads\/2024\/11\/Feu-vert-a-von-der-Leyens-Commission-europeenne-\u2013-Arimont.jpg\" alt=\"\" width=\"300\" height=\"200\"><\/p>\n<p class=\"wp-caption-text\">6 novembre 2024, Belgique, Bruxelles : la candidate belge au poste de commissaire europ\u00e9en \u00e0 la protection civile et \u00e0 la gestion des crises, Hadja Lahbib, s&rsquo;exprime lors de son audition au Parlement europ\u00e9en \u00e0 Bruxelles. Photo : Virginie Mayo\/AP\/dpa<\/p>\n<\/div>\n<p>Cela est d\u00fb, entre autres choses, au virage \u00e0 droite du Parlement depuis les derni\u00e8res \u00e9lections. L\u2019extr\u00eame droite a par exemple vot\u00e9 \u00e0 l\u2019unanimit\u00e9 contre la commission von der Leyen.<\/p>\n<p>En outre, von der Leyen s\u2019est ali\u00e9n\u00e9 certaines parties du Parlement en nommant certains commissaires, de sorte qu\u2019au final, seul le groupe lib\u00e9ral du Parlement a vot\u00e9 pour elle. M\u00eame au sein de l&rsquo;alliance de centre droit du PPE, \u00e0 laquelle appartient la CDU de von der Leyen, certains d\u00e9put\u00e9s ont vot\u00e9 contre l&rsquo;\u00e9quipe de la commission. Le SPD allemand, par exemple, s\u2019est largement abstenu lors du vote, et certains Verts n\u2019ont pas non plus vot\u00e9 pour la commission. Ils ont justifi\u00e9 cela en affirmant que von der Leyen avait nomm\u00e9 l&rsquo;Italien de droite Raffaele Fitto comme l&rsquo;un des vice-pr\u00e9sidents.<\/p>\n<p>N\u00e9anmoins, la commission peut d\u00e9sormais d\u00e9marrer comme pr\u00e9vu en d\u00e9cembre. Cette \u00e9tape \u00e9tait cruciale pour la future politique de l\u2019UE : la Commission est la seule institution de l\u2019Union europ\u00e9enne capable de proposer des lois \u00e0 la communaut\u00e9 des \u00c9tats. Il contr\u00f4le \u00e9galement le respect du droit de l&rsquo;UE.<\/p>\n<p><strong>\u2013 Concurrence, voitures, start-up :<\/strong> Si la crise climatique \u00e9tait l\u2019un des enjeux majeurs lorsque von der Leyen a pris ses fonctions pour la premi\u00e8re fois en 2019, d\u2019autres probl\u00e8mes se posent d\u00e9sormais. Von der Leyen a d\u00e9sign\u00e9 la lutte pour la survie de l\u2019industrie automobile en Europe comme l\u2019une de ses priorit\u00e9s pour les cinq prochaines ann\u00e9es.<\/p>\n<p>\u00c0 cette fin, il faudrait dans un premier temps engager un dialogue strat\u00e9gique sous sa direction. \u00ab L\u2019industrie automobile europ\u00e9enne est une fiert\u00e9 de l\u2019Europe. Des millions d\u2019emplois en d\u00e9pendent. \u00bb Ensemble, nous devons veiller \u00e0 ce que l\u2019avenir de l\u2019automobile continue \u00e0 \u00eatre fa\u00e7onn\u00e9 en Europe.<\/p>\n<\/p>\n<div id=\"attachment_402766\" class=\"wp-caption alignleft\" style=\"max-width: 300px\"><img decoding=\"async\" class=\"wp-image-402766 size-medium\" src=\"https:\/\/vieassociative.be\/actualites\/wp-content\/uploads\/2024\/11\/1732738618_261_Feu-vert-a-von-der-Leyens-Commission-europeenne-\u2013-Arimont.jpg\" alt=\"\" width=\"300\" height=\"200\"><\/p>\n<p class=\"wp-caption-text\">2 juin 2023, Italie, Rome : Giorgia Meloni, Premier ministre italien, et le controvers\u00e9 commissaire europ\u00e9en Raffaele Fitto. Photo : Luigi Mistrulli\/IPA via ZUMA Press\/dpa<\/p>\n<\/div>\n<p>Cela devrait \u00eatre particuli\u00e8rement pertinent dans le cas du conflit commercial latent avec la Chine, que le nouveau commissaire au Commerce, Maros Sefcovic, doit r\u00e9soudre : l&rsquo;UE accuse P\u00e9kin de fausser la concurrence par des subventions et a d\u00e9cid\u00e9 le mois dernier d&rsquo;imposer des droits de douane suppl\u00e9mentaires \u00e0 la Chine et examine actuellement des contre-mesures. Un autre probl\u00e8me majeur pourrait concerner les nouveaux tarifs douaniers am\u00e9ricains que le pr\u00e9sident \u00e9lu Donald Trump souhaite introduire.<\/p>\n<p>Von der Leyen a \u00e9galement annonc\u00e9 une strat\u00e9gie pour une plus grande comp\u00e9titivit\u00e9. \u00ab Une startup californienne peut se d\u00e9velopper et lever des capitaux partout aux \u00c9tats-Unis. Mais une start-up en Europe doit faire face \u00e0 27 obstacles nationaux diff\u00e9rents \u00bb, a critiqu\u00e9 von der Leyen. Il faut faciliter sa croissance en Europe. D\u2019autres initiatives visant \u00e0 faire baisser les prix de l\u2019\u00e9nergie devraient \u00e9galement servir cet objectif.<\/p>\n<p><strong>\u2013 Commissaire \u00e0 la D\u00e9fense pour la premi\u00e8re fois :<\/strong> Avant m\u00eame le vote, von der Leyen a signal\u00e9 son changement de priorit\u00e9s en cr\u00e9ant le nouveau poste de commissaire \u00e0 la d\u00e9fense. L&rsquo;ancien Premier ministre lituanien Andrius Kubilius devrait veiller \u00e0 ce que l&rsquo;Europe devienne plus ind\u00e9pendante militairement et puisse investir plus facilement dans des projets d&rsquo;armement europ\u00e9ens.<\/p>\n<p>Face \u00e0 la guerre d\u2019agression russe contre l\u2019Ukraine, Von der Leyen a appel\u00e9 \u00e0 une augmentation des d\u00e9penses de d\u00e9fense des \u00c9tats de l\u2019UE. \u00ab La Russie consacre jusqu\u2019\u00e0 neuf pour cent de son produit int\u00e9rieur brut \u00e0 la d\u00e9fense. L&rsquo;Europe d\u00e9pense en moyenne 1,9 pour cent. Il y a quelque chose qui ne va pas dans cette \u00e9quation\u00bb, a d\u00e9clar\u00e9 le politicien de la CDU. Kaja Kallas est d\u00e9sormais \u00e9galement charg\u00e9e de veiller \u00e0 ce que le soutien \u00e0 l\u2019Ukraine d\u00e9chir\u00e9e par la guerre ne diminue pas. L&rsquo;Estonien sera le nouveau chef de la diplomatie de l&rsquo;Union europ\u00e9enne.<\/p>\n<p><strong>\u2013 Les nominations de Von der Leyen ont suscit\u00e9 une grande pol\u00e9mique :<\/strong> Le vote a eu lieu pr\u00e8s de six mois apr\u00e8s les \u00e9lections europ\u00e9ennes, au cours desquelles l&rsquo;alliance de centre-droit PPE de von der Leyen a obtenu le plus de voix. Elle a ensuite \u00e9t\u00e9 confirm\u00e9e pour son deuxi\u00e8me mandat de pr\u00e9sidente de la Commission europ\u00e9enne en juillet et a pr\u00e9sent\u00e9 son \u00e9quipe de r\u00eave en septembre.<\/p>\n<div id=\"attachment_402765\" class=\"wp-caption alignleft\" style=\"max-width: 300px\"><img decoding=\"async\" class=\"wp-image-402765 size-medium\" src=\"https:\/\/vieassociative.be\/actualites\/wp-content\/uploads\/2024\/11\/1732738618_920_Feu-vert-a-von-der-Leyens-Commission-europeenne-\u2013-Arimont.jpg\" alt=\"\" width=\"300\" height=\"200\"><\/p>\n<p class=\"wp-caption-text\">17 septembre 2024, France, Strasbourg : Andrius Kubilius (Tevynes Sajunga, groupe PPE) se trouve dans le b\u00e2timent du Parlement europ\u00e9en et s&rsquo;adresse aux repr\u00e9sentants des m\u00e9dias. Photo : Philipp von Ditfurth\/dpa<\/p>\n<\/div>\n<p>La nomination de l&rsquo;Italien Fitto, qui sera notamment responsable \u00e0 l&rsquo;avenir des r\u00e9formes et du financement du d\u00e9veloppement r\u00e9gional, a fait particuli\u00e8rement sensation.<\/p>\n<p>L\u2019homme politique de droite est consid\u00e9r\u00e9 par beaucoup \u00e0 Bruxelles comme politiquement mod\u00e9r\u00e9 et pro-europ\u00e9en. Cependant, les sociaux-d\u00e9mocrates au Parlement se sont fermement oppos\u00e9s \u00e0 ce qu&rsquo;un homme politique de droite du gouvernement de la Premi\u00e8re ministre italienne Giorgia Meloni se voit attribuer un poste important tel que celui de vice-pr\u00e9sident.<\/p>\n<p>En \u00e9change, le PPE a initialement bloqu\u00e9 la nomination de la socialiste Teresa Ribera au poste de commissaire charg\u00e9e de la politique de concurrence et du changement vert.<\/p>\n<p>Les d\u00e9put\u00e9s conservateurs et de droite accusent l&rsquo;ancien ministre espagnol de l&rsquo;Environnement de ne pas avoir r\u00e9agi aux graves inondations dans la r\u00e9gion de Valence.<\/p>\n<p>Le Hongrois Oliver Varhelyi, critiqu\u00e9 pour sa loyaut\u00e9 envers le Premier ministre autoritaire hongrois Viktor Orban, a \u00e9galement fait pol\u00e9mique. Mais finalement, apr\u00e8s de longues n\u00e9gociations, les principaux groupes parlementaires sont parvenus \u00e0 un accord permettant \u00e0 Fitto, Ribera et Varhelyi de prendre leurs fonctions.<\/p>\n<p>Les politiciens d\u2019extr\u00eame droite ont vot\u00e9 contre la commission d\u2019Ursula von der Leyen. La d\u00e9put\u00e9e allemande de l&rsquo;AfD et responsable parlementaire du groupe parlementaire ESN, Christine Anderson, a qualifi\u00e9 l&rsquo;\u00e9quipe de \u00ab pure force de d\u00e9combres \u00bb, sans donner de raisons pr\u00e9cises.<\/p>\n<p>Le politicien autrichien du FP\u00d6, Harald Vilimsky, l&rsquo;a accus\u00e9e &#8211; \u00e9galement sans preuves concr\u00e8tes &#8211; de pr\u00f4ner l&rsquo;immigration massive, la privation de libert\u00e9, le bellicisme et la d\u00e9sindustrialisation. Il a \u00e9galement critiqu\u00e9 le montant de la commission, le qualifiant d&rsquo;exag\u00e9r\u00e9. \u00ab\u00a0Vous auriez pu \u00e9conomiser de l&rsquo;argent, vous auriez pu d\u00e9r\u00e9glementer, vous auriez pu laisser ici \u00e0 vos commissaires quelques pr\u00e9sentations d&rsquo;orchid\u00e9es et utiliser cet argent pour les citoyens europ\u00e9ens\u00a0\u00bb, a-t-il d\u00e9clar\u00e9 en direction d&rsquo;Ursula von der Leyen.<\/p>\n<h3>Pascal Arimont : \u00ab Focus sur la comp\u00e9titivit\u00e9, la migration et la s\u00e9curit\u00e9 d&rsquo;approvisionnement \u00bb<\/h3>\n<p>La nouvelle Commission europ\u00e9enne pourra officiellement commencer ses travaux le 1er d\u00e9cembre. L&rsquo;eurod\u00e9put\u00e9 de l&rsquo;Est de la Belgique Pascal Arimont (CSP-PPE) explique :<\/p>\n<div id=\"attachment_402772\" class=\"wp-caption alignleft\" style=\"max-width: 300px\"><img loading=\"lazy\" decoding=\"async\" class=\"wp-image-402772 size-medium\" src=\"https:\/\/vieassociative.be\/actualites\/wp-content\/uploads\/2024\/11\/1732738618_785_Feu-vert-a-von-der-Leyens-Commission-europeenne-\u2013-Arimont.jpg\" alt=\"\" width=\"300\" height=\"200\"><\/p>\n<p class=\"wp-caption-text\">L&rsquo;eurod\u00e9put\u00e9 de l&rsquo;Est de la Belgique Pascal Arimont (CSP-PPE). Photo : Parlement europ\u00e9en<\/p>\n<\/div>\n<p>\u00ab Compte tenu des d\u00e9fis majeurs auxquels l&rsquo;Europe est confront\u00e9e et de la situation politique mondiale explosive, il est grand temps que la nouvelle Commission europ\u00e9enne puisse enfin commencer ses travaux. Comme en juillet, j&rsquo;ai d\u00e9cid\u00e9 de soutenir la majorit\u00e9 pro-europ\u00e9enne compos\u00e9e de d\u00e9mocrates-chr\u00e9tiens, de lib\u00e9raux et de sociaux-d\u00e9mocrates, qui s&rsquo;\u00e9taient pr\u00e9alablement mises d&rsquo;accord sur un programme commun. La coordination avec l&rsquo;extr\u00eame droite et l&rsquo;extr\u00eame gauche, qui ont toutes deux vot\u00e9 contre la nouvelle commission, n&rsquo;est et n&rsquo;\u00e9tait pas une option.\u00bb<\/p>\n<p>Arimont a en outre soulign\u00e9 : \u00ab L\u2019Europe ne doit pas se perdre dans des mois de d\u00e9bats personnels. Nous avons besoin d\u2019une commission capable d\u2019agir et soutenue par les \u00c9tats membres. Le programme commun doit d\u00e9sormais se concentrer particuli\u00e8rement sur la comp\u00e9titivit\u00e9 de notre \u00e9conomie europ\u00e9enne. L\u2019Europe doit veiller \u00e0 ce que nos entreprises soient soulag\u00e9es et \u00e0 ce que nous prot\u00e9gions ainsi les emplois et les syst\u00e8mes de s\u00e9curit\u00e9 sociale.\u00bb<\/p>\n<p>Selon Arimont, les questions de s\u00e9curit\u00e9 et de r\u00e9duction significative de l&rsquo;immigration clandestine seront \u00e9galement centrales. L&rsquo;Est belge se f\u00e9licite \u00e9galement que Christophe Hansen, originaire du nord du Luxembourg, \u00ab un expert de notre agriculture locale \u00bb, soit responsable de ce domaine politique. \u00ab\u00a0Approvisionnement de notre population en produits agricoles de qualit\u00e9 n&rsquo;est possible que si nous soutenons nos agriculteurs locaux et ne sous-traitons pas l&rsquo;agriculture \u00e0 d&rsquo;autres r\u00e9gions du monde.\u00a0\u00bb<\/p>\n","protected":false},"excerpt":{"rendered":"<p>La nouvelle Commission europ\u00e9enne peut commencer \u00e0 travailler. Cela ne sera pas facile pour l&rsquo;\u00e9quipe controvers\u00e9e d&rsquo;Ursula von der Leyen. Cela ressort \u00e9galement des r\u00e9sultats<\/p>\n","protected":false},"author":1,"featured_media":2831,"comment_status":"","ping_status":"","sticky":false,"template":"","format":"standard","meta":{"footnotes":""},"categories":[298],"tags":[2890,3560,1447,668,29,3561,733,635,2114,2785,3559,3562,1564,3558],"class_list":["post-2830","post","type-post","status-publish","format-standard","has-post-thumbnail","hentry","category-belgique","tag-arimont","tag-commission","tag-defis","tag-der","tag-des","tag-europeenne","tag-face","tag-fait","tag-feu","tag-leurope","tag-leyens","tag-majeurs","tag-vert","tag-von","generate-columns","tablet-grid-50","mobile-grid-100","grid-parent","grid-33"],"yoast_head":"<!-- This site is optimized with the Yoast SEO plugin v24.0 - https:\/\/yoast.com\/wordpress\/plugins\/seo\/ -->\n<title>Feu vert \u00e0 von der Leyens Commission europ\u00e9enne \u2013 Arimont : \u00ab L\u2019Europe fait face \u00e0 des d\u00e9fis majeurs \u00bb | Vie Associative<\/title>\n<meta name=\"robots\" content=\"index, follow, max-snippet:-1, max-image-preview:large, max-video-preview:-1\" \/>\n<link rel=\"canonical\" href=\"https:\/\/vieassociative.be\/actualites\/feu-vert-a-von-der-leyens-commission-europeenne-arimont-leurope-fait-face-a-des-defis-majeurs\/\" \/>\n<meta property=\"og:locale\" content=\"fr_FR\" \/>\n<meta property=\"og:type\" content=\"article\" \/>\n<meta property=\"og:title\" content=\"Feu vert \u00e0 von der Leyens Commission europ\u00e9enne \u2013 Arimont : \u00ab L\u2019Europe fait face \u00e0 des d\u00e9fis majeurs \u00bb | Vie Associative\" \/>\n<meta property=\"og:description\" content=\"La nouvelle Commission europ\u00e9enne peut commencer \u00e0 travailler. Cela ne sera pas facile pour l&rsquo;\u00e9quipe controvers\u00e9e d&rsquo;Ursula von der Leyen. Cela ressort \u00e9galement des r\u00e9sultats\" \/>\n<meta property=\"og:url\" content=\"https:\/\/vieassociative.be\/actualites\/feu-vert-a-von-der-leyens-commission-europeenne-arimont-leurope-fait-face-a-des-defis-majeurs\/\" \/>\n<meta property=\"og:site_name\" content=\"Vie Associative\" \/>\n<meta property=\"article:published_time\" content=\"2024-11-27T20:16:58+00:00\" \/>\n<meta property=\"og:image\" content=\"https:\/\/vieassociative.be\/actualites\/wp-content\/uploads\/2024\/09\/header_backgroundk-01-e1726694325946.png\" \/>\n\t<meta property=\"og:image:width\" content=\"279\" \/>\n\t<meta property=\"og:image:height\" content=\"92\" \/>\n\t<meta property=\"og:image:type\" content=\"image\/png\" \/>\n<meta name=\"author\" content=\"Julien\" \/>\n<meta name=\"twitter:card\" content=\"summary_large_image\" \/>\n<meta name=\"twitter:label1\" content=\"\u00c9crit par\" \/>\n\t<meta name=\"twitter:data1\" content=\"Julien\" \/>\n\t<meta name=\"twitter:label2\" content=\"Dur\u00e9e de lecture est.\" \/>\n\t<meta name=\"twitter:data2\" content=\"8 minutes\" \/>\n<script type=\"application\/ld+json\" class=\"yoast-schema-graph\">{\"@context\":\"https:\/\/schema.org\",\"@graph\":[{\"@type\":\"Article\",\"@id\":\"https:\/\/vieassociative.be\/actualites\/feu-vert-a-von-der-leyens-commission-europeenne-arimont-leurope-fait-face-a-des-defis-majeurs\/#article\",\"isPartOf\":{\"@id\":\"https:\/\/vieassociative.be\/actualites\/feu-vert-a-von-der-leyens-commission-europeenne-arimont-leurope-fait-face-a-des-defis-majeurs\/\"},\"author\":{\"name\":\"Julien\",\"@id\":\"https:\/\/vieassociative.be\/actualites\/#\/schema\/person\/b87ac4f82f9d4e7b7cec7395b679edc4\"},\"headline\":\"Feu vert \u00e0 von der Leyens Commission europ\u00e9enne \u2013 Arimont : \u00ab L\u2019Europe fait face \u00e0 des d\u00e9fis majeurs \u00bb\",\"datePublished\":\"2024-11-27T20:16:58+00:00\",\"dateModified\":\"2024-11-27T20:16:58+00:00\",\"mainEntityOfPage\":{\"@id\":\"https:\/\/vieassociative.be\/actualites\/feu-vert-a-von-der-leyens-commission-europeenne-arimont-leurope-fait-face-a-des-defis-majeurs\/\"},\"wordCount\":1616,\"publisher\":{\"@id\":\"https:\/\/vieassociative.be\/actualites\/#organization\"},\"image\":{\"@id\":\"https:\/\/vieassociative.be\/actualites\/feu-vert-a-von-der-leyens-commission-europeenne-arimont-leurope-fait-face-a-des-defis-majeurs\/#primaryimage\"},\"thumbnailUrl\":\"https:\/\/vieassociative.be\/actualites\/wp-content\/uploads\/2024\/11\/1732738619_Feu-vert-a-von-der-Leyens-Commission-europeenne-\u2013-Arimont.jpg\",\"keywords\":[\"Arimont\",\"Commission\",\"d\u00e9fis\",\"der\",\"Des\",\"europ\u00e9enne\",\"face\",\"fait\",\"feu\",\"lEurope\",\"Leyens\",\"majeurs\",\"vert\",\"von\"],\"articleSection\":[\"Belgique\"],\"inLanguage\":\"fr-BE\"},{\"@type\":\"WebPage\",\"@id\":\"https:\/\/vieassociative.be\/actualites\/feu-vert-a-von-der-leyens-commission-europeenne-arimont-leurope-fait-face-a-des-defis-majeurs\/\",\"url\":\"https:\/\/vieassociative.be\/actualites\/feu-vert-a-von-der-leyens-commission-europeenne-arimont-leurope-fait-face-a-des-defis-majeurs\/\",\"name\":\"Feu vert \u00e0 von der Leyens Commission europ\u00e9enne \u2013 Arimont : \u00ab L\u2019Europe fait face \u00e0 des d\u00e9fis majeurs \u00bb | Vie Associative\",\"isPartOf\":{\"@id\":\"https:\/\/vieassociative.be\/actualites\/#website\"},\"primaryImageOfPage\":{\"@id\":\"https:\/\/vieassociative.be\/actualites\/feu-vert-a-von-der-leyens-commission-europeenne-arimont-leurope-fait-face-a-des-defis-majeurs\/#primaryimage\"},\"image\":{\"@id\":\"https:\/\/vieassociative.be\/actualites\/feu-vert-a-von-der-leyens-commission-europeenne-arimont-leurope-fait-face-a-des-defis-majeurs\/#primaryimage\"},\"thumbnailUrl\":\"https:\/\/vieassociative.be\/actualites\/wp-content\/uploads\/2024\/11\/1732738619_Feu-vert-a-von-der-Leyens-Commission-europeenne-\u2013-Arimont.jpg\",\"datePublished\":\"2024-11-27T20:16:58+00:00\",\"dateModified\":\"2024-11-27T20:16:58+00:00\",\"breadcrumb\":{\"@id\":\"https:\/\/vieassociative.be\/actualites\/feu-vert-a-von-der-leyens-commission-europeenne-arimont-leurope-fait-face-a-des-defis-majeurs\/#breadcrumb\"},\"inLanguage\":\"fr-BE\",\"potentialAction\":[{\"@type\":\"ReadAction\",\"target\":[\"https:\/\/vieassociative.be\/actualites\/feu-vert-a-von-der-leyens-commission-europeenne-arimont-leurope-fait-face-a-des-defis-majeurs\/\"]}]},{\"@type\":\"ImageObject\",\"inLanguage\":\"fr-BE\",\"@id\":\"https:\/\/vieassociative.be\/actualites\/feu-vert-a-von-der-leyens-commission-europeenne-arimont-leurope-fait-face-a-des-defis-majeurs\/#primaryimage\",\"url\":\"https:\/\/vieassociative.be\/actualites\/wp-content\/uploads\/2024\/11\/1732738619_Feu-vert-a-von-der-Leyens-Commission-europeenne-\u2013-Arimont.jpg\",\"contentUrl\":\"https:\/\/vieassociative.be\/actualites\/wp-content\/uploads\/2024\/11\/1732738619_Feu-vert-a-von-der-Leyens-Commission-europeenne-\u2013-Arimont.jpg\",\"width\":1300,\"height\":867,\"caption\":\"Feu vert \u00e0 von der Leyens Commission europ\u00e9enne \u2013 Arimont : \u00ab L\u2019Europe fait face \u00e0 des d\u00e9fis majeurs \u00bb\"},{\"@type\":\"BreadcrumbList\",\"@id\":\"https:\/\/vieassociative.be\/actualites\/feu-vert-a-von-der-leyens-commission-europeenne-arimont-leurope-fait-face-a-des-defis-majeurs\/#breadcrumb\",\"itemListElement\":[{\"@type\":\"ListItem\",\"position\":1,\"name\":\"Accueil\",\"item\":\"https:\/\/vieassociative.be\/actualites\/\"},{\"@type\":\"ListItem\",\"position\":2,\"name\":\"Feu vert \u00e0 von der Leyens Commission europ\u00e9enne \u2013 Arimont : \u00ab L\u2019Europe fait face \u00e0 des d\u00e9fis majeurs \u00bb\"}]},{\"@type\":\"WebSite\",\"@id\":\"https:\/\/vieassociative.be\/actualites\/#website\",\"url\":\"https:\/\/vieassociative.be\/actualites\/\",\"name\":\"Vie Associative\",\"description\":\"\",\"publisher\":{\"@id\":\"https:\/\/vieassociative.be\/actualites\/#organization\"},\"potentialAction\":[{\"@type\":\"SearchAction\",\"target\":{\"@type\":\"EntryPoint\",\"urlTemplate\":\"https:\/\/vieassociative.be\/actualites\/?s={search_term_string}\"},\"query-input\":{\"@type\":\"PropertyValueSpecification\",\"valueRequired\":true,\"valueName\":\"search_term_string\"}}],\"inLanguage\":\"fr-BE\"},{\"@type\":\"Organization\",\"@id\":\"https:\/\/vieassociative.be\/actualites\/#organization\",\"name\":\"Vie Associative\",\"url\":\"https:\/\/vieassociative.be\/actualites\/\",\"logo\":{\"@type\":\"ImageObject\",\"inLanguage\":\"fr-BE\",\"@id\":\"https:\/\/vieassociative.be\/actualites\/#\/schema\/logo\/image\/\",\"url\":\"https:\/\/vieassociative.be\/actualites\/wp-content\/uploads\/2024\/09\/cropped-vieassociative_favicon.ico.png\",\"contentUrl\":\"https:\/\/vieassociative.be\/actualites\/wp-content\/uploads\/2024\/09\/cropped-vieassociative_favicon.ico.png\",\"width\":512,\"height\":512,\"caption\":\"Vie Associative\"},\"image\":{\"@id\":\"https:\/\/vieassociative.be\/actualites\/#\/schema\/logo\/image\/\"}},{\"@type\":\"Person\",\"@id\":\"https:\/\/vieassociative.be\/actualites\/#\/schema\/person\/b87ac4f82f9d4e7b7cec7395b679edc4\",\"name\":\"Julien\",\"image\":{\"@type\":\"ImageObject\",\"inLanguage\":\"fr-BE\",\"@id\":\"https:\/\/vieassociative.be\/actualites\/#\/schema\/person\/image\/\",\"url\":\"https:\/\/vieassociative.be\/actualites\/wp-content\/uploads\/2024\/09\/vie-associative-1-150x150.jpg\",\"contentUrl\":\"https:\/\/vieassociative.be\/actualites\/wp-content\/uploads\/2024\/09\/vie-associative-1-150x150.jpg\",\"caption\":\"Julien\"},\"description\":\"Je suis Julien, r\u00e9dacteur pour Vie Associative. Passionn\u00e9 par le monde associatif depuis plus de 10 ans, j'ai \u00e0 c\u0153ur de partager des histoires inspirantes et de mettre en lumi\u00e8re les initiatives locales. Mon objectif est de sensibiliser et d'encourager l'engagement communautaire \u00e0 travers mes articles.\",\"sameAs\":[\"https:\/\/vieassociative.be\/\"]}]}<\/script>\n<!-- \/ Yoast SEO plugin. -->","yoast_head_json":{"title":"Feu vert \u00e0 von der Leyens Commission europ\u00e9enne \u2013 Arimont : \u00ab L\u2019Europe fait face \u00e0 des d\u00e9fis majeurs \u00bb | Vie Associative","robots":{"index":"index","follow":"follow","max-snippet":"max-snippet:-1","max-image-preview":"max-image-preview:large","max-video-preview":"max-video-preview:-1"},"canonical":"https:\/\/vieassociative.be\/actualites\/feu-vert-a-von-der-leyens-commission-europeenne-arimont-leurope-fait-face-a-des-defis-majeurs\/","og_locale":"fr_FR","og_type":"article","og_title":"Feu vert \u00e0 von der Leyens Commission europ\u00e9enne \u2013 Arimont : \u00ab L\u2019Europe fait face \u00e0 des d\u00e9fis majeurs \u00bb | Vie Associative","og_description":"La nouvelle Commission europ\u00e9enne peut commencer \u00e0 travailler. Cela ne sera pas facile pour l&rsquo;\u00e9quipe controvers\u00e9e d&rsquo;Ursula von der Leyen. Cela ressort \u00e9galement des r\u00e9sultats","og_url":"https:\/\/vieassociative.be\/actualites\/feu-vert-a-von-der-leyens-commission-europeenne-arimont-leurope-fait-face-a-des-defis-majeurs\/","og_site_name":"Vie Associative","article_published_time":"2024-11-27T20:16:58+00:00","og_image":[{"width":279,"height":92,"url":"https:\/\/vieassociative.be\/actualites\/wp-content\/uploads\/2024\/09\/header_backgroundk-01-e1726694325946.png","type":"image\/png"}],"author":"Julien","twitter_card":"summary_large_image","twitter_misc":{"\u00c9crit par":"Julien","Dur\u00e9e de lecture est.":"8 minutes"},"schema":{"@context":"https:\/\/schema.org","@graph":[{"@type":"Article","@id":"https:\/\/vieassociative.be\/actualites\/feu-vert-a-von-der-leyens-commission-europeenne-arimont-leurope-fait-face-a-des-defis-majeurs\/#article","isPartOf":{"@id":"https:\/\/vieassociative.be\/actualites\/feu-vert-a-von-der-leyens-commission-europeenne-arimont-leurope-fait-face-a-des-defis-majeurs\/"},"author":{"name":"Julien","@id":"https:\/\/vieassociative.be\/actualites\/#\/schema\/person\/b87ac4f82f9d4e7b7cec7395b679edc4"},"headline":"Feu vert \u00e0 von der Leyens Commission europ\u00e9enne \u2013 Arimont : \u00ab L\u2019Europe fait face \u00e0 des d\u00e9fis majeurs \u00bb","datePublished":"2024-11-27T20:16:58+00:00","dateModified":"2024-11-27T20:16:58+00:00","mainEntityOfPage":{"@id":"https:\/\/vieassociative.be\/actualites\/feu-vert-a-von-der-leyens-commission-europeenne-arimont-leurope-fait-face-a-des-defis-majeurs\/"},"wordCount":1616,"publisher":{"@id":"https:\/\/vieassociative.be\/actualites\/#organization"},"image":{"@id":"https:\/\/vieassociative.be\/actualites\/feu-vert-a-von-der-leyens-commission-europeenne-arimont-leurope-fait-face-a-des-defis-majeurs\/#primaryimage"},"thumbnailUrl":"https:\/\/vieassociative.be\/actualites\/wp-content\/uploads\/2024\/11\/1732738619_Feu-vert-a-von-der-Leyens-Commission-europeenne-\u2013-Arimont.jpg","keywords":["Arimont","Commission","d\u00e9fis","der","Des","europ\u00e9enne","face","fait","feu","lEurope","Leyens","majeurs","vert","von"],"articleSection":["Belgique"],"inLanguage":"fr-BE"},{"@type":"WebPage","@id":"https:\/\/vieassociative.be\/actualites\/feu-vert-a-von-der-leyens-commission-europeenne-arimont-leurope-fait-face-a-des-defis-majeurs\/","url":"https:\/\/vieassociative.be\/actualites\/feu-vert-a-von-der-leyens-commission-europeenne-arimont-leurope-fait-face-a-des-defis-majeurs\/","name":"Feu vert \u00e0 von der Leyens Commission europ\u00e9enne \u2013 Arimont : \u00ab L\u2019Europe fait face \u00e0 des d\u00e9fis majeurs \u00bb | Vie Associative","isPartOf":{"@id":"https:\/\/vieassociative.be\/actualites\/#website"},"primaryImageOfPage":{"@id":"https:\/\/vieassociative.be\/actualites\/feu-vert-a-von-der-leyens-commission-europeenne-arimont-leurope-fait-face-a-des-defis-majeurs\/#primaryimage"},"image":{"@id":"https:\/\/vieassociative.be\/actualites\/feu-vert-a-von-der-leyens-commission-europeenne-arimont-leurope-fait-face-a-des-defis-majeurs\/#primaryimage"},"thumbnailUrl":"https:\/\/vieassociative.be\/actualites\/wp-content\/uploads\/2024\/11\/1732738619_Feu-vert-a-von-der-Leyens-Commission-europeenne-\u2013-Arimont.jpg","datePublished":"2024-11-27T20:16:58+00:00","dateModified":"2024-11-27T20:16:58+00:00","breadcrumb":{"@id":"https:\/\/vieassociative.be\/actualites\/feu-vert-a-von-der-leyens-commission-europeenne-arimont-leurope-fait-face-a-des-defis-majeurs\/#breadcrumb"},"inLanguage":"fr-BE","potentialAction":[{"@type":"ReadAction","target":["https:\/\/vieassociative.be\/actualites\/feu-vert-a-von-der-leyens-commission-europeenne-arimont-leurope-fait-face-a-des-defis-majeurs\/"]}]},{"@type":"ImageObject","inLanguage":"fr-BE","@id":"https:\/\/vieassociative.be\/actualites\/feu-vert-a-von-der-leyens-commission-europeenne-arimont-leurope-fait-face-a-des-defis-majeurs\/#primaryimage","url":"https:\/\/vieassociative.be\/actualites\/wp-content\/uploads\/2024\/11\/1732738619_Feu-vert-a-von-der-Leyens-Commission-europeenne-\u2013-Arimont.jpg","contentUrl":"https:\/\/vieassociative.be\/actualites\/wp-content\/uploads\/2024\/11\/1732738619_Feu-vert-a-von-der-Leyens-Commission-europeenne-\u2013-Arimont.jpg","width":1300,"height":867,"caption":"Feu vert \u00e0 von der Leyens Commission europ\u00e9enne \u2013 Arimont : \u00ab L\u2019Europe fait face \u00e0 des d\u00e9fis majeurs \u00bb"},{"@type":"BreadcrumbList","@id":"https:\/\/vieassociative.be\/actualites\/feu-vert-a-von-der-leyens-commission-europeenne-arimont-leurope-fait-face-a-des-defis-majeurs\/#breadcrumb","itemListElement":[{"@type":"ListItem","position":1,"name":"Accueil","item":"https:\/\/vieassociative.be\/actualites\/"},{"@type":"ListItem","position":2,"name":"Feu vert \u00e0 von der Leyens Commission europ\u00e9enne \u2013 Arimont : \u00ab L\u2019Europe fait face \u00e0 des d\u00e9fis majeurs \u00bb"}]},{"@type":"WebSite","@id":"https:\/\/vieassociative.be\/actualites\/#website","url":"https:\/\/vieassociative.be\/actualites\/","name":"Vie Associative","description":"","publisher":{"@id":"https:\/\/vieassociative.be\/actualites\/#organization"},"potentialAction":[{"@type":"SearchAction","target":{"@type":"EntryPoint","urlTemplate":"https:\/\/vieassociative.be\/actualites\/?s={search_term_string}"},"query-input":{"@type":"PropertyValueSpecification","valueRequired":true,"valueName":"search_term_string"}}],"inLanguage":"fr-BE"},{"@type":"Organization","@id":"https:\/\/vieassociative.be\/actualites\/#organization","name":"Vie Associative","url":"https:\/\/vieassociative.be\/actualites\/","logo":{"@type":"ImageObject","inLanguage":"fr-BE","@id":"https:\/\/vieassociative.be\/actualites\/#\/schema\/logo\/image\/","url":"https:\/\/vieassociative.be\/actualites\/wp-content\/uploads\/2024\/09\/cropped-vieassociative_favicon.ico.png","contentUrl":"https:\/\/vieassociative.be\/actualites\/wp-content\/uploads\/2024\/09\/cropped-vieassociative_favicon.ico.png","width":512,"height":512,"caption":"Vie Associative"},"image":{"@id":"https:\/\/vieassociative.be\/actualites\/#\/schema\/logo\/image\/"}},{"@type":"Person","@id":"https:\/\/vieassociative.be\/actualites\/#\/schema\/person\/b87ac4f82f9d4e7b7cec7395b679edc4","name":"Julien","image":{"@type":"ImageObject","inLanguage":"fr-BE","@id":"https:\/\/vieassociative.be\/actualites\/#\/schema\/person\/image\/","url":"https:\/\/vieassociative.be\/actualites\/wp-content\/uploads\/2024\/09\/vie-associative-1-150x150.jpg","contentUrl":"https:\/\/vieassociative.be\/actualites\/wp-content\/uploads\/2024\/09\/vie-associative-1-150x150.jpg","caption":"Julien"},"description":"Je suis Julien, r\u00e9dacteur pour Vie Associative. Passionn\u00e9 par le monde associatif depuis plus de 10 ans, j'ai \u00e0 c\u0153ur de partager des histoires inspirantes et de mettre en lumi\u00e8re les initiatives locales. Mon objectif est de sensibiliser et d'encourager l'engagement communautaire \u00e0 travers mes articles.","sameAs":["https:\/\/vieassociative.be\/"]}]}},"_links":{"self":[{"href":"https:\/\/vieassociative.be\/actualites\/wp-json\/wp\/v2\/posts\/2830"}],"collection":[{"href":"https:\/\/vieassociative.be\/actualites\/wp-json\/wp\/v2\/posts"}],"about":[{"href":"https:\/\/vieassociative.be\/actualites\/wp-json\/wp\/v2\/types\/post"}],"author":[{"embeddable":true,"href":"https:\/\/vieassociative.be\/actualites\/wp-json\/wp\/v2\/users\/1"}],"replies":[{"embeddable":true,"href":"https:\/\/vieassociative.be\/actualites\/wp-json\/wp\/v2\/comments?post=2830"}],"version-history":[{"count":0,"href":"https:\/\/vieassociative.be\/actualites\/wp-json\/wp\/v2\/posts\/2830\/revisions"}],"wp:featuredmedia":[{"embeddable":true,"href":"https:\/\/vieassociative.be\/actualites\/wp-json\/wp\/v2\/media\/2831"}],"wp:attachment":[{"href":"https:\/\/vieassociative.be\/actualites\/wp-json\/wp\/v2\/media?parent=2830"}],"wp:term":[{"taxonomy":"category","embeddable":true,"href":"https:\/\/vieassociative.be\/actualites\/wp-json\/wp\/v2\/categories?post=2830"},{"taxonomy":"post_tag","embeddable":true,"href":"https:\/\/vieassociative.be\/actualites\/wp-json\/wp\/v2\/tags?post=2830"}],"curies":[{"name":"wp","href":"https:\/\/api.w.org\/{rel}","templated":true}]}}