{"id":2828,"date":"2024-11-27T20:17:45","date_gmt":"2024-11-27T19:17:45","guid":{"rendered":"https:\/\/vieassociative.be\/actualites\/mon-thermometre-a-viande-intelligent-prefere-est-en-vente-pour-le-black-friday\/"},"modified":"2024-11-27T20:17:45","modified_gmt":"2024-11-27T19:17:45","slug":"mon-thermometre-a-viande-intelligent-prefere-est-en-vente-pour-le-black-friday","status":"publish","type":"post","link":"https:\/\/vieassociative.be\/actualites\/mon-thermometre-a-viande-intelligent-prefere-est-en-vente-pour-le-black-friday\/","title":{"rendered":"Mon thermom\u00e8tre \u00e0 viande intelligent pr\u00e9f\u00e9r\u00e9 est en vente pour le Black Friday"},"content":{"rendered":"<div class=\"mt-4 leading-6 md:mb-8\">Cuisinez plus intelligemment (litt\u00e9ralement) avec un thermom\u00e8tre ThermoPro sans fil.<\/div>\n<p><\/p>\n<p>Je sais que nous sommes tous en train de pr\u00e9parer en profondeur les vacances gastronomiques de cette semaine, mais cela vaut la peine de penser aux f\u00eates de fin d&rsquo;ann\u00e9e \u00e0 venir. \u00c0 l\u2019heure actuelle, vous pouvez acheter un thermom\u00e8tre \u00e0 viande intelligent TempSpike fiable avec une remise exceptionnelle sur le Black Friday. Il n&rsquo;arrivera probablement pas avant Thanksgiving, mais il vous servira bien pendant le reste des vacances d&rsquo;hiver et au-del\u00e0.<\/p>\n<p>Un point d\u2019\u00e9chec majeur lors de la cuisson d\u2019un oiseau aussi gros qu\u2019une dinde est de ne pas le chauffer \u00e0 la bonne temp\u00e9rature. Vous ne pouvez pas compter sur ce thermom\u00e8tre contextuel absurde fourni avec l&rsquo;oiseau pour lequel vous venez de payer entre 30 et 50 dollars. Tout votre repas de f\u00eates en d\u00e9pend, alors utilisez un vrai thermom\u00e8tre. <\/p>\n<p>Les thermom\u00e8tres sans fil se sont am\u00e9lior\u00e9s au cours des derni\u00e8res ann\u00e9es et, m\u00eame si j&rsquo;en ai test\u00e9 quelques-uns qui me plaisaient, j&rsquo;adore le TempSpike et je l&rsquo;ai utilis\u00e9 \u00e0 plusieurs reprises au cours des derniers mois : sur le gril, sous vide, au four et sur la cuisini\u00e8re. J&rsquo;appr\u00e9cie \u00e0 quel point c&rsquo;est simple : ce mod\u00e8le est livr\u00e9 avec deux sondes facilement identifiables, une noire et une blanche. Il s&rsquo;associe facilement \u00e0 l&rsquo;application qui l&rsquo;accompagne, qui vous permet de voir la temp\u00e9rature actuelle ainsi que la temp\u00e9rature cible, et de d\u00e9finir des alertes pour vous avertir lorsqu&rsquo;elles fusionnent. <\/p>\n<p>Je sugg\u00e8re d&rsquo;utiliser la sonde noire pour la poitrine et la blanche pour la cuisse ou la farce, afin d&rsquo;avoir une id\u00e9e globale du moment o\u00f9 sortir l&rsquo;oiseau du four (pour m\u00e9moire, c&rsquo;est \u00e0 155\u00aaF pour la poitrine, 165\u00aaF pour le cuisses et 155\u00aaF pour la farce, car le tout augmentera encore de 10 degr\u00e9s une fois que vous aurez retir\u00e9 l&rsquo;oiseau et l&rsquo;aurez laiss\u00e9 se reposer.)<\/p>\n<p>Une fois les vacances termin\u00e9es, vous pourrez utiliser les sondes partout o\u00f9 vous cuisinez. Comme ils sont sans fil, vous pouvez les mettre dans des sacs sous vide. Ils sont fantastiques sur le gril et offrent une surveillance mains libres. Ils fonctionnent dans des fours grille-pain, sur la cuisini\u00e8re et partout o\u00f9 vous avez besoin de lire la temp\u00e9rature et ne voulez pas rester \u00e0 regarder le repas cuisiner.  <\/p>\n","protected":false},"excerpt":{"rendered":"<p>Cuisinez plus intelligemment (litt\u00e9ralement) avec un thermom\u00e8tre ThermoPro sans fil. Je sais que nous sommes tous en train de pr\u00e9parer en profondeur les vacances gastronomiques<\/p>\n","protected":false},"author":1,"featured_media":2829,"comment_status":"","ping_status":"","sticky":false,"template":"","format":"standard","meta":{"footnotes":""},"categories":[39],"tags":[73,76,1255,3557,49,81,1561,3556,223,1102],"class_list":["post-2828","post","type-post","status-publish","format-standard","has-post-thumbnail","hentry","category-gastronomie","tag-black","tag-est","tag-friday","tag-intelligent","tag-mon","tag-pour","tag-prefere","tag-thermometre","tag-vente","tag-viande","generate-columns","tablet-grid-50","mobile-grid-100","grid-parent","grid-33"],"yoast_head":"<!-- This site is optimized with the Yoast SEO plugin v24.0 - https:\/\/yoast.com\/wordpress\/plugins\/seo\/ -->\n<title>Mon thermom\u00e8tre \u00e0 viande intelligent pr\u00e9f\u00e9r\u00e9 est en vente pour le Black Friday | Vie Associative<\/title>\n<meta name=\"robots\" content=\"index, follow, max-snippet:-1, max-image-preview:large, max-video-preview:-1\" \/>\n<link rel=\"canonical\" href=\"https:\/\/vieassociative.be\/actualites\/mon-thermometre-a-viande-intelligent-prefere-est-en-vente-pour-le-black-friday\/\" \/>\n<meta property=\"og:locale\" content=\"fr_FR\" \/>\n<meta property=\"og:type\" content=\"article\" \/>\n<meta property=\"og:title\" content=\"Mon thermom\u00e8tre \u00e0 viande intelligent pr\u00e9f\u00e9r\u00e9 est en vente pour le Black Friday | Vie Associative\" \/>\n<meta property=\"og:description\" content=\"Cuisinez plus intelligemment (litt\u00e9ralement) avec un thermom\u00e8tre ThermoPro sans fil. Je sais que nous sommes tous en train de pr\u00e9parer en profondeur les vacances gastronomiques\" \/>\n<meta property=\"og:url\" content=\"https:\/\/vieassociative.be\/actualites\/mon-thermometre-a-viande-intelligent-prefere-est-en-vente-pour-le-black-friday\/\" \/>\n<meta property=\"og:site_name\" content=\"Vie Associative\" \/>\n<meta property=\"article:published_time\" content=\"2024-11-27T19:17:45+00:00\" \/>\n<meta property=\"og:image\" content=\"https:\/\/vieassociative.be\/actualites\/wp-content\/uploads\/2024\/09\/header_backgroundk-01-e1726694325946.png\" \/>\n\t<meta property=\"og:image:width\" content=\"279\" \/>\n\t<meta property=\"og:image:height\" content=\"92\" \/>\n\t<meta property=\"og:image:type\" content=\"image\/png\" \/>\n<meta name=\"author\" content=\"Julien\" \/>\n<meta name=\"twitter:card\" content=\"summary_large_image\" \/>\n<meta name=\"twitter:label1\" content=\"\u00c9crit par\" \/>\n\t<meta name=\"twitter:data1\" content=\"Julien\" \/>\n\t<meta name=\"twitter:label2\" content=\"Dur\u00e9e de lecture est.\" \/>\n\t<meta name=\"twitter:data2\" content=\"2 minutes\" \/>\n<script type=\"application\/ld+json\" class=\"yoast-schema-graph\">{\"@context\":\"https:\/\/schema.org\",\"@graph\":[{\"@type\":\"Article\",\"@id\":\"https:\/\/vieassociative.be\/actualites\/mon-thermometre-a-viande-intelligent-prefere-est-en-vente-pour-le-black-friday\/#article\",\"isPartOf\":{\"@id\":\"https:\/\/vieassociative.be\/actualites\/mon-thermometre-a-viande-intelligent-prefere-est-en-vente-pour-le-black-friday\/\"},\"author\":{\"name\":\"Julien\",\"@id\":\"https:\/\/vieassociative.be\/actualites\/#\/schema\/person\/b87ac4f82f9d4e7b7cec7395b679edc4\"},\"headline\":\"Mon thermom\u00e8tre \u00e0 viande intelligent pr\u00e9f\u00e9r\u00e9 est en vente pour le Black Friday\",\"datePublished\":\"2024-11-27T19:17:45+00:00\",\"dateModified\":\"2024-11-27T19:17:45+00:00\",\"mainEntityOfPage\":{\"@id\":\"https:\/\/vieassociative.be\/actualites\/mon-thermometre-a-viande-intelligent-prefere-est-en-vente-pour-le-black-friday\/\"},\"wordCount\":432,\"publisher\":{\"@id\":\"https:\/\/vieassociative.be\/actualites\/#organization\"},\"image\":{\"@id\":\"https:\/\/vieassociative.be\/actualites\/mon-thermometre-a-viande-intelligent-prefere-est-en-vente-pour-le-black-friday\/#primaryimage\"},\"thumbnailUrl\":\"https:\/\/vieassociative.be\/actualites\/wp-content\/uploads\/2024\/11\/Mon-thermometre-a-viande-intelligent-prefere-est-en-vente-pour.png\",\"keywords\":[\"Black\",\"est\",\"Friday\",\"intelligent\",\"Mon\",\"pour\",\"pr\u00e9f\u00e9r\u00e9\",\"thermom\u00e8tre\",\"vente\",\"viande\"],\"articleSection\":[\"Gastronomie\"],\"inLanguage\":\"fr-BE\"},{\"@type\":\"WebPage\",\"@id\":\"https:\/\/vieassociative.be\/actualites\/mon-thermometre-a-viande-intelligent-prefere-est-en-vente-pour-le-black-friday\/\",\"url\":\"https:\/\/vieassociative.be\/actualites\/mon-thermometre-a-viande-intelligent-prefere-est-en-vente-pour-le-black-friday\/\",\"name\":\"Mon thermom\u00e8tre \u00e0 viande intelligent pr\u00e9f\u00e9r\u00e9 est en vente pour le Black Friday | Vie Associative\",\"isPartOf\":{\"@id\":\"https:\/\/vieassociative.be\/actualites\/#website\"},\"primaryImageOfPage\":{\"@id\":\"https:\/\/vieassociative.be\/actualites\/mon-thermometre-a-viande-intelligent-prefere-est-en-vente-pour-le-black-friday\/#primaryimage\"},\"image\":{\"@id\":\"https:\/\/vieassociative.be\/actualites\/mon-thermometre-a-viande-intelligent-prefere-est-en-vente-pour-le-black-friday\/#primaryimage\"},\"thumbnailUrl\":\"https:\/\/vieassociative.be\/actualites\/wp-content\/uploads\/2024\/11\/Mon-thermometre-a-viande-intelligent-prefere-est-en-vente-pour.png\",\"datePublished\":\"2024-11-27T19:17:45+00:00\",\"dateModified\":\"2024-11-27T19:17:45+00:00\",\"breadcrumb\":{\"@id\":\"https:\/\/vieassociative.be\/actualites\/mon-thermometre-a-viande-intelligent-prefere-est-en-vente-pour-le-black-friday\/#breadcrumb\"},\"inLanguage\":\"fr-BE\",\"potentialAction\":[{\"@type\":\"ReadAction\",\"target\":[\"https:\/\/vieassociative.be\/actualites\/mon-thermometre-a-viande-intelligent-prefere-est-en-vente-pour-le-black-friday\/\"]}]},{\"@type\":\"ImageObject\",\"inLanguage\":\"fr-BE\",\"@id\":\"https:\/\/vieassociative.be\/actualites\/mon-thermometre-a-viande-intelligent-prefere-est-en-vente-pour-le-black-friday\/#primaryimage\",\"url\":\"https:\/\/vieassociative.be\/actualites\/wp-content\/uploads\/2024\/11\/Mon-thermometre-a-viande-intelligent-prefere-est-en-vente-pour.png\",\"contentUrl\":\"https:\/\/vieassociative.be\/actualites\/wp-content\/uploads\/2024\/11\/Mon-thermometre-a-viande-intelligent-prefere-est-en-vente-pour.png\",\"width\":1200,\"height\":675,\"caption\":\"Mon thermom\u00e8tre \u00e0 viande intelligent pr\u00e9f\u00e9r\u00e9 est en vente pour le Black Friday\"},{\"@type\":\"BreadcrumbList\",\"@id\":\"https:\/\/vieassociative.be\/actualites\/mon-thermometre-a-viande-intelligent-prefere-est-en-vente-pour-le-black-friday\/#breadcrumb\",\"itemListElement\":[{\"@type\":\"ListItem\",\"position\":1,\"name\":\"Accueil\",\"item\":\"https:\/\/vieassociative.be\/actualites\/\"},{\"@type\":\"ListItem\",\"position\":2,\"name\":\"Mon thermom\u00e8tre \u00e0 viande intelligent pr\u00e9f\u00e9r\u00e9 est en vente pour le Black Friday\"}]},{\"@type\":\"WebSite\",\"@id\":\"https:\/\/vieassociative.be\/actualites\/#website\",\"url\":\"https:\/\/vieassociative.be\/actualites\/\",\"name\":\"Vie Associative\",\"description\":\"\",\"publisher\":{\"@id\":\"https:\/\/vieassociative.be\/actualites\/#organization\"},\"potentialAction\":[{\"@type\":\"SearchAction\",\"target\":{\"@type\":\"EntryPoint\",\"urlTemplate\":\"https:\/\/vieassociative.be\/actualites\/?s={search_term_string}\"},\"query-input\":{\"@type\":\"PropertyValueSpecification\",\"valueRequired\":true,\"valueName\":\"search_term_string\"}}],\"inLanguage\":\"fr-BE\"},{\"@type\":\"Organization\",\"@id\":\"https:\/\/vieassociative.be\/actualites\/#organization\",\"name\":\"Vie Associative\",\"url\":\"https:\/\/vieassociative.be\/actualites\/\",\"logo\":{\"@type\":\"ImageObject\",\"inLanguage\":\"fr-BE\",\"@id\":\"https:\/\/vieassociative.be\/actualites\/#\/schema\/logo\/image\/\",\"url\":\"https:\/\/vieassociative.be\/actualites\/wp-content\/uploads\/2024\/09\/cropped-vieassociative_favicon.ico.png\",\"contentUrl\":\"https:\/\/vieassociative.be\/actualites\/wp-content\/uploads\/2024\/09\/cropped-vieassociative_favicon.ico.png\",\"width\":512,\"height\":512,\"caption\":\"Vie Associative\"},\"image\":{\"@id\":\"https:\/\/vieassociative.be\/actualites\/#\/schema\/logo\/image\/\"}},{\"@type\":\"Person\",\"@id\":\"https:\/\/vieassociative.be\/actualites\/#\/schema\/person\/b87ac4f82f9d4e7b7cec7395b679edc4\",\"name\":\"Julien\",\"image\":{\"@type\":\"ImageObject\",\"inLanguage\":\"fr-BE\",\"@id\":\"https:\/\/vieassociative.be\/actualites\/#\/schema\/person\/image\/\",\"url\":\"https:\/\/vieassociative.be\/actualites\/wp-content\/uploads\/2024\/09\/vie-associative-1-150x150.jpg\",\"contentUrl\":\"https:\/\/vieassociative.be\/actualites\/wp-content\/uploads\/2024\/09\/vie-associative-1-150x150.jpg\",\"caption\":\"Julien\"},\"description\":\"Je suis Julien, r\u00e9dacteur pour Vie Associative. Passionn\u00e9 par le monde associatif depuis plus de 10 ans, j'ai \u00e0 c\u0153ur de partager des histoires inspirantes et de mettre en lumi\u00e8re les initiatives locales. Mon objectif est de sensibiliser et d'encourager l'engagement communautaire \u00e0 travers mes articles.\",\"sameAs\":[\"https:\/\/vieassociative.be\/\"]}]}<\/script>\n<!-- \/ Yoast SEO plugin. -->","yoast_head_json":{"title":"Mon thermom\u00e8tre \u00e0 viande intelligent pr\u00e9f\u00e9r\u00e9 est en vente pour le Black Friday | Vie Associative","robots":{"index":"index","follow":"follow","max-snippet":"max-snippet:-1","max-image-preview":"max-image-preview:large","max-video-preview":"max-video-preview:-1"},"canonical":"https:\/\/vieassociative.be\/actualites\/mon-thermometre-a-viande-intelligent-prefere-est-en-vente-pour-le-black-friday\/","og_locale":"fr_FR","og_type":"article","og_title":"Mon thermom\u00e8tre \u00e0 viande intelligent pr\u00e9f\u00e9r\u00e9 est en vente pour le Black Friday | Vie Associative","og_description":"Cuisinez plus intelligemment (litt\u00e9ralement) avec un thermom\u00e8tre ThermoPro sans fil. Je sais que nous sommes tous en train de pr\u00e9parer en profondeur les vacances gastronomiques","og_url":"https:\/\/vieassociative.be\/actualites\/mon-thermometre-a-viande-intelligent-prefere-est-en-vente-pour-le-black-friday\/","og_site_name":"Vie Associative","article_published_time":"2024-11-27T19:17:45+00:00","og_image":[{"width":279,"height":92,"url":"https:\/\/vieassociative.be\/actualites\/wp-content\/uploads\/2024\/09\/header_backgroundk-01-e1726694325946.png","type":"image\/png"}],"author":"Julien","twitter_card":"summary_large_image","twitter_misc":{"\u00c9crit par":"Julien","Dur\u00e9e de lecture est.":"2 minutes"},"schema":{"@context":"https:\/\/schema.org","@graph":[{"@type":"Article","@id":"https:\/\/vieassociative.be\/actualites\/mon-thermometre-a-viande-intelligent-prefere-est-en-vente-pour-le-black-friday\/#article","isPartOf":{"@id":"https:\/\/vieassociative.be\/actualites\/mon-thermometre-a-viande-intelligent-prefere-est-en-vente-pour-le-black-friday\/"},"author":{"name":"Julien","@id":"https:\/\/vieassociative.be\/actualites\/#\/schema\/person\/b87ac4f82f9d4e7b7cec7395b679edc4"},"headline":"Mon thermom\u00e8tre \u00e0 viande intelligent pr\u00e9f\u00e9r\u00e9 est en vente pour le Black Friday","datePublished":"2024-11-27T19:17:45+00:00","dateModified":"2024-11-27T19:17:45+00:00","mainEntityOfPage":{"@id":"https:\/\/vieassociative.be\/actualites\/mon-thermometre-a-viande-intelligent-prefere-est-en-vente-pour-le-black-friday\/"},"wordCount":432,"publisher":{"@id":"https:\/\/vieassociative.be\/actualites\/#organization"},"image":{"@id":"https:\/\/vieassociative.be\/actualites\/mon-thermometre-a-viande-intelligent-prefere-est-en-vente-pour-le-black-friday\/#primaryimage"},"thumbnailUrl":"https:\/\/vieassociative.be\/actualites\/wp-content\/uploads\/2024\/11\/Mon-thermometre-a-viande-intelligent-prefere-est-en-vente-pour.png","keywords":["Black","est","Friday","intelligent","Mon","pour","pr\u00e9f\u00e9r\u00e9","thermom\u00e8tre","vente","viande"],"articleSection":["Gastronomie"],"inLanguage":"fr-BE"},{"@type":"WebPage","@id":"https:\/\/vieassociative.be\/actualites\/mon-thermometre-a-viande-intelligent-prefere-est-en-vente-pour-le-black-friday\/","url":"https:\/\/vieassociative.be\/actualites\/mon-thermometre-a-viande-intelligent-prefere-est-en-vente-pour-le-black-friday\/","name":"Mon thermom\u00e8tre \u00e0 viande intelligent pr\u00e9f\u00e9r\u00e9 est en vente pour le Black Friday | Vie Associative","isPartOf":{"@id":"https:\/\/vieassociative.be\/actualites\/#website"},"primaryImageOfPage":{"@id":"https:\/\/vieassociative.be\/actualites\/mon-thermometre-a-viande-intelligent-prefere-est-en-vente-pour-le-black-friday\/#primaryimage"},"image":{"@id":"https:\/\/vieassociative.be\/actualites\/mon-thermometre-a-viande-intelligent-prefere-est-en-vente-pour-le-black-friday\/#primaryimage"},"thumbnailUrl":"https:\/\/vieassociative.be\/actualites\/wp-content\/uploads\/2024\/11\/Mon-thermometre-a-viande-intelligent-prefere-est-en-vente-pour.png","datePublished":"2024-11-27T19:17:45+00:00","dateModified":"2024-11-27T19:17:45+00:00","breadcrumb":{"@id":"https:\/\/vieassociative.be\/actualites\/mon-thermometre-a-viande-intelligent-prefere-est-en-vente-pour-le-black-friday\/#breadcrumb"},"inLanguage":"fr-BE","potentialAction":[{"@type":"ReadAction","target":["https:\/\/vieassociative.be\/actualites\/mon-thermometre-a-viande-intelligent-prefere-est-en-vente-pour-le-black-friday\/"]}]},{"@type":"ImageObject","inLanguage":"fr-BE","@id":"https:\/\/vieassociative.be\/actualites\/mon-thermometre-a-viande-intelligent-prefere-est-en-vente-pour-le-black-friday\/#primaryimage","url":"https:\/\/vieassociative.be\/actualites\/wp-content\/uploads\/2024\/11\/Mon-thermometre-a-viande-intelligent-prefere-est-en-vente-pour.png","contentUrl":"https:\/\/vieassociative.be\/actualites\/wp-content\/uploads\/2024\/11\/Mon-thermometre-a-viande-intelligent-prefere-est-en-vente-pour.png","width":1200,"height":675,"caption":"Mon thermom\u00e8tre \u00e0 viande intelligent pr\u00e9f\u00e9r\u00e9 est en vente pour le Black Friday"},{"@type":"BreadcrumbList","@id":"https:\/\/vieassociative.be\/actualites\/mon-thermometre-a-viande-intelligent-prefere-est-en-vente-pour-le-black-friday\/#breadcrumb","itemListElement":[{"@type":"ListItem","position":1,"name":"Accueil","item":"https:\/\/vieassociative.be\/actualites\/"},{"@type":"ListItem","position":2,"name":"Mon thermom\u00e8tre \u00e0 viande intelligent pr\u00e9f\u00e9r\u00e9 est en vente pour le Black Friday"}]},{"@type":"WebSite","@id":"https:\/\/vieassociative.be\/actualites\/#website","url":"https:\/\/vieassociative.be\/actualites\/","name":"Vie Associative","description":"","publisher":{"@id":"https:\/\/vieassociative.be\/actualites\/#organization"},"potentialAction":[{"@type":"SearchAction","target":{"@type":"EntryPoint","urlTemplate":"https:\/\/vieassociative.be\/actualites\/?s={search_term_string}"},"query-input":{"@type":"PropertyValueSpecification","valueRequired":true,"valueName":"search_term_string"}}],"inLanguage":"fr-BE"},{"@type":"Organization","@id":"https:\/\/vieassociative.be\/actualites\/#organization","name":"Vie Associative","url":"https:\/\/vieassociative.be\/actualites\/","logo":{"@type":"ImageObject","inLanguage":"fr-BE","@id":"https:\/\/vieassociative.be\/actualites\/#\/schema\/logo\/image\/","url":"https:\/\/vieassociative.be\/actualites\/wp-content\/uploads\/2024\/09\/cropped-vieassociative_favicon.ico.png","contentUrl":"https:\/\/vieassociative.be\/actualites\/wp-content\/uploads\/2024\/09\/cropped-vieassociative_favicon.ico.png","width":512,"height":512,"caption":"Vie Associative"},"image":{"@id":"https:\/\/vieassociative.be\/actualites\/#\/schema\/logo\/image\/"}},{"@type":"Person","@id":"https:\/\/vieassociative.be\/actualites\/#\/schema\/person\/b87ac4f82f9d4e7b7cec7395b679edc4","name":"Julien","image":{"@type":"ImageObject","inLanguage":"fr-BE","@id":"https:\/\/vieassociative.be\/actualites\/#\/schema\/person\/image\/","url":"https:\/\/vieassociative.be\/actualites\/wp-content\/uploads\/2024\/09\/vie-associative-1-150x150.jpg","contentUrl":"https:\/\/vieassociative.be\/actualites\/wp-content\/uploads\/2024\/09\/vie-associative-1-150x150.jpg","caption":"Julien"},"description":"Je suis Julien, r\u00e9dacteur pour Vie Associative. Passionn\u00e9 par le monde associatif depuis plus de 10 ans, j'ai \u00e0 c\u0153ur de partager des histoires inspirantes et de mettre en lumi\u00e8re les initiatives locales. Mon objectif est de sensibiliser et d'encourager l'engagement communautaire \u00e0 travers mes articles.","sameAs":["https:\/\/vieassociative.be\/"]}]}},"_links":{"self":[{"href":"https:\/\/vieassociative.be\/actualites\/wp-json\/wp\/v2\/posts\/2828"}],"collection":[{"href":"https:\/\/vieassociative.be\/actualites\/wp-json\/wp\/v2\/posts"}],"about":[{"href":"https:\/\/vieassociative.be\/actualites\/wp-json\/wp\/v2\/types\/post"}],"author":[{"embeddable":true,"href":"https:\/\/vieassociative.be\/actualites\/wp-json\/wp\/v2\/users\/1"}],"replies":[{"embeddable":true,"href":"https:\/\/vieassociative.be\/actualites\/wp-json\/wp\/v2\/comments?post=2828"}],"version-history":[{"count":0,"href":"https:\/\/vieassociative.be\/actualites\/wp-json\/wp\/v2\/posts\/2828\/revisions"}],"wp:featuredmedia":[{"embeddable":true,"href":"https:\/\/vieassociative.be\/actualites\/wp-json\/wp\/v2\/media\/2829"}],"wp:attachment":[{"href":"https:\/\/vieassociative.be\/actualites\/wp-json\/wp\/v2\/media?parent=2828"}],"wp:term":[{"taxonomy":"category","embeddable":true,"href":"https:\/\/vieassociative.be\/actualites\/wp-json\/wp\/v2\/categories?post=2828"},{"taxonomy":"post_tag","embeddable":true,"href":"https:\/\/vieassociative.be\/actualites\/wp-json\/wp\/v2\/tags?post=2828"}],"curies":[{"name":"wp","href":"https:\/\/api.w.org\/{rel}","templated":true}]}}