{"id":2821,"date":"2024-11-27T15:18:15","date_gmt":"2024-11-27T14:18:15","guid":{"rendered":"https:\/\/vieassociative.be\/actualites\/crise-de-mancity-huees-et-nez-ensanglante-pour-guardiola\/"},"modified":"2024-11-27T15:18:15","modified_gmt":"2024-11-27T14:18:15","slug":"crise-de-mancity-huees-et-nez-ensanglante-pour-guardiola","status":"publish","type":"post","link":"https:\/\/vieassociative.be\/actualites\/crise-de-mancity-huees-et-nez-ensanglante-pour-guardiola\/","title":{"rendered":"Crise de ManCity : hu\u00e9es et nez ensanglant\u00e9 pour Guardiola"},"content":{"rendered":"<p><strong>Manchester City ne peut pas sortir de la crise : apr\u00e8s le match nul 3-3 contre Rotterdam, les supporters sifflent leur \u00e9quipe. L&rsquo;entra\u00eeneur Pep Guardiola est frustr\u00e9, cela se voit sur son visage.<\/strong><\/p>\n<p><span id=\"more-402748\"><\/span>Manchester City s&rsquo;enfonce de plus en plus profond\u00e9ment dans la crise &#8211; et l&rsquo;entra\u00eeneur Pep Guardiola n&rsquo;est pas seulement sorti litt\u00e9ralement \u00e9gratign\u00e9 du prochain revers sportif. Apr\u00e8s le match nul 3-3 en Ligue des Champions contre le Feyenoord Rotterdam malgr\u00e9 une avance de 3-0, l&rsquo;entra\u00eeneur vedette a fait sensation avec une \u00e9gratignure sanglante sur le nez et des \u00e9gratignures rouges sur le front et la t\u00eate chauve.<\/p>\n<p>Il s&rsquo;est saisi \u00e0 plusieurs reprises la t\u00eate et le visage pendant le match et les a accidentellement bless\u00e9s avec son ongle, comme il l&rsquo;a d\u00e9crit lors de la conf\u00e9rence de presse. \u00ab\u00a0Je voulais me faire du mal\u00a0\u00bb, a plaisant\u00e9 Guardiola avant de quitter le podium.<\/p>\n<div id=\"attachment_402751\" class=\"wp-caption alignleft\" style=\"max-width: 300px\"><img fetchpriority=\"high\" decoding=\"async\" class=\"wp-image-402751 size-medium\" src=\"https:\/\/vieassociative.be\/actualites\/wp-content\/uploads\/2024\/11\/Crise-de-ManCity-huees-et-nez-ensanglante-pour-Guardiola.jpg\" alt=\"\" width=\"300\" height=\"187\"><\/p>\n<p class=\"wp-caption-text\">26 novembre 2024, Grande-Bretagne, Manchester : Pep Guardiola, entra\u00eeneur de Manchester City, donne des instructions \u00e0 Rico Lewis. Photo : Martin Rickett\/PA Wire\/dpa<\/p>\n<\/div>\n<p>Quelques heures plus tard, l&rsquo;Espagnol \u00e9crivait sur les r\u00e9seaux sociaux qu&rsquo;il avait \u00e9t\u00e9 surpris par la question d&rsquo;un journaliste. Il n\u2019avait pas l\u2019intention de s\u2019attaquer au tr\u00e8s grave probl\u00e8me de l\u2019automutilation. Guardiola a \u00e9galement partag\u00e9 les coordonn\u00e9es d&rsquo;une organisation vers laquelle les personnes souffrant de probl\u00e8mes mentaux peuvent se tourner si elles demandent de l&rsquo;aide.<\/p>\n<p><strong>\u2013 \u00ab Nous sommes fragiles \u00bb :<\/strong> C\u00f4t\u00e9 sport, Manchester City avait une nouvelle fois d\u00e9\u00e7u la veille et se faisait huer et siffler par ses propres supporters apr\u00e8s le tirage au sort. Guardiola pouvait comprendre la r\u00e9action, puisqu&rsquo;il a d\u00e9clar\u00e9 : \u00ab\u00a0Vous \u00eates d\u00e9\u00e7u, bien s\u00fbr, nous comprenons cela. Vous avez absolument le droit de montrer ce que vous ressentez.\u00a0\u00bb<\/p>\n<p>Avant le match contre Feyenoord, City avait perdu cinq matchs de comp\u00e9tition d&rsquo;affil\u00e9e \u2013 et le match nul ressemblait \u00e9galement \u00e0 une d\u00e9faite. Les Anglais menaient 3-0 dans leur propre stade jusqu&rsquo;\u00e0 la 75e minute avant d&rsquo;encaisser trois autres buts et de perdre la victoire. Cela n\u2019\u00e9tait jamais arriv\u00e9 \u00e0 une \u00e9quipe en Ligue des champions auparavant.<\/p>\n<div id=\"attachment_402752\" class=\"wp-caption alignleft\" style=\"max-width: 239px\"><img decoding=\"async\" class=\"wp-image-402752 size-medium\" src=\"https:\/\/vieassociative.be\/actualites\/wp-content\/uploads\/2024\/11\/1732717095_244_Crise-de-ManCity-huees-et-nez-ensanglante-pour-Guardiola.jpg\" alt=\"\" width=\"239\" height=\"300\"  ><\/p>\n<p class=\"wp-caption-text\">26 novembre 2024, Grande-Bretagne, Manchester : Pep Guardiola, entra\u00eeneur de Manchester City, r\u00e9agit. Photo : Martin Rickett\/PA Wire\/dpa<\/p>\n<\/div>\n<p>\u00ab\u00a0Nous avons perdu beaucoup de matchs ces derniers temps, nous sommes fragiles\u00a0\u00bb, a analys\u00e9 Guardiola, qui traverse la plus grande accalmie de r\u00e9sultats de sa carri\u00e8re d&rsquo;entra\u00eeneur. \u00ab\u00a0Je ne sais pas si c&rsquo;est une chose mentale.\u00a0\u00bb<\/p>\n<p><strong>\u2013 Huiti\u00e8mes de finale directs de qualification en danger :<\/strong> Selon le service de statistiques Opta, Guardiola a perdu une avance de 3-0 pour la premi\u00e8re fois de sa carri\u00e8re d&rsquo;entra\u00eeneur ; quelque chose de pareil n&rsquo;\u00e9tait pas arriv\u00e9 \u00e0 City depuis 1989. La BBC a calcul\u00e9 que le club avait encaiss\u00e9 au moins deux buts par match lors de six matchs cons\u00e9cutifs pour la premi\u00e8re fois depuis 1963.<\/p>\n<p>Au lieu de se hisser dans le premier tiers du classement de la Ligue des champions avec une victoire, les tenants du titre 2023 restent au milieu de terrain et risquent de rater une qualification directe pour les huiti\u00e8mes de finale. Et les prochaines t\u00e2ches sont \u00e0 nouveau difficiles : ce week-end, City rendra visite au Liverpool FC, leader de la ligue souveraine, en Premier League. En Ligue des Champions, Guardiola et ses prot\u00e9g\u00e9s doivent se rendre \u00e0 la Juventus Turin et au Paris Saint-Germain en d\u00e9cembre et janvier. \u00ab\u00a0Mais je n&rsquo;y pense pas pour le moment\u00a0\u00bb, a d\u00e9clar\u00e9 l&rsquo;entra\u00eeneur apr\u00e8s la d\u00e9ception de Feyenoord. \u00ab Nous devons r\u00e9cup\u00e9rer et pr\u00e9parer le prochain match. Si nous ne parvenons pas \u00e0 gagner des matches comme celui-ci aujourd&rsquo;hui, ce sera tr\u00e8s difficile.\u00bb<\/p>\n","protected":false},"excerpt":{"rendered":"<p>Manchester City ne peut pas sortir de la crise : apr\u00e8s le match nul 3-3 contre Rotterdam, les supporters sifflent leur \u00e9quipe. L&rsquo;entra\u00eeneur Pep Guardiola<\/p>\n","protected":false},"author":1,"featured_media":2822,"comment_status":"","ping_status":"","sticky":false,"template":"","format":"standard","meta":{"footnotes":""},"categories":[298],"tags":[644,3554,3555,3552,3551,3553,81],"class_list":["post-2821","post","type-post","status-publish","format-standard","has-post-thumbnail","hentry","category-belgique","tag-crise","tag-ensanglante","tag-guardiola","tag-huees","tag-mancity","tag-nez","tag-pour","generate-columns","tablet-grid-50","mobile-grid-100","grid-parent","grid-33"],"yoast_head":"<!-- This site is optimized with the Yoast SEO plugin v24.0 - https:\/\/yoast.com\/wordpress\/plugins\/seo\/ -->\n<title>Crise de ManCity : hu\u00e9es et nez ensanglant\u00e9 pour Guardiola | Vie Associative<\/title>\n<meta name=\"robots\" content=\"index, follow, max-snippet:-1, max-image-preview:large, max-video-preview:-1\" \/>\n<link rel=\"canonical\" href=\"https:\/\/vieassociative.be\/actualites\/crise-de-mancity-huees-et-nez-ensanglante-pour-guardiola\/\" \/>\n<meta property=\"og:locale\" content=\"fr_FR\" \/>\n<meta property=\"og:type\" content=\"article\" \/>\n<meta property=\"og:title\" content=\"Crise de ManCity : hu\u00e9es et nez ensanglant\u00e9 pour Guardiola | Vie Associative\" \/>\n<meta property=\"og:description\" content=\"Manchester City ne peut pas sortir de la crise : apr\u00e8s le match nul 3-3 contre Rotterdam, les supporters sifflent leur \u00e9quipe. L&rsquo;entra\u00eeneur Pep Guardiola\" \/>\n<meta property=\"og:url\" content=\"https:\/\/vieassociative.be\/actualites\/crise-de-mancity-huees-et-nez-ensanglante-pour-guardiola\/\" \/>\n<meta property=\"og:site_name\" content=\"Vie Associative\" \/>\n<meta property=\"article:published_time\" content=\"2024-11-27T14:18:15+00:00\" \/>\n<meta property=\"og:image\" content=\"https:\/\/vieassociative.be\/actualites\/wp-content\/uploads\/2024\/11\/Crise-de-ManCity-huees-et-nez-ensanglante-pour-Guardiola.jpg\" \/>\n<meta name=\"author\" content=\"Julien\" \/>\n<meta name=\"twitter:card\" content=\"summary_large_image\" \/>\n<meta name=\"twitter:label1\" content=\"\u00c9crit par\" \/>\n\t<meta name=\"twitter:data1\" content=\"Julien\" \/>\n\t<meta name=\"twitter:label2\" content=\"Dur\u00e9e de lecture est.\" \/>\n\t<meta name=\"twitter:data2\" content=\"3 minutes\" \/>\n<script type=\"application\/ld+json\" class=\"yoast-schema-graph\">{\"@context\":\"https:\/\/schema.org\",\"@graph\":[{\"@type\":\"Article\",\"@id\":\"https:\/\/vieassociative.be\/actualites\/crise-de-mancity-huees-et-nez-ensanglante-pour-guardiola\/#article\",\"isPartOf\":{\"@id\":\"https:\/\/vieassociative.be\/actualites\/crise-de-mancity-huees-et-nez-ensanglante-pour-guardiola\/\"},\"author\":{\"name\":\"Julien\",\"@id\":\"https:\/\/vieassociative.be\/actualites\/#\/schema\/person\/b87ac4f82f9d4e7b7cec7395b679edc4\"},\"headline\":\"Crise de ManCity : hu\u00e9es et nez ensanglant\u00e9 pour Guardiola\",\"datePublished\":\"2024-11-27T14:18:15+00:00\",\"dateModified\":\"2024-11-27T14:18:15+00:00\",\"mainEntityOfPage\":{\"@id\":\"https:\/\/vieassociative.be\/actualites\/crise-de-mancity-huees-et-nez-ensanglante-pour-guardiola\/\"},\"wordCount\":657,\"publisher\":{\"@id\":\"https:\/\/vieassociative.be\/actualites\/#organization\"},\"image\":{\"@id\":\"https:\/\/vieassociative.be\/actualites\/crise-de-mancity-huees-et-nez-ensanglante-pour-guardiola\/#primaryimage\"},\"thumbnailUrl\":\"https:\/\/vieassociative.be\/actualites\/wp-content\/uploads\/2024\/11\/1732717095_Crise-de-ManCity-huees-et-nez-ensanglante-pour-Guardiola.jpg\",\"keywords\":[\"Crise\",\"ensanglant\u00e9\",\"Guardiola\",\"hu\u00e9es\",\"ManCity\",\"nez\",\"pour\"],\"articleSection\":[\"Belgique\"],\"inLanguage\":\"fr-BE\"},{\"@type\":\"WebPage\",\"@id\":\"https:\/\/vieassociative.be\/actualites\/crise-de-mancity-huees-et-nez-ensanglante-pour-guardiola\/\",\"url\":\"https:\/\/vieassociative.be\/actualites\/crise-de-mancity-huees-et-nez-ensanglante-pour-guardiola\/\",\"name\":\"Crise de ManCity : hu\u00e9es et nez ensanglant\u00e9 pour Guardiola | Vie Associative\",\"isPartOf\":{\"@id\":\"https:\/\/vieassociative.be\/actualites\/#website\"},\"primaryImageOfPage\":{\"@id\":\"https:\/\/vieassociative.be\/actualites\/crise-de-mancity-huees-et-nez-ensanglante-pour-guardiola\/#primaryimage\"},\"image\":{\"@id\":\"https:\/\/vieassociative.be\/actualites\/crise-de-mancity-huees-et-nez-ensanglante-pour-guardiola\/#primaryimage\"},\"thumbnailUrl\":\"https:\/\/vieassociative.be\/actualites\/wp-content\/uploads\/2024\/11\/1732717095_Crise-de-ManCity-huees-et-nez-ensanglante-pour-Guardiola.jpg\",\"datePublished\":\"2024-11-27T14:18:15+00:00\",\"dateModified\":\"2024-11-27T14:18:15+00:00\",\"breadcrumb\":{\"@id\":\"https:\/\/vieassociative.be\/actualites\/crise-de-mancity-huees-et-nez-ensanglante-pour-guardiola\/#breadcrumb\"},\"inLanguage\":\"fr-BE\",\"potentialAction\":[{\"@type\":\"ReadAction\",\"target\":[\"https:\/\/vieassociative.be\/actualites\/crise-de-mancity-huees-et-nez-ensanglante-pour-guardiola\/\"]}]},{\"@type\":\"ImageObject\",\"inLanguage\":\"fr-BE\",\"@id\":\"https:\/\/vieassociative.be\/actualites\/crise-de-mancity-huees-et-nez-ensanglante-pour-guardiola\/#primaryimage\",\"url\":\"https:\/\/vieassociative.be\/actualites\/wp-content\/uploads\/2024\/11\/1732717095_Crise-de-ManCity-huees-et-nez-ensanglante-pour-Guardiola.jpg\",\"contentUrl\":\"https:\/\/vieassociative.be\/actualites\/wp-content\/uploads\/2024\/11\/1732717095_Crise-de-ManCity-huees-et-nez-ensanglante-pour-Guardiola.jpg\",\"width\":1200,\"height\":800,\"caption\":\"Crise de ManCity : hu\u00e9es et nez ensanglant\u00e9 pour Guardiola\"},{\"@type\":\"BreadcrumbList\",\"@id\":\"https:\/\/vieassociative.be\/actualites\/crise-de-mancity-huees-et-nez-ensanglante-pour-guardiola\/#breadcrumb\",\"itemListElement\":[{\"@type\":\"ListItem\",\"position\":1,\"name\":\"Accueil\",\"item\":\"https:\/\/vieassociative.be\/actualites\/\"},{\"@type\":\"ListItem\",\"position\":2,\"name\":\"Crise de ManCity : hu\u00e9es et nez ensanglant\u00e9 pour Guardiola\"}]},{\"@type\":\"WebSite\",\"@id\":\"https:\/\/vieassociative.be\/actualites\/#website\",\"url\":\"https:\/\/vieassociative.be\/actualites\/\",\"name\":\"Vie Associative\",\"description\":\"\",\"publisher\":{\"@id\":\"https:\/\/vieassociative.be\/actualites\/#organization\"},\"potentialAction\":[{\"@type\":\"SearchAction\",\"target\":{\"@type\":\"EntryPoint\",\"urlTemplate\":\"https:\/\/vieassociative.be\/actualites\/?s={search_term_string}\"},\"query-input\":{\"@type\":\"PropertyValueSpecification\",\"valueRequired\":true,\"valueName\":\"search_term_string\"}}],\"inLanguage\":\"fr-BE\"},{\"@type\":\"Organization\",\"@id\":\"https:\/\/vieassociative.be\/actualites\/#organization\",\"name\":\"Vie Associative\",\"url\":\"https:\/\/vieassociative.be\/actualites\/\",\"logo\":{\"@type\":\"ImageObject\",\"inLanguage\":\"fr-BE\",\"@id\":\"https:\/\/vieassociative.be\/actualites\/#\/schema\/logo\/image\/\",\"url\":\"https:\/\/vieassociative.be\/actualites\/wp-content\/uploads\/2024\/09\/cropped-vieassociative_favicon.ico.png\",\"contentUrl\":\"https:\/\/vieassociative.be\/actualites\/wp-content\/uploads\/2024\/09\/cropped-vieassociative_favicon.ico.png\",\"width\":512,\"height\":512,\"caption\":\"Vie Associative\"},\"image\":{\"@id\":\"https:\/\/vieassociative.be\/actualites\/#\/schema\/logo\/image\/\"}},{\"@type\":\"Person\",\"@id\":\"https:\/\/vieassociative.be\/actualites\/#\/schema\/person\/b87ac4f82f9d4e7b7cec7395b679edc4\",\"name\":\"Julien\",\"image\":{\"@type\":\"ImageObject\",\"inLanguage\":\"fr-BE\",\"@id\":\"https:\/\/vieassociative.be\/actualites\/#\/schema\/person\/image\/\",\"url\":\"https:\/\/vieassociative.be\/actualites\/wp-content\/uploads\/2024\/09\/vie-associative-1-150x150.jpg\",\"contentUrl\":\"https:\/\/vieassociative.be\/actualites\/wp-content\/uploads\/2024\/09\/vie-associative-1-150x150.jpg\",\"caption\":\"Julien\"},\"description\":\"Je suis Julien, r\u00e9dacteur pour Vie Associative. Passionn\u00e9 par le monde associatif depuis plus de 10 ans, j'ai \u00e0 c\u0153ur de partager des histoires inspirantes et de mettre en lumi\u00e8re les initiatives locales. Mon objectif est de sensibiliser et d'encourager l'engagement communautaire \u00e0 travers mes articles.\",\"sameAs\":[\"https:\/\/vieassociative.be\/\"]}]}<\/script>\n<!-- \/ Yoast SEO plugin. -->","yoast_head_json":{"title":"Crise de ManCity : hu\u00e9es et nez ensanglant\u00e9 pour Guardiola | Vie Associative","robots":{"index":"index","follow":"follow","max-snippet":"max-snippet:-1","max-image-preview":"max-image-preview:large","max-video-preview":"max-video-preview:-1"},"canonical":"https:\/\/vieassociative.be\/actualites\/crise-de-mancity-huees-et-nez-ensanglante-pour-guardiola\/","og_locale":"fr_FR","og_type":"article","og_title":"Crise de ManCity : hu\u00e9es et nez ensanglant\u00e9 pour Guardiola | Vie Associative","og_description":"Manchester City ne peut pas sortir de la crise : apr\u00e8s le match nul 3-3 contre Rotterdam, les supporters sifflent leur \u00e9quipe. L&rsquo;entra\u00eeneur Pep Guardiola","og_url":"https:\/\/vieassociative.be\/actualites\/crise-de-mancity-huees-et-nez-ensanglante-pour-guardiola\/","og_site_name":"Vie Associative","article_published_time":"2024-11-27T14:18:15+00:00","og_image":[{"url":"https:\/\/vieassociative.be\/actualites\/wp-content\/uploads\/2024\/11\/Crise-de-ManCity-huees-et-nez-ensanglante-pour-Guardiola.jpg","type":"","width":"","height":""}],"author":"Julien","twitter_card":"summary_large_image","twitter_misc":{"\u00c9crit par":"Julien","Dur\u00e9e de lecture est.":"3 minutes"},"schema":{"@context":"https:\/\/schema.org","@graph":[{"@type":"Article","@id":"https:\/\/vieassociative.be\/actualites\/crise-de-mancity-huees-et-nez-ensanglante-pour-guardiola\/#article","isPartOf":{"@id":"https:\/\/vieassociative.be\/actualites\/crise-de-mancity-huees-et-nez-ensanglante-pour-guardiola\/"},"author":{"name":"Julien","@id":"https:\/\/vieassociative.be\/actualites\/#\/schema\/person\/b87ac4f82f9d4e7b7cec7395b679edc4"},"headline":"Crise de ManCity : hu\u00e9es et nez ensanglant\u00e9 pour Guardiola","datePublished":"2024-11-27T14:18:15+00:00","dateModified":"2024-11-27T14:18:15+00:00","mainEntityOfPage":{"@id":"https:\/\/vieassociative.be\/actualites\/crise-de-mancity-huees-et-nez-ensanglante-pour-guardiola\/"},"wordCount":657,"publisher":{"@id":"https:\/\/vieassociative.be\/actualites\/#organization"},"image":{"@id":"https:\/\/vieassociative.be\/actualites\/crise-de-mancity-huees-et-nez-ensanglante-pour-guardiola\/#primaryimage"},"thumbnailUrl":"https:\/\/vieassociative.be\/actualites\/wp-content\/uploads\/2024\/11\/1732717095_Crise-de-ManCity-huees-et-nez-ensanglante-pour-Guardiola.jpg","keywords":["Crise","ensanglant\u00e9","Guardiola","hu\u00e9es","ManCity","nez","pour"],"articleSection":["Belgique"],"inLanguage":"fr-BE"},{"@type":"WebPage","@id":"https:\/\/vieassociative.be\/actualites\/crise-de-mancity-huees-et-nez-ensanglante-pour-guardiola\/","url":"https:\/\/vieassociative.be\/actualites\/crise-de-mancity-huees-et-nez-ensanglante-pour-guardiola\/","name":"Crise de ManCity : hu\u00e9es et nez ensanglant\u00e9 pour Guardiola | Vie Associative","isPartOf":{"@id":"https:\/\/vieassociative.be\/actualites\/#website"},"primaryImageOfPage":{"@id":"https:\/\/vieassociative.be\/actualites\/crise-de-mancity-huees-et-nez-ensanglante-pour-guardiola\/#primaryimage"},"image":{"@id":"https:\/\/vieassociative.be\/actualites\/crise-de-mancity-huees-et-nez-ensanglante-pour-guardiola\/#primaryimage"},"thumbnailUrl":"https:\/\/vieassociative.be\/actualites\/wp-content\/uploads\/2024\/11\/1732717095_Crise-de-ManCity-huees-et-nez-ensanglante-pour-Guardiola.jpg","datePublished":"2024-11-27T14:18:15+00:00","dateModified":"2024-11-27T14:18:15+00:00","breadcrumb":{"@id":"https:\/\/vieassociative.be\/actualites\/crise-de-mancity-huees-et-nez-ensanglante-pour-guardiola\/#breadcrumb"},"inLanguage":"fr-BE","potentialAction":[{"@type":"ReadAction","target":["https:\/\/vieassociative.be\/actualites\/crise-de-mancity-huees-et-nez-ensanglante-pour-guardiola\/"]}]},{"@type":"ImageObject","inLanguage":"fr-BE","@id":"https:\/\/vieassociative.be\/actualites\/crise-de-mancity-huees-et-nez-ensanglante-pour-guardiola\/#primaryimage","url":"https:\/\/vieassociative.be\/actualites\/wp-content\/uploads\/2024\/11\/1732717095_Crise-de-ManCity-huees-et-nez-ensanglante-pour-Guardiola.jpg","contentUrl":"https:\/\/vieassociative.be\/actualites\/wp-content\/uploads\/2024\/11\/1732717095_Crise-de-ManCity-huees-et-nez-ensanglante-pour-Guardiola.jpg","width":1200,"height":800,"caption":"Crise de ManCity : hu\u00e9es et nez ensanglant\u00e9 pour Guardiola"},{"@type":"BreadcrumbList","@id":"https:\/\/vieassociative.be\/actualites\/crise-de-mancity-huees-et-nez-ensanglante-pour-guardiola\/#breadcrumb","itemListElement":[{"@type":"ListItem","position":1,"name":"Accueil","item":"https:\/\/vieassociative.be\/actualites\/"},{"@type":"ListItem","position":2,"name":"Crise de ManCity : hu\u00e9es et nez ensanglant\u00e9 pour Guardiola"}]},{"@type":"WebSite","@id":"https:\/\/vieassociative.be\/actualites\/#website","url":"https:\/\/vieassociative.be\/actualites\/","name":"Vie Associative","description":"","publisher":{"@id":"https:\/\/vieassociative.be\/actualites\/#organization"},"potentialAction":[{"@type":"SearchAction","target":{"@type":"EntryPoint","urlTemplate":"https:\/\/vieassociative.be\/actualites\/?s={search_term_string}"},"query-input":{"@type":"PropertyValueSpecification","valueRequired":true,"valueName":"search_term_string"}}],"inLanguage":"fr-BE"},{"@type":"Organization","@id":"https:\/\/vieassociative.be\/actualites\/#organization","name":"Vie Associative","url":"https:\/\/vieassociative.be\/actualites\/","logo":{"@type":"ImageObject","inLanguage":"fr-BE","@id":"https:\/\/vieassociative.be\/actualites\/#\/schema\/logo\/image\/","url":"https:\/\/vieassociative.be\/actualites\/wp-content\/uploads\/2024\/09\/cropped-vieassociative_favicon.ico.png","contentUrl":"https:\/\/vieassociative.be\/actualites\/wp-content\/uploads\/2024\/09\/cropped-vieassociative_favicon.ico.png","width":512,"height":512,"caption":"Vie Associative"},"image":{"@id":"https:\/\/vieassociative.be\/actualites\/#\/schema\/logo\/image\/"}},{"@type":"Person","@id":"https:\/\/vieassociative.be\/actualites\/#\/schema\/person\/b87ac4f82f9d4e7b7cec7395b679edc4","name":"Julien","image":{"@type":"ImageObject","inLanguage":"fr-BE","@id":"https:\/\/vieassociative.be\/actualites\/#\/schema\/person\/image\/","url":"https:\/\/vieassociative.be\/actualites\/wp-content\/uploads\/2024\/09\/vie-associative-1-150x150.jpg","contentUrl":"https:\/\/vieassociative.be\/actualites\/wp-content\/uploads\/2024\/09\/vie-associative-1-150x150.jpg","caption":"Julien"},"description":"Je suis Julien, r\u00e9dacteur pour Vie Associative. Passionn\u00e9 par le monde associatif depuis plus de 10 ans, j'ai \u00e0 c\u0153ur de partager des histoires inspirantes et de mettre en lumi\u00e8re les initiatives locales. Mon objectif est de sensibiliser et d'encourager l'engagement communautaire \u00e0 travers mes articles.","sameAs":["https:\/\/vieassociative.be\/"]}]}},"_links":{"self":[{"href":"https:\/\/vieassociative.be\/actualites\/wp-json\/wp\/v2\/posts\/2821"}],"collection":[{"href":"https:\/\/vieassociative.be\/actualites\/wp-json\/wp\/v2\/posts"}],"about":[{"href":"https:\/\/vieassociative.be\/actualites\/wp-json\/wp\/v2\/types\/post"}],"author":[{"embeddable":true,"href":"https:\/\/vieassociative.be\/actualites\/wp-json\/wp\/v2\/users\/1"}],"replies":[{"embeddable":true,"href":"https:\/\/vieassociative.be\/actualites\/wp-json\/wp\/v2\/comments?post=2821"}],"version-history":[{"count":0,"href":"https:\/\/vieassociative.be\/actualites\/wp-json\/wp\/v2\/posts\/2821\/revisions"}],"wp:featuredmedia":[{"embeddable":true,"href":"https:\/\/vieassociative.be\/actualites\/wp-json\/wp\/v2\/media\/2822"}],"wp:attachment":[{"href":"https:\/\/vieassociative.be\/actualites\/wp-json\/wp\/v2\/media?parent=2821"}],"wp:term":[{"taxonomy":"category","embeddable":true,"href":"https:\/\/vieassociative.be\/actualites\/wp-json\/wp\/v2\/categories?post=2821"},{"taxonomy":"post_tag","embeddable":true,"href":"https:\/\/vieassociative.be\/actualites\/wp-json\/wp\/v2\/tags?post=2821"}],"curies":[{"name":"wp","href":"https:\/\/api.w.org\/{rel}","templated":true}]}}