{"id":2817,"date":"2024-11-27T12:20:20","date_gmt":"2024-11-27T11:20:20","guid":{"rendered":"https:\/\/vieassociative.be\/actualites\/comment-rester-calme-pendant-la-crise-de-colere-de-votre-tout-petit-selon-un-neuroscientifique\/"},"modified":"2024-11-27T12:20:20","modified_gmt":"2024-11-27T11:20:20","slug":"comment-rester-calme-pendant-la-crise-de-colere-de-votre-tout-petit-selon-un-neuroscientifique","status":"publish","type":"post","link":"https:\/\/vieassociative.be\/actualites\/comment-rester-calme-pendant-la-crise-de-colere-de-votre-tout-petit-selon-un-neuroscientifique\/","title":{"rendered":"Comment rester calme pendant la crise de col\u00e8re de votre tout-petit, selon un neuroscientifique"},"content":{"rendered":"<div class=\"mt-4 leading-6 md:mb-8\">Juste apr\u00e8s qu\u2019ils commencent \u00e0 \u00eatre inond\u00e9s d\u2019\u00e9motions, nous commen\u00e7ons \u00e0 \u00eatre inond\u00e9s d\u2019\u00e9motions.<\/div>\n<p><\/p>\n<p>De nombreux conseils sur la fa\u00e7on de g\u00e9rer les crises de col\u00e8re disent que la premi\u00e8re \u00e9tape est de rester calme vous-m\u00eame : perdre votre sang-froid lorsque vous avez affaire \u00e0 votre enfant ne fera pas dispara\u00eetre la crise et ne fera qu&#8217;empirer les choses. Un petit probl\u00e8me, cependant, est qu&rsquo;il est parfois impossible de rester calme lorsque la personne en face de vous vous envoie toute cette \u00e9motion brute. Comment rester calme quand votre enfant est tout sauf ? J&rsquo;ai d\u00e9cid\u00e9 de demander de l&rsquo;aide \u00e0 un neuroscientifique.<\/p>\n<h2 id=\"what-is-emotional-flooding\">Qu\u2019est-ce qu\u2019une \u00ab inondation \u00e9motionnelle \u00bb ?<\/h2>\n<p>Pour commencer, le Dr Cindy Hovington, neuroscientifique et cofondatrice de Wondergrade (une entreprise proposant une application qui enseigne aux parents comment aider leurs enfants \u00e0 se calmer et \u00e0 r\u00e9guler leurs grandes \u00e9motions), affirme que le sentiment d&rsquo;\u00eatre d\u00e9pass\u00e9, que ce soit sous forme de col\u00e8re ou de col\u00e8re. l\u2019enfant ou l\u2019adulte trop stress\u00e9 pour y faire face, est appel\u00e9 \u00eatre \u00ab inond\u00e9 \u00bb \u00e9motionnellement. <\/p>\n<p>\u00ab\u00a0L&rsquo;inondation \u00e9motionnelle peut ressembler \u00e0 cette rage instantan\u00e9e que nous ressentons et qui nous am\u00e8ne \u00e0 crier ou \u00e0 nous comporter d&rsquo;une mani\u00e8re o\u00f9 nous avons l&rsquo;impression de n&rsquo;avoir aucun contr\u00f4le\u00a0\u00bb, dit-elle. Elle a d\u00e9crit avoir elle-m\u00eame ressenti cela apr\u00e8s la naissance de son troisi\u00e8me enfant alors qu&rsquo;elle avait d\u00e9j\u00e0 deux jeunes enfants \u00e0 la maison : elle ressentait \u00ab de la col\u00e8re plut\u00f4t que de l&#8217;empathie \u00bb envers ses enfants. <\/p>\n<p>Pour moi, l&rsquo;inondation \u00e9motionnelle se pr\u00e9sente souvent comme de l&rsquo;anxi\u00e9t\u00e9, g\u00e9n\u00e9ralement accompagn\u00e9e de larmes, de tremblements et de l&rsquo;incapacit\u00e9 de d\u00e9cider quoi faire pour d\u00e9samorcer la situation. L&rsquo;inondation est votre r\u00e9action de combat, de fuite ou de gel et, lorsque vous y \u00eates, \u00ab vous dire de rester calme ne fonctionne pas \u00bb, explique Hovington. \u00ab\u00a0C&rsquo;est comme si votre cerveau ne vous \u00e9coutait pas.\u00a0\u00bb C&rsquo;est un concept que j&rsquo;avais \u00e9tudi\u00e9 en d\u00e9couvrant <em><em>L&rsquo;enfant au cerveau entier<\/em><\/em>: Lorsqu&rsquo;un enfant pique une col\u00e8re, c&rsquo;est presque comme s&rsquo;il n&rsquo;\u00e9tait pas \u00ab l\u00e0 \u00bb. De m\u00eame, lorsqu\u2019un parent est inond\u00e9, il ne peut pas penser rationnellement. <\/p>\n<h2 id=\"how-to-ease-the-emotional-flood\">Comment att\u00e9nuer le flot \u00e9motionnel<\/h2>\n<p>Il est effrayant de se consid\u00e9rer trop d\u00e9pass\u00e9 pour r\u00e9fl\u00e9chir alors que l&rsquo;on est cens\u00e9 \u00eatre parent, mais Hovington propose des solutions aux parents qui se retrouvent inond\u00e9s par les crises de col\u00e8re de leur enfant. Elle appelle cela une \u00ab r\u00e9initialisation \u00bb et m&rsquo;a dit que l&rsquo;application Wondergrade avait m\u00eame mis \u00e0 jour une mise \u00e0 jour contenant un audio de \u00ab r\u00e9initialisation parentale \u00bb de deux minutes qui permet aux parents d&rsquo;appuyer sur un bouton et d&rsquo;\u00e9couter des signaux verbaux pour les aider \u00e0 se calmer pendant une inondation \u00e9motionnelle. parentalit\u00e9. <\/p>\n<p>Pour vous r\u00e9initialiser pendant une crise de col\u00e8re, Hovington dit : \u00ab Si possible, vous pouvez vous \u00e9loigner pour vous r\u00e9initialiser. Cela pourrait \u00eatre une autre pi\u00e8ce ou simplement \u00eatre plus \u00e9loign\u00e9 de votre enfant. Si cela n&rsquo;est pas possible en raison de votre emplacement ou parce que vous devez assurer la s\u00e9curit\u00e9 de votre enfant, vous pouvez vous r\u00e9initialiser avec votre enfant, ce qui peut \u00eatre un moment d&rsquo;apprentissage. \u00ab\u00a0Il est sain pour votre enfant de voir que vous avez besoin d&rsquo;un moment pour vous r\u00e9initialiser lors de moments \u00e9motionnels intenses\u00a0\u00bb, explique Hovington.<\/p>\n<p>Hovington dit de fermer les yeux. \u00abDes respirations lentes et profondes peuvent aider \u00e0 r\u00e9guler votre syst\u00e8me nerveux pendant les moments de stress\u00bb, dit-elle. Examinez les techniques de \u00ab respiration abdominale \u00bb ou de \u00ab respiration diaphragmatique \u00bb si vous inondez souvent. Vous pouvez \u00e9galement essayer d\u2019autres \u00ab astuces \u00bb du syst\u00e8me nerveux pour trouver celles qui fonctionnent pour vous. <\/p>\n<h2 id=\"setting-a-good-example-when-we-get-it-right-and-when-we-dont\">Donner le bon exemple lorsque nous r\u00e9ussissons (et lorsque nous ne le faisons pas)<\/h2>\n<p>Surtout s&rsquo;il s&rsquo;agit d&rsquo;une crise de col\u00e8re publique, vous pourriez vous sentir frustr\u00e9, g\u00ean\u00e9 ou en col\u00e8re face \u00e0 son comportement. \u00abNous devons nous rappeler que les \u00e9motions ressenties par notre enfant sont normales m\u00eame si elles sont inconfortables pour lui et pour nous\u00bb, explique Hovington. \u00ab\u00a0Ils ne sont pas le reflet de nous, et si nous pouvons trouver un moyen de rester calme face aux \u00e9motions n\u00e9gatives de notre enfant, nous lui donnerons l&rsquo;exemple de ses capacit\u00e9s de r\u00e9gulation des \u00e9motions.\u00a0\u00bb <\/p>\n<p>Les enfants apprennent d\u2019abord en nous regardant, alors leur demander de nous voir apprendre \u00e0 nous calmer les aidera \u00e0 acqu\u00e9rir ces comp\u00e9tences par eux-m\u00eames. Si nous avons inond\u00e9 et que nous nous sommes comport\u00e9s d&rsquo;une mani\u00e8re dont nous ne sommes pas fiers, comme en leur criant dessus avant d&rsquo;avoir eu la chance de nous r\u00e9initialiser, nous devrons r\u00e9parer. <\/p>\n<p>\u00ab\u00a0Perdre le contr\u00f4le de nos propres \u00e9motions est normal et cela arrive\u00a0\u00bb, dit Hovington. \u00ab\u00a0S&rsquo;excuser n&rsquo;est pas un signe de faiblesse, c&rsquo;est un moment de connexion avec notre enfant.\u00a0\u00bb Cela donne \u00e9galement l\u2019exemple de s\u2019excuser \u2013 vous voir le faire donne un autre bon exemple.<\/p>\n","protected":false},"excerpt":{"rendered":"<p>Juste apr\u00e8s qu\u2019ils commencent \u00e0 \u00eatre inond\u00e9s d\u2019\u00e9motions, nous commen\u00e7ons \u00e0 \u00eatre inond\u00e9s d\u2019\u00e9motions. De nombreux conseils sur la fa\u00e7on de g\u00e9rer les crises de<\/p>\n","protected":false},"author":1,"featured_media":2818,"comment_status":"","ping_status":"","sticky":false,"template":"","format":"standard","meta":{"footnotes":""},"categories":[37],"tags":[2214,2363,44,644,2899,198,2213,507,1678,8],"class_list":["post-2817","post","type-post","status-publish","format-standard","has-post-thumbnail","hentry","category-famille","tag-calme","tag-colere","tag-comment","tag-crise","tag-neuroscientifique","tag-pendant","tag-rester","tag-selon","tag-toutpetit","tag-votre","generate-columns","tablet-grid-50","mobile-grid-100","grid-parent","grid-33"],"yoast_head":"<!-- This site is optimized with the Yoast SEO plugin v24.0 - https:\/\/yoast.com\/wordpress\/plugins\/seo\/ -->\n<title>Comment rester calme pendant la crise de col\u00e8re de votre tout-petit, selon un neuroscientifique | Vie Associative<\/title>\n<meta name=\"robots\" content=\"index, follow, max-snippet:-1, max-image-preview:large, max-video-preview:-1\" \/>\n<link rel=\"canonical\" href=\"https:\/\/vieassociative.be\/actualites\/comment-rester-calme-pendant-la-crise-de-colere-de-votre-tout-petit-selon-un-neuroscientifique\/\" \/>\n<meta property=\"og:locale\" content=\"fr_FR\" \/>\n<meta property=\"og:type\" content=\"article\" \/>\n<meta property=\"og:title\" content=\"Comment rester calme pendant la crise de col\u00e8re de votre tout-petit, selon un neuroscientifique | Vie Associative\" \/>\n<meta property=\"og:description\" content=\"Juste apr\u00e8s qu\u2019ils commencent \u00e0 \u00eatre inond\u00e9s d\u2019\u00e9motions, nous commen\u00e7ons \u00e0 \u00eatre inond\u00e9s d\u2019\u00e9motions. De nombreux conseils sur la fa\u00e7on de g\u00e9rer les crises de\" \/>\n<meta property=\"og:url\" content=\"https:\/\/vieassociative.be\/actualites\/comment-rester-calme-pendant-la-crise-de-colere-de-votre-tout-petit-selon-un-neuroscientifique\/\" \/>\n<meta property=\"og:site_name\" content=\"Vie Associative\" \/>\n<meta property=\"article:published_time\" content=\"2024-11-27T11:20:20+00:00\" \/>\n<meta property=\"og:image\" content=\"https:\/\/vieassociative.be\/actualites\/wp-content\/uploads\/2024\/09\/header_backgroundk-01-e1726694325946.png\" \/>\n\t<meta property=\"og:image:width\" content=\"279\" \/>\n\t<meta property=\"og:image:height\" content=\"92\" \/>\n\t<meta property=\"og:image:type\" content=\"image\/png\" \/>\n<meta name=\"author\" content=\"Julien\" \/>\n<meta name=\"twitter:card\" content=\"summary_large_image\" \/>\n<meta name=\"twitter:label1\" content=\"\u00c9crit par\" \/>\n\t<meta name=\"twitter:data1\" content=\"Julien\" \/>\n\t<meta name=\"twitter:label2\" content=\"Dur\u00e9e de lecture est.\" \/>\n\t<meta name=\"twitter:data2\" content=\"4 minutes\" \/>\n<script type=\"application\/ld+json\" class=\"yoast-schema-graph\">{\"@context\":\"https:\/\/schema.org\",\"@graph\":[{\"@type\":\"Article\",\"@id\":\"https:\/\/vieassociative.be\/actualites\/comment-rester-calme-pendant-la-crise-de-colere-de-votre-tout-petit-selon-un-neuroscientifique\/#article\",\"isPartOf\":{\"@id\":\"https:\/\/vieassociative.be\/actualites\/comment-rester-calme-pendant-la-crise-de-colere-de-votre-tout-petit-selon-un-neuroscientifique\/\"},\"author\":{\"name\":\"Julien\",\"@id\":\"https:\/\/vieassociative.be\/actualites\/#\/schema\/person\/b87ac4f82f9d4e7b7cec7395b679edc4\"},\"headline\":\"Comment rester calme pendant la crise de col\u00e8re de votre tout-petit, selon un neuroscientifique\",\"datePublished\":\"2024-11-27T11:20:20+00:00\",\"dateModified\":\"2024-11-27T11:20:20+00:00\",\"mainEntityOfPage\":{\"@id\":\"https:\/\/vieassociative.be\/actualites\/comment-rester-calme-pendant-la-crise-de-colere-de-votre-tout-petit-selon-un-neuroscientifique\/\"},\"wordCount\":897,\"publisher\":{\"@id\":\"https:\/\/vieassociative.be\/actualites\/#organization\"},\"image\":{\"@id\":\"https:\/\/vieassociative.be\/actualites\/comment-rester-calme-pendant-la-crise-de-colere-de-votre-tout-petit-selon-un-neuroscientifique\/#primaryimage\"},\"thumbnailUrl\":\"https:\/\/vieassociative.be\/actualites\/wp-content\/uploads\/2024\/11\/Comment-rester-calme-pendant-la-crise-de-colere-de-votre.jpg\",\"keywords\":[\"calme\",\"col\u00e8re\",\"Comment\",\"Crise\",\"neuroscientifique\",\"pendant\",\"rester\",\"selon\",\"toutpetit\",\"votre\"],\"articleSection\":[\"Famille\"],\"inLanguage\":\"fr-BE\"},{\"@type\":\"WebPage\",\"@id\":\"https:\/\/vieassociative.be\/actualites\/comment-rester-calme-pendant-la-crise-de-colere-de-votre-tout-petit-selon-un-neuroscientifique\/\",\"url\":\"https:\/\/vieassociative.be\/actualites\/comment-rester-calme-pendant-la-crise-de-colere-de-votre-tout-petit-selon-un-neuroscientifique\/\",\"name\":\"Comment rester calme pendant la crise de col\u00e8re de votre tout-petit, selon un neuroscientifique | Vie Associative\",\"isPartOf\":{\"@id\":\"https:\/\/vieassociative.be\/actualites\/#website\"},\"primaryImageOfPage\":{\"@id\":\"https:\/\/vieassociative.be\/actualites\/comment-rester-calme-pendant-la-crise-de-colere-de-votre-tout-petit-selon-un-neuroscientifique\/#primaryimage\"},\"image\":{\"@id\":\"https:\/\/vieassociative.be\/actualites\/comment-rester-calme-pendant-la-crise-de-colere-de-votre-tout-petit-selon-un-neuroscientifique\/#primaryimage\"},\"thumbnailUrl\":\"https:\/\/vieassociative.be\/actualites\/wp-content\/uploads\/2024\/11\/Comment-rester-calme-pendant-la-crise-de-colere-de-votre.jpg\",\"datePublished\":\"2024-11-27T11:20:20+00:00\",\"dateModified\":\"2024-11-27T11:20:20+00:00\",\"breadcrumb\":{\"@id\":\"https:\/\/vieassociative.be\/actualites\/comment-rester-calme-pendant-la-crise-de-colere-de-votre-tout-petit-selon-un-neuroscientifique\/#breadcrumb\"},\"inLanguage\":\"fr-BE\",\"potentialAction\":[{\"@type\":\"ReadAction\",\"target\":[\"https:\/\/vieassociative.be\/actualites\/comment-rester-calme-pendant-la-crise-de-colere-de-votre-tout-petit-selon-un-neuroscientifique\/\"]}]},{\"@type\":\"ImageObject\",\"inLanguage\":\"fr-BE\",\"@id\":\"https:\/\/vieassociative.be\/actualites\/comment-rester-calme-pendant-la-crise-de-colere-de-votre-tout-petit-selon-un-neuroscientifique\/#primaryimage\",\"url\":\"https:\/\/vieassociative.be\/actualites\/wp-content\/uploads\/2024\/11\/Comment-rester-calme-pendant-la-crise-de-colere-de-votre.jpg\",\"contentUrl\":\"https:\/\/vieassociative.be\/actualites\/wp-content\/uploads\/2024\/11\/Comment-rester-calme-pendant-la-crise-de-colere-de-votre.jpg\",\"width\":1200,\"height\":675,\"caption\":\"Comment rester calme pendant la crise de col\u00e8re de votre tout-petit, selon un neuroscientifique\"},{\"@type\":\"BreadcrumbList\",\"@id\":\"https:\/\/vieassociative.be\/actualites\/comment-rester-calme-pendant-la-crise-de-colere-de-votre-tout-petit-selon-un-neuroscientifique\/#breadcrumb\",\"itemListElement\":[{\"@type\":\"ListItem\",\"position\":1,\"name\":\"Accueil\",\"item\":\"https:\/\/vieassociative.be\/actualites\/\"},{\"@type\":\"ListItem\",\"position\":2,\"name\":\"Comment rester calme pendant la crise de col\u00e8re de votre tout-petit, selon un neuroscientifique\"}]},{\"@type\":\"WebSite\",\"@id\":\"https:\/\/vieassociative.be\/actualites\/#website\",\"url\":\"https:\/\/vieassociative.be\/actualites\/\",\"name\":\"Vie Associative\",\"description\":\"\",\"publisher\":{\"@id\":\"https:\/\/vieassociative.be\/actualites\/#organization\"},\"potentialAction\":[{\"@type\":\"SearchAction\",\"target\":{\"@type\":\"EntryPoint\",\"urlTemplate\":\"https:\/\/vieassociative.be\/actualites\/?s={search_term_string}\"},\"query-input\":{\"@type\":\"PropertyValueSpecification\",\"valueRequired\":true,\"valueName\":\"search_term_string\"}}],\"inLanguage\":\"fr-BE\"},{\"@type\":\"Organization\",\"@id\":\"https:\/\/vieassociative.be\/actualites\/#organization\",\"name\":\"Vie Associative\",\"url\":\"https:\/\/vieassociative.be\/actualites\/\",\"logo\":{\"@type\":\"ImageObject\",\"inLanguage\":\"fr-BE\",\"@id\":\"https:\/\/vieassociative.be\/actualites\/#\/schema\/logo\/image\/\",\"url\":\"https:\/\/vieassociative.be\/actualites\/wp-content\/uploads\/2024\/09\/cropped-vieassociative_favicon.ico.png\",\"contentUrl\":\"https:\/\/vieassociative.be\/actualites\/wp-content\/uploads\/2024\/09\/cropped-vieassociative_favicon.ico.png\",\"width\":512,\"height\":512,\"caption\":\"Vie Associative\"},\"image\":{\"@id\":\"https:\/\/vieassociative.be\/actualites\/#\/schema\/logo\/image\/\"}},{\"@type\":\"Person\",\"@id\":\"https:\/\/vieassociative.be\/actualites\/#\/schema\/person\/b87ac4f82f9d4e7b7cec7395b679edc4\",\"name\":\"Julien\",\"image\":{\"@type\":\"ImageObject\",\"inLanguage\":\"fr-BE\",\"@id\":\"https:\/\/vieassociative.be\/actualites\/#\/schema\/person\/image\/\",\"url\":\"https:\/\/vieassociative.be\/actualites\/wp-content\/uploads\/2024\/09\/vie-associative-1-150x150.jpg\",\"contentUrl\":\"https:\/\/vieassociative.be\/actualites\/wp-content\/uploads\/2024\/09\/vie-associative-1-150x150.jpg\",\"caption\":\"Julien\"},\"description\":\"Je suis Julien, r\u00e9dacteur pour Vie Associative. Passionn\u00e9 par le monde associatif depuis plus de 10 ans, j'ai \u00e0 c\u0153ur de partager des histoires inspirantes et de mettre en lumi\u00e8re les initiatives locales. Mon objectif est de sensibiliser et d'encourager l'engagement communautaire \u00e0 travers mes articles.\",\"sameAs\":[\"https:\/\/vieassociative.be\/\"]}]}<\/script>\n<!-- \/ Yoast SEO plugin. -->","yoast_head_json":{"title":"Comment rester calme pendant la crise de col\u00e8re de votre tout-petit, selon un neuroscientifique | Vie Associative","robots":{"index":"index","follow":"follow","max-snippet":"max-snippet:-1","max-image-preview":"max-image-preview:large","max-video-preview":"max-video-preview:-1"},"canonical":"https:\/\/vieassociative.be\/actualites\/comment-rester-calme-pendant-la-crise-de-colere-de-votre-tout-petit-selon-un-neuroscientifique\/","og_locale":"fr_FR","og_type":"article","og_title":"Comment rester calme pendant la crise de col\u00e8re de votre tout-petit, selon un neuroscientifique | Vie Associative","og_description":"Juste apr\u00e8s qu\u2019ils commencent \u00e0 \u00eatre inond\u00e9s d\u2019\u00e9motions, nous commen\u00e7ons \u00e0 \u00eatre inond\u00e9s d\u2019\u00e9motions. De nombreux conseils sur la fa\u00e7on de g\u00e9rer les crises de","og_url":"https:\/\/vieassociative.be\/actualites\/comment-rester-calme-pendant-la-crise-de-colere-de-votre-tout-petit-selon-un-neuroscientifique\/","og_site_name":"Vie Associative","article_published_time":"2024-11-27T11:20:20+00:00","og_image":[{"width":279,"height":92,"url":"https:\/\/vieassociative.be\/actualites\/wp-content\/uploads\/2024\/09\/header_backgroundk-01-e1726694325946.png","type":"image\/png"}],"author":"Julien","twitter_card":"summary_large_image","twitter_misc":{"\u00c9crit par":"Julien","Dur\u00e9e de lecture est.":"4 minutes"},"schema":{"@context":"https:\/\/schema.org","@graph":[{"@type":"Article","@id":"https:\/\/vieassociative.be\/actualites\/comment-rester-calme-pendant-la-crise-de-colere-de-votre-tout-petit-selon-un-neuroscientifique\/#article","isPartOf":{"@id":"https:\/\/vieassociative.be\/actualites\/comment-rester-calme-pendant-la-crise-de-colere-de-votre-tout-petit-selon-un-neuroscientifique\/"},"author":{"name":"Julien","@id":"https:\/\/vieassociative.be\/actualites\/#\/schema\/person\/b87ac4f82f9d4e7b7cec7395b679edc4"},"headline":"Comment rester calme pendant la crise de col\u00e8re de votre tout-petit, selon un neuroscientifique","datePublished":"2024-11-27T11:20:20+00:00","dateModified":"2024-11-27T11:20:20+00:00","mainEntityOfPage":{"@id":"https:\/\/vieassociative.be\/actualites\/comment-rester-calme-pendant-la-crise-de-colere-de-votre-tout-petit-selon-un-neuroscientifique\/"},"wordCount":897,"publisher":{"@id":"https:\/\/vieassociative.be\/actualites\/#organization"},"image":{"@id":"https:\/\/vieassociative.be\/actualites\/comment-rester-calme-pendant-la-crise-de-colere-de-votre-tout-petit-selon-un-neuroscientifique\/#primaryimage"},"thumbnailUrl":"https:\/\/vieassociative.be\/actualites\/wp-content\/uploads\/2024\/11\/Comment-rester-calme-pendant-la-crise-de-colere-de-votre.jpg","keywords":["calme","col\u00e8re","Comment","Crise","neuroscientifique","pendant","rester","selon","toutpetit","votre"],"articleSection":["Famille"],"inLanguage":"fr-BE"},{"@type":"WebPage","@id":"https:\/\/vieassociative.be\/actualites\/comment-rester-calme-pendant-la-crise-de-colere-de-votre-tout-petit-selon-un-neuroscientifique\/","url":"https:\/\/vieassociative.be\/actualites\/comment-rester-calme-pendant-la-crise-de-colere-de-votre-tout-petit-selon-un-neuroscientifique\/","name":"Comment rester calme pendant la crise de col\u00e8re de votre tout-petit, selon un neuroscientifique | Vie Associative","isPartOf":{"@id":"https:\/\/vieassociative.be\/actualites\/#website"},"primaryImageOfPage":{"@id":"https:\/\/vieassociative.be\/actualites\/comment-rester-calme-pendant-la-crise-de-colere-de-votre-tout-petit-selon-un-neuroscientifique\/#primaryimage"},"image":{"@id":"https:\/\/vieassociative.be\/actualites\/comment-rester-calme-pendant-la-crise-de-colere-de-votre-tout-petit-selon-un-neuroscientifique\/#primaryimage"},"thumbnailUrl":"https:\/\/vieassociative.be\/actualites\/wp-content\/uploads\/2024\/11\/Comment-rester-calme-pendant-la-crise-de-colere-de-votre.jpg","datePublished":"2024-11-27T11:20:20+00:00","dateModified":"2024-11-27T11:20:20+00:00","breadcrumb":{"@id":"https:\/\/vieassociative.be\/actualites\/comment-rester-calme-pendant-la-crise-de-colere-de-votre-tout-petit-selon-un-neuroscientifique\/#breadcrumb"},"inLanguage":"fr-BE","potentialAction":[{"@type":"ReadAction","target":["https:\/\/vieassociative.be\/actualites\/comment-rester-calme-pendant-la-crise-de-colere-de-votre-tout-petit-selon-un-neuroscientifique\/"]}]},{"@type":"ImageObject","inLanguage":"fr-BE","@id":"https:\/\/vieassociative.be\/actualites\/comment-rester-calme-pendant-la-crise-de-colere-de-votre-tout-petit-selon-un-neuroscientifique\/#primaryimage","url":"https:\/\/vieassociative.be\/actualites\/wp-content\/uploads\/2024\/11\/Comment-rester-calme-pendant-la-crise-de-colere-de-votre.jpg","contentUrl":"https:\/\/vieassociative.be\/actualites\/wp-content\/uploads\/2024\/11\/Comment-rester-calme-pendant-la-crise-de-colere-de-votre.jpg","width":1200,"height":675,"caption":"Comment rester calme pendant la crise de col\u00e8re de votre tout-petit, selon un neuroscientifique"},{"@type":"BreadcrumbList","@id":"https:\/\/vieassociative.be\/actualites\/comment-rester-calme-pendant-la-crise-de-colere-de-votre-tout-petit-selon-un-neuroscientifique\/#breadcrumb","itemListElement":[{"@type":"ListItem","position":1,"name":"Accueil","item":"https:\/\/vieassociative.be\/actualites\/"},{"@type":"ListItem","position":2,"name":"Comment rester calme pendant la crise de col\u00e8re de votre tout-petit, selon un neuroscientifique"}]},{"@type":"WebSite","@id":"https:\/\/vieassociative.be\/actualites\/#website","url":"https:\/\/vieassociative.be\/actualites\/","name":"Vie Associative","description":"","publisher":{"@id":"https:\/\/vieassociative.be\/actualites\/#organization"},"potentialAction":[{"@type":"SearchAction","target":{"@type":"EntryPoint","urlTemplate":"https:\/\/vieassociative.be\/actualites\/?s={search_term_string}"},"query-input":{"@type":"PropertyValueSpecification","valueRequired":true,"valueName":"search_term_string"}}],"inLanguage":"fr-BE"},{"@type":"Organization","@id":"https:\/\/vieassociative.be\/actualites\/#organization","name":"Vie Associative","url":"https:\/\/vieassociative.be\/actualites\/","logo":{"@type":"ImageObject","inLanguage":"fr-BE","@id":"https:\/\/vieassociative.be\/actualites\/#\/schema\/logo\/image\/","url":"https:\/\/vieassociative.be\/actualites\/wp-content\/uploads\/2024\/09\/cropped-vieassociative_favicon.ico.png","contentUrl":"https:\/\/vieassociative.be\/actualites\/wp-content\/uploads\/2024\/09\/cropped-vieassociative_favicon.ico.png","width":512,"height":512,"caption":"Vie Associative"},"image":{"@id":"https:\/\/vieassociative.be\/actualites\/#\/schema\/logo\/image\/"}},{"@type":"Person","@id":"https:\/\/vieassociative.be\/actualites\/#\/schema\/person\/b87ac4f82f9d4e7b7cec7395b679edc4","name":"Julien","image":{"@type":"ImageObject","inLanguage":"fr-BE","@id":"https:\/\/vieassociative.be\/actualites\/#\/schema\/person\/image\/","url":"https:\/\/vieassociative.be\/actualites\/wp-content\/uploads\/2024\/09\/vie-associative-1-150x150.jpg","contentUrl":"https:\/\/vieassociative.be\/actualites\/wp-content\/uploads\/2024\/09\/vie-associative-1-150x150.jpg","caption":"Julien"},"description":"Je suis Julien, r\u00e9dacteur pour Vie Associative. Passionn\u00e9 par le monde associatif depuis plus de 10 ans, j'ai \u00e0 c\u0153ur de partager des histoires inspirantes et de mettre en lumi\u00e8re les initiatives locales. Mon objectif est de sensibiliser et d'encourager l'engagement communautaire \u00e0 travers mes articles.","sameAs":["https:\/\/vieassociative.be\/"]}]}},"_links":{"self":[{"href":"https:\/\/vieassociative.be\/actualites\/wp-json\/wp\/v2\/posts\/2817"}],"collection":[{"href":"https:\/\/vieassociative.be\/actualites\/wp-json\/wp\/v2\/posts"}],"about":[{"href":"https:\/\/vieassociative.be\/actualites\/wp-json\/wp\/v2\/types\/post"}],"author":[{"embeddable":true,"href":"https:\/\/vieassociative.be\/actualites\/wp-json\/wp\/v2\/users\/1"}],"replies":[{"embeddable":true,"href":"https:\/\/vieassociative.be\/actualites\/wp-json\/wp\/v2\/comments?post=2817"}],"version-history":[{"count":0,"href":"https:\/\/vieassociative.be\/actualites\/wp-json\/wp\/v2\/posts\/2817\/revisions"}],"wp:featuredmedia":[{"embeddable":true,"href":"https:\/\/vieassociative.be\/actualites\/wp-json\/wp\/v2\/media\/2818"}],"wp:attachment":[{"href":"https:\/\/vieassociative.be\/actualites\/wp-json\/wp\/v2\/media?parent=2817"}],"wp:term":[{"taxonomy":"category","embeddable":true,"href":"https:\/\/vieassociative.be\/actualites\/wp-json\/wp\/v2\/categories?post=2817"},{"taxonomy":"post_tag","embeddable":true,"href":"https:\/\/vieassociative.be\/actualites\/wp-json\/wp\/v2\/tags?post=2817"}],"curies":[{"name":"wp","href":"https:\/\/api.w.org\/{rel}","templated":true}]}}