{"id":2814,"date":"2024-11-27T09:17:02","date_gmt":"2024-11-27T08:17:02","guid":{"rendered":"https:\/\/vieassociative.be\/actualites\/comme-un-pieton-oublie-sur-un-passage-pieton\/"},"modified":"2024-11-27T09:17:02","modified_gmt":"2024-11-27T08:17:02","slug":"comme-un-pieton-oublie-sur-un-passage-pieton","status":"publish","type":"post","link":"https:\/\/vieassociative.be\/actualites\/comme-un-pieton-oublie-sur-un-passage-pieton\/","title":{"rendered":"Comme un pi\u00e9ton oubli\u00e9 sur un passage pi\u00e9ton"},"content":{"rendered":"<p><strong>Il arrive r\u00e9guli\u00e8rement, surtout pendant la saison sombre, que des conducteurs ratent un pi\u00e9ton dans un passage pi\u00e9ton. Maintenant de retour \u00e0 Lontzen.<\/strong><\/p>\n<p><span id=\"more-402726\"><\/span>Le 26 novembre, les services de la zone de police Weser-G\u00f6hl ont \u00e9t\u00e9 appel\u00e9s \u00e0 11h08 dans la Neutralstrasse \u00e0 Lontzen car un accident de la route avec bless\u00e9s s&rsquo;y \u00e9tait produit.<\/p>\n<p>Ici, une femme (79 ans) roule sur la Neutralstrasse en direction d&rsquo;Henri-Chapelle et surprend un pi\u00e9ton (74 ans) qui s&rsquo;appr\u00eate \u00e0 traverser la route au niveau d&rsquo;un passage pi\u00e9ton. Une collision se produit. Le pi\u00e9ton a \u00e9t\u00e9 bless\u00e9 et transport\u00e9 \u00e0 l&rsquo;h\u00f4pital d&rsquo;Eupen par les secours.<\/p>\n","protected":false},"excerpt":{"rendered":"<p>Il arrive r\u00e9guli\u00e8rement, surtout pendant la saison sombre, que des conducteurs ratent un pi\u00e9ton dans un passage pi\u00e9ton. Maintenant de retour \u00e0 Lontzen. Le 26<\/p>\n","protected":false},"author":1,"featured_media":2815,"comment_status":"","ping_status":"","sticky":false,"template":"","format":"standard","meta":{"footnotes":""},"categories":[298],"tags":[1254,3548,3549,3547,33],"class_list":["post-2814","post","type-post","status-publish","format-standard","has-post-thumbnail","hentry","category-belgique","tag-comme","tag-oublie","tag-passage","tag-pieton","tag-sur","generate-columns","tablet-grid-50","mobile-grid-100","grid-parent","grid-33"],"yoast_head":"<!-- This site is optimized with the Yoast SEO plugin v24.0 - https:\/\/yoast.com\/wordpress\/plugins\/seo\/ -->\n<title>Comme un pi\u00e9ton oubli\u00e9 sur un passage pi\u00e9ton | Vie Associative<\/title>\n<meta name=\"robots\" content=\"index, follow, max-snippet:-1, max-image-preview:large, max-video-preview:-1\" \/>\n<link rel=\"canonical\" href=\"https:\/\/vieassociative.be\/actualites\/comme-un-pieton-oublie-sur-un-passage-pieton\/\" \/>\n<meta property=\"og:locale\" content=\"fr_FR\" \/>\n<meta property=\"og:type\" content=\"article\" \/>\n<meta property=\"og:title\" content=\"Comme un pi\u00e9ton oubli\u00e9 sur un passage pi\u00e9ton | Vie Associative\" \/>\n<meta property=\"og:description\" content=\"Il arrive r\u00e9guli\u00e8rement, surtout pendant la saison sombre, que des conducteurs ratent un pi\u00e9ton dans un passage pi\u00e9ton. Maintenant de retour \u00e0 Lontzen. Le 26\" \/>\n<meta property=\"og:url\" content=\"https:\/\/vieassociative.be\/actualites\/comme-un-pieton-oublie-sur-un-passage-pieton\/\" \/>\n<meta property=\"og:site_name\" content=\"Vie Associative\" \/>\n<meta property=\"article:published_time\" content=\"2024-11-27T08:17:02+00:00\" \/>\n<meta property=\"og:image\" content=\"https:\/\/vieassociative.be\/actualites\/wp-content\/uploads\/2024\/09\/header_backgroundk-01-e1726694325946.png\" \/>\n\t<meta property=\"og:image:width\" content=\"279\" \/>\n\t<meta property=\"og:image:height\" content=\"92\" \/>\n\t<meta property=\"og:image:type\" content=\"image\/png\" \/>\n<meta name=\"author\" content=\"Julien\" \/>\n<meta name=\"twitter:card\" content=\"summary_large_image\" \/>\n<meta name=\"twitter:label1\" content=\"\u00c9crit par\" \/>\n\t<meta name=\"twitter:data1\" content=\"Julien\" \/>\n\t<meta name=\"twitter:label2\" content=\"Dur\u00e9e de lecture est.\" \/>\n\t<meta name=\"twitter:data2\" content=\"1 minute\" \/>\n<script type=\"application\/ld+json\" class=\"yoast-schema-graph\">{\"@context\":\"https:\/\/schema.org\",\"@graph\":[{\"@type\":\"Article\",\"@id\":\"https:\/\/vieassociative.be\/actualites\/comme-un-pieton-oublie-sur-un-passage-pieton\/#article\",\"isPartOf\":{\"@id\":\"https:\/\/vieassociative.be\/actualites\/comme-un-pieton-oublie-sur-un-passage-pieton\/\"},\"author\":{\"name\":\"Julien\",\"@id\":\"https:\/\/vieassociative.be\/actualites\/#\/schema\/person\/b87ac4f82f9d4e7b7cec7395b679edc4\"},\"headline\":\"Comme un pi\u00e9ton oubli\u00e9 sur un passage pi\u00e9ton\",\"datePublished\":\"2024-11-27T08:17:02+00:00\",\"dateModified\":\"2024-11-27T08:17:02+00:00\",\"mainEntityOfPage\":{\"@id\":\"https:\/\/vieassociative.be\/actualites\/comme-un-pieton-oublie-sur-un-passage-pieton\/\"},\"wordCount\":121,\"publisher\":{\"@id\":\"https:\/\/vieassociative.be\/actualites\/#organization\"},\"image\":{\"@id\":\"https:\/\/vieassociative.be\/actualites\/comme-un-pieton-oublie-sur-un-passage-pieton\/#primaryimage\"},\"thumbnailUrl\":\"https:\/\/vieassociative.be\/actualites\/wp-content\/uploads\/2024\/11\/Comme-un-pieton-oublie-sur-un-passage-pieton.jpeg\",\"keywords\":[\"comme\",\"oubli\u00e9\",\"passage\",\"pi\u00e9ton\",\"sur\"],\"articleSection\":[\"Belgique\"],\"inLanguage\":\"fr-BE\"},{\"@type\":\"WebPage\",\"@id\":\"https:\/\/vieassociative.be\/actualites\/comme-un-pieton-oublie-sur-un-passage-pieton\/\",\"url\":\"https:\/\/vieassociative.be\/actualites\/comme-un-pieton-oublie-sur-un-passage-pieton\/\",\"name\":\"Comme un pi\u00e9ton oubli\u00e9 sur un passage pi\u00e9ton | Vie Associative\",\"isPartOf\":{\"@id\":\"https:\/\/vieassociative.be\/actualites\/#website\"},\"primaryImageOfPage\":{\"@id\":\"https:\/\/vieassociative.be\/actualites\/comme-un-pieton-oublie-sur-un-passage-pieton\/#primaryimage\"},\"image\":{\"@id\":\"https:\/\/vieassociative.be\/actualites\/comme-un-pieton-oublie-sur-un-passage-pieton\/#primaryimage\"},\"thumbnailUrl\":\"https:\/\/vieassociative.be\/actualites\/wp-content\/uploads\/2024\/11\/Comme-un-pieton-oublie-sur-un-passage-pieton.jpeg\",\"datePublished\":\"2024-11-27T08:17:02+00:00\",\"dateModified\":\"2024-11-27T08:17:02+00:00\",\"breadcrumb\":{\"@id\":\"https:\/\/vieassociative.be\/actualites\/comme-un-pieton-oublie-sur-un-passage-pieton\/#breadcrumb\"},\"inLanguage\":\"fr-BE\",\"potentialAction\":[{\"@type\":\"ReadAction\",\"target\":[\"https:\/\/vieassociative.be\/actualites\/comme-un-pieton-oublie-sur-un-passage-pieton\/\"]}]},{\"@type\":\"ImageObject\",\"inLanguage\":\"fr-BE\",\"@id\":\"https:\/\/vieassociative.be\/actualites\/comme-un-pieton-oublie-sur-un-passage-pieton\/#primaryimage\",\"url\":\"https:\/\/vieassociative.be\/actualites\/wp-content\/uploads\/2024\/11\/Comme-un-pieton-oublie-sur-un-passage-pieton.jpeg\",\"contentUrl\":\"https:\/\/vieassociative.be\/actualites\/wp-content\/uploads\/2024\/11\/Comme-un-pieton-oublie-sur-un-passage-pieton.jpeg\",\"width\":1280,\"height\":853,\"caption\":\"Comme un pi\u00e9ton oubli\u00e9 sur un passage pi\u00e9ton\"},{\"@type\":\"BreadcrumbList\",\"@id\":\"https:\/\/vieassociative.be\/actualites\/comme-un-pieton-oublie-sur-un-passage-pieton\/#breadcrumb\",\"itemListElement\":[{\"@type\":\"ListItem\",\"position\":1,\"name\":\"Accueil\",\"item\":\"https:\/\/vieassociative.be\/actualites\/\"},{\"@type\":\"ListItem\",\"position\":2,\"name\":\"Comme un pi\u00e9ton oubli\u00e9 sur un passage pi\u00e9ton\"}]},{\"@type\":\"WebSite\",\"@id\":\"https:\/\/vieassociative.be\/actualites\/#website\",\"url\":\"https:\/\/vieassociative.be\/actualites\/\",\"name\":\"Vie Associative\",\"description\":\"\",\"publisher\":{\"@id\":\"https:\/\/vieassociative.be\/actualites\/#organization\"},\"potentialAction\":[{\"@type\":\"SearchAction\",\"target\":{\"@type\":\"EntryPoint\",\"urlTemplate\":\"https:\/\/vieassociative.be\/actualites\/?s={search_term_string}\"},\"query-input\":{\"@type\":\"PropertyValueSpecification\",\"valueRequired\":true,\"valueName\":\"search_term_string\"}}],\"inLanguage\":\"fr-BE\"},{\"@type\":\"Organization\",\"@id\":\"https:\/\/vieassociative.be\/actualites\/#organization\",\"name\":\"Vie Associative\",\"url\":\"https:\/\/vieassociative.be\/actualites\/\",\"logo\":{\"@type\":\"ImageObject\",\"inLanguage\":\"fr-BE\",\"@id\":\"https:\/\/vieassociative.be\/actualites\/#\/schema\/logo\/image\/\",\"url\":\"https:\/\/vieassociative.be\/actualites\/wp-content\/uploads\/2024\/09\/cropped-vieassociative_favicon.ico.png\",\"contentUrl\":\"https:\/\/vieassociative.be\/actualites\/wp-content\/uploads\/2024\/09\/cropped-vieassociative_favicon.ico.png\",\"width\":512,\"height\":512,\"caption\":\"Vie Associative\"},\"image\":{\"@id\":\"https:\/\/vieassociative.be\/actualites\/#\/schema\/logo\/image\/\"}},{\"@type\":\"Person\",\"@id\":\"https:\/\/vieassociative.be\/actualites\/#\/schema\/person\/b87ac4f82f9d4e7b7cec7395b679edc4\",\"name\":\"Julien\",\"image\":{\"@type\":\"ImageObject\",\"inLanguage\":\"fr-BE\",\"@id\":\"https:\/\/vieassociative.be\/actualites\/#\/schema\/person\/image\/\",\"url\":\"https:\/\/vieassociative.be\/actualites\/wp-content\/uploads\/2024\/09\/vie-associative-1-150x150.jpg\",\"contentUrl\":\"https:\/\/vieassociative.be\/actualites\/wp-content\/uploads\/2024\/09\/vie-associative-1-150x150.jpg\",\"caption\":\"Julien\"},\"description\":\"Je suis Julien, r\u00e9dacteur pour Vie Associative. Passionn\u00e9 par le monde associatif depuis plus de 10 ans, j'ai \u00e0 c\u0153ur de partager des histoires inspirantes et de mettre en lumi\u00e8re les initiatives locales. Mon objectif est de sensibiliser et d'encourager l'engagement communautaire \u00e0 travers mes articles.\",\"sameAs\":[\"https:\/\/vieassociative.be\/\"]}]}<\/script>\n<!-- \/ Yoast SEO plugin. -->","yoast_head_json":{"title":"Comme un pi\u00e9ton oubli\u00e9 sur un passage pi\u00e9ton | Vie Associative","robots":{"index":"index","follow":"follow","max-snippet":"max-snippet:-1","max-image-preview":"max-image-preview:large","max-video-preview":"max-video-preview:-1"},"canonical":"https:\/\/vieassociative.be\/actualites\/comme-un-pieton-oublie-sur-un-passage-pieton\/","og_locale":"fr_FR","og_type":"article","og_title":"Comme un pi\u00e9ton oubli\u00e9 sur un passage pi\u00e9ton | Vie Associative","og_description":"Il arrive r\u00e9guli\u00e8rement, surtout pendant la saison sombre, que des conducteurs ratent un pi\u00e9ton dans un passage pi\u00e9ton. Maintenant de retour \u00e0 Lontzen. Le 26","og_url":"https:\/\/vieassociative.be\/actualites\/comme-un-pieton-oublie-sur-un-passage-pieton\/","og_site_name":"Vie Associative","article_published_time":"2024-11-27T08:17:02+00:00","og_image":[{"width":279,"height":92,"url":"https:\/\/vieassociative.be\/actualites\/wp-content\/uploads\/2024\/09\/header_backgroundk-01-e1726694325946.png","type":"image\/png"}],"author":"Julien","twitter_card":"summary_large_image","twitter_misc":{"\u00c9crit par":"Julien","Dur\u00e9e de lecture est.":"1 minute"},"schema":{"@context":"https:\/\/schema.org","@graph":[{"@type":"Article","@id":"https:\/\/vieassociative.be\/actualites\/comme-un-pieton-oublie-sur-un-passage-pieton\/#article","isPartOf":{"@id":"https:\/\/vieassociative.be\/actualites\/comme-un-pieton-oublie-sur-un-passage-pieton\/"},"author":{"name":"Julien","@id":"https:\/\/vieassociative.be\/actualites\/#\/schema\/person\/b87ac4f82f9d4e7b7cec7395b679edc4"},"headline":"Comme un pi\u00e9ton oubli\u00e9 sur un passage pi\u00e9ton","datePublished":"2024-11-27T08:17:02+00:00","dateModified":"2024-11-27T08:17:02+00:00","mainEntityOfPage":{"@id":"https:\/\/vieassociative.be\/actualites\/comme-un-pieton-oublie-sur-un-passage-pieton\/"},"wordCount":121,"publisher":{"@id":"https:\/\/vieassociative.be\/actualites\/#organization"},"image":{"@id":"https:\/\/vieassociative.be\/actualites\/comme-un-pieton-oublie-sur-un-passage-pieton\/#primaryimage"},"thumbnailUrl":"https:\/\/vieassociative.be\/actualites\/wp-content\/uploads\/2024\/11\/Comme-un-pieton-oublie-sur-un-passage-pieton.jpeg","keywords":["comme","oubli\u00e9","passage","pi\u00e9ton","sur"],"articleSection":["Belgique"],"inLanguage":"fr-BE"},{"@type":"WebPage","@id":"https:\/\/vieassociative.be\/actualites\/comme-un-pieton-oublie-sur-un-passage-pieton\/","url":"https:\/\/vieassociative.be\/actualites\/comme-un-pieton-oublie-sur-un-passage-pieton\/","name":"Comme un pi\u00e9ton oubli\u00e9 sur un passage pi\u00e9ton | Vie Associative","isPartOf":{"@id":"https:\/\/vieassociative.be\/actualites\/#website"},"primaryImageOfPage":{"@id":"https:\/\/vieassociative.be\/actualites\/comme-un-pieton-oublie-sur-un-passage-pieton\/#primaryimage"},"image":{"@id":"https:\/\/vieassociative.be\/actualites\/comme-un-pieton-oublie-sur-un-passage-pieton\/#primaryimage"},"thumbnailUrl":"https:\/\/vieassociative.be\/actualites\/wp-content\/uploads\/2024\/11\/Comme-un-pieton-oublie-sur-un-passage-pieton.jpeg","datePublished":"2024-11-27T08:17:02+00:00","dateModified":"2024-11-27T08:17:02+00:00","breadcrumb":{"@id":"https:\/\/vieassociative.be\/actualites\/comme-un-pieton-oublie-sur-un-passage-pieton\/#breadcrumb"},"inLanguage":"fr-BE","potentialAction":[{"@type":"ReadAction","target":["https:\/\/vieassociative.be\/actualites\/comme-un-pieton-oublie-sur-un-passage-pieton\/"]}]},{"@type":"ImageObject","inLanguage":"fr-BE","@id":"https:\/\/vieassociative.be\/actualites\/comme-un-pieton-oublie-sur-un-passage-pieton\/#primaryimage","url":"https:\/\/vieassociative.be\/actualites\/wp-content\/uploads\/2024\/11\/Comme-un-pieton-oublie-sur-un-passage-pieton.jpeg","contentUrl":"https:\/\/vieassociative.be\/actualites\/wp-content\/uploads\/2024\/11\/Comme-un-pieton-oublie-sur-un-passage-pieton.jpeg","width":1280,"height":853,"caption":"Comme un pi\u00e9ton oubli\u00e9 sur un passage pi\u00e9ton"},{"@type":"BreadcrumbList","@id":"https:\/\/vieassociative.be\/actualites\/comme-un-pieton-oublie-sur-un-passage-pieton\/#breadcrumb","itemListElement":[{"@type":"ListItem","position":1,"name":"Accueil","item":"https:\/\/vieassociative.be\/actualites\/"},{"@type":"ListItem","position":2,"name":"Comme un pi\u00e9ton oubli\u00e9 sur un passage pi\u00e9ton"}]},{"@type":"WebSite","@id":"https:\/\/vieassociative.be\/actualites\/#website","url":"https:\/\/vieassociative.be\/actualites\/","name":"Vie Associative","description":"","publisher":{"@id":"https:\/\/vieassociative.be\/actualites\/#organization"},"potentialAction":[{"@type":"SearchAction","target":{"@type":"EntryPoint","urlTemplate":"https:\/\/vieassociative.be\/actualites\/?s={search_term_string}"},"query-input":{"@type":"PropertyValueSpecification","valueRequired":true,"valueName":"search_term_string"}}],"inLanguage":"fr-BE"},{"@type":"Organization","@id":"https:\/\/vieassociative.be\/actualites\/#organization","name":"Vie Associative","url":"https:\/\/vieassociative.be\/actualites\/","logo":{"@type":"ImageObject","inLanguage":"fr-BE","@id":"https:\/\/vieassociative.be\/actualites\/#\/schema\/logo\/image\/","url":"https:\/\/vieassociative.be\/actualites\/wp-content\/uploads\/2024\/09\/cropped-vieassociative_favicon.ico.png","contentUrl":"https:\/\/vieassociative.be\/actualites\/wp-content\/uploads\/2024\/09\/cropped-vieassociative_favicon.ico.png","width":512,"height":512,"caption":"Vie Associative"},"image":{"@id":"https:\/\/vieassociative.be\/actualites\/#\/schema\/logo\/image\/"}},{"@type":"Person","@id":"https:\/\/vieassociative.be\/actualites\/#\/schema\/person\/b87ac4f82f9d4e7b7cec7395b679edc4","name":"Julien","image":{"@type":"ImageObject","inLanguage":"fr-BE","@id":"https:\/\/vieassociative.be\/actualites\/#\/schema\/person\/image\/","url":"https:\/\/vieassociative.be\/actualites\/wp-content\/uploads\/2024\/09\/vie-associative-1-150x150.jpg","contentUrl":"https:\/\/vieassociative.be\/actualites\/wp-content\/uploads\/2024\/09\/vie-associative-1-150x150.jpg","caption":"Julien"},"description":"Je suis Julien, r\u00e9dacteur pour Vie Associative. Passionn\u00e9 par le monde associatif depuis plus de 10 ans, j'ai \u00e0 c\u0153ur de partager des histoires inspirantes et de mettre en lumi\u00e8re les initiatives locales. Mon objectif est de sensibiliser et d'encourager l'engagement communautaire \u00e0 travers mes articles.","sameAs":["https:\/\/vieassociative.be\/"]}]}},"_links":{"self":[{"href":"https:\/\/vieassociative.be\/actualites\/wp-json\/wp\/v2\/posts\/2814"}],"collection":[{"href":"https:\/\/vieassociative.be\/actualites\/wp-json\/wp\/v2\/posts"}],"about":[{"href":"https:\/\/vieassociative.be\/actualites\/wp-json\/wp\/v2\/types\/post"}],"author":[{"embeddable":true,"href":"https:\/\/vieassociative.be\/actualites\/wp-json\/wp\/v2\/users\/1"}],"replies":[{"embeddable":true,"href":"https:\/\/vieassociative.be\/actualites\/wp-json\/wp\/v2\/comments?post=2814"}],"version-history":[{"count":0,"href":"https:\/\/vieassociative.be\/actualites\/wp-json\/wp\/v2\/posts\/2814\/revisions"}],"wp:featuredmedia":[{"embeddable":true,"href":"https:\/\/vieassociative.be\/actualites\/wp-json\/wp\/v2\/media\/2815"}],"wp:attachment":[{"href":"https:\/\/vieassociative.be\/actualites\/wp-json\/wp\/v2\/media?parent=2814"}],"wp:term":[{"taxonomy":"category","embeddable":true,"href":"https:\/\/vieassociative.be\/actualites\/wp-json\/wp\/v2\/categories?post=2814"},{"taxonomy":"post_tag","embeddable":true,"href":"https:\/\/vieassociative.be\/actualites\/wp-json\/wp\/v2\/tags?post=2814"}],"curies":[{"name":"wp","href":"https:\/\/api.w.org\/{rel}","templated":true}]}}