{"id":2812,"date":"2024-11-27T08:17:21","date_gmt":"2024-11-27T07:17:21","guid":{"rendered":"https:\/\/vieassociative.be\/actualites\/mon-haut-parleur-de-fete-prefere-beneficie-dune-reduction-de-200-pour-le-black-friday\/"},"modified":"2024-11-27T08:17:21","modified_gmt":"2024-11-27T07:17:21","slug":"mon-haut-parleur-de-fete-prefere-beneficie-dune-reduction-de-200-pour-le-black-friday","status":"publish","type":"post","link":"https:\/\/vieassociative.be\/actualites\/mon-haut-parleur-de-fete-prefere-beneficie-dune-reduction-de-200-pour-le-black-friday\/","title":{"rendered":"Mon haut-parleur de f\u00eate pr\u00e9f\u00e9r\u00e9 b\u00e9n\u00e9ficie d&rsquo;une r\u00e9duction de 200 $ pour le Black Friday"},"content":{"rendered":"<div class=\"mt-4 leading-6 md:mb-8\">La JBL PartyBox Stage 320 vous permet de mixer votre propre musique.<\/div>\n<p><\/p>\n<p>Si vous attendez le vendredi 29 novembre pour commencer vos achats du Black Friday, vous vous coupez court (et vous vous stressez probablement). Il existe d\u00e9j\u00e0 de nombreuses ventes et offres du Black Friday sur des produits technologiques \u00e0 des prix record aupr\u00e8s de d\u00e9taillants comme Amazon, Walmart, Target et Home Depot.<\/p>\n<p>Si vous n&rsquo;avez pas encore fait de folies sur cet article important et que vous cherchez toujours quelque chose qui vaut votre argent durement gagn\u00e9, laissez-moi vous dire pourquoi la JBL PartyBox Stage 320 pourrait l&rsquo;\u00eatre. Pour commencer, le prix est tomb\u00e9 au plus bas depuis le Prime Day, selon les outils de v\u00e9rification des prix. Vous pouvez l&rsquo;obtenir pour <strong>399,95\u00a0$<\/strong> (\u00e0 l&rsquo;origine 599,95 $). Et aussi, c&rsquo;est incroyablement amusant. Si vous ne me croyez pas, consultez mon avis.<\/p>\n<p>JBL travaille sur l&rsquo;enceinte PartyBox Stage depuis des ann\u00e9es et elle a atteint un point o\u00f9 elle \u00e9tablit la norme en mati\u00e8re de ce que devrait \u00eatre une enceinte de f\u00eate. Je n&rsquo;ai pas vu d&rsquo;autre haut-parleur capable d&rsquo;atteindre 100 d\u00e9cibels de son autour de son prix (beaucoup moins avec sa remise actuelle). Il dispose d&rsquo;une batterie rempla\u00e7able qui dure jusqu&rsquo;\u00e0 18 heures \u00e0 50 % du volume, vous pouvez y jouer avec uniquement le cordon d&rsquo;alimentation (sans la batterie), est class\u00e9 IPX4 (r\u00e9sistant aux \u00e9claboussures) et vous pouvez connecter jusqu&rsquo;\u00e0 deux microphones ou un microphone et un instrument, mais c&rsquo;est l&rsquo;application qui l&rsquo;am\u00e8ne \u00e0 un autre niveau.<\/p>\n<p>L&rsquo;application JBL vous permet de contr\u00f4ler la musique et l&rsquo;\u00e9galisation du microphone, de personnaliser l&rsquo;action des boutons sur le panneau de l&rsquo;enceinte et de contr\u00f4ler les lumi\u00e8res et les m\u00e9dias. Mais l&rsquo;une des fonctionnalit\u00e9s les plus uniques que j&rsquo;ai vues est le \u00ab\u00a0Effect Lab\u00a0\u00bb, qui vous permet essentiellement de modifier votre musique avec certaines fonctions de base du DJ en temps r\u00e9el. J&rsquo;ai pass\u00e9 trop d&rsquo;heures \u00e0 jouer avec mes chansons pr\u00e9f\u00e9r\u00e9es et \u00e0 laisser mes amis vivre leurs fantasmes de DJ lors de mes soir\u00e9es \u00e0 la maison. <\/p>\n<p>Si vous recherchez un haut-parleur pour le karaok\u00e9 (avec pratiquement aucun retour de micro), vous pr\u00e9lasser au bord de la piscine ou faire la f\u00eate, consid\u00e9rez la PartyBox Stage 320 comme votre folie Prime Day.<\/p>\n<div class=\"w-full mt-12 text-center sm:text-left\" x-data=\"{ showAll: false }\">\n<div class=\"flex flex-col items-center justify-between sm:px-6 sm:flex-row\">\n\t\t\t<span class=\"text-sm italic\">Les offres sont s\u00e9lectionn\u00e9es par notre \u00e9quipe commerciale<\/span><\/p><\/div>\n<\/p><\/div>\n","protected":false},"excerpt":{"rendered":"<p>La JBL PartyBox Stage 320 vous permet de mixer votre propre musique. Si vous attendez le vendredi 29 novembre pour commencer vos achats du Black<\/p>\n","protected":false},"author":1,"featured_media":2813,"comment_status":"","ping_status":"","sticky":false,"template":"","format":"standard","meta":{"footnotes":""},"categories":[36],"tags":[3546,73,698,1485,1255,3545,49,81,1561,308],"class_list":["post-2812","post","type-post","status-publish","format-standard","has-post-thumbnail","hentry","category-divertissement","tag-beneficie","tag-black","tag-dune","tag-fete","tag-friday","tag-hautparleur","tag-mon","tag-pour","tag-prefere","tag-reduction","generate-columns","tablet-grid-50","mobile-grid-100","grid-parent","grid-33"],"yoast_head":"<!-- This site is optimized with the Yoast SEO plugin v24.0 - https:\/\/yoast.com\/wordpress\/plugins\/seo\/ -->\n<title>Mon haut-parleur de f\u00eate pr\u00e9f\u00e9r\u00e9 b\u00e9n\u00e9ficie d&#039;une r\u00e9duction de 200 $ pour le Black Friday | Vie Associative<\/title>\n<meta name=\"robots\" content=\"index, follow, max-snippet:-1, max-image-preview:large, max-video-preview:-1\" \/>\n<link rel=\"canonical\" href=\"https:\/\/vieassociative.be\/actualites\/mon-haut-parleur-de-fete-prefere-beneficie-dune-reduction-de-200-pour-le-black-friday\/\" \/>\n<meta property=\"og:locale\" content=\"fr_FR\" \/>\n<meta property=\"og:type\" content=\"article\" \/>\n<meta property=\"og:title\" content=\"Mon haut-parleur de f\u00eate pr\u00e9f\u00e9r\u00e9 b\u00e9n\u00e9ficie d&#039;une r\u00e9duction de 200 $ pour le Black Friday | Vie Associative\" \/>\n<meta property=\"og:description\" content=\"La JBL PartyBox Stage 320 vous permet de mixer votre propre musique. Si vous attendez le vendredi 29 novembre pour commencer vos achats du Black\" \/>\n<meta property=\"og:url\" content=\"https:\/\/vieassociative.be\/actualites\/mon-haut-parleur-de-fete-prefere-beneficie-dune-reduction-de-200-pour-le-black-friday\/\" \/>\n<meta property=\"og:site_name\" content=\"Vie Associative\" \/>\n<meta property=\"article:published_time\" content=\"2024-11-27T07:17:21+00:00\" \/>\n<meta property=\"og:image\" content=\"https:\/\/vieassociative.be\/actualites\/wp-content\/uploads\/2024\/09\/header_backgroundk-01-e1726694325946.png\" \/>\n\t<meta property=\"og:image:width\" content=\"279\" \/>\n\t<meta property=\"og:image:height\" content=\"92\" \/>\n\t<meta property=\"og:image:type\" content=\"image\/png\" \/>\n<meta name=\"author\" content=\"Julien\" \/>\n<meta name=\"twitter:card\" content=\"summary_large_image\" \/>\n<meta name=\"twitter:label1\" content=\"\u00c9crit par\" \/>\n\t<meta name=\"twitter:data1\" content=\"Julien\" \/>\n\t<meta name=\"twitter:label2\" content=\"Dur\u00e9e de lecture est.\" \/>\n\t<meta name=\"twitter:data2\" content=\"2 minutes\" \/>\n<script type=\"application\/ld+json\" class=\"yoast-schema-graph\">{\"@context\":\"https:\/\/schema.org\",\"@graph\":[{\"@type\":\"Article\",\"@id\":\"https:\/\/vieassociative.be\/actualites\/mon-haut-parleur-de-fete-prefere-beneficie-dune-reduction-de-200-pour-le-black-friday\/#article\",\"isPartOf\":{\"@id\":\"https:\/\/vieassociative.be\/actualites\/mon-haut-parleur-de-fete-prefere-beneficie-dune-reduction-de-200-pour-le-black-friday\/\"},\"author\":{\"name\":\"Julien\",\"@id\":\"https:\/\/vieassociative.be\/actualites\/#\/schema\/person\/b87ac4f82f9d4e7b7cec7395b679edc4\"},\"headline\":\"Mon haut-parleur de f\u00eate pr\u00e9f\u00e9r\u00e9 b\u00e9n\u00e9ficie d&rsquo;une r\u00e9duction de 200 $ pour le Black Friday\",\"datePublished\":\"2024-11-27T07:17:21+00:00\",\"dateModified\":\"2024-11-27T07:17:21+00:00\",\"mainEntityOfPage\":{\"@id\":\"https:\/\/vieassociative.be\/actualites\/mon-haut-parleur-de-fete-prefere-beneficie-dune-reduction-de-200-pour-le-black-friday\/\"},\"wordCount\":433,\"publisher\":{\"@id\":\"https:\/\/vieassociative.be\/actualites\/#organization\"},\"image\":{\"@id\":\"https:\/\/vieassociative.be\/actualites\/mon-haut-parleur-de-fete-prefere-beneficie-dune-reduction-de-200-pour-le-black-friday\/#primaryimage\"},\"thumbnailUrl\":\"https:\/\/vieassociative.be\/actualites\/wp-content\/uploads\/2024\/11\/Mon-haut-parleur-de-fete-prefere-beneficie-dune-reduction-de-200.png\",\"keywords\":[\"b\u00e9n\u00e9ficie\",\"Black\",\"dune\",\"f\u00eate\",\"Friday\",\"hautparleur\",\"Mon\",\"pour\",\"pr\u00e9f\u00e9r\u00e9\",\"r\u00e9duction\"],\"articleSection\":[\"Divertissement\"],\"inLanguage\":\"fr-BE\"},{\"@type\":\"WebPage\",\"@id\":\"https:\/\/vieassociative.be\/actualites\/mon-haut-parleur-de-fete-prefere-beneficie-dune-reduction-de-200-pour-le-black-friday\/\",\"url\":\"https:\/\/vieassociative.be\/actualites\/mon-haut-parleur-de-fete-prefere-beneficie-dune-reduction-de-200-pour-le-black-friday\/\",\"name\":\"Mon haut-parleur de f\u00eate pr\u00e9f\u00e9r\u00e9 b\u00e9n\u00e9ficie d'une r\u00e9duction de 200 $ pour le Black Friday | Vie Associative\",\"isPartOf\":{\"@id\":\"https:\/\/vieassociative.be\/actualites\/#website\"},\"primaryImageOfPage\":{\"@id\":\"https:\/\/vieassociative.be\/actualites\/mon-haut-parleur-de-fete-prefere-beneficie-dune-reduction-de-200-pour-le-black-friday\/#primaryimage\"},\"image\":{\"@id\":\"https:\/\/vieassociative.be\/actualites\/mon-haut-parleur-de-fete-prefere-beneficie-dune-reduction-de-200-pour-le-black-friday\/#primaryimage\"},\"thumbnailUrl\":\"https:\/\/vieassociative.be\/actualites\/wp-content\/uploads\/2024\/11\/Mon-haut-parleur-de-fete-prefere-beneficie-dune-reduction-de-200.png\",\"datePublished\":\"2024-11-27T07:17:21+00:00\",\"dateModified\":\"2024-11-27T07:17:21+00:00\",\"breadcrumb\":{\"@id\":\"https:\/\/vieassociative.be\/actualites\/mon-haut-parleur-de-fete-prefere-beneficie-dune-reduction-de-200-pour-le-black-friday\/#breadcrumb\"},\"inLanguage\":\"fr-BE\",\"potentialAction\":[{\"@type\":\"ReadAction\",\"target\":[\"https:\/\/vieassociative.be\/actualites\/mon-haut-parleur-de-fete-prefere-beneficie-dune-reduction-de-200-pour-le-black-friday\/\"]}]},{\"@type\":\"ImageObject\",\"inLanguage\":\"fr-BE\",\"@id\":\"https:\/\/vieassociative.be\/actualites\/mon-haut-parleur-de-fete-prefere-beneficie-dune-reduction-de-200-pour-le-black-friday\/#primaryimage\",\"url\":\"https:\/\/vieassociative.be\/actualites\/wp-content\/uploads\/2024\/11\/Mon-haut-parleur-de-fete-prefere-beneficie-dune-reduction-de-200.png\",\"contentUrl\":\"https:\/\/vieassociative.be\/actualites\/wp-content\/uploads\/2024\/11\/Mon-haut-parleur-de-fete-prefere-beneficie-dune-reduction-de-200.png\",\"width\":1200,\"height\":675,\"caption\":\"Mon haut-parleur de f\u00eate pr\u00e9f\u00e9r\u00e9 b\u00e9n\u00e9ficie d'une r\u00e9duction de 200 $ pour le Black Friday\"},{\"@type\":\"BreadcrumbList\",\"@id\":\"https:\/\/vieassociative.be\/actualites\/mon-haut-parleur-de-fete-prefere-beneficie-dune-reduction-de-200-pour-le-black-friday\/#breadcrumb\",\"itemListElement\":[{\"@type\":\"ListItem\",\"position\":1,\"name\":\"Accueil\",\"item\":\"https:\/\/vieassociative.be\/actualites\/\"},{\"@type\":\"ListItem\",\"position\":2,\"name\":\"Mon haut-parleur de f\u00eate pr\u00e9f\u00e9r\u00e9 b\u00e9n\u00e9ficie d&rsquo;une r\u00e9duction de 200 $ pour le Black Friday\"}]},{\"@type\":\"WebSite\",\"@id\":\"https:\/\/vieassociative.be\/actualites\/#website\",\"url\":\"https:\/\/vieassociative.be\/actualites\/\",\"name\":\"Vie Associative\",\"description\":\"\",\"publisher\":{\"@id\":\"https:\/\/vieassociative.be\/actualites\/#organization\"},\"potentialAction\":[{\"@type\":\"SearchAction\",\"target\":{\"@type\":\"EntryPoint\",\"urlTemplate\":\"https:\/\/vieassociative.be\/actualites\/?s={search_term_string}\"},\"query-input\":{\"@type\":\"PropertyValueSpecification\",\"valueRequired\":true,\"valueName\":\"search_term_string\"}}],\"inLanguage\":\"fr-BE\"},{\"@type\":\"Organization\",\"@id\":\"https:\/\/vieassociative.be\/actualites\/#organization\",\"name\":\"Vie Associative\",\"url\":\"https:\/\/vieassociative.be\/actualites\/\",\"logo\":{\"@type\":\"ImageObject\",\"inLanguage\":\"fr-BE\",\"@id\":\"https:\/\/vieassociative.be\/actualites\/#\/schema\/logo\/image\/\",\"url\":\"https:\/\/vieassociative.be\/actualites\/wp-content\/uploads\/2024\/09\/cropped-vieassociative_favicon.ico.png\",\"contentUrl\":\"https:\/\/vieassociative.be\/actualites\/wp-content\/uploads\/2024\/09\/cropped-vieassociative_favicon.ico.png\",\"width\":512,\"height\":512,\"caption\":\"Vie Associative\"},\"image\":{\"@id\":\"https:\/\/vieassociative.be\/actualites\/#\/schema\/logo\/image\/\"}},{\"@type\":\"Person\",\"@id\":\"https:\/\/vieassociative.be\/actualites\/#\/schema\/person\/b87ac4f82f9d4e7b7cec7395b679edc4\",\"name\":\"Julien\",\"image\":{\"@type\":\"ImageObject\",\"inLanguage\":\"fr-BE\",\"@id\":\"https:\/\/vieassociative.be\/actualites\/#\/schema\/person\/image\/\",\"url\":\"https:\/\/vieassociative.be\/actualites\/wp-content\/uploads\/2024\/09\/vie-associative-1-150x150.jpg\",\"contentUrl\":\"https:\/\/vieassociative.be\/actualites\/wp-content\/uploads\/2024\/09\/vie-associative-1-150x150.jpg\",\"caption\":\"Julien\"},\"description\":\"Je suis Julien, r\u00e9dacteur pour Vie Associative. Passionn\u00e9 par le monde associatif depuis plus de 10 ans, j'ai \u00e0 c\u0153ur de partager des histoires inspirantes et de mettre en lumi\u00e8re les initiatives locales. Mon objectif est de sensibiliser et d'encourager l'engagement communautaire \u00e0 travers mes articles.\",\"sameAs\":[\"https:\/\/vieassociative.be\/\"]}]}<\/script>\n<!-- \/ Yoast SEO plugin. -->","yoast_head_json":{"title":"Mon haut-parleur de f\u00eate pr\u00e9f\u00e9r\u00e9 b\u00e9n\u00e9ficie d'une r\u00e9duction de 200 $ pour le Black Friday | Vie Associative","robots":{"index":"index","follow":"follow","max-snippet":"max-snippet:-1","max-image-preview":"max-image-preview:large","max-video-preview":"max-video-preview:-1"},"canonical":"https:\/\/vieassociative.be\/actualites\/mon-haut-parleur-de-fete-prefere-beneficie-dune-reduction-de-200-pour-le-black-friday\/","og_locale":"fr_FR","og_type":"article","og_title":"Mon haut-parleur de f\u00eate pr\u00e9f\u00e9r\u00e9 b\u00e9n\u00e9ficie d'une r\u00e9duction de 200 $ pour le Black Friday | Vie Associative","og_description":"La JBL PartyBox Stage 320 vous permet de mixer votre propre musique. Si vous attendez le vendredi 29 novembre pour commencer vos achats du Black","og_url":"https:\/\/vieassociative.be\/actualites\/mon-haut-parleur-de-fete-prefere-beneficie-dune-reduction-de-200-pour-le-black-friday\/","og_site_name":"Vie Associative","article_published_time":"2024-11-27T07:17:21+00:00","og_image":[{"width":279,"height":92,"url":"https:\/\/vieassociative.be\/actualites\/wp-content\/uploads\/2024\/09\/header_backgroundk-01-e1726694325946.png","type":"image\/png"}],"author":"Julien","twitter_card":"summary_large_image","twitter_misc":{"\u00c9crit par":"Julien","Dur\u00e9e de lecture est.":"2 minutes"},"schema":{"@context":"https:\/\/schema.org","@graph":[{"@type":"Article","@id":"https:\/\/vieassociative.be\/actualites\/mon-haut-parleur-de-fete-prefere-beneficie-dune-reduction-de-200-pour-le-black-friday\/#article","isPartOf":{"@id":"https:\/\/vieassociative.be\/actualites\/mon-haut-parleur-de-fete-prefere-beneficie-dune-reduction-de-200-pour-le-black-friday\/"},"author":{"name":"Julien","@id":"https:\/\/vieassociative.be\/actualites\/#\/schema\/person\/b87ac4f82f9d4e7b7cec7395b679edc4"},"headline":"Mon haut-parleur de f\u00eate pr\u00e9f\u00e9r\u00e9 b\u00e9n\u00e9ficie d&rsquo;une r\u00e9duction de 200 $ pour le Black Friday","datePublished":"2024-11-27T07:17:21+00:00","dateModified":"2024-11-27T07:17:21+00:00","mainEntityOfPage":{"@id":"https:\/\/vieassociative.be\/actualites\/mon-haut-parleur-de-fete-prefere-beneficie-dune-reduction-de-200-pour-le-black-friday\/"},"wordCount":433,"publisher":{"@id":"https:\/\/vieassociative.be\/actualites\/#organization"},"image":{"@id":"https:\/\/vieassociative.be\/actualites\/mon-haut-parleur-de-fete-prefere-beneficie-dune-reduction-de-200-pour-le-black-friday\/#primaryimage"},"thumbnailUrl":"https:\/\/vieassociative.be\/actualites\/wp-content\/uploads\/2024\/11\/Mon-haut-parleur-de-fete-prefere-beneficie-dune-reduction-de-200.png","keywords":["b\u00e9n\u00e9ficie","Black","dune","f\u00eate","Friday","hautparleur","Mon","pour","pr\u00e9f\u00e9r\u00e9","r\u00e9duction"],"articleSection":["Divertissement"],"inLanguage":"fr-BE"},{"@type":"WebPage","@id":"https:\/\/vieassociative.be\/actualites\/mon-haut-parleur-de-fete-prefere-beneficie-dune-reduction-de-200-pour-le-black-friday\/","url":"https:\/\/vieassociative.be\/actualites\/mon-haut-parleur-de-fete-prefere-beneficie-dune-reduction-de-200-pour-le-black-friday\/","name":"Mon haut-parleur de f\u00eate pr\u00e9f\u00e9r\u00e9 b\u00e9n\u00e9ficie d'une r\u00e9duction de 200 $ pour le Black Friday | Vie Associative","isPartOf":{"@id":"https:\/\/vieassociative.be\/actualites\/#website"},"primaryImageOfPage":{"@id":"https:\/\/vieassociative.be\/actualites\/mon-haut-parleur-de-fete-prefere-beneficie-dune-reduction-de-200-pour-le-black-friday\/#primaryimage"},"image":{"@id":"https:\/\/vieassociative.be\/actualites\/mon-haut-parleur-de-fete-prefere-beneficie-dune-reduction-de-200-pour-le-black-friday\/#primaryimage"},"thumbnailUrl":"https:\/\/vieassociative.be\/actualites\/wp-content\/uploads\/2024\/11\/Mon-haut-parleur-de-fete-prefere-beneficie-dune-reduction-de-200.png","datePublished":"2024-11-27T07:17:21+00:00","dateModified":"2024-11-27T07:17:21+00:00","breadcrumb":{"@id":"https:\/\/vieassociative.be\/actualites\/mon-haut-parleur-de-fete-prefere-beneficie-dune-reduction-de-200-pour-le-black-friday\/#breadcrumb"},"inLanguage":"fr-BE","potentialAction":[{"@type":"ReadAction","target":["https:\/\/vieassociative.be\/actualites\/mon-haut-parleur-de-fete-prefere-beneficie-dune-reduction-de-200-pour-le-black-friday\/"]}]},{"@type":"ImageObject","inLanguage":"fr-BE","@id":"https:\/\/vieassociative.be\/actualites\/mon-haut-parleur-de-fete-prefere-beneficie-dune-reduction-de-200-pour-le-black-friday\/#primaryimage","url":"https:\/\/vieassociative.be\/actualites\/wp-content\/uploads\/2024\/11\/Mon-haut-parleur-de-fete-prefere-beneficie-dune-reduction-de-200.png","contentUrl":"https:\/\/vieassociative.be\/actualites\/wp-content\/uploads\/2024\/11\/Mon-haut-parleur-de-fete-prefere-beneficie-dune-reduction-de-200.png","width":1200,"height":675,"caption":"Mon haut-parleur de f\u00eate pr\u00e9f\u00e9r\u00e9 b\u00e9n\u00e9ficie d'une r\u00e9duction de 200 $ pour le Black Friday"},{"@type":"BreadcrumbList","@id":"https:\/\/vieassociative.be\/actualites\/mon-haut-parleur-de-fete-prefere-beneficie-dune-reduction-de-200-pour-le-black-friday\/#breadcrumb","itemListElement":[{"@type":"ListItem","position":1,"name":"Accueil","item":"https:\/\/vieassociative.be\/actualites\/"},{"@type":"ListItem","position":2,"name":"Mon haut-parleur de f\u00eate pr\u00e9f\u00e9r\u00e9 b\u00e9n\u00e9ficie d&rsquo;une r\u00e9duction de 200 $ pour le Black Friday"}]},{"@type":"WebSite","@id":"https:\/\/vieassociative.be\/actualites\/#website","url":"https:\/\/vieassociative.be\/actualites\/","name":"Vie Associative","description":"","publisher":{"@id":"https:\/\/vieassociative.be\/actualites\/#organization"},"potentialAction":[{"@type":"SearchAction","target":{"@type":"EntryPoint","urlTemplate":"https:\/\/vieassociative.be\/actualites\/?s={search_term_string}"},"query-input":{"@type":"PropertyValueSpecification","valueRequired":true,"valueName":"search_term_string"}}],"inLanguage":"fr-BE"},{"@type":"Organization","@id":"https:\/\/vieassociative.be\/actualites\/#organization","name":"Vie Associative","url":"https:\/\/vieassociative.be\/actualites\/","logo":{"@type":"ImageObject","inLanguage":"fr-BE","@id":"https:\/\/vieassociative.be\/actualites\/#\/schema\/logo\/image\/","url":"https:\/\/vieassociative.be\/actualites\/wp-content\/uploads\/2024\/09\/cropped-vieassociative_favicon.ico.png","contentUrl":"https:\/\/vieassociative.be\/actualites\/wp-content\/uploads\/2024\/09\/cropped-vieassociative_favicon.ico.png","width":512,"height":512,"caption":"Vie Associative"},"image":{"@id":"https:\/\/vieassociative.be\/actualites\/#\/schema\/logo\/image\/"}},{"@type":"Person","@id":"https:\/\/vieassociative.be\/actualites\/#\/schema\/person\/b87ac4f82f9d4e7b7cec7395b679edc4","name":"Julien","image":{"@type":"ImageObject","inLanguage":"fr-BE","@id":"https:\/\/vieassociative.be\/actualites\/#\/schema\/person\/image\/","url":"https:\/\/vieassociative.be\/actualites\/wp-content\/uploads\/2024\/09\/vie-associative-1-150x150.jpg","contentUrl":"https:\/\/vieassociative.be\/actualites\/wp-content\/uploads\/2024\/09\/vie-associative-1-150x150.jpg","caption":"Julien"},"description":"Je suis Julien, r\u00e9dacteur pour Vie Associative. Passionn\u00e9 par le monde associatif depuis plus de 10 ans, j'ai \u00e0 c\u0153ur de partager des histoires inspirantes et de mettre en lumi\u00e8re les initiatives locales. Mon objectif est de sensibiliser et d'encourager l'engagement communautaire \u00e0 travers mes articles.","sameAs":["https:\/\/vieassociative.be\/"]}]}},"_links":{"self":[{"href":"https:\/\/vieassociative.be\/actualites\/wp-json\/wp\/v2\/posts\/2812"}],"collection":[{"href":"https:\/\/vieassociative.be\/actualites\/wp-json\/wp\/v2\/posts"}],"about":[{"href":"https:\/\/vieassociative.be\/actualites\/wp-json\/wp\/v2\/types\/post"}],"author":[{"embeddable":true,"href":"https:\/\/vieassociative.be\/actualites\/wp-json\/wp\/v2\/users\/1"}],"replies":[{"embeddable":true,"href":"https:\/\/vieassociative.be\/actualites\/wp-json\/wp\/v2\/comments?post=2812"}],"version-history":[{"count":0,"href":"https:\/\/vieassociative.be\/actualites\/wp-json\/wp\/v2\/posts\/2812\/revisions"}],"wp:featuredmedia":[{"embeddable":true,"href":"https:\/\/vieassociative.be\/actualites\/wp-json\/wp\/v2\/media\/2813"}],"wp:attachment":[{"href":"https:\/\/vieassociative.be\/actualites\/wp-json\/wp\/v2\/media?parent=2812"}],"wp:term":[{"taxonomy":"category","embeddable":true,"href":"https:\/\/vieassociative.be\/actualites\/wp-json\/wp\/v2\/categories?post=2812"},{"taxonomy":"post_tag","embeddable":true,"href":"https:\/\/vieassociative.be\/actualites\/wp-json\/wp\/v2\/tags?post=2812"}],"curies":[{"name":"wp","href":"https:\/\/api.w.org\/{rel}","templated":true}]}}