{"id":2805,"date":"2024-11-27T03:17:13","date_gmt":"2024-11-27T02:17:13","guid":{"rendered":"https:\/\/vieassociative.be\/actualites\/1-0-contre-le-psg-le-bayern-munich-demarre-tres-bien-dans-une-semaine-de-haut-niveau\/"},"modified":"2024-11-27T03:17:13","modified_gmt":"2024-11-27T02:17:13","slug":"1-0-contre-le-psg-le-bayern-munich-demarre-tres-bien-dans-une-semaine-de-haut-niveau","status":"publish","type":"post","link":"https:\/\/vieassociative.be\/actualites\/1-0-contre-le-psg-le-bayern-munich-demarre-tres-bien-dans-une-semaine-de-haut-niveau\/","title":{"rendered":"1-0 contre le PSG : le Bayern Munich d\u00e9marre tr\u00e8s bien dans une semaine de haut niveau"},"content":{"rendered":"<p><strong>MISE \u00c0 JOUR &#8211; Le FC Bayern Munich a ouvert sa semaine de match r\u00e9volutionnaire avec une victoire tr\u00e8s importante dans le classique de la Ligue des Champions contre le Paris Saint-Germain.<\/strong><\/p>\n<p><span id=\"more-402667\"><\/span>Apr\u00e8s le 1-0 (1-0) serr\u00e9 mais bien m\u00e9rit\u00e9 gr\u00e2ce au premier but de premi\u00e8re classe de la d\u00e9fenseure Minjae Kim (38e minute), les champions allemands du record de football sont de retour au milieu de la course pour une place pour le troisi\u00e8me match en le cinqui\u00e8me le top 8 et l&rsquo;entr\u00e9e directe en huiti\u00e8mes de finale. Cependant, d\u2019autres victoires sont encore \u00e0 venir.<\/p>\n<p>Apr\u00e8s le septi\u00e8me succ\u00e8s cons\u00e9cutif sans cage, l&rsquo;entra\u00eeneur Vincent Kompany et son \u00e9quipe peuvent se lancer dans les grands tests samedi prochain en Bundesliga contre le Borussia Dortmund et enfin en Coupe DFB contre le champion en titre Bayer Leverkusen avec un centre encore plus large. Le PSG, en revanche, est menac\u00e9 d&rsquo;une sortie anticip\u00e9e de la Ligue des champions apr\u00e8s la phase de championnat avec seulement quatre points.<\/p>\n<div id=\"attachment_402721\" class=\"wp-caption alignleft\" style=\"max-width: 300px\"><img fetchpriority=\"high\" decoding=\"async\" class=\"wp-image-402721 size-medium\" src=\"https:\/\/vieassociative.be\/actualites\/wp-content\/uploads\/2024\/11\/1-0-contre-le-PSG-le-Bayern-Munich-demarre-tres.jpg\" alt=\"\" width=\"300\" height=\"200\"><\/p>\n<p class=\"wp-caption-text\">26 novembre 2024, Bavi\u00e8re, Munich : Harry Kane (r) du FC Bayern et Marquinhos de Paris Saint-Germain se battent pour le ballon photo : Tom Weller\/dpa.<\/p>\n<\/div>\n<p><b>\u2013 Jaune-rouge pour Demb\u00e9l\u00e9, Musiala sur le poste : <\/b>Le but de Kim a d\u00e9cid\u00e9 du match. La deuxi\u00e8me sc\u00e8ne marquante a \u00e9t\u00e9 l&rsquo;expulsion de l&rsquo;attaquant du PSG Ousmane Dembel\u00e9. L&rsquo;ancien joueur de Dortmund a tacl\u00e9 imp\u00e9tueusement le d\u00e9fenseur du Bayern Alphonso Davies \u00e0 la 56e minute \u2013 d\u00e9j\u00e0 averti. La cons\u00e9quence fut le carton jaune-rouge.<\/p>\n<p>Avec l&rsquo;avantage, le Bayern a tent\u00e9 de porter le score \u00e0 2-0, mais sans perdre le contr\u00f4le d\u00e9fensif. Jamal Musiala a frapp\u00e9 le poteau avec fracas (74e), et les locaux ont mal jou\u00e9 quelques contre-attaques. Cela a rendu les choses passionnantes jusqu\u2019au temps additionnel.<\/p>\n<p>\u00ab\u00a0Ce ne sera pas ennuyeux\u00a0\u00bb, pr\u00e9disait l&rsquo;entra\u00eeneur du Bayern Kompany avant la confrontation entre deux \u00e9quipes en possession du ballon. Et c&rsquo;est comme \u00e7a que \u00e7a s&rsquo;est pass\u00e9. Les 75 000 spectateurs pr\u00e9sents dans le stade \u00e0 guichets ferm\u00e9s ont assist\u00e9 \u00e0 un match de chasse au rythme effr\u00e9n\u00e9. Les deux \u00e9quipes voulaient constamment avoir le ballon, m\u00eame si le Bayern se montrait plus d\u00e9termin\u00e9 lorsqu&rsquo;il \u00e9tait en possession. Le joueur national Jamal Musiala aurait pu donner l&rsquo;avantage aux h\u00f4tes d\u00e8s la 7e minute suite \u00e0 une passe de Joshua Kimmich. Mais le gardien du PSG, Matwei Safonow, a tenu bon.<\/p>\n<\/p>\n<div id=\"attachment_402722\" class=\"wp-caption alignleft\" style=\"max-width: 300px\"><img decoding=\"async\" class=\"wp-image-402722 size-medium\" src=\"https:\/\/vieassociative.be\/actualites\/wp-content\/uploads\/2024\/11\/1732673833_459_1-0-contre-le-PSG-le-Bayern-Munich-demarre-tres.jpg\" alt=\"\" width=\"300\" height=\"200\"><\/p>\n<p class=\"wp-caption-text\">26 novembre 2024, Bavi\u00e8re, Munich : Jamal Musiala (l) du FC Bayern et Vitinha de Paris Saint-Germain se battent pour le ballon photo : Sven Hoppe\/dpa.<\/p>\n<\/div>\n<p><b>\u2013 H\u00e9ros final comme atout : <\/b><br \/>\nLes choses \u00e9taient diff\u00e9rentes lorsque Munich a gagn\u00e9 1-0. Le Russe de 25 ans a mal d\u00e9fendu contre le corner de Kimmich et a m\u00eame permis \u00e0 Kim de marquer son premier but en Ligue des champions. L&rsquo;avance \u00e9tait m\u00e9rit\u00e9e. Kingsley Coman \u00e9tait un atout dans l&rsquo;offensive du Bayern.<\/p>\n<p>L&rsquo;ailier, n\u00e9 \u00e0 Paris et form\u00e9 au PSG, qui a inscrit de la t\u00eate le but vainqueur lors du triomphe de Munich en premi\u00e8re classe en 2020 lors de la finale 1-0 \u00e0 Lisbonne contre son ancien club, a r\u00e9alis\u00e9 de nombreuses bonnes sc\u00e8nes. Ce qui manquait, c&rsquo;\u00e9tait le couronnement final, une fois apr\u00e8s un beau solo (28e), puis apr\u00e8s une passe de Harry Kane (66e) dans une position de tir pourtant id\u00e9ale.<\/p>\n<p>Quatre jours apr\u00e8s son tripl\u00e9 lors de la victoire 3-0 contre le FC Augsburg mardi soir, l&rsquo;Anglais s&rsquo;est avant tout montr\u00e9 un travailleur offensif et d\u00e9fensif pour son \u00e9quipe. Bien entendu, la pression de devoir gagner \u00e0 tout prix n\u2019a pas paralys\u00e9 le Bayern. La d\u00e9fense autour du buteur Kim et Dayot Upemacano \u00e9tait \u00e0 nouveau stable et ne laissait pratiquement aucune chance au PSG. Warren Zaire-Emery, 18 ans, a rat\u00e9 le but (29e), le gardien du Bayern Manuel Neuer a facilement repouss\u00e9 un tir de Dembel\u00e9 (32e). (dpa)<\/p>\n","protected":false},"excerpt":{"rendered":"<p>MISE \u00c0 JOUR &#8211; Le FC Bayern Munich a ouvert sa semaine de match r\u00e9volutionnaire avec une victoire tr\u00e8s importante dans le classique de la<\/p>\n","protected":false},"author":1,"featured_media":2806,"comment_status":"","ping_status":"","sticky":false,"template":"","format":"standard","meta":{"footnotes":""},"categories":[298],"tags":[2298,254,796,166,3538,3539,3449,3540,3537,1348,2493,110],"class_list":["post-2805","post","type-post","status-publish","format-standard","has-post-thumbnail","hentry","category-belgique","tag-bayern","tag-bien","tag-contre","tag-dans","tag-demarre","tag-haut","tag-munich","tag-niveau","tag-psg","tag-semaine","tag-tres","tag-une","generate-columns","tablet-grid-50","mobile-grid-100","grid-parent","grid-33"],"yoast_head":"<!-- This site is optimized with the Yoast SEO plugin v24.0 - https:\/\/yoast.com\/wordpress\/plugins\/seo\/ -->\n<title>1-0 contre le PSG : le Bayern Munich d\u00e9marre tr\u00e8s bien dans une semaine de haut niveau | Vie Associative<\/title>\n<meta name=\"robots\" content=\"index, follow, max-snippet:-1, max-image-preview:large, max-video-preview:-1\" \/>\n<link rel=\"canonical\" href=\"https:\/\/vieassociative.be\/actualites\/1-0-contre-le-psg-le-bayern-munich-demarre-tres-bien-dans-une-semaine-de-haut-niveau\/\" \/>\n<meta property=\"og:locale\" content=\"fr_FR\" \/>\n<meta property=\"og:type\" content=\"article\" \/>\n<meta property=\"og:title\" content=\"1-0 contre le PSG : le Bayern Munich d\u00e9marre tr\u00e8s bien dans une semaine de haut niveau | Vie Associative\" \/>\n<meta property=\"og:description\" content=\"MISE \u00c0 JOUR &#8211; Le FC Bayern Munich a ouvert sa semaine de match r\u00e9volutionnaire avec une victoire tr\u00e8s importante dans le classique de la\" \/>\n<meta property=\"og:url\" content=\"https:\/\/vieassociative.be\/actualites\/1-0-contre-le-psg-le-bayern-munich-demarre-tres-bien-dans-une-semaine-de-haut-niveau\/\" \/>\n<meta property=\"og:site_name\" content=\"Vie Associative\" \/>\n<meta property=\"article:published_time\" content=\"2024-11-27T02:17:13+00:00\" \/>\n<meta property=\"og:image\" content=\"https:\/\/vieassociative.be\/actualites\/wp-content\/uploads\/2024\/11\/1-0-contre-le-PSG-le-Bayern-Munich-demarre-tres.jpg\" \/>\n<meta name=\"author\" content=\"Julien\" \/>\n<meta name=\"twitter:card\" content=\"summary_large_image\" \/>\n<meta name=\"twitter:label1\" content=\"\u00c9crit par\" \/>\n\t<meta name=\"twitter:data1\" content=\"Julien\" \/>\n\t<meta name=\"twitter:label2\" content=\"Dur\u00e9e de lecture est.\" \/>\n\t<meta name=\"twitter:data2\" content=\"3 minutes\" \/>\n<script type=\"application\/ld+json\" class=\"yoast-schema-graph\">{\"@context\":\"https:\/\/schema.org\",\"@graph\":[{\"@type\":\"Article\",\"@id\":\"https:\/\/vieassociative.be\/actualites\/1-0-contre-le-psg-le-bayern-munich-demarre-tres-bien-dans-une-semaine-de-haut-niveau\/#article\",\"isPartOf\":{\"@id\":\"https:\/\/vieassociative.be\/actualites\/1-0-contre-le-psg-le-bayern-munich-demarre-tres-bien-dans-une-semaine-de-haut-niveau\/\"},\"author\":{\"name\":\"Julien\",\"@id\":\"https:\/\/vieassociative.be\/actualites\/#\/schema\/person\/b87ac4f82f9d4e7b7cec7395b679edc4\"},\"headline\":\"1-0 contre le PSG : le Bayern Munich d\u00e9marre tr\u00e8s bien dans une semaine de haut niveau\",\"datePublished\":\"2024-11-27T02:17:13+00:00\",\"dateModified\":\"2024-11-27T02:17:13+00:00\",\"mainEntityOfPage\":{\"@id\":\"https:\/\/vieassociative.be\/actualites\/1-0-contre-le-psg-le-bayern-munich-demarre-tres-bien-dans-une-semaine-de-haut-niveau\/\"},\"wordCount\":700,\"publisher\":{\"@id\":\"https:\/\/vieassociative.be\/actualites\/#organization\"},\"image\":{\"@id\":\"https:\/\/vieassociative.be\/actualites\/1-0-contre-le-psg-le-bayern-munich-demarre-tres-bien-dans-une-semaine-de-haut-niveau\/#primaryimage\"},\"thumbnailUrl\":\"https:\/\/vieassociative.be\/actualites\/wp-content\/uploads\/2024\/11\/1732673834_1-0-contre-le-PSG-le-Bayern-Munich-demarre-tres.jpg\",\"keywords\":[\"Bayern\",\"bien\",\"contre\",\"dans\",\"d\u00e9marre\",\"haut\",\"Munich\",\"niveau\",\"PSG\",\"semaine\",\"tr\u00e8s\",\"une\"],\"articleSection\":[\"Belgique\"],\"inLanguage\":\"fr-BE\"},{\"@type\":\"WebPage\",\"@id\":\"https:\/\/vieassociative.be\/actualites\/1-0-contre-le-psg-le-bayern-munich-demarre-tres-bien-dans-une-semaine-de-haut-niveau\/\",\"url\":\"https:\/\/vieassociative.be\/actualites\/1-0-contre-le-psg-le-bayern-munich-demarre-tres-bien-dans-une-semaine-de-haut-niveau\/\",\"name\":\"1-0 contre le PSG : le Bayern Munich d\u00e9marre tr\u00e8s bien dans une semaine de haut niveau | Vie Associative\",\"isPartOf\":{\"@id\":\"https:\/\/vieassociative.be\/actualites\/#website\"},\"primaryImageOfPage\":{\"@id\":\"https:\/\/vieassociative.be\/actualites\/1-0-contre-le-psg-le-bayern-munich-demarre-tres-bien-dans-une-semaine-de-haut-niveau\/#primaryimage\"},\"image\":{\"@id\":\"https:\/\/vieassociative.be\/actualites\/1-0-contre-le-psg-le-bayern-munich-demarre-tres-bien-dans-une-semaine-de-haut-niveau\/#primaryimage\"},\"thumbnailUrl\":\"https:\/\/vieassociative.be\/actualites\/wp-content\/uploads\/2024\/11\/1732673834_1-0-contre-le-PSG-le-Bayern-Munich-demarre-tres.jpg\",\"datePublished\":\"2024-11-27T02:17:13+00:00\",\"dateModified\":\"2024-11-27T02:17:13+00:00\",\"breadcrumb\":{\"@id\":\"https:\/\/vieassociative.be\/actualites\/1-0-contre-le-psg-le-bayern-munich-demarre-tres-bien-dans-une-semaine-de-haut-niveau\/#breadcrumb\"},\"inLanguage\":\"fr-BE\",\"potentialAction\":[{\"@type\":\"ReadAction\",\"target\":[\"https:\/\/vieassociative.be\/actualites\/1-0-contre-le-psg-le-bayern-munich-demarre-tres-bien-dans-une-semaine-de-haut-niveau\/\"]}]},{\"@type\":\"ImageObject\",\"inLanguage\":\"fr-BE\",\"@id\":\"https:\/\/vieassociative.be\/actualites\/1-0-contre-le-psg-le-bayern-munich-demarre-tres-bien-dans-une-semaine-de-haut-niveau\/#primaryimage\",\"url\":\"https:\/\/vieassociative.be\/actualites\/wp-content\/uploads\/2024\/11\/1732673834_1-0-contre-le-PSG-le-Bayern-Munich-demarre-tres.jpg\",\"contentUrl\":\"https:\/\/vieassociative.be\/actualites\/wp-content\/uploads\/2024\/11\/1732673834_1-0-contre-le-PSG-le-Bayern-Munich-demarre-tres.jpg\",\"width\":1200,\"height\":800,\"caption\":\"1-0 contre le PSG : le Bayern Munich d\u00e9marre tr\u00e8s bien dans une semaine de haut niveau\"},{\"@type\":\"BreadcrumbList\",\"@id\":\"https:\/\/vieassociative.be\/actualites\/1-0-contre-le-psg-le-bayern-munich-demarre-tres-bien-dans-une-semaine-de-haut-niveau\/#breadcrumb\",\"itemListElement\":[{\"@type\":\"ListItem\",\"position\":1,\"name\":\"Accueil\",\"item\":\"https:\/\/vieassociative.be\/actualites\/\"},{\"@type\":\"ListItem\",\"position\":2,\"name\":\"1-0 contre le PSG : le Bayern Munich d\u00e9marre tr\u00e8s bien dans une semaine de haut niveau\"}]},{\"@type\":\"WebSite\",\"@id\":\"https:\/\/vieassociative.be\/actualites\/#website\",\"url\":\"https:\/\/vieassociative.be\/actualites\/\",\"name\":\"Vie Associative\",\"description\":\"\",\"publisher\":{\"@id\":\"https:\/\/vieassociative.be\/actualites\/#organization\"},\"potentialAction\":[{\"@type\":\"SearchAction\",\"target\":{\"@type\":\"EntryPoint\",\"urlTemplate\":\"https:\/\/vieassociative.be\/actualites\/?s={search_term_string}\"},\"query-input\":{\"@type\":\"PropertyValueSpecification\",\"valueRequired\":true,\"valueName\":\"search_term_string\"}}],\"inLanguage\":\"fr-BE\"},{\"@type\":\"Organization\",\"@id\":\"https:\/\/vieassociative.be\/actualites\/#organization\",\"name\":\"Vie Associative\",\"url\":\"https:\/\/vieassociative.be\/actualites\/\",\"logo\":{\"@type\":\"ImageObject\",\"inLanguage\":\"fr-BE\",\"@id\":\"https:\/\/vieassociative.be\/actualites\/#\/schema\/logo\/image\/\",\"url\":\"https:\/\/vieassociative.be\/actualites\/wp-content\/uploads\/2024\/09\/cropped-vieassociative_favicon.ico.png\",\"contentUrl\":\"https:\/\/vieassociative.be\/actualites\/wp-content\/uploads\/2024\/09\/cropped-vieassociative_favicon.ico.png\",\"width\":512,\"height\":512,\"caption\":\"Vie Associative\"},\"image\":{\"@id\":\"https:\/\/vieassociative.be\/actualites\/#\/schema\/logo\/image\/\"}},{\"@type\":\"Person\",\"@id\":\"https:\/\/vieassociative.be\/actualites\/#\/schema\/person\/b87ac4f82f9d4e7b7cec7395b679edc4\",\"name\":\"Julien\",\"image\":{\"@type\":\"ImageObject\",\"inLanguage\":\"fr-BE\",\"@id\":\"https:\/\/vieassociative.be\/actualites\/#\/schema\/person\/image\/\",\"url\":\"https:\/\/vieassociative.be\/actualites\/wp-content\/uploads\/2024\/09\/vie-associative-1-150x150.jpg\",\"contentUrl\":\"https:\/\/vieassociative.be\/actualites\/wp-content\/uploads\/2024\/09\/vie-associative-1-150x150.jpg\",\"caption\":\"Julien\"},\"description\":\"Je suis Julien, r\u00e9dacteur pour Vie Associative. Passionn\u00e9 par le monde associatif depuis plus de 10 ans, j'ai \u00e0 c\u0153ur de partager des histoires inspirantes et de mettre en lumi\u00e8re les initiatives locales. Mon objectif est de sensibiliser et d'encourager l'engagement communautaire \u00e0 travers mes articles.\",\"sameAs\":[\"https:\/\/vieassociative.be\/\"]}]}<\/script>\n<!-- \/ Yoast SEO plugin. -->","yoast_head_json":{"title":"1-0 contre le PSG : le Bayern Munich d\u00e9marre tr\u00e8s bien dans une semaine de haut niveau | Vie Associative","robots":{"index":"index","follow":"follow","max-snippet":"max-snippet:-1","max-image-preview":"max-image-preview:large","max-video-preview":"max-video-preview:-1"},"canonical":"https:\/\/vieassociative.be\/actualites\/1-0-contre-le-psg-le-bayern-munich-demarre-tres-bien-dans-une-semaine-de-haut-niveau\/","og_locale":"fr_FR","og_type":"article","og_title":"1-0 contre le PSG : le Bayern Munich d\u00e9marre tr\u00e8s bien dans une semaine de haut niveau | Vie Associative","og_description":"MISE \u00c0 JOUR &#8211; Le FC Bayern Munich a ouvert sa semaine de match r\u00e9volutionnaire avec une victoire tr\u00e8s importante dans le classique de la","og_url":"https:\/\/vieassociative.be\/actualites\/1-0-contre-le-psg-le-bayern-munich-demarre-tres-bien-dans-une-semaine-de-haut-niveau\/","og_site_name":"Vie Associative","article_published_time":"2024-11-27T02:17:13+00:00","og_image":[{"url":"https:\/\/vieassociative.be\/actualites\/wp-content\/uploads\/2024\/11\/1-0-contre-le-PSG-le-Bayern-Munich-demarre-tres.jpg","type":"","width":"","height":""}],"author":"Julien","twitter_card":"summary_large_image","twitter_misc":{"\u00c9crit par":"Julien","Dur\u00e9e de lecture est.":"3 minutes"},"schema":{"@context":"https:\/\/schema.org","@graph":[{"@type":"Article","@id":"https:\/\/vieassociative.be\/actualites\/1-0-contre-le-psg-le-bayern-munich-demarre-tres-bien-dans-une-semaine-de-haut-niveau\/#article","isPartOf":{"@id":"https:\/\/vieassociative.be\/actualites\/1-0-contre-le-psg-le-bayern-munich-demarre-tres-bien-dans-une-semaine-de-haut-niveau\/"},"author":{"name":"Julien","@id":"https:\/\/vieassociative.be\/actualites\/#\/schema\/person\/b87ac4f82f9d4e7b7cec7395b679edc4"},"headline":"1-0 contre le PSG : le Bayern Munich d\u00e9marre tr\u00e8s bien dans une semaine de haut niveau","datePublished":"2024-11-27T02:17:13+00:00","dateModified":"2024-11-27T02:17:13+00:00","mainEntityOfPage":{"@id":"https:\/\/vieassociative.be\/actualites\/1-0-contre-le-psg-le-bayern-munich-demarre-tres-bien-dans-une-semaine-de-haut-niveau\/"},"wordCount":700,"publisher":{"@id":"https:\/\/vieassociative.be\/actualites\/#organization"},"image":{"@id":"https:\/\/vieassociative.be\/actualites\/1-0-contre-le-psg-le-bayern-munich-demarre-tres-bien-dans-une-semaine-de-haut-niveau\/#primaryimage"},"thumbnailUrl":"https:\/\/vieassociative.be\/actualites\/wp-content\/uploads\/2024\/11\/1732673834_1-0-contre-le-PSG-le-Bayern-Munich-demarre-tres.jpg","keywords":["Bayern","bien","contre","dans","d\u00e9marre","haut","Munich","niveau","PSG","semaine","tr\u00e8s","une"],"articleSection":["Belgique"],"inLanguage":"fr-BE"},{"@type":"WebPage","@id":"https:\/\/vieassociative.be\/actualites\/1-0-contre-le-psg-le-bayern-munich-demarre-tres-bien-dans-une-semaine-de-haut-niveau\/","url":"https:\/\/vieassociative.be\/actualites\/1-0-contre-le-psg-le-bayern-munich-demarre-tres-bien-dans-une-semaine-de-haut-niveau\/","name":"1-0 contre le PSG : le Bayern Munich d\u00e9marre tr\u00e8s bien dans une semaine de haut niveau | Vie Associative","isPartOf":{"@id":"https:\/\/vieassociative.be\/actualites\/#website"},"primaryImageOfPage":{"@id":"https:\/\/vieassociative.be\/actualites\/1-0-contre-le-psg-le-bayern-munich-demarre-tres-bien-dans-une-semaine-de-haut-niveau\/#primaryimage"},"image":{"@id":"https:\/\/vieassociative.be\/actualites\/1-0-contre-le-psg-le-bayern-munich-demarre-tres-bien-dans-une-semaine-de-haut-niveau\/#primaryimage"},"thumbnailUrl":"https:\/\/vieassociative.be\/actualites\/wp-content\/uploads\/2024\/11\/1732673834_1-0-contre-le-PSG-le-Bayern-Munich-demarre-tres.jpg","datePublished":"2024-11-27T02:17:13+00:00","dateModified":"2024-11-27T02:17:13+00:00","breadcrumb":{"@id":"https:\/\/vieassociative.be\/actualites\/1-0-contre-le-psg-le-bayern-munich-demarre-tres-bien-dans-une-semaine-de-haut-niveau\/#breadcrumb"},"inLanguage":"fr-BE","potentialAction":[{"@type":"ReadAction","target":["https:\/\/vieassociative.be\/actualites\/1-0-contre-le-psg-le-bayern-munich-demarre-tres-bien-dans-une-semaine-de-haut-niveau\/"]}]},{"@type":"ImageObject","inLanguage":"fr-BE","@id":"https:\/\/vieassociative.be\/actualites\/1-0-contre-le-psg-le-bayern-munich-demarre-tres-bien-dans-une-semaine-de-haut-niveau\/#primaryimage","url":"https:\/\/vieassociative.be\/actualites\/wp-content\/uploads\/2024\/11\/1732673834_1-0-contre-le-PSG-le-Bayern-Munich-demarre-tres.jpg","contentUrl":"https:\/\/vieassociative.be\/actualites\/wp-content\/uploads\/2024\/11\/1732673834_1-0-contre-le-PSG-le-Bayern-Munich-demarre-tres.jpg","width":1200,"height":800,"caption":"1-0 contre le PSG : le Bayern Munich d\u00e9marre tr\u00e8s bien dans une semaine de haut niveau"},{"@type":"BreadcrumbList","@id":"https:\/\/vieassociative.be\/actualites\/1-0-contre-le-psg-le-bayern-munich-demarre-tres-bien-dans-une-semaine-de-haut-niveau\/#breadcrumb","itemListElement":[{"@type":"ListItem","position":1,"name":"Accueil","item":"https:\/\/vieassociative.be\/actualites\/"},{"@type":"ListItem","position":2,"name":"1-0 contre le PSG : le Bayern Munich d\u00e9marre tr\u00e8s bien dans une semaine de haut niveau"}]},{"@type":"WebSite","@id":"https:\/\/vieassociative.be\/actualites\/#website","url":"https:\/\/vieassociative.be\/actualites\/","name":"Vie Associative","description":"","publisher":{"@id":"https:\/\/vieassociative.be\/actualites\/#organization"},"potentialAction":[{"@type":"SearchAction","target":{"@type":"EntryPoint","urlTemplate":"https:\/\/vieassociative.be\/actualites\/?s={search_term_string}"},"query-input":{"@type":"PropertyValueSpecification","valueRequired":true,"valueName":"search_term_string"}}],"inLanguage":"fr-BE"},{"@type":"Organization","@id":"https:\/\/vieassociative.be\/actualites\/#organization","name":"Vie Associative","url":"https:\/\/vieassociative.be\/actualites\/","logo":{"@type":"ImageObject","inLanguage":"fr-BE","@id":"https:\/\/vieassociative.be\/actualites\/#\/schema\/logo\/image\/","url":"https:\/\/vieassociative.be\/actualites\/wp-content\/uploads\/2024\/09\/cropped-vieassociative_favicon.ico.png","contentUrl":"https:\/\/vieassociative.be\/actualites\/wp-content\/uploads\/2024\/09\/cropped-vieassociative_favicon.ico.png","width":512,"height":512,"caption":"Vie Associative"},"image":{"@id":"https:\/\/vieassociative.be\/actualites\/#\/schema\/logo\/image\/"}},{"@type":"Person","@id":"https:\/\/vieassociative.be\/actualites\/#\/schema\/person\/b87ac4f82f9d4e7b7cec7395b679edc4","name":"Julien","image":{"@type":"ImageObject","inLanguage":"fr-BE","@id":"https:\/\/vieassociative.be\/actualites\/#\/schema\/person\/image\/","url":"https:\/\/vieassociative.be\/actualites\/wp-content\/uploads\/2024\/09\/vie-associative-1-150x150.jpg","contentUrl":"https:\/\/vieassociative.be\/actualites\/wp-content\/uploads\/2024\/09\/vie-associative-1-150x150.jpg","caption":"Julien"},"description":"Je suis Julien, r\u00e9dacteur pour Vie Associative. Passionn\u00e9 par le monde associatif depuis plus de 10 ans, j'ai \u00e0 c\u0153ur de partager des histoires inspirantes et de mettre en lumi\u00e8re les initiatives locales. Mon objectif est de sensibiliser et d'encourager l'engagement communautaire \u00e0 travers mes articles.","sameAs":["https:\/\/vieassociative.be\/"]}]}},"_links":{"self":[{"href":"https:\/\/vieassociative.be\/actualites\/wp-json\/wp\/v2\/posts\/2805"}],"collection":[{"href":"https:\/\/vieassociative.be\/actualites\/wp-json\/wp\/v2\/posts"}],"about":[{"href":"https:\/\/vieassociative.be\/actualites\/wp-json\/wp\/v2\/types\/post"}],"author":[{"embeddable":true,"href":"https:\/\/vieassociative.be\/actualites\/wp-json\/wp\/v2\/users\/1"}],"replies":[{"embeddable":true,"href":"https:\/\/vieassociative.be\/actualites\/wp-json\/wp\/v2\/comments?post=2805"}],"version-history":[{"count":0,"href":"https:\/\/vieassociative.be\/actualites\/wp-json\/wp\/v2\/posts\/2805\/revisions"}],"wp:featuredmedia":[{"embeddable":true,"href":"https:\/\/vieassociative.be\/actualites\/wp-json\/wp\/v2\/media\/2806"}],"wp:attachment":[{"href":"https:\/\/vieassociative.be\/actualites\/wp-json\/wp\/v2\/media?parent=2805"}],"wp:term":[{"taxonomy":"category","embeddable":true,"href":"https:\/\/vieassociative.be\/actualites\/wp-json\/wp\/v2\/categories?post=2805"},{"taxonomy":"post_tag","embeddable":true,"href":"https:\/\/vieassociative.be\/actualites\/wp-json\/wp\/v2\/tags?post=2805"}],"curies":[{"name":"wp","href":"https:\/\/api.w.org\/{rel}","templated":true}]}}