{"id":2803,"date":"2024-11-27T02:17:17","date_gmt":"2024-11-27T01:17:17","guid":{"rendered":"https:\/\/vieassociative.be\/actualites\/creative-cloud-dadobe-est-a-50-de-reduction-pour-le-black-friday\/"},"modified":"2024-11-27T02:17:17","modified_gmt":"2024-11-27T01:17:17","slug":"creative-cloud-dadobe-est-a-50-de-reduction-pour-le-black-friday","status":"publish","type":"post","link":"https:\/\/vieassociative.be\/actualites\/creative-cloud-dadobe-est-a-50-de-reduction-pour-le-black-friday\/","title":{"rendered":"Creative Cloud d&rsquo;Adobe est \u00e0 50 % de r\u00e9duction pour le Black Friday"},"content":{"rendered":"<div class=\"mt-4 leading-6 md:mb-8\">C&rsquo;est maintenant votre chance d&rsquo;obtenir Adobe CC, ou l&rsquo;un de ses nombreux concurrents, \u00e0 un prix inf\u00e9rieur.<\/div>\n<p><\/p>\n<p>Adobe reste dominant dans l&rsquo;industrie des m\u00e9dias, des applications telles que Photoshop, Lightroom, Premiere et After Effects \u00e9tant indispensables pour beaucoup. Si vous recherchez une bonne affaire sur toutes ces applications, la vente Black Friday d&rsquo;Adobe est faite pour vous. La soci\u00e9t\u00e9 offre une remise forfaitaire de 50 % sur un an maximum d&rsquo;abonnement \u00e0 Adobe Creative Cloud (toutes les applications). <\/p>\n<h2 id=\"adobe-creative-cloud-black-friday-sale\">Vente Adobe Creative Cloud Black Friday<\/h2>\n<p>Le forfait Toutes les applications comprend tout ce qui se trouve dans la suite Adobe, \u00e0 l&rsquo;exception des applications Substance 3D. Cela en fait le bon choix pour ceux qui souhaitent plusieurs applications Adobe, telles que Photoshop, Lightroom, Premiere, Acrobat Pro, etc. \u00c0 l&rsquo;heure actuelle, vous pouvez b\u00e9n\u00e9ficier d&rsquo;une r\u00e9duction de 50 % pour la premi\u00e8re ann\u00e9e du plan Toutes les applications. Vous pouvez vous inscrire et annuler dans les 14 jours, mais si vous annulez apr\u00e8s cela, des frais d&rsquo;annulation vous seront factur\u00e9s.<\/p>\n<p>Comme pour tout ce qui concerne Adobe, le prix est <em>vraiment<\/em> d\u00e9routant ici, mais je ferai de mon mieux pour que ce soit clair. Lorsque vous vous abonnez aux forfaits Creative Cloud d&rsquo;Adobe, vous \u00eates souvent oblig\u00e9 de souscrire \u00e0 un forfait annuel pay\u00e9 d&rsquo;avance ou factur\u00e9 mensuellement. Cela signifie que m\u00eame si vous payez mensuellement, vous avez essentiellement souscrit \u00e0 un forfait annuel, sauf que vous ne pouvez pas annuler apr\u00e8s seulement un mois ou deux. Si vous essayez d&rsquo;annuler plus t\u00f4t, des frais de r\u00e9siliation \u00e9lev\u00e9s vous seront factur\u00e9s (50 % du paiement restant), une pratique que la FTC a d\u00e9sapprouv\u00e9e. Toutes les applications Adobe n&rsquo;ont pas ce prix, mais le forfait Toutes les applications, le forfait Photoshop uniquement, le forfait Lightroom uniquement et le forfait Photographie le sont.<\/p>\n<p>Dur\u00e9e de la vente\u00a0:\u00a0se termine le 29\u00a0novembre<\/p>\n<p>Prix \u200b\u200br\u00e9duit (facturation annuelle) : 329,74 $ par an (pour la premi\u00e8re ann\u00e9e, le prix habituel 659,88 $)<\/p>\n<p>Prix \u200b\u200br\u00e9duit (facturation mensuelle) : 29,98 $ par mois (pour les 12 premiers mois, le prix habituel 59,99 $), comporte des frais de r\u00e9siliation si vous annulez plus t\u00f4t<\/p>\n<p>Obtenez-le ici : Adobe Creative Cloud<\/p>\n<h2 id=\"black-friday-offers-on-adobe-alternatives\">Offres Black Friday sur les alternatives Adobe<\/h2>\n<p>Si vous voulez simplement une bonne application pour le montage photo et vid\u00e9o, vous n&rsquo;avez pas toujours besoin de signer un contrat Adobe d\u00e9routant. Vous pouvez trouver assez facilement de tr\u00e8s bonnes alternatives Adobe, et beaucoup d\u2019entre elles b\u00e9n\u00e9ficient \u00e9galement d\u2019une r\u00e9duction pour le Black Friday. Voici les meilleures applications alternatives Adobe \u00e0 prix r\u00e9duit pour le Black Friday.<\/p>\n<h2 id=\"affinity-suite-a-great-photoshop-illustrator-indesign-alternative\">Affinity Suite\u00a0: une excellente alternative \u00e0 Photoshop, Illustrator et InDesign<\/h2>\n<p>Cette suite comprend trois applications : Affinity Photo, Affinity Designer et Affinity Publisher. Affinity Suite est un concurrent direct des applications Adobe Photoshop, Illustrator et InDesign, et vous pouvez obtenir le tout \u00e0 50 % de r\u00e9duction ce Black Friday. Cela inclut toutes les applications Affinity sur toutes les plates-formes (Windows, Mac et iPad) et il s&rsquo;agit d&rsquo;un achat unique. Votre licence restera valide tant qu&rsquo;Affinity prendra en charge la version V2 de tous ses produits. <\/p>\n<p>La bonne nouvelle est que la vente Black Friday d&rsquo;Affinity comprend \u00e9galement des r\u00e9ductions individuelles sur chaque application, donc si vous n&rsquo;avez besoin que d&rsquo;une ou deux applications de l&rsquo;entreprise, vous pouvez \u00e9galement obtenir une bonne affaire si vous les achetez s\u00e9par\u00e9ment. <\/p>\n<p>Prix \u200b\u200br\u00e9duit\u00a0: 84,99\u00a0$ (au lieu de 164,99\u00a0$)<\/p>\n<p>Obtenez-le ici : Licence universelle Affinity V2<\/p>\n<h2 id=\"davinci-resolve-studio-19-an-adobe-premiere-alternative\">DaVinci Resolve Studio 19 : une alternative \u00e0 Adobe Premiere<\/h2>\n<p>DaVinci Resolve Studio est une excellente option pour une application robuste capable de g\u00e9rer le montage vid\u00e9o, l&rsquo;\u00e9talonnage des couleurs et les effets visuels. Avant d\u2019\u00e9voquer l\u2019offre Black Friday, il faut savoir qu\u2019il existe deux variantes de ce logiciel. L\u2019un s\u2019appelle DaVinci Resolve, qui est totalement gratuit, et l\u2019autre est DaVinci Resolve Studio, qui est payant. La version gratuite est en fait plut\u00f4t bonne et vous permet d&rsquo;\u00e9diter des vid\u00e9os jusqu&rsquo;\u00e0 4K, tandis que la version payante ajoute la prise en charge de vid\u00e9os jusqu&rsquo;\u00e0 32K, l&rsquo;\u00e9talonnage Dolby Vision et HDR10+, plusieurs GPU pour le rendu et de nombreuses autres fonctionnalit\u00e9s. DaVinci Resolve Studio est disponible \u00e0 20 % de r\u00e9duction ce Black Friday, ce qui est la premi\u00e8re fois que cette application b\u00e9n\u00e9ficie d&rsquo;une r\u00e9duction.<\/p>\n<p>Prix \u200b\u200br\u00e9duit : 235 $ (au lieu de 295 $)<\/p>\n<p>Obtenez-le ici : DaVinci Resolve Studio 19<\/p>\n<h2 id=\"darkroom-a-photo-and-video-editor-bundled-into-one\">Darkroom\u00a0: un \u00e9diteur de photos et de vid\u00e9os regroup\u00e9 en un seul<\/h2>\n<p>Darkroom, laur\u00e9at du Apple Design Award, propose \u00e0 la fois l&rsquo;\u00e9dition de photos et de vid\u00e9os dans une seule application. La conception de l&rsquo;application est l&rsquo;un de ses points forts et elle peut g\u00e9rer des fichiers RAW pour la photographie et des fichiers 4K pour le montage vid\u00e9o. L&rsquo;application n&rsquo;est cependant disponible que sur les appareils Apple, ce qui peut constituer un obstacle pour certains. Vous pouvez l&rsquo;essayer gratuitement pour voir comment l&rsquo;outil s&rsquo;adapte \u00e0 votre flux de travail. L&rsquo;abonnement premium, appel\u00e9 Darkroom+, poss\u00e8de des fonctionnalit\u00e9s avanc\u00e9es, notamment l&rsquo;\u00e9talonnage des couleurs, les exportations vid\u00e9o 4K et la fonctionnalit\u00e9 d&rsquo;organisation Flag &#038; Reject (vous permet de marquer les photos pour une modification ult\u00e9rieure et de rejeter celles dont vous n&rsquo;avez pas besoin). La premi\u00e8re ann\u00e9e de Darkroom+ est actuellement \u00e0 50\u00a0% de r\u00e9duction.<\/p>\n<p>Dur\u00e9e de la vente\u00a0: 17\u00a0novembre-2\u00a0d\u00e9cembre<\/p>\n<p>Prix \u200b\u200br\u00e9duit : 16,49 $ par an (pour la premi\u00e8re ann\u00e9e, le prix habituel 32,99 $)<\/p>\n<p>Obtenez-le ici : Chambre noire (iPhone, iPad, Mac)<\/p>\n<h2 id=\"on1-photo-raw-2025-a-photoshop-and-lightroom-alternative\">ON1 Photo Raw 2025 : Une alternative \u00e0 Photoshop et Lightroom<\/h2>\n<p>ON1 Photo Raw 2025 est une bonne alternative \u00e0 Photoshop et Lightroom \u00e0 35 % de r\u00e9duction pour le Black Friday. C&rsquo;est un outil tout-en-un pour g\u00e9rer et \u00e9diter vos photos, et vous constaterez qu&rsquo;il poss\u00e8de la plupart des fonctionnalit\u00e9s auxquelles vous \u00eates d\u00e9j\u00e0 habitu\u00e9. Comme pour toute application \u00e0 laquelle vous n&rsquo;\u00eates pas habitu\u00e9, ON1 Photo Raw a une courbe d&rsquo;apprentissage si vous passez d&rsquo;un autre logiciel, mais cela vaut la peine d&rsquo;essayer. Cette application est disponible sans abonnement, ce que certains appr\u00e9cieront peut-\u00eatre.<\/p>\n<p>Dur\u00e9e de la vente\u00a0:\u00a0se termine le 29\u00a0novembre<\/p>\n<p>Prix \u200b\u200br\u00e9duit\u00a0: 63,99\u00a0$ (au lieu de 99,99\u00a0$)<\/p>\n<p>Obtenez-le ici : ON1 Photo Raw 2025<\/p>\n<div class=\"w-full mt-12 text-center sm:text-left\" x-data=\"{ showAll: false }\">\n<div class=\"flex flex-col items-center justify-between sm:px-6 sm:flex-row\">\n\t\t\t<span class=\"text-sm italic\">Les offres sont s\u00e9lectionn\u00e9es par notre \u00e9quipe commerciale<\/span><\/p><\/div>\n<\/p><\/div>\n","protected":false},"excerpt":{"rendered":"<p>C&rsquo;est maintenant votre chance d&rsquo;obtenir Adobe CC, ou l&rsquo;un de ses nombreux concurrents, \u00e0 un prix inf\u00e9rieur. Adobe reste dominant dans l&rsquo;industrie des m\u00e9dias, des<\/p>\n","protected":false},"author":1,"featured_media":2804,"comment_status":"","ping_status":"","sticky":false,"template":"","format":"standard","meta":{"footnotes":""},"categories":[13],"tags":[73,3536,3535,2156,76,1255,81,308],"class_list":["post-2803","post","type-post","status-publish","format-standard","has-post-thumbnail","hentry","category-technologie","tag-black","tag-cloud","tag-creative","tag-dadobe","tag-est","tag-friday","tag-pour","tag-reduction","generate-columns","tablet-grid-50","mobile-grid-100","grid-parent","grid-33"],"yoast_head":"<!-- This site is optimized with the Yoast SEO plugin v24.0 - https:\/\/yoast.com\/wordpress\/plugins\/seo\/ -->\n<title>Creative Cloud d&#039;Adobe est \u00e0 50 % de r\u00e9duction pour le Black Friday | Vie Associative<\/title>\n<meta name=\"robots\" content=\"index, follow, max-snippet:-1, max-image-preview:large, max-video-preview:-1\" \/>\n<link rel=\"canonical\" href=\"https:\/\/vieassociative.be\/actualites\/creative-cloud-dadobe-est-a-50-de-reduction-pour-le-black-friday\/\" \/>\n<meta property=\"og:locale\" content=\"fr_FR\" \/>\n<meta property=\"og:type\" content=\"article\" \/>\n<meta property=\"og:title\" content=\"Creative Cloud d&#039;Adobe est \u00e0 50 % de r\u00e9duction pour le Black Friday | Vie Associative\" \/>\n<meta property=\"og:description\" content=\"C&rsquo;est maintenant votre chance d&rsquo;obtenir Adobe CC, ou l&rsquo;un de ses nombreux concurrents, \u00e0 un prix inf\u00e9rieur. Adobe reste dominant dans l&rsquo;industrie des m\u00e9dias, des\" \/>\n<meta property=\"og:url\" content=\"https:\/\/vieassociative.be\/actualites\/creative-cloud-dadobe-est-a-50-de-reduction-pour-le-black-friday\/\" \/>\n<meta property=\"og:site_name\" content=\"Vie Associative\" \/>\n<meta property=\"article:published_time\" content=\"2024-11-27T01:17:17+00:00\" \/>\n<meta property=\"og:image\" content=\"https:\/\/vieassociative.be\/actualites\/wp-content\/uploads\/2024\/09\/header_backgroundk-01-e1726694325946.png\" \/>\n\t<meta property=\"og:image:width\" content=\"279\" \/>\n\t<meta property=\"og:image:height\" content=\"92\" \/>\n\t<meta property=\"og:image:type\" content=\"image\/png\" \/>\n<meta name=\"author\" content=\"Julien\" \/>\n<meta name=\"twitter:card\" content=\"summary_large_image\" \/>\n<meta name=\"twitter:label1\" content=\"\u00c9crit par\" \/>\n\t<meta name=\"twitter:data1\" content=\"Julien\" \/>\n\t<meta name=\"twitter:label2\" content=\"Dur\u00e9e de lecture est.\" \/>\n\t<meta name=\"twitter:data2\" content=\"5 minutes\" \/>\n<script type=\"application\/ld+json\" class=\"yoast-schema-graph\">{\"@context\":\"https:\/\/schema.org\",\"@graph\":[{\"@type\":\"Article\",\"@id\":\"https:\/\/vieassociative.be\/actualites\/creative-cloud-dadobe-est-a-50-de-reduction-pour-le-black-friday\/#article\",\"isPartOf\":{\"@id\":\"https:\/\/vieassociative.be\/actualites\/creative-cloud-dadobe-est-a-50-de-reduction-pour-le-black-friday\/\"},\"author\":{\"name\":\"Julien\",\"@id\":\"https:\/\/vieassociative.be\/actualites\/#\/schema\/person\/b87ac4f82f9d4e7b7cec7395b679edc4\"},\"headline\":\"Creative Cloud d&rsquo;Adobe est \u00e0 50 % de r\u00e9duction pour le Black Friday\",\"datePublished\":\"2024-11-27T01:17:17+00:00\",\"dateModified\":\"2024-11-27T01:17:17+00:00\",\"mainEntityOfPage\":{\"@id\":\"https:\/\/vieassociative.be\/actualites\/creative-cloud-dadobe-est-a-50-de-reduction-pour-le-black-friday\/\"},\"wordCount\":1093,\"publisher\":{\"@id\":\"https:\/\/vieassociative.be\/actualites\/#organization\"},\"image\":{\"@id\":\"https:\/\/vieassociative.be\/actualites\/creative-cloud-dadobe-est-a-50-de-reduction-pour-le-black-friday\/#primaryimage\"},\"thumbnailUrl\":\"https:\/\/vieassociative.be\/actualites\/wp-content\/uploads\/2024\/11\/Creative-Cloud-dAdobe-est-a-50-de-reduction-pour.png\",\"keywords\":[\"Black\",\"Cloud\",\"Creative\",\"dAdobe\",\"est\",\"Friday\",\"pour\",\"r\u00e9duction\"],\"articleSection\":[\"Technologie\"],\"inLanguage\":\"fr-BE\"},{\"@type\":\"WebPage\",\"@id\":\"https:\/\/vieassociative.be\/actualites\/creative-cloud-dadobe-est-a-50-de-reduction-pour-le-black-friday\/\",\"url\":\"https:\/\/vieassociative.be\/actualites\/creative-cloud-dadobe-est-a-50-de-reduction-pour-le-black-friday\/\",\"name\":\"Creative Cloud d'Adobe est \u00e0 50 % de r\u00e9duction pour le Black Friday | Vie Associative\",\"isPartOf\":{\"@id\":\"https:\/\/vieassociative.be\/actualites\/#website\"},\"primaryImageOfPage\":{\"@id\":\"https:\/\/vieassociative.be\/actualites\/creative-cloud-dadobe-est-a-50-de-reduction-pour-le-black-friday\/#primaryimage\"},\"image\":{\"@id\":\"https:\/\/vieassociative.be\/actualites\/creative-cloud-dadobe-est-a-50-de-reduction-pour-le-black-friday\/#primaryimage\"},\"thumbnailUrl\":\"https:\/\/vieassociative.be\/actualites\/wp-content\/uploads\/2024\/11\/Creative-Cloud-dAdobe-est-a-50-de-reduction-pour.png\",\"datePublished\":\"2024-11-27T01:17:17+00:00\",\"dateModified\":\"2024-11-27T01:17:17+00:00\",\"breadcrumb\":{\"@id\":\"https:\/\/vieassociative.be\/actualites\/creative-cloud-dadobe-est-a-50-de-reduction-pour-le-black-friday\/#breadcrumb\"},\"inLanguage\":\"fr-BE\",\"potentialAction\":[{\"@type\":\"ReadAction\",\"target\":[\"https:\/\/vieassociative.be\/actualites\/creative-cloud-dadobe-est-a-50-de-reduction-pour-le-black-friday\/\"]}]},{\"@type\":\"ImageObject\",\"inLanguage\":\"fr-BE\",\"@id\":\"https:\/\/vieassociative.be\/actualites\/creative-cloud-dadobe-est-a-50-de-reduction-pour-le-black-friday\/#primaryimage\",\"url\":\"https:\/\/vieassociative.be\/actualites\/wp-content\/uploads\/2024\/11\/Creative-Cloud-dAdobe-est-a-50-de-reduction-pour.png\",\"contentUrl\":\"https:\/\/vieassociative.be\/actualites\/wp-content\/uploads\/2024\/11\/Creative-Cloud-dAdobe-est-a-50-de-reduction-pour.png\",\"width\":1200,\"height\":675,\"caption\":\"Creative Cloud d'Adobe est \u00e0 50 % de r\u00e9duction pour le Black Friday\"},{\"@type\":\"BreadcrumbList\",\"@id\":\"https:\/\/vieassociative.be\/actualites\/creative-cloud-dadobe-est-a-50-de-reduction-pour-le-black-friday\/#breadcrumb\",\"itemListElement\":[{\"@type\":\"ListItem\",\"position\":1,\"name\":\"Accueil\",\"item\":\"https:\/\/vieassociative.be\/actualites\/\"},{\"@type\":\"ListItem\",\"position\":2,\"name\":\"Creative Cloud d&rsquo;Adobe est \u00e0 50 % de r\u00e9duction pour le Black Friday\"}]},{\"@type\":\"WebSite\",\"@id\":\"https:\/\/vieassociative.be\/actualites\/#website\",\"url\":\"https:\/\/vieassociative.be\/actualites\/\",\"name\":\"Vie Associative\",\"description\":\"\",\"publisher\":{\"@id\":\"https:\/\/vieassociative.be\/actualites\/#organization\"},\"potentialAction\":[{\"@type\":\"SearchAction\",\"target\":{\"@type\":\"EntryPoint\",\"urlTemplate\":\"https:\/\/vieassociative.be\/actualites\/?s={search_term_string}\"},\"query-input\":{\"@type\":\"PropertyValueSpecification\",\"valueRequired\":true,\"valueName\":\"search_term_string\"}}],\"inLanguage\":\"fr-BE\"},{\"@type\":\"Organization\",\"@id\":\"https:\/\/vieassociative.be\/actualites\/#organization\",\"name\":\"Vie Associative\",\"url\":\"https:\/\/vieassociative.be\/actualites\/\",\"logo\":{\"@type\":\"ImageObject\",\"inLanguage\":\"fr-BE\",\"@id\":\"https:\/\/vieassociative.be\/actualites\/#\/schema\/logo\/image\/\",\"url\":\"https:\/\/vieassociative.be\/actualites\/wp-content\/uploads\/2024\/09\/cropped-vieassociative_favicon.ico.png\",\"contentUrl\":\"https:\/\/vieassociative.be\/actualites\/wp-content\/uploads\/2024\/09\/cropped-vieassociative_favicon.ico.png\",\"width\":512,\"height\":512,\"caption\":\"Vie Associative\"},\"image\":{\"@id\":\"https:\/\/vieassociative.be\/actualites\/#\/schema\/logo\/image\/\"}},{\"@type\":\"Person\",\"@id\":\"https:\/\/vieassociative.be\/actualites\/#\/schema\/person\/b87ac4f82f9d4e7b7cec7395b679edc4\",\"name\":\"Julien\",\"image\":{\"@type\":\"ImageObject\",\"inLanguage\":\"fr-BE\",\"@id\":\"https:\/\/vieassociative.be\/actualites\/#\/schema\/person\/image\/\",\"url\":\"https:\/\/vieassociative.be\/actualites\/wp-content\/uploads\/2024\/09\/vie-associative-1-150x150.jpg\",\"contentUrl\":\"https:\/\/vieassociative.be\/actualites\/wp-content\/uploads\/2024\/09\/vie-associative-1-150x150.jpg\",\"caption\":\"Julien\"},\"description\":\"Je suis Julien, r\u00e9dacteur pour Vie Associative. Passionn\u00e9 par le monde associatif depuis plus de 10 ans, j'ai \u00e0 c\u0153ur de partager des histoires inspirantes et de mettre en lumi\u00e8re les initiatives locales. Mon objectif est de sensibiliser et d'encourager l'engagement communautaire \u00e0 travers mes articles.\",\"sameAs\":[\"https:\/\/vieassociative.be\/\"]}]}<\/script>\n<!-- \/ Yoast SEO plugin. -->","yoast_head_json":{"title":"Creative Cloud d'Adobe est \u00e0 50 % de r\u00e9duction pour le Black Friday | Vie Associative","robots":{"index":"index","follow":"follow","max-snippet":"max-snippet:-1","max-image-preview":"max-image-preview:large","max-video-preview":"max-video-preview:-1"},"canonical":"https:\/\/vieassociative.be\/actualites\/creative-cloud-dadobe-est-a-50-de-reduction-pour-le-black-friday\/","og_locale":"fr_FR","og_type":"article","og_title":"Creative Cloud d'Adobe est \u00e0 50 % de r\u00e9duction pour le Black Friday | Vie Associative","og_description":"C&rsquo;est maintenant votre chance d&rsquo;obtenir Adobe CC, ou l&rsquo;un de ses nombreux concurrents, \u00e0 un prix inf\u00e9rieur. Adobe reste dominant dans l&rsquo;industrie des m\u00e9dias, des","og_url":"https:\/\/vieassociative.be\/actualites\/creative-cloud-dadobe-est-a-50-de-reduction-pour-le-black-friday\/","og_site_name":"Vie Associative","article_published_time":"2024-11-27T01:17:17+00:00","og_image":[{"width":279,"height":92,"url":"https:\/\/vieassociative.be\/actualites\/wp-content\/uploads\/2024\/09\/header_backgroundk-01-e1726694325946.png","type":"image\/png"}],"author":"Julien","twitter_card":"summary_large_image","twitter_misc":{"\u00c9crit par":"Julien","Dur\u00e9e de lecture est.":"5 minutes"},"schema":{"@context":"https:\/\/schema.org","@graph":[{"@type":"Article","@id":"https:\/\/vieassociative.be\/actualites\/creative-cloud-dadobe-est-a-50-de-reduction-pour-le-black-friday\/#article","isPartOf":{"@id":"https:\/\/vieassociative.be\/actualites\/creative-cloud-dadobe-est-a-50-de-reduction-pour-le-black-friday\/"},"author":{"name":"Julien","@id":"https:\/\/vieassociative.be\/actualites\/#\/schema\/person\/b87ac4f82f9d4e7b7cec7395b679edc4"},"headline":"Creative Cloud d&rsquo;Adobe est \u00e0 50 % de r\u00e9duction pour le Black Friday","datePublished":"2024-11-27T01:17:17+00:00","dateModified":"2024-11-27T01:17:17+00:00","mainEntityOfPage":{"@id":"https:\/\/vieassociative.be\/actualites\/creative-cloud-dadobe-est-a-50-de-reduction-pour-le-black-friday\/"},"wordCount":1093,"publisher":{"@id":"https:\/\/vieassociative.be\/actualites\/#organization"},"image":{"@id":"https:\/\/vieassociative.be\/actualites\/creative-cloud-dadobe-est-a-50-de-reduction-pour-le-black-friday\/#primaryimage"},"thumbnailUrl":"https:\/\/vieassociative.be\/actualites\/wp-content\/uploads\/2024\/11\/Creative-Cloud-dAdobe-est-a-50-de-reduction-pour.png","keywords":["Black","Cloud","Creative","dAdobe","est","Friday","pour","r\u00e9duction"],"articleSection":["Technologie"],"inLanguage":"fr-BE"},{"@type":"WebPage","@id":"https:\/\/vieassociative.be\/actualites\/creative-cloud-dadobe-est-a-50-de-reduction-pour-le-black-friday\/","url":"https:\/\/vieassociative.be\/actualites\/creative-cloud-dadobe-est-a-50-de-reduction-pour-le-black-friday\/","name":"Creative Cloud d'Adobe est \u00e0 50 % de r\u00e9duction pour le Black Friday | Vie Associative","isPartOf":{"@id":"https:\/\/vieassociative.be\/actualites\/#website"},"primaryImageOfPage":{"@id":"https:\/\/vieassociative.be\/actualites\/creative-cloud-dadobe-est-a-50-de-reduction-pour-le-black-friday\/#primaryimage"},"image":{"@id":"https:\/\/vieassociative.be\/actualites\/creative-cloud-dadobe-est-a-50-de-reduction-pour-le-black-friday\/#primaryimage"},"thumbnailUrl":"https:\/\/vieassociative.be\/actualites\/wp-content\/uploads\/2024\/11\/Creative-Cloud-dAdobe-est-a-50-de-reduction-pour.png","datePublished":"2024-11-27T01:17:17+00:00","dateModified":"2024-11-27T01:17:17+00:00","breadcrumb":{"@id":"https:\/\/vieassociative.be\/actualites\/creative-cloud-dadobe-est-a-50-de-reduction-pour-le-black-friday\/#breadcrumb"},"inLanguage":"fr-BE","potentialAction":[{"@type":"ReadAction","target":["https:\/\/vieassociative.be\/actualites\/creative-cloud-dadobe-est-a-50-de-reduction-pour-le-black-friday\/"]}]},{"@type":"ImageObject","inLanguage":"fr-BE","@id":"https:\/\/vieassociative.be\/actualites\/creative-cloud-dadobe-est-a-50-de-reduction-pour-le-black-friday\/#primaryimage","url":"https:\/\/vieassociative.be\/actualites\/wp-content\/uploads\/2024\/11\/Creative-Cloud-dAdobe-est-a-50-de-reduction-pour.png","contentUrl":"https:\/\/vieassociative.be\/actualites\/wp-content\/uploads\/2024\/11\/Creative-Cloud-dAdobe-est-a-50-de-reduction-pour.png","width":1200,"height":675,"caption":"Creative Cloud d'Adobe est \u00e0 50 % de r\u00e9duction pour le Black Friday"},{"@type":"BreadcrumbList","@id":"https:\/\/vieassociative.be\/actualites\/creative-cloud-dadobe-est-a-50-de-reduction-pour-le-black-friday\/#breadcrumb","itemListElement":[{"@type":"ListItem","position":1,"name":"Accueil","item":"https:\/\/vieassociative.be\/actualites\/"},{"@type":"ListItem","position":2,"name":"Creative Cloud d&rsquo;Adobe est \u00e0 50 % de r\u00e9duction pour le Black Friday"}]},{"@type":"WebSite","@id":"https:\/\/vieassociative.be\/actualites\/#website","url":"https:\/\/vieassociative.be\/actualites\/","name":"Vie Associative","description":"","publisher":{"@id":"https:\/\/vieassociative.be\/actualites\/#organization"},"potentialAction":[{"@type":"SearchAction","target":{"@type":"EntryPoint","urlTemplate":"https:\/\/vieassociative.be\/actualites\/?s={search_term_string}"},"query-input":{"@type":"PropertyValueSpecification","valueRequired":true,"valueName":"search_term_string"}}],"inLanguage":"fr-BE"},{"@type":"Organization","@id":"https:\/\/vieassociative.be\/actualites\/#organization","name":"Vie Associative","url":"https:\/\/vieassociative.be\/actualites\/","logo":{"@type":"ImageObject","inLanguage":"fr-BE","@id":"https:\/\/vieassociative.be\/actualites\/#\/schema\/logo\/image\/","url":"https:\/\/vieassociative.be\/actualites\/wp-content\/uploads\/2024\/09\/cropped-vieassociative_favicon.ico.png","contentUrl":"https:\/\/vieassociative.be\/actualites\/wp-content\/uploads\/2024\/09\/cropped-vieassociative_favicon.ico.png","width":512,"height":512,"caption":"Vie Associative"},"image":{"@id":"https:\/\/vieassociative.be\/actualites\/#\/schema\/logo\/image\/"}},{"@type":"Person","@id":"https:\/\/vieassociative.be\/actualites\/#\/schema\/person\/b87ac4f82f9d4e7b7cec7395b679edc4","name":"Julien","image":{"@type":"ImageObject","inLanguage":"fr-BE","@id":"https:\/\/vieassociative.be\/actualites\/#\/schema\/person\/image\/","url":"https:\/\/vieassociative.be\/actualites\/wp-content\/uploads\/2024\/09\/vie-associative-1-150x150.jpg","contentUrl":"https:\/\/vieassociative.be\/actualites\/wp-content\/uploads\/2024\/09\/vie-associative-1-150x150.jpg","caption":"Julien"},"description":"Je suis Julien, r\u00e9dacteur pour Vie Associative. Passionn\u00e9 par le monde associatif depuis plus de 10 ans, j'ai \u00e0 c\u0153ur de partager des histoires inspirantes et de mettre en lumi\u00e8re les initiatives locales. Mon objectif est de sensibiliser et d'encourager l'engagement communautaire \u00e0 travers mes articles.","sameAs":["https:\/\/vieassociative.be\/"]}]}},"_links":{"self":[{"href":"https:\/\/vieassociative.be\/actualites\/wp-json\/wp\/v2\/posts\/2803"}],"collection":[{"href":"https:\/\/vieassociative.be\/actualites\/wp-json\/wp\/v2\/posts"}],"about":[{"href":"https:\/\/vieassociative.be\/actualites\/wp-json\/wp\/v2\/types\/post"}],"author":[{"embeddable":true,"href":"https:\/\/vieassociative.be\/actualites\/wp-json\/wp\/v2\/users\/1"}],"replies":[{"embeddable":true,"href":"https:\/\/vieassociative.be\/actualites\/wp-json\/wp\/v2\/comments?post=2803"}],"version-history":[{"count":0,"href":"https:\/\/vieassociative.be\/actualites\/wp-json\/wp\/v2\/posts\/2803\/revisions"}],"wp:featuredmedia":[{"embeddable":true,"href":"https:\/\/vieassociative.be\/actualites\/wp-json\/wp\/v2\/media\/2804"}],"wp:attachment":[{"href":"https:\/\/vieassociative.be\/actualites\/wp-json\/wp\/v2\/media?parent=2803"}],"wp:term":[{"taxonomy":"category","embeddable":true,"href":"https:\/\/vieassociative.be\/actualites\/wp-json\/wp\/v2\/categories?post=2803"},{"taxonomy":"post_tag","embeddable":true,"href":"https:\/\/vieassociative.be\/actualites\/wp-json\/wp\/v2\/tags?post=2803"}],"curies":[{"name":"wp","href":"https:\/\/api.w.org\/{rel}","templated":true}]}}