{"id":2795,"date":"2024-11-26T21:17:58","date_gmt":"2024-11-26T20:17:58","guid":{"rendered":"https:\/\/vieassociative.be\/actualites\/le-pfennigfuchser-michael-balter-a-interroge-oliver-paasch-sur-les-couts-des-celebrations-du-dg-day\/"},"modified":"2024-11-26T21:17:58","modified_gmt":"2024-11-26T20:17:58","slug":"le-pfennigfuchser-michael-balter-a-interroge-oliver-paasch-sur-les-couts-des-celebrations-du-dg-day","status":"publish","type":"post","link":"https:\/\/vieassociative.be\/actualites\/le-pfennigfuchser-michael-balter-a-interroge-oliver-paasch-sur-les-couts-des-celebrations-du-dg-day\/","title":{"rendered":"Le \u00ab Pfennigfuchser \u00bb Michael Balter a interrog\u00e9 Oliver Paasch sur les co\u00fbts des c\u00e9l\u00e9brations du DG Day"},"content":{"rendered":"<p><strong>En Allemagne, l&rsquo;\u00ab Association des contribuables \u00bb rapporte r\u00e9guli\u00e8rement pour d\u00e9noncer, selon elle, des d\u00e9penses publiques inutiles. Dans l&rsquo;Est de la Belgique, c&rsquo;est ce que font Michael Balter et sa faction Vivant au sein du parlement DG.<\/strong><\/p>\n<p><span id=\"more-402692\"><\/span>Apr\u00e8s avoir r\u00e9clam\u00e9 un plafond contraignant de la dette (voir rapport ailleurs), le \u00ab Pfennigfuchser \u00bb Balter s&rsquo;est consacr\u00e9 \u00e0 l&rsquo;un de ses sujets favoris : les d\u00e9penses li\u00e9es \u00e0 la f\u00eate du 15 novembre en Communaut\u00e9 germanophone.<\/p>\n<p>Balter a profit\u00e9 de l&rsquo;heure des questions en Commission I du PDG pour demander au Premier ministre Oliver Paasch (ProDG) \u00e0 propos des c\u00e9l\u00e9brations de la Journ\u00e9e de la DG pourquoi la r\u00e9ception \u00e0 Bruxelles avait eu lieu \u00e0 l&rsquo;heure du d\u00e9jeuner dans le magnifique Palais d&rsquo;Egmont \u00e0 Bruxelles et comment la \u00ab divergence \u00bb entre \u00ables appels \u00e0 l&rsquo;aust\u00e9rit\u00e9 et la pr\u00e9sentation \u00e9labor\u00e9e du DG dans un cadre luxueux\u00bb peut \u00eatre justifi\u00e9.<\/p>\n<div id=\"attachment_402706\" class=\"wp-caption alignleft\" style=\"max-width: 300px\"><img fetchpriority=\"high\" decoding=\"async\" class=\"wp-image-402706 size-medium\" src=\"https:\/\/vieassociative.be\/actualites\/wp-content\/uploads\/2024\/11\/Le-Pfennigfuchser-Michael-Balter-a-interroge-Oliver-Paasch.jpg\" alt=\"\" width=\"300\" height=\"200\"><\/p>\n<p class=\"wp-caption-text\">R\u00e9ception pour la journ\u00e9e du DG \u00e0 la Lontzen Hubertushalle le vendredi soir. Photo : Patrick von Staufenberg<\/p>\n<\/div>\n<p>Balter voulait \u00e9galement savoir aupr\u00e8s du Premier ministre quel \u00e9tait le co\u00fbt total des c\u00e9l\u00e9brations \u00e0 Bruxelles et \u00e0 Lontzen pour la Journ\u00e9e de la DG et ce que Paasch pensait de la suggestion de Vivant de d\u00e9placer syst\u00e9matiquement la f\u00eate de la DG \u00e0 un dimanche.<\/p>\n<p>Paasch a r\u00e9pondu que les c\u00e9r\u00e9monies donnent \u00e0 chacun la possibilit\u00e9 de consolider ses r\u00e9seaux, d&rsquo;approfondir les contacts avec les institutions nationales et europ\u00e9ennes et de pr\u00e9senter des positions et des revendications politiques importantes de mani\u00e8re visible et publique pour l&rsquo;ensemble du pays.<\/p>\n<p>Paasch : \u00ab Cette ann\u00e9e, j&rsquo;ai par exemple appel\u00e9 au transfert des comp\u00e9tences provinciales en pr\u00e9sence du Premier ministre wallon et du pr\u00e9sident du Parlement wallon. En pr\u00e9sence de repr\u00e9sentants du gouvernement f\u00e9d\u00e9ral et lors de plusieurs entrevues, j&rsquo;ai \u00e9galement appel\u00e9 \u00e0 une r\u00e9forme fondamentale du syst\u00e8me d&rsquo;imp\u00f4ts et de cotisations afin de rendre notre pays plus comp\u00e9titif. Je pense que c\u2019est tr\u00e8s important pour une r\u00e9gion frontali\u00e8re.<\/p>\n<p>D&rsquo;ailleurs, Paasch a assur\u00e9 \u00e0 Balter qu&rsquo;il n&rsquo;\u00e9tait pas libre le 15 novembre. \u00abLes nombreux articles de presse montrent que la journ\u00e9e de c\u00e9l\u00e9bration du DG repr\u00e9sente pour nous beaucoup de travail.\u00bb<\/p>\n<div id=\"attachment_402709\" class=\"wp-caption alignleft\" style=\"max-width: 300px\"><img decoding=\"async\" class=\"wp-image-402709 size-medium\" src=\"https:\/\/vieassociative.be\/actualites\/wp-content\/uploads\/2024\/11\/1732652278_886_Le-Pfennigfuchser-Michael-Balter-a-interroge-Oliver-Paasch.jpg\" alt=\"\" width=\"300\" height=\"200\"><\/p>\n<p class=\"wp-caption-text\">Le Premier ministre Oliver Paasch lors de la c\u00e9r\u00e9monie du DG Day \u00e0 Lontzen. Photo : Patrick von Staufenberg<\/p>\n<\/div>\n<p>Cette ann\u00e9e, les travaux de r\u00e9novation de la repr\u00e9sentation de la Communaut\u00e9 germanophone ont n\u00e9cessit\u00e9 la location d&rsquo;un espace ext\u00e9rieur. \u00ab\u00a0Louer le Palais d&rsquo;Egmont n&rsquo;est pas si simple\u00a0\u00bb, souligne Paasch : \u00ab\u00a0Il n&rsquo;appartient \u00e0 aucun requin de l&rsquo;immobilier, mais \u00e0 l&rsquo;Etat belge. Pendant la pand\u00e9mie, par exemple, presque tous les comit\u00e9s de concertation s\u2019y sont d\u00e9roul\u00e9s. Le minist\u00e8re des Affaires \u00e9trang\u00e8res \u00e9tait dispos\u00e9 \u00e0 mettre les locaux \u00e0 notre disposition moyennant une somme de 2 712 euros. Ces 2.712 euros ne sont donc all\u00e9s \u00e0 personne, mais \u00e0 l\u2019\u00c9tat belge.\u00bb<\/p>\n<p>Selon Paasch, les c\u00e9l\u00e9brations \u00e0 Bruxelles et Lontzen co\u00fbtent 17.561 euros hors TVA. Cela correspond \u00e0 une r\u00e9duction des d\u00e9penses de 25 pour cent par rapport \u00e0 l\u2019ann\u00e9e derni\u00e8re.<\/p>\n<p>\u00ab Je peux vous assurer que nous sommes d\u00e9j\u00e0 en train de d\u00e9velopper un nouveau concept et que nous r\u00e9duirons encore sensiblement les co\u00fbts au cours de l&rsquo;ann\u00e9e \u00e0 venir. 15 novembre Cependant, le d\u00e9placer syst\u00e9matiquement \u00e0 un dimanche \u00e9chappe \u00e0 notre contr\u00f4le. Il n&rsquo;appartient pas \u00e0 la DG de modifier le calendrier gr\u00e9gorien. \u00ab\u00a0En dehors de cela, le d\u00e9placement un dimanche entra\u00eenerait des co\u00fbts suppl\u00e9mentaires consid\u00e9rables, car des surtaxes allant jusqu&rsquo;\u00e0 100 pour cent s&rsquo;appliqueraient pour le personnel, la technologie et la s\u00e9curit\u00e9\u00a0\u00bb, a conclu Paasch. (cr\u00e9er)<\/p>\n<p><em><strong>Question de Balter et r\u00e9ponse compl\u00e8te de Paasch sur le lien suivant :<\/strong><\/em><\/p>\n<p><u>https:\/\/pdg.be\/desktopdefault.aspx\/tabid-5093\/8772_read-73653\/<\/u><\/p>\n<p><em><strong>Sur le sujet, voir aussi l&rsquo;article suivant sur l&rsquo;OD :<\/strong><\/em><\/p>\n<div class=\"responsive-embed widescreen\">\n<blockquote class=\"wp-embedded-content\" data-secret=\"ui09fvDTqP\">\n<p>Le Premier ministre Paasch \u00e0 la c\u00e9r\u00e9monie du DG Day : \u00ab Nous vivons des temps difficiles \u00bb (galerie de photos)<\/p>\n<\/blockquote>\n<p><iframe loading=\"lazy\" class=\"wp-embedded-content\" sandbox=\"allow-scripts\" security=\"restricted\" style=\"position: absolute; visibility: hidden;\" title=\"\u201eMinisterpr\u00e4sident Paasch beim Festakt zum Tag der DG: \u201eWir leben in schwierigen Zeiten\u201c (Fotogalerie)\u201c \u2014 Ostbelgien Direkt\" src=\"https:\/\/ostbelgiendirekt.be\/about:blank\" data-secret=\"ui09fvDTqP\" width=\"500\" height=\"282\" frameborder=\"0\" marginwidth=\"0\" marginheight=\"0\" scrolling=\"no\" data-rocket-lazyload=\"fitvidscompatible\" data-lazy-src=\"https:\/\/ostbelgiendirekt.be\/mp-oliver-paasch-zum-tag-der-dg-401875\/embed#?secret=iaZ0W9utDH#?secret=ui09fvDTqP\"><\/iframe><noscript><iframe class=\"wp-embedded-content\" sandbox=\"allow-scripts\" security=\"restricted\" style=\"position: absolute; visibility: hidden;\" title=\"\u201eMinisterpr\u00e4sident Paasch beim Festakt zum Tag der DG: \u201eWir leben in schwierigen Zeiten\u201c (Fotogalerie)\u201c \u2014 Ostbelgien Direkt\" src=\"https:\/\/ostbelgiendirekt.be\/mp-oliver-paasch-zum-tag-der-dg-401875\/embed#?secret=iaZ0W9utDH#?secret=ui09fvDTqP\" data-secret=\"ui09fvDTqP\" width=\"500\" height=\"282\" frameborder=\"0\" marginwidth=\"0\" marginheight=\"0\" scrolling=\"no\"><\/iframe><\/noscript><\/p>\n<\/div>\n","protected":false},"excerpt":{"rendered":"<p>En Allemagne, l&rsquo;\u00ab Association des contribuables \u00bb rapporte r\u00e9guli\u00e8rement pour d\u00e9noncer, selon elle, des d\u00e9penses publiques inutiles. Dans l&rsquo;Est de la Belgique, c&rsquo;est ce que<\/p>\n","protected":false},"author":1,"featured_media":2796,"comment_status":"","ping_status":"","sticky":false,"template":"","format":"standard","meta":{"footnotes":""},"categories":[298],"tags":[3527,3530,3529,347,29,3528,14,3526,3141,2553,3525,33],"class_list":["post-2795","post","type-post","status-publish","format-standard","has-post-thumbnail","hentry","category-belgique","tag-balter","tag-celebrations","tag-couts","tag-day","tag-des","tag-interroge","tag-les","tag-michael","tag-oliver","tag-paasch","tag-pfennigfuchser","tag-sur","generate-columns","tablet-grid-50","mobile-grid-100","grid-parent","grid-33"],"yoast_head":"<!-- This site is optimized with the Yoast SEO plugin v24.0 - https:\/\/yoast.com\/wordpress\/plugins\/seo\/ -->\n<title>Le \u00ab Pfennigfuchser \u00bb Michael Balter a interrog\u00e9 Oliver Paasch sur les co\u00fbts des c\u00e9l\u00e9brations du DG Day | Vie Associative<\/title>\n<meta name=\"robots\" content=\"index, follow, max-snippet:-1, max-image-preview:large, max-video-preview:-1\" \/>\n<link rel=\"canonical\" href=\"https:\/\/vieassociative.be\/actualites\/le-pfennigfuchser-michael-balter-a-interroge-oliver-paasch-sur-les-couts-des-celebrations-du-dg-day\/\" \/>\n<meta property=\"og:locale\" content=\"fr_FR\" \/>\n<meta property=\"og:type\" content=\"article\" \/>\n<meta property=\"og:title\" content=\"Le \u00ab Pfennigfuchser \u00bb Michael Balter a interrog\u00e9 Oliver Paasch sur les co\u00fbts des c\u00e9l\u00e9brations du DG Day | Vie Associative\" \/>\n<meta property=\"og:description\" content=\"En Allemagne, l&rsquo;\u00ab Association des contribuables \u00bb rapporte r\u00e9guli\u00e8rement pour d\u00e9noncer, selon elle, des d\u00e9penses publiques inutiles. Dans l&rsquo;Est de la Belgique, c&rsquo;est ce que\" \/>\n<meta property=\"og:url\" content=\"https:\/\/vieassociative.be\/actualites\/le-pfennigfuchser-michael-balter-a-interroge-oliver-paasch-sur-les-couts-des-celebrations-du-dg-day\/\" \/>\n<meta property=\"og:site_name\" content=\"Vie Associative\" \/>\n<meta property=\"article:published_time\" content=\"2024-11-26T20:17:58+00:00\" \/>\n<meta property=\"og:image\" content=\"https:\/\/vieassociative.be\/actualites\/wp-content\/uploads\/2024\/11\/Le-Pfennigfuchser-Michael-Balter-a-interroge-Oliver-Paasch.jpg\" \/>\n<meta name=\"author\" content=\"Julien\" \/>\n<meta name=\"twitter:card\" content=\"summary_large_image\" \/>\n<meta name=\"twitter:label1\" content=\"\u00c9crit par\" \/>\n\t<meta name=\"twitter:data1\" content=\"Julien\" \/>\n\t<meta name=\"twitter:label2\" content=\"Dur\u00e9e de lecture est.\" \/>\n\t<meta name=\"twitter:data2\" content=\"3 minutes\" \/>\n<script type=\"application\/ld+json\" class=\"yoast-schema-graph\">{\"@context\":\"https:\/\/schema.org\",\"@graph\":[{\"@type\":\"Article\",\"@id\":\"https:\/\/vieassociative.be\/actualites\/le-pfennigfuchser-michael-balter-a-interroge-oliver-paasch-sur-les-couts-des-celebrations-du-dg-day\/#article\",\"isPartOf\":{\"@id\":\"https:\/\/vieassociative.be\/actualites\/le-pfennigfuchser-michael-balter-a-interroge-oliver-paasch-sur-les-couts-des-celebrations-du-dg-day\/\"},\"author\":{\"name\":\"Julien\",\"@id\":\"https:\/\/vieassociative.be\/actualites\/#\/schema\/person\/b87ac4f82f9d4e7b7cec7395b679edc4\"},\"headline\":\"Le \u00ab Pfennigfuchser \u00bb Michael Balter a interrog\u00e9 Oliver Paasch sur les co\u00fbts des c\u00e9l\u00e9brations du DG Day\",\"datePublished\":\"2024-11-26T20:17:58+00:00\",\"dateModified\":\"2024-11-26T20:17:58+00:00\",\"mainEntityOfPage\":{\"@id\":\"https:\/\/vieassociative.be\/actualites\/le-pfennigfuchser-michael-balter-a-interroge-oliver-paasch-sur-les-couts-des-celebrations-du-dg-day\/\"},\"wordCount\":722,\"publisher\":{\"@id\":\"https:\/\/vieassociative.be\/actualites\/#organization\"},\"image\":{\"@id\":\"https:\/\/vieassociative.be\/actualites\/le-pfennigfuchser-michael-balter-a-interroge-oliver-paasch-sur-les-couts-des-celebrations-du-dg-day\/#primaryimage\"},\"thumbnailUrl\":\"https:\/\/vieassociative.be\/actualites\/wp-content\/uploads\/2024\/11\/1732652278_Le-Pfennigfuchser-Michael-Balter-a-interroge-Oliver-Paasch.jpg\",\"keywords\":[\"Balter\",\"c\u00e9l\u00e9brations\",\"co\u00fbts\",\"Day\",\"Des\",\"interrog\u00e9\",\"Les\",\"Michael\",\"Oliver\",\"Paasch\",\"Pfennigfuchser\",\"sur\"],\"articleSection\":[\"Belgique\"],\"inLanguage\":\"fr-BE\"},{\"@type\":\"WebPage\",\"@id\":\"https:\/\/vieassociative.be\/actualites\/le-pfennigfuchser-michael-balter-a-interroge-oliver-paasch-sur-les-couts-des-celebrations-du-dg-day\/\",\"url\":\"https:\/\/vieassociative.be\/actualites\/le-pfennigfuchser-michael-balter-a-interroge-oliver-paasch-sur-les-couts-des-celebrations-du-dg-day\/\",\"name\":\"Le \u00ab Pfennigfuchser \u00bb Michael Balter a interrog\u00e9 Oliver Paasch sur les co\u00fbts des c\u00e9l\u00e9brations du DG Day | Vie Associative\",\"isPartOf\":{\"@id\":\"https:\/\/vieassociative.be\/actualites\/#website\"},\"primaryImageOfPage\":{\"@id\":\"https:\/\/vieassociative.be\/actualites\/le-pfennigfuchser-michael-balter-a-interroge-oliver-paasch-sur-les-couts-des-celebrations-du-dg-day\/#primaryimage\"},\"image\":{\"@id\":\"https:\/\/vieassociative.be\/actualites\/le-pfennigfuchser-michael-balter-a-interroge-oliver-paasch-sur-les-couts-des-celebrations-du-dg-day\/#primaryimage\"},\"thumbnailUrl\":\"https:\/\/vieassociative.be\/actualites\/wp-content\/uploads\/2024\/11\/1732652278_Le-Pfennigfuchser-Michael-Balter-a-interroge-Oliver-Paasch.jpg\",\"datePublished\":\"2024-11-26T20:17:58+00:00\",\"dateModified\":\"2024-11-26T20:17:58+00:00\",\"breadcrumb\":{\"@id\":\"https:\/\/vieassociative.be\/actualites\/le-pfennigfuchser-michael-balter-a-interroge-oliver-paasch-sur-les-couts-des-celebrations-du-dg-day\/#breadcrumb\"},\"inLanguage\":\"fr-BE\",\"potentialAction\":[{\"@type\":\"ReadAction\",\"target\":[\"https:\/\/vieassociative.be\/actualites\/le-pfennigfuchser-michael-balter-a-interroge-oliver-paasch-sur-les-couts-des-celebrations-du-dg-day\/\"]}]},{\"@type\":\"ImageObject\",\"inLanguage\":\"fr-BE\",\"@id\":\"https:\/\/vieassociative.be\/actualites\/le-pfennigfuchser-michael-balter-a-interroge-oliver-paasch-sur-les-couts-des-celebrations-du-dg-day\/#primaryimage\",\"url\":\"https:\/\/vieassociative.be\/actualites\/wp-content\/uploads\/2024\/11\/1732652278_Le-Pfennigfuchser-Michael-Balter-a-interroge-Oliver-Paasch.jpg\",\"contentUrl\":\"https:\/\/vieassociative.be\/actualites\/wp-content\/uploads\/2024\/11\/1732652278_Le-Pfennigfuchser-Michael-Balter-a-interroge-Oliver-Paasch.jpg\",\"width\":1200,\"height\":802,\"caption\":\"Le \u00ab Pfennigfuchser \u00bb Michael Balter a interrog\u00e9 Oliver Paasch sur les co\u00fbts des c\u00e9l\u00e9brations du DG Day\"},{\"@type\":\"BreadcrumbList\",\"@id\":\"https:\/\/vieassociative.be\/actualites\/le-pfennigfuchser-michael-balter-a-interroge-oliver-paasch-sur-les-couts-des-celebrations-du-dg-day\/#breadcrumb\",\"itemListElement\":[{\"@type\":\"ListItem\",\"position\":1,\"name\":\"Accueil\",\"item\":\"https:\/\/vieassociative.be\/actualites\/\"},{\"@type\":\"ListItem\",\"position\":2,\"name\":\"Le \u00ab Pfennigfuchser \u00bb Michael Balter a interrog\u00e9 Oliver Paasch sur les co\u00fbts des c\u00e9l\u00e9brations du DG Day\"}]},{\"@type\":\"WebSite\",\"@id\":\"https:\/\/vieassociative.be\/actualites\/#website\",\"url\":\"https:\/\/vieassociative.be\/actualites\/\",\"name\":\"Vie Associative\",\"description\":\"\",\"publisher\":{\"@id\":\"https:\/\/vieassociative.be\/actualites\/#organization\"},\"potentialAction\":[{\"@type\":\"SearchAction\",\"target\":{\"@type\":\"EntryPoint\",\"urlTemplate\":\"https:\/\/vieassociative.be\/actualites\/?s={search_term_string}\"},\"query-input\":{\"@type\":\"PropertyValueSpecification\",\"valueRequired\":true,\"valueName\":\"search_term_string\"}}],\"inLanguage\":\"fr-BE\"},{\"@type\":\"Organization\",\"@id\":\"https:\/\/vieassociative.be\/actualites\/#organization\",\"name\":\"Vie Associative\",\"url\":\"https:\/\/vieassociative.be\/actualites\/\",\"logo\":{\"@type\":\"ImageObject\",\"inLanguage\":\"fr-BE\",\"@id\":\"https:\/\/vieassociative.be\/actualites\/#\/schema\/logo\/image\/\",\"url\":\"https:\/\/vieassociative.be\/actualites\/wp-content\/uploads\/2024\/09\/cropped-vieassociative_favicon.ico.png\",\"contentUrl\":\"https:\/\/vieassociative.be\/actualites\/wp-content\/uploads\/2024\/09\/cropped-vieassociative_favicon.ico.png\",\"width\":512,\"height\":512,\"caption\":\"Vie Associative\"},\"image\":{\"@id\":\"https:\/\/vieassociative.be\/actualites\/#\/schema\/logo\/image\/\"}},{\"@type\":\"Person\",\"@id\":\"https:\/\/vieassociative.be\/actualites\/#\/schema\/person\/b87ac4f82f9d4e7b7cec7395b679edc4\",\"name\":\"Julien\",\"image\":{\"@type\":\"ImageObject\",\"inLanguage\":\"fr-BE\",\"@id\":\"https:\/\/vieassociative.be\/actualites\/#\/schema\/person\/image\/\",\"url\":\"https:\/\/vieassociative.be\/actualites\/wp-content\/uploads\/2024\/09\/vie-associative-1-150x150.jpg\",\"contentUrl\":\"https:\/\/vieassociative.be\/actualites\/wp-content\/uploads\/2024\/09\/vie-associative-1-150x150.jpg\",\"caption\":\"Julien\"},\"description\":\"Je suis Julien, r\u00e9dacteur pour Vie Associative. Passionn\u00e9 par le monde associatif depuis plus de 10 ans, j'ai \u00e0 c\u0153ur de partager des histoires inspirantes et de mettre en lumi\u00e8re les initiatives locales. Mon objectif est de sensibiliser et d'encourager l'engagement communautaire \u00e0 travers mes articles.\",\"sameAs\":[\"https:\/\/vieassociative.be\/\"]}]}<\/script>\n<!-- \/ Yoast SEO plugin. -->","yoast_head_json":{"title":"Le \u00ab Pfennigfuchser \u00bb Michael Balter a interrog\u00e9 Oliver Paasch sur les co\u00fbts des c\u00e9l\u00e9brations du DG Day | Vie Associative","robots":{"index":"index","follow":"follow","max-snippet":"max-snippet:-1","max-image-preview":"max-image-preview:large","max-video-preview":"max-video-preview:-1"},"canonical":"https:\/\/vieassociative.be\/actualites\/le-pfennigfuchser-michael-balter-a-interroge-oliver-paasch-sur-les-couts-des-celebrations-du-dg-day\/","og_locale":"fr_FR","og_type":"article","og_title":"Le \u00ab Pfennigfuchser \u00bb Michael Balter a interrog\u00e9 Oliver Paasch sur les co\u00fbts des c\u00e9l\u00e9brations du DG Day | Vie Associative","og_description":"En Allemagne, l&rsquo;\u00ab Association des contribuables \u00bb rapporte r\u00e9guli\u00e8rement pour d\u00e9noncer, selon elle, des d\u00e9penses publiques inutiles. Dans l&rsquo;Est de la Belgique, c&rsquo;est ce que","og_url":"https:\/\/vieassociative.be\/actualites\/le-pfennigfuchser-michael-balter-a-interroge-oliver-paasch-sur-les-couts-des-celebrations-du-dg-day\/","og_site_name":"Vie Associative","article_published_time":"2024-11-26T20:17:58+00:00","og_image":[{"url":"https:\/\/vieassociative.be\/actualites\/wp-content\/uploads\/2024\/11\/Le-Pfennigfuchser-Michael-Balter-a-interroge-Oliver-Paasch.jpg","type":"","width":"","height":""}],"author":"Julien","twitter_card":"summary_large_image","twitter_misc":{"\u00c9crit par":"Julien","Dur\u00e9e de lecture est.":"3 minutes"},"schema":{"@context":"https:\/\/schema.org","@graph":[{"@type":"Article","@id":"https:\/\/vieassociative.be\/actualites\/le-pfennigfuchser-michael-balter-a-interroge-oliver-paasch-sur-les-couts-des-celebrations-du-dg-day\/#article","isPartOf":{"@id":"https:\/\/vieassociative.be\/actualites\/le-pfennigfuchser-michael-balter-a-interroge-oliver-paasch-sur-les-couts-des-celebrations-du-dg-day\/"},"author":{"name":"Julien","@id":"https:\/\/vieassociative.be\/actualites\/#\/schema\/person\/b87ac4f82f9d4e7b7cec7395b679edc4"},"headline":"Le \u00ab Pfennigfuchser \u00bb Michael Balter a interrog\u00e9 Oliver Paasch sur les co\u00fbts des c\u00e9l\u00e9brations du DG Day","datePublished":"2024-11-26T20:17:58+00:00","dateModified":"2024-11-26T20:17:58+00:00","mainEntityOfPage":{"@id":"https:\/\/vieassociative.be\/actualites\/le-pfennigfuchser-michael-balter-a-interroge-oliver-paasch-sur-les-couts-des-celebrations-du-dg-day\/"},"wordCount":722,"publisher":{"@id":"https:\/\/vieassociative.be\/actualites\/#organization"},"image":{"@id":"https:\/\/vieassociative.be\/actualites\/le-pfennigfuchser-michael-balter-a-interroge-oliver-paasch-sur-les-couts-des-celebrations-du-dg-day\/#primaryimage"},"thumbnailUrl":"https:\/\/vieassociative.be\/actualites\/wp-content\/uploads\/2024\/11\/1732652278_Le-Pfennigfuchser-Michael-Balter-a-interroge-Oliver-Paasch.jpg","keywords":["Balter","c\u00e9l\u00e9brations","co\u00fbts","Day","Des","interrog\u00e9","Les","Michael","Oliver","Paasch","Pfennigfuchser","sur"],"articleSection":["Belgique"],"inLanguage":"fr-BE"},{"@type":"WebPage","@id":"https:\/\/vieassociative.be\/actualites\/le-pfennigfuchser-michael-balter-a-interroge-oliver-paasch-sur-les-couts-des-celebrations-du-dg-day\/","url":"https:\/\/vieassociative.be\/actualites\/le-pfennigfuchser-michael-balter-a-interroge-oliver-paasch-sur-les-couts-des-celebrations-du-dg-day\/","name":"Le \u00ab Pfennigfuchser \u00bb Michael Balter a interrog\u00e9 Oliver Paasch sur les co\u00fbts des c\u00e9l\u00e9brations du DG Day | Vie Associative","isPartOf":{"@id":"https:\/\/vieassociative.be\/actualites\/#website"},"primaryImageOfPage":{"@id":"https:\/\/vieassociative.be\/actualites\/le-pfennigfuchser-michael-balter-a-interroge-oliver-paasch-sur-les-couts-des-celebrations-du-dg-day\/#primaryimage"},"image":{"@id":"https:\/\/vieassociative.be\/actualites\/le-pfennigfuchser-michael-balter-a-interroge-oliver-paasch-sur-les-couts-des-celebrations-du-dg-day\/#primaryimage"},"thumbnailUrl":"https:\/\/vieassociative.be\/actualites\/wp-content\/uploads\/2024\/11\/1732652278_Le-Pfennigfuchser-Michael-Balter-a-interroge-Oliver-Paasch.jpg","datePublished":"2024-11-26T20:17:58+00:00","dateModified":"2024-11-26T20:17:58+00:00","breadcrumb":{"@id":"https:\/\/vieassociative.be\/actualites\/le-pfennigfuchser-michael-balter-a-interroge-oliver-paasch-sur-les-couts-des-celebrations-du-dg-day\/#breadcrumb"},"inLanguage":"fr-BE","potentialAction":[{"@type":"ReadAction","target":["https:\/\/vieassociative.be\/actualites\/le-pfennigfuchser-michael-balter-a-interroge-oliver-paasch-sur-les-couts-des-celebrations-du-dg-day\/"]}]},{"@type":"ImageObject","inLanguage":"fr-BE","@id":"https:\/\/vieassociative.be\/actualites\/le-pfennigfuchser-michael-balter-a-interroge-oliver-paasch-sur-les-couts-des-celebrations-du-dg-day\/#primaryimage","url":"https:\/\/vieassociative.be\/actualites\/wp-content\/uploads\/2024\/11\/1732652278_Le-Pfennigfuchser-Michael-Balter-a-interroge-Oliver-Paasch.jpg","contentUrl":"https:\/\/vieassociative.be\/actualites\/wp-content\/uploads\/2024\/11\/1732652278_Le-Pfennigfuchser-Michael-Balter-a-interroge-Oliver-Paasch.jpg","width":1200,"height":802,"caption":"Le \u00ab Pfennigfuchser \u00bb Michael Balter a interrog\u00e9 Oliver Paasch sur les co\u00fbts des c\u00e9l\u00e9brations du DG Day"},{"@type":"BreadcrumbList","@id":"https:\/\/vieassociative.be\/actualites\/le-pfennigfuchser-michael-balter-a-interroge-oliver-paasch-sur-les-couts-des-celebrations-du-dg-day\/#breadcrumb","itemListElement":[{"@type":"ListItem","position":1,"name":"Accueil","item":"https:\/\/vieassociative.be\/actualites\/"},{"@type":"ListItem","position":2,"name":"Le \u00ab Pfennigfuchser \u00bb Michael Balter a interrog\u00e9 Oliver Paasch sur les co\u00fbts des c\u00e9l\u00e9brations du DG Day"}]},{"@type":"WebSite","@id":"https:\/\/vieassociative.be\/actualites\/#website","url":"https:\/\/vieassociative.be\/actualites\/","name":"Vie Associative","description":"","publisher":{"@id":"https:\/\/vieassociative.be\/actualites\/#organization"},"potentialAction":[{"@type":"SearchAction","target":{"@type":"EntryPoint","urlTemplate":"https:\/\/vieassociative.be\/actualites\/?s={search_term_string}"},"query-input":{"@type":"PropertyValueSpecification","valueRequired":true,"valueName":"search_term_string"}}],"inLanguage":"fr-BE"},{"@type":"Organization","@id":"https:\/\/vieassociative.be\/actualites\/#organization","name":"Vie Associative","url":"https:\/\/vieassociative.be\/actualites\/","logo":{"@type":"ImageObject","inLanguage":"fr-BE","@id":"https:\/\/vieassociative.be\/actualites\/#\/schema\/logo\/image\/","url":"https:\/\/vieassociative.be\/actualites\/wp-content\/uploads\/2024\/09\/cropped-vieassociative_favicon.ico.png","contentUrl":"https:\/\/vieassociative.be\/actualites\/wp-content\/uploads\/2024\/09\/cropped-vieassociative_favicon.ico.png","width":512,"height":512,"caption":"Vie Associative"},"image":{"@id":"https:\/\/vieassociative.be\/actualites\/#\/schema\/logo\/image\/"}},{"@type":"Person","@id":"https:\/\/vieassociative.be\/actualites\/#\/schema\/person\/b87ac4f82f9d4e7b7cec7395b679edc4","name":"Julien","image":{"@type":"ImageObject","inLanguage":"fr-BE","@id":"https:\/\/vieassociative.be\/actualites\/#\/schema\/person\/image\/","url":"https:\/\/vieassociative.be\/actualites\/wp-content\/uploads\/2024\/09\/vie-associative-1-150x150.jpg","contentUrl":"https:\/\/vieassociative.be\/actualites\/wp-content\/uploads\/2024\/09\/vie-associative-1-150x150.jpg","caption":"Julien"},"description":"Je suis Julien, r\u00e9dacteur pour Vie Associative. Passionn\u00e9 par le monde associatif depuis plus de 10 ans, j'ai \u00e0 c\u0153ur de partager des histoires inspirantes et de mettre en lumi\u00e8re les initiatives locales. Mon objectif est de sensibiliser et d'encourager l'engagement communautaire \u00e0 travers mes articles.","sameAs":["https:\/\/vieassociative.be\/"]}]}},"_links":{"self":[{"href":"https:\/\/vieassociative.be\/actualites\/wp-json\/wp\/v2\/posts\/2795"}],"collection":[{"href":"https:\/\/vieassociative.be\/actualites\/wp-json\/wp\/v2\/posts"}],"about":[{"href":"https:\/\/vieassociative.be\/actualites\/wp-json\/wp\/v2\/types\/post"}],"author":[{"embeddable":true,"href":"https:\/\/vieassociative.be\/actualites\/wp-json\/wp\/v2\/users\/1"}],"replies":[{"embeddable":true,"href":"https:\/\/vieassociative.be\/actualites\/wp-json\/wp\/v2\/comments?post=2795"}],"version-history":[{"count":0,"href":"https:\/\/vieassociative.be\/actualites\/wp-json\/wp\/v2\/posts\/2795\/revisions"}],"wp:featuredmedia":[{"embeddable":true,"href":"https:\/\/vieassociative.be\/actualites\/wp-json\/wp\/v2\/media\/2796"}],"wp:attachment":[{"href":"https:\/\/vieassociative.be\/actualites\/wp-json\/wp\/v2\/media?parent=2795"}],"wp:term":[{"taxonomy":"category","embeddable":true,"href":"https:\/\/vieassociative.be\/actualites\/wp-json\/wp\/v2\/categories?post=2795"},{"taxonomy":"post_tag","embeddable":true,"href":"https:\/\/vieassociative.be\/actualites\/wp-json\/wp\/v2\/tags?post=2795"}],"curies":[{"name":"wp","href":"https:\/\/api.w.org\/{rel}","templated":true}]}}