{"id":2791,"date":"2024-11-26T19:16:57","date_gmt":"2024-11-26T18:16:57","guid":{"rendered":"https:\/\/vieassociative.be\/actualites\/je-recommanderais-ces-sept-cameras-de-securite-exterieures-que-jai-testees-et-elles-sont-toutes-en-vente-pour-le-black-friday\/"},"modified":"2024-11-26T19:16:57","modified_gmt":"2024-11-26T18:16:57","slug":"je-recommanderais-ces-sept-cameras-de-securite-exterieures-que-jai-testees-et-elles-sont-toutes-en-vente-pour-le-black-friday","status":"publish","type":"post","link":"https:\/\/vieassociative.be\/actualites\/je-recommanderais-ces-sept-cameras-de-securite-exterieures-que-jai-testees-et-elles-sont-toutes-en-vente-pour-le-black-friday\/","title":{"rendered":"Je recommanderais ces sept cam\u00e9ras de s\u00e9curit\u00e9 ext\u00e9rieures que j&rsquo;ai test\u00e9es et elles sont toutes en vente pour le Black Friday"},"content":{"rendered":"<div class=\"mt-4 leading-6 md:mb-8\">Ces cam\u00e9ras de marques connues sont jusqu&rsquo;\u00e0 60 % de r\u00e9duction pour le Black Friday.<\/div>\n<p><\/p>\n<p>Les cam\u00e9ras ext\u00e9rieures sont utiles pour bien plus que la s\u00e9curit\u00e9 r\u00e9elle : elles peuvent vous montrer si votre chien est dans le jardin ou si le portail est ouvert, ou vous alerter lorsque des amis se pr\u00e9sentent ou que vous recevez un colis. Ces cam\u00e9ras ne servent pas seulement \u00e0 capturer les intrus : elles capturent la vie telle qu&rsquo;elle se passe devant votre porte. <\/p>\n<p>Ce sont les cam\u00e9ras que j&rsquo;ai test\u00e9es et appr\u00e9ci\u00e9es. <\/p>\n<h2 id=\"eufy-solocams\">Eufy Solocams<\/h2>\n<p>Les Eufy Solocams sont les cam\u00e9ras sur lesquelles je compte lorsque je ne teste pas d&rsquo;autres cam\u00e9ras. J&rsquo;adore les doubles lentilles et le champ de vision \u00e0 360\u00ba. En outre, vous pouvez stocker des clips localement si vous disposez d&rsquo;un hub de sauvegarde eufy, appel\u00e9 Homebase. <\/p>\n<ul>\n<li>\n<p>eufy Security Floodlight Cam S330 : r\u00e9guli\u00e8rement 299,99 $, maintenant 169,98 $<\/p>\n<\/li>\n<li>\n<p>Cam\u00e9ra eufy Security Floodlight E340\u00a0: r\u00e9guli\u00e8rement 219,99\u00a0$, maintenant 149,98\u00a0$<\/p>\n<\/li>\n<\/ul>\n<h2 id=\"reolink-poe-security-cameras\">Cam\u00e9ras de s\u00e9curit\u00e9 Reolink PoE<\/h2>\n<p>J&rsquo;ai \u00e9t\u00e9 un peu lent avec Reolink : j&rsquo;ai essay\u00e9 et je n&rsquo;ai pas aim\u00e9 leur gamme Argus, ni l&rsquo;apparence physique ni l&rsquo;application. Mais leurs cam\u00e9ras PoE (alimentation via Ethernet) PTZ (pointage, inclinaison, zoom) sont une autre histoire, et maintenant elles seraient mon choix si j&rsquo;achetais des cam\u00e9ras pour la premi\u00e8re fois. Vous souhaitez que le PTZ vous offre la meilleure vue \u00e0 360\u00b0 de votre espace, et le PoE offre une meilleure s\u00e9curit\u00e9 contre les pirates Wi-Fi. <\/p>\n<ul>\n<li>\n<p>Cam\u00e9ra IP ext\u00e9rieure de s\u00e9curit\u00e9 Reolink 4K PoE maintenant 62,99 $, au lieu de 89,99 $<\/p>\n<\/li>\n<li>\n<p>Cam\u00e9ra Reolink 4K UHD PoE PTZ pour la s\u00e9curit\u00e9 ext\u00e9rieure, maintenant 174,99 $, au lieu de 249,99 $<\/p>\n<\/li>\n<li>\n<p>Cam\u00e9ra ext\u00e9rieure Wifi filaire Reolink 4K, 8MP avec suivi automatique maintenant 118,99 $, au lieu de 169,99 $<\/p>\n<\/li>\n<\/ul>\n<h2 id=\"blink-outdoor-4-camera\">Cam\u00e9ra Blink Outdoor 4<\/h2>\n<p>Les cam\u00e9ras Blink sont un peu rudimentaires par rapport aux autres cam\u00e9ras de s\u00e9curit\u00e9 haut de gamme, mais pour 39,99 $, elles repr\u00e9sentent une bonne affaire. Je les trouve faciles \u00e0 installer, ils conservent une charge de batterie d\u00e9cente et offrent un assez bon champ de vision. La r\u00e9solution est excellente et le syst\u00e8me est extensible, ce que j&rsquo;aime beaucoup. Conseil de pro\u00a0: procurez-vous un module de synchronisation pour pouvoir stocker des clips localement, en ignorant l&rsquo;abonnement. <\/p>\n<ul>\n<li>\n<p>Cam\u00e9ra Blink Outdoor 4, \u00e9tait de 99,99 $, maintenant de 39,99 $<\/p>\n<\/li>\n<\/ul>\n<h2 id=\"ring-wired-floodlight-camera\">Cam\u00e9ra projecteur filaire Ring<\/h2>\n<p>En ce qui concerne les remises, 40\u00a0% de r\u00e9duction n&rsquo;est pas \u00e0 d\u00e9daigner, et en tant que personne poss\u00e9dant de nombreux produits Ring \u00e0 la maison, j&rsquo;aime le niveau de notifications que je peux obtenir apr\u00e8s quelques ajustements des param\u00e8tres des cam\u00e9ras. Cette cam\u00e9ra 1080p dispose d&rsquo;une conversation bidirectionnelle en plus de la sir\u00e8ne de s\u00e9curit\u00e9. <\/p>\n<ul>\n<li>\n<p>Ring Wired Floodlight Cam, \u00e9tait de 199,99 $, maintenant de 119,99 $<\/p>\n<\/li>\n<\/ul>\n<div class=\"w-full mt-12 text-center sm:text-left\" x-data=\"{ showAll: false }\">\n<div class=\"flex flex-col items-center justify-between sm:px-6 sm:flex-row\">\n\t\t\t<span class=\"text-sm italic\">Les offres sont s\u00e9lectionn\u00e9es par notre \u00e9quipe commerciale<\/span><\/p><\/div>\n<\/p><\/div>\n","protected":false},"excerpt":{"rendered":"<p>Ces cam\u00e9ras de marques connues sont jusqu&rsquo;\u00e0 60 % de r\u00e9duction pour le Black Friday. Les cam\u00e9ras ext\u00e9rieures sont utiles pour bien plus que la<\/p>\n","protected":false},"author":1,"featured_media":2792,"comment_status":"","ping_status":"","sticky":false,"template":"","format":"standard","meta":{"footnotes":""},"categories":[13],"tags":[73,3519,248,3522,3520,1255,823,81,3518,151,525,18,3521,62,223],"class_list":["post-2791","post","type-post","status-publish","format-standard","has-post-thumbnail","hentry","category-technologie","tag-black","tag-cameras","tag-ces","tag-elles","tag-exterieures","tag-friday","tag-jai","tag-pour","tag-recommanderais","tag-securite","tag-sept","tag-sont","tag-testees","tag-toutes","tag-vente","generate-columns","tablet-grid-50","mobile-grid-100","grid-parent","grid-33"],"yoast_head":"<!-- This site is optimized with the Yoast SEO plugin v24.0 - https:\/\/yoast.com\/wordpress\/plugins\/seo\/ -->\n<title>Je recommanderais ces sept cam\u00e9ras de s\u00e9curit\u00e9 ext\u00e9rieures que j&#039;ai test\u00e9es et elles sont toutes en vente pour le Black Friday | Vie Associative<\/title>\n<meta name=\"robots\" content=\"index, follow, max-snippet:-1, max-image-preview:large, max-video-preview:-1\" \/>\n<link rel=\"canonical\" href=\"https:\/\/vieassociative.be\/actualites\/je-recommanderais-ces-sept-cameras-de-securite-exterieures-que-jai-testees-et-elles-sont-toutes-en-vente-pour-le-black-friday\/\" \/>\n<meta property=\"og:locale\" content=\"fr_FR\" \/>\n<meta property=\"og:type\" content=\"article\" \/>\n<meta property=\"og:title\" content=\"Je recommanderais ces sept cam\u00e9ras de s\u00e9curit\u00e9 ext\u00e9rieures que j&#039;ai test\u00e9es et elles sont toutes en vente pour le Black Friday | Vie Associative\" \/>\n<meta property=\"og:description\" content=\"Ces cam\u00e9ras de marques connues sont jusqu&rsquo;\u00e0 60 % de r\u00e9duction pour le Black Friday. Les cam\u00e9ras ext\u00e9rieures sont utiles pour bien plus que la\" \/>\n<meta property=\"og:url\" content=\"https:\/\/vieassociative.be\/actualites\/je-recommanderais-ces-sept-cameras-de-securite-exterieures-que-jai-testees-et-elles-sont-toutes-en-vente-pour-le-black-friday\/\" \/>\n<meta property=\"og:site_name\" content=\"Vie Associative\" \/>\n<meta property=\"article:published_time\" content=\"2024-11-26T18:16:57+00:00\" \/>\n<meta property=\"og:image\" content=\"https:\/\/vieassociative.be\/actualites\/wp-content\/uploads\/2024\/09\/header_backgroundk-01-e1726694325946.png\" \/>\n\t<meta property=\"og:image:width\" content=\"279\" \/>\n\t<meta property=\"og:image:height\" content=\"92\" \/>\n\t<meta property=\"og:image:type\" content=\"image\/png\" \/>\n<meta name=\"author\" content=\"Julien\" \/>\n<meta name=\"twitter:card\" content=\"summary_large_image\" \/>\n<meta name=\"twitter:label1\" content=\"\u00c9crit par\" \/>\n\t<meta name=\"twitter:data1\" content=\"Julien\" \/>\n\t<meta name=\"twitter:label2\" content=\"Dur\u00e9e de lecture est.\" \/>\n\t<meta name=\"twitter:data2\" content=\"2 minutes\" \/>\n<script type=\"application\/ld+json\" class=\"yoast-schema-graph\">{\"@context\":\"https:\/\/schema.org\",\"@graph\":[{\"@type\":\"Article\",\"@id\":\"https:\/\/vieassociative.be\/actualites\/je-recommanderais-ces-sept-cameras-de-securite-exterieures-que-jai-testees-et-elles-sont-toutes-en-vente-pour-le-black-friday\/#article\",\"isPartOf\":{\"@id\":\"https:\/\/vieassociative.be\/actualites\/je-recommanderais-ces-sept-cameras-de-securite-exterieures-que-jai-testees-et-elles-sont-toutes-en-vente-pour-le-black-friday\/\"},\"author\":{\"name\":\"Julien\",\"@id\":\"https:\/\/vieassociative.be\/actualites\/#\/schema\/person\/b87ac4f82f9d4e7b7cec7395b679edc4\"},\"headline\":\"Je recommanderais ces sept cam\u00e9ras de s\u00e9curit\u00e9 ext\u00e9rieures que j&rsquo;ai test\u00e9es et elles sont toutes en vente pour le Black Friday\",\"datePublished\":\"2024-11-26T18:16:57+00:00\",\"dateModified\":\"2024-11-26T18:16:57+00:00\",\"mainEntityOfPage\":{\"@id\":\"https:\/\/vieassociative.be\/actualites\/je-recommanderais-ces-sept-cameras-de-securite-exterieures-que-jai-testees-et-elles-sont-toutes-en-vente-pour-le-black-friday\/\"},\"wordCount\":518,\"publisher\":{\"@id\":\"https:\/\/vieassociative.be\/actualites\/#organization\"},\"image\":{\"@id\":\"https:\/\/vieassociative.be\/actualites\/je-recommanderais-ces-sept-cameras-de-securite-exterieures-que-jai-testees-et-elles-sont-toutes-en-vente-pour-le-black-friday\/#primaryimage\"},\"thumbnailUrl\":\"https:\/\/vieassociative.be\/actualites\/wp-content\/uploads\/2024\/11\/Je-recommanderais-ces-sept-cameras-de-securite-exterieures-que-jai.png\",\"keywords\":[\"Black\",\"cam\u00e9ras\",\"ces\",\"elles\",\"ext\u00e9rieures\",\"Friday\",\"Jai\",\"pour\",\"recommanderais\",\"s\u00e9curit\u00e9\",\"Sept\",\"sont\",\"test\u00e9es\",\"toutes\",\"vente\"],\"articleSection\":[\"Technologie\"],\"inLanguage\":\"fr-BE\"},{\"@type\":\"WebPage\",\"@id\":\"https:\/\/vieassociative.be\/actualites\/je-recommanderais-ces-sept-cameras-de-securite-exterieures-que-jai-testees-et-elles-sont-toutes-en-vente-pour-le-black-friday\/\",\"url\":\"https:\/\/vieassociative.be\/actualites\/je-recommanderais-ces-sept-cameras-de-securite-exterieures-que-jai-testees-et-elles-sont-toutes-en-vente-pour-le-black-friday\/\",\"name\":\"Je recommanderais ces sept cam\u00e9ras de s\u00e9curit\u00e9 ext\u00e9rieures que j'ai test\u00e9es et elles sont toutes en vente pour le Black Friday | Vie Associative\",\"isPartOf\":{\"@id\":\"https:\/\/vieassociative.be\/actualites\/#website\"},\"primaryImageOfPage\":{\"@id\":\"https:\/\/vieassociative.be\/actualites\/je-recommanderais-ces-sept-cameras-de-securite-exterieures-que-jai-testees-et-elles-sont-toutes-en-vente-pour-le-black-friday\/#primaryimage\"},\"image\":{\"@id\":\"https:\/\/vieassociative.be\/actualites\/je-recommanderais-ces-sept-cameras-de-securite-exterieures-que-jai-testees-et-elles-sont-toutes-en-vente-pour-le-black-friday\/#primaryimage\"},\"thumbnailUrl\":\"https:\/\/vieassociative.be\/actualites\/wp-content\/uploads\/2024\/11\/Je-recommanderais-ces-sept-cameras-de-securite-exterieures-que-jai.png\",\"datePublished\":\"2024-11-26T18:16:57+00:00\",\"dateModified\":\"2024-11-26T18:16:57+00:00\",\"breadcrumb\":{\"@id\":\"https:\/\/vieassociative.be\/actualites\/je-recommanderais-ces-sept-cameras-de-securite-exterieures-que-jai-testees-et-elles-sont-toutes-en-vente-pour-le-black-friday\/#breadcrumb\"},\"inLanguage\":\"fr-BE\",\"potentialAction\":[{\"@type\":\"ReadAction\",\"target\":[\"https:\/\/vieassociative.be\/actualites\/je-recommanderais-ces-sept-cameras-de-securite-exterieures-que-jai-testees-et-elles-sont-toutes-en-vente-pour-le-black-friday\/\"]}]},{\"@type\":\"ImageObject\",\"inLanguage\":\"fr-BE\",\"@id\":\"https:\/\/vieassociative.be\/actualites\/je-recommanderais-ces-sept-cameras-de-securite-exterieures-que-jai-testees-et-elles-sont-toutes-en-vente-pour-le-black-friday\/#primaryimage\",\"url\":\"https:\/\/vieassociative.be\/actualites\/wp-content\/uploads\/2024\/11\/Je-recommanderais-ces-sept-cameras-de-securite-exterieures-que-jai.png\",\"contentUrl\":\"https:\/\/vieassociative.be\/actualites\/wp-content\/uploads\/2024\/11\/Je-recommanderais-ces-sept-cameras-de-securite-exterieures-que-jai.png\",\"width\":1200,\"height\":675,\"caption\":\"Je recommanderais ces sept cam\u00e9ras de s\u00e9curit\u00e9 ext\u00e9rieures que j'ai test\u00e9es et elles sont toutes en vente pour le Black Friday\"},{\"@type\":\"BreadcrumbList\",\"@id\":\"https:\/\/vieassociative.be\/actualites\/je-recommanderais-ces-sept-cameras-de-securite-exterieures-que-jai-testees-et-elles-sont-toutes-en-vente-pour-le-black-friday\/#breadcrumb\",\"itemListElement\":[{\"@type\":\"ListItem\",\"position\":1,\"name\":\"Accueil\",\"item\":\"https:\/\/vieassociative.be\/actualites\/\"},{\"@type\":\"ListItem\",\"position\":2,\"name\":\"Je recommanderais ces sept cam\u00e9ras de s\u00e9curit\u00e9 ext\u00e9rieures que j&rsquo;ai test\u00e9es et elles sont toutes en vente pour le Black Friday\"}]},{\"@type\":\"WebSite\",\"@id\":\"https:\/\/vieassociative.be\/actualites\/#website\",\"url\":\"https:\/\/vieassociative.be\/actualites\/\",\"name\":\"Vie Associative\",\"description\":\"\",\"publisher\":{\"@id\":\"https:\/\/vieassociative.be\/actualites\/#organization\"},\"potentialAction\":[{\"@type\":\"SearchAction\",\"target\":{\"@type\":\"EntryPoint\",\"urlTemplate\":\"https:\/\/vieassociative.be\/actualites\/?s={search_term_string}\"},\"query-input\":{\"@type\":\"PropertyValueSpecification\",\"valueRequired\":true,\"valueName\":\"search_term_string\"}}],\"inLanguage\":\"fr-BE\"},{\"@type\":\"Organization\",\"@id\":\"https:\/\/vieassociative.be\/actualites\/#organization\",\"name\":\"Vie Associative\",\"url\":\"https:\/\/vieassociative.be\/actualites\/\",\"logo\":{\"@type\":\"ImageObject\",\"inLanguage\":\"fr-BE\",\"@id\":\"https:\/\/vieassociative.be\/actualites\/#\/schema\/logo\/image\/\",\"url\":\"https:\/\/vieassociative.be\/actualites\/wp-content\/uploads\/2024\/09\/cropped-vieassociative_favicon.ico.png\",\"contentUrl\":\"https:\/\/vieassociative.be\/actualites\/wp-content\/uploads\/2024\/09\/cropped-vieassociative_favicon.ico.png\",\"width\":512,\"height\":512,\"caption\":\"Vie Associative\"},\"image\":{\"@id\":\"https:\/\/vieassociative.be\/actualites\/#\/schema\/logo\/image\/\"}},{\"@type\":\"Person\",\"@id\":\"https:\/\/vieassociative.be\/actualites\/#\/schema\/person\/b87ac4f82f9d4e7b7cec7395b679edc4\",\"name\":\"Julien\",\"image\":{\"@type\":\"ImageObject\",\"inLanguage\":\"fr-BE\",\"@id\":\"https:\/\/vieassociative.be\/actualites\/#\/schema\/person\/image\/\",\"url\":\"https:\/\/vieassociative.be\/actualites\/wp-content\/uploads\/2024\/09\/vie-associative-1-150x150.jpg\",\"contentUrl\":\"https:\/\/vieassociative.be\/actualites\/wp-content\/uploads\/2024\/09\/vie-associative-1-150x150.jpg\",\"caption\":\"Julien\"},\"description\":\"Je suis Julien, r\u00e9dacteur pour Vie Associative. Passionn\u00e9 par le monde associatif depuis plus de 10 ans, j'ai \u00e0 c\u0153ur de partager des histoires inspirantes et de mettre en lumi\u00e8re les initiatives locales. Mon objectif est de sensibiliser et d'encourager l'engagement communautaire \u00e0 travers mes articles.\",\"sameAs\":[\"https:\/\/vieassociative.be\/\"]}]}<\/script>\n<!-- \/ Yoast SEO plugin. -->","yoast_head_json":{"title":"Je recommanderais ces sept cam\u00e9ras de s\u00e9curit\u00e9 ext\u00e9rieures que j'ai test\u00e9es et elles sont toutes en vente pour le Black Friday | Vie Associative","robots":{"index":"index","follow":"follow","max-snippet":"max-snippet:-1","max-image-preview":"max-image-preview:large","max-video-preview":"max-video-preview:-1"},"canonical":"https:\/\/vieassociative.be\/actualites\/je-recommanderais-ces-sept-cameras-de-securite-exterieures-que-jai-testees-et-elles-sont-toutes-en-vente-pour-le-black-friday\/","og_locale":"fr_FR","og_type":"article","og_title":"Je recommanderais ces sept cam\u00e9ras de s\u00e9curit\u00e9 ext\u00e9rieures que j'ai test\u00e9es et elles sont toutes en vente pour le Black Friday | Vie Associative","og_description":"Ces cam\u00e9ras de marques connues sont jusqu&rsquo;\u00e0 60 % de r\u00e9duction pour le Black Friday. Les cam\u00e9ras ext\u00e9rieures sont utiles pour bien plus que la","og_url":"https:\/\/vieassociative.be\/actualites\/je-recommanderais-ces-sept-cameras-de-securite-exterieures-que-jai-testees-et-elles-sont-toutes-en-vente-pour-le-black-friday\/","og_site_name":"Vie Associative","article_published_time":"2024-11-26T18:16:57+00:00","og_image":[{"width":279,"height":92,"url":"https:\/\/vieassociative.be\/actualites\/wp-content\/uploads\/2024\/09\/header_backgroundk-01-e1726694325946.png","type":"image\/png"}],"author":"Julien","twitter_card":"summary_large_image","twitter_misc":{"\u00c9crit par":"Julien","Dur\u00e9e de lecture est.":"2 minutes"},"schema":{"@context":"https:\/\/schema.org","@graph":[{"@type":"Article","@id":"https:\/\/vieassociative.be\/actualites\/je-recommanderais-ces-sept-cameras-de-securite-exterieures-que-jai-testees-et-elles-sont-toutes-en-vente-pour-le-black-friday\/#article","isPartOf":{"@id":"https:\/\/vieassociative.be\/actualites\/je-recommanderais-ces-sept-cameras-de-securite-exterieures-que-jai-testees-et-elles-sont-toutes-en-vente-pour-le-black-friday\/"},"author":{"name":"Julien","@id":"https:\/\/vieassociative.be\/actualites\/#\/schema\/person\/b87ac4f82f9d4e7b7cec7395b679edc4"},"headline":"Je recommanderais ces sept cam\u00e9ras de s\u00e9curit\u00e9 ext\u00e9rieures que j&rsquo;ai test\u00e9es et elles sont toutes en vente pour le Black Friday","datePublished":"2024-11-26T18:16:57+00:00","dateModified":"2024-11-26T18:16:57+00:00","mainEntityOfPage":{"@id":"https:\/\/vieassociative.be\/actualites\/je-recommanderais-ces-sept-cameras-de-securite-exterieures-que-jai-testees-et-elles-sont-toutes-en-vente-pour-le-black-friday\/"},"wordCount":518,"publisher":{"@id":"https:\/\/vieassociative.be\/actualites\/#organization"},"image":{"@id":"https:\/\/vieassociative.be\/actualites\/je-recommanderais-ces-sept-cameras-de-securite-exterieures-que-jai-testees-et-elles-sont-toutes-en-vente-pour-le-black-friday\/#primaryimage"},"thumbnailUrl":"https:\/\/vieassociative.be\/actualites\/wp-content\/uploads\/2024\/11\/Je-recommanderais-ces-sept-cameras-de-securite-exterieures-que-jai.png","keywords":["Black","cam\u00e9ras","ces","elles","ext\u00e9rieures","Friday","Jai","pour","recommanderais","s\u00e9curit\u00e9","Sept","sont","test\u00e9es","toutes","vente"],"articleSection":["Technologie"],"inLanguage":"fr-BE"},{"@type":"WebPage","@id":"https:\/\/vieassociative.be\/actualites\/je-recommanderais-ces-sept-cameras-de-securite-exterieures-que-jai-testees-et-elles-sont-toutes-en-vente-pour-le-black-friday\/","url":"https:\/\/vieassociative.be\/actualites\/je-recommanderais-ces-sept-cameras-de-securite-exterieures-que-jai-testees-et-elles-sont-toutes-en-vente-pour-le-black-friday\/","name":"Je recommanderais ces sept cam\u00e9ras de s\u00e9curit\u00e9 ext\u00e9rieures que j'ai test\u00e9es et elles sont toutes en vente pour le Black Friday | Vie Associative","isPartOf":{"@id":"https:\/\/vieassociative.be\/actualites\/#website"},"primaryImageOfPage":{"@id":"https:\/\/vieassociative.be\/actualites\/je-recommanderais-ces-sept-cameras-de-securite-exterieures-que-jai-testees-et-elles-sont-toutes-en-vente-pour-le-black-friday\/#primaryimage"},"image":{"@id":"https:\/\/vieassociative.be\/actualites\/je-recommanderais-ces-sept-cameras-de-securite-exterieures-que-jai-testees-et-elles-sont-toutes-en-vente-pour-le-black-friday\/#primaryimage"},"thumbnailUrl":"https:\/\/vieassociative.be\/actualites\/wp-content\/uploads\/2024\/11\/Je-recommanderais-ces-sept-cameras-de-securite-exterieures-que-jai.png","datePublished":"2024-11-26T18:16:57+00:00","dateModified":"2024-11-26T18:16:57+00:00","breadcrumb":{"@id":"https:\/\/vieassociative.be\/actualites\/je-recommanderais-ces-sept-cameras-de-securite-exterieures-que-jai-testees-et-elles-sont-toutes-en-vente-pour-le-black-friday\/#breadcrumb"},"inLanguage":"fr-BE","potentialAction":[{"@type":"ReadAction","target":["https:\/\/vieassociative.be\/actualites\/je-recommanderais-ces-sept-cameras-de-securite-exterieures-que-jai-testees-et-elles-sont-toutes-en-vente-pour-le-black-friday\/"]}]},{"@type":"ImageObject","inLanguage":"fr-BE","@id":"https:\/\/vieassociative.be\/actualites\/je-recommanderais-ces-sept-cameras-de-securite-exterieures-que-jai-testees-et-elles-sont-toutes-en-vente-pour-le-black-friday\/#primaryimage","url":"https:\/\/vieassociative.be\/actualites\/wp-content\/uploads\/2024\/11\/Je-recommanderais-ces-sept-cameras-de-securite-exterieures-que-jai.png","contentUrl":"https:\/\/vieassociative.be\/actualites\/wp-content\/uploads\/2024\/11\/Je-recommanderais-ces-sept-cameras-de-securite-exterieures-que-jai.png","width":1200,"height":675,"caption":"Je recommanderais ces sept cam\u00e9ras de s\u00e9curit\u00e9 ext\u00e9rieures que j'ai test\u00e9es et elles sont toutes en vente pour le Black Friday"},{"@type":"BreadcrumbList","@id":"https:\/\/vieassociative.be\/actualites\/je-recommanderais-ces-sept-cameras-de-securite-exterieures-que-jai-testees-et-elles-sont-toutes-en-vente-pour-le-black-friday\/#breadcrumb","itemListElement":[{"@type":"ListItem","position":1,"name":"Accueil","item":"https:\/\/vieassociative.be\/actualites\/"},{"@type":"ListItem","position":2,"name":"Je recommanderais ces sept cam\u00e9ras de s\u00e9curit\u00e9 ext\u00e9rieures que j&rsquo;ai test\u00e9es et elles sont toutes en vente pour le Black Friday"}]},{"@type":"WebSite","@id":"https:\/\/vieassociative.be\/actualites\/#website","url":"https:\/\/vieassociative.be\/actualites\/","name":"Vie Associative","description":"","publisher":{"@id":"https:\/\/vieassociative.be\/actualites\/#organization"},"potentialAction":[{"@type":"SearchAction","target":{"@type":"EntryPoint","urlTemplate":"https:\/\/vieassociative.be\/actualites\/?s={search_term_string}"},"query-input":{"@type":"PropertyValueSpecification","valueRequired":true,"valueName":"search_term_string"}}],"inLanguage":"fr-BE"},{"@type":"Organization","@id":"https:\/\/vieassociative.be\/actualites\/#organization","name":"Vie Associative","url":"https:\/\/vieassociative.be\/actualites\/","logo":{"@type":"ImageObject","inLanguage":"fr-BE","@id":"https:\/\/vieassociative.be\/actualites\/#\/schema\/logo\/image\/","url":"https:\/\/vieassociative.be\/actualites\/wp-content\/uploads\/2024\/09\/cropped-vieassociative_favicon.ico.png","contentUrl":"https:\/\/vieassociative.be\/actualites\/wp-content\/uploads\/2024\/09\/cropped-vieassociative_favicon.ico.png","width":512,"height":512,"caption":"Vie Associative"},"image":{"@id":"https:\/\/vieassociative.be\/actualites\/#\/schema\/logo\/image\/"}},{"@type":"Person","@id":"https:\/\/vieassociative.be\/actualites\/#\/schema\/person\/b87ac4f82f9d4e7b7cec7395b679edc4","name":"Julien","image":{"@type":"ImageObject","inLanguage":"fr-BE","@id":"https:\/\/vieassociative.be\/actualites\/#\/schema\/person\/image\/","url":"https:\/\/vieassociative.be\/actualites\/wp-content\/uploads\/2024\/09\/vie-associative-1-150x150.jpg","contentUrl":"https:\/\/vieassociative.be\/actualites\/wp-content\/uploads\/2024\/09\/vie-associative-1-150x150.jpg","caption":"Julien"},"description":"Je suis Julien, r\u00e9dacteur pour Vie Associative. Passionn\u00e9 par le monde associatif depuis plus de 10 ans, j'ai \u00e0 c\u0153ur de partager des histoires inspirantes et de mettre en lumi\u00e8re les initiatives locales. Mon objectif est de sensibiliser et d'encourager l'engagement communautaire \u00e0 travers mes articles.","sameAs":["https:\/\/vieassociative.be\/"]}]}},"_links":{"self":[{"href":"https:\/\/vieassociative.be\/actualites\/wp-json\/wp\/v2\/posts\/2791"}],"collection":[{"href":"https:\/\/vieassociative.be\/actualites\/wp-json\/wp\/v2\/posts"}],"about":[{"href":"https:\/\/vieassociative.be\/actualites\/wp-json\/wp\/v2\/types\/post"}],"author":[{"embeddable":true,"href":"https:\/\/vieassociative.be\/actualites\/wp-json\/wp\/v2\/users\/1"}],"replies":[{"embeddable":true,"href":"https:\/\/vieassociative.be\/actualites\/wp-json\/wp\/v2\/comments?post=2791"}],"version-history":[{"count":0,"href":"https:\/\/vieassociative.be\/actualites\/wp-json\/wp\/v2\/posts\/2791\/revisions"}],"wp:featuredmedia":[{"embeddable":true,"href":"https:\/\/vieassociative.be\/actualites\/wp-json\/wp\/v2\/media\/2792"}],"wp:attachment":[{"href":"https:\/\/vieassociative.be\/actualites\/wp-json\/wp\/v2\/media?parent=2791"}],"wp:term":[{"taxonomy":"category","embeddable":true,"href":"https:\/\/vieassociative.be\/actualites\/wp-json\/wp\/v2\/categories?post=2791"},{"taxonomy":"post_tag","embeddable":true,"href":"https:\/\/vieassociative.be\/actualites\/wp-json\/wp\/v2\/tags?post=2791"}],"curies":[{"name":"wp","href":"https:\/\/api.w.org\/{rel}","templated":true}]}}