{"id":2786,"date":"2024-11-26T15:17:47","date_gmt":"2024-11-26T14:17:47","guid":{"rendered":"https:\/\/vieassociative.be\/actualites\/le-luxembourg-est-le-pays-le-plus-riche-du-monde-la-belgique-au-10eme-lallemagne-au-13eme-la-france-au-20eme\/"},"modified":"2024-11-26T15:17:47","modified_gmt":"2024-11-26T14:17:47","slug":"le-luxembourg-est-le-pays-le-plus-riche-du-monde-la-belgique-au-10eme-lallemagne-au-13eme-la-france-au-20eme","status":"publish","type":"post","link":"https:\/\/vieassociative.be\/actualites\/le-luxembourg-est-le-pays-le-plus-riche-du-monde-la-belgique-au-10eme-lallemagne-au-13eme-la-france-au-20eme\/","title":{"rendered":"Le Luxembourg est le pays le plus riche du monde &#8211; la Belgique au 10\u00e8me, l&rsquo;Allemagne au 13\u00e8me, la France au 20\u00e8me"},"content":{"rendered":"<p><strong>Le Luxembourg sera le pays le plus riche du monde en 2024. C&rsquo;est du moins ce que dit l&rsquo;indice de prosp\u00e9rit\u00e9 HelloSafe, qui \u00e9value la prosp\u00e9rit\u00e9 de 186 pays dans le monde. Avec un score de 86,2, le Luxembourg devance la Norv\u00e8ge (85,1) et l&rsquo;Irlande (84,7), qui compl\u00e8tent le podium.<\/strong><\/p>\n<p><span id=\"more-402656\"><\/span>Contrairement aux classements traditionnels qui se concentrent principalement sur le produit int\u00e9rieur brut (PIB) et le produit national brut (PNB), l&rsquo;indice de prosp\u00e9rit\u00e9 HelloSafe repose sur six indicateurs qui combinent les \u00e9volutions \u00e9conomiques, sociales et environnementales.<\/p>\n<div id=\"attachment_402679\" class=\"wp-caption alignleft\" style=\"max-width: 300px\"><img fetchpriority=\"high\" decoding=\"async\" class=\"wp-image-402679 size-medium\" src=\"https:\/\/vieassociative.be\/actualites\/wp-content\/uploads\/2024\/11\/Le-Luxembourg-est-le-pays-le-plus-riche-du-monde.jpg\" alt=\"\" width=\"300\" height=\"242\"  ><\/p>\n<p class=\"wp-caption-text\">(Cliquez sur l&rsquo;image pour l&rsquo;agrandir). Source\u00a0:\u00a0HelloSafe<\/p>\n<\/div>\n<p>Ces crit\u00e8res sont pond\u00e9r\u00e9s diff\u00e9remment, ce qui donne une note de 100 qui refl\u00e8te la prosp\u00e9rit\u00e9 globale d&rsquo;un pays.<\/p>\n<p>Le top 20 du classement est largement domin\u00e9 par les pays d&rsquo;Europe du Nord et de l&rsquo;Ouest, qui comptent 14 repr\u00e9sentants. Le Qatar (5e) et Singapour (6e) se distinguent comme les premiers pays non europ\u00e9ens, tandis que les \u00c9tats-Unis et le Canada occupent les 18e et 19e places. La Belgique occupe la 10\u00e8me place et la France cl\u00f4ture le top 20 avec un score de 60,4 (voir graphique ci-dessous).<\/p>\n<p>\u00c0 l\u2019autre extr\u00e9mit\u00e9 du spectre, le Mozambique arrive en derni\u00e8re position avec un score extr\u00eamement faible de 10,88, juste derri\u00e8re la R\u00e9publique Centrafricaine et Madagascar.<\/p>\n<div id=\"attachment_56750\" class=\"wp-caption alignleft\" style=\"max-width: 300px\"><img decoding=\"async\" class=\"wp-image-56750 size-medium\" src=\"https:\/\/vieassociative.be\/actualites\/wp-content\/uploads\/2024\/11\/1732630667_927_Le-Luxembourg-est-le-pays-le-plus-riche-du-monde.jpg\" alt=\"\" width=\"300\" height=\"138\"  ><\/p>\n<p class=\"wp-caption-text\">Vue de la capitale Luxembourg. Photo : Shutterstock<\/p>\n<\/div>\n<p>D&rsquo;ailleurs, la plupart des pays africains se retrouvent en bas du tableau, m\u00eame si certains, comme Maurice (41,05), les Seychelles (40,77) et l&rsquo;Alg\u00e9rie (40,36), se d\u00e9marquent et m\u00eame devant plusieurs pays d&rsquo;Europe de l&rsquo;Est et des Balkans comme la Moldavie ( 36,99), Mac\u00e9doine (38,46) et Albanie (38,52).<\/p>\n<p>Le Y\u00e9men et l&rsquo;Afghanistan figurent \u00e9galement parmi les pays les moins prosp\u00e8res, touch\u00e9s par un conflit prolong\u00e9 et une instabilit\u00e9 qui entravent leur d\u00e9veloppement, explique le rapport.<\/p>\n<p>Pour rappel : HelloSafe est une plateforme de comparaison de produits financiers (assurances, pr\u00eats, investissements) dans plus d&rsquo;une dizaine de pays \u00e0 travers le monde. Le site propose aux utilisateurs du monde entier des centaines de calculateurs et calculateurs comparatifs gratuits, permettant aux utilisateurs de prendre les meilleures d\u00e9cisions financi\u00e8res possibles. (cr\u00e9er)<\/p>\n","protected":false},"excerpt":{"rendered":"<p>Le Luxembourg sera le pays le plus riche du monde en 2024. C&rsquo;est du moins ce que dit l&rsquo;indice de prosp\u00e9rit\u00e9 HelloSafe, qui \u00e9value la<\/p>\n","protected":false},"author":1,"featured_media":2787,"comment_status":"","ping_status":"","sticky":false,"template":"","format":"standard","meta":{"footnotes":""},"categories":[298],"tags":[3515,3516,3517,383,76,2444,2375,3512,237,3513,3514],"class_list":["post-2786","post","type-post","status-publish","format-standard","has-post-thumbnail","hentry","category-belgique","tag-10eme","tag-13eme","tag-20eme","tag-belgique","tag-est","tag-france","tag-lallemagne","tag-luxembourg","tag-monde","tag-pays","tag-riche","generate-columns","tablet-grid-50","mobile-grid-100","grid-parent","grid-33"],"yoast_head":"<!-- This site is optimized with the Yoast SEO plugin v24.0 - https:\/\/yoast.com\/wordpress\/plugins\/seo\/ -->\n<title>Le Luxembourg est le pays le plus riche du monde - la Belgique au 10\u00e8me, l&#039;Allemagne au 13\u00e8me, la France au 20\u00e8me | Vie Associative<\/title>\n<meta name=\"robots\" content=\"index, follow, max-snippet:-1, max-image-preview:large, max-video-preview:-1\" \/>\n<link rel=\"canonical\" href=\"https:\/\/vieassociative.be\/actualites\/le-luxembourg-est-le-pays-le-plus-riche-du-monde-la-belgique-au-10eme-lallemagne-au-13eme-la-france-au-20eme\/\" \/>\n<meta property=\"og:locale\" content=\"fr_FR\" \/>\n<meta property=\"og:type\" content=\"article\" \/>\n<meta property=\"og:title\" content=\"Le Luxembourg est le pays le plus riche du monde - la Belgique au 10\u00e8me, l&#039;Allemagne au 13\u00e8me, la France au 20\u00e8me | Vie Associative\" \/>\n<meta property=\"og:description\" content=\"Le Luxembourg sera le pays le plus riche du monde en 2024. C&rsquo;est du moins ce que dit l&rsquo;indice de prosp\u00e9rit\u00e9 HelloSafe, qui \u00e9value la\" \/>\n<meta property=\"og:url\" content=\"https:\/\/vieassociative.be\/actualites\/le-luxembourg-est-le-pays-le-plus-riche-du-monde-la-belgique-au-10eme-lallemagne-au-13eme-la-france-au-20eme\/\" \/>\n<meta property=\"og:site_name\" content=\"Vie Associative\" \/>\n<meta property=\"article:published_time\" content=\"2024-11-26T14:17:47+00:00\" \/>\n<meta property=\"og:image\" content=\"https:\/\/vieassociative.be\/actualites\/wp-content\/uploads\/2024\/11\/Le-Luxembourg-est-le-pays-le-plus-riche-du-monde.jpg\" \/>\n<meta name=\"author\" content=\"Julien\" \/>\n<meta name=\"twitter:card\" content=\"summary_large_image\" \/>\n<meta name=\"twitter:label1\" content=\"\u00c9crit par\" \/>\n\t<meta name=\"twitter:data1\" content=\"Julien\" \/>\n\t<meta name=\"twitter:label2\" content=\"Dur\u00e9e de lecture est.\" \/>\n\t<meta name=\"twitter:data2\" content=\"2 minutes\" \/>\n<script type=\"application\/ld+json\" class=\"yoast-schema-graph\">{\"@context\":\"https:\/\/schema.org\",\"@graph\":[{\"@type\":\"Article\",\"@id\":\"https:\/\/vieassociative.be\/actualites\/le-luxembourg-est-le-pays-le-plus-riche-du-monde-la-belgique-au-10eme-lallemagne-au-13eme-la-france-au-20eme\/#article\",\"isPartOf\":{\"@id\":\"https:\/\/vieassociative.be\/actualites\/le-luxembourg-est-le-pays-le-plus-riche-du-monde-la-belgique-au-10eme-lallemagne-au-13eme-la-france-au-20eme\/\"},\"author\":{\"name\":\"Julien\",\"@id\":\"https:\/\/vieassociative.be\/actualites\/#\/schema\/person\/b87ac4f82f9d4e7b7cec7395b679edc4\"},\"headline\":\"Le Luxembourg est le pays le plus riche du monde &#8211; la Belgique au 10\u00e8me, l&rsquo;Allemagne au 13\u00e8me, la France au 20\u00e8me\",\"datePublished\":\"2024-11-26T14:17:47+00:00\",\"dateModified\":\"2024-11-26T14:17:47+00:00\",\"mainEntityOfPage\":{\"@id\":\"https:\/\/vieassociative.be\/actualites\/le-luxembourg-est-le-pays-le-plus-riche-du-monde-la-belgique-au-10eme-lallemagne-au-13eme-la-france-au-20eme\/\"},\"wordCount\":390,\"publisher\":{\"@id\":\"https:\/\/vieassociative.be\/actualites\/#organization\"},\"image\":{\"@id\":\"https:\/\/vieassociative.be\/actualites\/le-luxembourg-est-le-pays-le-plus-riche-du-monde-la-belgique-au-10eme-lallemagne-au-13eme-la-france-au-20eme\/#primaryimage\"},\"thumbnailUrl\":\"https:\/\/vieassociative.be\/actualites\/wp-content\/uploads\/2024\/11\/Le-Luxembourg-est-le-pays-le-plus-riche-du-monde.jpeg\",\"keywords\":[\"10\u00e8me\",\"13\u00e8me\",\"20\u00e8me\",\"Belgique\",\"est\",\"France\",\"lAllemagne\",\"Luxembourg\",\"monde\",\"pays\",\"riche\"],\"articleSection\":[\"Belgique\"],\"inLanguage\":\"fr-BE\"},{\"@type\":\"WebPage\",\"@id\":\"https:\/\/vieassociative.be\/actualites\/le-luxembourg-est-le-pays-le-plus-riche-du-monde-la-belgique-au-10eme-lallemagne-au-13eme-la-france-au-20eme\/\",\"url\":\"https:\/\/vieassociative.be\/actualites\/le-luxembourg-est-le-pays-le-plus-riche-du-monde-la-belgique-au-10eme-lallemagne-au-13eme-la-france-au-20eme\/\",\"name\":\"Le Luxembourg est le pays le plus riche du monde - la Belgique au 10\u00e8me, l'Allemagne au 13\u00e8me, la France au 20\u00e8me | Vie Associative\",\"isPartOf\":{\"@id\":\"https:\/\/vieassociative.be\/actualites\/#website\"},\"primaryImageOfPage\":{\"@id\":\"https:\/\/vieassociative.be\/actualites\/le-luxembourg-est-le-pays-le-plus-riche-du-monde-la-belgique-au-10eme-lallemagne-au-13eme-la-france-au-20eme\/#primaryimage\"},\"image\":{\"@id\":\"https:\/\/vieassociative.be\/actualites\/le-luxembourg-est-le-pays-le-plus-riche-du-monde-la-belgique-au-10eme-lallemagne-au-13eme-la-france-au-20eme\/#primaryimage\"},\"thumbnailUrl\":\"https:\/\/vieassociative.be\/actualites\/wp-content\/uploads\/2024\/11\/Le-Luxembourg-est-le-pays-le-plus-riche-du-monde.jpeg\",\"datePublished\":\"2024-11-26T14:17:47+00:00\",\"dateModified\":\"2024-11-26T14:17:47+00:00\",\"breadcrumb\":{\"@id\":\"https:\/\/vieassociative.be\/actualites\/le-luxembourg-est-le-pays-le-plus-riche-du-monde-la-belgique-au-10eme-lallemagne-au-13eme-la-france-au-20eme\/#breadcrumb\"},\"inLanguage\":\"fr-BE\",\"potentialAction\":[{\"@type\":\"ReadAction\",\"target\":[\"https:\/\/vieassociative.be\/actualites\/le-luxembourg-est-le-pays-le-plus-riche-du-monde-la-belgique-au-10eme-lallemagne-au-13eme-la-france-au-20eme\/\"]}]},{\"@type\":\"ImageObject\",\"inLanguage\":\"fr-BE\",\"@id\":\"https:\/\/vieassociative.be\/actualites\/le-luxembourg-est-le-pays-le-plus-riche-du-monde-la-belgique-au-10eme-lallemagne-au-13eme-la-france-au-20eme\/#primaryimage\",\"url\":\"https:\/\/vieassociative.be\/actualites\/wp-content\/uploads\/2024\/11\/Le-Luxembourg-est-le-pays-le-plus-riche-du-monde.jpeg\",\"contentUrl\":\"https:\/\/vieassociative.be\/actualites\/wp-content\/uploads\/2024\/11\/Le-Luxembourg-est-le-pays-le-plus-riche-du-monde.jpeg\",\"width\":1000,\"height\":651,\"caption\":\"Le Luxembourg est le pays le plus riche du monde - la Belgique au 10\u00e8me, l'Allemagne au 13\u00e8me, la France au 20\u00e8me\"},{\"@type\":\"BreadcrumbList\",\"@id\":\"https:\/\/vieassociative.be\/actualites\/le-luxembourg-est-le-pays-le-plus-riche-du-monde-la-belgique-au-10eme-lallemagne-au-13eme-la-france-au-20eme\/#breadcrumb\",\"itemListElement\":[{\"@type\":\"ListItem\",\"position\":1,\"name\":\"Accueil\",\"item\":\"https:\/\/vieassociative.be\/actualites\/\"},{\"@type\":\"ListItem\",\"position\":2,\"name\":\"Le Luxembourg est le pays le plus riche du monde &#8211; la Belgique au 10\u00e8me, l&rsquo;Allemagne au 13\u00e8me, la France au 20\u00e8me\"}]},{\"@type\":\"WebSite\",\"@id\":\"https:\/\/vieassociative.be\/actualites\/#website\",\"url\":\"https:\/\/vieassociative.be\/actualites\/\",\"name\":\"Vie Associative\",\"description\":\"\",\"publisher\":{\"@id\":\"https:\/\/vieassociative.be\/actualites\/#organization\"},\"potentialAction\":[{\"@type\":\"SearchAction\",\"target\":{\"@type\":\"EntryPoint\",\"urlTemplate\":\"https:\/\/vieassociative.be\/actualites\/?s={search_term_string}\"},\"query-input\":{\"@type\":\"PropertyValueSpecification\",\"valueRequired\":true,\"valueName\":\"search_term_string\"}}],\"inLanguage\":\"fr-BE\"},{\"@type\":\"Organization\",\"@id\":\"https:\/\/vieassociative.be\/actualites\/#organization\",\"name\":\"Vie Associative\",\"url\":\"https:\/\/vieassociative.be\/actualites\/\",\"logo\":{\"@type\":\"ImageObject\",\"inLanguage\":\"fr-BE\",\"@id\":\"https:\/\/vieassociative.be\/actualites\/#\/schema\/logo\/image\/\",\"url\":\"https:\/\/vieassociative.be\/actualites\/wp-content\/uploads\/2024\/09\/cropped-vieassociative_favicon.ico.png\",\"contentUrl\":\"https:\/\/vieassociative.be\/actualites\/wp-content\/uploads\/2024\/09\/cropped-vieassociative_favicon.ico.png\",\"width\":512,\"height\":512,\"caption\":\"Vie Associative\"},\"image\":{\"@id\":\"https:\/\/vieassociative.be\/actualites\/#\/schema\/logo\/image\/\"}},{\"@type\":\"Person\",\"@id\":\"https:\/\/vieassociative.be\/actualites\/#\/schema\/person\/b87ac4f82f9d4e7b7cec7395b679edc4\",\"name\":\"Julien\",\"image\":{\"@type\":\"ImageObject\",\"inLanguage\":\"fr-BE\",\"@id\":\"https:\/\/vieassociative.be\/actualites\/#\/schema\/person\/image\/\",\"url\":\"https:\/\/vieassociative.be\/actualites\/wp-content\/uploads\/2024\/09\/vie-associative-1-150x150.jpg\",\"contentUrl\":\"https:\/\/vieassociative.be\/actualites\/wp-content\/uploads\/2024\/09\/vie-associative-1-150x150.jpg\",\"caption\":\"Julien\"},\"description\":\"Je suis Julien, r\u00e9dacteur pour Vie Associative. Passionn\u00e9 par le monde associatif depuis plus de 10 ans, j'ai \u00e0 c\u0153ur de partager des histoires inspirantes et de mettre en lumi\u00e8re les initiatives locales. Mon objectif est de sensibiliser et d'encourager l'engagement communautaire \u00e0 travers mes articles.\",\"sameAs\":[\"https:\/\/vieassociative.be\/\"]}]}<\/script>\n<!-- \/ Yoast SEO plugin. -->","yoast_head_json":{"title":"Le Luxembourg est le pays le plus riche du monde - la Belgique au 10\u00e8me, l'Allemagne au 13\u00e8me, la France au 20\u00e8me | Vie Associative","robots":{"index":"index","follow":"follow","max-snippet":"max-snippet:-1","max-image-preview":"max-image-preview:large","max-video-preview":"max-video-preview:-1"},"canonical":"https:\/\/vieassociative.be\/actualites\/le-luxembourg-est-le-pays-le-plus-riche-du-monde-la-belgique-au-10eme-lallemagne-au-13eme-la-france-au-20eme\/","og_locale":"fr_FR","og_type":"article","og_title":"Le Luxembourg est le pays le plus riche du monde - la Belgique au 10\u00e8me, l'Allemagne au 13\u00e8me, la France au 20\u00e8me | Vie Associative","og_description":"Le Luxembourg sera le pays le plus riche du monde en 2024. C&rsquo;est du moins ce que dit l&rsquo;indice de prosp\u00e9rit\u00e9 HelloSafe, qui \u00e9value la","og_url":"https:\/\/vieassociative.be\/actualites\/le-luxembourg-est-le-pays-le-plus-riche-du-monde-la-belgique-au-10eme-lallemagne-au-13eme-la-france-au-20eme\/","og_site_name":"Vie Associative","article_published_time":"2024-11-26T14:17:47+00:00","og_image":[{"url":"https:\/\/vieassociative.be\/actualites\/wp-content\/uploads\/2024\/11\/Le-Luxembourg-est-le-pays-le-plus-riche-du-monde.jpg","type":"","width":"","height":""}],"author":"Julien","twitter_card":"summary_large_image","twitter_misc":{"\u00c9crit par":"Julien","Dur\u00e9e de lecture est.":"2 minutes"},"schema":{"@context":"https:\/\/schema.org","@graph":[{"@type":"Article","@id":"https:\/\/vieassociative.be\/actualites\/le-luxembourg-est-le-pays-le-plus-riche-du-monde-la-belgique-au-10eme-lallemagne-au-13eme-la-france-au-20eme\/#article","isPartOf":{"@id":"https:\/\/vieassociative.be\/actualites\/le-luxembourg-est-le-pays-le-plus-riche-du-monde-la-belgique-au-10eme-lallemagne-au-13eme-la-france-au-20eme\/"},"author":{"name":"Julien","@id":"https:\/\/vieassociative.be\/actualites\/#\/schema\/person\/b87ac4f82f9d4e7b7cec7395b679edc4"},"headline":"Le Luxembourg est le pays le plus riche du monde &#8211; la Belgique au 10\u00e8me, l&rsquo;Allemagne au 13\u00e8me, la France au 20\u00e8me","datePublished":"2024-11-26T14:17:47+00:00","dateModified":"2024-11-26T14:17:47+00:00","mainEntityOfPage":{"@id":"https:\/\/vieassociative.be\/actualites\/le-luxembourg-est-le-pays-le-plus-riche-du-monde-la-belgique-au-10eme-lallemagne-au-13eme-la-france-au-20eme\/"},"wordCount":390,"publisher":{"@id":"https:\/\/vieassociative.be\/actualites\/#organization"},"image":{"@id":"https:\/\/vieassociative.be\/actualites\/le-luxembourg-est-le-pays-le-plus-riche-du-monde-la-belgique-au-10eme-lallemagne-au-13eme-la-france-au-20eme\/#primaryimage"},"thumbnailUrl":"https:\/\/vieassociative.be\/actualites\/wp-content\/uploads\/2024\/11\/Le-Luxembourg-est-le-pays-le-plus-riche-du-monde.jpeg","keywords":["10\u00e8me","13\u00e8me","20\u00e8me","Belgique","est","France","lAllemagne","Luxembourg","monde","pays","riche"],"articleSection":["Belgique"],"inLanguage":"fr-BE"},{"@type":"WebPage","@id":"https:\/\/vieassociative.be\/actualites\/le-luxembourg-est-le-pays-le-plus-riche-du-monde-la-belgique-au-10eme-lallemagne-au-13eme-la-france-au-20eme\/","url":"https:\/\/vieassociative.be\/actualites\/le-luxembourg-est-le-pays-le-plus-riche-du-monde-la-belgique-au-10eme-lallemagne-au-13eme-la-france-au-20eme\/","name":"Le Luxembourg est le pays le plus riche du monde - la Belgique au 10\u00e8me, l'Allemagne au 13\u00e8me, la France au 20\u00e8me | Vie Associative","isPartOf":{"@id":"https:\/\/vieassociative.be\/actualites\/#website"},"primaryImageOfPage":{"@id":"https:\/\/vieassociative.be\/actualites\/le-luxembourg-est-le-pays-le-plus-riche-du-monde-la-belgique-au-10eme-lallemagne-au-13eme-la-france-au-20eme\/#primaryimage"},"image":{"@id":"https:\/\/vieassociative.be\/actualites\/le-luxembourg-est-le-pays-le-plus-riche-du-monde-la-belgique-au-10eme-lallemagne-au-13eme-la-france-au-20eme\/#primaryimage"},"thumbnailUrl":"https:\/\/vieassociative.be\/actualites\/wp-content\/uploads\/2024\/11\/Le-Luxembourg-est-le-pays-le-plus-riche-du-monde.jpeg","datePublished":"2024-11-26T14:17:47+00:00","dateModified":"2024-11-26T14:17:47+00:00","breadcrumb":{"@id":"https:\/\/vieassociative.be\/actualites\/le-luxembourg-est-le-pays-le-plus-riche-du-monde-la-belgique-au-10eme-lallemagne-au-13eme-la-france-au-20eme\/#breadcrumb"},"inLanguage":"fr-BE","potentialAction":[{"@type":"ReadAction","target":["https:\/\/vieassociative.be\/actualites\/le-luxembourg-est-le-pays-le-plus-riche-du-monde-la-belgique-au-10eme-lallemagne-au-13eme-la-france-au-20eme\/"]}]},{"@type":"ImageObject","inLanguage":"fr-BE","@id":"https:\/\/vieassociative.be\/actualites\/le-luxembourg-est-le-pays-le-plus-riche-du-monde-la-belgique-au-10eme-lallemagne-au-13eme-la-france-au-20eme\/#primaryimage","url":"https:\/\/vieassociative.be\/actualites\/wp-content\/uploads\/2024\/11\/Le-Luxembourg-est-le-pays-le-plus-riche-du-monde.jpeg","contentUrl":"https:\/\/vieassociative.be\/actualites\/wp-content\/uploads\/2024\/11\/Le-Luxembourg-est-le-pays-le-plus-riche-du-monde.jpeg","width":1000,"height":651,"caption":"Le Luxembourg est le pays le plus riche du monde - la Belgique au 10\u00e8me, l'Allemagne au 13\u00e8me, la France au 20\u00e8me"},{"@type":"BreadcrumbList","@id":"https:\/\/vieassociative.be\/actualites\/le-luxembourg-est-le-pays-le-plus-riche-du-monde-la-belgique-au-10eme-lallemagne-au-13eme-la-france-au-20eme\/#breadcrumb","itemListElement":[{"@type":"ListItem","position":1,"name":"Accueil","item":"https:\/\/vieassociative.be\/actualites\/"},{"@type":"ListItem","position":2,"name":"Le Luxembourg est le pays le plus riche du monde &#8211; la Belgique au 10\u00e8me, l&rsquo;Allemagne au 13\u00e8me, la France au 20\u00e8me"}]},{"@type":"WebSite","@id":"https:\/\/vieassociative.be\/actualites\/#website","url":"https:\/\/vieassociative.be\/actualites\/","name":"Vie Associative","description":"","publisher":{"@id":"https:\/\/vieassociative.be\/actualites\/#organization"},"potentialAction":[{"@type":"SearchAction","target":{"@type":"EntryPoint","urlTemplate":"https:\/\/vieassociative.be\/actualites\/?s={search_term_string}"},"query-input":{"@type":"PropertyValueSpecification","valueRequired":true,"valueName":"search_term_string"}}],"inLanguage":"fr-BE"},{"@type":"Organization","@id":"https:\/\/vieassociative.be\/actualites\/#organization","name":"Vie Associative","url":"https:\/\/vieassociative.be\/actualites\/","logo":{"@type":"ImageObject","inLanguage":"fr-BE","@id":"https:\/\/vieassociative.be\/actualites\/#\/schema\/logo\/image\/","url":"https:\/\/vieassociative.be\/actualites\/wp-content\/uploads\/2024\/09\/cropped-vieassociative_favicon.ico.png","contentUrl":"https:\/\/vieassociative.be\/actualites\/wp-content\/uploads\/2024\/09\/cropped-vieassociative_favicon.ico.png","width":512,"height":512,"caption":"Vie Associative"},"image":{"@id":"https:\/\/vieassociative.be\/actualites\/#\/schema\/logo\/image\/"}},{"@type":"Person","@id":"https:\/\/vieassociative.be\/actualites\/#\/schema\/person\/b87ac4f82f9d4e7b7cec7395b679edc4","name":"Julien","image":{"@type":"ImageObject","inLanguage":"fr-BE","@id":"https:\/\/vieassociative.be\/actualites\/#\/schema\/person\/image\/","url":"https:\/\/vieassociative.be\/actualites\/wp-content\/uploads\/2024\/09\/vie-associative-1-150x150.jpg","contentUrl":"https:\/\/vieassociative.be\/actualites\/wp-content\/uploads\/2024\/09\/vie-associative-1-150x150.jpg","caption":"Julien"},"description":"Je suis Julien, r\u00e9dacteur pour Vie Associative. Passionn\u00e9 par le monde associatif depuis plus de 10 ans, j'ai \u00e0 c\u0153ur de partager des histoires inspirantes et de mettre en lumi\u00e8re les initiatives locales. Mon objectif est de sensibiliser et d'encourager l'engagement communautaire \u00e0 travers mes articles.","sameAs":["https:\/\/vieassociative.be\/"]}]}},"_links":{"self":[{"href":"https:\/\/vieassociative.be\/actualites\/wp-json\/wp\/v2\/posts\/2786"}],"collection":[{"href":"https:\/\/vieassociative.be\/actualites\/wp-json\/wp\/v2\/posts"}],"about":[{"href":"https:\/\/vieassociative.be\/actualites\/wp-json\/wp\/v2\/types\/post"}],"author":[{"embeddable":true,"href":"https:\/\/vieassociative.be\/actualites\/wp-json\/wp\/v2\/users\/1"}],"replies":[{"embeddable":true,"href":"https:\/\/vieassociative.be\/actualites\/wp-json\/wp\/v2\/comments?post=2786"}],"version-history":[{"count":0,"href":"https:\/\/vieassociative.be\/actualites\/wp-json\/wp\/v2\/posts\/2786\/revisions"}],"wp:featuredmedia":[{"embeddable":true,"href":"https:\/\/vieassociative.be\/actualites\/wp-json\/wp\/v2\/media\/2787"}],"wp:attachment":[{"href":"https:\/\/vieassociative.be\/actualites\/wp-json\/wp\/v2\/media?parent=2786"}],"wp:term":[{"taxonomy":"category","embeddable":true,"href":"https:\/\/vieassociative.be\/actualites\/wp-json\/wp\/v2\/categories?post=2786"},{"taxonomy":"post_tag","embeddable":true,"href":"https:\/\/vieassociative.be\/actualites\/wp-json\/wp\/v2\/tags?post=2786"}],"curies":[{"name":"wp","href":"https:\/\/api.w.org\/{rel}","templated":true}]}}