{"id":2784,"date":"2024-11-26T14:17:28","date_gmt":"2024-11-26T13:17:28","guid":{"rendered":"https:\/\/vieassociative.be\/actualites\/mon-combo-aspirateur-vadrouille-prefere-est-de-150-de-reduction-pour-le-black-friday\/"},"modified":"2024-11-26T14:17:28","modified_gmt":"2024-11-26T13:17:28","slug":"mon-combo-aspirateur-vadrouille-prefere-est-de-150-de-reduction-pour-le-black-friday","status":"publish","type":"post","link":"https:\/\/vieassociative.be\/actualites\/mon-combo-aspirateur-vadrouille-prefere-est-de-150-de-reduction-pour-le-black-friday\/","title":{"rendered":"Mon combo aspirateur\/vadrouille pr\u00e9f\u00e9r\u00e9 est de 150 $ de r\u00e9duction pour le Black Friday"},"content":{"rendered":"<div class=\"mt-4 leading-6 md:mb-8\">Je poss\u00e8de d\u00e9j\u00e0 ce combo aspirateur\/vadrouille et j&rsquo;en suis amoureux.<\/div>\n<p><\/p>\n<p>Pendant les soldes du Black Friday, je trouve toujours des soldes sur des nouveaut\u00e9s sympas que je n&rsquo;ai pas encore, mais je suis particuli\u00e8rement excit\u00e9 quand je vois qu&rsquo;il y a des soldes sur quelque chose que je n&rsquo;ai pas encore. <em>faire <\/em>parce que cela signifie que je peux partager la richesse. Dans ce cas, je suis ravi de dire que mon aspirateur pr\u00e9f\u00e9r\u00e9, le Bissell CrossWave OmniForce, est en vente pour les vacances shopping. En fait, non. Ce n&rsquo;est pas mon aspirateur pr\u00e9f\u00e9r\u00e9 ; c&rsquo;est plus que \u00e7a. Cette chose est un vide <em>et <\/em>une vadrouille. C&rsquo;est extr\u00eamement cool, polyvalent, peu encombrant et fonctionnel. <\/p>\n<h2 id=\"the-bissel-crosswave-omniforce\">Le Bissel CrossWave OmniForce<\/h2>\n<p>Comme je l&rsquo;ai d\u00e9j\u00e0 mentionn\u00e9, j&rsquo;ai remplac\u00e9 mon fid\u00e8le (et tr\u00e8s appr\u00e9ci\u00e9) b\u00e2ton poids plume Bissell par le CrossWave OmniFore il y a quelques mois. Pour \u00eatre clair, j\u2019ai ador\u00e9 le Featherweight Stick. C&rsquo;est environ 30 $ et j&rsquo;ai battu l&rsquo;aspirateur que j&rsquo;utilisais avant cela. En fait, je l&rsquo;ai tellement aim\u00e9 que lorsque je l&rsquo;ai mentionn\u00e9 dans une autre critique plus t\u00f4t cette ann\u00e9e, Bissell m&rsquo;a envoy\u00e9 le CrossWave OmniForce pour le tester. Il co\u00fbte normalement 379,99 $, ce qui est hors de ma fourchette de prix. M\u00eame si j&rsquo;\u00e9tais extr\u00eamement reconnaissant pour cette initiative personnelle, je vous l&rsquo;ai recommand\u00e9 \u00e0 tous en pr\u00e9venant qu&rsquo;il est un peu cher. \u00c7a vaut le coup, mais cher ! <\/p>\n<p>Jusqu&rsquo;\u00e0 aujourd&rsquo;hui, en tout cas. Pour le Black Friday, cette chose est \u00e0 pr\u00e8s de 40 % de r\u00e9duction. <\/p>\n<h2 id=\"why-i-love-the-bissell-vacuummop-combo\">Pourquoi j&rsquo;aime le combo aspirateur\/vadrouille Bissell<\/h2>\n<p>Je suis un grand fan de cet appareil car il m&rsquo;a permis de jeter mon ancien aspirateur <em>et <\/em>serpilli\u00e8re. Il a une force d\u2019aspiration importante qui retire la salet\u00e9 de mes tapis avec une facilit\u00e9 presque alarmante. Il maintient une charge solide assez longtemps pour que je puisse nettoyer tout mon appartement, donc je ne suis pas attach\u00e9 \u00e0 un cordon. <\/p>\n<p>Vous pouvez soit utiliser l&rsquo;aspirateur seul, soit passer en mode double, aspirer et nettoyer en m\u00eame temps. Il dispose de deux r\u00e9servoirs qui s\u00e9parent l\u2019eau propre et l\u2019eau sale et nettoie son propre rouleau de brosse afin que la poussi\u00e8re et les d\u00e9bris soient transf\u00e9r\u00e9s dans le r\u00e9servoir sale. <\/p>\n<p>C&rsquo;est un peu plus lourd que ce \u00e0 quoi j&rsquo;\u00e9tais habitu\u00e9, mais c&rsquo;est un peu le point ; c&rsquo;est une offre tout-en-un et il doit \u00eatre plus robuste pour emballer sa puissance d&rsquo;aspiration. Je n&rsquo;ai rencontr\u00e9 aucun probl\u00e8me autre que celui-l\u00e0, m\u00eame avec ma propension \u00e0 acheter des tapis bon march\u00e9 qui devraient, de mani\u00e8re r\u00e9aliste, s&rsquo;effondrer sous toute sorte de pression. Cela en dit peut-\u00eatre plus sur la qualit\u00e9 de mon tapis \u00e0 22 $, mais je suis toujours impressionn\u00e9 lorsqu&rsquo;il survit \u00e0 un autre tour avec le Bissell. <\/p>\n<p>En g\u00e9n\u00e9ral, je suis un fid\u00e8le de la marque Bissell. Les appareils sont moins chers que les autres aspirateurs sophistiqu\u00e9s du march\u00e9, mais tous les Bissell que j&rsquo;ai poss\u00e9d\u00e9s ou utilis\u00e9s ont fonctionn\u00e9. <em>vraiment<\/em> Bien. Si vous \u00eates int\u00e9ress\u00e9 par tout ce que la marque a \u00e0 offrir et que vous souhaitez une belle r\u00e9duction, consultez leurs autres offres Black Friday.<\/p>\n<div class=\"w-full mt-12 text-center sm:text-left\" x-data=\"{ showAll: false }\">\n<div class=\"flex flex-col items-center justify-between sm:px-6 sm:flex-row\">\n\t\t\t<span class=\"text-sm italic\">Les offres sont s\u00e9lectionn\u00e9es par notre \u00e9quipe commerciale<\/span><\/p><\/div>\n<\/p><\/div>\n","protected":false},"excerpt":{"rendered":"<p>Je poss\u00e8de d\u00e9j\u00e0 ce combo aspirateur\/vadrouille et j&rsquo;en suis amoureux. Pendant les soldes du Black Friday, je trouve toujours des soldes sur des nouveaut\u00e9s sympas<\/p>\n","protected":false},"author":1,"featured_media":2785,"comment_status":"","ping_status":"","sticky":false,"template":"","format":"standard","meta":{"footnotes":""},"categories":[40],"tags":[3511,73,1384,76,1255,49,81,1561,308],"class_list":["post-2784","post","type-post","status-publish","format-standard","has-post-thumbnail","hentry","category-maison","tag-aspirateurvadrouille","tag-black","tag-combo","tag-est","tag-friday","tag-mon","tag-pour","tag-prefere","tag-reduction","generate-columns","tablet-grid-50","mobile-grid-100","grid-parent","grid-33"],"yoast_head":"<!-- This site is optimized with the Yoast SEO plugin v24.0 - https:\/\/yoast.com\/wordpress\/plugins\/seo\/ -->\n<title>Mon combo aspirateur\/vadrouille pr\u00e9f\u00e9r\u00e9 est de 150 $ de r\u00e9duction pour le Black Friday | Vie Associative<\/title>\n<meta name=\"robots\" content=\"index, follow, max-snippet:-1, max-image-preview:large, max-video-preview:-1\" \/>\n<link rel=\"canonical\" href=\"https:\/\/vieassociative.be\/actualites\/mon-combo-aspirateur-vadrouille-prefere-est-de-150-de-reduction-pour-le-black-friday\/\" \/>\n<meta property=\"og:locale\" content=\"fr_FR\" \/>\n<meta property=\"og:type\" content=\"article\" \/>\n<meta property=\"og:title\" content=\"Mon combo aspirateur\/vadrouille pr\u00e9f\u00e9r\u00e9 est de 150 $ de r\u00e9duction pour le Black Friday | Vie Associative\" \/>\n<meta property=\"og:description\" content=\"Je poss\u00e8de d\u00e9j\u00e0 ce combo aspirateur\/vadrouille et j&rsquo;en suis amoureux. Pendant les soldes du Black Friday, je trouve toujours des soldes sur des nouveaut\u00e9s sympas\" \/>\n<meta property=\"og:url\" content=\"https:\/\/vieassociative.be\/actualites\/mon-combo-aspirateur-vadrouille-prefere-est-de-150-de-reduction-pour-le-black-friday\/\" \/>\n<meta property=\"og:site_name\" content=\"Vie Associative\" \/>\n<meta property=\"article:published_time\" content=\"2024-11-26T13:17:28+00:00\" \/>\n<meta property=\"og:image\" content=\"https:\/\/vieassociative.be\/actualites\/wp-content\/uploads\/2024\/09\/header_backgroundk-01-e1726694325946.png\" \/>\n\t<meta property=\"og:image:width\" content=\"279\" \/>\n\t<meta property=\"og:image:height\" content=\"92\" \/>\n\t<meta property=\"og:image:type\" content=\"image\/png\" \/>\n<meta name=\"author\" content=\"Julien\" \/>\n<meta name=\"twitter:card\" content=\"summary_large_image\" \/>\n<meta name=\"twitter:label1\" content=\"\u00c9crit par\" \/>\n\t<meta name=\"twitter:data1\" content=\"Julien\" \/>\n\t<meta name=\"twitter:label2\" content=\"Dur\u00e9e de lecture est.\" \/>\n\t<meta name=\"twitter:data2\" content=\"3 minutes\" \/>\n<script type=\"application\/ld+json\" class=\"yoast-schema-graph\">{\"@context\":\"https:\/\/schema.org\",\"@graph\":[{\"@type\":\"Article\",\"@id\":\"https:\/\/vieassociative.be\/actualites\/mon-combo-aspirateur-vadrouille-prefere-est-de-150-de-reduction-pour-le-black-friday\/#article\",\"isPartOf\":{\"@id\":\"https:\/\/vieassociative.be\/actualites\/mon-combo-aspirateur-vadrouille-prefere-est-de-150-de-reduction-pour-le-black-friday\/\"},\"author\":{\"name\":\"Julien\",\"@id\":\"https:\/\/vieassociative.be\/actualites\/#\/schema\/person\/b87ac4f82f9d4e7b7cec7395b679edc4\"},\"headline\":\"Mon combo aspirateur\/vadrouille pr\u00e9f\u00e9r\u00e9 est de 150 $ de r\u00e9duction pour le Black Friday\",\"datePublished\":\"2024-11-26T13:17:28+00:00\",\"dateModified\":\"2024-11-26T13:17:28+00:00\",\"mainEntityOfPage\":{\"@id\":\"https:\/\/vieassociative.be\/actualites\/mon-combo-aspirateur-vadrouille-prefere-est-de-150-de-reduction-pour-le-black-friday\/\"},\"wordCount\":611,\"publisher\":{\"@id\":\"https:\/\/vieassociative.be\/actualites\/#organization\"},\"image\":{\"@id\":\"https:\/\/vieassociative.be\/actualites\/mon-combo-aspirateur-vadrouille-prefere-est-de-150-de-reduction-pour-le-black-friday\/#primaryimage\"},\"thumbnailUrl\":\"https:\/\/vieassociative.be\/actualites\/wp-content\/uploads\/2024\/11\/Mon-combo-aspirateurvadrouille-prefere-est-de-150-de-reduction.png\",\"keywords\":[\"aspirateurvadrouille\",\"Black\",\"combo\",\"est\",\"Friday\",\"Mon\",\"pour\",\"pr\u00e9f\u00e9r\u00e9\",\"r\u00e9duction\"],\"articleSection\":[\"Maison\"],\"inLanguage\":\"fr-BE\"},{\"@type\":\"WebPage\",\"@id\":\"https:\/\/vieassociative.be\/actualites\/mon-combo-aspirateur-vadrouille-prefere-est-de-150-de-reduction-pour-le-black-friday\/\",\"url\":\"https:\/\/vieassociative.be\/actualites\/mon-combo-aspirateur-vadrouille-prefere-est-de-150-de-reduction-pour-le-black-friday\/\",\"name\":\"Mon combo aspirateur\/vadrouille pr\u00e9f\u00e9r\u00e9 est de 150 $ de r\u00e9duction pour le Black Friday | Vie Associative\",\"isPartOf\":{\"@id\":\"https:\/\/vieassociative.be\/actualites\/#website\"},\"primaryImageOfPage\":{\"@id\":\"https:\/\/vieassociative.be\/actualites\/mon-combo-aspirateur-vadrouille-prefere-est-de-150-de-reduction-pour-le-black-friday\/#primaryimage\"},\"image\":{\"@id\":\"https:\/\/vieassociative.be\/actualites\/mon-combo-aspirateur-vadrouille-prefere-est-de-150-de-reduction-pour-le-black-friday\/#primaryimage\"},\"thumbnailUrl\":\"https:\/\/vieassociative.be\/actualites\/wp-content\/uploads\/2024\/11\/Mon-combo-aspirateurvadrouille-prefere-est-de-150-de-reduction.png\",\"datePublished\":\"2024-11-26T13:17:28+00:00\",\"dateModified\":\"2024-11-26T13:17:28+00:00\",\"breadcrumb\":{\"@id\":\"https:\/\/vieassociative.be\/actualites\/mon-combo-aspirateur-vadrouille-prefere-est-de-150-de-reduction-pour-le-black-friday\/#breadcrumb\"},\"inLanguage\":\"fr-BE\",\"potentialAction\":[{\"@type\":\"ReadAction\",\"target\":[\"https:\/\/vieassociative.be\/actualites\/mon-combo-aspirateur-vadrouille-prefere-est-de-150-de-reduction-pour-le-black-friday\/\"]}]},{\"@type\":\"ImageObject\",\"inLanguage\":\"fr-BE\",\"@id\":\"https:\/\/vieassociative.be\/actualites\/mon-combo-aspirateur-vadrouille-prefere-est-de-150-de-reduction-pour-le-black-friday\/#primaryimage\",\"url\":\"https:\/\/vieassociative.be\/actualites\/wp-content\/uploads\/2024\/11\/Mon-combo-aspirateurvadrouille-prefere-est-de-150-de-reduction.png\",\"contentUrl\":\"https:\/\/vieassociative.be\/actualites\/wp-content\/uploads\/2024\/11\/Mon-combo-aspirateurvadrouille-prefere-est-de-150-de-reduction.png\",\"width\":1200,\"height\":675,\"caption\":\"Mon combo aspirateur\/vadrouille pr\u00e9f\u00e9r\u00e9 est de 150 $ de r\u00e9duction pour le Black Friday\"},{\"@type\":\"BreadcrumbList\",\"@id\":\"https:\/\/vieassociative.be\/actualites\/mon-combo-aspirateur-vadrouille-prefere-est-de-150-de-reduction-pour-le-black-friday\/#breadcrumb\",\"itemListElement\":[{\"@type\":\"ListItem\",\"position\":1,\"name\":\"Accueil\",\"item\":\"https:\/\/vieassociative.be\/actualites\/\"},{\"@type\":\"ListItem\",\"position\":2,\"name\":\"Mon combo aspirateur\/vadrouille pr\u00e9f\u00e9r\u00e9 est de 150 $ de r\u00e9duction pour le Black Friday\"}]},{\"@type\":\"WebSite\",\"@id\":\"https:\/\/vieassociative.be\/actualites\/#website\",\"url\":\"https:\/\/vieassociative.be\/actualites\/\",\"name\":\"Vie Associative\",\"description\":\"\",\"publisher\":{\"@id\":\"https:\/\/vieassociative.be\/actualites\/#organization\"},\"potentialAction\":[{\"@type\":\"SearchAction\",\"target\":{\"@type\":\"EntryPoint\",\"urlTemplate\":\"https:\/\/vieassociative.be\/actualites\/?s={search_term_string}\"},\"query-input\":{\"@type\":\"PropertyValueSpecification\",\"valueRequired\":true,\"valueName\":\"search_term_string\"}}],\"inLanguage\":\"fr-BE\"},{\"@type\":\"Organization\",\"@id\":\"https:\/\/vieassociative.be\/actualites\/#organization\",\"name\":\"Vie Associative\",\"url\":\"https:\/\/vieassociative.be\/actualites\/\",\"logo\":{\"@type\":\"ImageObject\",\"inLanguage\":\"fr-BE\",\"@id\":\"https:\/\/vieassociative.be\/actualites\/#\/schema\/logo\/image\/\",\"url\":\"https:\/\/vieassociative.be\/actualites\/wp-content\/uploads\/2024\/09\/cropped-vieassociative_favicon.ico.png\",\"contentUrl\":\"https:\/\/vieassociative.be\/actualites\/wp-content\/uploads\/2024\/09\/cropped-vieassociative_favicon.ico.png\",\"width\":512,\"height\":512,\"caption\":\"Vie Associative\"},\"image\":{\"@id\":\"https:\/\/vieassociative.be\/actualites\/#\/schema\/logo\/image\/\"}},{\"@type\":\"Person\",\"@id\":\"https:\/\/vieassociative.be\/actualites\/#\/schema\/person\/b87ac4f82f9d4e7b7cec7395b679edc4\",\"name\":\"Julien\",\"image\":{\"@type\":\"ImageObject\",\"inLanguage\":\"fr-BE\",\"@id\":\"https:\/\/vieassociative.be\/actualites\/#\/schema\/person\/image\/\",\"url\":\"https:\/\/vieassociative.be\/actualites\/wp-content\/uploads\/2024\/09\/vie-associative-1-150x150.jpg\",\"contentUrl\":\"https:\/\/vieassociative.be\/actualites\/wp-content\/uploads\/2024\/09\/vie-associative-1-150x150.jpg\",\"caption\":\"Julien\"},\"description\":\"Je suis Julien, r\u00e9dacteur pour Vie Associative. Passionn\u00e9 par le monde associatif depuis plus de 10 ans, j'ai \u00e0 c\u0153ur de partager des histoires inspirantes et de mettre en lumi\u00e8re les initiatives locales. Mon objectif est de sensibiliser et d'encourager l'engagement communautaire \u00e0 travers mes articles.\",\"sameAs\":[\"https:\/\/vieassociative.be\/\"]}]}<\/script>\n<!-- \/ Yoast SEO plugin. -->","yoast_head_json":{"title":"Mon combo aspirateur\/vadrouille pr\u00e9f\u00e9r\u00e9 est de 150 $ de r\u00e9duction pour le Black Friday | Vie Associative","robots":{"index":"index","follow":"follow","max-snippet":"max-snippet:-1","max-image-preview":"max-image-preview:large","max-video-preview":"max-video-preview:-1"},"canonical":"https:\/\/vieassociative.be\/actualites\/mon-combo-aspirateur-vadrouille-prefere-est-de-150-de-reduction-pour-le-black-friday\/","og_locale":"fr_FR","og_type":"article","og_title":"Mon combo aspirateur\/vadrouille pr\u00e9f\u00e9r\u00e9 est de 150 $ de r\u00e9duction pour le Black Friday | Vie Associative","og_description":"Je poss\u00e8de d\u00e9j\u00e0 ce combo aspirateur\/vadrouille et j&rsquo;en suis amoureux. Pendant les soldes du Black Friday, je trouve toujours des soldes sur des nouveaut\u00e9s sympas","og_url":"https:\/\/vieassociative.be\/actualites\/mon-combo-aspirateur-vadrouille-prefere-est-de-150-de-reduction-pour-le-black-friday\/","og_site_name":"Vie Associative","article_published_time":"2024-11-26T13:17:28+00:00","og_image":[{"width":279,"height":92,"url":"https:\/\/vieassociative.be\/actualites\/wp-content\/uploads\/2024\/09\/header_backgroundk-01-e1726694325946.png","type":"image\/png"}],"author":"Julien","twitter_card":"summary_large_image","twitter_misc":{"\u00c9crit par":"Julien","Dur\u00e9e de lecture est.":"3 minutes"},"schema":{"@context":"https:\/\/schema.org","@graph":[{"@type":"Article","@id":"https:\/\/vieassociative.be\/actualites\/mon-combo-aspirateur-vadrouille-prefere-est-de-150-de-reduction-pour-le-black-friday\/#article","isPartOf":{"@id":"https:\/\/vieassociative.be\/actualites\/mon-combo-aspirateur-vadrouille-prefere-est-de-150-de-reduction-pour-le-black-friday\/"},"author":{"name":"Julien","@id":"https:\/\/vieassociative.be\/actualites\/#\/schema\/person\/b87ac4f82f9d4e7b7cec7395b679edc4"},"headline":"Mon combo aspirateur\/vadrouille pr\u00e9f\u00e9r\u00e9 est de 150 $ de r\u00e9duction pour le Black Friday","datePublished":"2024-11-26T13:17:28+00:00","dateModified":"2024-11-26T13:17:28+00:00","mainEntityOfPage":{"@id":"https:\/\/vieassociative.be\/actualites\/mon-combo-aspirateur-vadrouille-prefere-est-de-150-de-reduction-pour-le-black-friday\/"},"wordCount":611,"publisher":{"@id":"https:\/\/vieassociative.be\/actualites\/#organization"},"image":{"@id":"https:\/\/vieassociative.be\/actualites\/mon-combo-aspirateur-vadrouille-prefere-est-de-150-de-reduction-pour-le-black-friday\/#primaryimage"},"thumbnailUrl":"https:\/\/vieassociative.be\/actualites\/wp-content\/uploads\/2024\/11\/Mon-combo-aspirateurvadrouille-prefere-est-de-150-de-reduction.png","keywords":["aspirateurvadrouille","Black","combo","est","Friday","Mon","pour","pr\u00e9f\u00e9r\u00e9","r\u00e9duction"],"articleSection":["Maison"],"inLanguage":"fr-BE"},{"@type":"WebPage","@id":"https:\/\/vieassociative.be\/actualites\/mon-combo-aspirateur-vadrouille-prefere-est-de-150-de-reduction-pour-le-black-friday\/","url":"https:\/\/vieassociative.be\/actualites\/mon-combo-aspirateur-vadrouille-prefere-est-de-150-de-reduction-pour-le-black-friday\/","name":"Mon combo aspirateur\/vadrouille pr\u00e9f\u00e9r\u00e9 est de 150 $ de r\u00e9duction pour le Black Friday | Vie Associative","isPartOf":{"@id":"https:\/\/vieassociative.be\/actualites\/#website"},"primaryImageOfPage":{"@id":"https:\/\/vieassociative.be\/actualites\/mon-combo-aspirateur-vadrouille-prefere-est-de-150-de-reduction-pour-le-black-friday\/#primaryimage"},"image":{"@id":"https:\/\/vieassociative.be\/actualites\/mon-combo-aspirateur-vadrouille-prefere-est-de-150-de-reduction-pour-le-black-friday\/#primaryimage"},"thumbnailUrl":"https:\/\/vieassociative.be\/actualites\/wp-content\/uploads\/2024\/11\/Mon-combo-aspirateurvadrouille-prefere-est-de-150-de-reduction.png","datePublished":"2024-11-26T13:17:28+00:00","dateModified":"2024-11-26T13:17:28+00:00","breadcrumb":{"@id":"https:\/\/vieassociative.be\/actualites\/mon-combo-aspirateur-vadrouille-prefere-est-de-150-de-reduction-pour-le-black-friday\/#breadcrumb"},"inLanguage":"fr-BE","potentialAction":[{"@type":"ReadAction","target":["https:\/\/vieassociative.be\/actualites\/mon-combo-aspirateur-vadrouille-prefere-est-de-150-de-reduction-pour-le-black-friday\/"]}]},{"@type":"ImageObject","inLanguage":"fr-BE","@id":"https:\/\/vieassociative.be\/actualites\/mon-combo-aspirateur-vadrouille-prefere-est-de-150-de-reduction-pour-le-black-friday\/#primaryimage","url":"https:\/\/vieassociative.be\/actualites\/wp-content\/uploads\/2024\/11\/Mon-combo-aspirateurvadrouille-prefere-est-de-150-de-reduction.png","contentUrl":"https:\/\/vieassociative.be\/actualites\/wp-content\/uploads\/2024\/11\/Mon-combo-aspirateurvadrouille-prefere-est-de-150-de-reduction.png","width":1200,"height":675,"caption":"Mon combo aspirateur\/vadrouille pr\u00e9f\u00e9r\u00e9 est de 150 $ de r\u00e9duction pour le Black Friday"},{"@type":"BreadcrumbList","@id":"https:\/\/vieassociative.be\/actualites\/mon-combo-aspirateur-vadrouille-prefere-est-de-150-de-reduction-pour-le-black-friday\/#breadcrumb","itemListElement":[{"@type":"ListItem","position":1,"name":"Accueil","item":"https:\/\/vieassociative.be\/actualites\/"},{"@type":"ListItem","position":2,"name":"Mon combo aspirateur\/vadrouille pr\u00e9f\u00e9r\u00e9 est de 150 $ de r\u00e9duction pour le Black Friday"}]},{"@type":"WebSite","@id":"https:\/\/vieassociative.be\/actualites\/#website","url":"https:\/\/vieassociative.be\/actualites\/","name":"Vie Associative","description":"","publisher":{"@id":"https:\/\/vieassociative.be\/actualites\/#organization"},"potentialAction":[{"@type":"SearchAction","target":{"@type":"EntryPoint","urlTemplate":"https:\/\/vieassociative.be\/actualites\/?s={search_term_string}"},"query-input":{"@type":"PropertyValueSpecification","valueRequired":true,"valueName":"search_term_string"}}],"inLanguage":"fr-BE"},{"@type":"Organization","@id":"https:\/\/vieassociative.be\/actualites\/#organization","name":"Vie Associative","url":"https:\/\/vieassociative.be\/actualites\/","logo":{"@type":"ImageObject","inLanguage":"fr-BE","@id":"https:\/\/vieassociative.be\/actualites\/#\/schema\/logo\/image\/","url":"https:\/\/vieassociative.be\/actualites\/wp-content\/uploads\/2024\/09\/cropped-vieassociative_favicon.ico.png","contentUrl":"https:\/\/vieassociative.be\/actualites\/wp-content\/uploads\/2024\/09\/cropped-vieassociative_favicon.ico.png","width":512,"height":512,"caption":"Vie Associative"},"image":{"@id":"https:\/\/vieassociative.be\/actualites\/#\/schema\/logo\/image\/"}},{"@type":"Person","@id":"https:\/\/vieassociative.be\/actualites\/#\/schema\/person\/b87ac4f82f9d4e7b7cec7395b679edc4","name":"Julien","image":{"@type":"ImageObject","inLanguage":"fr-BE","@id":"https:\/\/vieassociative.be\/actualites\/#\/schema\/person\/image\/","url":"https:\/\/vieassociative.be\/actualites\/wp-content\/uploads\/2024\/09\/vie-associative-1-150x150.jpg","contentUrl":"https:\/\/vieassociative.be\/actualites\/wp-content\/uploads\/2024\/09\/vie-associative-1-150x150.jpg","caption":"Julien"},"description":"Je suis Julien, r\u00e9dacteur pour Vie Associative. Passionn\u00e9 par le monde associatif depuis plus de 10 ans, j'ai \u00e0 c\u0153ur de partager des histoires inspirantes et de mettre en lumi\u00e8re les initiatives locales. Mon objectif est de sensibiliser et d'encourager l'engagement communautaire \u00e0 travers mes articles.","sameAs":["https:\/\/vieassociative.be\/"]}]}},"_links":{"self":[{"href":"https:\/\/vieassociative.be\/actualites\/wp-json\/wp\/v2\/posts\/2784"}],"collection":[{"href":"https:\/\/vieassociative.be\/actualites\/wp-json\/wp\/v2\/posts"}],"about":[{"href":"https:\/\/vieassociative.be\/actualites\/wp-json\/wp\/v2\/types\/post"}],"author":[{"embeddable":true,"href":"https:\/\/vieassociative.be\/actualites\/wp-json\/wp\/v2\/users\/1"}],"replies":[{"embeddable":true,"href":"https:\/\/vieassociative.be\/actualites\/wp-json\/wp\/v2\/comments?post=2784"}],"version-history":[{"count":0,"href":"https:\/\/vieassociative.be\/actualites\/wp-json\/wp\/v2\/posts\/2784\/revisions"}],"wp:featuredmedia":[{"embeddable":true,"href":"https:\/\/vieassociative.be\/actualites\/wp-json\/wp\/v2\/media\/2785"}],"wp:attachment":[{"href":"https:\/\/vieassociative.be\/actualites\/wp-json\/wp\/v2\/media?parent=2784"}],"wp:term":[{"taxonomy":"category","embeddable":true,"href":"https:\/\/vieassociative.be\/actualites\/wp-json\/wp\/v2\/categories?post=2784"},{"taxonomy":"post_tag","embeddable":true,"href":"https:\/\/vieassociative.be\/actualites\/wp-json\/wp\/v2\/tags?post=2784"}],"curies":[{"name":"wp","href":"https:\/\/api.w.org\/{rel}","templated":true}]}}