{"id":2780,"date":"2024-11-26T12:16:59","date_gmt":"2024-11-26T11:16:59","guid":{"rendered":"https:\/\/vieassociative.be\/actualites\/que-faire-avec-vos-enfants-cet-ete-lorsque-vous-etes-a-court-didees\/"},"modified":"2024-11-26T12:16:59","modified_gmt":"2024-11-26T11:16:59","slug":"que-faire-avec-vos-enfants-cet-ete-lorsque-vous-etes-a-court-didees","status":"publish","type":"post","link":"https:\/\/vieassociative.be\/actualites\/que-faire-avec-vos-enfants-cet-ete-lorsque-vous-etes-a-court-didees\/","title":{"rendered":"Que faire avec vos enfants cet \u00e9t\u00e9 lorsque vous \u00eates \u00e0 court d&rsquo;id\u00e9es"},"content":{"rendered":"<div class=\"mt-4 leading-6 md:mb-8\">Lorsque le marasme estival frappe, ces activit\u00e9s de bricolage peuvent occuper les enfants.<\/div>\n<p><\/p>\n<p>Vous avez peut-\u00eatre atteint ce point en \u00e9t\u00e9 o\u00f9 les enfants ont perdu l&rsquo;excitation d\u00e9brid\u00e9e qu&rsquo;ils avaient pour le temps illimit\u00e9 devant un \u00e9cran, les combats de ballons d&rsquo;eau et m\u00eame la piscine \u00e0 la sortie de l&rsquo;\u00e9cole. (Et vous avez perdu toute envie d&rsquo;arbitrer calmement les bagarres pendant l&rsquo;heure de la Nintendo Switch et de savoir qui a le plus de collations.) Voici quelques id\u00e9es utiles et n\u00e9cessitant peu d&rsquo;entretien pour briser le marasme estival et occuper les tout-petits sans longs trajets en voiture, des tonnes de de l&rsquo;argent ou un dipl\u00f4me sur Pinterest.<\/p>\n<p><strong>Camping dans la cour\u00a0: <\/strong>Chaque \u00e9t\u00e9, mes enfants demandent quand nous allons \u00e0 nouveau camper, et chaque \u00e9t\u00e9, entre les voyages chez les grands-parents, les matchs de baseball le week-end et les vacances en famille, nous oublions de le planifier. Heureusement, vous n&rsquo;\u00eates pas oblig\u00e9 de louer un camping et de ranger la moiti\u00e9 de votre garde-manger dans votre coffre pour un week-end. Vous pouvez simplement monter une tente, sortir les lampes de poche et les sacs de couchage, pr\u00e9parer des S&rsquo;mores et reproduire l&rsquo;exp\u00e9rience dans votre jardin. Vous n\u2019aurez pas non plus besoin d\u2019utiliser une d\u00e9pendance glorifi\u00e9e recouverte de toiles d\u2019araign\u00e9es. <\/p>\n<p><strong>Cueillez vos propres fruits\u00a0: <\/strong>Visitez une ferme locale (apr\u00e8s avoir appel\u00e9 ou consult\u00e9 leur site Web pour savoir ce qui est en saison et disponible \u00e0 la cueillette) et chargez les enfants pour une exp\u00e9rience de cueillette de baies ou de ma\u00efs. Pr\u00e9parez un d\u00e9jeuner et une couverture et pique-niquez dans un endroit ombrag\u00e9, si la ferme le permet. Lorsque vous rentrez chez vous, il ne reste que quelques heures avant l&rsquo;heure du coucher. <\/p>\n<p><strong>Faire de la confiture maison : <\/strong>Vous aurez besoin de quelque chose \u00e0 pr\u00e9parer avec tous ces fruits frais de la ferme. Apr\u00e8s avoir rassembl\u00e9 vos fournitures et am\u00e9nag\u00e9 votre espace de travail avec les n\u00e9cessit\u00e9s, les enfants peuvent participer \u00e0 de nombreuses \u00e9tapes du processus\u00a0; du rin\u00e7age, de l&rsquo;\u00e9gouttage et de l&rsquo;\u00e9crasement des baies, au comptage des bocaux, au lavage des couvercles et \u00e0 la mise en conserve de la confiture dans les bocaux. <\/p>\n<p><strong>Cr\u00e9ez une capsule temporelle\u00a0:<\/strong> Donnez une mission \u00e0 vos enfants\u00a0: pr\u00e9server cette p\u00e9riode et rappeler \u00e0 leur futur \u00e0 quoi ressemblait la vie quand ils \u00e9taient jeunes. Chargez-les de collecter des \u00ab\u00a0artefacts\u00a0\u00bb de la vie maintenant\u00a0; tout, des photos de famille aux projets artistiques de l&rsquo;\u00e9cole, en passant par les souvenirs de vacances, leurs Mad Libs pr\u00e9f\u00e9r\u00e9s et une lettre qu&rsquo;ils \u00e9crivent \u00e0 leur futur moi. Assurez-vous de leur demander d&rsquo;inclure quelque chose pour lequel ils sont reconnaissants. <\/p>\n<p><strong>Filmer un film d&rsquo;animation en stop-motion\u00a0: <\/strong>Selon leur \u00e2ge, les enfants peuvent passer beaucoup de temps \u00e0 cr\u00e9er leur propre film d&rsquo;animation en stop-motion. Avec une application gratuite telle que Stop Motion Studio, les enfants peuvent cr\u00e9er une histoire, rassembler leurs pr\u00e9cieux LEGO et Beanie Boos, les positionner pour des sc\u00e8nes, prendre une photo, puis apporter de l\u00e9g\u00e8res modifications et prendre d&rsquo;autres photos pour faire avancer l&rsquo;intrigue. <\/p>\n<p><strong>Organisez un Pool Noodle-Palooza\u00a0:<\/strong> Cr\u00e9ez une journ\u00e9e de comp\u00e9tition amicale avec une poign\u00e9e de nouilles de piscine en mousse. Utilisez-les pour cr\u00e9er un parcours d&rsquo;obstacles, une course de frisbee, un d\u00e9fi de retournement ou collez-les ensemble dans un panier de basket de fortune et essayez de couler trois pointeurs. Vous pouvez \u00e9galement les couper en deux pour cr\u00e9er des pistes pour les courses de billes. <\/p>\n<p><strong>Mener un projet de recherche : <\/strong>Si vos enfants sont assez vieux pour rechercher des informations sur Google (et comprendre les r\u00e9sultats), demandez-leur de rechercher un sujet de leur choix et de pr\u00e9senter un \u00ab rapport \u00bb. Il peut s&rsquo;agir de leur athl\u00e8te pr\u00e9f\u00e9r\u00e9, de leur musicien, de leur nourriture ou de la destination d&rsquo;un prochain voyage. Donnez-leur une limite de temps et permettez-leur de s&rsquo;asseoir <em>ton<\/em> bureau pour mener leurs recherches, ce qui, pour les enfants normalement chass\u00e9s pendant vos heures de travail \u00e0 domicile, peut sembler \u00eatre un privil\u00e8ge pour adultes. <\/p>\n<p><strong>Cr\u00e9ez un kit d&rsquo;explorateur de la nature\u00a0:<\/strong> \u00c9quipez vos enfants d&rsquo;un sac \u00e0 dos contenant des jumelles, une loupe, un bloc de papier, un appareil photo et un r\u00e9cipient en plastique dans lequel ils pourront collecter leurs \u00ab \u00e9chantillons \u00bb naturels. Envoyez-les avec pour mission de prendre des photos, de collecter des \u00e9chantillons ou de r\u00e9aliser une chasse au tr\u00e9sor (modifi\u00e9e en fonction de l&rsquo;\u00e2ge). R\u00e9compensez-les avec un dessert ou un film pr\u00e9f\u00e9r\u00e9 lorsqu&rsquo;ils ont termin\u00e9 la t\u00e2che. <\/p>\n<p><strong>Organisez une soir\u00e9e cin\u00e9ma dans votre jardin\u00a0:<\/strong> Avec un projecteur de film lou\u00e9 ou emprunt\u00e9 (dot\u00e9 de certaines sp\u00e9cifications techniques cl\u00e9s), vous pouvez projeter le film pr\u00e9f\u00e9r\u00e9 de votre enfant sur un \u00e9cran de projection portable, une feuille blanche scotch\u00e9e ou m\u00eame sur le c\u00f4t\u00e9 de votre maison. Prenez des chaises, des sacs de couchage, des anti-moustiques, des oreillers et du pop-corn pour une soir\u00e9e cin\u00e9ma m\u00e9morable sous les \u00e9toiles. <\/p>\n<p><\/p>\n","protected":false},"excerpt":{"rendered":"<p>Lorsque le marasme estival frappe, ces activit\u00e9s de bricolage peuvent occuper les enfants. Vous avez peut-\u00eatre atteint ce point en \u00e9t\u00e9 o\u00f9 les enfants ont<\/p>\n","protected":false},"author":1,"featured_media":2781,"comment_status":"","ping_status":"","sticky":false,"template":"","format":"standard","meta":{"footnotes":""},"categories":[37],"tags":[61,216,3509,3510,324,217,184,127,559,27,4],"class_list":["post-2780","post","type-post","status-publish","format-standard","has-post-thumbnail","hentry","category-famille","tag-avec","tag-cet","tag-court","tag-didees","tag-enfants","tag-ete","tag-etes","tag-faire","tag-lorsque","tag-vos","tag-vous","generate-columns","tablet-grid-50","mobile-grid-100","grid-parent","grid-33"],"yoast_head":"<!-- This site is optimized with the Yoast SEO plugin v24.0 - https:\/\/yoast.com\/wordpress\/plugins\/seo\/ -->\n<title>Que faire avec vos enfants cet \u00e9t\u00e9 lorsque vous \u00eates \u00e0 court d&#039;id\u00e9es | Vie Associative<\/title>\n<meta name=\"robots\" content=\"index, follow, max-snippet:-1, max-image-preview:large, max-video-preview:-1\" \/>\n<link rel=\"canonical\" href=\"https:\/\/vieassociative.be\/actualites\/que-faire-avec-vos-enfants-cet-ete-lorsque-vous-etes-a-court-didees\/\" \/>\n<meta property=\"og:locale\" content=\"fr_FR\" \/>\n<meta property=\"og:type\" content=\"article\" \/>\n<meta property=\"og:title\" content=\"Que faire avec vos enfants cet \u00e9t\u00e9 lorsque vous \u00eates \u00e0 court d&#039;id\u00e9es | Vie Associative\" \/>\n<meta property=\"og:description\" content=\"Lorsque le marasme estival frappe, ces activit\u00e9s de bricolage peuvent occuper les enfants. Vous avez peut-\u00eatre atteint ce point en \u00e9t\u00e9 o\u00f9 les enfants ont\" \/>\n<meta property=\"og:url\" content=\"https:\/\/vieassociative.be\/actualites\/que-faire-avec-vos-enfants-cet-ete-lorsque-vous-etes-a-court-didees\/\" \/>\n<meta property=\"og:site_name\" content=\"Vie Associative\" \/>\n<meta property=\"article:published_time\" content=\"2024-11-26T11:16:59+00:00\" \/>\n<meta property=\"og:image\" content=\"https:\/\/vieassociative.be\/actualites\/wp-content\/uploads\/2024\/09\/header_backgroundk-01-e1726694325946.png\" \/>\n\t<meta property=\"og:image:width\" content=\"279\" \/>\n\t<meta property=\"og:image:height\" content=\"92\" \/>\n\t<meta property=\"og:image:type\" content=\"image\/png\" \/>\n<meta name=\"author\" content=\"Julien\" \/>\n<meta name=\"twitter:card\" content=\"summary_large_image\" \/>\n<meta name=\"twitter:label1\" content=\"\u00c9crit par\" \/>\n\t<meta name=\"twitter:data1\" content=\"Julien\" \/>\n\t<meta name=\"twitter:label2\" content=\"Dur\u00e9e de lecture est.\" \/>\n\t<meta name=\"twitter:data2\" content=\"4 minutes\" \/>\n<script type=\"application\/ld+json\" class=\"yoast-schema-graph\">{\"@context\":\"https:\/\/schema.org\",\"@graph\":[{\"@type\":\"Article\",\"@id\":\"https:\/\/vieassociative.be\/actualites\/que-faire-avec-vos-enfants-cet-ete-lorsque-vous-etes-a-court-didees\/#article\",\"isPartOf\":{\"@id\":\"https:\/\/vieassociative.be\/actualites\/que-faire-avec-vos-enfants-cet-ete-lorsque-vous-etes-a-court-didees\/\"},\"author\":{\"name\":\"Julien\",\"@id\":\"https:\/\/vieassociative.be\/actualites\/#\/schema\/person\/b87ac4f82f9d4e7b7cec7395b679edc4\"},\"headline\":\"Que faire avec vos enfants cet \u00e9t\u00e9 lorsque vous \u00eates \u00e0 court d&rsquo;id\u00e9es\",\"datePublished\":\"2024-11-26T11:16:59+00:00\",\"dateModified\":\"2024-11-26T11:16:59+00:00\",\"mainEntityOfPage\":{\"@id\":\"https:\/\/vieassociative.be\/actualites\/que-faire-avec-vos-enfants-cet-ete-lorsque-vous-etes-a-court-didees\/\"},\"wordCount\":908,\"publisher\":{\"@id\":\"https:\/\/vieassociative.be\/actualites\/#organization\"},\"image\":{\"@id\":\"https:\/\/vieassociative.be\/actualites\/que-faire-avec-vos-enfants-cet-ete-lorsque-vous-etes-a-court-didees\/#primaryimage\"},\"thumbnailUrl\":\"https:\/\/vieassociative.be\/actualites\/wp-content\/uploads\/2024\/11\/Que-faire-avec-vos-enfants-cet-ete-lorsque-vous-etes.jpg\",\"keywords\":[\"avec\",\"cet\",\"court\",\"did\u00e9es\",\"enfants\",\"\u00e9t\u00e9\",\"\u00eates\",\"faire\",\"lorsque\",\"vos\",\"Vous\"],\"articleSection\":[\"Famille\"],\"inLanguage\":\"fr-BE\"},{\"@type\":\"WebPage\",\"@id\":\"https:\/\/vieassociative.be\/actualites\/que-faire-avec-vos-enfants-cet-ete-lorsque-vous-etes-a-court-didees\/\",\"url\":\"https:\/\/vieassociative.be\/actualites\/que-faire-avec-vos-enfants-cet-ete-lorsque-vous-etes-a-court-didees\/\",\"name\":\"Que faire avec vos enfants cet \u00e9t\u00e9 lorsque vous \u00eates \u00e0 court d'id\u00e9es | Vie Associative\",\"isPartOf\":{\"@id\":\"https:\/\/vieassociative.be\/actualites\/#website\"},\"primaryImageOfPage\":{\"@id\":\"https:\/\/vieassociative.be\/actualites\/que-faire-avec-vos-enfants-cet-ete-lorsque-vous-etes-a-court-didees\/#primaryimage\"},\"image\":{\"@id\":\"https:\/\/vieassociative.be\/actualites\/que-faire-avec-vos-enfants-cet-ete-lorsque-vous-etes-a-court-didees\/#primaryimage\"},\"thumbnailUrl\":\"https:\/\/vieassociative.be\/actualites\/wp-content\/uploads\/2024\/11\/Que-faire-avec-vos-enfants-cet-ete-lorsque-vous-etes.jpg\",\"datePublished\":\"2024-11-26T11:16:59+00:00\",\"dateModified\":\"2024-11-26T11:16:59+00:00\",\"breadcrumb\":{\"@id\":\"https:\/\/vieassociative.be\/actualites\/que-faire-avec-vos-enfants-cet-ete-lorsque-vous-etes-a-court-didees\/#breadcrumb\"},\"inLanguage\":\"fr-BE\",\"potentialAction\":[{\"@type\":\"ReadAction\",\"target\":[\"https:\/\/vieassociative.be\/actualites\/que-faire-avec-vos-enfants-cet-ete-lorsque-vous-etes-a-court-didees\/\"]}]},{\"@type\":\"ImageObject\",\"inLanguage\":\"fr-BE\",\"@id\":\"https:\/\/vieassociative.be\/actualites\/que-faire-avec-vos-enfants-cet-ete-lorsque-vous-etes-a-court-didees\/#primaryimage\",\"url\":\"https:\/\/vieassociative.be\/actualites\/wp-content\/uploads\/2024\/11\/Que-faire-avec-vos-enfants-cet-ete-lorsque-vous-etes.jpg\",\"contentUrl\":\"https:\/\/vieassociative.be\/actualites\/wp-content\/uploads\/2024\/11\/Que-faire-avec-vos-enfants-cet-ete-lorsque-vous-etes.jpg\",\"width\":1200,\"height\":675,\"caption\":\"Que faire avec vos enfants cet \u00e9t\u00e9 lorsque vous \u00eates \u00e0 court d'id\u00e9es\"},{\"@type\":\"BreadcrumbList\",\"@id\":\"https:\/\/vieassociative.be\/actualites\/que-faire-avec-vos-enfants-cet-ete-lorsque-vous-etes-a-court-didees\/#breadcrumb\",\"itemListElement\":[{\"@type\":\"ListItem\",\"position\":1,\"name\":\"Accueil\",\"item\":\"https:\/\/vieassociative.be\/actualites\/\"},{\"@type\":\"ListItem\",\"position\":2,\"name\":\"Que faire avec vos enfants cet \u00e9t\u00e9 lorsque vous \u00eates \u00e0 court d&rsquo;id\u00e9es\"}]},{\"@type\":\"WebSite\",\"@id\":\"https:\/\/vieassociative.be\/actualites\/#website\",\"url\":\"https:\/\/vieassociative.be\/actualites\/\",\"name\":\"Vie Associative\",\"description\":\"\",\"publisher\":{\"@id\":\"https:\/\/vieassociative.be\/actualites\/#organization\"},\"potentialAction\":[{\"@type\":\"SearchAction\",\"target\":{\"@type\":\"EntryPoint\",\"urlTemplate\":\"https:\/\/vieassociative.be\/actualites\/?s={search_term_string}\"},\"query-input\":{\"@type\":\"PropertyValueSpecification\",\"valueRequired\":true,\"valueName\":\"search_term_string\"}}],\"inLanguage\":\"fr-BE\"},{\"@type\":\"Organization\",\"@id\":\"https:\/\/vieassociative.be\/actualites\/#organization\",\"name\":\"Vie Associative\",\"url\":\"https:\/\/vieassociative.be\/actualites\/\",\"logo\":{\"@type\":\"ImageObject\",\"inLanguage\":\"fr-BE\",\"@id\":\"https:\/\/vieassociative.be\/actualites\/#\/schema\/logo\/image\/\",\"url\":\"https:\/\/vieassociative.be\/actualites\/wp-content\/uploads\/2024\/09\/cropped-vieassociative_favicon.ico.png\",\"contentUrl\":\"https:\/\/vieassociative.be\/actualites\/wp-content\/uploads\/2024\/09\/cropped-vieassociative_favicon.ico.png\",\"width\":512,\"height\":512,\"caption\":\"Vie Associative\"},\"image\":{\"@id\":\"https:\/\/vieassociative.be\/actualites\/#\/schema\/logo\/image\/\"}},{\"@type\":\"Person\",\"@id\":\"https:\/\/vieassociative.be\/actualites\/#\/schema\/person\/b87ac4f82f9d4e7b7cec7395b679edc4\",\"name\":\"Julien\",\"image\":{\"@type\":\"ImageObject\",\"inLanguage\":\"fr-BE\",\"@id\":\"https:\/\/vieassociative.be\/actualites\/#\/schema\/person\/image\/\",\"url\":\"https:\/\/vieassociative.be\/actualites\/wp-content\/uploads\/2024\/09\/vie-associative-1-150x150.jpg\",\"contentUrl\":\"https:\/\/vieassociative.be\/actualites\/wp-content\/uploads\/2024\/09\/vie-associative-1-150x150.jpg\",\"caption\":\"Julien\"},\"description\":\"Je suis Julien, r\u00e9dacteur pour Vie Associative. Passionn\u00e9 par le monde associatif depuis plus de 10 ans, j'ai \u00e0 c\u0153ur de partager des histoires inspirantes et de mettre en lumi\u00e8re les initiatives locales. Mon objectif est de sensibiliser et d'encourager l'engagement communautaire \u00e0 travers mes articles.\",\"sameAs\":[\"https:\/\/vieassociative.be\/\"]}]}<\/script>\n<!-- \/ Yoast SEO plugin. -->","yoast_head_json":{"title":"Que faire avec vos enfants cet \u00e9t\u00e9 lorsque vous \u00eates \u00e0 court d'id\u00e9es | Vie Associative","robots":{"index":"index","follow":"follow","max-snippet":"max-snippet:-1","max-image-preview":"max-image-preview:large","max-video-preview":"max-video-preview:-1"},"canonical":"https:\/\/vieassociative.be\/actualites\/que-faire-avec-vos-enfants-cet-ete-lorsque-vous-etes-a-court-didees\/","og_locale":"fr_FR","og_type":"article","og_title":"Que faire avec vos enfants cet \u00e9t\u00e9 lorsque vous \u00eates \u00e0 court d'id\u00e9es | Vie Associative","og_description":"Lorsque le marasme estival frappe, ces activit\u00e9s de bricolage peuvent occuper les enfants. Vous avez peut-\u00eatre atteint ce point en \u00e9t\u00e9 o\u00f9 les enfants ont","og_url":"https:\/\/vieassociative.be\/actualites\/que-faire-avec-vos-enfants-cet-ete-lorsque-vous-etes-a-court-didees\/","og_site_name":"Vie Associative","article_published_time":"2024-11-26T11:16:59+00:00","og_image":[{"width":279,"height":92,"url":"https:\/\/vieassociative.be\/actualites\/wp-content\/uploads\/2024\/09\/header_backgroundk-01-e1726694325946.png","type":"image\/png"}],"author":"Julien","twitter_card":"summary_large_image","twitter_misc":{"\u00c9crit par":"Julien","Dur\u00e9e de lecture est.":"4 minutes"},"schema":{"@context":"https:\/\/schema.org","@graph":[{"@type":"Article","@id":"https:\/\/vieassociative.be\/actualites\/que-faire-avec-vos-enfants-cet-ete-lorsque-vous-etes-a-court-didees\/#article","isPartOf":{"@id":"https:\/\/vieassociative.be\/actualites\/que-faire-avec-vos-enfants-cet-ete-lorsque-vous-etes-a-court-didees\/"},"author":{"name":"Julien","@id":"https:\/\/vieassociative.be\/actualites\/#\/schema\/person\/b87ac4f82f9d4e7b7cec7395b679edc4"},"headline":"Que faire avec vos enfants cet \u00e9t\u00e9 lorsque vous \u00eates \u00e0 court d&rsquo;id\u00e9es","datePublished":"2024-11-26T11:16:59+00:00","dateModified":"2024-11-26T11:16:59+00:00","mainEntityOfPage":{"@id":"https:\/\/vieassociative.be\/actualites\/que-faire-avec-vos-enfants-cet-ete-lorsque-vous-etes-a-court-didees\/"},"wordCount":908,"publisher":{"@id":"https:\/\/vieassociative.be\/actualites\/#organization"},"image":{"@id":"https:\/\/vieassociative.be\/actualites\/que-faire-avec-vos-enfants-cet-ete-lorsque-vous-etes-a-court-didees\/#primaryimage"},"thumbnailUrl":"https:\/\/vieassociative.be\/actualites\/wp-content\/uploads\/2024\/11\/Que-faire-avec-vos-enfants-cet-ete-lorsque-vous-etes.jpg","keywords":["avec","cet","court","did\u00e9es","enfants","\u00e9t\u00e9","\u00eates","faire","lorsque","vos","Vous"],"articleSection":["Famille"],"inLanguage":"fr-BE"},{"@type":"WebPage","@id":"https:\/\/vieassociative.be\/actualites\/que-faire-avec-vos-enfants-cet-ete-lorsque-vous-etes-a-court-didees\/","url":"https:\/\/vieassociative.be\/actualites\/que-faire-avec-vos-enfants-cet-ete-lorsque-vous-etes-a-court-didees\/","name":"Que faire avec vos enfants cet \u00e9t\u00e9 lorsque vous \u00eates \u00e0 court d'id\u00e9es | Vie Associative","isPartOf":{"@id":"https:\/\/vieassociative.be\/actualites\/#website"},"primaryImageOfPage":{"@id":"https:\/\/vieassociative.be\/actualites\/que-faire-avec-vos-enfants-cet-ete-lorsque-vous-etes-a-court-didees\/#primaryimage"},"image":{"@id":"https:\/\/vieassociative.be\/actualites\/que-faire-avec-vos-enfants-cet-ete-lorsque-vous-etes-a-court-didees\/#primaryimage"},"thumbnailUrl":"https:\/\/vieassociative.be\/actualites\/wp-content\/uploads\/2024\/11\/Que-faire-avec-vos-enfants-cet-ete-lorsque-vous-etes.jpg","datePublished":"2024-11-26T11:16:59+00:00","dateModified":"2024-11-26T11:16:59+00:00","breadcrumb":{"@id":"https:\/\/vieassociative.be\/actualites\/que-faire-avec-vos-enfants-cet-ete-lorsque-vous-etes-a-court-didees\/#breadcrumb"},"inLanguage":"fr-BE","potentialAction":[{"@type":"ReadAction","target":["https:\/\/vieassociative.be\/actualites\/que-faire-avec-vos-enfants-cet-ete-lorsque-vous-etes-a-court-didees\/"]}]},{"@type":"ImageObject","inLanguage":"fr-BE","@id":"https:\/\/vieassociative.be\/actualites\/que-faire-avec-vos-enfants-cet-ete-lorsque-vous-etes-a-court-didees\/#primaryimage","url":"https:\/\/vieassociative.be\/actualites\/wp-content\/uploads\/2024\/11\/Que-faire-avec-vos-enfants-cet-ete-lorsque-vous-etes.jpg","contentUrl":"https:\/\/vieassociative.be\/actualites\/wp-content\/uploads\/2024\/11\/Que-faire-avec-vos-enfants-cet-ete-lorsque-vous-etes.jpg","width":1200,"height":675,"caption":"Que faire avec vos enfants cet \u00e9t\u00e9 lorsque vous \u00eates \u00e0 court d'id\u00e9es"},{"@type":"BreadcrumbList","@id":"https:\/\/vieassociative.be\/actualites\/que-faire-avec-vos-enfants-cet-ete-lorsque-vous-etes-a-court-didees\/#breadcrumb","itemListElement":[{"@type":"ListItem","position":1,"name":"Accueil","item":"https:\/\/vieassociative.be\/actualites\/"},{"@type":"ListItem","position":2,"name":"Que faire avec vos enfants cet \u00e9t\u00e9 lorsque vous \u00eates \u00e0 court d&rsquo;id\u00e9es"}]},{"@type":"WebSite","@id":"https:\/\/vieassociative.be\/actualites\/#website","url":"https:\/\/vieassociative.be\/actualites\/","name":"Vie Associative","description":"","publisher":{"@id":"https:\/\/vieassociative.be\/actualites\/#organization"},"potentialAction":[{"@type":"SearchAction","target":{"@type":"EntryPoint","urlTemplate":"https:\/\/vieassociative.be\/actualites\/?s={search_term_string}"},"query-input":{"@type":"PropertyValueSpecification","valueRequired":true,"valueName":"search_term_string"}}],"inLanguage":"fr-BE"},{"@type":"Organization","@id":"https:\/\/vieassociative.be\/actualites\/#organization","name":"Vie Associative","url":"https:\/\/vieassociative.be\/actualites\/","logo":{"@type":"ImageObject","inLanguage":"fr-BE","@id":"https:\/\/vieassociative.be\/actualites\/#\/schema\/logo\/image\/","url":"https:\/\/vieassociative.be\/actualites\/wp-content\/uploads\/2024\/09\/cropped-vieassociative_favicon.ico.png","contentUrl":"https:\/\/vieassociative.be\/actualites\/wp-content\/uploads\/2024\/09\/cropped-vieassociative_favicon.ico.png","width":512,"height":512,"caption":"Vie Associative"},"image":{"@id":"https:\/\/vieassociative.be\/actualites\/#\/schema\/logo\/image\/"}},{"@type":"Person","@id":"https:\/\/vieassociative.be\/actualites\/#\/schema\/person\/b87ac4f82f9d4e7b7cec7395b679edc4","name":"Julien","image":{"@type":"ImageObject","inLanguage":"fr-BE","@id":"https:\/\/vieassociative.be\/actualites\/#\/schema\/person\/image\/","url":"https:\/\/vieassociative.be\/actualites\/wp-content\/uploads\/2024\/09\/vie-associative-1-150x150.jpg","contentUrl":"https:\/\/vieassociative.be\/actualites\/wp-content\/uploads\/2024\/09\/vie-associative-1-150x150.jpg","caption":"Julien"},"description":"Je suis Julien, r\u00e9dacteur pour Vie Associative. Passionn\u00e9 par le monde associatif depuis plus de 10 ans, j'ai \u00e0 c\u0153ur de partager des histoires inspirantes et de mettre en lumi\u00e8re les initiatives locales. Mon objectif est de sensibiliser et d'encourager l'engagement communautaire \u00e0 travers mes articles.","sameAs":["https:\/\/vieassociative.be\/"]}]}},"_links":{"self":[{"href":"https:\/\/vieassociative.be\/actualites\/wp-json\/wp\/v2\/posts\/2780"}],"collection":[{"href":"https:\/\/vieassociative.be\/actualites\/wp-json\/wp\/v2\/posts"}],"about":[{"href":"https:\/\/vieassociative.be\/actualites\/wp-json\/wp\/v2\/types\/post"}],"author":[{"embeddable":true,"href":"https:\/\/vieassociative.be\/actualites\/wp-json\/wp\/v2\/users\/1"}],"replies":[{"embeddable":true,"href":"https:\/\/vieassociative.be\/actualites\/wp-json\/wp\/v2\/comments?post=2780"}],"version-history":[{"count":0,"href":"https:\/\/vieassociative.be\/actualites\/wp-json\/wp\/v2\/posts\/2780\/revisions"}],"wp:featuredmedia":[{"embeddable":true,"href":"https:\/\/vieassociative.be\/actualites\/wp-json\/wp\/v2\/media\/2781"}],"wp:attachment":[{"href":"https:\/\/vieassociative.be\/actualites\/wp-json\/wp\/v2\/media?parent=2780"}],"wp:term":[{"taxonomy":"category","embeddable":true,"href":"https:\/\/vieassociative.be\/actualites\/wp-json\/wp\/v2\/categories?post=2780"},{"taxonomy":"post_tag","embeddable":true,"href":"https:\/\/vieassociative.be\/actualites\/wp-json\/wp\/v2\/tags?post=2780"}],"curies":[{"name":"wp","href":"https:\/\/api.w.org\/{rel}","templated":true}]}}