{"id":2776,"date":"2024-11-26T08:17:10","date_gmt":"2024-11-26T07:17:10","guid":{"rendered":"https:\/\/vieassociative.be\/actualites\/threads-teste-la-possibilite-de-choisir-votre-flux-par-defaut\/"},"modified":"2024-11-26T08:17:10","modified_gmt":"2024-11-26T07:17:10","slug":"threads-teste-la-possibilite-de-choisir-votre-flux-par-defaut","status":"publish","type":"post","link":"https:\/\/vieassociative.be\/actualites\/threads-teste-la-possibilite-de-choisir-votre-flux-par-defaut\/","title":{"rendered":"Threads teste la possibilit\u00e9 de choisir votre flux par d\u00e9faut"},"content":{"rendered":"<div class=\"mt-4 leading-6 md:mb-8\">Ne voyez plus jamais une publication d&rsquo;un utilisateur que vous ne suivez plus.<\/div>\n<p><\/p>\n<p>Vendredi, j&rsquo;ai \u00e9crit sur la fa\u00e7on dont Threads apportait de grands changements \u00e0 sa plate-forme : \u00e0 savoir, le flux \u00ab\u00a0Pour vous\u00a0\u00bb commencera \u00e0 donner la priorit\u00e9 aux comptes que vous suivez, plut\u00f4t qu&rsquo;aux comptes que vous ne suivez pas. Pour moi, cela ressemble \u00e0 la mani\u00e8re dont une plateforme de m\u00e9dias sociaux devrait fonctionner en premier lieu, mais bon, c&rsquo;est \u00ab nouveau \u00bb.<\/p>\n<p>Le r\u00e9cent succ\u00e8s fulgurant de Bluesky semble \u00eatre une impulsion \u00e9vidente en faveur du changement : alors que Threads compte encore environ dix fois la base d&rsquo;utilisateurs, c&rsquo;est Bluesky qui conna\u00eet un moment dans la culture en ligne, et Meta en a clairement pris note. Bien que la concurrence semble avoir pouss\u00e9 Threads dans la bonne direction en montrant aux gens davantage ce qu&rsquo;ils veulent probablement voir (les messages de personnes qu&rsquo;ils ont r\u00e9ellement choisi de suivre), il reste encore des progr\u00e8s \u00e0 faire.<\/p>\n<p>C&rsquo;est formidable que le flux Pour vous semble un peu plus pertinent, mais si vous souhaitez rester exclusivement sur le flux \u00ab\u00a0Suivant\u00a0\u00bb pour <em>seulement<\/em> voir le contenu des comptes que vous suivez, eh bien, tant pis\u00a0: pour vous, c&rsquo;est la valeur par d\u00e9faut, ce qui signifie que chaque fois que vous d\u00e9marrez une nouvelle session Threads, l&rsquo;application revient \u00e0 ce flux. Si vous souhaitez voir uniquement les suivis, vous devez y acc\u00e9der manuellement \u00e0 chaque fois. Du moins pour l&rsquo;instant.<\/p>\n<p>Il semble que Threads n\u2019ait pas fini d\u2019apporter de gros changements cette semaine. Lundi, Mark Zuckerberg a publi\u00e9 sur la plateforme de m\u00e9dias sociaux pour annoncer que Threads testait l&rsquo;option permettant de d\u00e9finir n&rsquo;importe quel flux par d\u00e9faut. Cela signifie que vous pouvez passer de Pour vous \u00e0 Suivant pour servir de flux par d\u00e9faut \u00e0 chaque fois que vous ouvrez l&rsquo;application, ou choisir un flux personnalis\u00e9 compl\u00e8tement diff\u00e9rent. C\u2019est ce qui constitue une innovation radicale dans les m\u00e9dias sociaux en 2024\u00a0: vous donner la possibilit\u00e9 de fa\u00e7onner votre exp\u00e9rience Threads afin que vous voyiez ce que vous choisissez de voir, plut\u00f4t que de vous laisser consumer par un contenu algorithmique sans fin.   <\/p>\n<div class=\"raw-embed\">\n<blockquote class=\"text-post-media\" data-text-post-permalink=\"https:\/\/www.threads.net\/@zuck\/post\/DCzYnv8yNeJ\" data-text-post-version=\"0\" id=\"ig-tp-DCzYnv8yNeJ\" style=\" background:#FFF; border-width: 1px; border-style: solid; border-color: #00000026; border-radius: 16px; max-width:540px; margin: 1px; min-width:270px; padding:0; width:99.375%; width:-webkit-calc(100% - 2px); width:calc(100% - 2px);\">\n<div style=\" padding: 40px; display: flex; flex-direction: column; align-items: center;\">\n<div style=\" display:block; height:32px; width:32px; padding-bottom:20px;\"> <svg aria-label=\"Threads\" height=\"32px\" role=\"img\" viewbox=\"0 0 192 192\" width=\"32px\" xmlns=\"http:\/\/www.w3.org\/2000\/svg\"> <path d=\"M141.537 88.9883C140.71 88.5919 139.87 88.2104 139.019 87.8451C137.537 60.5382 122.616 44.905 97.5619 44.745C97.4484 44.7443 97.3355 44.7443 97.222 44.7443C82.2364 44.7443 69.7731 51.1409 62.102 62.7807L75.881 72.2328C81.6116 63.5383 90.6052 61.6848 97.2286 61.6848C97.3051 61.6848 97.3819 61.6848 97.4576 61.6855C105.707 61.7381 111.932 64.1366 115.961 68.814C118.893 72.2193 120.854 76.925 121.825 82.8638C114.511 81.6207 106.601 81.2385 98.145 81.7233C74.3247 83.0954 59.0111 96.9879 60.0396 116.292C60.5615 126.084 65.4397 134.508 73.775 140.011C80.8224 144.663 89.899 146.938 99.3323 146.423C111.79 145.74 121.563 140.987 128.381 132.296C133.559 125.696 136.834 117.143 138.28 106.366C144.217 109.949 148.617 114.664 151.047 120.332C155.179 129.967 155.42 145.8 142.501 158.708C131.182 170.016 117.576 174.908 97.0135 175.059C74.2042 174.89 56.9538 167.575 45.7381 153.317C35.2355 139.966 29.8077 120.682 29.6052 96C29.8077 71.3178 35.2355 52.0336 45.7381 38.6827C56.9538 24.4249 74.2039 17.11 97.0132 16.9405C119.988 17.1113 137.539 24.4614 149.184 38.788C154.894 45.8136 159.199 54.6488 162.037 64.9503L178.184 60.6422C174.744 47.9622 169.331 37.0357 161.965 27.974C147.036 9.60668 125.202 0.195148 97.0695 0H96.9569C68.8816 0.19447 47.2921 9.6418 32.7883 28.0793C19.8819 44.4864 13.2244 67.3157 13.0007 95.9325L13 96L13.0007 96.0675C13.2244 124.684 19.8819 147.514 32.7883 163.921C47.2921 182.358 68.8816 191.806 96.9569 192H97.0695C122.03 191.827 139.624 185.292 154.118 170.811C173.081 151.866 172.51 128.119 166.26 113.541C161.776 103.087 153.227 94.5962 141.537 88.9883ZM98.4405 129.507C88.0005 130.095 77.1544 125.409 76.6196 115.372C76.2232 107.93 81.9158 99.626 99.0812 98.6368C101.047 98.5234 102.976 98.468 104.871 98.468C111.106 98.468 116.939 99.0737 122.242 100.233C120.264 124.935 108.662 128.946 98.4405 129.507Z\"><\/path><\/svg><\/div>\n<div style=\" font-size: 15px; line-height: 21px; color: #000000; font-weight: 600; \">  Afficher sur les discussions<\/div>\n<\/div>\n<\/blockquote>\n<\/div>\n<p>Bien s\u00fbr, le fait qu&rsquo;elle soit en \u00ab\u00a0test\u00a0\u00bb signifie que la fonctionnalit\u00e9 n&rsquo;est pas encore largement disponible, et Zuckerberg n&rsquo;a propos\u00e9 aucun calendrier sur le moment o\u00f9 elle pourrait \u00eatre d\u00e9ploy\u00e9e aupr\u00e8s d&rsquo;un plus grand nombre d&rsquo;utilisateurs. Cependant, The Verge propose quelques instructions sur la fa\u00e7on de choisir un flux par d\u00e9faut, si vous faites partie du groupe de test. <\/p>\n<h2 id=\"how-to-set-a-default-feed-on-threads\">Comment d\u00e9finir un flux par d\u00e9faut sur Threads<\/h2>\n<p>Pour commencer, ouvrez Threads, faites d\u00e9filer vers le bas pour afficher vos flux, puis appuyez longuement sur n&rsquo;importe quel flux. Choisir <strong>Modifier les flux<\/strong> sur la fen\u00eatre contextuelle\u00a0: si la fonctionnalit\u00e9 est active de votre c\u00f4t\u00e9, vous pourrez r\u00e9organiser vos flux via le bouton \u00e0 trois lignes. Placez celui que vous voulez par d\u00e9faut en haut, puis appuyez sur <strong>Fait<\/strong> pour le verrouiller. <\/p>\n<p>(Si vous ne disposez pas de cette fonctionnalit\u00e9, vous verrez simplement une liste de vos flux, sans possibilit\u00e9 de les d\u00e9placer. Soupir.)<\/p>\n","protected":false},"excerpt":{"rendered":"<p>Ne voyez plus jamais une publication d&rsquo;un utilisateur que vous ne suivez plus. Vendredi, j&rsquo;ai \u00e9crit sur la fa\u00e7on dont Threads apportait de grands changements<\/p>\n","protected":false},"author":1,"featured_media":2777,"comment_status":"","ping_status":"","sticky":false,"template":"","format":"standard","meta":{"footnotes":""},"categories":[13],"tags":[440,2930,34,676,3508,824,3455,8],"class_list":["post-2776","post","type-post","status-publish","format-standard","has-post-thumbnail","hentry","category-technologie","tag-choisir","tag-defaut","tag-flux","tag-par","tag-possibilite","tag-teste","tag-threads","tag-votre","generate-columns","tablet-grid-50","mobile-grid-100","grid-parent","grid-33"],"yoast_head":"<!-- This site is optimized with the Yoast SEO plugin v24.0 - https:\/\/yoast.com\/wordpress\/plugins\/seo\/ -->\n<title>Threads teste la possibilit\u00e9 de choisir votre flux par d\u00e9faut | Vie Associative<\/title>\n<meta name=\"robots\" content=\"index, follow, max-snippet:-1, max-image-preview:large, max-video-preview:-1\" \/>\n<link rel=\"canonical\" href=\"https:\/\/vieassociative.be\/actualites\/threads-teste-la-possibilite-de-choisir-votre-flux-par-defaut\/\" \/>\n<meta property=\"og:locale\" content=\"fr_FR\" \/>\n<meta property=\"og:type\" content=\"article\" \/>\n<meta property=\"og:title\" content=\"Threads teste la possibilit\u00e9 de choisir votre flux par d\u00e9faut | Vie Associative\" \/>\n<meta property=\"og:description\" content=\"Ne voyez plus jamais une publication d&rsquo;un utilisateur que vous ne suivez plus. Vendredi, j&rsquo;ai \u00e9crit sur la fa\u00e7on dont Threads apportait de grands changements\" \/>\n<meta property=\"og:url\" content=\"https:\/\/vieassociative.be\/actualites\/threads-teste-la-possibilite-de-choisir-votre-flux-par-defaut\/\" \/>\n<meta property=\"og:site_name\" content=\"Vie Associative\" \/>\n<meta property=\"article:published_time\" content=\"2024-11-26T07:17:10+00:00\" \/>\n<meta property=\"og:image\" content=\"https:\/\/vieassociative.be\/actualites\/wp-content\/uploads\/2024\/09\/header_backgroundk-01-e1726694325946.png\" \/>\n\t<meta property=\"og:image:width\" content=\"279\" \/>\n\t<meta property=\"og:image:height\" content=\"92\" \/>\n\t<meta property=\"og:image:type\" content=\"image\/png\" \/>\n<meta name=\"author\" content=\"Julien\" \/>\n<meta name=\"twitter:card\" content=\"summary_large_image\" \/>\n<meta name=\"twitter:label1\" content=\"\u00c9crit par\" \/>\n\t<meta name=\"twitter:data1\" content=\"Julien\" \/>\n\t<meta name=\"twitter:label2\" content=\"Dur\u00e9e de lecture est.\" \/>\n\t<meta name=\"twitter:data2\" content=\"3 minutes\" \/>\n<script type=\"application\/ld+json\" class=\"yoast-schema-graph\">{\"@context\":\"https:\/\/schema.org\",\"@graph\":[{\"@type\":\"Article\",\"@id\":\"https:\/\/vieassociative.be\/actualites\/threads-teste-la-possibilite-de-choisir-votre-flux-par-defaut\/#article\",\"isPartOf\":{\"@id\":\"https:\/\/vieassociative.be\/actualites\/threads-teste-la-possibilite-de-choisir-votre-flux-par-defaut\/\"},\"author\":{\"name\":\"Julien\",\"@id\":\"https:\/\/vieassociative.be\/actualites\/#\/schema\/person\/b87ac4f82f9d4e7b7cec7395b679edc4\"},\"headline\":\"Threads teste la possibilit\u00e9 de choisir votre flux par d\u00e9faut\",\"datePublished\":\"2024-11-26T07:17:10+00:00\",\"dateModified\":\"2024-11-26T07:17:10+00:00\",\"mainEntityOfPage\":{\"@id\":\"https:\/\/vieassociative.be\/actualites\/threads-teste-la-possibilite-de-choisir-votre-flux-par-defaut\/\"},\"wordCount\":567,\"publisher\":{\"@id\":\"https:\/\/vieassociative.be\/actualites\/#organization\"},\"image\":{\"@id\":\"https:\/\/vieassociative.be\/actualites\/threads-teste-la-possibilite-de-choisir-votre-flux-par-defaut\/#primaryimage\"},\"thumbnailUrl\":\"https:\/\/vieassociative.be\/actualites\/wp-content\/uploads\/2024\/11\/Threads-teste-la-possibilite-de-choisir-votre-flux-par-defaut.png\",\"keywords\":[\"choisir\",\"d\u00e9faut\",\"flux\",\"par\",\"possibilit\u00e9\",\"test\u00e9\",\"Threads\",\"votre\"],\"articleSection\":[\"Technologie\"],\"inLanguage\":\"fr-BE\"},{\"@type\":\"WebPage\",\"@id\":\"https:\/\/vieassociative.be\/actualites\/threads-teste-la-possibilite-de-choisir-votre-flux-par-defaut\/\",\"url\":\"https:\/\/vieassociative.be\/actualites\/threads-teste-la-possibilite-de-choisir-votre-flux-par-defaut\/\",\"name\":\"Threads teste la possibilit\u00e9 de choisir votre flux par d\u00e9faut | Vie Associative\",\"isPartOf\":{\"@id\":\"https:\/\/vieassociative.be\/actualites\/#website\"},\"primaryImageOfPage\":{\"@id\":\"https:\/\/vieassociative.be\/actualites\/threads-teste-la-possibilite-de-choisir-votre-flux-par-defaut\/#primaryimage\"},\"image\":{\"@id\":\"https:\/\/vieassociative.be\/actualites\/threads-teste-la-possibilite-de-choisir-votre-flux-par-defaut\/#primaryimage\"},\"thumbnailUrl\":\"https:\/\/vieassociative.be\/actualites\/wp-content\/uploads\/2024\/11\/Threads-teste-la-possibilite-de-choisir-votre-flux-par-defaut.png\",\"datePublished\":\"2024-11-26T07:17:10+00:00\",\"dateModified\":\"2024-11-26T07:17:10+00:00\",\"breadcrumb\":{\"@id\":\"https:\/\/vieassociative.be\/actualites\/threads-teste-la-possibilite-de-choisir-votre-flux-par-defaut\/#breadcrumb\"},\"inLanguage\":\"fr-BE\",\"potentialAction\":[{\"@type\":\"ReadAction\",\"target\":[\"https:\/\/vieassociative.be\/actualites\/threads-teste-la-possibilite-de-choisir-votre-flux-par-defaut\/\"]}]},{\"@type\":\"ImageObject\",\"inLanguage\":\"fr-BE\",\"@id\":\"https:\/\/vieassociative.be\/actualites\/threads-teste-la-possibilite-de-choisir-votre-flux-par-defaut\/#primaryimage\",\"url\":\"https:\/\/vieassociative.be\/actualites\/wp-content\/uploads\/2024\/11\/Threads-teste-la-possibilite-de-choisir-votre-flux-par-defaut.png\",\"contentUrl\":\"https:\/\/vieassociative.be\/actualites\/wp-content\/uploads\/2024\/11\/Threads-teste-la-possibilite-de-choisir-votre-flux-par-defaut.png\",\"width\":1200,\"height\":675,\"caption\":\"Threads teste la possibilit\u00e9 de choisir votre flux par d\u00e9faut\"},{\"@type\":\"BreadcrumbList\",\"@id\":\"https:\/\/vieassociative.be\/actualites\/threads-teste-la-possibilite-de-choisir-votre-flux-par-defaut\/#breadcrumb\",\"itemListElement\":[{\"@type\":\"ListItem\",\"position\":1,\"name\":\"Accueil\",\"item\":\"https:\/\/vieassociative.be\/actualites\/\"},{\"@type\":\"ListItem\",\"position\":2,\"name\":\"Threads teste la possibilit\u00e9 de choisir votre flux par d\u00e9faut\"}]},{\"@type\":\"WebSite\",\"@id\":\"https:\/\/vieassociative.be\/actualites\/#website\",\"url\":\"https:\/\/vieassociative.be\/actualites\/\",\"name\":\"Vie Associative\",\"description\":\"\",\"publisher\":{\"@id\":\"https:\/\/vieassociative.be\/actualites\/#organization\"},\"potentialAction\":[{\"@type\":\"SearchAction\",\"target\":{\"@type\":\"EntryPoint\",\"urlTemplate\":\"https:\/\/vieassociative.be\/actualites\/?s={search_term_string}\"},\"query-input\":{\"@type\":\"PropertyValueSpecification\",\"valueRequired\":true,\"valueName\":\"search_term_string\"}}],\"inLanguage\":\"fr-BE\"},{\"@type\":\"Organization\",\"@id\":\"https:\/\/vieassociative.be\/actualites\/#organization\",\"name\":\"Vie Associative\",\"url\":\"https:\/\/vieassociative.be\/actualites\/\",\"logo\":{\"@type\":\"ImageObject\",\"inLanguage\":\"fr-BE\",\"@id\":\"https:\/\/vieassociative.be\/actualites\/#\/schema\/logo\/image\/\",\"url\":\"https:\/\/vieassociative.be\/actualites\/wp-content\/uploads\/2024\/09\/cropped-vieassociative_favicon.ico.png\",\"contentUrl\":\"https:\/\/vieassociative.be\/actualites\/wp-content\/uploads\/2024\/09\/cropped-vieassociative_favicon.ico.png\",\"width\":512,\"height\":512,\"caption\":\"Vie Associative\"},\"image\":{\"@id\":\"https:\/\/vieassociative.be\/actualites\/#\/schema\/logo\/image\/\"}},{\"@type\":\"Person\",\"@id\":\"https:\/\/vieassociative.be\/actualites\/#\/schema\/person\/b87ac4f82f9d4e7b7cec7395b679edc4\",\"name\":\"Julien\",\"image\":{\"@type\":\"ImageObject\",\"inLanguage\":\"fr-BE\",\"@id\":\"https:\/\/vieassociative.be\/actualites\/#\/schema\/person\/image\/\",\"url\":\"https:\/\/vieassociative.be\/actualites\/wp-content\/uploads\/2024\/09\/vie-associative-1-150x150.jpg\",\"contentUrl\":\"https:\/\/vieassociative.be\/actualites\/wp-content\/uploads\/2024\/09\/vie-associative-1-150x150.jpg\",\"caption\":\"Julien\"},\"description\":\"Je suis Julien, r\u00e9dacteur pour Vie Associative. Passionn\u00e9 par le monde associatif depuis plus de 10 ans, j'ai \u00e0 c\u0153ur de partager des histoires inspirantes et de mettre en lumi\u00e8re les initiatives locales. Mon objectif est de sensibiliser et d'encourager l'engagement communautaire \u00e0 travers mes articles.\",\"sameAs\":[\"https:\/\/vieassociative.be\/\"]}]}<\/script>\n<!-- \/ Yoast SEO plugin. -->","yoast_head_json":{"title":"Threads teste la possibilit\u00e9 de choisir votre flux par d\u00e9faut | Vie Associative","robots":{"index":"index","follow":"follow","max-snippet":"max-snippet:-1","max-image-preview":"max-image-preview:large","max-video-preview":"max-video-preview:-1"},"canonical":"https:\/\/vieassociative.be\/actualites\/threads-teste-la-possibilite-de-choisir-votre-flux-par-defaut\/","og_locale":"fr_FR","og_type":"article","og_title":"Threads teste la possibilit\u00e9 de choisir votre flux par d\u00e9faut | Vie Associative","og_description":"Ne voyez plus jamais une publication d&rsquo;un utilisateur que vous ne suivez plus. Vendredi, j&rsquo;ai \u00e9crit sur la fa\u00e7on dont Threads apportait de grands changements","og_url":"https:\/\/vieassociative.be\/actualites\/threads-teste-la-possibilite-de-choisir-votre-flux-par-defaut\/","og_site_name":"Vie Associative","article_published_time":"2024-11-26T07:17:10+00:00","og_image":[{"width":279,"height":92,"url":"https:\/\/vieassociative.be\/actualites\/wp-content\/uploads\/2024\/09\/header_backgroundk-01-e1726694325946.png","type":"image\/png"}],"author":"Julien","twitter_card":"summary_large_image","twitter_misc":{"\u00c9crit par":"Julien","Dur\u00e9e de lecture est.":"3 minutes"},"schema":{"@context":"https:\/\/schema.org","@graph":[{"@type":"Article","@id":"https:\/\/vieassociative.be\/actualites\/threads-teste-la-possibilite-de-choisir-votre-flux-par-defaut\/#article","isPartOf":{"@id":"https:\/\/vieassociative.be\/actualites\/threads-teste-la-possibilite-de-choisir-votre-flux-par-defaut\/"},"author":{"name":"Julien","@id":"https:\/\/vieassociative.be\/actualites\/#\/schema\/person\/b87ac4f82f9d4e7b7cec7395b679edc4"},"headline":"Threads teste la possibilit\u00e9 de choisir votre flux par d\u00e9faut","datePublished":"2024-11-26T07:17:10+00:00","dateModified":"2024-11-26T07:17:10+00:00","mainEntityOfPage":{"@id":"https:\/\/vieassociative.be\/actualites\/threads-teste-la-possibilite-de-choisir-votre-flux-par-defaut\/"},"wordCount":567,"publisher":{"@id":"https:\/\/vieassociative.be\/actualites\/#organization"},"image":{"@id":"https:\/\/vieassociative.be\/actualites\/threads-teste-la-possibilite-de-choisir-votre-flux-par-defaut\/#primaryimage"},"thumbnailUrl":"https:\/\/vieassociative.be\/actualites\/wp-content\/uploads\/2024\/11\/Threads-teste-la-possibilite-de-choisir-votre-flux-par-defaut.png","keywords":["choisir","d\u00e9faut","flux","par","possibilit\u00e9","test\u00e9","Threads","votre"],"articleSection":["Technologie"],"inLanguage":"fr-BE"},{"@type":"WebPage","@id":"https:\/\/vieassociative.be\/actualites\/threads-teste-la-possibilite-de-choisir-votre-flux-par-defaut\/","url":"https:\/\/vieassociative.be\/actualites\/threads-teste-la-possibilite-de-choisir-votre-flux-par-defaut\/","name":"Threads teste la possibilit\u00e9 de choisir votre flux par d\u00e9faut | Vie Associative","isPartOf":{"@id":"https:\/\/vieassociative.be\/actualites\/#website"},"primaryImageOfPage":{"@id":"https:\/\/vieassociative.be\/actualites\/threads-teste-la-possibilite-de-choisir-votre-flux-par-defaut\/#primaryimage"},"image":{"@id":"https:\/\/vieassociative.be\/actualites\/threads-teste-la-possibilite-de-choisir-votre-flux-par-defaut\/#primaryimage"},"thumbnailUrl":"https:\/\/vieassociative.be\/actualites\/wp-content\/uploads\/2024\/11\/Threads-teste-la-possibilite-de-choisir-votre-flux-par-defaut.png","datePublished":"2024-11-26T07:17:10+00:00","dateModified":"2024-11-26T07:17:10+00:00","breadcrumb":{"@id":"https:\/\/vieassociative.be\/actualites\/threads-teste-la-possibilite-de-choisir-votre-flux-par-defaut\/#breadcrumb"},"inLanguage":"fr-BE","potentialAction":[{"@type":"ReadAction","target":["https:\/\/vieassociative.be\/actualites\/threads-teste-la-possibilite-de-choisir-votre-flux-par-defaut\/"]}]},{"@type":"ImageObject","inLanguage":"fr-BE","@id":"https:\/\/vieassociative.be\/actualites\/threads-teste-la-possibilite-de-choisir-votre-flux-par-defaut\/#primaryimage","url":"https:\/\/vieassociative.be\/actualites\/wp-content\/uploads\/2024\/11\/Threads-teste-la-possibilite-de-choisir-votre-flux-par-defaut.png","contentUrl":"https:\/\/vieassociative.be\/actualites\/wp-content\/uploads\/2024\/11\/Threads-teste-la-possibilite-de-choisir-votre-flux-par-defaut.png","width":1200,"height":675,"caption":"Threads teste la possibilit\u00e9 de choisir votre flux par d\u00e9faut"},{"@type":"BreadcrumbList","@id":"https:\/\/vieassociative.be\/actualites\/threads-teste-la-possibilite-de-choisir-votre-flux-par-defaut\/#breadcrumb","itemListElement":[{"@type":"ListItem","position":1,"name":"Accueil","item":"https:\/\/vieassociative.be\/actualites\/"},{"@type":"ListItem","position":2,"name":"Threads teste la possibilit\u00e9 de choisir votre flux par d\u00e9faut"}]},{"@type":"WebSite","@id":"https:\/\/vieassociative.be\/actualites\/#website","url":"https:\/\/vieassociative.be\/actualites\/","name":"Vie Associative","description":"","publisher":{"@id":"https:\/\/vieassociative.be\/actualites\/#organization"},"potentialAction":[{"@type":"SearchAction","target":{"@type":"EntryPoint","urlTemplate":"https:\/\/vieassociative.be\/actualites\/?s={search_term_string}"},"query-input":{"@type":"PropertyValueSpecification","valueRequired":true,"valueName":"search_term_string"}}],"inLanguage":"fr-BE"},{"@type":"Organization","@id":"https:\/\/vieassociative.be\/actualites\/#organization","name":"Vie Associative","url":"https:\/\/vieassociative.be\/actualites\/","logo":{"@type":"ImageObject","inLanguage":"fr-BE","@id":"https:\/\/vieassociative.be\/actualites\/#\/schema\/logo\/image\/","url":"https:\/\/vieassociative.be\/actualites\/wp-content\/uploads\/2024\/09\/cropped-vieassociative_favicon.ico.png","contentUrl":"https:\/\/vieassociative.be\/actualites\/wp-content\/uploads\/2024\/09\/cropped-vieassociative_favicon.ico.png","width":512,"height":512,"caption":"Vie Associative"},"image":{"@id":"https:\/\/vieassociative.be\/actualites\/#\/schema\/logo\/image\/"}},{"@type":"Person","@id":"https:\/\/vieassociative.be\/actualites\/#\/schema\/person\/b87ac4f82f9d4e7b7cec7395b679edc4","name":"Julien","image":{"@type":"ImageObject","inLanguage":"fr-BE","@id":"https:\/\/vieassociative.be\/actualites\/#\/schema\/person\/image\/","url":"https:\/\/vieassociative.be\/actualites\/wp-content\/uploads\/2024\/09\/vie-associative-1-150x150.jpg","contentUrl":"https:\/\/vieassociative.be\/actualites\/wp-content\/uploads\/2024\/09\/vie-associative-1-150x150.jpg","caption":"Julien"},"description":"Je suis Julien, r\u00e9dacteur pour Vie Associative. Passionn\u00e9 par le monde associatif depuis plus de 10 ans, j'ai \u00e0 c\u0153ur de partager des histoires inspirantes et de mettre en lumi\u00e8re les initiatives locales. Mon objectif est de sensibiliser et d'encourager l'engagement communautaire \u00e0 travers mes articles.","sameAs":["https:\/\/vieassociative.be\/"]}]}},"_links":{"self":[{"href":"https:\/\/vieassociative.be\/actualites\/wp-json\/wp\/v2\/posts\/2776"}],"collection":[{"href":"https:\/\/vieassociative.be\/actualites\/wp-json\/wp\/v2\/posts"}],"about":[{"href":"https:\/\/vieassociative.be\/actualites\/wp-json\/wp\/v2\/types\/post"}],"author":[{"embeddable":true,"href":"https:\/\/vieassociative.be\/actualites\/wp-json\/wp\/v2\/users\/1"}],"replies":[{"embeddable":true,"href":"https:\/\/vieassociative.be\/actualites\/wp-json\/wp\/v2\/comments?post=2776"}],"version-history":[{"count":0,"href":"https:\/\/vieassociative.be\/actualites\/wp-json\/wp\/v2\/posts\/2776\/revisions"}],"wp:featuredmedia":[{"embeddable":true,"href":"https:\/\/vieassociative.be\/actualites\/wp-json\/wp\/v2\/media\/2777"}],"wp:attachment":[{"href":"https:\/\/vieassociative.be\/actualites\/wp-json\/wp\/v2\/media?parent=2776"}],"wp:term":[{"taxonomy":"category","embeddable":true,"href":"https:\/\/vieassociative.be\/actualites\/wp-json\/wp\/v2\/categories?post=2776"},{"taxonomy":"post_tag","embeddable":true,"href":"https:\/\/vieassociative.be\/actualites\/wp-json\/wp\/v2\/tags?post=2776"}],"curies":[{"name":"wp","href":"https:\/\/api.w.org\/{rel}","templated":true}]}}