{"id":2769,"date":"2024-11-26T01:17:11","date_gmt":"2024-11-26T00:17:11","guid":{"rendered":"https:\/\/vieassociative.be\/actualites\/ces-centrales-electriques-pour-toute-la-maison-vous-preparent-a-une-urgence-et-beneficient-dune-reduction-de-60-pour-le-black-friday\/"},"modified":"2024-11-26T01:17:11","modified_gmt":"2024-11-26T00:17:11","slug":"ces-centrales-electriques-pour-toute-la-maison-vous-preparent-a-une-urgence-et-beneficient-dune-reduction-de-60-pour-le-black-friday","status":"publish","type":"post","link":"https:\/\/vieassociative.be\/actualites\/ces-centrales-electriques-pour-toute-la-maison-vous-preparent-a-une-urgence-et-beneficient-dune-reduction-de-60-pour-le-black-friday\/","title":{"rendered":"Ces centrales \u00e9lectriques pour toute la maison vous pr\u00e9parent \u00e0 une urgence et b\u00e9n\u00e9ficient d&rsquo;une r\u00e9duction de 60 % pour le Black Friday"},"content":{"rendered":"<div class=\"mt-4 leading-6 md:mb-8\">Il n\u2019y a pas de meilleur moment que maintenant pour mettre en place un plan de secours \u00e0 domicile.<\/div>\n<p><\/p>\n<p>Depuis que cet \u00e9t\u00e9 a provoqu\u00e9 des temp\u00eates d\u00e9sastreuses sur la c\u00f4te est, je re\u00e7ois r\u00e9guli\u00e8rement des mises \u00e0 jour d&rsquo;amis qui disent des choses comme : \u00ab Nous nous d\u00e9brouillons autour du feu de camp \u00bb, parce que leur \u00e9lectricit\u00e9 est toujours coup\u00e9e \u00e0 cause d&rsquo;un \u00e9v\u00e9nement m\u00e9t\u00e9orologique qui s&rsquo;est produit des semaines ou des semaines. mois plus t\u00f4t. J&rsquo;\u00e9tais un volontaire form\u00e9 en cas de catastrophe de la Croix-Rouge, et l&rsquo;une des choses les plus fondamentales que nous avons enseign\u00e9es aux gens est de savoir comment s&rsquo;abriter sur place. Je suis d\u00e9sormais convaincu que les centrales \u00e9lectriques comme Ecoflow devraient faire partie de votre plan de mise \u00e0 l&rsquo;abri, et c&rsquo;est actuellement le moment id\u00e9al pour se pr\u00e9parer : pour le Black Friday, bon nombre de ces appareils b\u00e9n\u00e9ficient de r\u00e9ductions importantes (jusqu&rsquo;\u00e0 60 % de r\u00e9duction).<\/p>\n<p>J&rsquo;ai ajout\u00e9 deux de ces sauvegardes \u00e0 ma maison cette ann\u00e9e, ce qui a rendu un gel d&rsquo;une semaine beaucoup plus supportable. L&rsquo;Ecoflow Delta 2 en particulier est une b\u00eate, gardant mon chauffage allum\u00e9, mon r\u00e9frig\u00e9rateur allum\u00e9 et mon modem, mon routeur et mon t\u00e9l\u00e9viseur en marche. <\/p>\n<p>L&rsquo;un des meilleurs aspects de ces centrales \u00e9lectriques est que vous pouvez les consid\u00e9rer comme une \u00e9nergie renouvelable si vous les associez \u00e0 un panneau solaire, qu&rsquo;Ecoflow vend \u00e9galement (assurez-vous de prendre un panneau compatible pour la station que vous choisissez ; car ils ne sont pas toujours disponibles). interchangeable). Si vous ne pouvez pas vous permettre une sauvegarde compl\u00e8te de votre maison, m\u00eame une petite batterie de 300 ou 500 watts peut faire la diff\u00e9rence entre garder votre t\u00e9l\u00e9phone charg\u00e9 et \u00eatre coup\u00e9 des services d&rsquo;urgence.  <\/p>\n<h2 id=\"what-size-backup-to-buy\">Quelle taille de sauvegarde acheter<\/h2>\n<p>La cl\u00e9 pour conna\u00eetre la taille de secours id\u00e9ale pour votre maison est d\u2019examiner les appareils essentiels que vous souhaitez faire fonctionner, comme votre r\u00e9frig\u00e9rateur, votre s\u00e9cheuse, votre climatisation ou votre chauffage, et de voir de quel type de puissance ils ont besoin. Assurez-vous que la sauvegarde dispose de suffisamment de watts, sinon vous apprendrez, comme moi, que vous ne pouvez pas alimenter votre Instant Pot ou votre mini-radiateur avec une sauvegarde de 240 watts. <\/p>\n<h2 id=\"ecoflow-portable-power-station-delta-2-1024wh-1800w\">Centrale \u00e9lectrique portative ECOFLOW DELTA 2 (1\u00a0024 Wh, 1\u00a0800 W)<\/h2>\n<p>C&rsquo;est ma principale recommandation car c&rsquo;est un joli mod\u00e8le de taille moyenne avec une remise absurde : il est actuellement \u00e0 54 % de r\u00e9duction. 1\u00a0800 watts signifie que vous pouvez alimenter votre climatisation, la plupart de vos appareils de comptoir et un r\u00e9frig\u00e9rateur plus r\u00e9cent (ils sont plus \u00e9conomes en \u00e9nergie) \u2013 pas longtemps sans recharge, mais c&rsquo;est l\u00e0 que les panneaux solaires entrent en jeu. <\/p>\n<ul>\n<li>\n<p>Centrale \u00e9lectrique portative ECOFLOW DELTA 2 : en vente pour <strong>399\u00a0$ <\/strong>(r\u00e9guli\u00e8rement 999$)<\/p>\n<\/li>\n<li>\n<p>Panneau Solaire Portable ECOFLOW 220W : en vente pour <strong>329\u00a0$<\/strong> (r\u00e9guli\u00e8rement 549$)<\/p>\n<\/li>\n<\/ul>\n<h2 id=\"ef-ecoflow-portable-power-station-delta-2-max-2048wh-2400w\">Centrale \u00e9lectrique portable EF ECOFLOW DELTA 2 Max (2\u00a0048 Wh, 2\u00a0400 W)<\/h2>\n<p>Cette b\u00eate \u00e0 15 prises peut alimenter presque tout dans votre maison. Vous pouvez le connecter en s\u00e9rie \u00e0 des batteries suppl\u00e9mentaires de la gamme pour encore plus de puissance. Il se charge rapidement sur secteur ou \u00e0 l&rsquo;\u00e9nergie solaire, et il est vraiment puissant (2 400 watts suffisent). <em>beaucoup<\/em>).<em> <\/em>L&rsquo;application Ecoflow vous aide \u00e0 g\u00e9rer ce que vous chargez, et vous pouvez r\u00e9ellement brancher cette sauvegarde sur le syst\u00e8me \u00e9lectrique de votre maison si vous disposez du mat\u00e9riel appropri\u00e9 (comme un mini sous-panneau), ce qui signifie que vous pouvez faire fonctionner votre maison directement \u00e0 partir de la station. Si vous pouvez vous le permettre, optez pour cette station de plus grande capacit\u00e9. <\/p>\n<ul>\n<li>\n<p>Centrale \u00e9lectrique portable EF ECOFLOW DELTA 2 Max : en vente pour <strong>999\u00a0$ <\/strong>(r\u00e9guli\u00e8rement 1 899 $)<\/p>\n<\/li>\n<li>\n<p>Panneau Solaire Portable ECOFLOW 400W : en vente pour <strong>649\u00a0$<\/strong> (r\u00e9guli\u00e8rement 999$)<\/p>\n<\/li>\n<\/ul>\n<h2 id=\"ef-ecoflow-portable-power-station-delta-3-plus-1024wh-1800w\">Centrale \u00e9lectrique portable EF ECOFLOW DELTA 3 Plus (1 024 Wh, 1 800 W)<\/h2>\n<p>M\u00eame s\u2019il n\u2019offre pas la robustesse des deux mod\u00e8les pr\u00e9c\u00e9dents, le Delta 3 poss\u00e8de quelques fonctionnalit\u00e9s int\u00e9ressantes. Il dispose d&rsquo;un UPS (alimentation \u00e9lectrique ininterrompue) int\u00e9gr\u00e9 pour vos appareils \u00e9lectroniques les plus pr\u00e9cieux\u00a0; vous pouvez \u00e9tendre le syst\u00e8me en connectant en s\u00e9rie des unit\u00e9s suppl\u00e9mentaires\u00a0; et \u00e7a charge vite. Plus int\u00e9ressant encore, l&rsquo;application dispose d&rsquo;une fonction de gestion des temp\u00eates qui fournira des mises \u00e0 jour sur les temp\u00eates et vous aidera \u00e0 g\u00e9rer la charge \u00e9lectrique jusqu&rsquo;\u00e0 la fin de la temp\u00eate. <\/p>\n<ul>\n<li>\n<p>Centrale \u00e9lectrique portable EF ECOFLOW DELTA 3 Plus : en vente \u00e0 <strong>649\u00a0$<\/strong> (r\u00e9guli\u00e8rement 899 $)<\/p>\n<\/li>\n<li>\n<p>Panneau Solaire Portable ECOFLOW 400W : en vente pour <strong>649\u00a0$<\/strong> (normalement 999$)<\/p>\n<\/li>\n<\/ul>\n<h2 id=\"ef-ecoflow-portable-power-station-delta-3-plus-1024wh-1800w\">Centrale \u00e9lectrique portable EF ECOFLOW DELTA 3 Plus (1 024 Wh, 1 800 W)<\/h2>\n<p>Parmi les unit\u00e9s plus petites, ne n\u00e9gligez pas cette petite centrale, qui offre la m\u00eame capacit\u00e9 et les m\u00eames wattheures que le Delta 2 et ajoute des fonctionnalit\u00e9s : charge ultra-rapide (moins d&rsquo;une heure), 4 000 cycles et 1 500 watts d&rsquo;entr\u00e9e. J&rsquo;aime aussi beaucoup la recharge rapide de la voiture. L&rsquo;acc\u00e8s \u00e0 l&rsquo;application vous permet de g\u00e9rer l&rsquo;alimentation en plus de tout le reste.  <\/p>\n<ul>\n<li>\n<p>Centrale \u00e9lectrique portable EF ECOFLOW DELTA 3 Plus : en vente \u00e0 <strong>649\u00a0$ <\/strong>(r\u00e9guli\u00e8rement 899$)<\/p>\n<\/li>\n<li>\n<p>Panneau Solaire Portable ECOFLOW 400W : en vente pour<strong> 649\u00a0$<\/strong> (r\u00e9guli\u00e8rement 999$)<\/p>\n<\/li>\n<\/ul>\n<h2 id=\"ef-ecoflow-portable-power-station-river-2-pro-768wh-1600w\">Centrale \u00e9lectrique portable EF ECOFLOW RIVER 2 Pro, 768 Wh 1 600 W<\/h2>\n<p>Avec quatre entr\u00e9es CA et une combinaison d&rsquo;entr\u00e9es USB, cette unit\u00e9 compacte offre toujours une puissance importante, mais moins de wattheures que ses fr\u00e8res et s\u0153urs plus grands. Ces quatre entr\u00e9es CA ont chacune une puissance de 400 watts pour atteindre 1\u00a0600 au total. <\/p>\n<ul>\n<li>\n<p>Centrale \u00e9lectrique portable EF ECOFLOW RIVER 2 Pro : en vente pour <strong>369\u00a0$<\/strong> (r\u00e9guli\u00e8rement 599$)<\/p>\n<\/li>\n<li>\n<p>Panneau Solaire Portable ECOFLOW 400W : en vente pour <strong>649\u00a0$<\/strong> (r\u00e9guli\u00e8rement 999$)<\/p>\n<\/li>\n<\/ul>\n<div class=\"w-full mt-12 text-center sm:text-left\" x-data=\"{ showAll: false }\">\n<div class=\"flex flex-col items-center justify-between sm:px-6 sm:flex-row\">\n\t\t\t<span class=\"text-sm italic\">Les offres sont s\u00e9lectionn\u00e9es par notre \u00e9quipe commerciale<\/span><\/p><\/div>\n<\/p><\/div>\n","protected":false},"excerpt":{"rendered":"<p>Il n\u2019y a pas de meilleur moment que maintenant pour mettre en place un plan de secours \u00e0 domicile. Depuis que cet \u00e9t\u00e9 a provoqu\u00e9<\/p>\n","protected":false},"author":1,"featured_media":2770,"comment_status":"","ping_status":"","sticky":false,"template":"","format":"standard","meta":{"footnotes":""},"categories":[13],"tags":[1268,73,3501,248,698,3502,1255,560,81,3503,308,150,110,3504,4],"class_list":["post-2769","post","type-post","status-publish","format-standard","has-post-thumbnail","hentry","category-technologie","tag-beneficient","tag-black","tag-centrales","tag-ces","tag-dune","tag-electriques","tag-friday","tag-maison","tag-pour","tag-preparent","tag-reduction","tag-toute","tag-une","tag-urgence","tag-vous","generate-columns","tablet-grid-50","mobile-grid-100","grid-parent","grid-33"],"yoast_head":"<!-- This site is optimized with the Yoast SEO plugin v24.0 - https:\/\/yoast.com\/wordpress\/plugins\/seo\/ -->\n<title>Ces centrales \u00e9lectriques pour toute la maison vous pr\u00e9parent \u00e0 une urgence et b\u00e9n\u00e9ficient d&#039;une r\u00e9duction de 60 % pour le Black Friday | Vie Associative<\/title>\n<meta name=\"robots\" content=\"index, follow, max-snippet:-1, max-image-preview:large, max-video-preview:-1\" \/>\n<link rel=\"canonical\" href=\"https:\/\/vieassociative.be\/actualites\/ces-centrales-electriques-pour-toute-la-maison-vous-preparent-a-une-urgence-et-beneficient-dune-reduction-de-60-pour-le-black-friday\/\" \/>\n<meta property=\"og:locale\" content=\"fr_FR\" \/>\n<meta property=\"og:type\" content=\"article\" \/>\n<meta property=\"og:title\" content=\"Ces centrales \u00e9lectriques pour toute la maison vous pr\u00e9parent \u00e0 une urgence et b\u00e9n\u00e9ficient d&#039;une r\u00e9duction de 60 % pour le Black Friday | Vie Associative\" \/>\n<meta property=\"og:description\" content=\"Il n\u2019y a pas de meilleur moment que maintenant pour mettre en place un plan de secours \u00e0 domicile. Depuis que cet \u00e9t\u00e9 a provoqu\u00e9\" \/>\n<meta property=\"og:url\" content=\"https:\/\/vieassociative.be\/actualites\/ces-centrales-electriques-pour-toute-la-maison-vous-preparent-a-une-urgence-et-beneficient-dune-reduction-de-60-pour-le-black-friday\/\" \/>\n<meta property=\"og:site_name\" content=\"Vie Associative\" \/>\n<meta property=\"article:published_time\" content=\"2024-11-26T00:17:11+00:00\" \/>\n<meta property=\"og:image\" content=\"https:\/\/vieassociative.be\/actualites\/wp-content\/uploads\/2024\/09\/header_backgroundk-01-e1726694325946.png\" \/>\n\t<meta property=\"og:image:width\" content=\"279\" \/>\n\t<meta property=\"og:image:height\" content=\"92\" \/>\n\t<meta property=\"og:image:type\" content=\"image\/png\" \/>\n<meta name=\"author\" content=\"Julien\" \/>\n<meta name=\"twitter:card\" content=\"summary_large_image\" \/>\n<meta name=\"twitter:label1\" content=\"\u00c9crit par\" \/>\n\t<meta name=\"twitter:data1\" content=\"Julien\" \/>\n\t<meta name=\"twitter:label2\" content=\"Dur\u00e9e de lecture est.\" \/>\n\t<meta name=\"twitter:data2\" content=\"5 minutes\" \/>\n<script type=\"application\/ld+json\" class=\"yoast-schema-graph\">{\"@context\":\"https:\/\/schema.org\",\"@graph\":[{\"@type\":\"Article\",\"@id\":\"https:\/\/vieassociative.be\/actualites\/ces-centrales-electriques-pour-toute-la-maison-vous-preparent-a-une-urgence-et-beneficient-dune-reduction-de-60-pour-le-black-friday\/#article\",\"isPartOf\":{\"@id\":\"https:\/\/vieassociative.be\/actualites\/ces-centrales-electriques-pour-toute-la-maison-vous-preparent-a-une-urgence-et-beneficient-dune-reduction-de-60-pour-le-black-friday\/\"},\"author\":{\"name\":\"Julien\",\"@id\":\"https:\/\/vieassociative.be\/actualites\/#\/schema\/person\/b87ac4f82f9d4e7b7cec7395b679edc4\"},\"headline\":\"Ces centrales \u00e9lectriques pour toute la maison vous pr\u00e9parent \u00e0 une urgence et b\u00e9n\u00e9ficient d&rsquo;une r\u00e9duction de 60 % pour le Black Friday\",\"datePublished\":\"2024-11-26T00:17:11+00:00\",\"dateModified\":\"2024-11-26T00:17:11+00:00\",\"mainEntityOfPage\":{\"@id\":\"https:\/\/vieassociative.be\/actualites\/ces-centrales-electriques-pour-toute-la-maison-vous-preparent-a-une-urgence-et-beneficient-dune-reduction-de-60-pour-le-black-friday\/\"},\"wordCount\":1006,\"publisher\":{\"@id\":\"https:\/\/vieassociative.be\/actualites\/#organization\"},\"image\":{\"@id\":\"https:\/\/vieassociative.be\/actualites\/ces-centrales-electriques-pour-toute-la-maison-vous-preparent-a-une-urgence-et-beneficient-dune-reduction-de-60-pour-le-black-friday\/#primaryimage\"},\"thumbnailUrl\":\"https:\/\/vieassociative.be\/actualites\/wp-content\/uploads\/2024\/11\/Ces-centrales-electriques-pour-toute-la-maison-vous-preparent-a.png\",\"keywords\":[\"b\u00e9n\u00e9ficient\",\"Black\",\"centrales\",\"ces\",\"dune\",\"\u00e9lectriques\",\"Friday\",\"maison\",\"pour\",\"pr\u00e9parent\",\"r\u00e9duction\",\"toute\",\"une\",\"urgence\",\"Vous\"],\"articleSection\":[\"Technologie\"],\"inLanguage\":\"fr-BE\"},{\"@type\":\"WebPage\",\"@id\":\"https:\/\/vieassociative.be\/actualites\/ces-centrales-electriques-pour-toute-la-maison-vous-preparent-a-une-urgence-et-beneficient-dune-reduction-de-60-pour-le-black-friday\/\",\"url\":\"https:\/\/vieassociative.be\/actualites\/ces-centrales-electriques-pour-toute-la-maison-vous-preparent-a-une-urgence-et-beneficient-dune-reduction-de-60-pour-le-black-friday\/\",\"name\":\"Ces centrales \u00e9lectriques pour toute la maison vous pr\u00e9parent \u00e0 une urgence et b\u00e9n\u00e9ficient d'une r\u00e9duction de 60 % pour le Black Friday | Vie Associative\",\"isPartOf\":{\"@id\":\"https:\/\/vieassociative.be\/actualites\/#website\"},\"primaryImageOfPage\":{\"@id\":\"https:\/\/vieassociative.be\/actualites\/ces-centrales-electriques-pour-toute-la-maison-vous-preparent-a-une-urgence-et-beneficient-dune-reduction-de-60-pour-le-black-friday\/#primaryimage\"},\"image\":{\"@id\":\"https:\/\/vieassociative.be\/actualites\/ces-centrales-electriques-pour-toute-la-maison-vous-preparent-a-une-urgence-et-beneficient-dune-reduction-de-60-pour-le-black-friday\/#primaryimage\"},\"thumbnailUrl\":\"https:\/\/vieassociative.be\/actualites\/wp-content\/uploads\/2024\/11\/Ces-centrales-electriques-pour-toute-la-maison-vous-preparent-a.png\",\"datePublished\":\"2024-11-26T00:17:11+00:00\",\"dateModified\":\"2024-11-26T00:17:11+00:00\",\"breadcrumb\":{\"@id\":\"https:\/\/vieassociative.be\/actualites\/ces-centrales-electriques-pour-toute-la-maison-vous-preparent-a-une-urgence-et-beneficient-dune-reduction-de-60-pour-le-black-friday\/#breadcrumb\"},\"inLanguage\":\"fr-BE\",\"potentialAction\":[{\"@type\":\"ReadAction\",\"target\":[\"https:\/\/vieassociative.be\/actualites\/ces-centrales-electriques-pour-toute-la-maison-vous-preparent-a-une-urgence-et-beneficient-dune-reduction-de-60-pour-le-black-friday\/\"]}]},{\"@type\":\"ImageObject\",\"inLanguage\":\"fr-BE\",\"@id\":\"https:\/\/vieassociative.be\/actualites\/ces-centrales-electriques-pour-toute-la-maison-vous-preparent-a-une-urgence-et-beneficient-dune-reduction-de-60-pour-le-black-friday\/#primaryimage\",\"url\":\"https:\/\/vieassociative.be\/actualites\/wp-content\/uploads\/2024\/11\/Ces-centrales-electriques-pour-toute-la-maison-vous-preparent-a.png\",\"contentUrl\":\"https:\/\/vieassociative.be\/actualites\/wp-content\/uploads\/2024\/11\/Ces-centrales-electriques-pour-toute-la-maison-vous-preparent-a.png\",\"width\":1200,\"height\":675,\"caption\":\"Ces centrales \u00e9lectriques pour toute la maison vous pr\u00e9parent \u00e0 une urgence et b\u00e9n\u00e9ficient d'une r\u00e9duction de 60 % pour le Black Friday\"},{\"@type\":\"BreadcrumbList\",\"@id\":\"https:\/\/vieassociative.be\/actualites\/ces-centrales-electriques-pour-toute-la-maison-vous-preparent-a-une-urgence-et-beneficient-dune-reduction-de-60-pour-le-black-friday\/#breadcrumb\",\"itemListElement\":[{\"@type\":\"ListItem\",\"position\":1,\"name\":\"Accueil\",\"item\":\"https:\/\/vieassociative.be\/actualites\/\"},{\"@type\":\"ListItem\",\"position\":2,\"name\":\"Ces centrales \u00e9lectriques pour toute la maison vous pr\u00e9parent \u00e0 une urgence et b\u00e9n\u00e9ficient d&rsquo;une r\u00e9duction de 60 % pour le Black Friday\"}]},{\"@type\":\"WebSite\",\"@id\":\"https:\/\/vieassociative.be\/actualites\/#website\",\"url\":\"https:\/\/vieassociative.be\/actualites\/\",\"name\":\"Vie Associative\",\"description\":\"\",\"publisher\":{\"@id\":\"https:\/\/vieassociative.be\/actualites\/#organization\"},\"potentialAction\":[{\"@type\":\"SearchAction\",\"target\":{\"@type\":\"EntryPoint\",\"urlTemplate\":\"https:\/\/vieassociative.be\/actualites\/?s={search_term_string}\"},\"query-input\":{\"@type\":\"PropertyValueSpecification\",\"valueRequired\":true,\"valueName\":\"search_term_string\"}}],\"inLanguage\":\"fr-BE\"},{\"@type\":\"Organization\",\"@id\":\"https:\/\/vieassociative.be\/actualites\/#organization\",\"name\":\"Vie Associative\",\"url\":\"https:\/\/vieassociative.be\/actualites\/\",\"logo\":{\"@type\":\"ImageObject\",\"inLanguage\":\"fr-BE\",\"@id\":\"https:\/\/vieassociative.be\/actualites\/#\/schema\/logo\/image\/\",\"url\":\"https:\/\/vieassociative.be\/actualites\/wp-content\/uploads\/2024\/09\/cropped-vieassociative_favicon.ico.png\",\"contentUrl\":\"https:\/\/vieassociative.be\/actualites\/wp-content\/uploads\/2024\/09\/cropped-vieassociative_favicon.ico.png\",\"width\":512,\"height\":512,\"caption\":\"Vie Associative\"},\"image\":{\"@id\":\"https:\/\/vieassociative.be\/actualites\/#\/schema\/logo\/image\/\"}},{\"@type\":\"Person\",\"@id\":\"https:\/\/vieassociative.be\/actualites\/#\/schema\/person\/b87ac4f82f9d4e7b7cec7395b679edc4\",\"name\":\"Julien\",\"image\":{\"@type\":\"ImageObject\",\"inLanguage\":\"fr-BE\",\"@id\":\"https:\/\/vieassociative.be\/actualites\/#\/schema\/person\/image\/\",\"url\":\"https:\/\/vieassociative.be\/actualites\/wp-content\/uploads\/2024\/09\/vie-associative-1-150x150.jpg\",\"contentUrl\":\"https:\/\/vieassociative.be\/actualites\/wp-content\/uploads\/2024\/09\/vie-associative-1-150x150.jpg\",\"caption\":\"Julien\"},\"description\":\"Je suis Julien, r\u00e9dacteur pour Vie Associative. Passionn\u00e9 par le monde associatif depuis plus de 10 ans, j'ai \u00e0 c\u0153ur de partager des histoires inspirantes et de mettre en lumi\u00e8re les initiatives locales. Mon objectif est de sensibiliser et d'encourager l'engagement communautaire \u00e0 travers mes articles.\",\"sameAs\":[\"https:\/\/vieassociative.be\/\"]}]}<\/script>\n<!-- \/ Yoast SEO plugin. -->","yoast_head_json":{"title":"Ces centrales \u00e9lectriques pour toute la maison vous pr\u00e9parent \u00e0 une urgence et b\u00e9n\u00e9ficient d'une r\u00e9duction de 60 % pour le Black Friday | Vie Associative","robots":{"index":"index","follow":"follow","max-snippet":"max-snippet:-1","max-image-preview":"max-image-preview:large","max-video-preview":"max-video-preview:-1"},"canonical":"https:\/\/vieassociative.be\/actualites\/ces-centrales-electriques-pour-toute-la-maison-vous-preparent-a-une-urgence-et-beneficient-dune-reduction-de-60-pour-le-black-friday\/","og_locale":"fr_FR","og_type":"article","og_title":"Ces centrales \u00e9lectriques pour toute la maison vous pr\u00e9parent \u00e0 une urgence et b\u00e9n\u00e9ficient d'une r\u00e9duction de 60 % pour le Black Friday | Vie Associative","og_description":"Il n\u2019y a pas de meilleur moment que maintenant pour mettre en place un plan de secours \u00e0 domicile. Depuis que cet \u00e9t\u00e9 a provoqu\u00e9","og_url":"https:\/\/vieassociative.be\/actualites\/ces-centrales-electriques-pour-toute-la-maison-vous-preparent-a-une-urgence-et-beneficient-dune-reduction-de-60-pour-le-black-friday\/","og_site_name":"Vie Associative","article_published_time":"2024-11-26T00:17:11+00:00","og_image":[{"width":279,"height":92,"url":"https:\/\/vieassociative.be\/actualites\/wp-content\/uploads\/2024\/09\/header_backgroundk-01-e1726694325946.png","type":"image\/png"}],"author":"Julien","twitter_card":"summary_large_image","twitter_misc":{"\u00c9crit par":"Julien","Dur\u00e9e de lecture est.":"5 minutes"},"schema":{"@context":"https:\/\/schema.org","@graph":[{"@type":"Article","@id":"https:\/\/vieassociative.be\/actualites\/ces-centrales-electriques-pour-toute-la-maison-vous-preparent-a-une-urgence-et-beneficient-dune-reduction-de-60-pour-le-black-friday\/#article","isPartOf":{"@id":"https:\/\/vieassociative.be\/actualites\/ces-centrales-electriques-pour-toute-la-maison-vous-preparent-a-une-urgence-et-beneficient-dune-reduction-de-60-pour-le-black-friday\/"},"author":{"name":"Julien","@id":"https:\/\/vieassociative.be\/actualites\/#\/schema\/person\/b87ac4f82f9d4e7b7cec7395b679edc4"},"headline":"Ces centrales \u00e9lectriques pour toute la maison vous pr\u00e9parent \u00e0 une urgence et b\u00e9n\u00e9ficient d&rsquo;une r\u00e9duction de 60 % pour le Black Friday","datePublished":"2024-11-26T00:17:11+00:00","dateModified":"2024-11-26T00:17:11+00:00","mainEntityOfPage":{"@id":"https:\/\/vieassociative.be\/actualites\/ces-centrales-electriques-pour-toute-la-maison-vous-preparent-a-une-urgence-et-beneficient-dune-reduction-de-60-pour-le-black-friday\/"},"wordCount":1006,"publisher":{"@id":"https:\/\/vieassociative.be\/actualites\/#organization"},"image":{"@id":"https:\/\/vieassociative.be\/actualites\/ces-centrales-electriques-pour-toute-la-maison-vous-preparent-a-une-urgence-et-beneficient-dune-reduction-de-60-pour-le-black-friday\/#primaryimage"},"thumbnailUrl":"https:\/\/vieassociative.be\/actualites\/wp-content\/uploads\/2024\/11\/Ces-centrales-electriques-pour-toute-la-maison-vous-preparent-a.png","keywords":["b\u00e9n\u00e9ficient","Black","centrales","ces","dune","\u00e9lectriques","Friday","maison","pour","pr\u00e9parent","r\u00e9duction","toute","une","urgence","Vous"],"articleSection":["Technologie"],"inLanguage":"fr-BE"},{"@type":"WebPage","@id":"https:\/\/vieassociative.be\/actualites\/ces-centrales-electriques-pour-toute-la-maison-vous-preparent-a-une-urgence-et-beneficient-dune-reduction-de-60-pour-le-black-friday\/","url":"https:\/\/vieassociative.be\/actualites\/ces-centrales-electriques-pour-toute-la-maison-vous-preparent-a-une-urgence-et-beneficient-dune-reduction-de-60-pour-le-black-friday\/","name":"Ces centrales \u00e9lectriques pour toute la maison vous pr\u00e9parent \u00e0 une urgence et b\u00e9n\u00e9ficient d'une r\u00e9duction de 60 % pour le Black Friday | Vie Associative","isPartOf":{"@id":"https:\/\/vieassociative.be\/actualites\/#website"},"primaryImageOfPage":{"@id":"https:\/\/vieassociative.be\/actualites\/ces-centrales-electriques-pour-toute-la-maison-vous-preparent-a-une-urgence-et-beneficient-dune-reduction-de-60-pour-le-black-friday\/#primaryimage"},"image":{"@id":"https:\/\/vieassociative.be\/actualites\/ces-centrales-electriques-pour-toute-la-maison-vous-preparent-a-une-urgence-et-beneficient-dune-reduction-de-60-pour-le-black-friday\/#primaryimage"},"thumbnailUrl":"https:\/\/vieassociative.be\/actualites\/wp-content\/uploads\/2024\/11\/Ces-centrales-electriques-pour-toute-la-maison-vous-preparent-a.png","datePublished":"2024-11-26T00:17:11+00:00","dateModified":"2024-11-26T00:17:11+00:00","breadcrumb":{"@id":"https:\/\/vieassociative.be\/actualites\/ces-centrales-electriques-pour-toute-la-maison-vous-preparent-a-une-urgence-et-beneficient-dune-reduction-de-60-pour-le-black-friday\/#breadcrumb"},"inLanguage":"fr-BE","potentialAction":[{"@type":"ReadAction","target":["https:\/\/vieassociative.be\/actualites\/ces-centrales-electriques-pour-toute-la-maison-vous-preparent-a-une-urgence-et-beneficient-dune-reduction-de-60-pour-le-black-friday\/"]}]},{"@type":"ImageObject","inLanguage":"fr-BE","@id":"https:\/\/vieassociative.be\/actualites\/ces-centrales-electriques-pour-toute-la-maison-vous-preparent-a-une-urgence-et-beneficient-dune-reduction-de-60-pour-le-black-friday\/#primaryimage","url":"https:\/\/vieassociative.be\/actualites\/wp-content\/uploads\/2024\/11\/Ces-centrales-electriques-pour-toute-la-maison-vous-preparent-a.png","contentUrl":"https:\/\/vieassociative.be\/actualites\/wp-content\/uploads\/2024\/11\/Ces-centrales-electriques-pour-toute-la-maison-vous-preparent-a.png","width":1200,"height":675,"caption":"Ces centrales \u00e9lectriques pour toute la maison vous pr\u00e9parent \u00e0 une urgence et b\u00e9n\u00e9ficient d'une r\u00e9duction de 60 % pour le Black Friday"},{"@type":"BreadcrumbList","@id":"https:\/\/vieassociative.be\/actualites\/ces-centrales-electriques-pour-toute-la-maison-vous-preparent-a-une-urgence-et-beneficient-dune-reduction-de-60-pour-le-black-friday\/#breadcrumb","itemListElement":[{"@type":"ListItem","position":1,"name":"Accueil","item":"https:\/\/vieassociative.be\/actualites\/"},{"@type":"ListItem","position":2,"name":"Ces centrales \u00e9lectriques pour toute la maison vous pr\u00e9parent \u00e0 une urgence et b\u00e9n\u00e9ficient d&rsquo;une r\u00e9duction de 60 % pour le Black Friday"}]},{"@type":"WebSite","@id":"https:\/\/vieassociative.be\/actualites\/#website","url":"https:\/\/vieassociative.be\/actualites\/","name":"Vie Associative","description":"","publisher":{"@id":"https:\/\/vieassociative.be\/actualites\/#organization"},"potentialAction":[{"@type":"SearchAction","target":{"@type":"EntryPoint","urlTemplate":"https:\/\/vieassociative.be\/actualites\/?s={search_term_string}"},"query-input":{"@type":"PropertyValueSpecification","valueRequired":true,"valueName":"search_term_string"}}],"inLanguage":"fr-BE"},{"@type":"Organization","@id":"https:\/\/vieassociative.be\/actualites\/#organization","name":"Vie Associative","url":"https:\/\/vieassociative.be\/actualites\/","logo":{"@type":"ImageObject","inLanguage":"fr-BE","@id":"https:\/\/vieassociative.be\/actualites\/#\/schema\/logo\/image\/","url":"https:\/\/vieassociative.be\/actualites\/wp-content\/uploads\/2024\/09\/cropped-vieassociative_favicon.ico.png","contentUrl":"https:\/\/vieassociative.be\/actualites\/wp-content\/uploads\/2024\/09\/cropped-vieassociative_favicon.ico.png","width":512,"height":512,"caption":"Vie Associative"},"image":{"@id":"https:\/\/vieassociative.be\/actualites\/#\/schema\/logo\/image\/"}},{"@type":"Person","@id":"https:\/\/vieassociative.be\/actualites\/#\/schema\/person\/b87ac4f82f9d4e7b7cec7395b679edc4","name":"Julien","image":{"@type":"ImageObject","inLanguage":"fr-BE","@id":"https:\/\/vieassociative.be\/actualites\/#\/schema\/person\/image\/","url":"https:\/\/vieassociative.be\/actualites\/wp-content\/uploads\/2024\/09\/vie-associative-1-150x150.jpg","contentUrl":"https:\/\/vieassociative.be\/actualites\/wp-content\/uploads\/2024\/09\/vie-associative-1-150x150.jpg","caption":"Julien"},"description":"Je suis Julien, r\u00e9dacteur pour Vie Associative. Passionn\u00e9 par le monde associatif depuis plus de 10 ans, j'ai \u00e0 c\u0153ur de partager des histoires inspirantes et de mettre en lumi\u00e8re les initiatives locales. Mon objectif est de sensibiliser et d'encourager l'engagement communautaire \u00e0 travers mes articles.","sameAs":["https:\/\/vieassociative.be\/"]}]}},"_links":{"self":[{"href":"https:\/\/vieassociative.be\/actualites\/wp-json\/wp\/v2\/posts\/2769"}],"collection":[{"href":"https:\/\/vieassociative.be\/actualites\/wp-json\/wp\/v2\/posts"}],"about":[{"href":"https:\/\/vieassociative.be\/actualites\/wp-json\/wp\/v2\/types\/post"}],"author":[{"embeddable":true,"href":"https:\/\/vieassociative.be\/actualites\/wp-json\/wp\/v2\/users\/1"}],"replies":[{"embeddable":true,"href":"https:\/\/vieassociative.be\/actualites\/wp-json\/wp\/v2\/comments?post=2769"}],"version-history":[{"count":0,"href":"https:\/\/vieassociative.be\/actualites\/wp-json\/wp\/v2\/posts\/2769\/revisions"}],"wp:featuredmedia":[{"embeddable":true,"href":"https:\/\/vieassociative.be\/actualites\/wp-json\/wp\/v2\/media\/2770"}],"wp:attachment":[{"href":"https:\/\/vieassociative.be\/actualites\/wp-json\/wp\/v2\/media?parent=2769"}],"wp:term":[{"taxonomy":"category","embeddable":true,"href":"https:\/\/vieassociative.be\/actualites\/wp-json\/wp\/v2\/categories?post=2769"},{"taxonomy":"post_tag","embeddable":true,"href":"https:\/\/vieassociative.be\/actualites\/wp-json\/wp\/v2\/tags?post=2769"}],"curies":[{"name":"wp","href":"https:\/\/api.w.org\/{rel}","templated":true}]}}