{"id":2767,"date":"2024-11-26T00:17:18","date_gmt":"2024-11-25T23:17:18","guid":{"rendered":"https:\/\/vieassociative.be\/actualites\/pourquoi-vous-ne-devriez-vraiment-pas-accueillir-un-oiseau-sauvage\/"},"modified":"2024-11-26T00:17:18","modified_gmt":"2024-11-25T23:17:18","slug":"pourquoi-vous-ne-devriez-vraiment-pas-accueillir-un-oiseau-sauvage","status":"publish","type":"post","link":"https:\/\/vieassociative.be\/actualites\/pourquoi-vous-ne-devriez-vraiment-pas-accueillir-un-oiseau-sauvage\/","title":{"rendered":"Pourquoi vous ne devriez vraiment pas accueillir un oiseau sauvage"},"content":{"rendered":"<div class=\"mt-4 leading-6 md:mb-8\">Garder un oiseau sauvage n\u2019est pas seulement contraire \u00e0 l\u2019\u00e9thique, cela peut m\u00eame \u00eatre ill\u00e9gal.<\/div>\n<p><\/p>\n<p>Quand j&rsquo;\u00e9tais enfant dans la campagne du Midwest, j&rsquo;avais l&rsquo;habitude de voir des gens autour de moi \u00ab sauver \u00bb des oiseaux bless\u00e9s, les ramener chez eux et prendre soin d&rsquo;eux. Le v\u00e9t\u00e9rinaire local a m\u00eame facilit\u00e9 cette d\u00e9marche en appelant certaines familles lorsqu&rsquo;un oiseau bless\u00e9 \u00e9tait amen\u00e9 dans son cabinet. Nous consid\u00e9rions ces oiseaux comme des cr\u00e9atures chanceuses, de style Petite-Orpheline-Annie, qui b\u00e9n\u00e9ficiaient du confort d&rsquo;une nourriture et d&rsquo;un abri \u00e0 la demande, sauv\u00e9es du monde ext\u00e9rieur cruel. \u00c0 l&rsquo;\u00e2ge adulte, je connais un certain nombre de personnes qui font cela avec les pigeons de New York.<\/p>\n<p>Mais est-ce la bonne chose \u00e0 faire ? M\u00eame si un oiseau est bless\u00e9, est-il acceptable de l\u2019accueillir et d\u2019en faire un animal de compagnie ? Pas vraiment! Voici pourquoi.<\/p>\n<h2 id=\"first-of-all-this-can-be-illegal\"><strong>Tout d&rsquo;abord, cela peut \u00eatre ill\u00e9gal<\/strong><\/h2>\n<p>Avant d&rsquo;y introduire un oiseau de l&rsquo;ext\u00e9rieur de votre maison, vous devez conna\u00eetre la Loi sur le Trait\u00e9 sur les oiseaux migrateurs, une loi f\u00e9d\u00e9rale qui interdit la possession d&rsquo;esp\u00e8ces d&rsquo;oiseaux migrateurs prot\u00e9g\u00e9es sans permis. Cette autorisation provient du US Fish and Wildlife Services du minist\u00e8re de l&rsquo;Int\u00e9rieur. Allez-vous en prison pour avoir recueilli un oiseau ? Probablement pas, mais vous devriez consulter le site Web du FWS pour voir si l&rsquo;oiseau que vous avez trouv\u00e9 figure sur la liste prot\u00e9g\u00e9e et demander un permis si c&rsquo;est le cas. (D&rsquo;une mani\u00e8re g\u00e9n\u00e9rale, seuls les \u00e9tourneaux, les pigeons et les moineaux europ\u00e9ens ne sont pas prot\u00e9g\u00e9s par la loi aux \u00c9tats-Unis)<\/p>\n<p>Les lois locales peuvent \u00e9galement s&rsquo;appliquer. Bien que vous ayez besoin d&rsquo;un permis pour pi\u00e9ger des pigeons \u00e0 New York, la ville n&rsquo;acceptera pas les plaintes concernant quiconque garde les oiseaux dans des poulaillers ou comme animaux de compagnie. Poss\u00e9der des pigeons n&rsquo;est pas r\u00e9ellement ill\u00e9gal \u00e0 New York, mais les pi\u00e9ger l&rsquo;est. La plupart des gens pi\u00e8gent les pigeons parce qu&rsquo;ils les consid\u00e8rent comme des parasites, mais si vous essayez d&rsquo;attirer et de pi\u00e9ger un groupe pour les garder comme animaux de compagnie (pour une raison quelconque), vous pourriez \u00e9galement enfreindre la loi.<\/p>\n<p>Comme le soulignent les Centers for Disease Control and Prevention, les gouvernements ont \u00e9galement pris des ordonnances contre certains animaux de compagnie en raison du bruit, de la taille ou du risque pour la sant\u00e9 publique. Cela signifie que m\u00eame certains oiseaux \u00e9lev\u00e9s pour \u00eatre des animaux de compagnie pourraient \u00eatre ill\u00e9gaux. En bref, poss\u00e9der des oiseaux est l\u00e9galement plus risqu\u00e9 que vous ne le pensez.<\/p>\n<h2 id=\"wild-birds-just-arent-pets\"><strong>Les oiseaux sauvages ne sont tout simplement pas des animaux de compagnie<\/strong><\/h2>\n<p>Chez Spruce Pets, l\u2019experte aviaire Alyson Kalhagen et la v\u00e9t\u00e9rinaire Dr Natasha Diehl conseillent que garder un oiseau sauvage comme animal de compagnie \u00ab est une id\u00e9e discutable dans la grande majorit\u00e9 des cas \u00bb. Ils notent qu&rsquo;il est \u00ab plut\u00f4t contraire \u00e0 l&rsquo;\u00e9thique \u00bb et pas particuli\u00e8rement humain de retirer un animal sauvage de son habitat et de le mettre en cage. Non seulement il est injuste de mettre en cage un animal sauvage, mais cela pourrait \u00eatre encore plus moralement r\u00e9pr\u00e9hensible si l\u2019oiseau a besoin de soins. Les experts de Spruce Pets notent qu&rsquo;un expert aviaire ou un v\u00e9t\u00e9rinaire pourrait \u00eatre en d\u00e9saccord avec le fait que vous ayez l&rsquo;oiseau, donc trouver quelqu&rsquo;un pour soigner l&rsquo;animal en cas de besoin pourrait \u00eatre assez difficile. Dans ce cas, votre oiseau serait malade ou bless\u00e9 sans aucun soin de la part de quelqu&rsquo;un qui pourrait lui apporter de l&rsquo;aide.<\/p>\n<p>Bien s\u00fbr, on peut affirmer que prendre un oiseau bless\u00e9 ou malade <em>est <\/em>humaine, ou du moins mieux que de la laisser souffrir ou m\u00eame mourir dehors. Malheureusement, les oiseaux meurent tout le temps dehors. Les gens de Bird Watching Pro disent cependant que si un oiseau ne peut vraiment pas \u00eatre r\u00e9habilit\u00e9, vous pouvez envisager de lui donner un foyer, mais vous ne devriez jamais accueillir un oiseau qui va parfaitement bien simplement parce que vous en voulez un. Les animaux sauvages devraient \u00eatre libres.<\/p>\n<p>Si vous trouvez un oisillon et pensez que vous allez le prendre en charge jusqu&rsquo;\u00e0 ce qu&rsquo;il soit pr\u00eat \u00e0 retourner dans son habitat naturel, reconsid\u00e9rez cela \u00e9galement. Selon le projet All About Birds du Cornell Lab, \u00ab m\u00eame avec des soins et une alimentation sp\u00e9cialis\u00e9s, les gens ne peuvent tout simplement pas fournir aux oisillons la plupart des comp\u00e9tences dont ils ont besoin pour affronter le monde naturel \u00bb. Essentiellement, vous pr\u00e9parez cet oiseau \u00e0 mourir dans un territoire inconnu pour lequel il n&rsquo;a pas \u00e9t\u00e9 pr\u00e9par\u00e9.<\/p>\n<h2 id=\"if-you-do-end-up-with-a-wild-bird-heres-what-to-do\"><strong>Si vous vous retrouvez avec un oiseau sauvage, voici ce qu&rsquo;il faut faire<\/strong><\/h2>\n<p>Si vous trouvez un oiseau sauvage vraiment bless\u00e9 et que vous ne capturez pas un animal en bonne sant\u00e9 pour votre plaisir \u00e9go\u00efste, <em>plus<\/em> c&rsquo;est l&rsquo;une des rares esp\u00e8ces dont la d\u00e9tention est l\u00e9gale, mais il faut quand m\u00eame tenir compte de son bien-\u00eatre. Acheter une cage et des graines ne suffit pas. Les oiseaux sont des animaux de troupeau qui se comportent bien en meute, votre nouveau compagnon se sentira donc seul et pourrait m\u00eame devenir d\u00e9prim\u00e9 et recourir \u00e0 l&rsquo;automutilation.<\/p>\n<p>Vous devrez faire examiner l&rsquo;oiseau par un v\u00e9t\u00e9rinaire, si vous en trouvez un dispos\u00e9, pour vous assurer qu&rsquo;il ne pr\u00e9sente aucun risque pour votre sant\u00e9 et celle de votre famille, ou de vos autres animaux de compagnie. Demandez l\u2019avis d\u2019un expert sur quoi nourrir l\u2019oiseau et comment lui offrir un environnement sain.<\/p>\n<p>Il est pr\u00e9f\u00e9rable d&rsquo;installer des mangeoires \u00e0 oiseaux dans votre jardin et de profiter de la compagnie des oiseaux sauvages \u00e0 l&rsquo;ext\u00e9rieur, m\u00eame si elle est \u00e9ph\u00e9m\u00e8re. Vous pouvez \u00e9galement contacter un centre de r\u00e9adaptation ou de recherche local pour savoir s&rsquo;il existe des possibilit\u00e9s de faire du b\u00e9n\u00e9volat l\u00e0-bas. Ensuite, tu pourras \u00eatre parmi les oiseaux <em>et <\/em>aidez vraiment ceux qui en ont besoin, en toute s\u00e9curit\u00e9. <\/p>\n<p><\/p>\n","protected":false},"excerpt":{"rendered":"<p>Garder un oiseau sauvage n\u2019est pas seulement contraire \u00e0 l\u2019\u00e9thique, cela peut m\u00eame \u00eatre ill\u00e9gal. Quand j&rsquo;\u00e9tais enfant dans la campagne du Midwest, j&rsquo;avais l&rsquo;habitude<\/p>\n","protected":false},"author":1,"featured_media":2768,"comment_status":"","ping_status":"","sticky":false,"template":"","format":"standard","meta":{"footnotes":""},"categories":[37],"tags":[3498,636,3499,126,734,3500,4,523],"class_list":["post-2767","post","type-post","status-publish","format-standard","has-post-thumbnail","hentry","category-famille","tag-accueillir","tag-devriez","tag-oiseau","tag-pas","tag-pourquoi","tag-sauvage","tag-vous","tag-vraiment","generate-columns","tablet-grid-50","mobile-grid-100","grid-parent","grid-33"],"yoast_head":"<!-- This site is optimized with the Yoast SEO plugin v24.0 - https:\/\/yoast.com\/wordpress\/plugins\/seo\/ -->\n<title>Pourquoi vous ne devriez vraiment pas accueillir un oiseau sauvage | Vie Associative<\/title>\n<meta name=\"robots\" content=\"index, follow, max-snippet:-1, max-image-preview:large, max-video-preview:-1\" \/>\n<link rel=\"canonical\" href=\"https:\/\/vieassociative.be\/actualites\/pourquoi-vous-ne-devriez-vraiment-pas-accueillir-un-oiseau-sauvage\/\" \/>\n<meta property=\"og:locale\" content=\"fr_FR\" \/>\n<meta property=\"og:type\" content=\"article\" \/>\n<meta property=\"og:title\" content=\"Pourquoi vous ne devriez vraiment pas accueillir un oiseau sauvage | Vie Associative\" \/>\n<meta property=\"og:description\" content=\"Garder un oiseau sauvage n\u2019est pas seulement contraire \u00e0 l\u2019\u00e9thique, cela peut m\u00eame \u00eatre ill\u00e9gal. Quand j&rsquo;\u00e9tais enfant dans la campagne du Midwest, j&rsquo;avais l&rsquo;habitude\" \/>\n<meta property=\"og:url\" content=\"https:\/\/vieassociative.be\/actualites\/pourquoi-vous-ne-devriez-vraiment-pas-accueillir-un-oiseau-sauvage\/\" \/>\n<meta property=\"og:site_name\" content=\"Vie Associative\" \/>\n<meta property=\"article:published_time\" content=\"2024-11-25T23:17:18+00:00\" \/>\n<meta property=\"og:image\" content=\"https:\/\/vieassociative.be\/actualites\/wp-content\/uploads\/2024\/09\/header_backgroundk-01-e1726694325946.png\" \/>\n\t<meta property=\"og:image:width\" content=\"279\" \/>\n\t<meta property=\"og:image:height\" content=\"92\" \/>\n\t<meta property=\"og:image:type\" content=\"image\/png\" \/>\n<meta name=\"author\" content=\"Julien\" \/>\n<meta name=\"twitter:card\" content=\"summary_large_image\" \/>\n<meta name=\"twitter:label1\" content=\"\u00c9crit par\" \/>\n\t<meta name=\"twitter:data1\" content=\"Julien\" \/>\n\t<meta name=\"twitter:label2\" content=\"Dur\u00e9e de lecture est.\" \/>\n\t<meta name=\"twitter:data2\" content=\"5 minutes\" \/>\n<script type=\"application\/ld+json\" class=\"yoast-schema-graph\">{\"@context\":\"https:\/\/schema.org\",\"@graph\":[{\"@type\":\"Article\",\"@id\":\"https:\/\/vieassociative.be\/actualites\/pourquoi-vous-ne-devriez-vraiment-pas-accueillir-un-oiseau-sauvage\/#article\",\"isPartOf\":{\"@id\":\"https:\/\/vieassociative.be\/actualites\/pourquoi-vous-ne-devriez-vraiment-pas-accueillir-un-oiseau-sauvage\/\"},\"author\":{\"name\":\"Julien\",\"@id\":\"https:\/\/vieassociative.be\/actualites\/#\/schema\/person\/b87ac4f82f9d4e7b7cec7395b679edc4\"},\"headline\":\"Pourquoi vous ne devriez vraiment pas accueillir un oiseau sauvage\",\"datePublished\":\"2024-11-25T23:17:18+00:00\",\"dateModified\":\"2024-11-25T23:17:18+00:00\",\"mainEntityOfPage\":{\"@id\":\"https:\/\/vieassociative.be\/actualites\/pourquoi-vous-ne-devriez-vraiment-pas-accueillir-un-oiseau-sauvage\/\"},\"wordCount\":1097,\"publisher\":{\"@id\":\"https:\/\/vieassociative.be\/actualites\/#organization\"},\"image\":{\"@id\":\"https:\/\/vieassociative.be\/actualites\/pourquoi-vous-ne-devriez-vraiment-pas-accueillir-un-oiseau-sauvage\/#primaryimage\"},\"thumbnailUrl\":\"https:\/\/vieassociative.be\/actualites\/wp-content\/uploads\/2024\/11\/Pourquoi-vous-ne-devriez-vraiment-pas-accueillir-un-oiseau-sauvage.jpg\",\"keywords\":[\"accueillir\",\"devriez\",\"oiseau\",\"pas\",\"Pourquoi\",\"sauvage\",\"Vous\",\"vraiment\"],\"articleSection\":[\"Famille\"],\"inLanguage\":\"fr-BE\"},{\"@type\":\"WebPage\",\"@id\":\"https:\/\/vieassociative.be\/actualites\/pourquoi-vous-ne-devriez-vraiment-pas-accueillir-un-oiseau-sauvage\/\",\"url\":\"https:\/\/vieassociative.be\/actualites\/pourquoi-vous-ne-devriez-vraiment-pas-accueillir-un-oiseau-sauvage\/\",\"name\":\"Pourquoi vous ne devriez vraiment pas accueillir un oiseau sauvage | Vie Associative\",\"isPartOf\":{\"@id\":\"https:\/\/vieassociative.be\/actualites\/#website\"},\"primaryImageOfPage\":{\"@id\":\"https:\/\/vieassociative.be\/actualites\/pourquoi-vous-ne-devriez-vraiment-pas-accueillir-un-oiseau-sauvage\/#primaryimage\"},\"image\":{\"@id\":\"https:\/\/vieassociative.be\/actualites\/pourquoi-vous-ne-devriez-vraiment-pas-accueillir-un-oiseau-sauvage\/#primaryimage\"},\"thumbnailUrl\":\"https:\/\/vieassociative.be\/actualites\/wp-content\/uploads\/2024\/11\/Pourquoi-vous-ne-devriez-vraiment-pas-accueillir-un-oiseau-sauvage.jpg\",\"datePublished\":\"2024-11-25T23:17:18+00:00\",\"dateModified\":\"2024-11-25T23:17:18+00:00\",\"breadcrumb\":{\"@id\":\"https:\/\/vieassociative.be\/actualites\/pourquoi-vous-ne-devriez-vraiment-pas-accueillir-un-oiseau-sauvage\/#breadcrumb\"},\"inLanguage\":\"fr-BE\",\"potentialAction\":[{\"@type\":\"ReadAction\",\"target\":[\"https:\/\/vieassociative.be\/actualites\/pourquoi-vous-ne-devriez-vraiment-pas-accueillir-un-oiseau-sauvage\/\"]}]},{\"@type\":\"ImageObject\",\"inLanguage\":\"fr-BE\",\"@id\":\"https:\/\/vieassociative.be\/actualites\/pourquoi-vous-ne-devriez-vraiment-pas-accueillir-un-oiseau-sauvage\/#primaryimage\",\"url\":\"https:\/\/vieassociative.be\/actualites\/wp-content\/uploads\/2024\/11\/Pourquoi-vous-ne-devriez-vraiment-pas-accueillir-un-oiseau-sauvage.jpg\",\"contentUrl\":\"https:\/\/vieassociative.be\/actualites\/wp-content\/uploads\/2024\/11\/Pourquoi-vous-ne-devriez-vraiment-pas-accueillir-un-oiseau-sauvage.jpg\",\"width\":1200,\"height\":675,\"caption\":\"Pourquoi vous ne devriez vraiment pas accueillir un oiseau sauvage\"},{\"@type\":\"BreadcrumbList\",\"@id\":\"https:\/\/vieassociative.be\/actualites\/pourquoi-vous-ne-devriez-vraiment-pas-accueillir-un-oiseau-sauvage\/#breadcrumb\",\"itemListElement\":[{\"@type\":\"ListItem\",\"position\":1,\"name\":\"Accueil\",\"item\":\"https:\/\/vieassociative.be\/actualites\/\"},{\"@type\":\"ListItem\",\"position\":2,\"name\":\"Pourquoi vous ne devriez vraiment pas accueillir un oiseau sauvage\"}]},{\"@type\":\"WebSite\",\"@id\":\"https:\/\/vieassociative.be\/actualites\/#website\",\"url\":\"https:\/\/vieassociative.be\/actualites\/\",\"name\":\"Vie Associative\",\"description\":\"\",\"publisher\":{\"@id\":\"https:\/\/vieassociative.be\/actualites\/#organization\"},\"potentialAction\":[{\"@type\":\"SearchAction\",\"target\":{\"@type\":\"EntryPoint\",\"urlTemplate\":\"https:\/\/vieassociative.be\/actualites\/?s={search_term_string}\"},\"query-input\":{\"@type\":\"PropertyValueSpecification\",\"valueRequired\":true,\"valueName\":\"search_term_string\"}}],\"inLanguage\":\"fr-BE\"},{\"@type\":\"Organization\",\"@id\":\"https:\/\/vieassociative.be\/actualites\/#organization\",\"name\":\"Vie Associative\",\"url\":\"https:\/\/vieassociative.be\/actualites\/\",\"logo\":{\"@type\":\"ImageObject\",\"inLanguage\":\"fr-BE\",\"@id\":\"https:\/\/vieassociative.be\/actualites\/#\/schema\/logo\/image\/\",\"url\":\"https:\/\/vieassociative.be\/actualites\/wp-content\/uploads\/2024\/09\/cropped-vieassociative_favicon.ico.png\",\"contentUrl\":\"https:\/\/vieassociative.be\/actualites\/wp-content\/uploads\/2024\/09\/cropped-vieassociative_favicon.ico.png\",\"width\":512,\"height\":512,\"caption\":\"Vie Associative\"},\"image\":{\"@id\":\"https:\/\/vieassociative.be\/actualites\/#\/schema\/logo\/image\/\"}},{\"@type\":\"Person\",\"@id\":\"https:\/\/vieassociative.be\/actualites\/#\/schema\/person\/b87ac4f82f9d4e7b7cec7395b679edc4\",\"name\":\"Julien\",\"image\":{\"@type\":\"ImageObject\",\"inLanguage\":\"fr-BE\",\"@id\":\"https:\/\/vieassociative.be\/actualites\/#\/schema\/person\/image\/\",\"url\":\"https:\/\/vieassociative.be\/actualites\/wp-content\/uploads\/2024\/09\/vie-associative-1-150x150.jpg\",\"contentUrl\":\"https:\/\/vieassociative.be\/actualites\/wp-content\/uploads\/2024\/09\/vie-associative-1-150x150.jpg\",\"caption\":\"Julien\"},\"description\":\"Je suis Julien, r\u00e9dacteur pour Vie Associative. Passionn\u00e9 par le monde associatif depuis plus de 10 ans, j'ai \u00e0 c\u0153ur de partager des histoires inspirantes et de mettre en lumi\u00e8re les initiatives locales. Mon objectif est de sensibiliser et d'encourager l'engagement communautaire \u00e0 travers mes articles.\",\"sameAs\":[\"https:\/\/vieassociative.be\/\"]}]}<\/script>\n<!-- \/ Yoast SEO plugin. -->","yoast_head_json":{"title":"Pourquoi vous ne devriez vraiment pas accueillir un oiseau sauvage | Vie Associative","robots":{"index":"index","follow":"follow","max-snippet":"max-snippet:-1","max-image-preview":"max-image-preview:large","max-video-preview":"max-video-preview:-1"},"canonical":"https:\/\/vieassociative.be\/actualites\/pourquoi-vous-ne-devriez-vraiment-pas-accueillir-un-oiseau-sauvage\/","og_locale":"fr_FR","og_type":"article","og_title":"Pourquoi vous ne devriez vraiment pas accueillir un oiseau sauvage | Vie Associative","og_description":"Garder un oiseau sauvage n\u2019est pas seulement contraire \u00e0 l\u2019\u00e9thique, cela peut m\u00eame \u00eatre ill\u00e9gal. Quand j&rsquo;\u00e9tais enfant dans la campagne du Midwest, j&rsquo;avais l&rsquo;habitude","og_url":"https:\/\/vieassociative.be\/actualites\/pourquoi-vous-ne-devriez-vraiment-pas-accueillir-un-oiseau-sauvage\/","og_site_name":"Vie Associative","article_published_time":"2024-11-25T23:17:18+00:00","og_image":[{"width":279,"height":92,"url":"https:\/\/vieassociative.be\/actualites\/wp-content\/uploads\/2024\/09\/header_backgroundk-01-e1726694325946.png","type":"image\/png"}],"author":"Julien","twitter_card":"summary_large_image","twitter_misc":{"\u00c9crit par":"Julien","Dur\u00e9e de lecture est.":"5 minutes"},"schema":{"@context":"https:\/\/schema.org","@graph":[{"@type":"Article","@id":"https:\/\/vieassociative.be\/actualites\/pourquoi-vous-ne-devriez-vraiment-pas-accueillir-un-oiseau-sauvage\/#article","isPartOf":{"@id":"https:\/\/vieassociative.be\/actualites\/pourquoi-vous-ne-devriez-vraiment-pas-accueillir-un-oiseau-sauvage\/"},"author":{"name":"Julien","@id":"https:\/\/vieassociative.be\/actualites\/#\/schema\/person\/b87ac4f82f9d4e7b7cec7395b679edc4"},"headline":"Pourquoi vous ne devriez vraiment pas accueillir un oiseau sauvage","datePublished":"2024-11-25T23:17:18+00:00","dateModified":"2024-11-25T23:17:18+00:00","mainEntityOfPage":{"@id":"https:\/\/vieassociative.be\/actualites\/pourquoi-vous-ne-devriez-vraiment-pas-accueillir-un-oiseau-sauvage\/"},"wordCount":1097,"publisher":{"@id":"https:\/\/vieassociative.be\/actualites\/#organization"},"image":{"@id":"https:\/\/vieassociative.be\/actualites\/pourquoi-vous-ne-devriez-vraiment-pas-accueillir-un-oiseau-sauvage\/#primaryimage"},"thumbnailUrl":"https:\/\/vieassociative.be\/actualites\/wp-content\/uploads\/2024\/11\/Pourquoi-vous-ne-devriez-vraiment-pas-accueillir-un-oiseau-sauvage.jpg","keywords":["accueillir","devriez","oiseau","pas","Pourquoi","sauvage","Vous","vraiment"],"articleSection":["Famille"],"inLanguage":"fr-BE"},{"@type":"WebPage","@id":"https:\/\/vieassociative.be\/actualites\/pourquoi-vous-ne-devriez-vraiment-pas-accueillir-un-oiseau-sauvage\/","url":"https:\/\/vieassociative.be\/actualites\/pourquoi-vous-ne-devriez-vraiment-pas-accueillir-un-oiseau-sauvage\/","name":"Pourquoi vous ne devriez vraiment pas accueillir un oiseau sauvage | Vie Associative","isPartOf":{"@id":"https:\/\/vieassociative.be\/actualites\/#website"},"primaryImageOfPage":{"@id":"https:\/\/vieassociative.be\/actualites\/pourquoi-vous-ne-devriez-vraiment-pas-accueillir-un-oiseau-sauvage\/#primaryimage"},"image":{"@id":"https:\/\/vieassociative.be\/actualites\/pourquoi-vous-ne-devriez-vraiment-pas-accueillir-un-oiseau-sauvage\/#primaryimage"},"thumbnailUrl":"https:\/\/vieassociative.be\/actualites\/wp-content\/uploads\/2024\/11\/Pourquoi-vous-ne-devriez-vraiment-pas-accueillir-un-oiseau-sauvage.jpg","datePublished":"2024-11-25T23:17:18+00:00","dateModified":"2024-11-25T23:17:18+00:00","breadcrumb":{"@id":"https:\/\/vieassociative.be\/actualites\/pourquoi-vous-ne-devriez-vraiment-pas-accueillir-un-oiseau-sauvage\/#breadcrumb"},"inLanguage":"fr-BE","potentialAction":[{"@type":"ReadAction","target":["https:\/\/vieassociative.be\/actualites\/pourquoi-vous-ne-devriez-vraiment-pas-accueillir-un-oiseau-sauvage\/"]}]},{"@type":"ImageObject","inLanguage":"fr-BE","@id":"https:\/\/vieassociative.be\/actualites\/pourquoi-vous-ne-devriez-vraiment-pas-accueillir-un-oiseau-sauvage\/#primaryimage","url":"https:\/\/vieassociative.be\/actualites\/wp-content\/uploads\/2024\/11\/Pourquoi-vous-ne-devriez-vraiment-pas-accueillir-un-oiseau-sauvage.jpg","contentUrl":"https:\/\/vieassociative.be\/actualites\/wp-content\/uploads\/2024\/11\/Pourquoi-vous-ne-devriez-vraiment-pas-accueillir-un-oiseau-sauvage.jpg","width":1200,"height":675,"caption":"Pourquoi vous ne devriez vraiment pas accueillir un oiseau sauvage"},{"@type":"BreadcrumbList","@id":"https:\/\/vieassociative.be\/actualites\/pourquoi-vous-ne-devriez-vraiment-pas-accueillir-un-oiseau-sauvage\/#breadcrumb","itemListElement":[{"@type":"ListItem","position":1,"name":"Accueil","item":"https:\/\/vieassociative.be\/actualites\/"},{"@type":"ListItem","position":2,"name":"Pourquoi vous ne devriez vraiment pas accueillir un oiseau sauvage"}]},{"@type":"WebSite","@id":"https:\/\/vieassociative.be\/actualites\/#website","url":"https:\/\/vieassociative.be\/actualites\/","name":"Vie Associative","description":"","publisher":{"@id":"https:\/\/vieassociative.be\/actualites\/#organization"},"potentialAction":[{"@type":"SearchAction","target":{"@type":"EntryPoint","urlTemplate":"https:\/\/vieassociative.be\/actualites\/?s={search_term_string}"},"query-input":{"@type":"PropertyValueSpecification","valueRequired":true,"valueName":"search_term_string"}}],"inLanguage":"fr-BE"},{"@type":"Organization","@id":"https:\/\/vieassociative.be\/actualites\/#organization","name":"Vie Associative","url":"https:\/\/vieassociative.be\/actualites\/","logo":{"@type":"ImageObject","inLanguage":"fr-BE","@id":"https:\/\/vieassociative.be\/actualites\/#\/schema\/logo\/image\/","url":"https:\/\/vieassociative.be\/actualites\/wp-content\/uploads\/2024\/09\/cropped-vieassociative_favicon.ico.png","contentUrl":"https:\/\/vieassociative.be\/actualites\/wp-content\/uploads\/2024\/09\/cropped-vieassociative_favicon.ico.png","width":512,"height":512,"caption":"Vie Associative"},"image":{"@id":"https:\/\/vieassociative.be\/actualites\/#\/schema\/logo\/image\/"}},{"@type":"Person","@id":"https:\/\/vieassociative.be\/actualites\/#\/schema\/person\/b87ac4f82f9d4e7b7cec7395b679edc4","name":"Julien","image":{"@type":"ImageObject","inLanguage":"fr-BE","@id":"https:\/\/vieassociative.be\/actualites\/#\/schema\/person\/image\/","url":"https:\/\/vieassociative.be\/actualites\/wp-content\/uploads\/2024\/09\/vie-associative-1-150x150.jpg","contentUrl":"https:\/\/vieassociative.be\/actualites\/wp-content\/uploads\/2024\/09\/vie-associative-1-150x150.jpg","caption":"Julien"},"description":"Je suis Julien, r\u00e9dacteur pour Vie Associative. Passionn\u00e9 par le monde associatif depuis plus de 10 ans, j'ai \u00e0 c\u0153ur de partager des histoires inspirantes et de mettre en lumi\u00e8re les initiatives locales. Mon objectif est de sensibiliser et d'encourager l'engagement communautaire \u00e0 travers mes articles.","sameAs":["https:\/\/vieassociative.be\/"]}]}},"_links":{"self":[{"href":"https:\/\/vieassociative.be\/actualites\/wp-json\/wp\/v2\/posts\/2767"}],"collection":[{"href":"https:\/\/vieassociative.be\/actualites\/wp-json\/wp\/v2\/posts"}],"about":[{"href":"https:\/\/vieassociative.be\/actualites\/wp-json\/wp\/v2\/types\/post"}],"author":[{"embeddable":true,"href":"https:\/\/vieassociative.be\/actualites\/wp-json\/wp\/v2\/users\/1"}],"replies":[{"embeddable":true,"href":"https:\/\/vieassociative.be\/actualites\/wp-json\/wp\/v2\/comments?post=2767"}],"version-history":[{"count":0,"href":"https:\/\/vieassociative.be\/actualites\/wp-json\/wp\/v2\/posts\/2767\/revisions"}],"wp:featuredmedia":[{"embeddable":true,"href":"https:\/\/vieassociative.be\/actualites\/wp-json\/wp\/v2\/media\/2768"}],"wp:attachment":[{"href":"https:\/\/vieassociative.be\/actualites\/wp-json\/wp\/v2\/media?parent=2767"}],"wp:term":[{"taxonomy":"category","embeddable":true,"href":"https:\/\/vieassociative.be\/actualites\/wp-json\/wp\/v2\/categories?post=2767"},{"taxonomy":"post_tag","embeddable":true,"href":"https:\/\/vieassociative.be\/actualites\/wp-json\/wp\/v2\/tags?post=2767"}],"curies":[{"name":"wp","href":"https:\/\/api.w.org\/{rel}","templated":true}]}}