{"id":2764,"date":"2024-11-25T21:17:33","date_gmt":"2024-11-25T20:17:33","guid":{"rendered":"https:\/\/vieassociative.be\/actualites\/stop-a-la-spirale-de-la-dette-le-groupe-vivant-reclame-un-plafond-dendettement-contraignant-pour-la-dg\/"},"modified":"2024-11-25T21:17:33","modified_gmt":"2024-11-25T20:17:33","slug":"stop-a-la-spirale-de-la-dette-le-groupe-vivant-reclame-un-plafond-dendettement-contraignant-pour-la-dg","status":"publish","type":"post","link":"https:\/\/vieassociative.be\/actualites\/stop-a-la-spirale-de-la-dette-le-groupe-vivant-reclame-un-plafond-dendettement-contraignant-pour-la-dg\/","title":{"rendered":"\u00ab Stop \u00e0 la spirale de la dette ! \u00bb : le groupe Vivant r\u00e9clame un plafond d\u2019endettement contraignant pour la DG"},"content":{"rendered":"<p><strong>De l&rsquo;avis du groupe Vivant, la DG a atteint un niveau d&rsquo;endettement dangereux. Leurs \u00e9normes dettes sont le r\u00e9sultat d\u2019ann\u00e9es de politique de d\u00e9penses incontr\u00f4l\u00e9e.<\/strong><\/p>\n<p><span id=\"more-402642\"><\/span>Selon Vivant, le fardeau de la dette d\u00e9passe le milliard d&rsquo;euros et la DG du gouvernement envisage de demander l&rsquo;approbation des d\u00e9put\u00e9s pour doubler le plafond de la dette \u00e0 2 milliards d&rsquo;euros dans le cadre de l&rsquo;adoption du budget 2025 au Parlement.<\/p>\n<p>\u00ab Une dette de cette ampleur est irresponsable et nous la rejetons fermement \u00bb, soulignent les quatre d\u00e9put\u00e9s de Vivant Michael Balter, Alain Mertes, Diana Stiel et Elena Peters. Dans une proposition d&rsquo;amendement qu&rsquo;ils ont \u00e9labor\u00e9e, ils proposent un plafond d&rsquo;endettement qui limite le montant maximum de la dette \u00e0 1,2 milliard d&rsquo;euros.<\/p>\n<div id=\"attachment_387493\" class=\"wp-caption alignleft\" style=\"max-width: 300px\"><img fetchpriority=\"high\" decoding=\"async\" class=\"wp-image-387493 size-medium\" src=\"https:\/\/vieassociative.be\/actualites\/wp-content\/uploads\/2024\/11\/Vivant-preconise-labolition-des-vacances-du-DG-et-demande.jpg\" alt=\"\" width=\"300\" height=\"200\"  ><\/p>\n<p class=\"wp-caption-text\">La faction Vivant (de gauche \u00e0 droite) : Elena Peters, Alain Mertes, Michael Balter et Diana Stiel. Photo : Patrick von Staufenberg<\/p>\n<\/div>\n<p>Dans le m\u00eame temps, la DG du gouvernement devrait \u00eatre oblig\u00e9e de r\u00e9duire progressivement la dette. \u00ab\u00a0C&rsquo;est le seul moyen de garantir une gestion budg\u00e9taire durable \u00e0 long terme et de donner aux futurs gouvernements une marge de man\u0153uvre sans contracter de nouvelles dettes.\u00a0\u00bb<\/p>\n<p>Selon Vivant, ce n&rsquo;est pas seulement la dette elle-m\u00eame qui pose probl\u00e8me, mais aussi les charges qui en r\u00e9sultent, notamment le paiement des int\u00e9r\u00eats. Ces int\u00e9r\u00eats devraient \u00eatre pay\u00e9s sans condition, car sans eux, l\u2019\u00c9tat ne recevrait plus de nouveaux pr\u00eats.<\/p>\n<p>\u00ab L\u2019\u00c9tat pourrait r\u00e9duire toutes les autres d\u00e9penses, mais le paiement des int\u00e9r\u00eats reste intouchable. Les paiements d&rsquo;int\u00e9r\u00eats de DG ont consid\u00e9rablement augment\u00e9 en quelques ann\u00e9es seulement. Pour la p\u00e9riode 2015 \u00e0 2019, ils s&rsquo;\u00e9l\u00e8vent \u00e0 7,6 millions d&rsquo;euros, mais pour les seules ann\u00e9es 2025 \u00e0 2029, 191,24 millions d&rsquo;euros sont dus &#8211; cela correspond \u00e0 une multiplication par 25 !<\/p>\n<p>D\u2019ici 2025, la DG devrait payer plus de 36 millions d\u2019euros rien qu\u2019en int\u00e9r\u00eats. \u00abC&rsquo;est pr\u00e8s de sept fois l&rsquo;\u00e9conomie r\u00e9alis\u00e9e gr\u00e2ce \u00e0 la suppression de la part variable de la prime de fin d&rsquo;ann\u00e9e pour les fonctionnaires, une des mesures d&rsquo;aust\u00e9rit\u00e9 actuelles de la DG du gouvernement. Cette \u00e9volution p\u00e8se lourdement sur le budget et montre \u00e0 quel point.\u00bb Il est urgent d&rsquo;avoir une limite raisonnable \u00e0 l&rsquo;endettement.<\/p>\n<div id=\"attachment_402647\" class=\"wp-caption alignleft\" style=\"max-width: 300px\"><img decoding=\"async\" class=\"wp-image-402647 size-medium\" src=\"https:\/\/vieassociative.be\/actualites\/wp-content\/uploads\/2024\/11\/Stop-a-la-spirale-de-la-dette.jpg\" alt=\"\" width=\"300\" height=\"200\"><\/p>\n<p class=\"wp-caption-text\">La DG du gouvernement en conf\u00e9rence de presse (de gauche \u00e0 droite) : Lydia Klinkenberg, Gregor Freches, Oliver Paasch et J\u00e9r\u00f4me Franssen. Photo : Patrick von Staufenberg<\/p>\n<\/div>\n<p>Une autre raison qui explique le niveau tr\u00e8s \u00e9lev\u00e9 de la dette est le fait qu\u2019elle n\u2019a pas \u00e9t\u00e9 rembours\u00e9e depuis des d\u00e9cennies et que le gouvernement actuel n\u2019a pas l\u2019intention de rembourser la dette, m\u00eame si les actifs et les biens immobiliers achet\u00e9s \u00e0 cr\u00e9dit s\u2019usent avec le temps.<\/p>\n<p>\u00abLes entreprises et les particuliers contractent \u00e9galement des dettes, mais soit ils les remboursent, soit ils tombent dans le pi\u00e8ge de l&rsquo;endettement. Sans un plan clair de remboursement, le fardeau financier des \u00e9normes paiements d\u2019int\u00e9r\u00eats ne fera qu\u2019augmenter, \u00e9crasant les g\u00e9n\u00e9rations futures.\u00bb<\/p>\n<p>Enfin, Vivant appelle le gouvernement \u00e0 reconna\u00eetre la r\u00e9alit\u00e9 et \u00e0 adopter des politiques financi\u00e8res durables. \u00ab\u00a0C&rsquo;est la seule fa\u00e7on de soulager les g\u00e9n\u00e9rations futures et de donner \u00e0 la DG une base solide pour une prosp\u00e9rit\u00e9 \u00e0 long terme.\u00a0\u00bb Un plafond d&rsquo;endettement est la premi\u00e8re \u00e9tape pour briser le cycle de la nouvelle dette et laisser aux g\u00e9n\u00e9rations futures une base financi\u00e8re durable. \u00ab\u00a0La somme de 2 milliards d&rsquo;euros actuellement pr\u00e9vue dans le projet de budget est une mesure irresponsable \u00e0 laquelle nous nous opposons avec d\u00e9termination (cre)\u00a0\u00bb.<\/p>\n","protected":false},"excerpt":{"rendered":"<p>De l&rsquo;avis du groupe Vivant, la DG a atteint un niveau d&rsquo;endettement dangereux. Leurs \u00e9normes dettes sont le r\u00e9sultat d\u2019ann\u00e9es de politique de d\u00e9penses incontr\u00f4l\u00e9e.<\/p>\n","protected":false},"author":1,"featured_media":2765,"comment_status":"","ping_status":"","sticky":false,"template":"","format":"standard","meta":{"footnotes":""},"categories":[298],"tags":[3497,3496,2609,1827,638,81,3495,3494,3493,3138],"class_list":["post-2764","post","type-post","status-publish","format-standard","has-post-thumbnail","hentry","category-belgique","tag-contraignant","tag-dendettement","tag-dette","tag-groupe","tag-plafond","tag-pour","tag-reclame","tag-spirale","tag-stop","tag-vivant","generate-columns","tablet-grid-50","mobile-grid-100","grid-parent","grid-33"],"yoast_head":"<!-- This site is optimized with the Yoast SEO plugin v24.0 - https:\/\/yoast.com\/wordpress\/plugins\/seo\/ -->\n<title>\u00ab Stop \u00e0 la spirale de la dette ! \u00bb : le groupe Vivant r\u00e9clame un plafond d\u2019endettement contraignant pour la DG | Vie Associative<\/title>\n<meta name=\"robots\" content=\"index, follow, max-snippet:-1, max-image-preview:large, max-video-preview:-1\" \/>\n<link rel=\"canonical\" href=\"https:\/\/vieassociative.be\/actualites\/stop-a-la-spirale-de-la-dette-le-groupe-vivant-reclame-un-plafond-dendettement-contraignant-pour-la-dg\/\" \/>\n<meta property=\"og:locale\" content=\"fr_FR\" \/>\n<meta property=\"og:type\" content=\"article\" \/>\n<meta property=\"og:title\" content=\"\u00ab Stop \u00e0 la spirale de la dette ! \u00bb : le groupe Vivant r\u00e9clame un plafond d\u2019endettement contraignant pour la DG | Vie Associative\" \/>\n<meta property=\"og:description\" content=\"De l&rsquo;avis du groupe Vivant, la DG a atteint un niveau d&rsquo;endettement dangereux. Leurs \u00e9normes dettes sont le r\u00e9sultat d\u2019ann\u00e9es de politique de d\u00e9penses incontr\u00f4l\u00e9e.\" \/>\n<meta property=\"og:url\" content=\"https:\/\/vieassociative.be\/actualites\/stop-a-la-spirale-de-la-dette-le-groupe-vivant-reclame-un-plafond-dendettement-contraignant-pour-la-dg\/\" \/>\n<meta property=\"og:site_name\" content=\"Vie Associative\" \/>\n<meta property=\"article:published_time\" content=\"2024-11-25T20:17:33+00:00\" \/>\n<meta property=\"og:image\" content=\"https:\/\/vieassociative.be\/actualites\/wp-content\/uploads\/2024\/11\/Vivant-preconise-labolition-des-vacances-du-DG-et-demande.jpg\" \/>\n<meta name=\"author\" content=\"Julien\" \/>\n<meta name=\"twitter:card\" content=\"summary_large_image\" \/>\n<meta name=\"twitter:label1\" content=\"\u00c9crit par\" \/>\n\t<meta name=\"twitter:data1\" content=\"Julien\" \/>\n\t<meta name=\"twitter:label2\" content=\"Dur\u00e9e de lecture est.\" \/>\n\t<meta name=\"twitter:data2\" content=\"3 minutes\" \/>\n<script type=\"application\/ld+json\" class=\"yoast-schema-graph\">{\"@context\":\"https:\/\/schema.org\",\"@graph\":[{\"@type\":\"Article\",\"@id\":\"https:\/\/vieassociative.be\/actualites\/stop-a-la-spirale-de-la-dette-le-groupe-vivant-reclame-un-plafond-dendettement-contraignant-pour-la-dg\/#article\",\"isPartOf\":{\"@id\":\"https:\/\/vieassociative.be\/actualites\/stop-a-la-spirale-de-la-dette-le-groupe-vivant-reclame-un-plafond-dendettement-contraignant-pour-la-dg\/\"},\"author\":{\"name\":\"Julien\",\"@id\":\"https:\/\/vieassociative.be\/actualites\/#\/schema\/person\/b87ac4f82f9d4e7b7cec7395b679edc4\"},\"headline\":\"\u00ab Stop \u00e0 la spirale de la dette ! \u00bb : le groupe Vivant r\u00e9clame un plafond d\u2019endettement contraignant pour la DG\",\"datePublished\":\"2024-11-25T20:17:33+00:00\",\"dateModified\":\"2024-11-25T20:17:33+00:00\",\"mainEntityOfPage\":{\"@id\":\"https:\/\/vieassociative.be\/actualites\/stop-a-la-spirale-de-la-dette-le-groupe-vivant-reclame-un-plafond-dendettement-contraignant-pour-la-dg\/\"},\"wordCount\":657,\"publisher\":{\"@id\":\"https:\/\/vieassociative.be\/actualites\/#organization\"},\"image\":{\"@id\":\"https:\/\/vieassociative.be\/actualites\/stop-a-la-spirale-de-la-dette-le-groupe-vivant-reclame-un-plafond-dendettement-contraignant-pour-la-dg\/#primaryimage\"},\"thumbnailUrl\":\"https:\/\/vieassociative.be\/actualites\/wp-content\/uploads\/2024\/11\/1732565854_Stop-a-la-spirale-de-la-dette.jpg\",\"keywords\":[\"contraignant\",\"dendettement\",\"dette\",\"groupe\",\"plafond\",\"pour\",\"r\u00e9clame\",\"spirale\",\"Stop\",\"Vivant\"],\"articleSection\":[\"Belgique\"],\"inLanguage\":\"fr-BE\"},{\"@type\":\"WebPage\",\"@id\":\"https:\/\/vieassociative.be\/actualites\/stop-a-la-spirale-de-la-dette-le-groupe-vivant-reclame-un-plafond-dendettement-contraignant-pour-la-dg\/\",\"url\":\"https:\/\/vieassociative.be\/actualites\/stop-a-la-spirale-de-la-dette-le-groupe-vivant-reclame-un-plafond-dendettement-contraignant-pour-la-dg\/\",\"name\":\"\u00ab Stop \u00e0 la spirale de la dette ! \u00bb : le groupe Vivant r\u00e9clame un plafond d\u2019endettement contraignant pour la DG | Vie Associative\",\"isPartOf\":{\"@id\":\"https:\/\/vieassociative.be\/actualites\/#website\"},\"primaryImageOfPage\":{\"@id\":\"https:\/\/vieassociative.be\/actualites\/stop-a-la-spirale-de-la-dette-le-groupe-vivant-reclame-un-plafond-dendettement-contraignant-pour-la-dg\/#primaryimage\"},\"image\":{\"@id\":\"https:\/\/vieassociative.be\/actualites\/stop-a-la-spirale-de-la-dette-le-groupe-vivant-reclame-un-plafond-dendettement-contraignant-pour-la-dg\/#primaryimage\"},\"thumbnailUrl\":\"https:\/\/vieassociative.be\/actualites\/wp-content\/uploads\/2024\/11\/1732565854_Stop-a-la-spirale-de-la-dette.jpg\",\"datePublished\":\"2024-11-25T20:17:33+00:00\",\"dateModified\":\"2024-11-25T20:17:33+00:00\",\"breadcrumb\":{\"@id\":\"https:\/\/vieassociative.be\/actualites\/stop-a-la-spirale-de-la-dette-le-groupe-vivant-reclame-un-plafond-dendettement-contraignant-pour-la-dg\/#breadcrumb\"},\"inLanguage\":\"fr-BE\",\"potentialAction\":[{\"@type\":\"ReadAction\",\"target\":[\"https:\/\/vieassociative.be\/actualites\/stop-a-la-spirale-de-la-dette-le-groupe-vivant-reclame-un-plafond-dendettement-contraignant-pour-la-dg\/\"]}]},{\"@type\":\"ImageObject\",\"inLanguage\":\"fr-BE\",\"@id\":\"https:\/\/vieassociative.be\/actualites\/stop-a-la-spirale-de-la-dette-le-groupe-vivant-reclame-un-plafond-dendettement-contraignant-pour-la-dg\/#primaryimage\",\"url\":\"https:\/\/vieassociative.be\/actualites\/wp-content\/uploads\/2024\/11\/1732565854_Stop-a-la-spirale-de-la-dette.jpg\",\"contentUrl\":\"https:\/\/vieassociative.be\/actualites\/wp-content\/uploads\/2024\/11\/1732565854_Stop-a-la-spirale-de-la-dette.jpg\",\"width\":900,\"height\":300,\"caption\":\"\u00ab Stop \u00e0 la spirale de la dette ! \u00bb : le groupe Vivant r\u00e9clame un plafond d\u2019endettement contraignant pour la DG\"},{\"@type\":\"BreadcrumbList\",\"@id\":\"https:\/\/vieassociative.be\/actualites\/stop-a-la-spirale-de-la-dette-le-groupe-vivant-reclame-un-plafond-dendettement-contraignant-pour-la-dg\/#breadcrumb\",\"itemListElement\":[{\"@type\":\"ListItem\",\"position\":1,\"name\":\"Accueil\",\"item\":\"https:\/\/vieassociative.be\/actualites\/\"},{\"@type\":\"ListItem\",\"position\":2,\"name\":\"\u00ab Stop \u00e0 la spirale de la dette ! \u00bb : le groupe Vivant r\u00e9clame un plafond d\u2019endettement contraignant pour la DG\"}]},{\"@type\":\"WebSite\",\"@id\":\"https:\/\/vieassociative.be\/actualites\/#website\",\"url\":\"https:\/\/vieassociative.be\/actualites\/\",\"name\":\"Vie Associative\",\"description\":\"\",\"publisher\":{\"@id\":\"https:\/\/vieassociative.be\/actualites\/#organization\"},\"potentialAction\":[{\"@type\":\"SearchAction\",\"target\":{\"@type\":\"EntryPoint\",\"urlTemplate\":\"https:\/\/vieassociative.be\/actualites\/?s={search_term_string}\"},\"query-input\":{\"@type\":\"PropertyValueSpecification\",\"valueRequired\":true,\"valueName\":\"search_term_string\"}}],\"inLanguage\":\"fr-BE\"},{\"@type\":\"Organization\",\"@id\":\"https:\/\/vieassociative.be\/actualites\/#organization\",\"name\":\"Vie Associative\",\"url\":\"https:\/\/vieassociative.be\/actualites\/\",\"logo\":{\"@type\":\"ImageObject\",\"inLanguage\":\"fr-BE\",\"@id\":\"https:\/\/vieassociative.be\/actualites\/#\/schema\/logo\/image\/\",\"url\":\"https:\/\/vieassociative.be\/actualites\/wp-content\/uploads\/2024\/09\/cropped-vieassociative_favicon.ico.png\",\"contentUrl\":\"https:\/\/vieassociative.be\/actualites\/wp-content\/uploads\/2024\/09\/cropped-vieassociative_favicon.ico.png\",\"width\":512,\"height\":512,\"caption\":\"Vie Associative\"},\"image\":{\"@id\":\"https:\/\/vieassociative.be\/actualites\/#\/schema\/logo\/image\/\"}},{\"@type\":\"Person\",\"@id\":\"https:\/\/vieassociative.be\/actualites\/#\/schema\/person\/b87ac4f82f9d4e7b7cec7395b679edc4\",\"name\":\"Julien\",\"image\":{\"@type\":\"ImageObject\",\"inLanguage\":\"fr-BE\",\"@id\":\"https:\/\/vieassociative.be\/actualites\/#\/schema\/person\/image\/\",\"url\":\"https:\/\/vieassociative.be\/actualites\/wp-content\/uploads\/2024\/09\/vie-associative-1-150x150.jpg\",\"contentUrl\":\"https:\/\/vieassociative.be\/actualites\/wp-content\/uploads\/2024\/09\/vie-associative-1-150x150.jpg\",\"caption\":\"Julien\"},\"description\":\"Je suis Julien, r\u00e9dacteur pour Vie Associative. Passionn\u00e9 par le monde associatif depuis plus de 10 ans, j'ai \u00e0 c\u0153ur de partager des histoires inspirantes et de mettre en lumi\u00e8re les initiatives locales. Mon objectif est de sensibiliser et d'encourager l'engagement communautaire \u00e0 travers mes articles.\",\"sameAs\":[\"https:\/\/vieassociative.be\/\"]}]}<\/script>\n<!-- \/ Yoast SEO plugin. -->","yoast_head_json":{"title":"\u00ab Stop \u00e0 la spirale de la dette ! \u00bb : le groupe Vivant r\u00e9clame un plafond d\u2019endettement contraignant pour la DG | Vie Associative","robots":{"index":"index","follow":"follow","max-snippet":"max-snippet:-1","max-image-preview":"max-image-preview:large","max-video-preview":"max-video-preview:-1"},"canonical":"https:\/\/vieassociative.be\/actualites\/stop-a-la-spirale-de-la-dette-le-groupe-vivant-reclame-un-plafond-dendettement-contraignant-pour-la-dg\/","og_locale":"fr_FR","og_type":"article","og_title":"\u00ab Stop \u00e0 la spirale de la dette ! \u00bb : le groupe Vivant r\u00e9clame un plafond d\u2019endettement contraignant pour la DG | Vie Associative","og_description":"De l&rsquo;avis du groupe Vivant, la DG a atteint un niveau d&rsquo;endettement dangereux. Leurs \u00e9normes dettes sont le r\u00e9sultat d\u2019ann\u00e9es de politique de d\u00e9penses incontr\u00f4l\u00e9e.","og_url":"https:\/\/vieassociative.be\/actualites\/stop-a-la-spirale-de-la-dette-le-groupe-vivant-reclame-un-plafond-dendettement-contraignant-pour-la-dg\/","og_site_name":"Vie Associative","article_published_time":"2024-11-25T20:17:33+00:00","og_image":[{"url":"https:\/\/vieassociative.be\/actualites\/wp-content\/uploads\/2024\/11\/Vivant-preconise-labolition-des-vacances-du-DG-et-demande.jpg","type":"","width":"","height":""}],"author":"Julien","twitter_card":"summary_large_image","twitter_misc":{"\u00c9crit par":"Julien","Dur\u00e9e de lecture est.":"3 minutes"},"schema":{"@context":"https:\/\/schema.org","@graph":[{"@type":"Article","@id":"https:\/\/vieassociative.be\/actualites\/stop-a-la-spirale-de-la-dette-le-groupe-vivant-reclame-un-plafond-dendettement-contraignant-pour-la-dg\/#article","isPartOf":{"@id":"https:\/\/vieassociative.be\/actualites\/stop-a-la-spirale-de-la-dette-le-groupe-vivant-reclame-un-plafond-dendettement-contraignant-pour-la-dg\/"},"author":{"name":"Julien","@id":"https:\/\/vieassociative.be\/actualites\/#\/schema\/person\/b87ac4f82f9d4e7b7cec7395b679edc4"},"headline":"\u00ab Stop \u00e0 la spirale de la dette ! \u00bb : le groupe Vivant r\u00e9clame un plafond d\u2019endettement contraignant pour la DG","datePublished":"2024-11-25T20:17:33+00:00","dateModified":"2024-11-25T20:17:33+00:00","mainEntityOfPage":{"@id":"https:\/\/vieassociative.be\/actualites\/stop-a-la-spirale-de-la-dette-le-groupe-vivant-reclame-un-plafond-dendettement-contraignant-pour-la-dg\/"},"wordCount":657,"publisher":{"@id":"https:\/\/vieassociative.be\/actualites\/#organization"},"image":{"@id":"https:\/\/vieassociative.be\/actualites\/stop-a-la-spirale-de-la-dette-le-groupe-vivant-reclame-un-plafond-dendettement-contraignant-pour-la-dg\/#primaryimage"},"thumbnailUrl":"https:\/\/vieassociative.be\/actualites\/wp-content\/uploads\/2024\/11\/1732565854_Stop-a-la-spirale-de-la-dette.jpg","keywords":["contraignant","dendettement","dette","groupe","plafond","pour","r\u00e9clame","spirale","Stop","Vivant"],"articleSection":["Belgique"],"inLanguage":"fr-BE"},{"@type":"WebPage","@id":"https:\/\/vieassociative.be\/actualites\/stop-a-la-spirale-de-la-dette-le-groupe-vivant-reclame-un-plafond-dendettement-contraignant-pour-la-dg\/","url":"https:\/\/vieassociative.be\/actualites\/stop-a-la-spirale-de-la-dette-le-groupe-vivant-reclame-un-plafond-dendettement-contraignant-pour-la-dg\/","name":"\u00ab Stop \u00e0 la spirale de la dette ! \u00bb : le groupe Vivant r\u00e9clame un plafond d\u2019endettement contraignant pour la DG | Vie Associative","isPartOf":{"@id":"https:\/\/vieassociative.be\/actualites\/#website"},"primaryImageOfPage":{"@id":"https:\/\/vieassociative.be\/actualites\/stop-a-la-spirale-de-la-dette-le-groupe-vivant-reclame-un-plafond-dendettement-contraignant-pour-la-dg\/#primaryimage"},"image":{"@id":"https:\/\/vieassociative.be\/actualites\/stop-a-la-spirale-de-la-dette-le-groupe-vivant-reclame-un-plafond-dendettement-contraignant-pour-la-dg\/#primaryimage"},"thumbnailUrl":"https:\/\/vieassociative.be\/actualites\/wp-content\/uploads\/2024\/11\/1732565854_Stop-a-la-spirale-de-la-dette.jpg","datePublished":"2024-11-25T20:17:33+00:00","dateModified":"2024-11-25T20:17:33+00:00","breadcrumb":{"@id":"https:\/\/vieassociative.be\/actualites\/stop-a-la-spirale-de-la-dette-le-groupe-vivant-reclame-un-plafond-dendettement-contraignant-pour-la-dg\/#breadcrumb"},"inLanguage":"fr-BE","potentialAction":[{"@type":"ReadAction","target":["https:\/\/vieassociative.be\/actualites\/stop-a-la-spirale-de-la-dette-le-groupe-vivant-reclame-un-plafond-dendettement-contraignant-pour-la-dg\/"]}]},{"@type":"ImageObject","inLanguage":"fr-BE","@id":"https:\/\/vieassociative.be\/actualites\/stop-a-la-spirale-de-la-dette-le-groupe-vivant-reclame-un-plafond-dendettement-contraignant-pour-la-dg\/#primaryimage","url":"https:\/\/vieassociative.be\/actualites\/wp-content\/uploads\/2024\/11\/1732565854_Stop-a-la-spirale-de-la-dette.jpg","contentUrl":"https:\/\/vieassociative.be\/actualites\/wp-content\/uploads\/2024\/11\/1732565854_Stop-a-la-spirale-de-la-dette.jpg","width":900,"height":300,"caption":"\u00ab Stop \u00e0 la spirale de la dette ! \u00bb : le groupe Vivant r\u00e9clame un plafond d\u2019endettement contraignant pour la DG"},{"@type":"BreadcrumbList","@id":"https:\/\/vieassociative.be\/actualites\/stop-a-la-spirale-de-la-dette-le-groupe-vivant-reclame-un-plafond-dendettement-contraignant-pour-la-dg\/#breadcrumb","itemListElement":[{"@type":"ListItem","position":1,"name":"Accueil","item":"https:\/\/vieassociative.be\/actualites\/"},{"@type":"ListItem","position":2,"name":"\u00ab Stop \u00e0 la spirale de la dette ! \u00bb : le groupe Vivant r\u00e9clame un plafond d\u2019endettement contraignant pour la DG"}]},{"@type":"WebSite","@id":"https:\/\/vieassociative.be\/actualites\/#website","url":"https:\/\/vieassociative.be\/actualites\/","name":"Vie Associative","description":"","publisher":{"@id":"https:\/\/vieassociative.be\/actualites\/#organization"},"potentialAction":[{"@type":"SearchAction","target":{"@type":"EntryPoint","urlTemplate":"https:\/\/vieassociative.be\/actualites\/?s={search_term_string}"},"query-input":{"@type":"PropertyValueSpecification","valueRequired":true,"valueName":"search_term_string"}}],"inLanguage":"fr-BE"},{"@type":"Organization","@id":"https:\/\/vieassociative.be\/actualites\/#organization","name":"Vie Associative","url":"https:\/\/vieassociative.be\/actualites\/","logo":{"@type":"ImageObject","inLanguage":"fr-BE","@id":"https:\/\/vieassociative.be\/actualites\/#\/schema\/logo\/image\/","url":"https:\/\/vieassociative.be\/actualites\/wp-content\/uploads\/2024\/09\/cropped-vieassociative_favicon.ico.png","contentUrl":"https:\/\/vieassociative.be\/actualites\/wp-content\/uploads\/2024\/09\/cropped-vieassociative_favicon.ico.png","width":512,"height":512,"caption":"Vie Associative"},"image":{"@id":"https:\/\/vieassociative.be\/actualites\/#\/schema\/logo\/image\/"}},{"@type":"Person","@id":"https:\/\/vieassociative.be\/actualites\/#\/schema\/person\/b87ac4f82f9d4e7b7cec7395b679edc4","name":"Julien","image":{"@type":"ImageObject","inLanguage":"fr-BE","@id":"https:\/\/vieassociative.be\/actualites\/#\/schema\/person\/image\/","url":"https:\/\/vieassociative.be\/actualites\/wp-content\/uploads\/2024\/09\/vie-associative-1-150x150.jpg","contentUrl":"https:\/\/vieassociative.be\/actualites\/wp-content\/uploads\/2024\/09\/vie-associative-1-150x150.jpg","caption":"Julien"},"description":"Je suis Julien, r\u00e9dacteur pour Vie Associative. Passionn\u00e9 par le monde associatif depuis plus de 10 ans, j'ai \u00e0 c\u0153ur de partager des histoires inspirantes et de mettre en lumi\u00e8re les initiatives locales. Mon objectif est de sensibiliser et d'encourager l'engagement communautaire \u00e0 travers mes articles.","sameAs":["https:\/\/vieassociative.be\/"]}]}},"_links":{"self":[{"href":"https:\/\/vieassociative.be\/actualites\/wp-json\/wp\/v2\/posts\/2764"}],"collection":[{"href":"https:\/\/vieassociative.be\/actualites\/wp-json\/wp\/v2\/posts"}],"about":[{"href":"https:\/\/vieassociative.be\/actualites\/wp-json\/wp\/v2\/types\/post"}],"author":[{"embeddable":true,"href":"https:\/\/vieassociative.be\/actualites\/wp-json\/wp\/v2\/users\/1"}],"replies":[{"embeddable":true,"href":"https:\/\/vieassociative.be\/actualites\/wp-json\/wp\/v2\/comments?post=2764"}],"version-history":[{"count":0,"href":"https:\/\/vieassociative.be\/actualites\/wp-json\/wp\/v2\/posts\/2764\/revisions"}],"wp:featuredmedia":[{"embeddable":true,"href":"https:\/\/vieassociative.be\/actualites\/wp-json\/wp\/v2\/media\/2765"}],"wp:attachment":[{"href":"https:\/\/vieassociative.be\/actualites\/wp-json\/wp\/v2\/media?parent=2764"}],"wp:term":[{"taxonomy":"category","embeddable":true,"href":"https:\/\/vieassociative.be\/actualites\/wp-json\/wp\/v2\/categories?post=2764"},{"taxonomy":"post_tag","embeddable":true,"href":"https:\/\/vieassociative.be\/actualites\/wp-json\/wp\/v2\/tags?post=2764"}],"curies":[{"name":"wp","href":"https:\/\/api.w.org\/{rel}","templated":true}]}}