{"id":2762,"date":"2024-11-25T20:19:10","date_gmt":"2024-11-25T19:19:10","guid":{"rendered":"https:\/\/vieassociative.be\/actualites\/ces-sept-appareils-alexa-beneficient-jusqua-50-de-reduction-pour-le-black-friday\/"},"modified":"2024-11-25T20:19:10","modified_gmt":"2024-11-25T19:19:10","slug":"ces-sept-appareils-alexa-beneficient-jusqua-50-de-reduction-pour-le-black-friday","status":"publish","type":"post","link":"https:\/\/vieassociative.be\/actualites\/ces-sept-appareils-alexa-beneficient-jusqua-50-de-reduction-pour-le-black-friday\/","title":{"rendered":"Ces sept appareils Alexa b\u00e9n\u00e9ficient jusqu&rsquo;\u00e0 50 % de r\u00e9duction pour le Black Friday"},"content":{"rendered":"<div class=\"mt-4 leading-6 md:mb-8\">Les Pops, Spots, Dots et Shows sont tous \u00e0 prix r\u00e9duit en ce moment.<\/div>\n<p><\/p>\n<p>Peu d&rsquo;utilitaires r\u00e9duisent autant le travail dans ma maison que mes assistants vocaux : je les utilise pour \u00e9teindre les lumi\u00e8res, armer mes alarmes, appeler l&rsquo;aspirateur, sugg\u00e9rer des substitutions de recettes et faire des math\u00e9matiques, entre autres. Je m&rsquo;assure d&rsquo;\u00eatre toujours \u00e0 port\u00e9e de parole d&rsquo;un appareil chez moi pour r\u00e9pondre \u00e0 mes demandes, ce qui signifie acheter de nombreuses enceintes intelligentes. <\/p>\n<p>Si votre assistant pr\u00e9f\u00e9r\u00e9 est Alexa, le Black Friday est le moment de vous procurer plus d&rsquo;appareils ou de mettre \u00e0 niveau ceux que vous poss\u00e9dez, car ils sont propos\u00e9s jusqu&rsquo;\u00e0 50 % de r\u00e9duction. <\/p>\n<h2 id=\"echo-pop\">\u00c9cho Pop<\/h2>\n<p>Non seulement ces petits Pops sont le moyen le moins cher d\u2019installer une enceinte dans chaque pi\u00e8ce, mais je les pr\u00e9f\u00e8re dans la plupart des cas. Ils sont suffisamment petits pour rester \u00e0 l&rsquo;\u00e9cart, qu&rsquo;ils soient mont\u00e9s au plafond ou rang\u00e9s sur une \u00e9tag\u00e8re. Les haut-parleurs sont suffisamment puissants pour diffuser de la musique \u00e0 un bon niveau et ils sont disponibles dans des couleurs amusantes. <\/p>\n<p><strong>\u00c9cho Pop<\/strong><strong>\u00e9tait de 39,99 $, maintenant de 17,99 $<\/strong><\/p>\n<h2 id=\"echo-spot\">Point d&rsquo;\u00e9cho<\/h2>\n<p>Petite am\u00e9lioration par rapport au Pop, le Spot est destin\u00e9 \u00e0 votre table de nuit, avec une horloge sur son cadran. Ce visage est personnalisable et, bien que tous les appareils Alexa puissent \u00eatre configur\u00e9s avec des alarmes, celui-ci est sp\u00e9cifiquement destin\u00e9 \u00e0 \u00e9muler un r\u00e9veil. <\/p>\n<p><strong>Point d&rsquo;\u00e9cho<\/strong><strong>\u00e9tait de 79,99 $, maintenant de 44,99 $<\/strong><\/p>\n<h2 id=\"echo-dot\">Point d&rsquo;\u00e9cho<\/h2>\n<p>Autre clone Pop, le Dot est destin\u00e9 \u00e0 am\u00e9liorer sp\u00e9cifiquement l&rsquo;aspect haut-parleur, offrant un son plus vibrant, des basses plus profondes et des voix plus claires. La forme est plus ronde, mais elle peut toujours \u00eatre fix\u00e9e au mur ou au plafond avec le support appropri\u00e9, et elle s&rsquo;adapte parfaitement \u00e0 une \u00e9tag\u00e8re. <\/p>\n<p><strong>Point d&rsquo;\u00e9cho<\/strong><strong>\u00e9tait de 49,99\u00a0$, maintenant de 22,98\u00a0$<\/strong><\/p>\n<h2 id=\"kids-echo-dot\">Point d&rsquo;\u00e9cho pour enfants<\/h2>\n<p>Toujours un point, mais dans des designs amusants pour les enfants, notamment un hibou et un dragon. Les appareils pour enfants offrent \u00e9galement des contr\u00f4les parentaux avanc\u00e9s. <\/p>\n<p><strong>Point d&rsquo;\u00e9cho pour enfants<\/strong><strong>\u00e9tait de 59,99 $, maintenant de 27,99 $<\/strong><\/p>\n<h2 id=\"amazon-echo-show-5\">Amazon Echo Show 5<\/h2>\n<p>Un \u00e9cran compact de 5,5 pouces dans un cadre. <\/p>\n<p><strong>\u00c9cho Show 5<\/strong><strong>\u00e9tait de 89,99 $, maintenant de 44,99 $<\/strong><\/p>\n<h2 id=\"amazon-echo-show-8\">Amazon Echo Show 8<\/h2>\n<p>Un \u00e9cran Full HD de 8 pouces dans un cadre avec une gamme compl\u00e8te d&rsquo;applications, dont Fire TV. <\/p>\n<p><strong>\u00c9cho Show 8<\/strong><strong>\u00e9tait de 149,99 $, maintenant de 79,99 $<\/strong><\/p>\n<h2 id=\"amazon-fire-tv-50-4k-with-alexa\">Amazon Fire TV 50&Prime; 4K avec Alexa<\/h2>\n<p>Ce que les gens oublient, c&rsquo;est que les t\u00e9l\u00e9viseurs Fire sont \u00e9quip\u00e9s d&rsquo;Alexa. C&rsquo;est donc un autre point de la maison o\u00f9 vous pouvez acc\u00e9der \u00e0 votre assistant. Les t\u00e9l\u00e9viseurs Fire n&rsquo;offriront jamais le meilleur du meilleur en termes de qualit\u00e9 d&rsquo;image, mais ils sont bien \u00e9quip\u00e9s et relativement abordables, en particulier aux prix du Black Friday.<\/p>\n<p><strong>Amazon Fire TV<\/strong><strong>\u00e9tait de 449,99 $, maintenant de 279,99 $<\/strong><\/p>\n<div class=\"w-full mt-12 text-center sm:text-left\" x-data=\"{ showAll: false }\">\n<div class=\"flex flex-col items-center justify-between sm:px-6 sm:flex-row\">\n\t\t\t<span class=\"text-sm italic\">Les offres sont s\u00e9lectionn\u00e9es par notre \u00e9quipe commerciale<\/span><\/p><\/div>\n<\/p><\/div>\n","protected":false},"excerpt":{"rendered":"<p>Les Pops, Spots, Dots et Shows sont tous \u00e0 prix r\u00e9duit en ce moment. Peu d&rsquo;utilitaires r\u00e9duisent autant le travail dans ma maison que mes<\/p>\n","protected":false},"author":1,"featured_media":2763,"comment_status":"","ping_status":"","sticky":false,"template":"","format":"standard","meta":{"footnotes":""},"categories":[13],"tags":[3492,451,1268,73,248,1255,1269,81,308,525],"class_list":["post-2762","post","type-post","status-publish","format-standard","has-post-thumbnail","hentry","category-technologie","tag-alexa","tag-appareils","tag-beneficient","tag-black","tag-ces","tag-friday","tag-jusqua","tag-pour","tag-reduction","tag-sept","generate-columns","tablet-grid-50","mobile-grid-100","grid-parent","grid-33"],"yoast_head":"<!-- This site is optimized with the Yoast SEO plugin v24.0 - https:\/\/yoast.com\/wordpress\/plugins\/seo\/ -->\n<title>Ces sept appareils Alexa b\u00e9n\u00e9ficient jusqu&#039;\u00e0 50 % de r\u00e9duction pour le Black Friday | Vie Associative<\/title>\n<meta name=\"robots\" content=\"index, follow, max-snippet:-1, max-image-preview:large, max-video-preview:-1\" \/>\n<link rel=\"canonical\" href=\"https:\/\/vieassociative.be\/actualites\/ces-sept-appareils-alexa-beneficient-jusqua-50-de-reduction-pour-le-black-friday\/\" \/>\n<meta property=\"og:locale\" content=\"fr_FR\" \/>\n<meta property=\"og:type\" content=\"article\" \/>\n<meta property=\"og:title\" content=\"Ces sept appareils Alexa b\u00e9n\u00e9ficient jusqu&#039;\u00e0 50 % de r\u00e9duction pour le Black Friday | Vie Associative\" \/>\n<meta property=\"og:description\" content=\"Les Pops, Spots, Dots et Shows sont tous \u00e0 prix r\u00e9duit en ce moment. Peu d&rsquo;utilitaires r\u00e9duisent autant le travail dans ma maison que mes\" \/>\n<meta property=\"og:url\" content=\"https:\/\/vieassociative.be\/actualites\/ces-sept-appareils-alexa-beneficient-jusqua-50-de-reduction-pour-le-black-friday\/\" \/>\n<meta property=\"og:site_name\" content=\"Vie Associative\" \/>\n<meta property=\"article:published_time\" content=\"2024-11-25T19:19:10+00:00\" \/>\n<meta property=\"og:image\" content=\"https:\/\/vieassociative.be\/actualites\/wp-content\/uploads\/2024\/09\/header_backgroundk-01-e1726694325946.png\" \/>\n\t<meta property=\"og:image:width\" content=\"279\" \/>\n\t<meta property=\"og:image:height\" content=\"92\" \/>\n\t<meta property=\"og:image:type\" content=\"image\/png\" \/>\n<meta name=\"author\" content=\"Julien\" \/>\n<meta name=\"twitter:card\" content=\"summary_large_image\" \/>\n<meta name=\"twitter:label1\" content=\"\u00c9crit par\" \/>\n\t<meta name=\"twitter:data1\" content=\"Julien\" \/>\n\t<meta name=\"twitter:label2\" content=\"Dur\u00e9e de lecture est.\" \/>\n\t<meta name=\"twitter:data2\" content=\"2 minutes\" \/>\n<script type=\"application\/ld+json\" class=\"yoast-schema-graph\">{\"@context\":\"https:\/\/schema.org\",\"@graph\":[{\"@type\":\"Article\",\"@id\":\"https:\/\/vieassociative.be\/actualites\/ces-sept-appareils-alexa-beneficient-jusqua-50-de-reduction-pour-le-black-friday\/#article\",\"isPartOf\":{\"@id\":\"https:\/\/vieassociative.be\/actualites\/ces-sept-appareils-alexa-beneficient-jusqua-50-de-reduction-pour-le-black-friday\/\"},\"author\":{\"name\":\"Julien\",\"@id\":\"https:\/\/vieassociative.be\/actualites\/#\/schema\/person\/b87ac4f82f9d4e7b7cec7395b679edc4\"},\"headline\":\"Ces sept appareils Alexa b\u00e9n\u00e9ficient jusqu&rsquo;\u00e0 50 % de r\u00e9duction pour le Black Friday\",\"datePublished\":\"2024-11-25T19:19:10+00:00\",\"dateModified\":\"2024-11-25T19:19:10+00:00\",\"mainEntityOfPage\":{\"@id\":\"https:\/\/vieassociative.be\/actualites\/ces-sept-appareils-alexa-beneficient-jusqua-50-de-reduction-pour-le-black-friday\/\"},\"wordCount\":522,\"publisher\":{\"@id\":\"https:\/\/vieassociative.be\/actualites\/#organization\"},\"image\":{\"@id\":\"https:\/\/vieassociative.be\/actualites\/ces-sept-appareils-alexa-beneficient-jusqua-50-de-reduction-pour-le-black-friday\/#primaryimage\"},\"thumbnailUrl\":\"https:\/\/vieassociative.be\/actualites\/wp-content\/uploads\/2024\/11\/Ces-sept-appareils-Alexa-beneficient-jusqua-50-de-reduction.png\",\"keywords\":[\"Alexa\",\"appareils\",\"b\u00e9n\u00e9ficient\",\"Black\",\"ces\",\"Friday\",\"jusqu\u00e0\",\"pour\",\"r\u00e9duction\",\"Sept\"],\"articleSection\":[\"Technologie\"],\"inLanguage\":\"fr-BE\"},{\"@type\":\"WebPage\",\"@id\":\"https:\/\/vieassociative.be\/actualites\/ces-sept-appareils-alexa-beneficient-jusqua-50-de-reduction-pour-le-black-friday\/\",\"url\":\"https:\/\/vieassociative.be\/actualites\/ces-sept-appareils-alexa-beneficient-jusqua-50-de-reduction-pour-le-black-friday\/\",\"name\":\"Ces sept appareils Alexa b\u00e9n\u00e9ficient jusqu'\u00e0 50 % de r\u00e9duction pour le Black Friday | Vie Associative\",\"isPartOf\":{\"@id\":\"https:\/\/vieassociative.be\/actualites\/#website\"},\"primaryImageOfPage\":{\"@id\":\"https:\/\/vieassociative.be\/actualites\/ces-sept-appareils-alexa-beneficient-jusqua-50-de-reduction-pour-le-black-friday\/#primaryimage\"},\"image\":{\"@id\":\"https:\/\/vieassociative.be\/actualites\/ces-sept-appareils-alexa-beneficient-jusqua-50-de-reduction-pour-le-black-friday\/#primaryimage\"},\"thumbnailUrl\":\"https:\/\/vieassociative.be\/actualites\/wp-content\/uploads\/2024\/11\/Ces-sept-appareils-Alexa-beneficient-jusqua-50-de-reduction.png\",\"datePublished\":\"2024-11-25T19:19:10+00:00\",\"dateModified\":\"2024-11-25T19:19:10+00:00\",\"breadcrumb\":{\"@id\":\"https:\/\/vieassociative.be\/actualites\/ces-sept-appareils-alexa-beneficient-jusqua-50-de-reduction-pour-le-black-friday\/#breadcrumb\"},\"inLanguage\":\"fr-BE\",\"potentialAction\":[{\"@type\":\"ReadAction\",\"target\":[\"https:\/\/vieassociative.be\/actualites\/ces-sept-appareils-alexa-beneficient-jusqua-50-de-reduction-pour-le-black-friday\/\"]}]},{\"@type\":\"ImageObject\",\"inLanguage\":\"fr-BE\",\"@id\":\"https:\/\/vieassociative.be\/actualites\/ces-sept-appareils-alexa-beneficient-jusqua-50-de-reduction-pour-le-black-friday\/#primaryimage\",\"url\":\"https:\/\/vieassociative.be\/actualites\/wp-content\/uploads\/2024\/11\/Ces-sept-appareils-Alexa-beneficient-jusqua-50-de-reduction.png\",\"contentUrl\":\"https:\/\/vieassociative.be\/actualites\/wp-content\/uploads\/2024\/11\/Ces-sept-appareils-Alexa-beneficient-jusqua-50-de-reduction.png\",\"width\":1200,\"height\":675,\"caption\":\"Ces sept appareils Alexa b\u00e9n\u00e9ficient jusqu'\u00e0 50 % de r\u00e9duction pour le Black Friday\"},{\"@type\":\"BreadcrumbList\",\"@id\":\"https:\/\/vieassociative.be\/actualites\/ces-sept-appareils-alexa-beneficient-jusqua-50-de-reduction-pour-le-black-friday\/#breadcrumb\",\"itemListElement\":[{\"@type\":\"ListItem\",\"position\":1,\"name\":\"Accueil\",\"item\":\"https:\/\/vieassociative.be\/actualites\/\"},{\"@type\":\"ListItem\",\"position\":2,\"name\":\"Ces sept appareils Alexa b\u00e9n\u00e9ficient jusqu&rsquo;\u00e0 50 % de r\u00e9duction pour le Black Friday\"}]},{\"@type\":\"WebSite\",\"@id\":\"https:\/\/vieassociative.be\/actualites\/#website\",\"url\":\"https:\/\/vieassociative.be\/actualites\/\",\"name\":\"Vie Associative\",\"description\":\"\",\"publisher\":{\"@id\":\"https:\/\/vieassociative.be\/actualites\/#organization\"},\"potentialAction\":[{\"@type\":\"SearchAction\",\"target\":{\"@type\":\"EntryPoint\",\"urlTemplate\":\"https:\/\/vieassociative.be\/actualites\/?s={search_term_string}\"},\"query-input\":{\"@type\":\"PropertyValueSpecification\",\"valueRequired\":true,\"valueName\":\"search_term_string\"}}],\"inLanguage\":\"fr-BE\"},{\"@type\":\"Organization\",\"@id\":\"https:\/\/vieassociative.be\/actualites\/#organization\",\"name\":\"Vie Associative\",\"url\":\"https:\/\/vieassociative.be\/actualites\/\",\"logo\":{\"@type\":\"ImageObject\",\"inLanguage\":\"fr-BE\",\"@id\":\"https:\/\/vieassociative.be\/actualites\/#\/schema\/logo\/image\/\",\"url\":\"https:\/\/vieassociative.be\/actualites\/wp-content\/uploads\/2024\/09\/cropped-vieassociative_favicon.ico.png\",\"contentUrl\":\"https:\/\/vieassociative.be\/actualites\/wp-content\/uploads\/2024\/09\/cropped-vieassociative_favicon.ico.png\",\"width\":512,\"height\":512,\"caption\":\"Vie Associative\"},\"image\":{\"@id\":\"https:\/\/vieassociative.be\/actualites\/#\/schema\/logo\/image\/\"}},{\"@type\":\"Person\",\"@id\":\"https:\/\/vieassociative.be\/actualites\/#\/schema\/person\/b87ac4f82f9d4e7b7cec7395b679edc4\",\"name\":\"Julien\",\"image\":{\"@type\":\"ImageObject\",\"inLanguage\":\"fr-BE\",\"@id\":\"https:\/\/vieassociative.be\/actualites\/#\/schema\/person\/image\/\",\"url\":\"https:\/\/vieassociative.be\/actualites\/wp-content\/uploads\/2024\/09\/vie-associative-1-150x150.jpg\",\"contentUrl\":\"https:\/\/vieassociative.be\/actualites\/wp-content\/uploads\/2024\/09\/vie-associative-1-150x150.jpg\",\"caption\":\"Julien\"},\"description\":\"Je suis Julien, r\u00e9dacteur pour Vie Associative. Passionn\u00e9 par le monde associatif depuis plus de 10 ans, j'ai \u00e0 c\u0153ur de partager des histoires inspirantes et de mettre en lumi\u00e8re les initiatives locales. Mon objectif est de sensibiliser et d'encourager l'engagement communautaire \u00e0 travers mes articles.\",\"sameAs\":[\"https:\/\/vieassociative.be\/\"]}]}<\/script>\n<!-- \/ Yoast SEO plugin. -->","yoast_head_json":{"title":"Ces sept appareils Alexa b\u00e9n\u00e9ficient jusqu'\u00e0 50 % de r\u00e9duction pour le Black Friday | Vie Associative","robots":{"index":"index","follow":"follow","max-snippet":"max-snippet:-1","max-image-preview":"max-image-preview:large","max-video-preview":"max-video-preview:-1"},"canonical":"https:\/\/vieassociative.be\/actualites\/ces-sept-appareils-alexa-beneficient-jusqua-50-de-reduction-pour-le-black-friday\/","og_locale":"fr_FR","og_type":"article","og_title":"Ces sept appareils Alexa b\u00e9n\u00e9ficient jusqu'\u00e0 50 % de r\u00e9duction pour le Black Friday | Vie Associative","og_description":"Les Pops, Spots, Dots et Shows sont tous \u00e0 prix r\u00e9duit en ce moment. Peu d&rsquo;utilitaires r\u00e9duisent autant le travail dans ma maison que mes","og_url":"https:\/\/vieassociative.be\/actualites\/ces-sept-appareils-alexa-beneficient-jusqua-50-de-reduction-pour-le-black-friday\/","og_site_name":"Vie Associative","article_published_time":"2024-11-25T19:19:10+00:00","og_image":[{"width":279,"height":92,"url":"https:\/\/vieassociative.be\/actualites\/wp-content\/uploads\/2024\/09\/header_backgroundk-01-e1726694325946.png","type":"image\/png"}],"author":"Julien","twitter_card":"summary_large_image","twitter_misc":{"\u00c9crit par":"Julien","Dur\u00e9e de lecture est.":"2 minutes"},"schema":{"@context":"https:\/\/schema.org","@graph":[{"@type":"Article","@id":"https:\/\/vieassociative.be\/actualites\/ces-sept-appareils-alexa-beneficient-jusqua-50-de-reduction-pour-le-black-friday\/#article","isPartOf":{"@id":"https:\/\/vieassociative.be\/actualites\/ces-sept-appareils-alexa-beneficient-jusqua-50-de-reduction-pour-le-black-friday\/"},"author":{"name":"Julien","@id":"https:\/\/vieassociative.be\/actualites\/#\/schema\/person\/b87ac4f82f9d4e7b7cec7395b679edc4"},"headline":"Ces sept appareils Alexa b\u00e9n\u00e9ficient jusqu&rsquo;\u00e0 50 % de r\u00e9duction pour le Black Friday","datePublished":"2024-11-25T19:19:10+00:00","dateModified":"2024-11-25T19:19:10+00:00","mainEntityOfPage":{"@id":"https:\/\/vieassociative.be\/actualites\/ces-sept-appareils-alexa-beneficient-jusqua-50-de-reduction-pour-le-black-friday\/"},"wordCount":522,"publisher":{"@id":"https:\/\/vieassociative.be\/actualites\/#organization"},"image":{"@id":"https:\/\/vieassociative.be\/actualites\/ces-sept-appareils-alexa-beneficient-jusqua-50-de-reduction-pour-le-black-friday\/#primaryimage"},"thumbnailUrl":"https:\/\/vieassociative.be\/actualites\/wp-content\/uploads\/2024\/11\/Ces-sept-appareils-Alexa-beneficient-jusqua-50-de-reduction.png","keywords":["Alexa","appareils","b\u00e9n\u00e9ficient","Black","ces","Friday","jusqu\u00e0","pour","r\u00e9duction","Sept"],"articleSection":["Technologie"],"inLanguage":"fr-BE"},{"@type":"WebPage","@id":"https:\/\/vieassociative.be\/actualites\/ces-sept-appareils-alexa-beneficient-jusqua-50-de-reduction-pour-le-black-friday\/","url":"https:\/\/vieassociative.be\/actualites\/ces-sept-appareils-alexa-beneficient-jusqua-50-de-reduction-pour-le-black-friday\/","name":"Ces sept appareils Alexa b\u00e9n\u00e9ficient jusqu'\u00e0 50 % de r\u00e9duction pour le Black Friday | Vie Associative","isPartOf":{"@id":"https:\/\/vieassociative.be\/actualites\/#website"},"primaryImageOfPage":{"@id":"https:\/\/vieassociative.be\/actualites\/ces-sept-appareils-alexa-beneficient-jusqua-50-de-reduction-pour-le-black-friday\/#primaryimage"},"image":{"@id":"https:\/\/vieassociative.be\/actualites\/ces-sept-appareils-alexa-beneficient-jusqua-50-de-reduction-pour-le-black-friday\/#primaryimage"},"thumbnailUrl":"https:\/\/vieassociative.be\/actualites\/wp-content\/uploads\/2024\/11\/Ces-sept-appareils-Alexa-beneficient-jusqua-50-de-reduction.png","datePublished":"2024-11-25T19:19:10+00:00","dateModified":"2024-11-25T19:19:10+00:00","breadcrumb":{"@id":"https:\/\/vieassociative.be\/actualites\/ces-sept-appareils-alexa-beneficient-jusqua-50-de-reduction-pour-le-black-friday\/#breadcrumb"},"inLanguage":"fr-BE","potentialAction":[{"@type":"ReadAction","target":["https:\/\/vieassociative.be\/actualites\/ces-sept-appareils-alexa-beneficient-jusqua-50-de-reduction-pour-le-black-friday\/"]}]},{"@type":"ImageObject","inLanguage":"fr-BE","@id":"https:\/\/vieassociative.be\/actualites\/ces-sept-appareils-alexa-beneficient-jusqua-50-de-reduction-pour-le-black-friday\/#primaryimage","url":"https:\/\/vieassociative.be\/actualites\/wp-content\/uploads\/2024\/11\/Ces-sept-appareils-Alexa-beneficient-jusqua-50-de-reduction.png","contentUrl":"https:\/\/vieassociative.be\/actualites\/wp-content\/uploads\/2024\/11\/Ces-sept-appareils-Alexa-beneficient-jusqua-50-de-reduction.png","width":1200,"height":675,"caption":"Ces sept appareils Alexa b\u00e9n\u00e9ficient jusqu'\u00e0 50 % de r\u00e9duction pour le Black Friday"},{"@type":"BreadcrumbList","@id":"https:\/\/vieassociative.be\/actualites\/ces-sept-appareils-alexa-beneficient-jusqua-50-de-reduction-pour-le-black-friday\/#breadcrumb","itemListElement":[{"@type":"ListItem","position":1,"name":"Accueil","item":"https:\/\/vieassociative.be\/actualites\/"},{"@type":"ListItem","position":2,"name":"Ces sept appareils Alexa b\u00e9n\u00e9ficient jusqu&rsquo;\u00e0 50 % de r\u00e9duction pour le Black Friday"}]},{"@type":"WebSite","@id":"https:\/\/vieassociative.be\/actualites\/#website","url":"https:\/\/vieassociative.be\/actualites\/","name":"Vie Associative","description":"","publisher":{"@id":"https:\/\/vieassociative.be\/actualites\/#organization"},"potentialAction":[{"@type":"SearchAction","target":{"@type":"EntryPoint","urlTemplate":"https:\/\/vieassociative.be\/actualites\/?s={search_term_string}"},"query-input":{"@type":"PropertyValueSpecification","valueRequired":true,"valueName":"search_term_string"}}],"inLanguage":"fr-BE"},{"@type":"Organization","@id":"https:\/\/vieassociative.be\/actualites\/#organization","name":"Vie Associative","url":"https:\/\/vieassociative.be\/actualites\/","logo":{"@type":"ImageObject","inLanguage":"fr-BE","@id":"https:\/\/vieassociative.be\/actualites\/#\/schema\/logo\/image\/","url":"https:\/\/vieassociative.be\/actualites\/wp-content\/uploads\/2024\/09\/cropped-vieassociative_favicon.ico.png","contentUrl":"https:\/\/vieassociative.be\/actualites\/wp-content\/uploads\/2024\/09\/cropped-vieassociative_favicon.ico.png","width":512,"height":512,"caption":"Vie Associative"},"image":{"@id":"https:\/\/vieassociative.be\/actualites\/#\/schema\/logo\/image\/"}},{"@type":"Person","@id":"https:\/\/vieassociative.be\/actualites\/#\/schema\/person\/b87ac4f82f9d4e7b7cec7395b679edc4","name":"Julien","image":{"@type":"ImageObject","inLanguage":"fr-BE","@id":"https:\/\/vieassociative.be\/actualites\/#\/schema\/person\/image\/","url":"https:\/\/vieassociative.be\/actualites\/wp-content\/uploads\/2024\/09\/vie-associative-1-150x150.jpg","contentUrl":"https:\/\/vieassociative.be\/actualites\/wp-content\/uploads\/2024\/09\/vie-associative-1-150x150.jpg","caption":"Julien"},"description":"Je suis Julien, r\u00e9dacteur pour Vie Associative. Passionn\u00e9 par le monde associatif depuis plus de 10 ans, j'ai \u00e0 c\u0153ur de partager des histoires inspirantes et de mettre en lumi\u00e8re les initiatives locales. Mon objectif est de sensibiliser et d'encourager l'engagement communautaire \u00e0 travers mes articles.","sameAs":["https:\/\/vieassociative.be\/"]}]}},"_links":{"self":[{"href":"https:\/\/vieassociative.be\/actualites\/wp-json\/wp\/v2\/posts\/2762"}],"collection":[{"href":"https:\/\/vieassociative.be\/actualites\/wp-json\/wp\/v2\/posts"}],"about":[{"href":"https:\/\/vieassociative.be\/actualites\/wp-json\/wp\/v2\/types\/post"}],"author":[{"embeddable":true,"href":"https:\/\/vieassociative.be\/actualites\/wp-json\/wp\/v2\/users\/1"}],"replies":[{"embeddable":true,"href":"https:\/\/vieassociative.be\/actualites\/wp-json\/wp\/v2\/comments?post=2762"}],"version-history":[{"count":0,"href":"https:\/\/vieassociative.be\/actualites\/wp-json\/wp\/v2\/posts\/2762\/revisions"}],"wp:featuredmedia":[{"embeddable":true,"href":"https:\/\/vieassociative.be\/actualites\/wp-json\/wp\/v2\/media\/2763"}],"wp:attachment":[{"href":"https:\/\/vieassociative.be\/actualites\/wp-json\/wp\/v2\/media?parent=2762"}],"wp:term":[{"taxonomy":"category","embeddable":true,"href":"https:\/\/vieassociative.be\/actualites\/wp-json\/wp\/v2\/categories?post=2762"},{"taxonomy":"post_tag","embeddable":true,"href":"https:\/\/vieassociative.be\/actualites\/wp-json\/wp\/v2\/tags?post=2762"}],"curies":[{"name":"wp","href":"https:\/\/api.w.org\/{rel}","templated":true}]}}