{"id":2754,"date":"2024-11-25T15:17:31","date_gmt":"2024-11-25T14:17:31","guid":{"rendered":"https:\/\/vieassociative.be\/actualites\/annalena-baerbock-et-son-mari-se-sont-separes\/"},"modified":"2024-11-25T15:17:31","modified_gmt":"2024-11-25T14:17:31","slug":"annalena-baerbock-et-son-mari-se-sont-separes","status":"publish","type":"post","link":"https:\/\/vieassociative.be\/actualites\/annalena-baerbock-et-son-mari-se-sont-separes\/","title":{"rendered":"Annalena Baerbock et son mari se sont s\u00e9par\u00e9s"},"content":{"rendered":"<p><strong>La ministre allemande des Affaires \u00e9trang\u00e8res Annalena Baerbock (Verts, 43 ans) et son mari Daniel Holefleisch (51 ans) se sont s\u00e9par\u00e9s.<\/strong><\/p>\n<p><span id=\"more-402630\"><\/span>\u00ab\u00a0Il y a quelque temps, nous avons d\u00e9cid\u00e9 ensemble, au terme d&rsquo;un long processus, que nous n&rsquo;\u00e9tions plus un couple\u00a0\u00bb, cite le journal \u00ab\u00a0Bild\u00a0\u00bb dans une d\u00e9claration commune de Baerbock et Holefleisch. Le journal, \u00e9galement disponible \u00e0 l&rsquo;agence de presse allemande \u00e0 Berlin, poursuit : \u00ab Afin d&rsquo;\u00e9viter d&rsquo;\u00e9ventuelles sp\u00e9culations : il n&rsquo;y a pas de nouveaux partenaires. \u00bb<\/p>\n<div id=\"attachment_402632\" class=\"wp-caption alignleft\" style=\"max-width: 300px\"><img fetchpriority=\"high\" decoding=\"async\" class=\"wp-image-402632 size-medium\" src=\"https:\/\/vieassociative.be\/actualites\/wp-content\/uploads\/2024\/11\/Annalena-Baerbock-et-son-mari-se-sont-separes.jpg\" alt=\"\" width=\"300\" height=\"211\"><\/p>\n<p class=\"wp-caption-text\">21 avril 2023, Berlin : Annalena Baerbock (B\u00fcndnis90\/les Verts), ministre des Affaires \u00e9trang\u00e8res, et son mari Daniel Holefleisch viennent au 70e bal de la presse f\u00e9d\u00e9rale \u00ab pour la libert\u00e9 de la presse \u00bb \u00e0 l&rsquo;h\u00f4tel Adlon Kempinski. Photo : Annette Riedl\/dpa<\/p>\n<\/div>\n<p>L&rsquo;actuel ministre des Affaires \u00e9trang\u00e8res et le conseiller en communication se sont mari\u00e9s en ao\u00fbt 2007. Ils ont deux filles \u00e2g\u00e9es de 9 et 13 ans.<\/p>\n<p>Ensemble, Baerbock et Holefleisch soulignent : \u00ab Avec une signification profonde l&rsquo;un pour l&rsquo;autre, nous restons un couple de parents qui continuent d&rsquo;\u00eatre pr\u00e9sents ensemble dans la vie de nos enfants. Ils ajoutent : \u00ab Le plus important pour nous reste de travailler ensemble. \u00bb veiller \u00e0 ce que nos deux filles puissent grandir en paix et dans un environnement aimant. C&rsquo;est pour cette raison qu&rsquo;elles continuent de vivre dans leur maison commune \u00e0 Potsdam.<\/p>\n<p>Le communiqu\u00e9 poursuit : \u00ab Surtout pour le bien-\u00eatre de nos enfants, nous demandons de toute urgence que la vie priv\u00e9e de notre famille soit respect\u00e9e. \u00bb Aucune autre explication ne sera donn\u00e9e. Selon le journal \u00ab Bild \u00bb, Baerbock et Holefleisch ont pass\u00e9 les vacances d&rsquo;automne avec leurs filles. (dpa)<\/p>\n","protected":false},"excerpt":{"rendered":"<p>La ministre allemande des Affaires \u00e9trang\u00e8res Annalena Baerbock (Verts, 43 ans) et son mari Daniel Holefleisch (51 ans) se sont s\u00e9par\u00e9s. \u00ab\u00a0Il y a quelque<\/p>\n","protected":false},"author":1,"featured_media":2755,"comment_status":"","ping_status":"","sticky":false,"template":"","format":"standard","meta":{"footnotes":""},"categories":[298],"tags":[3487,3488,3489,1396,800,18],"class_list":["post-2754","post","type-post","status-publish","format-standard","has-post-thumbnail","hentry","category-belgique","tag-annalena","tag-baerbock","tag-mari","tag-separes","tag-son","tag-sont","generate-columns","tablet-grid-50","mobile-grid-100","grid-parent","grid-33"],"yoast_head":"<!-- This site is optimized with the Yoast SEO plugin v24.0 - https:\/\/yoast.com\/wordpress\/plugins\/seo\/ -->\n<title>Annalena Baerbock et son mari se sont s\u00e9par\u00e9s | Vie Associative<\/title>\n<meta name=\"robots\" content=\"index, follow, max-snippet:-1, max-image-preview:large, max-video-preview:-1\" \/>\n<link rel=\"canonical\" href=\"https:\/\/vieassociative.be\/actualites\/annalena-baerbock-et-son-mari-se-sont-separes\/\" \/>\n<meta property=\"og:locale\" content=\"fr_FR\" \/>\n<meta property=\"og:type\" content=\"article\" \/>\n<meta property=\"og:title\" content=\"Annalena Baerbock et son mari se sont s\u00e9par\u00e9s | Vie Associative\" \/>\n<meta property=\"og:description\" content=\"La ministre allemande des Affaires \u00e9trang\u00e8res Annalena Baerbock (Verts, 43 ans) et son mari Daniel Holefleisch (51 ans) se sont s\u00e9par\u00e9s. \u00ab\u00a0Il y a quelque\" \/>\n<meta property=\"og:url\" content=\"https:\/\/vieassociative.be\/actualites\/annalena-baerbock-et-son-mari-se-sont-separes\/\" \/>\n<meta property=\"og:site_name\" content=\"Vie Associative\" \/>\n<meta property=\"article:published_time\" content=\"2024-11-25T14:17:31+00:00\" \/>\n<meta property=\"og:image\" content=\"https:\/\/vieassociative.be\/actualites\/wp-content\/uploads\/2024\/11\/Annalena-Baerbock-et-son-mari-se-sont-separes.jpg\" \/>\n<meta name=\"author\" content=\"Julien\" \/>\n<meta name=\"twitter:card\" content=\"summary_large_image\" \/>\n<meta name=\"twitter:label1\" content=\"\u00c9crit par\" \/>\n\t<meta name=\"twitter:data1\" content=\"Julien\" \/>\n\t<meta name=\"twitter:label2\" content=\"Dur\u00e9e de lecture est.\" \/>\n\t<meta name=\"twitter:data2\" content=\"1 minute\" \/>\n<script type=\"application\/ld+json\" class=\"yoast-schema-graph\">{\"@context\":\"https:\/\/schema.org\",\"@graph\":[{\"@type\":\"Article\",\"@id\":\"https:\/\/vieassociative.be\/actualites\/annalena-baerbock-et-son-mari-se-sont-separes\/#article\",\"isPartOf\":{\"@id\":\"https:\/\/vieassociative.be\/actualites\/annalena-baerbock-et-son-mari-se-sont-separes\/\"},\"author\":{\"name\":\"Julien\",\"@id\":\"https:\/\/vieassociative.be\/actualites\/#\/schema\/person\/b87ac4f82f9d4e7b7cec7395b679edc4\"},\"headline\":\"Annalena Baerbock et son mari se sont s\u00e9par\u00e9s\",\"datePublished\":\"2024-11-25T14:17:31+00:00\",\"dateModified\":\"2024-11-25T14:17:31+00:00\",\"mainEntityOfPage\":{\"@id\":\"https:\/\/vieassociative.be\/actualites\/annalena-baerbock-et-son-mari-se-sont-separes\/\"},\"wordCount\":290,\"publisher\":{\"@id\":\"https:\/\/vieassociative.be\/actualites\/#organization\"},\"image\":{\"@id\":\"https:\/\/vieassociative.be\/actualites\/annalena-baerbock-et-son-mari-se-sont-separes\/#primaryimage\"},\"thumbnailUrl\":\"https:\/\/vieassociative.be\/actualites\/wp-content\/uploads\/2024\/11\/1732544251_Annalena-Baerbock-et-son-mari-se-sont-separes.jpg\",\"keywords\":[\"Annalena\",\"Baerbock\",\"mari\",\"s\u00e9par\u00e9s\",\"son\",\"sont\"],\"articleSection\":[\"Belgique\"],\"inLanguage\":\"fr-BE\"},{\"@type\":\"WebPage\",\"@id\":\"https:\/\/vieassociative.be\/actualites\/annalena-baerbock-et-son-mari-se-sont-separes\/\",\"url\":\"https:\/\/vieassociative.be\/actualites\/annalena-baerbock-et-son-mari-se-sont-separes\/\",\"name\":\"Annalena Baerbock et son mari se sont s\u00e9par\u00e9s | Vie Associative\",\"isPartOf\":{\"@id\":\"https:\/\/vieassociative.be\/actualites\/#website\"},\"primaryImageOfPage\":{\"@id\":\"https:\/\/vieassociative.be\/actualites\/annalena-baerbock-et-son-mari-se-sont-separes\/#primaryimage\"},\"image\":{\"@id\":\"https:\/\/vieassociative.be\/actualites\/annalena-baerbock-et-son-mari-se-sont-separes\/#primaryimage\"},\"thumbnailUrl\":\"https:\/\/vieassociative.be\/actualites\/wp-content\/uploads\/2024\/11\/1732544251_Annalena-Baerbock-et-son-mari-se-sont-separes.jpg\",\"datePublished\":\"2024-11-25T14:17:31+00:00\",\"dateModified\":\"2024-11-25T14:17:31+00:00\",\"breadcrumb\":{\"@id\":\"https:\/\/vieassociative.be\/actualites\/annalena-baerbock-et-son-mari-se-sont-separes\/#breadcrumb\"},\"inLanguage\":\"fr-BE\",\"potentialAction\":[{\"@type\":\"ReadAction\",\"target\":[\"https:\/\/vieassociative.be\/actualites\/annalena-baerbock-et-son-mari-se-sont-separes\/\"]}]},{\"@type\":\"ImageObject\",\"inLanguage\":\"fr-BE\",\"@id\":\"https:\/\/vieassociative.be\/actualites\/annalena-baerbock-et-son-mari-se-sont-separes\/#primaryimage\",\"url\":\"https:\/\/vieassociative.be\/actualites\/wp-content\/uploads\/2024\/11\/1732544251_Annalena-Baerbock-et-son-mari-se-sont-separes.jpg\",\"contentUrl\":\"https:\/\/vieassociative.be\/actualites\/wp-content\/uploads\/2024\/11\/1732544251_Annalena-Baerbock-et-son-mari-se-sont-separes.jpg\",\"width\":1200,\"height\":817,\"caption\":\"Annalena Baerbock et son mari se sont s\u00e9par\u00e9s\"},{\"@type\":\"BreadcrumbList\",\"@id\":\"https:\/\/vieassociative.be\/actualites\/annalena-baerbock-et-son-mari-se-sont-separes\/#breadcrumb\",\"itemListElement\":[{\"@type\":\"ListItem\",\"position\":1,\"name\":\"Accueil\",\"item\":\"https:\/\/vieassociative.be\/actualites\/\"},{\"@type\":\"ListItem\",\"position\":2,\"name\":\"Annalena Baerbock et son mari se sont s\u00e9par\u00e9s\"}]},{\"@type\":\"WebSite\",\"@id\":\"https:\/\/vieassociative.be\/actualites\/#website\",\"url\":\"https:\/\/vieassociative.be\/actualites\/\",\"name\":\"Vie Associative\",\"description\":\"\",\"publisher\":{\"@id\":\"https:\/\/vieassociative.be\/actualites\/#organization\"},\"potentialAction\":[{\"@type\":\"SearchAction\",\"target\":{\"@type\":\"EntryPoint\",\"urlTemplate\":\"https:\/\/vieassociative.be\/actualites\/?s={search_term_string}\"},\"query-input\":{\"@type\":\"PropertyValueSpecification\",\"valueRequired\":true,\"valueName\":\"search_term_string\"}}],\"inLanguage\":\"fr-BE\"},{\"@type\":\"Organization\",\"@id\":\"https:\/\/vieassociative.be\/actualites\/#organization\",\"name\":\"Vie Associative\",\"url\":\"https:\/\/vieassociative.be\/actualites\/\",\"logo\":{\"@type\":\"ImageObject\",\"inLanguage\":\"fr-BE\",\"@id\":\"https:\/\/vieassociative.be\/actualites\/#\/schema\/logo\/image\/\",\"url\":\"https:\/\/vieassociative.be\/actualites\/wp-content\/uploads\/2024\/09\/cropped-vieassociative_favicon.ico.png\",\"contentUrl\":\"https:\/\/vieassociative.be\/actualites\/wp-content\/uploads\/2024\/09\/cropped-vieassociative_favicon.ico.png\",\"width\":512,\"height\":512,\"caption\":\"Vie Associative\"},\"image\":{\"@id\":\"https:\/\/vieassociative.be\/actualites\/#\/schema\/logo\/image\/\"}},{\"@type\":\"Person\",\"@id\":\"https:\/\/vieassociative.be\/actualites\/#\/schema\/person\/b87ac4f82f9d4e7b7cec7395b679edc4\",\"name\":\"Julien\",\"image\":{\"@type\":\"ImageObject\",\"inLanguage\":\"fr-BE\",\"@id\":\"https:\/\/vieassociative.be\/actualites\/#\/schema\/person\/image\/\",\"url\":\"https:\/\/vieassociative.be\/actualites\/wp-content\/uploads\/2024\/09\/vie-associative-1-150x150.jpg\",\"contentUrl\":\"https:\/\/vieassociative.be\/actualites\/wp-content\/uploads\/2024\/09\/vie-associative-1-150x150.jpg\",\"caption\":\"Julien\"},\"description\":\"Je suis Julien, r\u00e9dacteur pour Vie Associative. Passionn\u00e9 par le monde associatif depuis plus de 10 ans, j'ai \u00e0 c\u0153ur de partager des histoires inspirantes et de mettre en lumi\u00e8re les initiatives locales. Mon objectif est de sensibiliser et d'encourager l'engagement communautaire \u00e0 travers mes articles.\",\"sameAs\":[\"https:\/\/vieassociative.be\/\"]}]}<\/script>\n<!-- \/ Yoast SEO plugin. -->","yoast_head_json":{"title":"Annalena Baerbock et son mari se sont s\u00e9par\u00e9s | Vie Associative","robots":{"index":"index","follow":"follow","max-snippet":"max-snippet:-1","max-image-preview":"max-image-preview:large","max-video-preview":"max-video-preview:-1"},"canonical":"https:\/\/vieassociative.be\/actualites\/annalena-baerbock-et-son-mari-se-sont-separes\/","og_locale":"fr_FR","og_type":"article","og_title":"Annalena Baerbock et son mari se sont s\u00e9par\u00e9s | Vie Associative","og_description":"La ministre allemande des Affaires \u00e9trang\u00e8res Annalena Baerbock (Verts, 43 ans) et son mari Daniel Holefleisch (51 ans) se sont s\u00e9par\u00e9s. \u00ab\u00a0Il y a quelque","og_url":"https:\/\/vieassociative.be\/actualites\/annalena-baerbock-et-son-mari-se-sont-separes\/","og_site_name":"Vie Associative","article_published_time":"2024-11-25T14:17:31+00:00","og_image":[{"url":"https:\/\/vieassociative.be\/actualites\/wp-content\/uploads\/2024\/11\/Annalena-Baerbock-et-son-mari-se-sont-separes.jpg","type":"","width":"","height":""}],"author":"Julien","twitter_card":"summary_large_image","twitter_misc":{"\u00c9crit par":"Julien","Dur\u00e9e de lecture est.":"1 minute"},"schema":{"@context":"https:\/\/schema.org","@graph":[{"@type":"Article","@id":"https:\/\/vieassociative.be\/actualites\/annalena-baerbock-et-son-mari-se-sont-separes\/#article","isPartOf":{"@id":"https:\/\/vieassociative.be\/actualites\/annalena-baerbock-et-son-mari-se-sont-separes\/"},"author":{"name":"Julien","@id":"https:\/\/vieassociative.be\/actualites\/#\/schema\/person\/b87ac4f82f9d4e7b7cec7395b679edc4"},"headline":"Annalena Baerbock et son mari se sont s\u00e9par\u00e9s","datePublished":"2024-11-25T14:17:31+00:00","dateModified":"2024-11-25T14:17:31+00:00","mainEntityOfPage":{"@id":"https:\/\/vieassociative.be\/actualites\/annalena-baerbock-et-son-mari-se-sont-separes\/"},"wordCount":290,"publisher":{"@id":"https:\/\/vieassociative.be\/actualites\/#organization"},"image":{"@id":"https:\/\/vieassociative.be\/actualites\/annalena-baerbock-et-son-mari-se-sont-separes\/#primaryimage"},"thumbnailUrl":"https:\/\/vieassociative.be\/actualites\/wp-content\/uploads\/2024\/11\/1732544251_Annalena-Baerbock-et-son-mari-se-sont-separes.jpg","keywords":["Annalena","Baerbock","mari","s\u00e9par\u00e9s","son","sont"],"articleSection":["Belgique"],"inLanguage":"fr-BE"},{"@type":"WebPage","@id":"https:\/\/vieassociative.be\/actualites\/annalena-baerbock-et-son-mari-se-sont-separes\/","url":"https:\/\/vieassociative.be\/actualites\/annalena-baerbock-et-son-mari-se-sont-separes\/","name":"Annalena Baerbock et son mari se sont s\u00e9par\u00e9s | Vie Associative","isPartOf":{"@id":"https:\/\/vieassociative.be\/actualites\/#website"},"primaryImageOfPage":{"@id":"https:\/\/vieassociative.be\/actualites\/annalena-baerbock-et-son-mari-se-sont-separes\/#primaryimage"},"image":{"@id":"https:\/\/vieassociative.be\/actualites\/annalena-baerbock-et-son-mari-se-sont-separes\/#primaryimage"},"thumbnailUrl":"https:\/\/vieassociative.be\/actualites\/wp-content\/uploads\/2024\/11\/1732544251_Annalena-Baerbock-et-son-mari-se-sont-separes.jpg","datePublished":"2024-11-25T14:17:31+00:00","dateModified":"2024-11-25T14:17:31+00:00","breadcrumb":{"@id":"https:\/\/vieassociative.be\/actualites\/annalena-baerbock-et-son-mari-se-sont-separes\/#breadcrumb"},"inLanguage":"fr-BE","potentialAction":[{"@type":"ReadAction","target":["https:\/\/vieassociative.be\/actualites\/annalena-baerbock-et-son-mari-se-sont-separes\/"]}]},{"@type":"ImageObject","inLanguage":"fr-BE","@id":"https:\/\/vieassociative.be\/actualites\/annalena-baerbock-et-son-mari-se-sont-separes\/#primaryimage","url":"https:\/\/vieassociative.be\/actualites\/wp-content\/uploads\/2024\/11\/1732544251_Annalena-Baerbock-et-son-mari-se-sont-separes.jpg","contentUrl":"https:\/\/vieassociative.be\/actualites\/wp-content\/uploads\/2024\/11\/1732544251_Annalena-Baerbock-et-son-mari-se-sont-separes.jpg","width":1200,"height":817,"caption":"Annalena Baerbock et son mari se sont s\u00e9par\u00e9s"},{"@type":"BreadcrumbList","@id":"https:\/\/vieassociative.be\/actualites\/annalena-baerbock-et-son-mari-se-sont-separes\/#breadcrumb","itemListElement":[{"@type":"ListItem","position":1,"name":"Accueil","item":"https:\/\/vieassociative.be\/actualites\/"},{"@type":"ListItem","position":2,"name":"Annalena Baerbock et son mari se sont s\u00e9par\u00e9s"}]},{"@type":"WebSite","@id":"https:\/\/vieassociative.be\/actualites\/#website","url":"https:\/\/vieassociative.be\/actualites\/","name":"Vie Associative","description":"","publisher":{"@id":"https:\/\/vieassociative.be\/actualites\/#organization"},"potentialAction":[{"@type":"SearchAction","target":{"@type":"EntryPoint","urlTemplate":"https:\/\/vieassociative.be\/actualites\/?s={search_term_string}"},"query-input":{"@type":"PropertyValueSpecification","valueRequired":true,"valueName":"search_term_string"}}],"inLanguage":"fr-BE"},{"@type":"Organization","@id":"https:\/\/vieassociative.be\/actualites\/#organization","name":"Vie Associative","url":"https:\/\/vieassociative.be\/actualites\/","logo":{"@type":"ImageObject","inLanguage":"fr-BE","@id":"https:\/\/vieassociative.be\/actualites\/#\/schema\/logo\/image\/","url":"https:\/\/vieassociative.be\/actualites\/wp-content\/uploads\/2024\/09\/cropped-vieassociative_favicon.ico.png","contentUrl":"https:\/\/vieassociative.be\/actualites\/wp-content\/uploads\/2024\/09\/cropped-vieassociative_favicon.ico.png","width":512,"height":512,"caption":"Vie Associative"},"image":{"@id":"https:\/\/vieassociative.be\/actualites\/#\/schema\/logo\/image\/"}},{"@type":"Person","@id":"https:\/\/vieassociative.be\/actualites\/#\/schema\/person\/b87ac4f82f9d4e7b7cec7395b679edc4","name":"Julien","image":{"@type":"ImageObject","inLanguage":"fr-BE","@id":"https:\/\/vieassociative.be\/actualites\/#\/schema\/person\/image\/","url":"https:\/\/vieassociative.be\/actualites\/wp-content\/uploads\/2024\/09\/vie-associative-1-150x150.jpg","contentUrl":"https:\/\/vieassociative.be\/actualites\/wp-content\/uploads\/2024\/09\/vie-associative-1-150x150.jpg","caption":"Julien"},"description":"Je suis Julien, r\u00e9dacteur pour Vie Associative. Passionn\u00e9 par le monde associatif depuis plus de 10 ans, j'ai \u00e0 c\u0153ur de partager des histoires inspirantes et de mettre en lumi\u00e8re les initiatives locales. Mon objectif est de sensibiliser et d'encourager l'engagement communautaire \u00e0 travers mes articles.","sameAs":["https:\/\/vieassociative.be\/"]}]}},"_links":{"self":[{"href":"https:\/\/vieassociative.be\/actualites\/wp-json\/wp\/v2\/posts\/2754"}],"collection":[{"href":"https:\/\/vieassociative.be\/actualites\/wp-json\/wp\/v2\/posts"}],"about":[{"href":"https:\/\/vieassociative.be\/actualites\/wp-json\/wp\/v2\/types\/post"}],"author":[{"embeddable":true,"href":"https:\/\/vieassociative.be\/actualites\/wp-json\/wp\/v2\/users\/1"}],"replies":[{"embeddable":true,"href":"https:\/\/vieassociative.be\/actualites\/wp-json\/wp\/v2\/comments?post=2754"}],"version-history":[{"count":0,"href":"https:\/\/vieassociative.be\/actualites\/wp-json\/wp\/v2\/posts\/2754\/revisions"}],"wp:featuredmedia":[{"embeddable":true,"href":"https:\/\/vieassociative.be\/actualites\/wp-json\/wp\/v2\/media\/2755"}],"wp:attachment":[{"href":"https:\/\/vieassociative.be\/actualites\/wp-json\/wp\/v2\/media?parent=2754"}],"wp:term":[{"taxonomy":"category","embeddable":true,"href":"https:\/\/vieassociative.be\/actualites\/wp-json\/wp\/v2\/categories?post=2754"},{"taxonomy":"post_tag","embeddable":true,"href":"https:\/\/vieassociative.be\/actualites\/wp-json\/wp\/v2\/tags?post=2754"}],"curies":[{"name":"wp","href":"https:\/\/api.w.org\/{rel}","templated":true}]}}