{"id":275,"date":"2024-09-21T17:36:55","date_gmt":"2024-09-21T15:36:55","guid":{"rendered":"https:\/\/vieassociative.be\/actualites\/sturmfluten-in-deutschen-geschichte-un-uberblick\/"},"modified":"2024-09-21T17:36:58","modified_gmt":"2024-09-21T15:36:58","slug":"sturmfluten-in-deutschen-geschichte-un-uberblick","status":"publish","type":"post","link":"https:\/\/vieassociative.be\/actualites\/sturmfluten-in-deutschen-geschichte-un-uberblick\/","title":{"rendered":"Sturmfluten in deutschen Geschichte \u2013 un \u00dcberblick"},"content":{"rendered":"<p><\/p>\n<p class=\"font-sans font-medium\">  L&rsquo;Allemagne est le pays o\u00f9 les Sturmfluten sont concern\u00e9s. Certains \u00e9taient glorieux. Werfen wir een Blick in die Geschichtsb\u00fccher.<\/p>\n<aside class=\"h-ad-280+text lg:h-0 \" data-slot-id=\"pos1_sm\" data-breakpoint=\"sm\" data-hide-ad-text=\"false\" data-module-id=\"SparkAdSlotModule\"><\/aside>\n<p><strong>Fl\u00fbtes sturm<\/strong> car c&rsquo;est fascinant, m\u00eame si l&rsquo;environnement naturel a \u00e9t\u00e9 v\u00e9cu par les r\u00e9gions c\u00f4ti\u00e8res dans le pass\u00e9. Ces pr\u00e9cieuses masses d&rsquo;eau, qui ont \u00e9t\u00e9 trait\u00e9es par des conditions environnementales fortes, des vents forts et des vues sur les lacs, peuvent b\u00e9n\u00e9ficier d&rsquo;influences positives sur les personnes, la nature et les infrastructures. L&rsquo;Allemagne est dans la Laufe seiner Geschichte von einen Sturmfluten heimgesucht be.<\/p>\n<h3>Sturmflut : Le Nordsee est aussi fort que l&rsquo;Ostsee<\/h3>\n<p>Le Nordsee est particuli\u00e8rement important pour ces catastrophes catastrophiques. Auch dans l&rsquo;Ostsee kam es im Laufe der Zeit zu Sturmfluten, jedoch depuis ceux Sturmfluten dans le Nordsee im Allgemeinen h\u00e4ufiger. Ces diff\u00e9rences entre les deux zones lacustres et les fl\u00fbtes de temp\u00eate associ\u00e9es r\u00e9sultent de diff\u00e9rents facteurs g\u00e9ographiques, topographiques et climatiques :<\/p>\n<div id=\"piano-banner-kampagne\" class=\"mb-4 block\"><\/div>\n<div id=\"piano-reco-widget\" class=\"mb-4 block\"><\/div>\n<ol>\n<li><strong>Grosse du Nordsee :<\/strong> Le Nordsee constitue une vue plus vaste de la mer de l&rsquo;Est et offre une meilleure connexion avec la r\u00e9gion nordique. Le fait que les lumi\u00e8res soient fortes, m\u00eame si elles sont plus visibles, serait beaucoup plus facile \u00e0 utiliser.<\/li>\n<li><strong>Faible g\u00e9ographique\u00a0:<\/strong> La Norddeutsche Kuste s&rsquo;\u00e9tend directement jusqu&rsquo;au Nordsee et est donc soumise aux influences environnementales des fl\u00fbtes de temp\u00eate. Dans l&rsquo;Ostsee, il y a des r\u00e9gions c\u00f4ti\u00e8res \u00e0 fort gesch\u00fctzt, qui sont les \u00eeles et les Halbinseln qui les entourent, qui servent de Puffer.<\/li>\n<li><strong>Mar\u00e9e Verh\u00e4ltnisse\u00a0:<\/strong> Dans le Nordsee, il existe un certain nombre de Gezeitenunterschiede, qui pourraient permettre \u00e0 de forts Gezeitenstr\u00f6mungen et erh\u00f6hten Wasserst\u00e4nden de perdurer. Le chapeau Ostsee im Vergleich dazu kleinere Gezeitenunterschiede.<\/li>\n<li><strong>Activit\u00e9s principales de d\u00e9marrage\u00a0:<\/strong> Le Nordsee est souvent renforc\u00e9 par des syst\u00e8mes de temp\u00eates qui s&rsquo;\u00e9tendent sur l&rsquo;oc\u00e9an Atlantique et se jettent ensuite dans les r\u00e9gions c\u00f4ti\u00e8res. Ces pi\u00e8ces peuvent \u00eatre de grandes masses d&rsquo;eau auf de Festland schieben et zur Sturmfluten f\u00fchren.<\/li>\n<li><strong>Topographie et g\u00e9om\u00e9trie c\u00f4ti\u00e8re\u00a0:<\/strong> Le littoral et la topographie de la c\u00f4te nordique depuis la chute des zones c\u00f4ti\u00e8res de l&rsquo;Ostsee.<\/li>\n<\/ol>\n<p><!-- opinary --><\/p>\n<div class=\"w-full bg-background-100\">\n<div id=\"opinary-automation-placeholder\" class=\"w-full\"><\/div>\n<\/p><\/div>\n<p>Commencez d&rsquo;abord avec un nouveau sturmflut dedans <strong>Allemagne du Nord<\/strong>. Allerdings nicht an der Nordseek\u00fcste, sondern an der Ostseek\u00fcste. Le Danemark et la Su\u00e8de ont \u00e9t\u00e9 touch\u00e9s. Les m\u00e9t\u00e9orologues mettent en garde contre les pr\u00e9visions m\u00e9t\u00e9orologiques futures qui seront attendues sur le lac Nordsee. Grund daf\u00fcr war der fort Ostwind, der das Wasser in die Nordsee zur\u00fccktreibt.<\/p>\n<aside class=\"h-ad-600+text lg:h-0 \" data-slot-id=\"pos2_sm\" data-breakpoint=\"sm\" data-hide-ad-text=\"false\" data-module-id=\"SparkAdSlotModule\"><\/aside>\n<p><strong>Lire la suite ici\u00a0:<\/strong><\/p>\n<h3>Naturkatastrophe\u00a0: Sturmfluten in der deutschen Geschichte<\/h3>\n<p>Si le Nordsee dans le Ruler est concern\u00e9, il est possible d&rsquo;obtenir du sturmfluten dans l&rsquo;Ostsee. Mi b\u00e9mol en Allemagne dans les deux Meeresgebieten et Sturmfluten, qui mi b\u00e9mol dans ce <strong>Livre de poche<\/strong> en finir avec \u00e7a. Les Darunter \u00e9taient\u00a0:<\/p>\n<\/p>\n<table>\n<tbody>\n<tr>\n<td>Fl\u00fbte<\/td>\n<td>Jahr<\/td>\n<td>affect\u00e9 K\u00fcste<\/td>\n<td>Des temp\u00e9ratures anormales<\/td>\n<\/tr>\n<tr>\n<td>Fl\u00fbte de Toussaint<\/td>\n<td>1304<\/td>\n<td>Ostseekuste<\/td>\n<td>La Fl\u00fbte de Toussaint de 1304 est consid\u00e9r\u00e9e comme l&rsquo;un des documents les plus f\u00e9conds de Sturmfluten sur la Norddeutschen K\u00fcste. Ces catastrophes sont affect\u00e9es par les r\u00e9gions c\u00f4ti\u00e8res et les zones c\u00f4ti\u00e8res et par les d\u00e9g\u00e2ts importants. De nos jours, il n\u2019existe pas de syst\u00e8mes environnementaux modernes ni de syst\u00e8mes de protection des c\u00f4tes, de sorte que les comportements ne sont toujours pas pr\u00e9par\u00e9s.<\/td>\n<\/tr>\n<tr>\n<td>Burchardiflut<\/td>\n<td>1634<\/td>\n<td>Nordseekuste<\/td>\n<td>Le Burchardiflut von 1634 \u00e9tait un Sturmflut plus r\u00e9cent, qui couvrait le Nordseek\u00fcste. Benannt nach de Heiligen Burkhard von W\u00fcrzburg, avec cette fl\u00fbte en particulier la Nordfriesische K\u00fcste et f\u00fchrte zweren Deichbr\u00fcchen et \u00dcberschwemmungen. Sie forderte Tausende Todesopfer.<\/td>\n<\/tr>\n<tr>\n<td>Fl\u00fbte de No\u00ebl<\/td>\n<td>1717<\/td>\n<td>Nordseekuste<\/td>\n<td>Ce Sturmflut est l&rsquo;un des meilleurs Sturmfluten du Geschichte Deutschlandsen. Ils \u00e9taient pr\u00e9sents dans la nuit pr\u00e9c\u00e9dant le 24 d\u00e9cembre 1717 et purent visiter le Nordseek\u00fcste et les Pays-Bas ainsi qu&rsquo;au Danemark. Plus de 11 000 personnes, 100 000 personnes et 8 000 ouvriers du b\u00e2timent ont \u00e9t\u00e9 d\u00e9truits.<\/td>\n<\/tr>\n<tr>\n<td>Jahrtausendflut<\/td>\n<td>1872<\/td>\n<td>Ostseekuste<\/td>\n<td>Dans la nuit du 12 au 13 novembre 1872, vous pouvez lire un seul Sturmflut an der Ostseekuste, comme vous le verriez au cours de l&rsquo;ann\u00e9e. Knapp 300 Menschen starben und Tausende a perdu son Dach \u00fcber dem Kopf. Aujourd\u2019hui, l\u2019eau de la c\u00f4te est existe depuis 1872 \u2013 mais pas avant la fl\u00fbte de temp\u00eate en 2023.<\/td>\n<\/tr>\n<tr>\n<td>Grosse Sturmflut<\/td>\n<td>1962<\/td>\n<td>Nordseekuste<\/td>\n<td>Le Grand Sturmflut von 1962 avec le Nordseek\u00fcste, en particulier Hambourg, dans la nuit du 16 au 17 f\u00e9vrier 1962 et avec l&rsquo;aide des catastrophes d&rsquo;\u00dcberschwemmungen. En Allemagne, plus de 300 personnes vivent ici et leur vie est v\u00e9cue.<\/td>\n<\/tr>\n<tr>\n<td>Sturmflut et Neujahr<\/td>\n<td>1976<\/td>\n<td>Nordseekuste<\/td>\n<td>Dans la matin\u00e9e du 3 janvier 1976, l&rsquo;ouragan \u00ab\u00a0Capella\u00a0\u00bb a \u00e9t\u00e9 observ\u00e9 sur la c\u00f4te de Nordseek et a \u00e9t\u00e9 la premi\u00e8re fl\u00fbte de temp\u00eate. Die Wellen mesure environ 17 m\u00e8tres de haut. Il y a 16 personnes dans nos vies qui ont peu de diff\u00e9rence, mais qui subissent n\u00e9anmoins des dommages \u00e9conomiques dans la Milliardenh\u00f6he.<\/td>\n<\/tr>\n<tr>\n<td>Weihnachtssturmflut<\/td>\n<td>1999<\/td>\n<td>Nordseekuste<\/td>\n<td>Le 3 d\u00e9cembre 1999, l&rsquo;ouragan \u00ab\u00a0Anatol\u00a0\u00bb a travers\u00e9 le Nordeurope et a laiss\u00e9 une fl\u00fbte de temp\u00eate sur la c\u00f4te du Nordsee. Au Danemark, l&rsquo;Orkan est dor\u00e9 au 20\u00e8me si\u00e8cle, inform\u00e9 du petit Insel Jordsand von der Landkarte verschwand. Mindestens 20 Menschen kamen ums Leben, darunter drei en Allemagne.<\/td>\n<\/tr>\n<tr>\n<td>Sturmflut Xaver<\/td>\n<td>2013<\/td>\n<td>C\u00f4te Nordsee et Ostsee<\/td>\n<td>Ce mois-ci 2013, le Sturm \u00ab\u00a0Xaver\u00a0\u00bb a amen\u00e9 des Orkanb\u00f6en \u00fcber Norddeutschland et les meilleurs Sturmfluten aus, qui ont dur\u00e9 trois jours et ont \u00e9galement \u00e9t\u00e9 expos\u00e9s sur la c\u00f4te Est. Xaver verursacht erhebliche \u00dcberschwemmungen, donc se trouve beispielsweise der Fischmarkt \u00e0 Hambourg manshoch sous Wasser.<\/td>\n<\/tr>\n<tr>\n<td>Sturmflut Herwart<\/td>\n<td>2017<\/td>\n<td>C\u00f4te Nordsee et Ostsee<\/td>\n<td>Le Sturmtief \u00ab Hewart \u00bb a \u00e9t\u00e9 publi\u00e9 du 28 au 29 octobre 2017 dans des circonstances particuli\u00e8res dans les pays nordiques et de l&rsquo;Allemagne de l&rsquo;Est, ainsi que dans le Nachbarl\u00e4ndern D\u00e4nemark, en Pologne, en Tch\u00e9quie et en Slovaquie. Dans la r\u00e9gion du Nord et de l&rsquo;Ostsee, il existe des fl\u00fbtes de temp\u00eate qui affectent \u00e9galement la circulation et am\u00e9liorent la vie des gens.<\/td>\n<\/tr>\n<\/tbody>\n<\/table>\n<p><!-- Taboola Container --><\/p>\n<aside class=\" w-full\" data-module-id=\"TaboolaContainerModule\" data-container-id=\"taboola-article-mid-article\" data-mode=\"thumbnails-a\" data-target-type=\"mix\" data-is-mid-article=\"true\" data-variant=\"mid-article\" data-gallery-number=\"undefined\">\n<div id=\"taboola-article-mid-article\"><\/div>\n<\/aside>\n<p>Ces Sturmfluten f\u00fchrten zu grands \u00eatres humains <strong>Plaisir<\/strong> et de graves dommages \u00e9conomiques. Si les r\u00e9actions en Allemagne \u00e9taient prot\u00e9g\u00e9es, leur impact serait r\u00e9duit, voire r\u00e9duit au minimum. Dazu entendit :<\/p>\n<p>La qualit\u00e9 et l&rsquo;intensit\u00e9 des conditions m\u00e9t\u00e9orologiques extr\u00eames ont \u00e9t\u00e9 mises en \u00e9vidence ces derni\u00e8res ann\u00e9es par le service m\u00e9t\u00e9orologique allemand (DWD). 2021 arrive bient\u00f4t <strong>Flutkatastrophe<\/strong>qui sont des travailleurs ind\u00e9pendants, leur s\u00fbret\u00e9 et leur s\u00e9curit\u00e9 ne sont pas affect\u00e9es.<\/p>\n<h3>La Flutkatastrophe 2021\u00a0: le DWD vient d&rsquo;un chasseur d&rsquo;ann\u00e9es<\/h3>\n<p>Mi-juillet 2021, nous serons de retour en Allemagne <strong>Non mouill\u00e9<\/strong>. La Rh\u00e9nanie-Palatinat et la Rh\u00e9nanie du Nord-Westphalie ont \u00e9t\u00e9 particuli\u00e8rement touch\u00e9es. Ces niveaux inf\u00e9rieurs \u00e9taient extr\u00eamement \u00e9lev\u00e9s : \u00e0 la mi-juillet, les champs dans les deux Bundesl\u00e4ndern innerhalb von zehn bis 18 Stunden bis zu 150 Liter Rain pro Quadratmeter. Das f\u00fchrte dazu, dass Fl\u00fcsse wie die Ahr, die Erft et die Mosel \u00fcber die Ufer traten. Dans les r\u00e9gions concern\u00e9es, il existe des sturmfluten et \u00dcberschwemmungen. Le DWD d\u00e9livre un message sur les \u00ab Jahrhundertereignis \u00bb.<\/p>\n<aside class=\"h-ad-280+text lg:h-0 \" data-slot-id=\"pos3_sm\" data-breakpoint=\"sm\" data-hide-ad-text=\"false\" data-module-id=\"SparkAdSlotModule\"><\/aside>\n<p>Die Wassermassen w\u00fcsteten D\u00f6rfer und St\u00e4dte, rissen Br\u00fccken with sich and f\u00fchrten zu Erdrutschen. \u00ab Plus de 180 personnes ont perdu la vie en Allemagne en Leben. Environ 800 personnes ont perdu la vie \u00e0 cause de leur perte\u00bb, rapporte le minist\u00e8re f\u00e9d\u00e9ral de l&rsquo;Int\u00e9rieur et de l&rsquo;Int\u00e9rieur. Ces Rettungskr\u00e4fte \u00e9taient \u00fcberorderert, et Tausende von Menschen wurden evakuert. Celui-la <strong>Dommage<\/strong> l&rsquo;environnement, les infrastructures et le landwirtschaft \u00e9taient immenses et de nombreuses personnes ont perdu leur maison et leur habitat.<\/p>\n<style>\n<p>          .kaltura-player-container { position\u00a0: absolue\u00a0; } .playkit-ads-container iframe { position\u00a0: absolue\u00a0; pic : 0 ; gauche : 0 ; largeur : 100 % ; hauteur : 100 % ; }\n        <\/style>\n<h3>Sturmtief l\u00f6st Flutkatastrophe aus \u2013 trotz Avertissement par le DWD<\/h3>\n<p>Le <strong>Ausloser<\/strong> der Sturmflut 2021 guerre de Tiefdruckgebiet \u00ab\u00a0Bernd\u00a0\u00bb. Ce fut un long s\u00e9jour et un temps humide tr\u00e8s intense qui a couvert le Moyen-Orient. Ils ne sont donc pas en Allemagne, mais aussi en Belgique, en France, aux Pays-Bas et au Luxembourg pour des conditions climatiques extr\u00eames. Apr\u00e8s tout, il y a d\u2019autres facteurs \u00e0 suivre :<\/p>\n<aside class=\"h-ad-280+text lg:h-0 \" data-slot-id=\"pos4_sm\" data-breakpoint=\"sm\" data-hide-ad-text=\"false\" data-module-id=\"SparkAdSlotModule\"><\/aside>\n<p>Die Sturmfluten im July 2021 f\u00fchrten zu einer breiten <strong>Discussion<\/strong>. Einseits, car le DWD die extremen Niederschl\u00e4ge bereits Tage zu for Forecasting et vor Hochwasser gewarnt hatte. D&rsquo;autres aspects incluent la marche pour le climat et le changement climatique en raison des conditions m\u00e9t\u00e9orologiques extr\u00eames. Les conditions d&rsquo;escalade sont essentielles pour l&rsquo;avenir, afin que le changement climatique puisse \u00eatre am\u00e9lior\u00e9, si seulement quelques climats se d\u00e9t\u00e9riorent pour la marche climatique.<\/p>\n","protected":false},"excerpt":{"rendered":"<p>L&rsquo;Allemagne est le pays o\u00f9 les Sturmfluten sont concern\u00e9s. Certains \u00e9taient glorieux. Werfen wir een Blick in die Geschichtsb\u00fccher. Fl\u00fbtes sturm car c&rsquo;est fascinant, m\u00eame<\/p>\n","protected":false},"author":1,"featured_media":276,"comment_status":"closed","ping_status":"","sticky":false,"template":"","format":"standard","meta":{"footnotes":""},"categories":[298],"tags":[412,413,411,414],"class_list":["post-275","post","type-post","status-publish","format-standard","has-post-thumbnail","hentry","category-belgique","tag-deutschen","tag-geschichte","tag-sturmfluten","tag-uberblick","generate-columns","tablet-grid-50","mobile-grid-100","grid-parent","grid-33"],"yoast_head":"<!-- This site is optimized with the Yoast SEO plugin v24.0 - https:\/\/yoast.com\/wordpress\/plugins\/seo\/ -->\n<title>Sturmfluten in deutschen Geschichte \u2013 un \u00dcberblick | Vie Associative<\/title>\n<meta name=\"robots\" content=\"index, follow, max-snippet:-1, max-image-preview:large, max-video-preview:-1\" \/>\n<link rel=\"canonical\" href=\"https:\/\/vieassociative.be\/actualites\/sturmfluten-in-deutschen-geschichte-un-uberblick\/\" \/>\n<meta property=\"og:locale\" content=\"fr_FR\" \/>\n<meta property=\"og:type\" content=\"article\" \/>\n<meta property=\"og:title\" content=\"Sturmfluten in deutschen Geschichte \u2013 un \u00dcberblick | Vie Associative\" \/>\n<meta property=\"og:description\" content=\"L&rsquo;Allemagne est le pays o\u00f9 les Sturmfluten sont concern\u00e9s. Certains \u00e9taient glorieux. Werfen wir een Blick in die Geschichtsb\u00fccher. Fl\u00fbtes sturm car c&rsquo;est fascinant, m\u00eame\" \/>\n<meta property=\"og:url\" content=\"https:\/\/vieassociative.be\/actualites\/sturmfluten-in-deutschen-geschichte-un-uberblick\/\" \/>\n<meta property=\"og:site_name\" content=\"Vie Associative\" \/>\n<meta property=\"article:published_time\" content=\"2024-09-21T15:36:55+00:00\" \/>\n<meta property=\"article:modified_time\" content=\"2024-09-21T15:36:58+00:00\" \/>\n<meta property=\"og:image\" content=\"https:\/\/vieassociative.be\/actualites\/wp-content\/uploads\/2024\/09\/1726933016_Sturmfluten-in-deutschen-Geschichte-\u2013-un-Uberblick.jpeg\" \/>\n\t<meta property=\"og:image:width\" content=\"1600\" \/>\n\t<meta property=\"og:image:height\" content=\"900\" \/>\n\t<meta property=\"og:image:type\" content=\"image\/jpeg\" \/>\n<meta name=\"author\" content=\"Julien\" \/>\n<meta name=\"twitter:card\" content=\"summary_large_image\" \/>\n<meta name=\"twitter:label1\" content=\"\u00c9crit par\" \/>\n\t<meta name=\"twitter:data1\" content=\"Julien\" \/>\n\t<meta name=\"twitter:label2\" content=\"Dur\u00e9e de lecture est.\" \/>\n\t<meta name=\"twitter:data2\" content=\"7 minutes\" \/>\n<script type=\"application\/ld+json\" class=\"yoast-schema-graph\">{\"@context\":\"https:\/\/schema.org\",\"@graph\":[{\"@type\":\"Article\",\"@id\":\"https:\/\/vieassociative.be\/actualites\/sturmfluten-in-deutschen-geschichte-un-uberblick\/#article\",\"isPartOf\":{\"@id\":\"https:\/\/vieassociative.be\/actualites\/sturmfluten-in-deutschen-geschichte-un-uberblick\/\"},\"author\":{\"name\":\"Julien\",\"@id\":\"https:\/\/vieassociative.be\/actualites\/#\/schema\/person\/b87ac4f82f9d4e7b7cec7395b679edc4\"},\"headline\":\"Sturmfluten in deutschen Geschichte \u2013 un \u00dcberblick\",\"datePublished\":\"2024-09-21T15:36:55+00:00\",\"dateModified\":\"2024-09-21T15:36:58+00:00\",\"mainEntityOfPage\":{\"@id\":\"https:\/\/vieassociative.be\/actualites\/sturmfluten-in-deutschen-geschichte-un-uberblick\/\"},\"wordCount\":1509,\"publisher\":{\"@id\":\"https:\/\/vieassociative.be\/actualites\/#organization\"},\"image\":{\"@id\":\"https:\/\/vieassociative.be\/actualites\/sturmfluten-in-deutschen-geschichte-un-uberblick\/#primaryimage\"},\"thumbnailUrl\":\"https:\/\/vieassociative.be\/actualites\/wp-content\/uploads\/2024\/09\/1726933016_Sturmfluten-in-deutschen-Geschichte-\u2013-un-Uberblick.jpeg\",\"keywords\":[\"deutschen\",\"Geschichte\",\"Sturmfluten\",\"\u00dcberblick\"],\"articleSection\":[\"Belgique\"],\"inLanguage\":\"fr-BE\"},{\"@type\":\"WebPage\",\"@id\":\"https:\/\/vieassociative.be\/actualites\/sturmfluten-in-deutschen-geschichte-un-uberblick\/\",\"url\":\"https:\/\/vieassociative.be\/actualites\/sturmfluten-in-deutschen-geschichte-un-uberblick\/\",\"name\":\"Sturmfluten in deutschen Geschichte \u2013 un \u00dcberblick | Vie Associative\",\"isPartOf\":{\"@id\":\"https:\/\/vieassociative.be\/actualites\/#website\"},\"primaryImageOfPage\":{\"@id\":\"https:\/\/vieassociative.be\/actualites\/sturmfluten-in-deutschen-geschichte-un-uberblick\/#primaryimage\"},\"image\":{\"@id\":\"https:\/\/vieassociative.be\/actualites\/sturmfluten-in-deutschen-geschichte-un-uberblick\/#primaryimage\"},\"thumbnailUrl\":\"https:\/\/vieassociative.be\/actualites\/wp-content\/uploads\/2024\/09\/1726933016_Sturmfluten-in-deutschen-Geschichte-\u2013-un-Uberblick.jpeg\",\"datePublished\":\"2024-09-21T15:36:55+00:00\",\"dateModified\":\"2024-09-21T15:36:58+00:00\",\"breadcrumb\":{\"@id\":\"https:\/\/vieassociative.be\/actualites\/sturmfluten-in-deutschen-geschichte-un-uberblick\/#breadcrumb\"},\"inLanguage\":\"fr-BE\",\"potentialAction\":[{\"@type\":\"ReadAction\",\"target\":[\"https:\/\/vieassociative.be\/actualites\/sturmfluten-in-deutschen-geschichte-un-uberblick\/\"]}]},{\"@type\":\"ImageObject\",\"inLanguage\":\"fr-BE\",\"@id\":\"https:\/\/vieassociative.be\/actualites\/sturmfluten-in-deutschen-geschichte-un-uberblick\/#primaryimage\",\"url\":\"https:\/\/vieassociative.be\/actualites\/wp-content\/uploads\/2024\/09\/1726933016_Sturmfluten-in-deutschen-Geschichte-\u2013-un-Uberblick.jpeg\",\"contentUrl\":\"https:\/\/vieassociative.be\/actualites\/wp-content\/uploads\/2024\/09\/1726933016_Sturmfluten-in-deutschen-Geschichte-\u2013-un-Uberblick.jpeg\",\"width\":1600,\"height\":900,\"caption\":\"Sturmfluten in deutschen Geschichte \u2013 un \u00dcberblick\"},{\"@type\":\"BreadcrumbList\",\"@id\":\"https:\/\/vieassociative.be\/actualites\/sturmfluten-in-deutschen-geschichte-un-uberblick\/#breadcrumb\",\"itemListElement\":[{\"@type\":\"ListItem\",\"position\":1,\"name\":\"Accueil\",\"item\":\"https:\/\/vieassociative.be\/actualites\/\"},{\"@type\":\"ListItem\",\"position\":2,\"name\":\"Sturmfluten in deutschen Geschichte \u2013 un \u00dcberblick\"}]},{\"@type\":\"WebSite\",\"@id\":\"https:\/\/vieassociative.be\/actualites\/#website\",\"url\":\"https:\/\/vieassociative.be\/actualites\/\",\"name\":\"Vie Associative\",\"description\":\"\",\"publisher\":{\"@id\":\"https:\/\/vieassociative.be\/actualites\/#organization\"},\"potentialAction\":[{\"@type\":\"SearchAction\",\"target\":{\"@type\":\"EntryPoint\",\"urlTemplate\":\"https:\/\/vieassociative.be\/actualites\/?s={search_term_string}\"},\"query-input\":{\"@type\":\"PropertyValueSpecification\",\"valueRequired\":true,\"valueName\":\"search_term_string\"}}],\"inLanguage\":\"fr-BE\"},{\"@type\":\"Organization\",\"@id\":\"https:\/\/vieassociative.be\/actualites\/#organization\",\"name\":\"Vie Associative\",\"url\":\"https:\/\/vieassociative.be\/actualites\/\",\"logo\":{\"@type\":\"ImageObject\",\"inLanguage\":\"fr-BE\",\"@id\":\"https:\/\/vieassociative.be\/actualites\/#\/schema\/logo\/image\/\",\"url\":\"https:\/\/vieassociative.be\/actualites\/wp-content\/uploads\/2024\/09\/cropped-vieassociative_favicon.ico.png\",\"contentUrl\":\"https:\/\/vieassociative.be\/actualites\/wp-content\/uploads\/2024\/09\/cropped-vieassociative_favicon.ico.png\",\"width\":512,\"height\":512,\"caption\":\"Vie Associative\"},\"image\":{\"@id\":\"https:\/\/vieassociative.be\/actualites\/#\/schema\/logo\/image\/\"}},{\"@type\":\"Person\",\"@id\":\"https:\/\/vieassociative.be\/actualites\/#\/schema\/person\/b87ac4f82f9d4e7b7cec7395b679edc4\",\"name\":\"Julien\",\"image\":{\"@type\":\"ImageObject\",\"inLanguage\":\"fr-BE\",\"@id\":\"https:\/\/vieassociative.be\/actualites\/#\/schema\/person\/image\/\",\"url\":\"https:\/\/vieassociative.be\/actualites\/wp-content\/uploads\/2024\/09\/vie-associative-1-150x150.jpg\",\"contentUrl\":\"https:\/\/vieassociative.be\/actualites\/wp-content\/uploads\/2024\/09\/vie-associative-1-150x150.jpg\",\"caption\":\"Julien\"},\"description\":\"Je suis Julien, r\u00e9dacteur pour Vie Associative. Passionn\u00e9 par le monde associatif depuis plus de 10 ans, j'ai \u00e0 c\u0153ur de partager des histoires inspirantes et de mettre en lumi\u00e8re les initiatives locales. Mon objectif est de sensibiliser et d'encourager l'engagement communautaire \u00e0 travers mes articles.\",\"sameAs\":[\"https:\/\/vieassociative.be\/\"]}]}<\/script>\n<!-- \/ Yoast SEO plugin. -->","yoast_head_json":{"title":"Sturmfluten in deutschen Geschichte \u2013 un \u00dcberblick | Vie Associative","robots":{"index":"index","follow":"follow","max-snippet":"max-snippet:-1","max-image-preview":"max-image-preview:large","max-video-preview":"max-video-preview:-1"},"canonical":"https:\/\/vieassociative.be\/actualites\/sturmfluten-in-deutschen-geschichte-un-uberblick\/","og_locale":"fr_FR","og_type":"article","og_title":"Sturmfluten in deutschen Geschichte \u2013 un \u00dcberblick | Vie Associative","og_description":"L&rsquo;Allemagne est le pays o\u00f9 les Sturmfluten sont concern\u00e9s. Certains \u00e9taient glorieux. Werfen wir een Blick in die Geschichtsb\u00fccher. Fl\u00fbtes sturm car c&rsquo;est fascinant, m\u00eame","og_url":"https:\/\/vieassociative.be\/actualites\/sturmfluten-in-deutschen-geschichte-un-uberblick\/","og_site_name":"Vie Associative","article_published_time":"2024-09-21T15:36:55+00:00","article_modified_time":"2024-09-21T15:36:58+00:00","og_image":[{"width":1600,"height":900,"url":"https:\/\/vieassociative.be\/actualites\/wp-content\/uploads\/2024\/09\/1726933016_Sturmfluten-in-deutschen-Geschichte-\u2013-un-Uberblick.jpeg","type":"image\/jpeg"}],"author":"Julien","twitter_card":"summary_large_image","twitter_misc":{"\u00c9crit par":"Julien","Dur\u00e9e de lecture est.":"7 minutes"},"schema":{"@context":"https:\/\/schema.org","@graph":[{"@type":"Article","@id":"https:\/\/vieassociative.be\/actualites\/sturmfluten-in-deutschen-geschichte-un-uberblick\/#article","isPartOf":{"@id":"https:\/\/vieassociative.be\/actualites\/sturmfluten-in-deutschen-geschichte-un-uberblick\/"},"author":{"name":"Julien","@id":"https:\/\/vieassociative.be\/actualites\/#\/schema\/person\/b87ac4f82f9d4e7b7cec7395b679edc4"},"headline":"Sturmfluten in deutschen Geschichte \u2013 un \u00dcberblick","datePublished":"2024-09-21T15:36:55+00:00","dateModified":"2024-09-21T15:36:58+00:00","mainEntityOfPage":{"@id":"https:\/\/vieassociative.be\/actualites\/sturmfluten-in-deutschen-geschichte-un-uberblick\/"},"wordCount":1509,"publisher":{"@id":"https:\/\/vieassociative.be\/actualites\/#organization"},"image":{"@id":"https:\/\/vieassociative.be\/actualites\/sturmfluten-in-deutschen-geschichte-un-uberblick\/#primaryimage"},"thumbnailUrl":"https:\/\/vieassociative.be\/actualites\/wp-content\/uploads\/2024\/09\/1726933016_Sturmfluten-in-deutschen-Geschichte-\u2013-un-Uberblick.jpeg","keywords":["deutschen","Geschichte","Sturmfluten","\u00dcberblick"],"articleSection":["Belgique"],"inLanguage":"fr-BE"},{"@type":"WebPage","@id":"https:\/\/vieassociative.be\/actualites\/sturmfluten-in-deutschen-geschichte-un-uberblick\/","url":"https:\/\/vieassociative.be\/actualites\/sturmfluten-in-deutschen-geschichte-un-uberblick\/","name":"Sturmfluten in deutschen Geschichte \u2013 un \u00dcberblick | Vie Associative","isPartOf":{"@id":"https:\/\/vieassociative.be\/actualites\/#website"},"primaryImageOfPage":{"@id":"https:\/\/vieassociative.be\/actualites\/sturmfluten-in-deutschen-geschichte-un-uberblick\/#primaryimage"},"image":{"@id":"https:\/\/vieassociative.be\/actualites\/sturmfluten-in-deutschen-geschichte-un-uberblick\/#primaryimage"},"thumbnailUrl":"https:\/\/vieassociative.be\/actualites\/wp-content\/uploads\/2024\/09\/1726933016_Sturmfluten-in-deutschen-Geschichte-\u2013-un-Uberblick.jpeg","datePublished":"2024-09-21T15:36:55+00:00","dateModified":"2024-09-21T15:36:58+00:00","breadcrumb":{"@id":"https:\/\/vieassociative.be\/actualites\/sturmfluten-in-deutschen-geschichte-un-uberblick\/#breadcrumb"},"inLanguage":"fr-BE","potentialAction":[{"@type":"ReadAction","target":["https:\/\/vieassociative.be\/actualites\/sturmfluten-in-deutschen-geschichte-un-uberblick\/"]}]},{"@type":"ImageObject","inLanguage":"fr-BE","@id":"https:\/\/vieassociative.be\/actualites\/sturmfluten-in-deutschen-geschichte-un-uberblick\/#primaryimage","url":"https:\/\/vieassociative.be\/actualites\/wp-content\/uploads\/2024\/09\/1726933016_Sturmfluten-in-deutschen-Geschichte-\u2013-un-Uberblick.jpeg","contentUrl":"https:\/\/vieassociative.be\/actualites\/wp-content\/uploads\/2024\/09\/1726933016_Sturmfluten-in-deutschen-Geschichte-\u2013-un-Uberblick.jpeg","width":1600,"height":900,"caption":"Sturmfluten in deutschen Geschichte \u2013 un \u00dcberblick"},{"@type":"BreadcrumbList","@id":"https:\/\/vieassociative.be\/actualites\/sturmfluten-in-deutschen-geschichte-un-uberblick\/#breadcrumb","itemListElement":[{"@type":"ListItem","position":1,"name":"Accueil","item":"https:\/\/vieassociative.be\/actualites\/"},{"@type":"ListItem","position":2,"name":"Sturmfluten in deutschen Geschichte \u2013 un \u00dcberblick"}]},{"@type":"WebSite","@id":"https:\/\/vieassociative.be\/actualites\/#website","url":"https:\/\/vieassociative.be\/actualites\/","name":"Vie Associative","description":"","publisher":{"@id":"https:\/\/vieassociative.be\/actualites\/#organization"},"potentialAction":[{"@type":"SearchAction","target":{"@type":"EntryPoint","urlTemplate":"https:\/\/vieassociative.be\/actualites\/?s={search_term_string}"},"query-input":{"@type":"PropertyValueSpecification","valueRequired":true,"valueName":"search_term_string"}}],"inLanguage":"fr-BE"},{"@type":"Organization","@id":"https:\/\/vieassociative.be\/actualites\/#organization","name":"Vie Associative","url":"https:\/\/vieassociative.be\/actualites\/","logo":{"@type":"ImageObject","inLanguage":"fr-BE","@id":"https:\/\/vieassociative.be\/actualites\/#\/schema\/logo\/image\/","url":"https:\/\/vieassociative.be\/actualites\/wp-content\/uploads\/2024\/09\/cropped-vieassociative_favicon.ico.png","contentUrl":"https:\/\/vieassociative.be\/actualites\/wp-content\/uploads\/2024\/09\/cropped-vieassociative_favicon.ico.png","width":512,"height":512,"caption":"Vie Associative"},"image":{"@id":"https:\/\/vieassociative.be\/actualites\/#\/schema\/logo\/image\/"}},{"@type":"Person","@id":"https:\/\/vieassociative.be\/actualites\/#\/schema\/person\/b87ac4f82f9d4e7b7cec7395b679edc4","name":"Julien","image":{"@type":"ImageObject","inLanguage":"fr-BE","@id":"https:\/\/vieassociative.be\/actualites\/#\/schema\/person\/image\/","url":"https:\/\/vieassociative.be\/actualites\/wp-content\/uploads\/2024\/09\/vie-associative-1-150x150.jpg","contentUrl":"https:\/\/vieassociative.be\/actualites\/wp-content\/uploads\/2024\/09\/vie-associative-1-150x150.jpg","caption":"Julien"},"description":"Je suis Julien, r\u00e9dacteur pour Vie Associative. Passionn\u00e9 par le monde associatif depuis plus de 10 ans, j'ai \u00e0 c\u0153ur de partager des histoires inspirantes et de mettre en lumi\u00e8re les initiatives locales. Mon objectif est de sensibiliser et d'encourager l'engagement communautaire \u00e0 travers mes articles.","sameAs":["https:\/\/vieassociative.be\/"]}]}},"_links":{"self":[{"href":"https:\/\/vieassociative.be\/actualites\/wp-json\/wp\/v2\/posts\/275"}],"collection":[{"href":"https:\/\/vieassociative.be\/actualites\/wp-json\/wp\/v2\/posts"}],"about":[{"href":"https:\/\/vieassociative.be\/actualites\/wp-json\/wp\/v2\/types\/post"}],"author":[{"embeddable":true,"href":"https:\/\/vieassociative.be\/actualites\/wp-json\/wp\/v2\/users\/1"}],"replies":[{"embeddable":true,"href":"https:\/\/vieassociative.be\/actualites\/wp-json\/wp\/v2\/comments?post=275"}],"version-history":[{"count":1,"href":"https:\/\/vieassociative.be\/actualites\/wp-json\/wp\/v2\/posts\/275\/revisions"}],"predecessor-version":[{"id":277,"href":"https:\/\/vieassociative.be\/actualites\/wp-json\/wp\/v2\/posts\/275\/revisions\/277"}],"wp:featuredmedia":[{"embeddable":true,"href":"https:\/\/vieassociative.be\/actualites\/wp-json\/wp\/v2\/media\/276"}],"wp:attachment":[{"href":"https:\/\/vieassociative.be\/actualites\/wp-json\/wp\/v2\/media?parent=275"}],"wp:term":[{"taxonomy":"category","embeddable":true,"href":"https:\/\/vieassociative.be\/actualites\/wp-json\/wp\/v2\/categories?post=275"},{"taxonomy":"post_tag","embeddable":true,"href":"https:\/\/vieassociative.be\/actualites\/wp-json\/wp\/v2\/tags?post=275"}],"curies":[{"name":"wp","href":"https:\/\/api.w.org\/{rel}","templated":true}]}}