{"id":2749,"date":"2024-11-25T08:17:17","date_gmt":"2024-11-25T07:17:17","guid":{"rendered":"https:\/\/vieassociative.be\/actualites\/mes-articles-de-stockage-a-domicile-preferes-en-vente-pour-le-black-friday\/"},"modified":"2024-11-25T08:17:17","modified_gmt":"2024-11-25T07:17:17","slug":"mes-articles-de-stockage-a-domicile-preferes-en-vente-pour-le-black-friday","status":"publish","type":"post","link":"https:\/\/vieassociative.be\/actualites\/mes-articles-de-stockage-a-domicile-preferes-en-vente-pour-le-black-friday\/","title":{"rendered":"Mes articles de stockage \u00e0 domicile pr\u00e9f\u00e9r\u00e9s en vente pour le Black Friday"},"content":{"rendered":"<div class=\"mt-4 leading-6 md:mb-8\">Le Black Friday est synonyme de folies amusantes, mais aussi de praticit\u00e9.<\/div>\n<p><\/p>\n<p>Avec ce site Web comme chaire, je pr\u00eache sur la valeur d\u2019un foyer organis\u00e9 et sur ce qui est exactement n\u00e9cessaire pour en avoir un. Cela se r\u00e9sume g\u00e9n\u00e9ralement \u00e0 utiliser un syst\u00e8me d\u2019organisation rigide et \u00e0 investir dans des conteneurs de stockage de qualit\u00e9. Je l&rsquo;ai d\u00e9j\u00e0 dit et je le r\u00e9p\u00e8te : rangez les objets similaires ensemble et disposez d&rsquo;un espace d\u00e9sign\u00e9 pour tout. Pour ce faire, vous avez besoin d\u2019une vari\u00e9t\u00e9 d\u2019options de stockage, comme des bo\u00eetes, des conteneurs, diff\u00e9rents types d\u2019\u00e9tag\u00e8res et m\u00eame des espaces de stockage cach\u00e9s. Certains de mes favoris sont en vente pour le Black Friday, c&rsquo;est donc le moment id\u00e9al pour remettre votre maison en forme, pour pas cher\u00a0!<\/p>\n<h2 id=\"my-favorite-storage-lamp-is-on-sale-for-30\">Ma lampe de rangement pr\u00e9f\u00e9r\u00e9e est en vente au prix de 30 $<\/h2>\n<p>Tout d\u2019abord, il y a une lampe de stockage sur laquelle j\u2019ai d\u00e9j\u00e0 parl\u00e9, car elle \u00e9tait \u00e9galement en vente lors de la vente Prime Day d\u2019Amazon d\u2019octobre il y a quelques semaines. Si vous l&rsquo;avez manqu\u00e9 \u00e0 ce moment-l\u00e0, ne le manquez pas maintenant. C&rsquo;est une lampe simple et lumineuse qui a trois \u00e9tag\u00e8res dans sa base et, depuis que je l&rsquo;ai r\u00e9cup\u00e9r\u00e9e <em>apr\u00e8s<\/em> en \u00e9crivant \u00e0 ce sujet avant, je suis de retour pour dire que j&rsquo;en suis tomb\u00e9 amoureux. Plus vous pouvez installer de petites \u00e9tag\u00e8res dans votre maison, mieux c&rsquo;est, car elles vous permettent de d\u00e9signer des espaces hyper sp\u00e9cifiques pour vos objets cat\u00e9goris\u00e9s. La deuxi\u00e8me \u00e9tag\u00e8re de ma lampe, par exemple, est enti\u00e8rement d\u00e9di\u00e9e aux lotions et cr\u00e8mes, tandis que j&rsquo;ai accroch\u00e9 mon casque de jeu et ma manette Playstation sur le c\u00f4t\u00e9. En fait, j&rsquo;utilise l&rsquo;\u00e9tag\u00e8re sup\u00e9rieure lorsque je prends des photos d&rsquo;articles que je souhaite vendre en ligne, car elle cr\u00e9e une toile de fond nette et pr\u00e9sente l&rsquo;avantage suppl\u00e9mentaire d&rsquo;un \u00e9clairage z\u00e9nithal. Il est r\u00e9duit \u00e0 29,96 $ au lieu de 49,99 $, alors obtenez-le pendant que vous le pouvez. (J&rsquo;ai la couleur rose clair, mais c&rsquo;est votre cas.)<\/p>\n<h2 id=\"get-a-storage-mirror\">Procurez-vous un miroir de rangement<\/h2>\n<p>Un autre article m\u00e9nager sur lequel j\u2019\u00e9vang\u00e9lise est le miroir de rangement. En g\u00e9n\u00e9ral, je suis un ardent d\u00e9fenseur des meubles de rangement car, de par leur nature, ils ont une double fonction. Tout ce que vous organisez et stockez n&rsquo;a pas besoin d&rsquo;\u00eatre visible, donc avoir des endroits cach\u00e9s pour tout garder en ordre tout en tirant un autre avantage de l&rsquo;unit\u00e9 est un moyen intelligent de garder un espace plus petit propre. J&rsquo;adore mon miroir de rangement car il y a des compartiments \u00e0 l&rsquo;int\u00e9rieur con\u00e7us pour les bagues, les bracelets, les colliers et divers objets, mais lorsqu&rsquo;il est ferm\u00e9, il ressemble simplement \u00e0 un ajout \u00e9l\u00e9gant et fonctionnel \u00e0 mon mur. Recherchez \u00ab miroir de stockage \u00bb sur Amazon pour voir toutes les excellentes options pour le Black Friday allant d&rsquo;environ 80 $ \u00e0 200 $, mais voici ma s\u00e9lection de celle qui vous en donne le plus pour votre (relativement peu) argent cette fois-ci :<\/p>\n<h3>Et n&rsquo;oubliez pas les \u00e9tag\u00e8res ce Black Friday<\/h3>\n<p>Je crois qu\u2019on ne peut jamais avoir trop d\u2019\u00e9tag\u00e8res et, parmi toutes les options disponibles, les \u00e9tag\u00e8res cubiques sont ma pr\u00e9f\u00e9r\u00e9e. Les \u00e9tag\u00e8res d\u00e9j\u00e0 divis\u00e9es afin que vous puissiez sp\u00e9cifier des cat\u00e9gories pour chaque section vous simplifient la t\u00e2che. Une unit\u00e9 simple mais spacieuse avec 16 cubes co\u00fbte actuellement 35,99 $. Ils sont faciles \u00e0 construire et, si n\u00e9cessaire, \u00e0 d\u00e9monter, et je les utilise partout dans ma maison, de mes placards \u00e0 ma cuisine. <\/p>\n<div class=\"w-full mt-12 text-center sm:text-left\" x-data=\"{ showAll: false }\">\n<div class=\"flex flex-col items-center justify-between sm:px-6 sm:flex-row\">\n\t\t\t<span class=\"text-sm italic\">Les offres sont s\u00e9lectionn\u00e9es par notre \u00e9quipe commerciale<\/span><\/p><\/div>\n<\/p><\/div>\n","protected":false},"excerpt":{"rendered":"<p>Le Black Friday est synonyme de folies amusantes, mais aussi de praticit\u00e9. Avec ce site Web comme chaire, je pr\u00eache sur la valeur d\u2019un foyer<\/p>\n","protected":false},"author":1,"featured_media":2750,"comment_status":"","ping_status":"","sticky":false,"template":"","format":"standard","meta":{"footnotes":""},"categories":[40],"tags":[2211,73,2351,1255,87,81,89,3486,223],"class_list":["post-2749","post","type-post","status-publish","format-standard","has-post-thumbnail","hentry","category-maison","tag-articles","tag-black","tag-domicile","tag-friday","tag-mes","tag-pour","tag-preferes","tag-stockage","tag-vente","generate-columns","tablet-grid-50","mobile-grid-100","grid-parent","grid-33"],"yoast_head":"<!-- This site is optimized with the Yoast SEO plugin v24.0 - https:\/\/yoast.com\/wordpress\/plugins\/seo\/ -->\n<title>Mes articles de stockage \u00e0 domicile pr\u00e9f\u00e9r\u00e9s en vente pour le Black Friday | Vie Associative<\/title>\n<meta name=\"robots\" content=\"index, follow, max-snippet:-1, max-image-preview:large, max-video-preview:-1\" \/>\n<link rel=\"canonical\" href=\"https:\/\/vieassociative.be\/actualites\/mes-articles-de-stockage-a-domicile-preferes-en-vente-pour-le-black-friday\/\" \/>\n<meta property=\"og:locale\" content=\"fr_FR\" \/>\n<meta property=\"og:type\" content=\"article\" \/>\n<meta property=\"og:title\" content=\"Mes articles de stockage \u00e0 domicile pr\u00e9f\u00e9r\u00e9s en vente pour le Black Friday | Vie Associative\" \/>\n<meta property=\"og:description\" content=\"Le Black Friday est synonyme de folies amusantes, mais aussi de praticit\u00e9. Avec ce site Web comme chaire, je pr\u00eache sur la valeur d\u2019un foyer\" \/>\n<meta property=\"og:url\" content=\"https:\/\/vieassociative.be\/actualites\/mes-articles-de-stockage-a-domicile-preferes-en-vente-pour-le-black-friday\/\" \/>\n<meta property=\"og:site_name\" content=\"Vie Associative\" \/>\n<meta property=\"article:published_time\" content=\"2024-11-25T07:17:17+00:00\" \/>\n<meta property=\"og:image\" content=\"https:\/\/vieassociative.be\/actualites\/wp-content\/uploads\/2024\/09\/header_backgroundk-01-e1726694325946.png\" \/>\n\t<meta property=\"og:image:width\" content=\"279\" \/>\n\t<meta property=\"og:image:height\" content=\"92\" \/>\n\t<meta property=\"og:image:type\" content=\"image\/png\" \/>\n<meta name=\"author\" content=\"Julien\" \/>\n<meta name=\"twitter:card\" content=\"summary_large_image\" \/>\n<meta name=\"twitter:label1\" content=\"\u00c9crit par\" \/>\n\t<meta name=\"twitter:data1\" content=\"Julien\" \/>\n\t<meta name=\"twitter:label2\" content=\"Dur\u00e9e de lecture est.\" \/>\n\t<meta name=\"twitter:data2\" content=\"3 minutes\" \/>\n<script type=\"application\/ld+json\" class=\"yoast-schema-graph\">{\"@context\":\"https:\/\/schema.org\",\"@graph\":[{\"@type\":\"Article\",\"@id\":\"https:\/\/vieassociative.be\/actualites\/mes-articles-de-stockage-a-domicile-preferes-en-vente-pour-le-black-friday\/#article\",\"isPartOf\":{\"@id\":\"https:\/\/vieassociative.be\/actualites\/mes-articles-de-stockage-a-domicile-preferes-en-vente-pour-le-black-friday\/\"},\"author\":{\"name\":\"Julien\",\"@id\":\"https:\/\/vieassociative.be\/actualites\/#\/schema\/person\/b87ac4f82f9d4e7b7cec7395b679edc4\"},\"headline\":\"Mes articles de stockage \u00e0 domicile pr\u00e9f\u00e9r\u00e9s en vente pour le Black Friday\",\"datePublished\":\"2024-11-25T07:17:17+00:00\",\"dateModified\":\"2024-11-25T07:17:17+00:00\",\"mainEntityOfPage\":{\"@id\":\"https:\/\/vieassociative.be\/actualites\/mes-articles-de-stockage-a-domicile-preferes-en-vente-pour-le-black-friday\/\"},\"wordCount\":688,\"publisher\":{\"@id\":\"https:\/\/vieassociative.be\/actualites\/#organization\"},\"image\":{\"@id\":\"https:\/\/vieassociative.be\/actualites\/mes-articles-de-stockage-a-domicile-preferes-en-vente-pour-le-black-friday\/#primaryimage\"},\"thumbnailUrl\":\"https:\/\/vieassociative.be\/actualites\/wp-content\/uploads\/2024\/11\/Mes-articles-de-stockage-a-domicile-preferes-en-vente-pour.png\",\"keywords\":[\"articles\",\"Black\",\"domicile\",\"Friday\",\"Mes\",\"pour\",\"pr\u00e9f\u00e9r\u00e9s\",\"stockage\",\"vente\"],\"articleSection\":[\"Maison\"],\"inLanguage\":\"fr-BE\"},{\"@type\":\"WebPage\",\"@id\":\"https:\/\/vieassociative.be\/actualites\/mes-articles-de-stockage-a-domicile-preferes-en-vente-pour-le-black-friday\/\",\"url\":\"https:\/\/vieassociative.be\/actualites\/mes-articles-de-stockage-a-domicile-preferes-en-vente-pour-le-black-friday\/\",\"name\":\"Mes articles de stockage \u00e0 domicile pr\u00e9f\u00e9r\u00e9s en vente pour le Black Friday | Vie Associative\",\"isPartOf\":{\"@id\":\"https:\/\/vieassociative.be\/actualites\/#website\"},\"primaryImageOfPage\":{\"@id\":\"https:\/\/vieassociative.be\/actualites\/mes-articles-de-stockage-a-domicile-preferes-en-vente-pour-le-black-friday\/#primaryimage\"},\"image\":{\"@id\":\"https:\/\/vieassociative.be\/actualites\/mes-articles-de-stockage-a-domicile-preferes-en-vente-pour-le-black-friday\/#primaryimage\"},\"thumbnailUrl\":\"https:\/\/vieassociative.be\/actualites\/wp-content\/uploads\/2024\/11\/Mes-articles-de-stockage-a-domicile-preferes-en-vente-pour.png\",\"datePublished\":\"2024-11-25T07:17:17+00:00\",\"dateModified\":\"2024-11-25T07:17:17+00:00\",\"breadcrumb\":{\"@id\":\"https:\/\/vieassociative.be\/actualites\/mes-articles-de-stockage-a-domicile-preferes-en-vente-pour-le-black-friday\/#breadcrumb\"},\"inLanguage\":\"fr-BE\",\"potentialAction\":[{\"@type\":\"ReadAction\",\"target\":[\"https:\/\/vieassociative.be\/actualites\/mes-articles-de-stockage-a-domicile-preferes-en-vente-pour-le-black-friday\/\"]}]},{\"@type\":\"ImageObject\",\"inLanguage\":\"fr-BE\",\"@id\":\"https:\/\/vieassociative.be\/actualites\/mes-articles-de-stockage-a-domicile-preferes-en-vente-pour-le-black-friday\/#primaryimage\",\"url\":\"https:\/\/vieassociative.be\/actualites\/wp-content\/uploads\/2024\/11\/Mes-articles-de-stockage-a-domicile-preferes-en-vente-pour.png\",\"contentUrl\":\"https:\/\/vieassociative.be\/actualites\/wp-content\/uploads\/2024\/11\/Mes-articles-de-stockage-a-domicile-preferes-en-vente-pour.png\",\"width\":1200,\"height\":675,\"caption\":\"Mes articles de stockage \u00e0 domicile pr\u00e9f\u00e9r\u00e9s en vente pour le Black Friday\"},{\"@type\":\"BreadcrumbList\",\"@id\":\"https:\/\/vieassociative.be\/actualites\/mes-articles-de-stockage-a-domicile-preferes-en-vente-pour-le-black-friday\/#breadcrumb\",\"itemListElement\":[{\"@type\":\"ListItem\",\"position\":1,\"name\":\"Accueil\",\"item\":\"https:\/\/vieassociative.be\/actualites\/\"},{\"@type\":\"ListItem\",\"position\":2,\"name\":\"Mes articles de stockage \u00e0 domicile pr\u00e9f\u00e9r\u00e9s en vente pour le Black Friday\"}]},{\"@type\":\"WebSite\",\"@id\":\"https:\/\/vieassociative.be\/actualites\/#website\",\"url\":\"https:\/\/vieassociative.be\/actualites\/\",\"name\":\"Vie Associative\",\"description\":\"\",\"publisher\":{\"@id\":\"https:\/\/vieassociative.be\/actualites\/#organization\"},\"potentialAction\":[{\"@type\":\"SearchAction\",\"target\":{\"@type\":\"EntryPoint\",\"urlTemplate\":\"https:\/\/vieassociative.be\/actualites\/?s={search_term_string}\"},\"query-input\":{\"@type\":\"PropertyValueSpecification\",\"valueRequired\":true,\"valueName\":\"search_term_string\"}}],\"inLanguage\":\"fr-BE\"},{\"@type\":\"Organization\",\"@id\":\"https:\/\/vieassociative.be\/actualites\/#organization\",\"name\":\"Vie Associative\",\"url\":\"https:\/\/vieassociative.be\/actualites\/\",\"logo\":{\"@type\":\"ImageObject\",\"inLanguage\":\"fr-BE\",\"@id\":\"https:\/\/vieassociative.be\/actualites\/#\/schema\/logo\/image\/\",\"url\":\"https:\/\/vieassociative.be\/actualites\/wp-content\/uploads\/2024\/09\/cropped-vieassociative_favicon.ico.png\",\"contentUrl\":\"https:\/\/vieassociative.be\/actualites\/wp-content\/uploads\/2024\/09\/cropped-vieassociative_favicon.ico.png\",\"width\":512,\"height\":512,\"caption\":\"Vie Associative\"},\"image\":{\"@id\":\"https:\/\/vieassociative.be\/actualites\/#\/schema\/logo\/image\/\"}},{\"@type\":\"Person\",\"@id\":\"https:\/\/vieassociative.be\/actualites\/#\/schema\/person\/b87ac4f82f9d4e7b7cec7395b679edc4\",\"name\":\"Julien\",\"image\":{\"@type\":\"ImageObject\",\"inLanguage\":\"fr-BE\",\"@id\":\"https:\/\/vieassociative.be\/actualites\/#\/schema\/person\/image\/\",\"url\":\"https:\/\/vieassociative.be\/actualites\/wp-content\/uploads\/2024\/09\/vie-associative-1-150x150.jpg\",\"contentUrl\":\"https:\/\/vieassociative.be\/actualites\/wp-content\/uploads\/2024\/09\/vie-associative-1-150x150.jpg\",\"caption\":\"Julien\"},\"description\":\"Je suis Julien, r\u00e9dacteur pour Vie Associative. Passionn\u00e9 par le monde associatif depuis plus de 10 ans, j'ai \u00e0 c\u0153ur de partager des histoires inspirantes et de mettre en lumi\u00e8re les initiatives locales. Mon objectif est de sensibiliser et d'encourager l'engagement communautaire \u00e0 travers mes articles.\",\"sameAs\":[\"https:\/\/vieassociative.be\/\"]}]}<\/script>\n<!-- \/ Yoast SEO plugin. -->","yoast_head_json":{"title":"Mes articles de stockage \u00e0 domicile pr\u00e9f\u00e9r\u00e9s en vente pour le Black Friday | Vie Associative","robots":{"index":"index","follow":"follow","max-snippet":"max-snippet:-1","max-image-preview":"max-image-preview:large","max-video-preview":"max-video-preview:-1"},"canonical":"https:\/\/vieassociative.be\/actualites\/mes-articles-de-stockage-a-domicile-preferes-en-vente-pour-le-black-friday\/","og_locale":"fr_FR","og_type":"article","og_title":"Mes articles de stockage \u00e0 domicile pr\u00e9f\u00e9r\u00e9s en vente pour le Black Friday | Vie Associative","og_description":"Le Black Friday est synonyme de folies amusantes, mais aussi de praticit\u00e9. Avec ce site Web comme chaire, je pr\u00eache sur la valeur d\u2019un foyer","og_url":"https:\/\/vieassociative.be\/actualites\/mes-articles-de-stockage-a-domicile-preferes-en-vente-pour-le-black-friday\/","og_site_name":"Vie Associative","article_published_time":"2024-11-25T07:17:17+00:00","og_image":[{"width":279,"height":92,"url":"https:\/\/vieassociative.be\/actualites\/wp-content\/uploads\/2024\/09\/header_backgroundk-01-e1726694325946.png","type":"image\/png"}],"author":"Julien","twitter_card":"summary_large_image","twitter_misc":{"\u00c9crit par":"Julien","Dur\u00e9e de lecture est.":"3 minutes"},"schema":{"@context":"https:\/\/schema.org","@graph":[{"@type":"Article","@id":"https:\/\/vieassociative.be\/actualites\/mes-articles-de-stockage-a-domicile-preferes-en-vente-pour-le-black-friday\/#article","isPartOf":{"@id":"https:\/\/vieassociative.be\/actualites\/mes-articles-de-stockage-a-domicile-preferes-en-vente-pour-le-black-friday\/"},"author":{"name":"Julien","@id":"https:\/\/vieassociative.be\/actualites\/#\/schema\/person\/b87ac4f82f9d4e7b7cec7395b679edc4"},"headline":"Mes articles de stockage \u00e0 domicile pr\u00e9f\u00e9r\u00e9s en vente pour le Black Friday","datePublished":"2024-11-25T07:17:17+00:00","dateModified":"2024-11-25T07:17:17+00:00","mainEntityOfPage":{"@id":"https:\/\/vieassociative.be\/actualites\/mes-articles-de-stockage-a-domicile-preferes-en-vente-pour-le-black-friday\/"},"wordCount":688,"publisher":{"@id":"https:\/\/vieassociative.be\/actualites\/#organization"},"image":{"@id":"https:\/\/vieassociative.be\/actualites\/mes-articles-de-stockage-a-domicile-preferes-en-vente-pour-le-black-friday\/#primaryimage"},"thumbnailUrl":"https:\/\/vieassociative.be\/actualites\/wp-content\/uploads\/2024\/11\/Mes-articles-de-stockage-a-domicile-preferes-en-vente-pour.png","keywords":["articles","Black","domicile","Friday","Mes","pour","pr\u00e9f\u00e9r\u00e9s","stockage","vente"],"articleSection":["Maison"],"inLanguage":"fr-BE"},{"@type":"WebPage","@id":"https:\/\/vieassociative.be\/actualites\/mes-articles-de-stockage-a-domicile-preferes-en-vente-pour-le-black-friday\/","url":"https:\/\/vieassociative.be\/actualites\/mes-articles-de-stockage-a-domicile-preferes-en-vente-pour-le-black-friday\/","name":"Mes articles de stockage \u00e0 domicile pr\u00e9f\u00e9r\u00e9s en vente pour le Black Friday | Vie Associative","isPartOf":{"@id":"https:\/\/vieassociative.be\/actualites\/#website"},"primaryImageOfPage":{"@id":"https:\/\/vieassociative.be\/actualites\/mes-articles-de-stockage-a-domicile-preferes-en-vente-pour-le-black-friday\/#primaryimage"},"image":{"@id":"https:\/\/vieassociative.be\/actualites\/mes-articles-de-stockage-a-domicile-preferes-en-vente-pour-le-black-friday\/#primaryimage"},"thumbnailUrl":"https:\/\/vieassociative.be\/actualites\/wp-content\/uploads\/2024\/11\/Mes-articles-de-stockage-a-domicile-preferes-en-vente-pour.png","datePublished":"2024-11-25T07:17:17+00:00","dateModified":"2024-11-25T07:17:17+00:00","breadcrumb":{"@id":"https:\/\/vieassociative.be\/actualites\/mes-articles-de-stockage-a-domicile-preferes-en-vente-pour-le-black-friday\/#breadcrumb"},"inLanguage":"fr-BE","potentialAction":[{"@type":"ReadAction","target":["https:\/\/vieassociative.be\/actualites\/mes-articles-de-stockage-a-domicile-preferes-en-vente-pour-le-black-friday\/"]}]},{"@type":"ImageObject","inLanguage":"fr-BE","@id":"https:\/\/vieassociative.be\/actualites\/mes-articles-de-stockage-a-domicile-preferes-en-vente-pour-le-black-friday\/#primaryimage","url":"https:\/\/vieassociative.be\/actualites\/wp-content\/uploads\/2024\/11\/Mes-articles-de-stockage-a-domicile-preferes-en-vente-pour.png","contentUrl":"https:\/\/vieassociative.be\/actualites\/wp-content\/uploads\/2024\/11\/Mes-articles-de-stockage-a-domicile-preferes-en-vente-pour.png","width":1200,"height":675,"caption":"Mes articles de stockage \u00e0 domicile pr\u00e9f\u00e9r\u00e9s en vente pour le Black Friday"},{"@type":"BreadcrumbList","@id":"https:\/\/vieassociative.be\/actualites\/mes-articles-de-stockage-a-domicile-preferes-en-vente-pour-le-black-friday\/#breadcrumb","itemListElement":[{"@type":"ListItem","position":1,"name":"Accueil","item":"https:\/\/vieassociative.be\/actualites\/"},{"@type":"ListItem","position":2,"name":"Mes articles de stockage \u00e0 domicile pr\u00e9f\u00e9r\u00e9s en vente pour le Black Friday"}]},{"@type":"WebSite","@id":"https:\/\/vieassociative.be\/actualites\/#website","url":"https:\/\/vieassociative.be\/actualites\/","name":"Vie Associative","description":"","publisher":{"@id":"https:\/\/vieassociative.be\/actualites\/#organization"},"potentialAction":[{"@type":"SearchAction","target":{"@type":"EntryPoint","urlTemplate":"https:\/\/vieassociative.be\/actualites\/?s={search_term_string}"},"query-input":{"@type":"PropertyValueSpecification","valueRequired":true,"valueName":"search_term_string"}}],"inLanguage":"fr-BE"},{"@type":"Organization","@id":"https:\/\/vieassociative.be\/actualites\/#organization","name":"Vie Associative","url":"https:\/\/vieassociative.be\/actualites\/","logo":{"@type":"ImageObject","inLanguage":"fr-BE","@id":"https:\/\/vieassociative.be\/actualites\/#\/schema\/logo\/image\/","url":"https:\/\/vieassociative.be\/actualites\/wp-content\/uploads\/2024\/09\/cropped-vieassociative_favicon.ico.png","contentUrl":"https:\/\/vieassociative.be\/actualites\/wp-content\/uploads\/2024\/09\/cropped-vieassociative_favicon.ico.png","width":512,"height":512,"caption":"Vie Associative"},"image":{"@id":"https:\/\/vieassociative.be\/actualites\/#\/schema\/logo\/image\/"}},{"@type":"Person","@id":"https:\/\/vieassociative.be\/actualites\/#\/schema\/person\/b87ac4f82f9d4e7b7cec7395b679edc4","name":"Julien","image":{"@type":"ImageObject","inLanguage":"fr-BE","@id":"https:\/\/vieassociative.be\/actualites\/#\/schema\/person\/image\/","url":"https:\/\/vieassociative.be\/actualites\/wp-content\/uploads\/2024\/09\/vie-associative-1-150x150.jpg","contentUrl":"https:\/\/vieassociative.be\/actualites\/wp-content\/uploads\/2024\/09\/vie-associative-1-150x150.jpg","caption":"Julien"},"description":"Je suis Julien, r\u00e9dacteur pour Vie Associative. Passionn\u00e9 par le monde associatif depuis plus de 10 ans, j'ai \u00e0 c\u0153ur de partager des histoires inspirantes et de mettre en lumi\u00e8re les initiatives locales. Mon objectif est de sensibiliser et d'encourager l'engagement communautaire \u00e0 travers mes articles.","sameAs":["https:\/\/vieassociative.be\/"]}]}},"_links":{"self":[{"href":"https:\/\/vieassociative.be\/actualites\/wp-json\/wp\/v2\/posts\/2749"}],"collection":[{"href":"https:\/\/vieassociative.be\/actualites\/wp-json\/wp\/v2\/posts"}],"about":[{"href":"https:\/\/vieassociative.be\/actualites\/wp-json\/wp\/v2\/types\/post"}],"author":[{"embeddable":true,"href":"https:\/\/vieassociative.be\/actualites\/wp-json\/wp\/v2\/users\/1"}],"replies":[{"embeddable":true,"href":"https:\/\/vieassociative.be\/actualites\/wp-json\/wp\/v2\/comments?post=2749"}],"version-history":[{"count":0,"href":"https:\/\/vieassociative.be\/actualites\/wp-json\/wp\/v2\/posts\/2749\/revisions"}],"wp:featuredmedia":[{"embeddable":true,"href":"https:\/\/vieassociative.be\/actualites\/wp-json\/wp\/v2\/media\/2750"}],"wp:attachment":[{"href":"https:\/\/vieassociative.be\/actualites\/wp-json\/wp\/v2\/media?parent=2749"}],"wp:term":[{"taxonomy":"category","embeddable":true,"href":"https:\/\/vieassociative.be\/actualites\/wp-json\/wp\/v2\/categories?post=2749"},{"taxonomy":"post_tag","embeddable":true,"href":"https:\/\/vieassociative.be\/actualites\/wp-json\/wp\/v2\/tags?post=2749"}],"curies":[{"name":"wp","href":"https:\/\/api.w.org\/{rel}","templated":true}]}}