{"id":2741,"date":"2024-11-25T02:17:48","date_gmt":"2024-11-25T01:17:48","guid":{"rendered":"https:\/\/vieassociative.be\/actualites\/les-meilleurs-cadeaux-de-beaute-et-de-soins-personnels-en-vente-pendant-le-black-friday\/"},"modified":"2024-11-25T02:17:48","modified_gmt":"2024-11-25T01:17:48","slug":"les-meilleurs-cadeaux-de-beaute-et-de-soins-personnels-en-vente-pendant-le-black-friday","status":"publish","type":"post","link":"https:\/\/vieassociative.be\/actualites\/les-meilleurs-cadeaux-de-beaute-et-de-soins-personnels-en-vente-pendant-le-black-friday\/","title":{"rendered":"Les meilleurs cadeaux de beaut\u00e9 et de soins personnels en vente pendant le Black Friday"},"content":{"rendered":"<div class=\"mt-4 leading-6 md:mb-8\">Procurez-vous ces gadgets pour le passionn\u00e9 de soins personnels dans votre vie.<\/div>\n<p><\/p>\n<p>Une grande partie de mon temps et de mon argent est consacr\u00e9e aux soins personnels, ce qui signifie que si je vois un nouveau produit qui promet de me rendre plus belle, en particulier lors d&rsquo;une f\u00eate de shopping comme le Black Friday, je suis susceptible de l&rsquo;ajouter directement \u00e0 mon panier. J&rsquo;ai test\u00e9 de vrais citrons, mais j&rsquo;ai \u00e9galement rencontr\u00e9 beaucoup de succ\u00e8s, ce qui signifie que je suis qualifi\u00e9 pour vous dire ce que je pense que les amateurs de soins personnels dans votre vie appr\u00e9cieront vraiment cette p\u00e9riode des f\u00eates. <\/p>\n<p>Vous voyez, ce qui est cool dans la vie dans le futur, c&rsquo;est que le fait de prendre soin de soi devient de plus en plus avanc\u00e9 technologiquement. Il existe donc de nombreuses opportunit\u00e9s de sous-traiter l&#8217;embellissement et la d\u00e9tente \u00e0 des gadgets passionnants qui, dans certains cas, offrent r\u00e9ellement le marchandises. Vous n&rsquo;\u00eates pas oblig\u00e9 d&rsquo;acheter des chaussettes pelucheuses \u00e0 votre m\u00e8re ou \u00e0 votre partenaire. <em>un autre<\/em> bougie plus; vous pouvez leur offrir des choses high-tech et cool \u00e0 la place. <\/p>\n<p>J&rsquo;ai parcouru mes commandes et s\u00e9lectionn\u00e9 tous mes favoris en vente pendant le Black Friday.<\/p>\n<h2 id=\"the-best-black-friday-deals-on-relaxing-tech\">Les meilleures offres du Black Friday sur la technologie relaxante<\/h2>\n<p>Je prends ma d\u00e9tente et je dors <em>tr\u00e8s<\/em> s\u00e9rieusement. La plupart de ce que j&rsquo;utilise pour r\u00e9aliser mes soir\u00e9es parfaites n&rsquo;est pas particuli\u00e8rement technologique, comme les bougies et les lotions, mais cela ne veut pas dire que je me d\u00e9tends enti\u00e8rement comme une d\u00e9licate femme victorienne. Tout d\u2019abord, je recommande un diffuseur d\u2019huile intelligent. Les bougies peuvent \u00eatre dangereuses et, depuis que j&rsquo;en ai achet\u00e9 une pour ma m\u00e8re il y a des ann\u00e9es, j&rsquo;ai constat\u00e9 que le parfum impr\u00e8gne beaucoup plus largement et dure beaucoup plus longtemps que ce que j&rsquo;obtiens d&rsquo;une bougie, de toute fa\u00e7on. En ce qui concerne les cadeaux, je recommande celui-ci car il a bien fonctionn\u00e9 pour moi ; ma m\u00e8re <em>aime<\/em> il.<\/p>\n<p>Il y a deux bonus que vous obtiendrez avec le mod\u00e8le que j&rsquo;ai trouv\u00e9 et qui est en vente pour le Black Friday : vous pouvez le configurer pour qu&rsquo;il \u00e9mette la lumi\u00e8re de la couleur de votre choix ; et il est compatible avec une application et vos appareils domestiques intelligents, comme Amazon Echo. Chaque soir, ma m\u00e8re dit simplement : \u00ab Alexa, allume mon diffuseur \u00bb, ce qui, \u00e0 mon avis, est un moyen relaxant de premier ordre. Imaginez que vous \u00eates une reine qui se pr\u00e9pare \u00e0 aller au lit. Pourquoi devrait-il <em>toi<\/em> allumer le diffuseur ? Pour seulement 31,44\u00a0$, vous n\u2019aurez plus jamais \u00e0 le faire. <\/p>\n<p>Ensuite, j\u2019ai beaucoup aim\u00e9 ces masques pour les yeux chauffants ces derniers temps. Il existe quelques vari\u00e9t\u00e9s, comme celles que vous passez au micro-ondes ou celles \u00e9lectroniques, mais celles-ci sont similaires aux chauffe-mains dans la mesure o\u00f9 elles chauffent simplement sans aucune difficult\u00e9 suppl\u00e9mentaire. Je ne suis pas sujette aux maux de t\u00eate, donc je ne les utilise pas aux fins pr\u00e9vues, mais si quelqu&rsquo;un que vous aimez a de graves maux de t\u00eate, c&rsquo;est un cadeau vraiment attentionn\u00e9. M\u00eame sans aucune douleur \u00e0 g\u00e9rer, je trouve toujours qu&rsquo;ils me d\u00e9tendent et m&#8217;emp\u00eachent de retenir la tension sur mon visage. De plus, ils bloquent la lumi\u00e8re, ce que j&rsquo;appr\u00e9cie. Un pack de 16 co\u00fbte un peu moins de 12 $ pour les vacances shopping. <\/p>\n<p>Ces derni\u00e8res semaines, j&rsquo;ai aussi beaucoup appr\u00e9ci\u00e9 cette ceinture vibrante et chauffante. C&rsquo;est cens\u00e9 \u00eatre pour les crampes, principalement, donc c&rsquo;est m\u00eame \u00e9ligible \u00e0 la FSA, mais cela ne signifie pas que vous ne pouvez l&rsquo;acheter que pour quelqu&rsquo;un qui en souffre : j&rsquo;ai trouv\u00e9 relaxant de le porter juste pour me r\u00e9chauffer dans la maison. La vibration est \u00e9galement agr\u00e9able, et je la fais tourner et je l&rsquo;utilise sur le bas du dos la nuit. Que votre proche ait tendance \u00e0 avoir froid ou \u00e0 souffrir de tout type de douleur \u00e0 l&rsquo;abdomen, ce sera un cadeau bienvenu. C&rsquo;est vraiment une sensation de bien-\u00eatre et c&rsquo;est parfait pour ces mois les plus froids. <\/p>\n<h2 id=\"the-best-black-friday-deals-on-beauty-tech\">Les meilleures offres du Black Friday sur les technologies de beaut\u00e9<\/h2>\n<p>Pour moi, la pr\u00e9paration est amusante et fait partie de ma routine g\u00e9n\u00e9rale de soins personnels, c&rsquo;est pourquoi je consid\u00e8re la technologie de la beaut\u00e9 comme quelque chose qui me d\u00e9tend et me met de bonne humeur. Mais cela ne fonctionne que si cela fonctionne, sinon cela me met dans une situation difficile. <em>mauvais<\/em> humeur, ce qui n&rsquo;est pas ce que vous souhaitez qu&rsquo;il arrive au destinataire de votre cadeau. Une chose qui fonctionne absolument ? Le Dyson Airwrap, l&rsquo;outil de coiffage qui fait passer vos cheveux mouill\u00e9s \u00e0 boucl\u00e9s. Il est actuellement en vente au prix de 249,99 $. <\/p>\n<p>Je comprends que c&rsquo;est encore un peu cher et n\u00e9cessite \u00e9galement une courbe d&rsquo;apprentissage <em>et <\/em>pour que votre destinataire se lave les cheveux pour que cela fonctionne. Vous pouvez \u00e9conomiser encore plus d\u2019argent et opter pour un outil plus simple, comme une brosse thermique. J&rsquo;en ai un comme celui-ci, qui est r\u00e9duit \u00e0 39,97 $ pour le Black Friday. Il ne souffle pas d&rsquo;air comme un Airwrap ou une brosse \u00e0 brushing. Au lieu de cela, il chauffe et vous utilisez les poils pour fixer et guider vos cheveux pour un look \u00e9ruption rapide et facile, parfait pour l&rsquo;ic\u00f4ne de style en d\u00e9placement. J&rsquo;ai commenc\u00e9 \u00e0 utiliser le mien comme un maniaque les jours sans lavage apr\u00e8s les avoir vus partout sur TikTok, o\u00f9 les influenceurs louent (\u00e0 juste titre) la technologie ionique pour pr\u00e9venir les frisottis. <\/p>\n<p>Enfin, j\u2019essaierai tous les produits con\u00e7us pour embellir mon visage, quelle que soit leur signification \u00e0 un moment donn\u00e9. Ce week-end, j&rsquo;ai essay\u00e9 de faire une permanente et de teindre mes propres cils et j&rsquo;ai terriblement \u00e9chou\u00e9, mais j&rsquo;ai aussi jou\u00e9 avec un \u00e9trange serre-t\u00eate \u00e9lectronique qui fonctionnait de la m\u00eame mani\u00e8re qu&rsquo;une machine TENS pour contracter les muscles autour de ma m\u00e2choire. Je ne sais pas si cela a fait quelque chose, mais je me suis bien amus\u00e9 \u00e0 l&rsquo;essayer. J&rsquo;en ach\u00e8te \u00e0 mes amis pendant cette p\u00e9riode des f\u00eates parce qu&rsquo;ils ont manifest\u00e9 un certain int\u00e9r\u00eat apr\u00e8s que je leur ai envoy\u00e9 des vid\u00e9os de mon visage tremblant, mais je ne suis toujours pas s\u00fbr que cela fonctionne.<\/p>\n<p>Une chose qui <em>a<\/em> travaill\u00e9, cependant, est un appareil \u00e0 microcourant. En ce moment, j&rsquo;utilise le Myolift QT Plus, qui n&rsquo;est pas d\u00e9marqu\u00e9, mais m&rsquo;a donn\u00e9 des r\u00e9sultats similaires \u00e0 ceux du NuFace classique, qui l&rsquo;est. Une Mini co\u00fbte 154 $ au lieu de 220 $ pour le Black Friday, ce qui est une bonne affaire. Ces machines d\u00e9livrent peu de courants \u00e9lectriques et produisent un raffermissement et un lifting temporaires (mais perceptibles) du visage. J&rsquo;utilise des appareils \u00e0 microcourant depuis quatre ans et je remarque que mes r\u00e9sultats s&rsquo;estompent lorsque je fais une pause, mais m\u00eame le processus consistant \u00e0 les passer sur mon visage (comme vous le feriez avec un outil Gua Sha) est relaxant, je recommande donc eux. J&rsquo;ajouterai que m\u00eame s&rsquo;il n&rsquo;est pas en vente, le Myolift QT ne co\u00fbte que 16 $ de plus et offre une connectivit\u00e9 d&rsquo;application que je consid\u00e8re comme vraiment pr\u00e9cieuse. (L&rsquo;application analyse p\u00e9riodiquement mon visage pour v\u00e9rifier les progr\u00e8s et propose des vid\u00e9os guid\u00e9es afin que j&rsquo;aie l&rsquo;impression de savoir un peu mieux ce que je fais que lorsque je le pilote avec NuFace.) <\/p>\n<p>\u00c9videmment, soyez prudent ici. Je voudrais <em>amour<\/em> pour obtenir un outil facial co\u00fbteux d&rsquo;un \u00eatre cher, mais c&rsquo;est parce que je parle ouvertement de tous les outils de beaut\u00e9 ridicules que j&rsquo;essaie. Si j\u2019\u00e9tais plus g\u00ean\u00e9 ou moins ouvert avec eux, je peux voir \u00e0 quel point un cadeau comme celui-l\u00e0 pourrait \u00eatre offensant. C&rsquo;est un excellent cadeau tant que vous \u00eates s\u00fbr que l&rsquo;autre personne le veut.<\/p>\n<div class=\"w-full mt-12 text-center sm:text-left\" x-data=\"{ showAll: false }\">\n<div class=\"flex flex-col items-center justify-between sm:px-6 sm:flex-row\">\n\t\t\t<span class=\"text-sm italic\">Les offres sont s\u00e9lectionn\u00e9es par notre \u00e9quipe commerciale<\/span><\/p><\/div>\n<\/p><\/div>\n","protected":false},"excerpt":{"rendered":"<p>Procurez-vous ces gadgets pour le passionn\u00e9 de soins personnels dans votre vie. Une grande partie de mon temps et de mon argent est consacr\u00e9e aux<\/p>\n","protected":false},"author":1,"featured_media":2742,"comment_status":"","ping_status":"","sticky":false,"template":"","format":"standard","meta":{"footnotes":""},"categories":[38],"tags":[3480,73,88,1255,14,187,198,280,1401,223],"class_list":["post-2741","post","type-post","status-publish","format-standard","has-post-thumbnail","hentry","category-sante","tag-beaute","tag-black","tag-cadeaux","tag-friday","tag-les","tag-meilleurs","tag-pendant","tag-personnels","tag-soins","tag-vente","generate-columns","tablet-grid-50","mobile-grid-100","grid-parent","grid-33"],"yoast_head":"<!-- This site is optimized with the Yoast SEO plugin v24.0 - https:\/\/yoast.com\/wordpress\/plugins\/seo\/ -->\n<title>Les meilleurs cadeaux de beaut\u00e9 et de soins personnels en vente pendant le Black Friday | Vie Associative<\/title>\n<meta name=\"robots\" content=\"index, follow, max-snippet:-1, max-image-preview:large, max-video-preview:-1\" \/>\n<link rel=\"canonical\" href=\"https:\/\/vieassociative.be\/actualites\/les-meilleurs-cadeaux-de-beaute-et-de-soins-personnels-en-vente-pendant-le-black-friday\/\" \/>\n<meta property=\"og:locale\" content=\"fr_FR\" \/>\n<meta property=\"og:type\" content=\"article\" \/>\n<meta property=\"og:title\" content=\"Les meilleurs cadeaux de beaut\u00e9 et de soins personnels en vente pendant le Black Friday | Vie Associative\" \/>\n<meta property=\"og:description\" content=\"Procurez-vous ces gadgets pour le passionn\u00e9 de soins personnels dans votre vie. Une grande partie de mon temps et de mon argent est consacr\u00e9e aux\" \/>\n<meta property=\"og:url\" content=\"https:\/\/vieassociative.be\/actualites\/les-meilleurs-cadeaux-de-beaute-et-de-soins-personnels-en-vente-pendant-le-black-friday\/\" \/>\n<meta property=\"og:site_name\" content=\"Vie Associative\" \/>\n<meta property=\"article:published_time\" content=\"2024-11-25T01:17:48+00:00\" \/>\n<meta property=\"og:image\" content=\"https:\/\/vieassociative.be\/actualites\/wp-content\/uploads\/2024\/09\/header_backgroundk-01-e1726694325946.png\" \/>\n\t<meta property=\"og:image:width\" content=\"279\" \/>\n\t<meta property=\"og:image:height\" content=\"92\" \/>\n\t<meta property=\"og:image:type\" content=\"image\/png\" \/>\n<meta name=\"author\" content=\"Julien\" \/>\n<meta name=\"twitter:card\" content=\"summary_large_image\" \/>\n<meta name=\"twitter:label1\" content=\"\u00c9crit par\" \/>\n\t<meta name=\"twitter:data1\" content=\"Julien\" \/>\n\t<meta name=\"twitter:label2\" content=\"Dur\u00e9e de lecture est.\" \/>\n\t<meta name=\"twitter:data2\" content=\"7 minutes\" \/>\n<script type=\"application\/ld+json\" class=\"yoast-schema-graph\">{\"@context\":\"https:\/\/schema.org\",\"@graph\":[{\"@type\":\"Article\",\"@id\":\"https:\/\/vieassociative.be\/actualites\/les-meilleurs-cadeaux-de-beaute-et-de-soins-personnels-en-vente-pendant-le-black-friday\/#article\",\"isPartOf\":{\"@id\":\"https:\/\/vieassociative.be\/actualites\/les-meilleurs-cadeaux-de-beaute-et-de-soins-personnels-en-vente-pendant-le-black-friday\/\"},\"author\":{\"name\":\"Julien\",\"@id\":\"https:\/\/vieassociative.be\/actualites\/#\/schema\/person\/b87ac4f82f9d4e7b7cec7395b679edc4\"},\"headline\":\"Les meilleurs cadeaux de beaut\u00e9 et de soins personnels en vente pendant le Black Friday\",\"datePublished\":\"2024-11-25T01:17:48+00:00\",\"dateModified\":\"2024-11-25T01:17:48+00:00\",\"mainEntityOfPage\":{\"@id\":\"https:\/\/vieassociative.be\/actualites\/les-meilleurs-cadeaux-de-beaute-et-de-soins-personnels-en-vente-pendant-le-black-friday\/\"},\"wordCount\":1441,\"publisher\":{\"@id\":\"https:\/\/vieassociative.be\/actualites\/#organization\"},\"image\":{\"@id\":\"https:\/\/vieassociative.be\/actualites\/les-meilleurs-cadeaux-de-beaute-et-de-soins-personnels-en-vente-pendant-le-black-friday\/#primaryimage\"},\"thumbnailUrl\":\"https:\/\/vieassociative.be\/actualites\/wp-content\/uploads\/2024\/11\/Les-meilleurs-cadeaux-de-beaute-et-de-soins-personnels-en.png\",\"keywords\":[\"beaut\u00e9\",\"Black\",\"cadeaux\",\"Friday\",\"Les\",\"meilleurs\",\"pendant\",\"personnels\",\"soins\",\"vente\"],\"articleSection\":[\"Sant\u00e9\"],\"inLanguage\":\"fr-BE\"},{\"@type\":\"WebPage\",\"@id\":\"https:\/\/vieassociative.be\/actualites\/les-meilleurs-cadeaux-de-beaute-et-de-soins-personnels-en-vente-pendant-le-black-friday\/\",\"url\":\"https:\/\/vieassociative.be\/actualites\/les-meilleurs-cadeaux-de-beaute-et-de-soins-personnels-en-vente-pendant-le-black-friday\/\",\"name\":\"Les meilleurs cadeaux de beaut\u00e9 et de soins personnels en vente pendant le Black Friday | Vie Associative\",\"isPartOf\":{\"@id\":\"https:\/\/vieassociative.be\/actualites\/#website\"},\"primaryImageOfPage\":{\"@id\":\"https:\/\/vieassociative.be\/actualites\/les-meilleurs-cadeaux-de-beaute-et-de-soins-personnels-en-vente-pendant-le-black-friday\/#primaryimage\"},\"image\":{\"@id\":\"https:\/\/vieassociative.be\/actualites\/les-meilleurs-cadeaux-de-beaute-et-de-soins-personnels-en-vente-pendant-le-black-friday\/#primaryimage\"},\"thumbnailUrl\":\"https:\/\/vieassociative.be\/actualites\/wp-content\/uploads\/2024\/11\/Les-meilleurs-cadeaux-de-beaute-et-de-soins-personnels-en.png\",\"datePublished\":\"2024-11-25T01:17:48+00:00\",\"dateModified\":\"2024-11-25T01:17:48+00:00\",\"breadcrumb\":{\"@id\":\"https:\/\/vieassociative.be\/actualites\/les-meilleurs-cadeaux-de-beaute-et-de-soins-personnels-en-vente-pendant-le-black-friday\/#breadcrumb\"},\"inLanguage\":\"fr-BE\",\"potentialAction\":[{\"@type\":\"ReadAction\",\"target\":[\"https:\/\/vieassociative.be\/actualites\/les-meilleurs-cadeaux-de-beaute-et-de-soins-personnels-en-vente-pendant-le-black-friday\/\"]}]},{\"@type\":\"ImageObject\",\"inLanguage\":\"fr-BE\",\"@id\":\"https:\/\/vieassociative.be\/actualites\/les-meilleurs-cadeaux-de-beaute-et-de-soins-personnels-en-vente-pendant-le-black-friday\/#primaryimage\",\"url\":\"https:\/\/vieassociative.be\/actualites\/wp-content\/uploads\/2024\/11\/Les-meilleurs-cadeaux-de-beaute-et-de-soins-personnels-en.png\",\"contentUrl\":\"https:\/\/vieassociative.be\/actualites\/wp-content\/uploads\/2024\/11\/Les-meilleurs-cadeaux-de-beaute-et-de-soins-personnels-en.png\",\"width\":1199,\"height\":675,\"caption\":\"Les meilleurs cadeaux de beaut\u00e9 et de soins personnels en vente pendant le Black Friday\"},{\"@type\":\"BreadcrumbList\",\"@id\":\"https:\/\/vieassociative.be\/actualites\/les-meilleurs-cadeaux-de-beaute-et-de-soins-personnels-en-vente-pendant-le-black-friday\/#breadcrumb\",\"itemListElement\":[{\"@type\":\"ListItem\",\"position\":1,\"name\":\"Accueil\",\"item\":\"https:\/\/vieassociative.be\/actualites\/\"},{\"@type\":\"ListItem\",\"position\":2,\"name\":\"Les meilleurs cadeaux de beaut\u00e9 et de soins personnels en vente pendant le Black Friday\"}]},{\"@type\":\"WebSite\",\"@id\":\"https:\/\/vieassociative.be\/actualites\/#website\",\"url\":\"https:\/\/vieassociative.be\/actualites\/\",\"name\":\"Vie Associative\",\"description\":\"\",\"publisher\":{\"@id\":\"https:\/\/vieassociative.be\/actualites\/#organization\"},\"potentialAction\":[{\"@type\":\"SearchAction\",\"target\":{\"@type\":\"EntryPoint\",\"urlTemplate\":\"https:\/\/vieassociative.be\/actualites\/?s={search_term_string}\"},\"query-input\":{\"@type\":\"PropertyValueSpecification\",\"valueRequired\":true,\"valueName\":\"search_term_string\"}}],\"inLanguage\":\"fr-BE\"},{\"@type\":\"Organization\",\"@id\":\"https:\/\/vieassociative.be\/actualites\/#organization\",\"name\":\"Vie Associative\",\"url\":\"https:\/\/vieassociative.be\/actualites\/\",\"logo\":{\"@type\":\"ImageObject\",\"inLanguage\":\"fr-BE\",\"@id\":\"https:\/\/vieassociative.be\/actualites\/#\/schema\/logo\/image\/\",\"url\":\"https:\/\/vieassociative.be\/actualites\/wp-content\/uploads\/2024\/09\/cropped-vieassociative_favicon.ico.png\",\"contentUrl\":\"https:\/\/vieassociative.be\/actualites\/wp-content\/uploads\/2024\/09\/cropped-vieassociative_favicon.ico.png\",\"width\":512,\"height\":512,\"caption\":\"Vie Associative\"},\"image\":{\"@id\":\"https:\/\/vieassociative.be\/actualites\/#\/schema\/logo\/image\/\"}},{\"@type\":\"Person\",\"@id\":\"https:\/\/vieassociative.be\/actualites\/#\/schema\/person\/b87ac4f82f9d4e7b7cec7395b679edc4\",\"name\":\"Julien\",\"image\":{\"@type\":\"ImageObject\",\"inLanguage\":\"fr-BE\",\"@id\":\"https:\/\/vieassociative.be\/actualites\/#\/schema\/person\/image\/\",\"url\":\"https:\/\/vieassociative.be\/actualites\/wp-content\/uploads\/2024\/09\/vie-associative-1-150x150.jpg\",\"contentUrl\":\"https:\/\/vieassociative.be\/actualites\/wp-content\/uploads\/2024\/09\/vie-associative-1-150x150.jpg\",\"caption\":\"Julien\"},\"description\":\"Je suis Julien, r\u00e9dacteur pour Vie Associative. Passionn\u00e9 par le monde associatif depuis plus de 10 ans, j'ai \u00e0 c\u0153ur de partager des histoires inspirantes et de mettre en lumi\u00e8re les initiatives locales. Mon objectif est de sensibiliser et d'encourager l'engagement communautaire \u00e0 travers mes articles.\",\"sameAs\":[\"https:\/\/vieassociative.be\/\"]}]}<\/script>\n<!-- \/ Yoast SEO plugin. -->","yoast_head_json":{"title":"Les meilleurs cadeaux de beaut\u00e9 et de soins personnels en vente pendant le Black Friday | Vie Associative","robots":{"index":"index","follow":"follow","max-snippet":"max-snippet:-1","max-image-preview":"max-image-preview:large","max-video-preview":"max-video-preview:-1"},"canonical":"https:\/\/vieassociative.be\/actualites\/les-meilleurs-cadeaux-de-beaute-et-de-soins-personnels-en-vente-pendant-le-black-friday\/","og_locale":"fr_FR","og_type":"article","og_title":"Les meilleurs cadeaux de beaut\u00e9 et de soins personnels en vente pendant le Black Friday | Vie Associative","og_description":"Procurez-vous ces gadgets pour le passionn\u00e9 de soins personnels dans votre vie. Une grande partie de mon temps et de mon argent est consacr\u00e9e aux","og_url":"https:\/\/vieassociative.be\/actualites\/les-meilleurs-cadeaux-de-beaute-et-de-soins-personnels-en-vente-pendant-le-black-friday\/","og_site_name":"Vie Associative","article_published_time":"2024-11-25T01:17:48+00:00","og_image":[{"width":279,"height":92,"url":"https:\/\/vieassociative.be\/actualites\/wp-content\/uploads\/2024\/09\/header_backgroundk-01-e1726694325946.png","type":"image\/png"}],"author":"Julien","twitter_card":"summary_large_image","twitter_misc":{"\u00c9crit par":"Julien","Dur\u00e9e de lecture est.":"7 minutes"},"schema":{"@context":"https:\/\/schema.org","@graph":[{"@type":"Article","@id":"https:\/\/vieassociative.be\/actualites\/les-meilleurs-cadeaux-de-beaute-et-de-soins-personnels-en-vente-pendant-le-black-friday\/#article","isPartOf":{"@id":"https:\/\/vieassociative.be\/actualites\/les-meilleurs-cadeaux-de-beaute-et-de-soins-personnels-en-vente-pendant-le-black-friday\/"},"author":{"name":"Julien","@id":"https:\/\/vieassociative.be\/actualites\/#\/schema\/person\/b87ac4f82f9d4e7b7cec7395b679edc4"},"headline":"Les meilleurs cadeaux de beaut\u00e9 et de soins personnels en vente pendant le Black Friday","datePublished":"2024-11-25T01:17:48+00:00","dateModified":"2024-11-25T01:17:48+00:00","mainEntityOfPage":{"@id":"https:\/\/vieassociative.be\/actualites\/les-meilleurs-cadeaux-de-beaute-et-de-soins-personnels-en-vente-pendant-le-black-friday\/"},"wordCount":1441,"publisher":{"@id":"https:\/\/vieassociative.be\/actualites\/#organization"},"image":{"@id":"https:\/\/vieassociative.be\/actualites\/les-meilleurs-cadeaux-de-beaute-et-de-soins-personnels-en-vente-pendant-le-black-friday\/#primaryimage"},"thumbnailUrl":"https:\/\/vieassociative.be\/actualites\/wp-content\/uploads\/2024\/11\/Les-meilleurs-cadeaux-de-beaute-et-de-soins-personnels-en.png","keywords":["beaut\u00e9","Black","cadeaux","Friday","Les","meilleurs","pendant","personnels","soins","vente"],"articleSection":["Sant\u00e9"],"inLanguage":"fr-BE"},{"@type":"WebPage","@id":"https:\/\/vieassociative.be\/actualites\/les-meilleurs-cadeaux-de-beaute-et-de-soins-personnels-en-vente-pendant-le-black-friday\/","url":"https:\/\/vieassociative.be\/actualites\/les-meilleurs-cadeaux-de-beaute-et-de-soins-personnels-en-vente-pendant-le-black-friday\/","name":"Les meilleurs cadeaux de beaut\u00e9 et de soins personnels en vente pendant le Black Friday | Vie Associative","isPartOf":{"@id":"https:\/\/vieassociative.be\/actualites\/#website"},"primaryImageOfPage":{"@id":"https:\/\/vieassociative.be\/actualites\/les-meilleurs-cadeaux-de-beaute-et-de-soins-personnels-en-vente-pendant-le-black-friday\/#primaryimage"},"image":{"@id":"https:\/\/vieassociative.be\/actualites\/les-meilleurs-cadeaux-de-beaute-et-de-soins-personnels-en-vente-pendant-le-black-friday\/#primaryimage"},"thumbnailUrl":"https:\/\/vieassociative.be\/actualites\/wp-content\/uploads\/2024\/11\/Les-meilleurs-cadeaux-de-beaute-et-de-soins-personnels-en.png","datePublished":"2024-11-25T01:17:48+00:00","dateModified":"2024-11-25T01:17:48+00:00","breadcrumb":{"@id":"https:\/\/vieassociative.be\/actualites\/les-meilleurs-cadeaux-de-beaute-et-de-soins-personnels-en-vente-pendant-le-black-friday\/#breadcrumb"},"inLanguage":"fr-BE","potentialAction":[{"@type":"ReadAction","target":["https:\/\/vieassociative.be\/actualites\/les-meilleurs-cadeaux-de-beaute-et-de-soins-personnels-en-vente-pendant-le-black-friday\/"]}]},{"@type":"ImageObject","inLanguage":"fr-BE","@id":"https:\/\/vieassociative.be\/actualites\/les-meilleurs-cadeaux-de-beaute-et-de-soins-personnels-en-vente-pendant-le-black-friday\/#primaryimage","url":"https:\/\/vieassociative.be\/actualites\/wp-content\/uploads\/2024\/11\/Les-meilleurs-cadeaux-de-beaute-et-de-soins-personnels-en.png","contentUrl":"https:\/\/vieassociative.be\/actualites\/wp-content\/uploads\/2024\/11\/Les-meilleurs-cadeaux-de-beaute-et-de-soins-personnels-en.png","width":1199,"height":675,"caption":"Les meilleurs cadeaux de beaut\u00e9 et de soins personnels en vente pendant le Black Friday"},{"@type":"BreadcrumbList","@id":"https:\/\/vieassociative.be\/actualites\/les-meilleurs-cadeaux-de-beaute-et-de-soins-personnels-en-vente-pendant-le-black-friday\/#breadcrumb","itemListElement":[{"@type":"ListItem","position":1,"name":"Accueil","item":"https:\/\/vieassociative.be\/actualites\/"},{"@type":"ListItem","position":2,"name":"Les meilleurs cadeaux de beaut\u00e9 et de soins personnels en vente pendant le Black Friday"}]},{"@type":"WebSite","@id":"https:\/\/vieassociative.be\/actualites\/#website","url":"https:\/\/vieassociative.be\/actualites\/","name":"Vie Associative","description":"","publisher":{"@id":"https:\/\/vieassociative.be\/actualites\/#organization"},"potentialAction":[{"@type":"SearchAction","target":{"@type":"EntryPoint","urlTemplate":"https:\/\/vieassociative.be\/actualites\/?s={search_term_string}"},"query-input":{"@type":"PropertyValueSpecification","valueRequired":true,"valueName":"search_term_string"}}],"inLanguage":"fr-BE"},{"@type":"Organization","@id":"https:\/\/vieassociative.be\/actualites\/#organization","name":"Vie Associative","url":"https:\/\/vieassociative.be\/actualites\/","logo":{"@type":"ImageObject","inLanguage":"fr-BE","@id":"https:\/\/vieassociative.be\/actualites\/#\/schema\/logo\/image\/","url":"https:\/\/vieassociative.be\/actualites\/wp-content\/uploads\/2024\/09\/cropped-vieassociative_favicon.ico.png","contentUrl":"https:\/\/vieassociative.be\/actualites\/wp-content\/uploads\/2024\/09\/cropped-vieassociative_favicon.ico.png","width":512,"height":512,"caption":"Vie Associative"},"image":{"@id":"https:\/\/vieassociative.be\/actualites\/#\/schema\/logo\/image\/"}},{"@type":"Person","@id":"https:\/\/vieassociative.be\/actualites\/#\/schema\/person\/b87ac4f82f9d4e7b7cec7395b679edc4","name":"Julien","image":{"@type":"ImageObject","inLanguage":"fr-BE","@id":"https:\/\/vieassociative.be\/actualites\/#\/schema\/person\/image\/","url":"https:\/\/vieassociative.be\/actualites\/wp-content\/uploads\/2024\/09\/vie-associative-1-150x150.jpg","contentUrl":"https:\/\/vieassociative.be\/actualites\/wp-content\/uploads\/2024\/09\/vie-associative-1-150x150.jpg","caption":"Julien"},"description":"Je suis Julien, r\u00e9dacteur pour Vie Associative. Passionn\u00e9 par le monde associatif depuis plus de 10 ans, j'ai \u00e0 c\u0153ur de partager des histoires inspirantes et de mettre en lumi\u00e8re les initiatives locales. Mon objectif est de sensibiliser et d'encourager l'engagement communautaire \u00e0 travers mes articles.","sameAs":["https:\/\/vieassociative.be\/"]}]}},"_links":{"self":[{"href":"https:\/\/vieassociative.be\/actualites\/wp-json\/wp\/v2\/posts\/2741"}],"collection":[{"href":"https:\/\/vieassociative.be\/actualites\/wp-json\/wp\/v2\/posts"}],"about":[{"href":"https:\/\/vieassociative.be\/actualites\/wp-json\/wp\/v2\/types\/post"}],"author":[{"embeddable":true,"href":"https:\/\/vieassociative.be\/actualites\/wp-json\/wp\/v2\/users\/1"}],"replies":[{"embeddable":true,"href":"https:\/\/vieassociative.be\/actualites\/wp-json\/wp\/v2\/comments?post=2741"}],"version-history":[{"count":0,"href":"https:\/\/vieassociative.be\/actualites\/wp-json\/wp\/v2\/posts\/2741\/revisions"}],"wp:featuredmedia":[{"embeddable":true,"href":"https:\/\/vieassociative.be\/actualites\/wp-json\/wp\/v2\/media\/2742"}],"wp:attachment":[{"href":"https:\/\/vieassociative.be\/actualites\/wp-json\/wp\/v2\/media?parent=2741"}],"wp:term":[{"taxonomy":"category","embeddable":true,"href":"https:\/\/vieassociative.be\/actualites\/wp-json\/wp\/v2\/categories?post=2741"},{"taxonomy":"post_tag","embeddable":true,"href":"https:\/\/vieassociative.be\/actualites\/wp-json\/wp\/v2\/tags?post=2741"}],"curies":[{"name":"wp","href":"https:\/\/api.w.org\/{rel}","templated":true}]}}