{"id":2737,"date":"2024-11-25T00:17:55","date_gmt":"2024-11-24T23:17:55","guid":{"rendered":"https:\/\/vieassociative.be\/actualites\/comment-preparer-votre-enfant-a-voler-seul-pour-la-premiere-fois\/"},"modified":"2024-11-25T00:17:55","modified_gmt":"2024-11-24T23:17:55","slug":"comment-preparer-votre-enfant-a-voler-seul-pour-la-premiere-fois","status":"publish","type":"post","link":"https:\/\/vieassociative.be\/actualites\/comment-preparer-votre-enfant-a-voler-seul-pour-la-premiere-fois\/","title":{"rendered":"Comment pr\u00e9parer votre enfant \u00e0 voler seul pour la premi\u00e8re fois"},"content":{"rendered":"<div class=\"mt-4 leading-6 md:mb-8\">Parce que voler seul en tant qu\u2019adulte n\u2019est pas suffisamment anxiog\u00e8ne.<\/div>\n<p><\/p>\n<p>Bien que voyager en avion avec de jeunes enfants ne soit pas une promenade de sant\u00e9, surtout lorsque vous \u00eates vous-m\u00eame terrifi\u00e9 \u00e0 l&rsquo;id\u00e9e de voler, vous pouvez au moins garder vos tout-petits dans votre champ de vision pendant tout le voyage. Qu\u2019en est-il des sc\u00e9narios de voyage o\u00f9 vous devez envoyer votre enfant seul dans un vol, en tant que mineur non accompagn\u00e9\u00a0?<\/p>\n<p>Ma m\u00e8re et moi nous souvenons de mon premier vol en solo de mani\u00e8re l\u00e9g\u00e8rement diff\u00e9rente. Je me souviens avoir \u00e9t\u00e9 un pr\u00e9adolescent ravi de ma nouvelle ind\u00e9pendance. Elle se souvient avoir \u00e9t\u00e9 une boule de nerfs et avoir v\u00e9cu les pires sc\u00e9narios. Que vous vous consid\u00e9riez ou non comme une boule de nerfs, voici quelques conseils pour vous pr\u00e9parer, vous et votre enfant, \u00e0 leur bapt\u00eame de l&rsquo;air tout seuls.<\/p>\n<h2 id=\"know-what-to-expect\">Sachez \u00e0 quoi vous attendre<\/h2>\n<p>Chaque compagnie a\u00e9rienne dispose d\u2019un protocole \u00e9prouv\u00e9 pour les mineurs non accompagn\u00e9s. Votre enfant vole peut-\u00eatre sans vous, mais il ne sera jamais totalement seul. Lorsque vous r\u00e9servez le vol de votre enfant, recherchez les politiques et ressources de la compagnie a\u00e9rienne sp\u00e9cifique pour les mineurs non accompagn\u00e9s. Les grandes marques comme American Airlines, Delta et United pr\u00e9sentent en grande partie les m\u00eames d\u00e9tails. Quelques \u00e9l\u00e9ments de base \u00e0 garder \u00e0 l\u2019esprit\u00a0:<\/p>\n<ul>\n<li>\n<p>Votre enfant doit \u00eatre \u00e2g\u00e9 de 5 \u00e0 14 ans.<\/p>\n<\/li>\n<li>\n<p>Il y a des frais suppl\u00e9mentaires de 150 $ pour les r\u00e9server en tant que mineur non accompagn\u00e9.<\/p>\n<\/li>\n<li>\n<p>\u00c0 l&rsquo;a\u00e9roport, votre enfant recevra un bracelet \u00e0 porter \u00e0 bord afin que les agents sachent qu&rsquo;il s&rsquo;agit d&rsquo;un mineur non accompagn\u00e9. <\/p>\n<\/li>\n<li>\n<p>Vous recevrez un laissez-passer pour emmener votre enfant \u00e0 son vol de d\u00e9part. Les enfants ne sont pas laiss\u00e9s seuls pour passer les contr\u00f4les de s\u00e9curit\u00e9.<\/p>\n<\/li>\n<li>\n<p>Lors de l&rsquo;enregistrement, vous ou l&rsquo;adulte accompagnant devez fournir un <strong>Une pi\u00e8ce d&rsquo;identit\u00e9 avec photo, un justificatif de domicile, un num\u00e9ro de t\u00e9l\u00e9phone et les coordonn\u00e9es<\/strong> de l&rsquo;adulte rencontrant le mineur non accompagn\u00e9 \u00e0 destination.<\/p>\n<\/li>\n<li>\n<p>Vous souhaiterez vous accorder au moins 30 minutes suppl\u00e9mentaires \u00e0 l&rsquo;a\u00e9roport le jour du voyage de votre enfant, en plus des d\u00e9lais d&rsquo;enregistrement et de traitement \u00e0 l&rsquo;a\u00e9roport sugg\u00e9r\u00e9s.<\/p>\n<\/li>\n<\/ul>\n<p>Quelle que soit la compagnie a\u00e9rienne que vous choisissez, vous trouverez sur leur site Web une liste de contr\u00f4le sp\u00e9cifique et des conseils sur ce \u00e0 quoi vous et votre enfant pouvez vous attendre.<\/p>\n<h2 id=\"do-multiple-run-throughs\">Faites plusieurs passages<\/h2>\n<p>C&rsquo;est pour vous autant que pour votre enfant. Discutez avec votre enfant de ce qu&rsquo;il vivra \u00e0 l&rsquo;a\u00e9roport, comme passer le contr\u00f4le de s\u00e9curit\u00e9, trouver sa porte d&#8217;embarquement et monter \u00e0 bord de l&rsquo;avion, afin qu&rsquo;il sache \u00e0 quoi s&rsquo;attendre.<\/p>\n<p>Votre enfant embarquera avant l&#8217;embarquement normal afin que les agents de bord puissent l&rsquo;identifier et le situer dans l&rsquo;avion. Avant et apr\u00e8s le vol, les enfants plus \u00e2g\u00e9s peuvent avoir l&rsquo;impression de pouvoir se frayer un chemin seuls \u00e0 l&rsquo;a\u00e9roport, mais la plupart des services pour mineurs non accompagn\u00e9s de la plupart des compagnies a\u00e9riennes les obligeront \u00e0 attendre un repr\u00e9sentant. Assurez-vous que votre enfant sait qu&rsquo;il doit attendre qu&rsquo;un repr\u00e9sentant en uniforme l&rsquo;accompagne dans et hors de l&rsquo;avion.<\/p>\n<p>Assurez-vous de pr\u00e9parer l\u2019adulte d\u00e9sign\u00e9 qui rencontrera votre enfant \u00e0 sa destination. Ils devront montrer leur pi\u00e8ce d&rsquo;identit\u00e9 et signer un formulaire de d\u00e9charge indiquant qu&rsquo;ils ont accept\u00e9 la garde de votre enfant.<\/p>\n<h2 id=\"unaccompanied-minor-checklist\">Liste de contr\u00f4le pour les mineurs non accompagn\u00e9s<\/h2>\n<p>Comme nous l&rsquo;avons mentionn\u00e9 ci-dessus, la compagnie a\u00e9rienne doit fournir une liste de conseils et de rappels pour envoyer votre mineur non accompagn\u00e9 sur son vol. Voici ce que cette liste de contr\u00f4le devrait inclure\u00a0:<\/p>\n<ul>\n<li>\n<p>Notez les num\u00e9ros de t\u00e9l\u00e9phone de votre enfant au cas o\u00f9 il aurait besoin de vous appeler ou d&rsquo;appeler un autre adulte.<\/p>\n<\/li>\n<li>\n<p>Emportez de nombreux divertissements et collations \u00e0 bord.<\/p>\n<\/li>\n<li>\n<p>Chargez compl\u00e8tement tous les appareils \u00e9lectroniques et n&rsquo;oubliez pas d&#8217;emporter des chargeurs et des \u00e9couteurs.<\/p>\n<\/li>\n<li>\n<p>Utilisez un seul petit bagage \u00e0 main (comme un sac \u00e0 dos) pour les jeux, les livres, l&rsquo;argent et les collations.<\/p>\n<\/li>\n<li>\n<p>Attachez une carte d&rsquo;identit\u00e9 et vos coordonn\u00e9es au bagage \u00e0 main ou \u00e0 la veste de votre enfant.<\/p>\n<\/li>\n<li>\n<p>Incluez une enveloppe sp\u00e9ciale dans laquelle ils pourront conserver les documents de voyage importants en s\u00e9curit\u00e9 et \u00e0 port\u00e9e de main pendant leur voyage, notamment les cartes d&#8217;embarquement, les formulaires pour mineurs non accompagn\u00e9s, leur passeport, les billets de r\u00e9cup\u00e9ration des bagages et les re\u00e7us.<\/p>\n<\/li>\n<li>\n<p>Montrez les uniformes de la compagnie a\u00e9rienne \u00e0 l&rsquo;a\u00e9roport. Rappelez \u00e0 votre enfant de demander de l\u2019aide uniquement \u00e0 un membre de l\u2019\u00e9quipe en uniforme.<\/p>\n<\/li>\n<\/ul>\n<h2 id=\"consider-if-your-child-is-personally-ready\"><strong>D\u00e9terminez si votre enfant est personnellement pr\u00eat<\/strong><\/h2>\n<p>La compagnie a\u00e9rienne est pr\u00e9par\u00e9e \u00e0 la logistique d&rsquo;un mineur non accompagn\u00e9. C&rsquo;est \u00e0 vous de peser des facteurs tels que l&rsquo;\u00e2ge, la maturit\u00e9 et le niveau de confort de votre enfant avant de r\u00e9server son vol en solo.<\/p>\n<p>Posez des questions ouvertes \u00e0 votre enfant et donnez-lui l&rsquo;espace n\u00e9cessaire pour exprimer honn\u00eatement ses angoisses. Quelques questions \u00e0 consid\u00e9rer\u00a0:<\/p>\n<ul>\n<li>\n<p>Pensez-vous que votre enfant demanderait de l\u2019aide s\u2019il en a besoin\u00a0? \u00c0 quel point sont-ils timides face aux \u00e9trangers ?<\/p>\n<\/li>\n<li>\n<p>Votre enfant est trop confiant ? Comprennent-ils qu&rsquo;ils ne devraient jamais aller nulle part avec un adulte qui n&rsquo;est pas un accompagnateur en uniforme\u00a0?<\/p>\n<\/li>\n<li>\n<p>Votre enfant a-t-il d\u00e9j\u00e0 pris l&rsquo;avion ? Sauront-ils g\u00e9n\u00e9ralement \u00e0 quoi s\u2019attendre \u00e0 l\u2019a\u00e9roport ?<\/p>\n<\/li>\n<li>\n<p>Votre enfant est-il responsable des objets personnels comme son sac \u00e0 dos\u00a0?<\/p>\n<\/li>\n<li>\n<p>Comment votre enfant a-t-il tendance \u00e0 r\u00e9agir \u00e0 l\u2019anxi\u00e9t\u00e9\u00a0?<\/p>\n<\/li>\n<\/ul>\n<p>En fin de compte, votre d\u00e9cision se r\u00e9sume \u00e0 trouver un \u00e9quilibre entre l\u2019ind\u00e9pendance de votre enfant et sa s\u00e9curit\u00e9. Ayez confiance en leur capacit\u00e9 \u00e0 se passer de vous, mais en m\u00eame temps, assurez-vous qu&rsquo;ils sachent qu&rsquo;ils peuvent freiner \u00e0 tout moment s&rsquo;ils d\u00e9cident qu&rsquo;ils ne sont pas pr\u00eats.<\/p>\n","protected":false},"excerpt":{"rendered":"<p>Parce que voler seul en tant qu\u2019adulte n\u2019est pas suffisamment anxiog\u00e8ne. Bien que voyager en avion avec de jeunes enfants ne soit pas une promenade<\/p>\n","protected":false},"author":1,"featured_media":2738,"comment_status":"","ping_status":"","sticky":false,"template":"","format":"standard","meta":{"footnotes":""},"categories":[37],"tags":[44,295,774,81,610,702,1236,938,8],"class_list":["post-2737","post","type-post","status-publish","format-standard","has-post-thumbnail","hentry","category-famille","tag-comment","tag-enfant","tag-fois","tag-pour","tag-premiere","tag-preparer","tag-seul","tag-voler","tag-votre","generate-columns","tablet-grid-50","mobile-grid-100","grid-parent","grid-33"],"yoast_head":"<!-- This site is optimized with the Yoast SEO plugin v24.0 - https:\/\/yoast.com\/wordpress\/plugins\/seo\/ -->\n<title>Comment pr\u00e9parer votre enfant \u00e0 voler seul pour la premi\u00e8re fois | Vie Associative<\/title>\n<meta name=\"robots\" content=\"index, follow, max-snippet:-1, max-image-preview:large, max-video-preview:-1\" \/>\n<link rel=\"canonical\" href=\"https:\/\/vieassociative.be\/actualites\/comment-preparer-votre-enfant-a-voler-seul-pour-la-premiere-fois\/\" \/>\n<meta property=\"og:locale\" content=\"fr_FR\" \/>\n<meta property=\"og:type\" content=\"article\" \/>\n<meta property=\"og:title\" content=\"Comment pr\u00e9parer votre enfant \u00e0 voler seul pour la premi\u00e8re fois | Vie Associative\" \/>\n<meta property=\"og:description\" content=\"Parce que voler seul en tant qu\u2019adulte n\u2019est pas suffisamment anxiog\u00e8ne. Bien que voyager en avion avec de jeunes enfants ne soit pas une promenade\" \/>\n<meta property=\"og:url\" content=\"https:\/\/vieassociative.be\/actualites\/comment-preparer-votre-enfant-a-voler-seul-pour-la-premiere-fois\/\" \/>\n<meta property=\"og:site_name\" content=\"Vie Associative\" \/>\n<meta property=\"article:published_time\" content=\"2024-11-24T23:17:55+00:00\" \/>\n<meta property=\"og:image\" content=\"https:\/\/vieassociative.be\/actualites\/wp-content\/uploads\/2024\/09\/header_backgroundk-01-e1726694325946.png\" \/>\n\t<meta property=\"og:image:width\" content=\"279\" \/>\n\t<meta property=\"og:image:height\" content=\"92\" \/>\n\t<meta property=\"og:image:type\" content=\"image\/png\" \/>\n<meta name=\"author\" content=\"Julien\" \/>\n<meta name=\"twitter:card\" content=\"summary_large_image\" \/>\n<meta name=\"twitter:label1\" content=\"\u00c9crit par\" \/>\n\t<meta name=\"twitter:data1\" content=\"Julien\" \/>\n\t<meta name=\"twitter:label2\" content=\"Dur\u00e9e de lecture est.\" \/>\n\t<meta name=\"twitter:data2\" content=\"5 minutes\" \/>\n<script type=\"application\/ld+json\" class=\"yoast-schema-graph\">{\"@context\":\"https:\/\/schema.org\",\"@graph\":[{\"@type\":\"Article\",\"@id\":\"https:\/\/vieassociative.be\/actualites\/comment-preparer-votre-enfant-a-voler-seul-pour-la-premiere-fois\/#article\",\"isPartOf\":{\"@id\":\"https:\/\/vieassociative.be\/actualites\/comment-preparer-votre-enfant-a-voler-seul-pour-la-premiere-fois\/\"},\"author\":{\"name\":\"Julien\",\"@id\":\"https:\/\/vieassociative.be\/actualites\/#\/schema\/person\/b87ac4f82f9d4e7b7cec7395b679edc4\"},\"headline\":\"Comment pr\u00e9parer votre enfant \u00e0 voler seul pour la premi\u00e8re fois\",\"datePublished\":\"2024-11-24T23:17:55+00:00\",\"dateModified\":\"2024-11-24T23:17:55+00:00\",\"mainEntityOfPage\":{\"@id\":\"https:\/\/vieassociative.be\/actualites\/comment-preparer-votre-enfant-a-voler-seul-pour-la-premiere-fois\/\"},\"wordCount\":1072,\"publisher\":{\"@id\":\"https:\/\/vieassociative.be\/actualites\/#organization\"},\"image\":{\"@id\":\"https:\/\/vieassociative.be\/actualites\/comment-preparer-votre-enfant-a-voler-seul-pour-la-premiere-fois\/#primaryimage\"},\"thumbnailUrl\":\"https:\/\/vieassociative.be\/actualites\/wp-content\/uploads\/2024\/11\/Comment-preparer-votre-enfant-a-voler-seul-pour-la-premiere.jpg\",\"keywords\":[\"Comment\",\"enfant\",\"fois\",\"pour\",\"premi\u00e8re\",\"pr\u00e9parer\",\"seul\",\"voler\",\"votre\"],\"articleSection\":[\"Famille\"],\"inLanguage\":\"fr-BE\"},{\"@type\":\"WebPage\",\"@id\":\"https:\/\/vieassociative.be\/actualites\/comment-preparer-votre-enfant-a-voler-seul-pour-la-premiere-fois\/\",\"url\":\"https:\/\/vieassociative.be\/actualites\/comment-preparer-votre-enfant-a-voler-seul-pour-la-premiere-fois\/\",\"name\":\"Comment pr\u00e9parer votre enfant \u00e0 voler seul pour la premi\u00e8re fois | Vie Associative\",\"isPartOf\":{\"@id\":\"https:\/\/vieassociative.be\/actualites\/#website\"},\"primaryImageOfPage\":{\"@id\":\"https:\/\/vieassociative.be\/actualites\/comment-preparer-votre-enfant-a-voler-seul-pour-la-premiere-fois\/#primaryimage\"},\"image\":{\"@id\":\"https:\/\/vieassociative.be\/actualites\/comment-preparer-votre-enfant-a-voler-seul-pour-la-premiere-fois\/#primaryimage\"},\"thumbnailUrl\":\"https:\/\/vieassociative.be\/actualites\/wp-content\/uploads\/2024\/11\/Comment-preparer-votre-enfant-a-voler-seul-pour-la-premiere.jpg\",\"datePublished\":\"2024-11-24T23:17:55+00:00\",\"dateModified\":\"2024-11-24T23:17:55+00:00\",\"breadcrumb\":{\"@id\":\"https:\/\/vieassociative.be\/actualites\/comment-preparer-votre-enfant-a-voler-seul-pour-la-premiere-fois\/#breadcrumb\"},\"inLanguage\":\"fr-BE\",\"potentialAction\":[{\"@type\":\"ReadAction\",\"target\":[\"https:\/\/vieassociative.be\/actualites\/comment-preparer-votre-enfant-a-voler-seul-pour-la-premiere-fois\/\"]}]},{\"@type\":\"ImageObject\",\"inLanguage\":\"fr-BE\",\"@id\":\"https:\/\/vieassociative.be\/actualites\/comment-preparer-votre-enfant-a-voler-seul-pour-la-premiere-fois\/#primaryimage\",\"url\":\"https:\/\/vieassociative.be\/actualites\/wp-content\/uploads\/2024\/11\/Comment-preparer-votre-enfant-a-voler-seul-pour-la-premiere.jpg\",\"contentUrl\":\"https:\/\/vieassociative.be\/actualites\/wp-content\/uploads\/2024\/11\/Comment-preparer-votre-enfant-a-voler-seul-pour-la-premiere.jpg\",\"width\":1200,\"height\":675,\"caption\":\"Comment pr\u00e9parer votre enfant \u00e0 voler seul pour la premi\u00e8re fois\"},{\"@type\":\"BreadcrumbList\",\"@id\":\"https:\/\/vieassociative.be\/actualites\/comment-preparer-votre-enfant-a-voler-seul-pour-la-premiere-fois\/#breadcrumb\",\"itemListElement\":[{\"@type\":\"ListItem\",\"position\":1,\"name\":\"Accueil\",\"item\":\"https:\/\/vieassociative.be\/actualites\/\"},{\"@type\":\"ListItem\",\"position\":2,\"name\":\"Comment pr\u00e9parer votre enfant \u00e0 voler seul pour la premi\u00e8re fois\"}]},{\"@type\":\"WebSite\",\"@id\":\"https:\/\/vieassociative.be\/actualites\/#website\",\"url\":\"https:\/\/vieassociative.be\/actualites\/\",\"name\":\"Vie Associative\",\"description\":\"\",\"publisher\":{\"@id\":\"https:\/\/vieassociative.be\/actualites\/#organization\"},\"potentialAction\":[{\"@type\":\"SearchAction\",\"target\":{\"@type\":\"EntryPoint\",\"urlTemplate\":\"https:\/\/vieassociative.be\/actualites\/?s={search_term_string}\"},\"query-input\":{\"@type\":\"PropertyValueSpecification\",\"valueRequired\":true,\"valueName\":\"search_term_string\"}}],\"inLanguage\":\"fr-BE\"},{\"@type\":\"Organization\",\"@id\":\"https:\/\/vieassociative.be\/actualites\/#organization\",\"name\":\"Vie Associative\",\"url\":\"https:\/\/vieassociative.be\/actualites\/\",\"logo\":{\"@type\":\"ImageObject\",\"inLanguage\":\"fr-BE\",\"@id\":\"https:\/\/vieassociative.be\/actualites\/#\/schema\/logo\/image\/\",\"url\":\"https:\/\/vieassociative.be\/actualites\/wp-content\/uploads\/2024\/09\/cropped-vieassociative_favicon.ico.png\",\"contentUrl\":\"https:\/\/vieassociative.be\/actualites\/wp-content\/uploads\/2024\/09\/cropped-vieassociative_favicon.ico.png\",\"width\":512,\"height\":512,\"caption\":\"Vie Associative\"},\"image\":{\"@id\":\"https:\/\/vieassociative.be\/actualites\/#\/schema\/logo\/image\/\"}},{\"@type\":\"Person\",\"@id\":\"https:\/\/vieassociative.be\/actualites\/#\/schema\/person\/b87ac4f82f9d4e7b7cec7395b679edc4\",\"name\":\"Julien\",\"image\":{\"@type\":\"ImageObject\",\"inLanguage\":\"fr-BE\",\"@id\":\"https:\/\/vieassociative.be\/actualites\/#\/schema\/person\/image\/\",\"url\":\"https:\/\/vieassociative.be\/actualites\/wp-content\/uploads\/2024\/09\/vie-associative-1-150x150.jpg\",\"contentUrl\":\"https:\/\/vieassociative.be\/actualites\/wp-content\/uploads\/2024\/09\/vie-associative-1-150x150.jpg\",\"caption\":\"Julien\"},\"description\":\"Je suis Julien, r\u00e9dacteur pour Vie Associative. Passionn\u00e9 par le monde associatif depuis plus de 10 ans, j'ai \u00e0 c\u0153ur de partager des histoires inspirantes et de mettre en lumi\u00e8re les initiatives locales. Mon objectif est de sensibiliser et d'encourager l'engagement communautaire \u00e0 travers mes articles.\",\"sameAs\":[\"https:\/\/vieassociative.be\/\"]}]}<\/script>\n<!-- \/ Yoast SEO plugin. -->","yoast_head_json":{"title":"Comment pr\u00e9parer votre enfant \u00e0 voler seul pour la premi\u00e8re fois | Vie Associative","robots":{"index":"index","follow":"follow","max-snippet":"max-snippet:-1","max-image-preview":"max-image-preview:large","max-video-preview":"max-video-preview:-1"},"canonical":"https:\/\/vieassociative.be\/actualites\/comment-preparer-votre-enfant-a-voler-seul-pour-la-premiere-fois\/","og_locale":"fr_FR","og_type":"article","og_title":"Comment pr\u00e9parer votre enfant \u00e0 voler seul pour la premi\u00e8re fois | Vie Associative","og_description":"Parce que voler seul en tant qu\u2019adulte n\u2019est pas suffisamment anxiog\u00e8ne. Bien que voyager en avion avec de jeunes enfants ne soit pas une promenade","og_url":"https:\/\/vieassociative.be\/actualites\/comment-preparer-votre-enfant-a-voler-seul-pour-la-premiere-fois\/","og_site_name":"Vie Associative","article_published_time":"2024-11-24T23:17:55+00:00","og_image":[{"width":279,"height":92,"url":"https:\/\/vieassociative.be\/actualites\/wp-content\/uploads\/2024\/09\/header_backgroundk-01-e1726694325946.png","type":"image\/png"}],"author":"Julien","twitter_card":"summary_large_image","twitter_misc":{"\u00c9crit par":"Julien","Dur\u00e9e de lecture est.":"5 minutes"},"schema":{"@context":"https:\/\/schema.org","@graph":[{"@type":"Article","@id":"https:\/\/vieassociative.be\/actualites\/comment-preparer-votre-enfant-a-voler-seul-pour-la-premiere-fois\/#article","isPartOf":{"@id":"https:\/\/vieassociative.be\/actualites\/comment-preparer-votre-enfant-a-voler-seul-pour-la-premiere-fois\/"},"author":{"name":"Julien","@id":"https:\/\/vieassociative.be\/actualites\/#\/schema\/person\/b87ac4f82f9d4e7b7cec7395b679edc4"},"headline":"Comment pr\u00e9parer votre enfant \u00e0 voler seul pour la premi\u00e8re fois","datePublished":"2024-11-24T23:17:55+00:00","dateModified":"2024-11-24T23:17:55+00:00","mainEntityOfPage":{"@id":"https:\/\/vieassociative.be\/actualites\/comment-preparer-votre-enfant-a-voler-seul-pour-la-premiere-fois\/"},"wordCount":1072,"publisher":{"@id":"https:\/\/vieassociative.be\/actualites\/#organization"},"image":{"@id":"https:\/\/vieassociative.be\/actualites\/comment-preparer-votre-enfant-a-voler-seul-pour-la-premiere-fois\/#primaryimage"},"thumbnailUrl":"https:\/\/vieassociative.be\/actualites\/wp-content\/uploads\/2024\/11\/Comment-preparer-votre-enfant-a-voler-seul-pour-la-premiere.jpg","keywords":["Comment","enfant","fois","pour","premi\u00e8re","pr\u00e9parer","seul","voler","votre"],"articleSection":["Famille"],"inLanguage":"fr-BE"},{"@type":"WebPage","@id":"https:\/\/vieassociative.be\/actualites\/comment-preparer-votre-enfant-a-voler-seul-pour-la-premiere-fois\/","url":"https:\/\/vieassociative.be\/actualites\/comment-preparer-votre-enfant-a-voler-seul-pour-la-premiere-fois\/","name":"Comment pr\u00e9parer votre enfant \u00e0 voler seul pour la premi\u00e8re fois | Vie Associative","isPartOf":{"@id":"https:\/\/vieassociative.be\/actualites\/#website"},"primaryImageOfPage":{"@id":"https:\/\/vieassociative.be\/actualites\/comment-preparer-votre-enfant-a-voler-seul-pour-la-premiere-fois\/#primaryimage"},"image":{"@id":"https:\/\/vieassociative.be\/actualites\/comment-preparer-votre-enfant-a-voler-seul-pour-la-premiere-fois\/#primaryimage"},"thumbnailUrl":"https:\/\/vieassociative.be\/actualites\/wp-content\/uploads\/2024\/11\/Comment-preparer-votre-enfant-a-voler-seul-pour-la-premiere.jpg","datePublished":"2024-11-24T23:17:55+00:00","dateModified":"2024-11-24T23:17:55+00:00","breadcrumb":{"@id":"https:\/\/vieassociative.be\/actualites\/comment-preparer-votre-enfant-a-voler-seul-pour-la-premiere-fois\/#breadcrumb"},"inLanguage":"fr-BE","potentialAction":[{"@type":"ReadAction","target":["https:\/\/vieassociative.be\/actualites\/comment-preparer-votre-enfant-a-voler-seul-pour-la-premiere-fois\/"]}]},{"@type":"ImageObject","inLanguage":"fr-BE","@id":"https:\/\/vieassociative.be\/actualites\/comment-preparer-votre-enfant-a-voler-seul-pour-la-premiere-fois\/#primaryimage","url":"https:\/\/vieassociative.be\/actualites\/wp-content\/uploads\/2024\/11\/Comment-preparer-votre-enfant-a-voler-seul-pour-la-premiere.jpg","contentUrl":"https:\/\/vieassociative.be\/actualites\/wp-content\/uploads\/2024\/11\/Comment-preparer-votre-enfant-a-voler-seul-pour-la-premiere.jpg","width":1200,"height":675,"caption":"Comment pr\u00e9parer votre enfant \u00e0 voler seul pour la premi\u00e8re fois"},{"@type":"BreadcrumbList","@id":"https:\/\/vieassociative.be\/actualites\/comment-preparer-votre-enfant-a-voler-seul-pour-la-premiere-fois\/#breadcrumb","itemListElement":[{"@type":"ListItem","position":1,"name":"Accueil","item":"https:\/\/vieassociative.be\/actualites\/"},{"@type":"ListItem","position":2,"name":"Comment pr\u00e9parer votre enfant \u00e0 voler seul pour la premi\u00e8re fois"}]},{"@type":"WebSite","@id":"https:\/\/vieassociative.be\/actualites\/#website","url":"https:\/\/vieassociative.be\/actualites\/","name":"Vie Associative","description":"","publisher":{"@id":"https:\/\/vieassociative.be\/actualites\/#organization"},"potentialAction":[{"@type":"SearchAction","target":{"@type":"EntryPoint","urlTemplate":"https:\/\/vieassociative.be\/actualites\/?s={search_term_string}"},"query-input":{"@type":"PropertyValueSpecification","valueRequired":true,"valueName":"search_term_string"}}],"inLanguage":"fr-BE"},{"@type":"Organization","@id":"https:\/\/vieassociative.be\/actualites\/#organization","name":"Vie Associative","url":"https:\/\/vieassociative.be\/actualites\/","logo":{"@type":"ImageObject","inLanguage":"fr-BE","@id":"https:\/\/vieassociative.be\/actualites\/#\/schema\/logo\/image\/","url":"https:\/\/vieassociative.be\/actualites\/wp-content\/uploads\/2024\/09\/cropped-vieassociative_favicon.ico.png","contentUrl":"https:\/\/vieassociative.be\/actualites\/wp-content\/uploads\/2024\/09\/cropped-vieassociative_favicon.ico.png","width":512,"height":512,"caption":"Vie Associative"},"image":{"@id":"https:\/\/vieassociative.be\/actualites\/#\/schema\/logo\/image\/"}},{"@type":"Person","@id":"https:\/\/vieassociative.be\/actualites\/#\/schema\/person\/b87ac4f82f9d4e7b7cec7395b679edc4","name":"Julien","image":{"@type":"ImageObject","inLanguage":"fr-BE","@id":"https:\/\/vieassociative.be\/actualites\/#\/schema\/person\/image\/","url":"https:\/\/vieassociative.be\/actualites\/wp-content\/uploads\/2024\/09\/vie-associative-1-150x150.jpg","contentUrl":"https:\/\/vieassociative.be\/actualites\/wp-content\/uploads\/2024\/09\/vie-associative-1-150x150.jpg","caption":"Julien"},"description":"Je suis Julien, r\u00e9dacteur pour Vie Associative. Passionn\u00e9 par le monde associatif depuis plus de 10 ans, j'ai \u00e0 c\u0153ur de partager des histoires inspirantes et de mettre en lumi\u00e8re les initiatives locales. Mon objectif est de sensibiliser et d'encourager l'engagement communautaire \u00e0 travers mes articles.","sameAs":["https:\/\/vieassociative.be\/"]}]}},"_links":{"self":[{"href":"https:\/\/vieassociative.be\/actualites\/wp-json\/wp\/v2\/posts\/2737"}],"collection":[{"href":"https:\/\/vieassociative.be\/actualites\/wp-json\/wp\/v2\/posts"}],"about":[{"href":"https:\/\/vieassociative.be\/actualites\/wp-json\/wp\/v2\/types\/post"}],"author":[{"embeddable":true,"href":"https:\/\/vieassociative.be\/actualites\/wp-json\/wp\/v2\/users\/1"}],"replies":[{"embeddable":true,"href":"https:\/\/vieassociative.be\/actualites\/wp-json\/wp\/v2\/comments?post=2737"}],"version-history":[{"count":0,"href":"https:\/\/vieassociative.be\/actualites\/wp-json\/wp\/v2\/posts\/2737\/revisions"}],"wp:featuredmedia":[{"embeddable":true,"href":"https:\/\/vieassociative.be\/actualites\/wp-json\/wp\/v2\/media\/2738"}],"wp:attachment":[{"href":"https:\/\/vieassociative.be\/actualites\/wp-json\/wp\/v2\/media?parent=2737"}],"wp:term":[{"taxonomy":"category","embeddable":true,"href":"https:\/\/vieassociative.be\/actualites\/wp-json\/wp\/v2\/categories?post=2737"},{"taxonomy":"post_tag","embeddable":true,"href":"https:\/\/vieassociative.be\/actualites\/wp-json\/wp\/v2\/tags?post=2737"}],"curies":[{"name":"wp","href":"https:\/\/api.w.org\/{rel}","templated":true}]}}