{"id":2734,"date":"2024-11-24T21:17:16","date_gmt":"2024-11-24T20:17:16","guid":{"rendered":"https:\/\/vieassociative.be\/actualites\/accident-de-la-route-spectaculaire-une-voiture-derape-dans-les-jardins-de-devant-et-percute-un-feu-de-circulation\/"},"modified":"2024-11-24T21:17:16","modified_gmt":"2024-11-24T20:17:16","slug":"accident-de-la-route-spectaculaire-une-voiture-derape-dans-les-jardins-de-devant-et-percute-un-feu-de-circulation","status":"publish","type":"post","link":"https:\/\/vieassociative.be\/actualites\/accident-de-la-route-spectaculaire-une-voiture-derape-dans-les-jardins-de-devant-et-percute-un-feu-de-circulation\/","title":{"rendered":"Accident de la route spectaculaire\u00a0: une voiture d\u00e9rape dans les jardins de devant et percute un feu de circulation"},"content":{"rendered":"<p><strong>La zone de police de Weser-G\u00f6hl a signal\u00e9 dans son rapport du dimanche 24 novembre un accident de la route spectaculaire survenu dans la Herbesthaler Stra\u00dfe \u00e0 Eupen.<\/strong><\/p>\n<p><span id=\"more-402518\"><\/span>Le 24 novembre \u00e0 1h30 du matin, une voiture circulait dans la Herbesthaler Stra\u00dfe \u00e0 Eupen depuis le centre en direction de l&rsquo;autoroute. Au 35 de la Herbesthaler Stra\u00dfe, le pneu gauche du v\u00e9hicule semble avoir heurt\u00e9 le trottoir de l&rsquo;\u00eelot de guidage au milieu de la route. <\/p>\n<p>La voiture d\u00e9rape alors dans le jardin devant la maison num\u00e9ro 39 (haie, portail en fer, poteau, etc. arrach\u00e9s), heurte le c\u00f4t\u00e9 conducteur contre les feux tricolores du d\u00e9p\u00f4t TEC et s&rsquo;arr\u00eate &#8211; \u00e0 33 m\u00e8tres de l&rsquo;\u00eelot guide &#8211; dans le jardin devant la maison num\u00e9ro 41, les voitures gar\u00e9es des r\u00e9sidents l\u00e0-bas.<\/p>\n<p>Le passager (homme, 24 ans) n&rsquo;a subi que des blessures mineures (douleur \u00e0 la hanche), le conducteur (homme, 24 ans) a d\u00fb \u00eatre \u00e9ject\u00e9 du v\u00e9hicule par les pompiers et souffre de fractures au niveau de la m\u00e2choire. Il est emmen\u00e9 \u00e0 la clinique d&rsquo;Aix-la-Chapelle.<\/p>\n","protected":false},"excerpt":{"rendered":"<p>La zone de police de Weser-G\u00f6hl a signal\u00e9 dans son rapport du dimanche 24 novembre un accident de la route spectaculaire survenu dans la Herbesthaler<\/p>\n","protected":false},"author":1,"featured_media":1939,"comment_status":"","ping_status":"","sticky":false,"template":"","format":"standard","meta":{"footnotes":""},"categories":[298],"tags":[3013,3479,166,3476,2381,2114,3477,14,3478,3474,3475,110,1229],"class_list":["post-2734","post","type-post","status-publish","format-standard","has-post-thumbnail","hentry","category-belgique","tag-accident","tag-circulation","tag-dans","tag-derape","tag-devant","tag-feu","tag-jardins","tag-les","tag-percute","tag-route","tag-spectaculaire","tag-une","tag-voiture","generate-columns","tablet-grid-50","mobile-grid-100","grid-parent","grid-33"],"yoast_head":"<!-- This site is optimized with the Yoast SEO plugin v24.0 - https:\/\/yoast.com\/wordpress\/plugins\/seo\/ -->\n<title>Accident de la route spectaculaire\u00a0: une voiture d\u00e9rape dans les jardins de devant et percute un feu de circulation | Vie Associative<\/title>\n<meta name=\"robots\" content=\"index, follow, max-snippet:-1, max-image-preview:large, max-video-preview:-1\" \/>\n<link rel=\"canonical\" href=\"https:\/\/vieassociative.be\/actualites\/accident-de-la-route-spectaculaire-une-voiture-derape-dans-les-jardins-de-devant-et-percute-un-feu-de-circulation\/\" \/>\n<meta property=\"og:locale\" content=\"fr_FR\" \/>\n<meta property=\"og:type\" content=\"article\" \/>\n<meta property=\"og:title\" content=\"Accident de la route spectaculaire\u00a0: une voiture d\u00e9rape dans les jardins de devant et percute un feu de circulation | Vie Associative\" \/>\n<meta property=\"og:description\" content=\"La zone de police de Weser-G\u00f6hl a signal\u00e9 dans son rapport du dimanche 24 novembre un accident de la route spectaculaire survenu dans la Herbesthaler\" \/>\n<meta property=\"og:url\" content=\"https:\/\/vieassociative.be\/actualites\/accident-de-la-route-spectaculaire-une-voiture-derape-dans-les-jardins-de-devant-et-percute-un-feu-de-circulation\/\" \/>\n<meta property=\"og:site_name\" content=\"Vie Associative\" \/>\n<meta property=\"article:published_time\" content=\"2024-11-24T20:17:16+00:00\" \/>\n<meta property=\"og:image\" content=\"https:\/\/vieassociative.be\/actualites\/wp-content\/uploads\/2024\/09\/header_backgroundk-01-e1726694325946.png\" \/>\n\t<meta property=\"og:image:width\" content=\"279\" \/>\n\t<meta property=\"og:image:height\" content=\"92\" \/>\n\t<meta property=\"og:image:type\" content=\"image\/png\" \/>\n<meta name=\"author\" content=\"Julien\" \/>\n<meta name=\"twitter:card\" content=\"summary_large_image\" \/>\n<meta name=\"twitter:label1\" content=\"\u00c9crit par\" \/>\n\t<meta name=\"twitter:data1\" content=\"Julien\" \/>\n\t<meta name=\"twitter:label2\" content=\"Dur\u00e9e de lecture est.\" \/>\n\t<meta name=\"twitter:data2\" content=\"1 minute\" \/>\n<script type=\"application\/ld+json\" class=\"yoast-schema-graph\">{\"@context\":\"https:\/\/schema.org\",\"@graph\":[{\"@type\":\"Article\",\"@id\":\"https:\/\/vieassociative.be\/actualites\/accident-de-la-route-spectaculaire-une-voiture-derape-dans-les-jardins-de-devant-et-percute-un-feu-de-circulation\/#article\",\"isPartOf\":{\"@id\":\"https:\/\/vieassociative.be\/actualites\/accident-de-la-route-spectaculaire-une-voiture-derape-dans-les-jardins-de-devant-et-percute-un-feu-de-circulation\/\"},\"author\":{\"name\":\"Julien\",\"@id\":\"https:\/\/vieassociative.be\/actualites\/#\/schema\/person\/b87ac4f82f9d4e7b7cec7395b679edc4\"},\"headline\":\"Accident de la route spectaculaire\u00a0: une voiture d\u00e9rape dans les jardins de devant et percute un feu de circulation\",\"datePublished\":\"2024-11-24T20:17:16+00:00\",\"dateModified\":\"2024-11-24T20:17:16+00:00\",\"mainEntityOfPage\":{\"@id\":\"https:\/\/vieassociative.be\/actualites\/accident-de-la-route-spectaculaire-une-voiture-derape-dans-les-jardins-de-devant-et-percute-un-feu-de-circulation\/\"},\"wordCount\":206,\"publisher\":{\"@id\":\"https:\/\/vieassociative.be\/actualites\/#organization\"},\"image\":{\"@id\":\"https:\/\/vieassociative.be\/actualites\/accident-de-la-route-spectaculaire-une-voiture-derape-dans-les-jardins-de-devant-et-percute-un-feu-de-circulation\/#primaryimage\"},\"thumbnailUrl\":\"https:\/\/vieassociative.be\/actualites\/wp-content\/uploads\/2024\/11\/Raeren-Le-conducteur-tombe-dans-un-micro-sommeil-a-midi.jpeg\",\"keywords\":[\"accident\",\"circulation\",\"dans\",\"d\u00e9rape\",\"devant\",\"feu\",\"jardins\",\"Les\",\"percute\",\"route\",\"spectaculaire\",\"une\",\"voiture\"],\"articleSection\":[\"Belgique\"],\"inLanguage\":\"fr-BE\"},{\"@type\":\"WebPage\",\"@id\":\"https:\/\/vieassociative.be\/actualites\/accident-de-la-route-spectaculaire-une-voiture-derape-dans-les-jardins-de-devant-et-percute-un-feu-de-circulation\/\",\"url\":\"https:\/\/vieassociative.be\/actualites\/accident-de-la-route-spectaculaire-une-voiture-derape-dans-les-jardins-de-devant-et-percute-un-feu-de-circulation\/\",\"name\":\"Accident de la route spectaculaire\u00a0: une voiture d\u00e9rape dans les jardins de devant et percute un feu de circulation | Vie Associative\",\"isPartOf\":{\"@id\":\"https:\/\/vieassociative.be\/actualites\/#website\"},\"primaryImageOfPage\":{\"@id\":\"https:\/\/vieassociative.be\/actualites\/accident-de-la-route-spectaculaire-une-voiture-derape-dans-les-jardins-de-devant-et-percute-un-feu-de-circulation\/#primaryimage\"},\"image\":{\"@id\":\"https:\/\/vieassociative.be\/actualites\/accident-de-la-route-spectaculaire-une-voiture-derape-dans-les-jardins-de-devant-et-percute-un-feu-de-circulation\/#primaryimage\"},\"thumbnailUrl\":\"https:\/\/vieassociative.be\/actualites\/wp-content\/uploads\/2024\/11\/Raeren-Le-conducteur-tombe-dans-un-micro-sommeil-a-midi.jpeg\",\"datePublished\":\"2024-11-24T20:17:16+00:00\",\"dateModified\":\"2024-11-24T20:17:16+00:00\",\"breadcrumb\":{\"@id\":\"https:\/\/vieassociative.be\/actualites\/accident-de-la-route-spectaculaire-une-voiture-derape-dans-les-jardins-de-devant-et-percute-un-feu-de-circulation\/#breadcrumb\"},\"inLanguage\":\"fr-BE\",\"potentialAction\":[{\"@type\":\"ReadAction\",\"target\":[\"https:\/\/vieassociative.be\/actualites\/accident-de-la-route-spectaculaire-une-voiture-derape-dans-les-jardins-de-devant-et-percute-un-feu-de-circulation\/\"]}]},{\"@type\":\"ImageObject\",\"inLanguage\":\"fr-BE\",\"@id\":\"https:\/\/vieassociative.be\/actualites\/accident-de-la-route-spectaculaire-une-voiture-derape-dans-les-jardins-de-devant-et-percute-un-feu-de-circulation\/#primaryimage\",\"url\":\"https:\/\/vieassociative.be\/actualites\/wp-content\/uploads\/2024\/11\/Raeren-Le-conducteur-tombe-dans-un-micro-sommeil-a-midi.jpeg\",\"contentUrl\":\"https:\/\/vieassociative.be\/actualites\/wp-content\/uploads\/2024\/11\/Raeren-Le-conducteur-tombe-dans-un-micro-sommeil-a-midi.jpeg\",\"width\":1200,\"height\":800,\"caption\":\"Raeren : Le conducteur tombe dans un micro-sommeil \u00e0 midi\"},{\"@type\":\"BreadcrumbList\",\"@id\":\"https:\/\/vieassociative.be\/actualites\/accident-de-la-route-spectaculaire-une-voiture-derape-dans-les-jardins-de-devant-et-percute-un-feu-de-circulation\/#breadcrumb\",\"itemListElement\":[{\"@type\":\"ListItem\",\"position\":1,\"name\":\"Accueil\",\"item\":\"https:\/\/vieassociative.be\/actualites\/\"},{\"@type\":\"ListItem\",\"position\":2,\"name\":\"Accident de la route spectaculaire\u00a0: une voiture d\u00e9rape dans les jardins de devant et percute un feu de circulation\"}]},{\"@type\":\"WebSite\",\"@id\":\"https:\/\/vieassociative.be\/actualites\/#website\",\"url\":\"https:\/\/vieassociative.be\/actualites\/\",\"name\":\"Vie Associative\",\"description\":\"\",\"publisher\":{\"@id\":\"https:\/\/vieassociative.be\/actualites\/#organization\"},\"potentialAction\":[{\"@type\":\"SearchAction\",\"target\":{\"@type\":\"EntryPoint\",\"urlTemplate\":\"https:\/\/vieassociative.be\/actualites\/?s={search_term_string}\"},\"query-input\":{\"@type\":\"PropertyValueSpecification\",\"valueRequired\":true,\"valueName\":\"search_term_string\"}}],\"inLanguage\":\"fr-BE\"},{\"@type\":\"Organization\",\"@id\":\"https:\/\/vieassociative.be\/actualites\/#organization\",\"name\":\"Vie Associative\",\"url\":\"https:\/\/vieassociative.be\/actualites\/\",\"logo\":{\"@type\":\"ImageObject\",\"inLanguage\":\"fr-BE\",\"@id\":\"https:\/\/vieassociative.be\/actualites\/#\/schema\/logo\/image\/\",\"url\":\"https:\/\/vieassociative.be\/actualites\/wp-content\/uploads\/2024\/09\/cropped-vieassociative_favicon.ico.png\",\"contentUrl\":\"https:\/\/vieassociative.be\/actualites\/wp-content\/uploads\/2024\/09\/cropped-vieassociative_favicon.ico.png\",\"width\":512,\"height\":512,\"caption\":\"Vie Associative\"},\"image\":{\"@id\":\"https:\/\/vieassociative.be\/actualites\/#\/schema\/logo\/image\/\"}},{\"@type\":\"Person\",\"@id\":\"https:\/\/vieassociative.be\/actualites\/#\/schema\/person\/b87ac4f82f9d4e7b7cec7395b679edc4\",\"name\":\"Julien\",\"image\":{\"@type\":\"ImageObject\",\"inLanguage\":\"fr-BE\",\"@id\":\"https:\/\/vieassociative.be\/actualites\/#\/schema\/person\/image\/\",\"url\":\"https:\/\/vieassociative.be\/actualites\/wp-content\/uploads\/2024\/09\/vie-associative-1-150x150.jpg\",\"contentUrl\":\"https:\/\/vieassociative.be\/actualites\/wp-content\/uploads\/2024\/09\/vie-associative-1-150x150.jpg\",\"caption\":\"Julien\"},\"description\":\"Je suis Julien, r\u00e9dacteur pour Vie Associative. Passionn\u00e9 par le monde associatif depuis plus de 10 ans, j'ai \u00e0 c\u0153ur de partager des histoires inspirantes et de mettre en lumi\u00e8re les initiatives locales. Mon objectif est de sensibiliser et d'encourager l'engagement communautaire \u00e0 travers mes articles.\",\"sameAs\":[\"https:\/\/vieassociative.be\/\"]}]}<\/script>\n<!-- \/ Yoast SEO plugin. -->","yoast_head_json":{"title":"Accident de la route spectaculaire\u00a0: une voiture d\u00e9rape dans les jardins de devant et percute un feu de circulation | Vie Associative","robots":{"index":"index","follow":"follow","max-snippet":"max-snippet:-1","max-image-preview":"max-image-preview:large","max-video-preview":"max-video-preview:-1"},"canonical":"https:\/\/vieassociative.be\/actualites\/accident-de-la-route-spectaculaire-une-voiture-derape-dans-les-jardins-de-devant-et-percute-un-feu-de-circulation\/","og_locale":"fr_FR","og_type":"article","og_title":"Accident de la route spectaculaire\u00a0: une voiture d\u00e9rape dans les jardins de devant et percute un feu de circulation | Vie Associative","og_description":"La zone de police de Weser-G\u00f6hl a signal\u00e9 dans son rapport du dimanche 24 novembre un accident de la route spectaculaire survenu dans la Herbesthaler","og_url":"https:\/\/vieassociative.be\/actualites\/accident-de-la-route-spectaculaire-une-voiture-derape-dans-les-jardins-de-devant-et-percute-un-feu-de-circulation\/","og_site_name":"Vie Associative","article_published_time":"2024-11-24T20:17:16+00:00","og_image":[{"width":279,"height":92,"url":"https:\/\/vieassociative.be\/actualites\/wp-content\/uploads\/2024\/09\/header_backgroundk-01-e1726694325946.png","type":"image\/png"}],"author":"Julien","twitter_card":"summary_large_image","twitter_misc":{"\u00c9crit par":"Julien","Dur\u00e9e de lecture est.":"1 minute"},"schema":{"@context":"https:\/\/schema.org","@graph":[{"@type":"Article","@id":"https:\/\/vieassociative.be\/actualites\/accident-de-la-route-spectaculaire-une-voiture-derape-dans-les-jardins-de-devant-et-percute-un-feu-de-circulation\/#article","isPartOf":{"@id":"https:\/\/vieassociative.be\/actualites\/accident-de-la-route-spectaculaire-une-voiture-derape-dans-les-jardins-de-devant-et-percute-un-feu-de-circulation\/"},"author":{"name":"Julien","@id":"https:\/\/vieassociative.be\/actualites\/#\/schema\/person\/b87ac4f82f9d4e7b7cec7395b679edc4"},"headline":"Accident de la route spectaculaire\u00a0: une voiture d\u00e9rape dans les jardins de devant et percute un feu de circulation","datePublished":"2024-11-24T20:17:16+00:00","dateModified":"2024-11-24T20:17:16+00:00","mainEntityOfPage":{"@id":"https:\/\/vieassociative.be\/actualites\/accident-de-la-route-spectaculaire-une-voiture-derape-dans-les-jardins-de-devant-et-percute-un-feu-de-circulation\/"},"wordCount":206,"publisher":{"@id":"https:\/\/vieassociative.be\/actualites\/#organization"},"image":{"@id":"https:\/\/vieassociative.be\/actualites\/accident-de-la-route-spectaculaire-une-voiture-derape-dans-les-jardins-de-devant-et-percute-un-feu-de-circulation\/#primaryimage"},"thumbnailUrl":"https:\/\/vieassociative.be\/actualites\/wp-content\/uploads\/2024\/11\/Raeren-Le-conducteur-tombe-dans-un-micro-sommeil-a-midi.jpeg","keywords":["accident","circulation","dans","d\u00e9rape","devant","feu","jardins","Les","percute","route","spectaculaire","une","voiture"],"articleSection":["Belgique"],"inLanguage":"fr-BE"},{"@type":"WebPage","@id":"https:\/\/vieassociative.be\/actualites\/accident-de-la-route-spectaculaire-une-voiture-derape-dans-les-jardins-de-devant-et-percute-un-feu-de-circulation\/","url":"https:\/\/vieassociative.be\/actualites\/accident-de-la-route-spectaculaire-une-voiture-derape-dans-les-jardins-de-devant-et-percute-un-feu-de-circulation\/","name":"Accident de la route spectaculaire\u00a0: une voiture d\u00e9rape dans les jardins de devant et percute un feu de circulation | Vie Associative","isPartOf":{"@id":"https:\/\/vieassociative.be\/actualites\/#website"},"primaryImageOfPage":{"@id":"https:\/\/vieassociative.be\/actualites\/accident-de-la-route-spectaculaire-une-voiture-derape-dans-les-jardins-de-devant-et-percute-un-feu-de-circulation\/#primaryimage"},"image":{"@id":"https:\/\/vieassociative.be\/actualites\/accident-de-la-route-spectaculaire-une-voiture-derape-dans-les-jardins-de-devant-et-percute-un-feu-de-circulation\/#primaryimage"},"thumbnailUrl":"https:\/\/vieassociative.be\/actualites\/wp-content\/uploads\/2024\/11\/Raeren-Le-conducteur-tombe-dans-un-micro-sommeil-a-midi.jpeg","datePublished":"2024-11-24T20:17:16+00:00","dateModified":"2024-11-24T20:17:16+00:00","breadcrumb":{"@id":"https:\/\/vieassociative.be\/actualites\/accident-de-la-route-spectaculaire-une-voiture-derape-dans-les-jardins-de-devant-et-percute-un-feu-de-circulation\/#breadcrumb"},"inLanguage":"fr-BE","potentialAction":[{"@type":"ReadAction","target":["https:\/\/vieassociative.be\/actualites\/accident-de-la-route-spectaculaire-une-voiture-derape-dans-les-jardins-de-devant-et-percute-un-feu-de-circulation\/"]}]},{"@type":"ImageObject","inLanguage":"fr-BE","@id":"https:\/\/vieassociative.be\/actualites\/accident-de-la-route-spectaculaire-une-voiture-derape-dans-les-jardins-de-devant-et-percute-un-feu-de-circulation\/#primaryimage","url":"https:\/\/vieassociative.be\/actualites\/wp-content\/uploads\/2024\/11\/Raeren-Le-conducteur-tombe-dans-un-micro-sommeil-a-midi.jpeg","contentUrl":"https:\/\/vieassociative.be\/actualites\/wp-content\/uploads\/2024\/11\/Raeren-Le-conducteur-tombe-dans-un-micro-sommeil-a-midi.jpeg","width":1200,"height":800,"caption":"Raeren : Le conducteur tombe dans un micro-sommeil \u00e0 midi"},{"@type":"BreadcrumbList","@id":"https:\/\/vieassociative.be\/actualites\/accident-de-la-route-spectaculaire-une-voiture-derape-dans-les-jardins-de-devant-et-percute-un-feu-de-circulation\/#breadcrumb","itemListElement":[{"@type":"ListItem","position":1,"name":"Accueil","item":"https:\/\/vieassociative.be\/actualites\/"},{"@type":"ListItem","position":2,"name":"Accident de la route spectaculaire\u00a0: une voiture d\u00e9rape dans les jardins de devant et percute un feu de circulation"}]},{"@type":"WebSite","@id":"https:\/\/vieassociative.be\/actualites\/#website","url":"https:\/\/vieassociative.be\/actualites\/","name":"Vie Associative","description":"","publisher":{"@id":"https:\/\/vieassociative.be\/actualites\/#organization"},"potentialAction":[{"@type":"SearchAction","target":{"@type":"EntryPoint","urlTemplate":"https:\/\/vieassociative.be\/actualites\/?s={search_term_string}"},"query-input":{"@type":"PropertyValueSpecification","valueRequired":true,"valueName":"search_term_string"}}],"inLanguage":"fr-BE"},{"@type":"Organization","@id":"https:\/\/vieassociative.be\/actualites\/#organization","name":"Vie Associative","url":"https:\/\/vieassociative.be\/actualites\/","logo":{"@type":"ImageObject","inLanguage":"fr-BE","@id":"https:\/\/vieassociative.be\/actualites\/#\/schema\/logo\/image\/","url":"https:\/\/vieassociative.be\/actualites\/wp-content\/uploads\/2024\/09\/cropped-vieassociative_favicon.ico.png","contentUrl":"https:\/\/vieassociative.be\/actualites\/wp-content\/uploads\/2024\/09\/cropped-vieassociative_favicon.ico.png","width":512,"height":512,"caption":"Vie Associative"},"image":{"@id":"https:\/\/vieassociative.be\/actualites\/#\/schema\/logo\/image\/"}},{"@type":"Person","@id":"https:\/\/vieassociative.be\/actualites\/#\/schema\/person\/b87ac4f82f9d4e7b7cec7395b679edc4","name":"Julien","image":{"@type":"ImageObject","inLanguage":"fr-BE","@id":"https:\/\/vieassociative.be\/actualites\/#\/schema\/person\/image\/","url":"https:\/\/vieassociative.be\/actualites\/wp-content\/uploads\/2024\/09\/vie-associative-1-150x150.jpg","contentUrl":"https:\/\/vieassociative.be\/actualites\/wp-content\/uploads\/2024\/09\/vie-associative-1-150x150.jpg","caption":"Julien"},"description":"Je suis Julien, r\u00e9dacteur pour Vie Associative. Passionn\u00e9 par le monde associatif depuis plus de 10 ans, j'ai \u00e0 c\u0153ur de partager des histoires inspirantes et de mettre en lumi\u00e8re les initiatives locales. Mon objectif est de sensibiliser et d'encourager l'engagement communautaire \u00e0 travers mes articles.","sameAs":["https:\/\/vieassociative.be\/"]}]}},"_links":{"self":[{"href":"https:\/\/vieassociative.be\/actualites\/wp-json\/wp\/v2\/posts\/2734"}],"collection":[{"href":"https:\/\/vieassociative.be\/actualites\/wp-json\/wp\/v2\/posts"}],"about":[{"href":"https:\/\/vieassociative.be\/actualites\/wp-json\/wp\/v2\/types\/post"}],"author":[{"embeddable":true,"href":"https:\/\/vieassociative.be\/actualites\/wp-json\/wp\/v2\/users\/1"}],"replies":[{"embeddable":true,"href":"https:\/\/vieassociative.be\/actualites\/wp-json\/wp\/v2\/comments?post=2734"}],"version-history":[{"count":0,"href":"https:\/\/vieassociative.be\/actualites\/wp-json\/wp\/v2\/posts\/2734\/revisions"}],"wp:featuredmedia":[{"embeddable":true,"href":"https:\/\/vieassociative.be\/actualites\/wp-json\/wp\/v2\/media\/1939"}],"wp:attachment":[{"href":"https:\/\/vieassociative.be\/actualites\/wp-json\/wp\/v2\/media?parent=2734"}],"wp:term":[{"taxonomy":"category","embeddable":true,"href":"https:\/\/vieassociative.be\/actualites\/wp-json\/wp\/v2\/categories?post=2734"},{"taxonomy":"post_tag","embeddable":true,"href":"https:\/\/vieassociative.be\/actualites\/wp-json\/wp\/v2\/tags?post=2734"}],"curies":[{"name":"wp","href":"https:\/\/api.w.org\/{rel}","templated":true}]}}