{"id":2732,"date":"2024-11-24T20:17:13","date_gmt":"2024-11-24T19:17:13","guid":{"rendered":"https:\/\/vieassociative.be\/actualites\/je-suis-un-entraineur-personnel-certifie-et-voici-mes-offres-preferees-du-black-friday-sur-les-equipements-de-fitness\/"},"modified":"2024-11-24T20:17:13","modified_gmt":"2024-11-24T19:17:13","slug":"je-suis-un-entraineur-personnel-certifie-et-voici-mes-offres-preferees-du-black-friday-sur-les-equipements-de-fitness","status":"publish","type":"post","link":"https:\/\/vieassociative.be\/actualites\/je-suis-un-entraineur-personnel-certifie-et-voici-mes-offres-preferees-du-black-friday-sur-les-equipements-de-fitness\/","title":{"rendered":"Je suis un entra\u00eeneur personnel certifi\u00e9 et voici mes offres pr\u00e9f\u00e9r\u00e9es du Black Friday sur les \u00e9quipements de fitness"},"content":{"rendered":"<div class=\"mt-4 leading-6 md:mb-8\">Ventes sur Powerblock, Bowflex, Peloton, Theragun, Rogue et plus encore.<\/div>\n<p><\/p>\n<p>Le Black Friday est \u00e0 nos portes \u2013 c&rsquo;est essentiellement une saison enti\u00e8re maintenant, pas seulement un jour \u2013 et les offres arrivent. Je continuerai \u00e0 mettre \u00e0 jour cet article avec les meilleures affaires sur les \u00e9quipements de fitness, mais j&rsquo;ai d\u00e9j\u00e0 trouv\u00e9 une tonne de profondeur des r\u00e9ductions sur les v\u00e9los de spinning, les halt\u00e8res r\u00e9glables et plus encore. <\/p>\n<p>(Cela vaut \u00e9galement la peine de consulter les offres sur les montres Garmin si vous cherchez quelque chose pour suivre vos entra\u00eenements.)<\/p>\n<h2 id=\"deals-on-powerblock-and-bowflex-adjustable-dumbbells\">Offres sur les halt\u00e8res r\u00e9glables Powerblock et Bowflex<\/h2>\n<p>Plusieurs de mes choix pour les meilleurs halt\u00e8res r\u00e9glables sont en vente aujourd\u2019hui. Le Powerblock Elite EXP Stage 1, qui va de 5 \u00e0 50 livres, est en vente au prix de 299 $\/paire sur Amazon, normalement 449 $, ou 199 $ pour un seul, chez Walmart. Ses kits d&rsquo;extension Stage 2 et Stage 3 sont \u00e9galement en vente, tous deux \u00e0 142,90 $, contre 169 $. Chaque kit ajoute 20 livres, donc avec les deux, vous pouvez avoir une paire d&rsquo;halt\u00e8res de 90 livres.<\/p>\n<p>Les Bowflex SelectTech 552 sont en vente au prix de 379 $\/paire, sur un prix catalogue de 549 $. Ils co\u00fbtent parfois un peu moins que le prix catalogue, mais le prix de vente ici est inf\u00e9rieur \u00e0 celui que j&rsquo;ai vu toute l&rsquo;ann\u00e9e. <\/p>\n<h2 id=\"deals-on-peloton-and-nordictrack-spin-bikes\">Offres sur les v\u00e9los de spinning Peloton et NordicTrack<\/h2>\n<p>Peloton a pris l&rsquo;habitude de proposer des offres int\u00e9ressantes sur ses v\u00e9los lors de toutes les grandes f\u00eates de shopping, alors bien s\u00fbr, il y a une belle vente du Black Friday. Le mod\u00e8le de base Bike co\u00fbte 1\u00a0295 $ (contre 1\u00a0445 $) et le plus sophistiqu\u00e9 Bike+ co\u00fbte 1\u00a0995 $ (normalement 2\u00a0495 $). Des deux, le Bike+ est la meilleure vente par rapport aux donn\u00e9es de prix historiques, mais en fin de compte, vous devez choisir en fonction de celui qui correspond le mieux \u00e0 vos besoins. J&rsquo;ai un guide ici pour vous aider \u00e0 choisir entre le Bike et le Bike+. <\/p>\n<p>Peloton n&rsquo;est cependant pas le seul jeu en ville en ce qui concerne les v\u00e9los de spinning haut de gamme. Le cycle de studio commercial de NordicTrack co\u00fbte 1\u00a0274,98 $ (contre 1\u00a0499,99 $) pour le mod\u00e8le S22i. Il a la m\u00eame taille d&rsquo;\u00e9cran que le Peloton Bike, un support pivotant pour l&rsquo;\u00e9cran comme le Bike+ et une r\u00e9sistance automatique comme le Bike+. (Comme les offres de Peloton, il n\u00e9cessite \u00e9galement un abonnement mensuel pour acc\u00e9der \u00e0 ses fonctionnalit\u00e9s num\u00e9riques, mais dans ce cas, vous paierez 39 $\/mois au lieu de 44 $.) <\/p>\n<h2 id=\"deals-on-theragun-and-hyperice-massage-guns\">Offres sur les pistolets de massage Theragun et Hyperice<\/h2>\n<p>Un pistolet de massage est un excellent outil lorsque vous avez envie de recevoir des coups de poing r\u00e9p\u00e9t\u00e9s, mais th\u00e9rapeutiques. (Comme je l&rsquo;ai d\u00e9couvert en en essayant un, je n&rsquo;appr\u00e9cie pas cela, mais beaucoup de gens l&rsquo;appr\u00e9cient.) Certaines grandes marques proposent actuellement des mod\u00e8les en vente. L&rsquo;Hypervolt Go co\u00fbte actuellement 99 $ (normalement 129 $) et il est disponible en blanc et en noir. Et le Theragun Mini triangulaire, normalement \u00e0 199 $, co\u00fbte d\u00e9sormais 149 $ ou 159 $ selon votre pr\u00e9f\u00e9rence de couleur. La rose du d\u00e9sert et le noir sont actuellement les moins chers.<\/p>\n<h2 id=\"deals-on-barbells-dumbbells-and-other-useful-heavy-things\">Offres sur les halt\u00e8res, les halt\u00e8res et autres objets lourds utiles<\/h2>\n<p>Rogue Fitness organise une vente \u00ab Matte Black Novembre \u00bb avec des r\u00e9ductions sur une vari\u00e9t\u00e9 d&rsquo;articles, certains pour une dur\u00e9e limit\u00e9e ou avec un stock limit\u00e9. Une bonne affaire qui a attir\u00e9 mon attention (et qui devrait \u00eatre disponible via le Cyber \u200b\u200b\u200b\u200bMonday) est la barre Bella de 15 kg pour 205 $ (normalement 235 $). Il s&rsquo;agit d&rsquo;une barre olympique de 15 kilogrammes, id\u00e9ale pour tous ceux qui pratiquent le Crossfit ou l&rsquo;halt\u00e9rophilie olympique, surtout si vous concourez dans les divisions f\u00e9minines ou jeunesse. (Et si vous ne comprenez pas pourquoi il existe une barre distincte pour les femmes dans ces sports, j&rsquo;ai toute une explication ici.) <\/p>\n<p>Il existe \u00e9galement des plaques de pare-chocs en vente chez divers d\u00e9taillants, et j&rsquo;aimerais souligner ces pare-chocs de base de 45 livres de GIKPAL. Les pare-chocs sont parfaits pour les lev\u00e9es olympiques, mais aussi pour les soulev\u00e9s de terre ou toute autre chose o\u00f9 vous souhaitez prot\u00e9ger un peu votre sol et vos oreilles. Ceux-ci co\u00fbtent maintenant 116 $ la paire, normalement 179 $. <\/p>\n","protected":false},"excerpt":{"rendered":"<p>Ventes sur Powerblock, Bowflex, Peloton, Theragun, Rogue et plus encore. Le Black Friday est \u00e0 nos portes \u2013 c&rsquo;est essentiellement une saison enti\u00e8re maintenant, pas<\/p>\n","protected":false},"author":1,"featured_media":2733,"comment_status":"","ping_status":"","sticky":false,"template":"","format":"standard","meta":{"footnotes":""},"categories":[38],"tags":[73,3472,930,3473,2703,1255,14,87,345,3471,116,2985,33,529],"class_list":["post-2732","post","type-post","status-publish","format-standard","has-post-thumbnail","hentry","category-sante","tag-black","tag-certifie","tag-entraineur","tag-equipements","tag-fitness","tag-friday","tag-les","tag-mes","tag-offres","tag-personnel","tag-preferees","tag-suis","tag-sur","tag-voici","generate-columns","tablet-grid-50","mobile-grid-100","grid-parent","grid-33"],"yoast_head":"<!-- This site is optimized with the Yoast SEO plugin v24.0 - https:\/\/yoast.com\/wordpress\/plugins\/seo\/ -->\n<title>Je suis un entra\u00eeneur personnel certifi\u00e9 et voici mes offres pr\u00e9f\u00e9r\u00e9es du Black Friday sur les \u00e9quipements de fitness | Vie Associative<\/title>\n<meta name=\"robots\" content=\"index, follow, max-snippet:-1, max-image-preview:large, max-video-preview:-1\" \/>\n<link rel=\"canonical\" href=\"https:\/\/vieassociative.be\/actualites\/je-suis-un-entraineur-personnel-certifie-et-voici-mes-offres-preferees-du-black-friday-sur-les-equipements-de-fitness\/\" \/>\n<meta property=\"og:locale\" content=\"fr_FR\" \/>\n<meta property=\"og:type\" content=\"article\" \/>\n<meta property=\"og:title\" content=\"Je suis un entra\u00eeneur personnel certifi\u00e9 et voici mes offres pr\u00e9f\u00e9r\u00e9es du Black Friday sur les \u00e9quipements de fitness | Vie Associative\" \/>\n<meta property=\"og:description\" content=\"Ventes sur Powerblock, Bowflex, Peloton, Theragun, Rogue et plus encore. Le Black Friday est \u00e0 nos portes \u2013 c&rsquo;est essentiellement une saison enti\u00e8re maintenant, pas\" \/>\n<meta property=\"og:url\" content=\"https:\/\/vieassociative.be\/actualites\/je-suis-un-entraineur-personnel-certifie-et-voici-mes-offres-preferees-du-black-friday-sur-les-equipements-de-fitness\/\" \/>\n<meta property=\"og:site_name\" content=\"Vie Associative\" \/>\n<meta property=\"article:published_time\" content=\"2024-11-24T19:17:13+00:00\" \/>\n<meta property=\"og:image\" content=\"https:\/\/vieassociative.be\/actualites\/wp-content\/uploads\/2024\/09\/header_backgroundk-01-e1726694325946.png\" \/>\n\t<meta property=\"og:image:width\" content=\"279\" \/>\n\t<meta property=\"og:image:height\" content=\"92\" \/>\n\t<meta property=\"og:image:type\" content=\"image\/png\" \/>\n<meta name=\"author\" content=\"Julien\" \/>\n<meta name=\"twitter:card\" content=\"summary_large_image\" \/>\n<meta name=\"twitter:label1\" content=\"\u00c9crit par\" \/>\n\t<meta name=\"twitter:data1\" content=\"Julien\" \/>\n\t<meta name=\"twitter:label2\" content=\"Dur\u00e9e de lecture est.\" \/>\n\t<meta name=\"twitter:data2\" content=\"4 minutes\" \/>\n<script type=\"application\/ld+json\" class=\"yoast-schema-graph\">{\"@context\":\"https:\/\/schema.org\",\"@graph\":[{\"@type\":\"Article\",\"@id\":\"https:\/\/vieassociative.be\/actualites\/je-suis-un-entraineur-personnel-certifie-et-voici-mes-offres-preferees-du-black-friday-sur-les-equipements-de-fitness\/#article\",\"isPartOf\":{\"@id\":\"https:\/\/vieassociative.be\/actualites\/je-suis-un-entraineur-personnel-certifie-et-voici-mes-offres-preferees-du-black-friday-sur-les-equipements-de-fitness\/\"},\"author\":{\"name\":\"Julien\",\"@id\":\"https:\/\/vieassociative.be\/actualites\/#\/schema\/person\/b87ac4f82f9d4e7b7cec7395b679edc4\"},\"headline\":\"Je suis un entra\u00eeneur personnel certifi\u00e9 et voici mes offres pr\u00e9f\u00e9r\u00e9es du Black Friday sur les \u00e9quipements de fitness\",\"datePublished\":\"2024-11-24T19:17:13+00:00\",\"dateModified\":\"2024-11-24T19:17:13+00:00\",\"mainEntityOfPage\":{\"@id\":\"https:\/\/vieassociative.be\/actualites\/je-suis-un-entraineur-personnel-certifie-et-voici-mes-offres-preferees-du-black-friday-sur-les-equipements-de-fitness\/\"},\"wordCount\":762,\"publisher\":{\"@id\":\"https:\/\/vieassociative.be\/actualites\/#organization\"},\"image\":{\"@id\":\"https:\/\/vieassociative.be\/actualites\/je-suis-un-entraineur-personnel-certifie-et-voici-mes-offres-preferees-du-black-friday-sur-les-equipements-de-fitness\/#primaryimage\"},\"thumbnailUrl\":\"https:\/\/vieassociative.be\/actualites\/wp-content\/uploads\/2024\/11\/Je-suis-un-entraineur-personnel-certifie-et-voici-mes-offres.png\",\"keywords\":[\"Black\",\"certifi\u00e9\",\"entra\u00eeneur\",\"\u00e9quipements\",\"fitness\",\"Friday\",\"Les\",\"Mes\",\"offres\",\"personnel\",\"pr\u00e9f\u00e9r\u00e9es\",\"suis\",\"sur\",\"Voici\"],\"articleSection\":[\"Sant\u00e9\"],\"inLanguage\":\"fr-BE\"},{\"@type\":\"WebPage\",\"@id\":\"https:\/\/vieassociative.be\/actualites\/je-suis-un-entraineur-personnel-certifie-et-voici-mes-offres-preferees-du-black-friday-sur-les-equipements-de-fitness\/\",\"url\":\"https:\/\/vieassociative.be\/actualites\/je-suis-un-entraineur-personnel-certifie-et-voici-mes-offres-preferees-du-black-friday-sur-les-equipements-de-fitness\/\",\"name\":\"Je suis un entra\u00eeneur personnel certifi\u00e9 et voici mes offres pr\u00e9f\u00e9r\u00e9es du Black Friday sur les \u00e9quipements de fitness | Vie Associative\",\"isPartOf\":{\"@id\":\"https:\/\/vieassociative.be\/actualites\/#website\"},\"primaryImageOfPage\":{\"@id\":\"https:\/\/vieassociative.be\/actualites\/je-suis-un-entraineur-personnel-certifie-et-voici-mes-offres-preferees-du-black-friday-sur-les-equipements-de-fitness\/#primaryimage\"},\"image\":{\"@id\":\"https:\/\/vieassociative.be\/actualites\/je-suis-un-entraineur-personnel-certifie-et-voici-mes-offres-preferees-du-black-friday-sur-les-equipements-de-fitness\/#primaryimage\"},\"thumbnailUrl\":\"https:\/\/vieassociative.be\/actualites\/wp-content\/uploads\/2024\/11\/Je-suis-un-entraineur-personnel-certifie-et-voici-mes-offres.png\",\"datePublished\":\"2024-11-24T19:17:13+00:00\",\"dateModified\":\"2024-11-24T19:17:13+00:00\",\"breadcrumb\":{\"@id\":\"https:\/\/vieassociative.be\/actualites\/je-suis-un-entraineur-personnel-certifie-et-voici-mes-offres-preferees-du-black-friday-sur-les-equipements-de-fitness\/#breadcrumb\"},\"inLanguage\":\"fr-BE\",\"potentialAction\":[{\"@type\":\"ReadAction\",\"target\":[\"https:\/\/vieassociative.be\/actualites\/je-suis-un-entraineur-personnel-certifie-et-voici-mes-offres-preferees-du-black-friday-sur-les-equipements-de-fitness\/\"]}]},{\"@type\":\"ImageObject\",\"inLanguage\":\"fr-BE\",\"@id\":\"https:\/\/vieassociative.be\/actualites\/je-suis-un-entraineur-personnel-certifie-et-voici-mes-offres-preferees-du-black-friday-sur-les-equipements-de-fitness\/#primaryimage\",\"url\":\"https:\/\/vieassociative.be\/actualites\/wp-content\/uploads\/2024\/11\/Je-suis-un-entraineur-personnel-certifie-et-voici-mes-offres.png\",\"contentUrl\":\"https:\/\/vieassociative.be\/actualites\/wp-content\/uploads\/2024\/11\/Je-suis-un-entraineur-personnel-certifie-et-voici-mes-offres.png\",\"width\":1200,\"height\":675,\"caption\":\"Je suis un entra\u00eeneur personnel certifi\u00e9 et voici mes offres pr\u00e9f\u00e9r\u00e9es du Black Friday sur les \u00e9quipements de fitness\"},{\"@type\":\"BreadcrumbList\",\"@id\":\"https:\/\/vieassociative.be\/actualites\/je-suis-un-entraineur-personnel-certifie-et-voici-mes-offres-preferees-du-black-friday-sur-les-equipements-de-fitness\/#breadcrumb\",\"itemListElement\":[{\"@type\":\"ListItem\",\"position\":1,\"name\":\"Accueil\",\"item\":\"https:\/\/vieassociative.be\/actualites\/\"},{\"@type\":\"ListItem\",\"position\":2,\"name\":\"Je suis un entra\u00eeneur personnel certifi\u00e9 et voici mes offres pr\u00e9f\u00e9r\u00e9es du Black Friday sur les \u00e9quipements de fitness\"}]},{\"@type\":\"WebSite\",\"@id\":\"https:\/\/vieassociative.be\/actualites\/#website\",\"url\":\"https:\/\/vieassociative.be\/actualites\/\",\"name\":\"Vie Associative\",\"description\":\"\",\"publisher\":{\"@id\":\"https:\/\/vieassociative.be\/actualites\/#organization\"},\"potentialAction\":[{\"@type\":\"SearchAction\",\"target\":{\"@type\":\"EntryPoint\",\"urlTemplate\":\"https:\/\/vieassociative.be\/actualites\/?s={search_term_string}\"},\"query-input\":{\"@type\":\"PropertyValueSpecification\",\"valueRequired\":true,\"valueName\":\"search_term_string\"}}],\"inLanguage\":\"fr-BE\"},{\"@type\":\"Organization\",\"@id\":\"https:\/\/vieassociative.be\/actualites\/#organization\",\"name\":\"Vie Associative\",\"url\":\"https:\/\/vieassociative.be\/actualites\/\",\"logo\":{\"@type\":\"ImageObject\",\"inLanguage\":\"fr-BE\",\"@id\":\"https:\/\/vieassociative.be\/actualites\/#\/schema\/logo\/image\/\",\"url\":\"https:\/\/vieassociative.be\/actualites\/wp-content\/uploads\/2024\/09\/cropped-vieassociative_favicon.ico.png\",\"contentUrl\":\"https:\/\/vieassociative.be\/actualites\/wp-content\/uploads\/2024\/09\/cropped-vieassociative_favicon.ico.png\",\"width\":512,\"height\":512,\"caption\":\"Vie Associative\"},\"image\":{\"@id\":\"https:\/\/vieassociative.be\/actualites\/#\/schema\/logo\/image\/\"}},{\"@type\":\"Person\",\"@id\":\"https:\/\/vieassociative.be\/actualites\/#\/schema\/person\/b87ac4f82f9d4e7b7cec7395b679edc4\",\"name\":\"Julien\",\"image\":{\"@type\":\"ImageObject\",\"inLanguage\":\"fr-BE\",\"@id\":\"https:\/\/vieassociative.be\/actualites\/#\/schema\/person\/image\/\",\"url\":\"https:\/\/vieassociative.be\/actualites\/wp-content\/uploads\/2024\/09\/vie-associative-1-150x150.jpg\",\"contentUrl\":\"https:\/\/vieassociative.be\/actualites\/wp-content\/uploads\/2024\/09\/vie-associative-1-150x150.jpg\",\"caption\":\"Julien\"},\"description\":\"Je suis Julien, r\u00e9dacteur pour Vie Associative. Passionn\u00e9 par le monde associatif depuis plus de 10 ans, j'ai \u00e0 c\u0153ur de partager des histoires inspirantes et de mettre en lumi\u00e8re les initiatives locales. Mon objectif est de sensibiliser et d'encourager l'engagement communautaire \u00e0 travers mes articles.\",\"sameAs\":[\"https:\/\/vieassociative.be\/\"]}]}<\/script>\n<!-- \/ Yoast SEO plugin. -->","yoast_head_json":{"title":"Je suis un entra\u00eeneur personnel certifi\u00e9 et voici mes offres pr\u00e9f\u00e9r\u00e9es du Black Friday sur les \u00e9quipements de fitness | Vie Associative","robots":{"index":"index","follow":"follow","max-snippet":"max-snippet:-1","max-image-preview":"max-image-preview:large","max-video-preview":"max-video-preview:-1"},"canonical":"https:\/\/vieassociative.be\/actualites\/je-suis-un-entraineur-personnel-certifie-et-voici-mes-offres-preferees-du-black-friday-sur-les-equipements-de-fitness\/","og_locale":"fr_FR","og_type":"article","og_title":"Je suis un entra\u00eeneur personnel certifi\u00e9 et voici mes offres pr\u00e9f\u00e9r\u00e9es du Black Friday sur les \u00e9quipements de fitness | Vie Associative","og_description":"Ventes sur Powerblock, Bowflex, Peloton, Theragun, Rogue et plus encore. Le Black Friday est \u00e0 nos portes \u2013 c&rsquo;est essentiellement une saison enti\u00e8re maintenant, pas","og_url":"https:\/\/vieassociative.be\/actualites\/je-suis-un-entraineur-personnel-certifie-et-voici-mes-offres-preferees-du-black-friday-sur-les-equipements-de-fitness\/","og_site_name":"Vie Associative","article_published_time":"2024-11-24T19:17:13+00:00","og_image":[{"width":279,"height":92,"url":"https:\/\/vieassociative.be\/actualites\/wp-content\/uploads\/2024\/09\/header_backgroundk-01-e1726694325946.png","type":"image\/png"}],"author":"Julien","twitter_card":"summary_large_image","twitter_misc":{"\u00c9crit par":"Julien","Dur\u00e9e de lecture est.":"4 minutes"},"schema":{"@context":"https:\/\/schema.org","@graph":[{"@type":"Article","@id":"https:\/\/vieassociative.be\/actualites\/je-suis-un-entraineur-personnel-certifie-et-voici-mes-offres-preferees-du-black-friday-sur-les-equipements-de-fitness\/#article","isPartOf":{"@id":"https:\/\/vieassociative.be\/actualites\/je-suis-un-entraineur-personnel-certifie-et-voici-mes-offres-preferees-du-black-friday-sur-les-equipements-de-fitness\/"},"author":{"name":"Julien","@id":"https:\/\/vieassociative.be\/actualites\/#\/schema\/person\/b87ac4f82f9d4e7b7cec7395b679edc4"},"headline":"Je suis un entra\u00eeneur personnel certifi\u00e9 et voici mes offres pr\u00e9f\u00e9r\u00e9es du Black Friday sur les \u00e9quipements de fitness","datePublished":"2024-11-24T19:17:13+00:00","dateModified":"2024-11-24T19:17:13+00:00","mainEntityOfPage":{"@id":"https:\/\/vieassociative.be\/actualites\/je-suis-un-entraineur-personnel-certifie-et-voici-mes-offres-preferees-du-black-friday-sur-les-equipements-de-fitness\/"},"wordCount":762,"publisher":{"@id":"https:\/\/vieassociative.be\/actualites\/#organization"},"image":{"@id":"https:\/\/vieassociative.be\/actualites\/je-suis-un-entraineur-personnel-certifie-et-voici-mes-offres-preferees-du-black-friday-sur-les-equipements-de-fitness\/#primaryimage"},"thumbnailUrl":"https:\/\/vieassociative.be\/actualites\/wp-content\/uploads\/2024\/11\/Je-suis-un-entraineur-personnel-certifie-et-voici-mes-offres.png","keywords":["Black","certifi\u00e9","entra\u00eeneur","\u00e9quipements","fitness","Friday","Les","Mes","offres","personnel","pr\u00e9f\u00e9r\u00e9es","suis","sur","Voici"],"articleSection":["Sant\u00e9"],"inLanguage":"fr-BE"},{"@type":"WebPage","@id":"https:\/\/vieassociative.be\/actualites\/je-suis-un-entraineur-personnel-certifie-et-voici-mes-offres-preferees-du-black-friday-sur-les-equipements-de-fitness\/","url":"https:\/\/vieassociative.be\/actualites\/je-suis-un-entraineur-personnel-certifie-et-voici-mes-offres-preferees-du-black-friday-sur-les-equipements-de-fitness\/","name":"Je suis un entra\u00eeneur personnel certifi\u00e9 et voici mes offres pr\u00e9f\u00e9r\u00e9es du Black Friday sur les \u00e9quipements de fitness | Vie Associative","isPartOf":{"@id":"https:\/\/vieassociative.be\/actualites\/#website"},"primaryImageOfPage":{"@id":"https:\/\/vieassociative.be\/actualites\/je-suis-un-entraineur-personnel-certifie-et-voici-mes-offres-preferees-du-black-friday-sur-les-equipements-de-fitness\/#primaryimage"},"image":{"@id":"https:\/\/vieassociative.be\/actualites\/je-suis-un-entraineur-personnel-certifie-et-voici-mes-offres-preferees-du-black-friday-sur-les-equipements-de-fitness\/#primaryimage"},"thumbnailUrl":"https:\/\/vieassociative.be\/actualites\/wp-content\/uploads\/2024\/11\/Je-suis-un-entraineur-personnel-certifie-et-voici-mes-offres.png","datePublished":"2024-11-24T19:17:13+00:00","dateModified":"2024-11-24T19:17:13+00:00","breadcrumb":{"@id":"https:\/\/vieassociative.be\/actualites\/je-suis-un-entraineur-personnel-certifie-et-voici-mes-offres-preferees-du-black-friday-sur-les-equipements-de-fitness\/#breadcrumb"},"inLanguage":"fr-BE","potentialAction":[{"@type":"ReadAction","target":["https:\/\/vieassociative.be\/actualites\/je-suis-un-entraineur-personnel-certifie-et-voici-mes-offres-preferees-du-black-friday-sur-les-equipements-de-fitness\/"]}]},{"@type":"ImageObject","inLanguage":"fr-BE","@id":"https:\/\/vieassociative.be\/actualites\/je-suis-un-entraineur-personnel-certifie-et-voici-mes-offres-preferees-du-black-friday-sur-les-equipements-de-fitness\/#primaryimage","url":"https:\/\/vieassociative.be\/actualites\/wp-content\/uploads\/2024\/11\/Je-suis-un-entraineur-personnel-certifie-et-voici-mes-offres.png","contentUrl":"https:\/\/vieassociative.be\/actualites\/wp-content\/uploads\/2024\/11\/Je-suis-un-entraineur-personnel-certifie-et-voici-mes-offres.png","width":1200,"height":675,"caption":"Je suis un entra\u00eeneur personnel certifi\u00e9 et voici mes offres pr\u00e9f\u00e9r\u00e9es du Black Friday sur les \u00e9quipements de fitness"},{"@type":"BreadcrumbList","@id":"https:\/\/vieassociative.be\/actualites\/je-suis-un-entraineur-personnel-certifie-et-voici-mes-offres-preferees-du-black-friday-sur-les-equipements-de-fitness\/#breadcrumb","itemListElement":[{"@type":"ListItem","position":1,"name":"Accueil","item":"https:\/\/vieassociative.be\/actualites\/"},{"@type":"ListItem","position":2,"name":"Je suis un entra\u00eeneur personnel certifi\u00e9 et voici mes offres pr\u00e9f\u00e9r\u00e9es du Black Friday sur les \u00e9quipements de fitness"}]},{"@type":"WebSite","@id":"https:\/\/vieassociative.be\/actualites\/#website","url":"https:\/\/vieassociative.be\/actualites\/","name":"Vie Associative","description":"","publisher":{"@id":"https:\/\/vieassociative.be\/actualites\/#organization"},"potentialAction":[{"@type":"SearchAction","target":{"@type":"EntryPoint","urlTemplate":"https:\/\/vieassociative.be\/actualites\/?s={search_term_string}"},"query-input":{"@type":"PropertyValueSpecification","valueRequired":true,"valueName":"search_term_string"}}],"inLanguage":"fr-BE"},{"@type":"Organization","@id":"https:\/\/vieassociative.be\/actualites\/#organization","name":"Vie Associative","url":"https:\/\/vieassociative.be\/actualites\/","logo":{"@type":"ImageObject","inLanguage":"fr-BE","@id":"https:\/\/vieassociative.be\/actualites\/#\/schema\/logo\/image\/","url":"https:\/\/vieassociative.be\/actualites\/wp-content\/uploads\/2024\/09\/cropped-vieassociative_favicon.ico.png","contentUrl":"https:\/\/vieassociative.be\/actualites\/wp-content\/uploads\/2024\/09\/cropped-vieassociative_favicon.ico.png","width":512,"height":512,"caption":"Vie Associative"},"image":{"@id":"https:\/\/vieassociative.be\/actualites\/#\/schema\/logo\/image\/"}},{"@type":"Person","@id":"https:\/\/vieassociative.be\/actualites\/#\/schema\/person\/b87ac4f82f9d4e7b7cec7395b679edc4","name":"Julien","image":{"@type":"ImageObject","inLanguage":"fr-BE","@id":"https:\/\/vieassociative.be\/actualites\/#\/schema\/person\/image\/","url":"https:\/\/vieassociative.be\/actualites\/wp-content\/uploads\/2024\/09\/vie-associative-1-150x150.jpg","contentUrl":"https:\/\/vieassociative.be\/actualites\/wp-content\/uploads\/2024\/09\/vie-associative-1-150x150.jpg","caption":"Julien"},"description":"Je suis Julien, r\u00e9dacteur pour Vie Associative. Passionn\u00e9 par le monde associatif depuis plus de 10 ans, j'ai \u00e0 c\u0153ur de partager des histoires inspirantes et de mettre en lumi\u00e8re les initiatives locales. Mon objectif est de sensibiliser et d'encourager l'engagement communautaire \u00e0 travers mes articles.","sameAs":["https:\/\/vieassociative.be\/"]}]}},"_links":{"self":[{"href":"https:\/\/vieassociative.be\/actualites\/wp-json\/wp\/v2\/posts\/2732"}],"collection":[{"href":"https:\/\/vieassociative.be\/actualites\/wp-json\/wp\/v2\/posts"}],"about":[{"href":"https:\/\/vieassociative.be\/actualites\/wp-json\/wp\/v2\/types\/post"}],"author":[{"embeddable":true,"href":"https:\/\/vieassociative.be\/actualites\/wp-json\/wp\/v2\/users\/1"}],"replies":[{"embeddable":true,"href":"https:\/\/vieassociative.be\/actualites\/wp-json\/wp\/v2\/comments?post=2732"}],"version-history":[{"count":0,"href":"https:\/\/vieassociative.be\/actualites\/wp-json\/wp\/v2\/posts\/2732\/revisions"}],"wp:featuredmedia":[{"embeddable":true,"href":"https:\/\/vieassociative.be\/actualites\/wp-json\/wp\/v2\/media\/2733"}],"wp:attachment":[{"href":"https:\/\/vieassociative.be\/actualites\/wp-json\/wp\/v2\/media?parent=2732"}],"wp:term":[{"taxonomy":"category","embeddable":true,"href":"https:\/\/vieassociative.be\/actualites\/wp-json\/wp\/v2\/categories?post=2732"},{"taxonomy":"post_tag","embeddable":true,"href":"https:\/\/vieassociative.be\/actualites\/wp-json\/wp\/v2\/tags?post=2732"}],"curies":[{"name":"wp","href":"https:\/\/api.w.org\/{rel}","templated":true}]}}