{"id":2730,"date":"2024-11-24T18:17:04","date_gmt":"2024-11-24T17:17:04","guid":{"rendered":"https:\/\/vieassociative.be\/actualites\/que-faire-lorsque-votre-enfant-est-plus-quun-simple-mangeur-difficile\/"},"modified":"2024-11-24T18:17:04","modified_gmt":"2024-11-24T17:17:04","slug":"que-faire-lorsque-votre-enfant-est-plus-quun-simple-mangeur-difficile","status":"publish","type":"post","link":"https:\/\/vieassociative.be\/actualites\/que-faire-lorsque-votre-enfant-est-plus-quun-simple-mangeur-difficile\/","title":{"rendered":"Que faire lorsque votre enfant est plus qu&rsquo;un simple mangeur \u00ab difficile \u00bb"},"content":{"rendered":"<div class=\"mt-4 leading-6 md:mb-8\">Beaucoup de petits enfants sont difficiles en mati\u00e8re de nourriture, mais voici ce qu&rsquo;il faut faire si vous pensez qu&rsquo;ils sont extr\u00eamement exigeants.<\/div>\n<p><\/p>\n<p>Les petits enfants sont des mangeurs difficiles, c&rsquo;est \u00e0 la fois courant et normal. Cependant, certains signes indiquent que votre jeune enfant pourrait \u00eatre <em>plus<\/em> que simplement pointilleux. Si vous pensez que la difficult\u00e9 de votre enfant est devenue extr\u00eame, mais que vous ne savez pas exactement pourquoi, vous voudrez peut-\u00eatre demander de l&rsquo;aide. Vous craignez peut-\u00eatre que votre enfant d\u00e9veloppe un trouble de l&rsquo;alimentation lorsqu&rsquo;il sera plus \u00e2g\u00e9 ou que vous ayez des inqui\u00e9tudes concernant un probl\u00e8me m\u00e9dical sous-jacent. Voici ce qu\u2019il faut surveiller et consid\u00e9rer.<\/p>\n<h2 id=\"signs-that-your-child-is-more-than-just-a-picky-eater\">Signes que votre enfant est plus qu\u2019un simple \u00ab mangeur difficile \u00bb<\/h2>\n<p>M\u00eame si les jeunes enfants peuvent avoir des particularit\u00e9s en ce qui concerne leurs aliments pr\u00e9f\u00e9r\u00e9s, allant m\u00eame jusqu&rsquo;\u00e0 faire de grosses crises de col\u00e8re lorsque vous leur servez des nuggies de poulet de marque diff\u00e9rente ou de petites oranges trop \u00ab s\u00e8ches \u00bb, certains indices sugg\u00e8rent qu&rsquo;il y a autre chose. en jeu en plus de l&rsquo;agitation adapt\u00e9e au d\u00e9veloppement que traversent la plupart des petits enfants. <\/p>\n<p>Certaines choses \u00e0 surveiller incluent\u00a0:<\/p>\n<ul>\n<li>\n<p>Probl\u00e8mes gastro-intestinaux\u00a0: maux d&rsquo;estomac, ballonnements, diarrh\u00e9e ou constipation<\/p>\n<\/li>\n<li>\n<p>Vomissements apr\u00e8s avoir mang\u00e9 ou vomissements en essayant de nouveaux aliments <\/p>\n<\/li>\n<li>\n<p>\u00c9pisodes d&rsquo;\u00e9touffement fr\u00e9quents<\/p>\n<\/li>\n<li>\n<p>Peur de s&rsquo;\u00e9touffer ou de vomir, ce qui les am\u00e8ne parfois \u00e0 avoir trop peur pour manger<\/p>\n<\/li>\n<li>\n<p>Perte de poids importante ou \u00eatre fr\u00e9quemment \u00ab en dessous de la courbe \u00bb sur les tableaux de poids lors des contr\u00f4les<\/p>\n<\/li>\n<li>\n<p>Refuser de manger, alors qu\u2019ils devraient logiquement avoir faim<\/p>\n<\/li>\n<li>\n<p>\u00c9viter des cat\u00e9gories enti\u00e8res d&rsquo;aliments (tous les aliments combin\u00e9s, tous les aliments non emball\u00e9s, tous les aliments d&rsquo;une m\u00eame texture)<\/p>\n<\/li>\n<li>\n<p>Manger tr\u00e8s lentement<\/p>\n<\/li>\n<li>\n<p>Incapacit\u00e9 de manger devant les autres<\/p>\n<\/li>\n<\/ul>\n<p>Vous craignez peut-\u00eatre une carence nutritionnelle due \u00e0 la s\u00e9lectivit\u00e9 de l&rsquo;alimentation de votre enfant, et l&rsquo;incapacit\u00e9 de prendre un repas en famille pourrait \u00eatre \u00e0 l&rsquo;origine de tensions. Votre enfant pourrait \u00eatre irritable ou manquer d\u2019\u00e9nergie parce qu\u2019il ne re\u00e7oit pas suffisamment d\u2019aliments nutritifs. <\/p>\n<h2 id=\"what-to-do-next\">Que faire ensuite<\/h2>\n<p>La premi\u00e8re \u00e9tape n\u2019est pas d\u2019essayer de forcer votre enfant \u00e0 manger, m\u00eame si, en tant que parent, vous pourriez avoir l\u2019impression que votre t\u00e2che la plus fondamentale est de garder votre enfant en vie gr\u00e2ce \u00e0 sa subsistance. Prenez rendez-vous avec votre m\u00e9decin : il voudra proc\u00e9der \u00e0 un examen pour exclure toute maladie ou probl\u00e8me de sant\u00e9 qui pourrait dispara\u00eetre d&rsquo;eux-m\u00eames ou n\u00e9cessiter des m\u00e9dicaments. <\/p>\n<p>Ils s\u2019assureront \u00e9galement qu\u2019aucun probl\u00e8me m\u00e9dical chronique ou autre n\u2019y contribue. Certaines conditions m\u00e9dicales, mais pas toutes, susceptibles d&rsquo;affecter la capacit\u00e9 d&rsquo;un enfant \u00e0 manger normalement peuvent inclure\u00a0:<\/p>\n<ul>\n<li>\n<p>Diab\u00e8te<\/p>\n<\/li>\n<li>\n<p>La maladie de Crohn<\/p>\n<\/li>\n<li>\n<p>Maladie coeliaque<\/p>\n<\/li>\n<li>\n<p>Attache de langue <\/p>\n<\/li>\n<li>\n<p>Cancer<\/p>\n<\/li>\n<li>\n<p>Allergie ou intol\u00e9rance alimentaire<\/p>\n<\/li>\n<\/ul>\n<p>Vous pouvez \u00eatre r\u00e9f\u00e9r\u00e9 pour exclure l\u2019une de ces conditions. Si quelque chose arrive, votre m\u00e9decin vous guidera sur la fa\u00e7on de g\u00e9rer ou de traiter \u00e0 partir de l\u00e0.<\/p>\n<p>Si votre m\u00e9decin d\u00e9termine qu&rsquo;il n&rsquo;y a aucune cause m\u00e9dicale aux probl\u00e8mes d&rsquo;alimentation de votre enfant, il peut passer \u00e0 une cause d\u00e9veloppementale ou mentale. De nombreux enfants ont des probl\u00e8mes sensoriels avec la nourriture, qui peuvent ou non conduire \u00e0 un diagnostic de probl\u00e8me de sant\u00e9 mentale, tel que l&rsquo;anxi\u00e9t\u00e9, l&rsquo;autisme, un trouble du traitement sensoriel ou un trouble d&rsquo;\u00e9vitement et de restriction de l&rsquo;alimentation (ARFID), un trouble mental similaire \u00e0 l&rsquo;anorexie qui n\u2019inclut pas les probl\u00e8mes d\u2019image corporelle.<\/p>\n<p>Si votre enfant souffre d\u2019un probl\u00e8me de sant\u00e9 mentale qui l\u2019emp\u00eache de manger, vous pourrez \u00eatre orient\u00e9 vers diff\u00e9rents types de sp\u00e9cialistes. Les sp\u00e9cialistes de l\u2019alimentation sont des types sp\u00e9cifiques de th\u00e9rapeutes qui aident les familles \u00e0 g\u00e9rer ce genre de probl\u00e8mes. Pour les enfants souffrant de probl\u00e8mes sensoriels ou d&rsquo;autisme, un ergoth\u00e9rapeute est souvent form\u00e9 en th\u00e9rapie alimentaire et peut aider votre enfant \u00e0 s&rsquo;habituer \u00e0 diff\u00e9rentes textures et types d&rsquo;aliments. Pour les enfants anxieux \u00e0 l\u2019\u00e9gard de la nourriture, un th\u00e9rapeute qui peut leur parler ou jouer avec eux pendant qu\u2019ils surmontent certaines de leurs peurs li\u00e9es \u00e0 la nourriture pourrait \u00eatre utile. <\/p>\n<h2 id=\"it-helps-to-reframe-your-own-mindset-too\">Cela aide \u00e9galement \u00e0 recadrer votre propre \u00e9tat d\u2019esprit<\/h2>\n<p>Notre monde adulte est impr\u00e9gn\u00e9 d\u2019une culture di\u00e9t\u00e9tique qui peut \u00eatre difficile \u00e0 \u00e9viter, m\u00eame en pensant \u00e0 nos petits enfants et \u00e0 leur corps en pleine croissance. Cependant, vos prestataires vous aideront \u00e0 cadrer votre r\u00e9flexion et \u00e0 utiliser des mots pour aider votre enfant \u00e0 r\u00e9int\u00e9grer au mieux la nourriture dans sa vie de mani\u00e8re saine et holistique, sans peur ni honte. <\/p>\n<p>Gardez \u00e0 l&rsquo;esprit que, m\u00eame s&rsquo;il peut \u00eatre difficile de pr\u00e9parer un d\u00eener pour votre famille et qu&rsquo;un seul enfant vomisse litt\u00e9ralement de d\u00e9go\u00fbt, il ne le fait pas pour vous mettre en col\u00e8re. Changer \u00e0 quoi ressemble actuellement \u00ab l&rsquo;heure du d\u00eener en famille \u00bb afin d&rsquo;aider votre enfant cr\u00e9era des habitudes alimentaires saines tout au long de sa vie et contribuera \u00e0 changer la culture autour de l&rsquo;alimentation et de la maladie mentale, pr\u00e9parant ainsi vos enfants \u00e0 une relation plus heureuse et plus \u00e9quilibr\u00e9e avec la nourriture \u00e0 mesure qu&rsquo;ils grandir. <\/p>\n","protected":false},"excerpt":{"rendered":"<p>Beaucoup de petits enfants sont difficiles en mati\u00e8re de nourriture, mais voici ce qu&rsquo;il faut faire si vous pensez qu&rsquo;ils sont extr\u00eamement exigeants. Les petits<\/p>\n","protected":false},"author":1,"featured_media":2731,"comment_status":"","ping_status":"","sticky":false,"template":"","format":"standard","meta":{"footnotes":""},"categories":[37],"tags":[3470,295,76,127,559,3469,1185,1730,8],"class_list":["post-2730","post","type-post","status-publish","format-standard","has-post-thumbnail","hentry","category-famille","tag-difficile","tag-enfant","tag-est","tag-faire","tag-lorsque","tag-mangeur","tag-quun","tag-simple","tag-votre","generate-columns","tablet-grid-50","mobile-grid-100","grid-parent","grid-33"],"yoast_head":"<!-- This site is optimized with the Yoast SEO plugin v24.0 - https:\/\/yoast.com\/wordpress\/plugins\/seo\/ -->\n<title>Que faire lorsque votre enfant est plus qu&#039;un simple mangeur \u00ab difficile \u00bb | Vie Associative<\/title>\n<meta name=\"robots\" content=\"index, follow, max-snippet:-1, max-image-preview:large, max-video-preview:-1\" \/>\n<link rel=\"canonical\" href=\"https:\/\/vieassociative.be\/actualites\/que-faire-lorsque-votre-enfant-est-plus-quun-simple-mangeur-difficile\/\" \/>\n<meta property=\"og:locale\" content=\"fr_FR\" \/>\n<meta property=\"og:type\" content=\"article\" \/>\n<meta property=\"og:title\" content=\"Que faire lorsque votre enfant est plus qu&#039;un simple mangeur \u00ab difficile \u00bb | Vie Associative\" \/>\n<meta property=\"og:description\" content=\"Beaucoup de petits enfants sont difficiles en mati\u00e8re de nourriture, mais voici ce qu&rsquo;il faut faire si vous pensez qu&rsquo;ils sont extr\u00eamement exigeants. Les petits\" \/>\n<meta property=\"og:url\" content=\"https:\/\/vieassociative.be\/actualites\/que-faire-lorsque-votre-enfant-est-plus-quun-simple-mangeur-difficile\/\" \/>\n<meta property=\"og:site_name\" content=\"Vie Associative\" \/>\n<meta property=\"article:published_time\" content=\"2024-11-24T17:17:04+00:00\" \/>\n<meta property=\"og:image\" content=\"https:\/\/vieassociative.be\/actualites\/wp-content\/uploads\/2024\/09\/header_backgroundk-01-e1726694325946.png\" \/>\n\t<meta property=\"og:image:width\" content=\"279\" \/>\n\t<meta property=\"og:image:height\" content=\"92\" \/>\n\t<meta property=\"og:image:type\" content=\"image\/png\" \/>\n<meta name=\"author\" content=\"Julien\" \/>\n<meta name=\"twitter:card\" content=\"summary_large_image\" \/>\n<meta name=\"twitter:label1\" content=\"\u00c9crit par\" \/>\n\t<meta name=\"twitter:data1\" content=\"Julien\" \/>\n\t<meta name=\"twitter:label2\" content=\"Dur\u00e9e de lecture est.\" \/>\n\t<meta name=\"twitter:data2\" content=\"5 minutes\" \/>\n<script type=\"application\/ld+json\" class=\"yoast-schema-graph\">{\"@context\":\"https:\/\/schema.org\",\"@graph\":[{\"@type\":\"Article\",\"@id\":\"https:\/\/vieassociative.be\/actualites\/que-faire-lorsque-votre-enfant-est-plus-quun-simple-mangeur-difficile\/#article\",\"isPartOf\":{\"@id\":\"https:\/\/vieassociative.be\/actualites\/que-faire-lorsque-votre-enfant-est-plus-quun-simple-mangeur-difficile\/\"},\"author\":{\"name\":\"Julien\",\"@id\":\"https:\/\/vieassociative.be\/actualites\/#\/schema\/person\/b87ac4f82f9d4e7b7cec7395b679edc4\"},\"headline\":\"Que faire lorsque votre enfant est plus qu&rsquo;un simple mangeur \u00ab difficile \u00bb\",\"datePublished\":\"2024-11-24T17:17:04+00:00\",\"dateModified\":\"2024-11-24T17:17:04+00:00\",\"mainEntityOfPage\":{\"@id\":\"https:\/\/vieassociative.be\/actualites\/que-faire-lorsque-votre-enfant-est-plus-quun-simple-mangeur-difficile\/\"},\"wordCount\":968,\"publisher\":{\"@id\":\"https:\/\/vieassociative.be\/actualites\/#organization\"},\"image\":{\"@id\":\"https:\/\/vieassociative.be\/actualites\/que-faire-lorsque-votre-enfant-est-plus-quun-simple-mangeur-difficile\/#primaryimage\"},\"thumbnailUrl\":\"https:\/\/vieassociative.be\/actualites\/wp-content\/uploads\/2024\/11\/Que-faire-lorsque-votre-enfant-est-plus-quun-simple-mangeur.jpg\",\"keywords\":[\"difficile\",\"enfant\",\"est\",\"faire\",\"lorsque\",\"mangeur\",\"quun\",\"simple\",\"votre\"],\"articleSection\":[\"Famille\"],\"inLanguage\":\"fr-BE\"},{\"@type\":\"WebPage\",\"@id\":\"https:\/\/vieassociative.be\/actualites\/que-faire-lorsque-votre-enfant-est-plus-quun-simple-mangeur-difficile\/\",\"url\":\"https:\/\/vieassociative.be\/actualites\/que-faire-lorsque-votre-enfant-est-plus-quun-simple-mangeur-difficile\/\",\"name\":\"Que faire lorsque votre enfant est plus qu'un simple mangeur \u00ab difficile \u00bb | Vie Associative\",\"isPartOf\":{\"@id\":\"https:\/\/vieassociative.be\/actualites\/#website\"},\"primaryImageOfPage\":{\"@id\":\"https:\/\/vieassociative.be\/actualites\/que-faire-lorsque-votre-enfant-est-plus-quun-simple-mangeur-difficile\/#primaryimage\"},\"image\":{\"@id\":\"https:\/\/vieassociative.be\/actualites\/que-faire-lorsque-votre-enfant-est-plus-quun-simple-mangeur-difficile\/#primaryimage\"},\"thumbnailUrl\":\"https:\/\/vieassociative.be\/actualites\/wp-content\/uploads\/2024\/11\/Que-faire-lorsque-votre-enfant-est-plus-quun-simple-mangeur.jpg\",\"datePublished\":\"2024-11-24T17:17:04+00:00\",\"dateModified\":\"2024-11-24T17:17:04+00:00\",\"breadcrumb\":{\"@id\":\"https:\/\/vieassociative.be\/actualites\/que-faire-lorsque-votre-enfant-est-plus-quun-simple-mangeur-difficile\/#breadcrumb\"},\"inLanguage\":\"fr-BE\",\"potentialAction\":[{\"@type\":\"ReadAction\",\"target\":[\"https:\/\/vieassociative.be\/actualites\/que-faire-lorsque-votre-enfant-est-plus-quun-simple-mangeur-difficile\/\"]}]},{\"@type\":\"ImageObject\",\"inLanguage\":\"fr-BE\",\"@id\":\"https:\/\/vieassociative.be\/actualites\/que-faire-lorsque-votre-enfant-est-plus-quun-simple-mangeur-difficile\/#primaryimage\",\"url\":\"https:\/\/vieassociative.be\/actualites\/wp-content\/uploads\/2024\/11\/Que-faire-lorsque-votre-enfant-est-plus-quun-simple-mangeur.jpg\",\"contentUrl\":\"https:\/\/vieassociative.be\/actualites\/wp-content\/uploads\/2024\/11\/Que-faire-lorsque-votre-enfant-est-plus-quun-simple-mangeur.jpg\",\"width\":1200,\"height\":675,\"caption\":\"Que faire lorsque votre enfant est plus qu'un simple mangeur \u00ab difficile \u00bb\"},{\"@type\":\"BreadcrumbList\",\"@id\":\"https:\/\/vieassociative.be\/actualites\/que-faire-lorsque-votre-enfant-est-plus-quun-simple-mangeur-difficile\/#breadcrumb\",\"itemListElement\":[{\"@type\":\"ListItem\",\"position\":1,\"name\":\"Accueil\",\"item\":\"https:\/\/vieassociative.be\/actualites\/\"},{\"@type\":\"ListItem\",\"position\":2,\"name\":\"Que faire lorsque votre enfant est plus qu&rsquo;un simple mangeur \u00ab difficile \u00bb\"}]},{\"@type\":\"WebSite\",\"@id\":\"https:\/\/vieassociative.be\/actualites\/#website\",\"url\":\"https:\/\/vieassociative.be\/actualites\/\",\"name\":\"Vie Associative\",\"description\":\"\",\"publisher\":{\"@id\":\"https:\/\/vieassociative.be\/actualites\/#organization\"},\"potentialAction\":[{\"@type\":\"SearchAction\",\"target\":{\"@type\":\"EntryPoint\",\"urlTemplate\":\"https:\/\/vieassociative.be\/actualites\/?s={search_term_string}\"},\"query-input\":{\"@type\":\"PropertyValueSpecification\",\"valueRequired\":true,\"valueName\":\"search_term_string\"}}],\"inLanguage\":\"fr-BE\"},{\"@type\":\"Organization\",\"@id\":\"https:\/\/vieassociative.be\/actualites\/#organization\",\"name\":\"Vie Associative\",\"url\":\"https:\/\/vieassociative.be\/actualites\/\",\"logo\":{\"@type\":\"ImageObject\",\"inLanguage\":\"fr-BE\",\"@id\":\"https:\/\/vieassociative.be\/actualites\/#\/schema\/logo\/image\/\",\"url\":\"https:\/\/vieassociative.be\/actualites\/wp-content\/uploads\/2024\/09\/cropped-vieassociative_favicon.ico.png\",\"contentUrl\":\"https:\/\/vieassociative.be\/actualites\/wp-content\/uploads\/2024\/09\/cropped-vieassociative_favicon.ico.png\",\"width\":512,\"height\":512,\"caption\":\"Vie Associative\"},\"image\":{\"@id\":\"https:\/\/vieassociative.be\/actualites\/#\/schema\/logo\/image\/\"}},{\"@type\":\"Person\",\"@id\":\"https:\/\/vieassociative.be\/actualites\/#\/schema\/person\/b87ac4f82f9d4e7b7cec7395b679edc4\",\"name\":\"Julien\",\"image\":{\"@type\":\"ImageObject\",\"inLanguage\":\"fr-BE\",\"@id\":\"https:\/\/vieassociative.be\/actualites\/#\/schema\/person\/image\/\",\"url\":\"https:\/\/vieassociative.be\/actualites\/wp-content\/uploads\/2024\/09\/vie-associative-1-150x150.jpg\",\"contentUrl\":\"https:\/\/vieassociative.be\/actualites\/wp-content\/uploads\/2024\/09\/vie-associative-1-150x150.jpg\",\"caption\":\"Julien\"},\"description\":\"Je suis Julien, r\u00e9dacteur pour Vie Associative. Passionn\u00e9 par le monde associatif depuis plus de 10 ans, j'ai \u00e0 c\u0153ur de partager des histoires inspirantes et de mettre en lumi\u00e8re les initiatives locales. Mon objectif est de sensibiliser et d'encourager l'engagement communautaire \u00e0 travers mes articles.\",\"sameAs\":[\"https:\/\/vieassociative.be\/\"]}]}<\/script>\n<!-- \/ Yoast SEO plugin. -->","yoast_head_json":{"title":"Que faire lorsque votre enfant est plus qu'un simple mangeur \u00ab difficile \u00bb | Vie Associative","robots":{"index":"index","follow":"follow","max-snippet":"max-snippet:-1","max-image-preview":"max-image-preview:large","max-video-preview":"max-video-preview:-1"},"canonical":"https:\/\/vieassociative.be\/actualites\/que-faire-lorsque-votre-enfant-est-plus-quun-simple-mangeur-difficile\/","og_locale":"fr_FR","og_type":"article","og_title":"Que faire lorsque votre enfant est plus qu'un simple mangeur \u00ab difficile \u00bb | Vie Associative","og_description":"Beaucoup de petits enfants sont difficiles en mati\u00e8re de nourriture, mais voici ce qu&rsquo;il faut faire si vous pensez qu&rsquo;ils sont extr\u00eamement exigeants. Les petits","og_url":"https:\/\/vieassociative.be\/actualites\/que-faire-lorsque-votre-enfant-est-plus-quun-simple-mangeur-difficile\/","og_site_name":"Vie Associative","article_published_time":"2024-11-24T17:17:04+00:00","og_image":[{"width":279,"height":92,"url":"https:\/\/vieassociative.be\/actualites\/wp-content\/uploads\/2024\/09\/header_backgroundk-01-e1726694325946.png","type":"image\/png"}],"author":"Julien","twitter_card":"summary_large_image","twitter_misc":{"\u00c9crit par":"Julien","Dur\u00e9e de lecture est.":"5 minutes"},"schema":{"@context":"https:\/\/schema.org","@graph":[{"@type":"Article","@id":"https:\/\/vieassociative.be\/actualites\/que-faire-lorsque-votre-enfant-est-plus-quun-simple-mangeur-difficile\/#article","isPartOf":{"@id":"https:\/\/vieassociative.be\/actualites\/que-faire-lorsque-votre-enfant-est-plus-quun-simple-mangeur-difficile\/"},"author":{"name":"Julien","@id":"https:\/\/vieassociative.be\/actualites\/#\/schema\/person\/b87ac4f82f9d4e7b7cec7395b679edc4"},"headline":"Que faire lorsque votre enfant est plus qu&rsquo;un simple mangeur \u00ab difficile \u00bb","datePublished":"2024-11-24T17:17:04+00:00","dateModified":"2024-11-24T17:17:04+00:00","mainEntityOfPage":{"@id":"https:\/\/vieassociative.be\/actualites\/que-faire-lorsque-votre-enfant-est-plus-quun-simple-mangeur-difficile\/"},"wordCount":968,"publisher":{"@id":"https:\/\/vieassociative.be\/actualites\/#organization"},"image":{"@id":"https:\/\/vieassociative.be\/actualites\/que-faire-lorsque-votre-enfant-est-plus-quun-simple-mangeur-difficile\/#primaryimage"},"thumbnailUrl":"https:\/\/vieassociative.be\/actualites\/wp-content\/uploads\/2024\/11\/Que-faire-lorsque-votre-enfant-est-plus-quun-simple-mangeur.jpg","keywords":["difficile","enfant","est","faire","lorsque","mangeur","quun","simple","votre"],"articleSection":["Famille"],"inLanguage":"fr-BE"},{"@type":"WebPage","@id":"https:\/\/vieassociative.be\/actualites\/que-faire-lorsque-votre-enfant-est-plus-quun-simple-mangeur-difficile\/","url":"https:\/\/vieassociative.be\/actualites\/que-faire-lorsque-votre-enfant-est-plus-quun-simple-mangeur-difficile\/","name":"Que faire lorsque votre enfant est plus qu'un simple mangeur \u00ab difficile \u00bb | Vie Associative","isPartOf":{"@id":"https:\/\/vieassociative.be\/actualites\/#website"},"primaryImageOfPage":{"@id":"https:\/\/vieassociative.be\/actualites\/que-faire-lorsque-votre-enfant-est-plus-quun-simple-mangeur-difficile\/#primaryimage"},"image":{"@id":"https:\/\/vieassociative.be\/actualites\/que-faire-lorsque-votre-enfant-est-plus-quun-simple-mangeur-difficile\/#primaryimage"},"thumbnailUrl":"https:\/\/vieassociative.be\/actualites\/wp-content\/uploads\/2024\/11\/Que-faire-lorsque-votre-enfant-est-plus-quun-simple-mangeur.jpg","datePublished":"2024-11-24T17:17:04+00:00","dateModified":"2024-11-24T17:17:04+00:00","breadcrumb":{"@id":"https:\/\/vieassociative.be\/actualites\/que-faire-lorsque-votre-enfant-est-plus-quun-simple-mangeur-difficile\/#breadcrumb"},"inLanguage":"fr-BE","potentialAction":[{"@type":"ReadAction","target":["https:\/\/vieassociative.be\/actualites\/que-faire-lorsque-votre-enfant-est-plus-quun-simple-mangeur-difficile\/"]}]},{"@type":"ImageObject","inLanguage":"fr-BE","@id":"https:\/\/vieassociative.be\/actualites\/que-faire-lorsque-votre-enfant-est-plus-quun-simple-mangeur-difficile\/#primaryimage","url":"https:\/\/vieassociative.be\/actualites\/wp-content\/uploads\/2024\/11\/Que-faire-lorsque-votre-enfant-est-plus-quun-simple-mangeur.jpg","contentUrl":"https:\/\/vieassociative.be\/actualites\/wp-content\/uploads\/2024\/11\/Que-faire-lorsque-votre-enfant-est-plus-quun-simple-mangeur.jpg","width":1200,"height":675,"caption":"Que faire lorsque votre enfant est plus qu'un simple mangeur \u00ab difficile \u00bb"},{"@type":"BreadcrumbList","@id":"https:\/\/vieassociative.be\/actualites\/que-faire-lorsque-votre-enfant-est-plus-quun-simple-mangeur-difficile\/#breadcrumb","itemListElement":[{"@type":"ListItem","position":1,"name":"Accueil","item":"https:\/\/vieassociative.be\/actualites\/"},{"@type":"ListItem","position":2,"name":"Que faire lorsque votre enfant est plus qu&rsquo;un simple mangeur \u00ab difficile \u00bb"}]},{"@type":"WebSite","@id":"https:\/\/vieassociative.be\/actualites\/#website","url":"https:\/\/vieassociative.be\/actualites\/","name":"Vie Associative","description":"","publisher":{"@id":"https:\/\/vieassociative.be\/actualites\/#organization"},"potentialAction":[{"@type":"SearchAction","target":{"@type":"EntryPoint","urlTemplate":"https:\/\/vieassociative.be\/actualites\/?s={search_term_string}"},"query-input":{"@type":"PropertyValueSpecification","valueRequired":true,"valueName":"search_term_string"}}],"inLanguage":"fr-BE"},{"@type":"Organization","@id":"https:\/\/vieassociative.be\/actualites\/#organization","name":"Vie Associative","url":"https:\/\/vieassociative.be\/actualites\/","logo":{"@type":"ImageObject","inLanguage":"fr-BE","@id":"https:\/\/vieassociative.be\/actualites\/#\/schema\/logo\/image\/","url":"https:\/\/vieassociative.be\/actualites\/wp-content\/uploads\/2024\/09\/cropped-vieassociative_favicon.ico.png","contentUrl":"https:\/\/vieassociative.be\/actualites\/wp-content\/uploads\/2024\/09\/cropped-vieassociative_favicon.ico.png","width":512,"height":512,"caption":"Vie Associative"},"image":{"@id":"https:\/\/vieassociative.be\/actualites\/#\/schema\/logo\/image\/"}},{"@type":"Person","@id":"https:\/\/vieassociative.be\/actualites\/#\/schema\/person\/b87ac4f82f9d4e7b7cec7395b679edc4","name":"Julien","image":{"@type":"ImageObject","inLanguage":"fr-BE","@id":"https:\/\/vieassociative.be\/actualites\/#\/schema\/person\/image\/","url":"https:\/\/vieassociative.be\/actualites\/wp-content\/uploads\/2024\/09\/vie-associative-1-150x150.jpg","contentUrl":"https:\/\/vieassociative.be\/actualites\/wp-content\/uploads\/2024\/09\/vie-associative-1-150x150.jpg","caption":"Julien"},"description":"Je suis Julien, r\u00e9dacteur pour Vie Associative. Passionn\u00e9 par le monde associatif depuis plus de 10 ans, j'ai \u00e0 c\u0153ur de partager des histoires inspirantes et de mettre en lumi\u00e8re les initiatives locales. Mon objectif est de sensibiliser et d'encourager l'engagement communautaire \u00e0 travers mes articles.","sameAs":["https:\/\/vieassociative.be\/"]}]}},"_links":{"self":[{"href":"https:\/\/vieassociative.be\/actualites\/wp-json\/wp\/v2\/posts\/2730"}],"collection":[{"href":"https:\/\/vieassociative.be\/actualites\/wp-json\/wp\/v2\/posts"}],"about":[{"href":"https:\/\/vieassociative.be\/actualites\/wp-json\/wp\/v2\/types\/post"}],"author":[{"embeddable":true,"href":"https:\/\/vieassociative.be\/actualites\/wp-json\/wp\/v2\/users\/1"}],"replies":[{"embeddable":true,"href":"https:\/\/vieassociative.be\/actualites\/wp-json\/wp\/v2\/comments?post=2730"}],"version-history":[{"count":0,"href":"https:\/\/vieassociative.be\/actualites\/wp-json\/wp\/v2\/posts\/2730\/revisions"}],"wp:featuredmedia":[{"embeddable":true,"href":"https:\/\/vieassociative.be\/actualites\/wp-json\/wp\/v2\/media\/2731"}],"wp:attachment":[{"href":"https:\/\/vieassociative.be\/actualites\/wp-json\/wp\/v2\/media?parent=2730"}],"wp:term":[{"taxonomy":"category","embeddable":true,"href":"https:\/\/vieassociative.be\/actualites\/wp-json\/wp\/v2\/categories?post=2730"},{"taxonomy":"post_tag","embeddable":true,"href":"https:\/\/vieassociative.be\/actualites\/wp-json\/wp\/v2\/tags?post=2730"}],"curies":[{"name":"wp","href":"https:\/\/api.w.org\/{rel}","templated":true}]}}