{"id":2727,"date":"2024-11-24T15:17:54","date_gmt":"2024-11-24T14:17:54","guid":{"rendered":"https:\/\/vieassociative.be\/actualites\/de-la-litterature-dans-une-atmosphere-decontractee-et-conviviale-photos-de-la-seitenstrase-2024-galerie-de-photos\/"},"modified":"2024-11-24T15:17:54","modified_gmt":"2024-11-24T14:17:54","slug":"de-la-litterature-dans-une-atmosphere-decontractee-et-conviviale-photos-de-la-seitenstrase-2024-galerie-de-photos","status":"publish","type":"post","link":"https:\/\/vieassociative.be\/actualites\/de-la-litterature-dans-une-atmosphere-decontractee-et-conviviale-photos-de-la-seitenstrase-2024-galerie-de-photos\/","title":{"rendered":"De la litt\u00e9rature dans une atmosph\u00e8re d\u00e9contract\u00e9e et conviviale \u2013 photos de la \u00ab SEITENstra\u00dfe \u00bb 2024 (galerie de photos)"},"content":{"rendered":"<p><strong>On pr\u00e9tend souvent que dans le monde tr\u00e9pidant d&rsquo;aujourd&rsquo;hui, de moins en moins de livres sont lus et que les gens ne peuvent plus \u00e9couter attentivement. Ce samedi, dans la \u00ab SEITENstra\u00dfe \u00bb \u00e0 Eupen, il y avait de nombreux lecteurs et encore plus d&rsquo;auditeurs (voir GALERIE DE PHOTOS ci-dessous).<\/strong><\/p>\n<p><span id=\"more-402527\"><\/span>L&rsquo;initiative originale \u00ab Lire derri\u00e8re le comptoir \u00bb fait depuis longtemps partie int\u00e9grante du calendrier culturel d&rsquo;Eupen. Samedi, pour la 15\u00e8me fois, la litt\u00e9rature a eu lieu dans une ambiance d\u00e9contract\u00e9e et conviviale.<\/p>\n<p>Auteurs, profanes et amateurs de litt\u00e9rature lisent \u00e0 haute voix dans 25 boutiques et restaurants du centre-ville d&rsquo;Eupen. Des collations musicales pouvaient \u00e9galement \u00eatre d\u00e9gust\u00e9es dans la \u00ab SEITENstra\u00dfe \u00bb. Les lectures \u00e9taient tant\u00f4t dr\u00f4les, tant\u00f4t r\u00e9fl\u00e9chies et touchantes.<\/p>\n<p>Il n&rsquo;y a pas que les amis lecteurs qui viennent dans la \u00ab SEITENstra\u00dfe \u00bb. Certaines personnes appr\u00e9cient simplement l\u2019atmosph\u00e8re. D&rsquo;autres veulent voir et \u00eatre vus. Vous agissez avec culture.<\/p>\n<div id=\"attachment_402544\" class=\"wp-caption alignleft\" style=\"max-width: 300px\"><img fetchpriority=\"high\" decoding=\"async\" class=\"wp-image-402544 size-medium\" src=\"https:\/\/vieassociative.be\/actualites\/wp-content\/uploads\/2024\/11\/De-la-litterature-dans-une-atmosphere-decontractee-et-conviviale-\u2013.jpg\" alt=\"\" width=\"300\" height=\"200\"><\/p>\n<p class=\"wp-caption-text\">Photo : Patrick von Staufenberg<\/p>\n<\/div>\n<p>Comme chaque ann\u00e9e, l&rsquo;\u00e9v\u00e9nement a propos\u00e9 un large \u00e9ventail de genres litt\u00e9raires, notamment des r\u00e9cits policiers locaux et classiques, de la litt\u00e9rature contemporaine volumineuse, des connaissances sur la bi\u00e8re et des histoires racont\u00e9es dans une brasserie, de la fantaisie, de la po\u00e9sie combin\u00e9e \u00e0 de la musique live.<\/p>\n<p>Les auteurs et les profanes amateurs de litt\u00e9rature lisent. Cette fois, les lieux de lecture participants \u00e9taient le mus\u00e9e de la ville, les librairies Idea et Logos, le Grenz-Echo, le centre des m\u00e9dias, l&rsquo;office du tourisme, la Werthkapelle, le Weltladen et d&rsquo;autres.<\/p>\n<p>Tous les visiteurs \u00e9taient invit\u00e9s \u00e0 faire don d&rsquo;un droit d&rsquo;entr\u00e9e volontaire de 5 euros. Des bo\u00eetes de dons ont \u00e9t\u00e9 distribu\u00e9es dans diff\u00e9rents lieux de lecture. La conclusion a eu lieu \u00e0 21 heures au bistro de l&rsquo;Altes Schlachthof, o\u00f9 le \u00ab SEITENstra\u00dfler \u00bb a eu droit \u00e0 une soupe chaude et \u00e0 un large choix de boissons.<\/p>\n<p><em><strong>Vous trouverez ci-dessous une GALERIE DE PHOTOS avec des photos du photographe Patrick von Staufenberg de l&rsquo;\u00e9v\u00e9nement \u00ab SEITENstra\u00dfe \u2013 Reading Behind the Counter \u00bb le samedi 23 novembre 2024 (cliquez sur l&rsquo;image pour l&rsquo;agrandir) :<\/strong><\/em><\/p>\n<div class=\"wp-gallery row\">\n<figure class=\"column small-6 medium-3 end\"><img decoding=\"async\" src=\"https:\/\/vieassociative.be\/actualites\/wp-content\/uploads\/2024\/11\/1732457874_84_De-la-litterature-dans-une-atmosphere-decontractee-et-conviviale-\u2013.jpg\" width=\"159\" height=\"159\" alt=\"\"><\/figure>\n<figure class=\"column small-6 medium-3 end\"><img decoding=\"async\" src=\"https:\/\/vieassociative.be\/actualites\/wp-content\/uploads\/2024\/11\/1732457874_265_De-la-litterature-dans-une-atmosphere-decontractee-et-conviviale-\u2013.jpg\" width=\"159\" height=\"159\" alt=\"\"><\/figure>\n<figure class=\"column small-6 medium-3 end\"><img loading=\"lazy\" decoding=\"async\" src=\"https:\/\/vieassociative.be\/actualites\/wp-content\/uploads\/2024\/11\/1732457874_175_De-la-litterature-dans-une-atmosphere-decontractee-et-conviviale-\u2013.jpg\" width=\"159\" height=\"159\" alt=\"\"><\/figure>\n<figure class=\"column small-6 medium-3 end\"><img loading=\"lazy\" decoding=\"async\" src=\"https:\/\/vieassociative.be\/actualites\/wp-content\/uploads\/2024\/11\/1732457874_47_De-la-litterature-dans-une-atmosphere-decontractee-et-conviviale-\u2013.jpg\" width=\"159\" height=\"159\" alt=\"\"><\/figure>\n<figure class=\"column small-6 medium-3 end\"><img loading=\"lazy\" decoding=\"async\" src=\"https:\/\/vieassociative.be\/actualites\/wp-content\/uploads\/2024\/11\/1732457874_23_De-la-litterature-dans-une-atmosphere-decontractee-et-conviviale-\u2013.jpg\" width=\"159\" height=\"159\" alt=\"\"><\/figure>\n<figure class=\"column small-6 medium-3 end\"><img loading=\"lazy\" decoding=\"async\" src=\"https:\/\/vieassociative.be\/actualites\/wp-content\/uploads\/2024\/11\/1732457874_716_De-la-litterature-dans-une-atmosphere-decontractee-et-conviviale-\u2013.jpg\" width=\"159\" height=\"159\" alt=\"\"><\/figure>\n<figure class=\"column small-6 medium-3 end\"><img loading=\"lazy\" decoding=\"async\" src=\"https:\/\/vieassociative.be\/actualites\/wp-content\/uploads\/2024\/11\/1732457874_417_De-la-litterature-dans-une-atmosphere-decontractee-et-conviviale-\u2013.jpg\" width=\"159\" height=\"159\" alt=\"\"><\/figure>\n<figure class=\"column small-6 medium-3 end\"><img loading=\"lazy\" decoding=\"async\" src=\"https:\/\/vieassociative.be\/actualites\/wp-content\/uploads\/2024\/11\/1732457874_447_De-la-litterature-dans-une-atmosphere-decontractee-et-conviviale-\u2013.jpg\" width=\"159\" height=\"159\" alt=\"\"><\/figure>\n<figure class=\"column small-6 medium-3 end\"><img loading=\"lazy\" decoding=\"async\" src=\"https:\/\/vieassociative.be\/actualites\/wp-content\/uploads\/2024\/11\/1732457874_810_De-la-litterature-dans-une-atmosphere-decontractee-et-conviviale-\u2013.jpg\" width=\"159\" height=\"159\" alt=\"\"><\/figure>\n<figure class=\"column small-6 medium-3 end\"><img loading=\"lazy\" decoding=\"async\" src=\"https:\/\/vieassociative.be\/actualites\/wp-content\/uploads\/2024\/11\/1732457874_673_De-la-litterature-dans-une-atmosphere-decontractee-et-conviviale-\u2013.jpg\" width=\"159\" height=\"159\" alt=\"\"><\/figure>\n<figure class=\"column small-6 medium-3 end\"><img loading=\"lazy\" decoding=\"async\" src=\"https:\/\/vieassociative.be\/actualites\/wp-content\/uploads\/2024\/11\/1732457874_822_De-la-litterature-dans-une-atmosphere-decontractee-et-conviviale-\u2013.jpg\" width=\"159\" height=\"159\" alt=\"\"><\/figure>\n<figure class=\"column small-6 medium-3 end\"><img loading=\"lazy\" decoding=\"async\" src=\"https:\/\/vieassociative.be\/actualites\/wp-content\/uploads\/2024\/11\/1732457874_96_De-la-litterature-dans-une-atmosphere-decontractee-et-conviviale-\u2013.jpg\" width=\"159\" height=\"159\" alt=\"\"><\/figure>\n<figure class=\"column small-6 medium-3 end\"><img loading=\"lazy\" decoding=\"async\" src=\"https:\/\/vieassociative.be\/actualites\/wp-content\/uploads\/2024\/11\/1732457874_471_De-la-litterature-dans-une-atmosphere-decontractee-et-conviviale-\u2013.jpg\" width=\"159\" height=\"159\" alt=\"\"><\/figure>\n<figure class=\"column small-6 medium-3 end\"><img loading=\"lazy\" decoding=\"async\" src=\"https:\/\/vieassociative.be\/actualites\/wp-content\/uploads\/2024\/11\/1732457874_186_De-la-litterature-dans-une-atmosphere-decontractee-et-conviviale-\u2013.jpg\" width=\"159\" height=\"159\" alt=\"\"><\/figure>\n<figure class=\"column small-6 medium-3 end\"><img loading=\"lazy\" decoding=\"async\" src=\"https:\/\/vieassociative.be\/actualites\/wp-content\/uploads\/2024\/11\/1732457874_669_De-la-litterature-dans-une-atmosphere-decontractee-et-conviviale-\u2013.jpg\" width=\"159\" height=\"159\" alt=\"\"><\/figure>\n<figure class=\"column small-6 medium-3 end\"><img loading=\"lazy\" decoding=\"async\" src=\"https:\/\/vieassociative.be\/actualites\/wp-content\/uploads\/2024\/11\/1732457874_605_De-la-litterature-dans-une-atmosphere-decontractee-et-conviviale-\u2013.jpg\" width=\"159\" height=\"159\" alt=\"\"><\/figure>\n<figure class=\"column small-6 medium-3 end\"><img loading=\"lazy\" decoding=\"async\" src=\"https:\/\/vieassociative.be\/actualites\/wp-content\/uploads\/2024\/11\/1732457874_737_De-la-litterature-dans-une-atmosphere-decontractee-et-conviviale-\u2013.jpg\" width=\"159\" height=\"159\" alt=\"\"><\/figure>\n<figure class=\"column small-6 medium-3 end\"><img loading=\"lazy\" decoding=\"async\" src=\"https:\/\/vieassociative.be\/actualites\/wp-content\/uploads\/2024\/11\/1732457874_105_De-la-litterature-dans-une-atmosphere-decontractee-et-conviviale-\u2013.jpg\" width=\"159\" height=\"159\" alt=\"\"><\/figure>\n<figure class=\"column small-6 medium-3 end\"><img loading=\"lazy\" decoding=\"async\" src=\"https:\/\/vieassociative.be\/actualites\/wp-content\/uploads\/2024\/11\/1732457874_263_De-la-litterature-dans-une-atmosphere-decontractee-et-conviviale-\u2013.jpg\" width=\"159\" height=\"159\" alt=\"\"><\/figure>\n<figure class=\"column small-6 medium-3 end\"><img loading=\"lazy\" decoding=\"async\" src=\"https:\/\/vieassociative.be\/actualites\/wp-content\/uploads\/2024\/11\/1732457874_306_De-la-litterature-dans-une-atmosphere-decontractee-et-conviviale-\u2013.jpg\" width=\"159\" height=\"159\" alt=\"\"><\/figure>\n<figure class=\"column small-6 medium-3 end\"><img loading=\"lazy\" decoding=\"async\" src=\"https:\/\/vieassociative.be\/actualites\/wp-content\/uploads\/2024\/11\/1732457874_891_De-la-litterature-dans-une-atmosphere-decontractee-et-conviviale-\u2013.jpg\" width=\"159\" height=\"159\" alt=\"\"><\/figure>\n<figure class=\"column small-6 medium-3 end\"><img loading=\"lazy\" decoding=\"async\" src=\"https:\/\/vieassociative.be\/actualites\/wp-content\/uploads\/2024\/11\/1732457874_800_De-la-litterature-dans-une-atmosphere-decontractee-et-conviviale-\u2013.jpg\" width=\"159\" height=\"159\" alt=\"\"><\/figure>\n<figure class=\"column small-6 medium-3 end\"><img loading=\"lazy\" decoding=\"async\" src=\"https:\/\/vieassociative.be\/actualites\/wp-content\/uploads\/2024\/11\/1732457874_967_De-la-litterature-dans-une-atmosphere-decontractee-et-conviviale-\u2013.jpg\" width=\"159\" height=\"159\" alt=\"\"><\/figure>\n<figure class=\"column small-6 medium-3 end\"><img loading=\"lazy\" decoding=\"async\" src=\"https:\/\/vieassociative.be\/actualites\/wp-content\/uploads\/2024\/11\/1732457874_797_De-la-litterature-dans-une-atmosphere-decontractee-et-conviviale-\u2013.jpg\" width=\"159\" height=\"159\" alt=\"\"><\/figure>\n<figure class=\"column small-6 medium-3 end\"><img loading=\"lazy\" decoding=\"async\" src=\"https:\/\/vieassociative.be\/actualites\/wp-content\/uploads\/2024\/11\/1732457874_523_De-la-litterature-dans-une-atmosphere-decontractee-et-conviviale-\u2013.jpg\" width=\"159\" height=\"159\" alt=\"\"><\/figure>\n<figure class=\"column small-6 medium-3 end\"><img loading=\"lazy\" decoding=\"async\" src=\"https:\/\/vieassociative.be\/actualites\/wp-content\/uploads\/2024\/11\/1732457874_905_De-la-litterature-dans-une-atmosphere-decontractee-et-conviviale-\u2013.jpg\" width=\"159\" height=\"159\" alt=\"\"><\/figure>\n<figure class=\"column small-6 medium-3 end\"><img loading=\"lazy\" decoding=\"async\" src=\"https:\/\/vieassociative.be\/actualites\/wp-content\/uploads\/2024\/11\/1732457874_110_De-la-litterature-dans-une-atmosphere-decontractee-et-conviviale-\u2013.jpg\" width=\"159\" height=\"159\" alt=\"\"><\/figure>\n<figure class=\"column small-6 medium-3 end\"><img loading=\"lazy\" decoding=\"async\" src=\"https:\/\/vieassociative.be\/actualites\/wp-content\/uploads\/2024\/11\/1732457874_499_De-la-litterature-dans-une-atmosphere-decontractee-et-conviviale-\u2013.jpg\" width=\"159\" height=\"159\" alt=\"\"><\/figure>\n<figure class=\"column small-6 medium-3 end\"><img loading=\"lazy\" decoding=\"async\" src=\"https:\/\/vieassociative.be\/actualites\/wp-content\/uploads\/2024\/11\/1732457874_712_De-la-litterature-dans-une-atmosphere-decontractee-et-conviviale-\u2013.jpg\" width=\"159\" height=\"159\" alt=\"\"><\/figure>\n<figure class=\"column small-6 medium-3 end\"><img loading=\"lazy\" decoding=\"async\" src=\"https:\/\/vieassociative.be\/actualites\/wp-content\/uploads\/2024\/11\/1732457874_114_De-la-litterature-dans-une-atmosphere-decontractee-et-conviviale-\u2013.jpg\" width=\"159\" height=\"159\" alt=\"\"><\/figure>\n<figure class=\"column small-6 medium-3 end\"><img loading=\"lazy\" decoding=\"async\" src=\"https:\/\/vieassociative.be\/actualites\/wp-content\/uploads\/2024\/11\/1732457874_722_De-la-litterature-dans-une-atmosphere-decontractee-et-conviviale-\u2013.jpg\" width=\"159\" height=\"159\" alt=\"\"><\/figure>\n<figure class=\"column small-6 medium-3 end\"><img loading=\"lazy\" decoding=\"async\" src=\"https:\/\/vieassociative.be\/actualites\/wp-content\/uploads\/2024\/11\/1732457874_954_De-la-litterature-dans-une-atmosphere-decontractee-et-conviviale-\u2013.jpg\" width=\"159\" height=\"159\" alt=\"\"><\/figure>\n<figure class=\"column small-6 medium-3 end\"><img loading=\"lazy\" decoding=\"async\" src=\"https:\/\/vieassociative.be\/actualites\/wp-content\/uploads\/2024\/11\/1732457874_307_De-la-litterature-dans-une-atmosphere-decontractee-et-conviviale-\u2013.jpg\" width=\"159\" height=\"159\" alt=\"\"><\/figure>\n<figure class=\"column small-6 medium-3 end\"><img loading=\"lazy\" decoding=\"async\" src=\"https:\/\/vieassociative.be\/actualites\/wp-content\/uploads\/2024\/11\/1732457874_513_De-la-litterature-dans-une-atmosphere-decontractee-et-conviviale-\u2013.jpg\" width=\"159\" height=\"159\" alt=\"\"><\/figure>\n<\/div>\n","protected":false},"excerpt":{"rendered":"<p>On pr\u00e9tend souvent que dans le monde tr\u00e9pidant d&rsquo;aujourd&rsquo;hui, de moins en moins de livres sont lus et que les gens ne peuvent plus \u00e9couter<\/p>\n","protected":false},"author":1,"featured_media":2728,"comment_status":"","ping_status":"","sticky":false,"template":"","format":"standard","meta":{"footnotes":""},"categories":[298],"tags":[3466,3467,166,328,3257,3465,283,3468,110],"class_list":["post-2727","post","type-post","status-publish","format-standard","has-post-thumbnail","hentry","category-belgique","tag-atmosphere","tag-conviviale","tag-dans","tag-decontractee","tag-galerie","tag-litterature","tag-photos","tag-seitenstrase","tag-une","generate-columns","tablet-grid-50","mobile-grid-100","grid-parent","grid-33"],"yoast_head":"<!-- This site is optimized with the Yoast SEO plugin v24.0 - https:\/\/yoast.com\/wordpress\/plugins\/seo\/ -->\n<title>De la litt\u00e9rature dans une atmosph\u00e8re d\u00e9contract\u00e9e et conviviale \u2013 photos de la \u00ab SEITENstra\u00dfe \u00bb 2024 (galerie de photos) | Vie Associative<\/title>\n<meta name=\"robots\" content=\"index, follow, max-snippet:-1, max-image-preview:large, max-video-preview:-1\" \/>\n<link rel=\"canonical\" href=\"https:\/\/vieassociative.be\/actualites\/de-la-litterature-dans-une-atmosphere-decontractee-et-conviviale-photos-de-la-seitenstrase-2024-galerie-de-photos\/\" \/>\n<meta property=\"og:locale\" content=\"fr_FR\" \/>\n<meta property=\"og:type\" content=\"article\" \/>\n<meta property=\"og:title\" content=\"De la litt\u00e9rature dans une atmosph\u00e8re d\u00e9contract\u00e9e et conviviale \u2013 photos de la \u00ab SEITENstra\u00dfe \u00bb 2024 (galerie de photos) | Vie Associative\" \/>\n<meta property=\"og:description\" content=\"On pr\u00e9tend souvent que dans le monde tr\u00e9pidant d&rsquo;aujourd&rsquo;hui, de moins en moins de livres sont lus et que les gens ne peuvent plus \u00e9couter\" \/>\n<meta property=\"og:url\" content=\"https:\/\/vieassociative.be\/actualites\/de-la-litterature-dans-une-atmosphere-decontractee-et-conviviale-photos-de-la-seitenstrase-2024-galerie-de-photos\/\" \/>\n<meta property=\"og:site_name\" content=\"Vie Associative\" \/>\n<meta property=\"article:published_time\" content=\"2024-11-24T14:17:54+00:00\" \/>\n<meta property=\"og:image\" content=\"https:\/\/vieassociative.be\/actualites\/wp-content\/uploads\/2024\/09\/header_backgroundk-01-e1726694325946.png\" \/>\n\t<meta property=\"og:image:width\" content=\"279\" \/>\n\t<meta property=\"og:image:height\" content=\"92\" \/>\n\t<meta property=\"og:image:type\" content=\"image\/png\" \/>\n<meta name=\"author\" content=\"Julien\" \/>\n<meta name=\"twitter:card\" content=\"summary_large_image\" \/>\n<meta name=\"twitter:label1\" content=\"\u00c9crit par\" \/>\n\t<meta name=\"twitter:data1\" content=\"Julien\" \/>\n\t<meta name=\"twitter:label2\" content=\"Dur\u00e9e de lecture est.\" \/>\n\t<meta name=\"twitter:data2\" content=\"2 minutes\" \/>\n<script type=\"application\/ld+json\" class=\"yoast-schema-graph\">{\"@context\":\"https:\/\/schema.org\",\"@graph\":[{\"@type\":\"Article\",\"@id\":\"https:\/\/vieassociative.be\/actualites\/de-la-litterature-dans-une-atmosphere-decontractee-et-conviviale-photos-de-la-seitenstrase-2024-galerie-de-photos\/#article\",\"isPartOf\":{\"@id\":\"https:\/\/vieassociative.be\/actualites\/de-la-litterature-dans-une-atmosphere-decontractee-et-conviviale-photos-de-la-seitenstrase-2024-galerie-de-photos\/\"},\"author\":{\"name\":\"Julien\",\"@id\":\"https:\/\/vieassociative.be\/actualites\/#\/schema\/person\/b87ac4f82f9d4e7b7cec7395b679edc4\"},\"headline\":\"De la litt\u00e9rature dans une atmosph\u00e8re d\u00e9contract\u00e9e et conviviale \u2013 photos de la \u00ab SEITENstra\u00dfe \u00bb 2024 (galerie de photos)\",\"datePublished\":\"2024-11-24T14:17:54+00:00\",\"dateModified\":\"2024-11-24T14:17:54+00:00\",\"mainEntityOfPage\":{\"@id\":\"https:\/\/vieassociative.be\/actualites\/de-la-litterature-dans-une-atmosphere-decontractee-et-conviviale-photos-de-la-seitenstrase-2024-galerie-de-photos\/\"},\"wordCount\":394,\"publisher\":{\"@id\":\"https:\/\/vieassociative.be\/actualites\/#organization\"},\"image\":{\"@id\":\"https:\/\/vieassociative.be\/actualites\/de-la-litterature-dans-une-atmosphere-decontractee-et-conviviale-photos-de-la-seitenstrase-2024-galerie-de-photos\/#primaryimage\"},\"thumbnailUrl\":\"https:\/\/vieassociative.be\/actualites\/wp-content\/uploads\/2024\/11\/1732457875_De-la-litterature-dans-une-atmosphere-decontractee-et-conviviale-\u2013.jpg\",\"keywords\":[\"atmosph\u00e8re\",\"conviviale\",\"dans\",\"d\u00e9contract\u00e9e\",\"galerie\",\"litt\u00e9rature\",\"Photos\",\"SEITENstra\u00dfe\",\"une\"],\"articleSection\":[\"Belgique\"],\"inLanguage\":\"fr-BE\"},{\"@type\":\"WebPage\",\"@id\":\"https:\/\/vieassociative.be\/actualites\/de-la-litterature-dans-une-atmosphere-decontractee-et-conviviale-photos-de-la-seitenstrase-2024-galerie-de-photos\/\",\"url\":\"https:\/\/vieassociative.be\/actualites\/de-la-litterature-dans-une-atmosphere-decontractee-et-conviviale-photos-de-la-seitenstrase-2024-galerie-de-photos\/\",\"name\":\"De la litt\u00e9rature dans une atmosph\u00e8re d\u00e9contract\u00e9e et conviviale \u2013 photos de la \u00ab SEITENstra\u00dfe \u00bb 2024 (galerie de photos) | Vie Associative\",\"isPartOf\":{\"@id\":\"https:\/\/vieassociative.be\/actualites\/#website\"},\"primaryImageOfPage\":{\"@id\":\"https:\/\/vieassociative.be\/actualites\/de-la-litterature-dans-une-atmosphere-decontractee-et-conviviale-photos-de-la-seitenstrase-2024-galerie-de-photos\/#primaryimage\"},\"image\":{\"@id\":\"https:\/\/vieassociative.be\/actualites\/de-la-litterature-dans-une-atmosphere-decontractee-et-conviviale-photos-de-la-seitenstrase-2024-galerie-de-photos\/#primaryimage\"},\"thumbnailUrl\":\"https:\/\/vieassociative.be\/actualites\/wp-content\/uploads\/2024\/11\/1732457875_De-la-litterature-dans-une-atmosphere-decontractee-et-conviviale-\u2013.jpg\",\"datePublished\":\"2024-11-24T14:17:54+00:00\",\"dateModified\":\"2024-11-24T14:17:54+00:00\",\"breadcrumb\":{\"@id\":\"https:\/\/vieassociative.be\/actualites\/de-la-litterature-dans-une-atmosphere-decontractee-et-conviviale-photos-de-la-seitenstrase-2024-galerie-de-photos\/#breadcrumb\"},\"inLanguage\":\"fr-BE\",\"potentialAction\":[{\"@type\":\"ReadAction\",\"target\":[\"https:\/\/vieassociative.be\/actualites\/de-la-litterature-dans-une-atmosphere-decontractee-et-conviviale-photos-de-la-seitenstrase-2024-galerie-de-photos\/\"]}]},{\"@type\":\"ImageObject\",\"inLanguage\":\"fr-BE\",\"@id\":\"https:\/\/vieassociative.be\/actualites\/de-la-litterature-dans-une-atmosphere-decontractee-et-conviviale-photos-de-la-seitenstrase-2024-galerie-de-photos\/#primaryimage\",\"url\":\"https:\/\/vieassociative.be\/actualites\/wp-content\/uploads\/2024\/11\/1732457875_De-la-litterature-dans-une-atmosphere-decontractee-et-conviviale-\u2013.jpg\",\"contentUrl\":\"https:\/\/vieassociative.be\/actualites\/wp-content\/uploads\/2024\/11\/1732457875_De-la-litterature-dans-une-atmosphere-decontractee-et-conviviale-\u2013.jpg\",\"width\":2560,\"height\":1710,\"caption\":\"De la litt\u00e9rature dans une atmosph\u00e8re d\u00e9contract\u00e9e et conviviale \u2013 photos de la \u00ab SEITENstra\u00dfe \u00bb 2024 (galerie de photos)\"},{\"@type\":\"BreadcrumbList\",\"@id\":\"https:\/\/vieassociative.be\/actualites\/de-la-litterature-dans-une-atmosphere-decontractee-et-conviviale-photos-de-la-seitenstrase-2024-galerie-de-photos\/#breadcrumb\",\"itemListElement\":[{\"@type\":\"ListItem\",\"position\":1,\"name\":\"Accueil\",\"item\":\"https:\/\/vieassociative.be\/actualites\/\"},{\"@type\":\"ListItem\",\"position\":2,\"name\":\"De la litt\u00e9rature dans une atmosph\u00e8re d\u00e9contract\u00e9e et conviviale \u2013 photos de la \u00ab SEITENstra\u00dfe \u00bb 2024 (galerie de photos)\"}]},{\"@type\":\"WebSite\",\"@id\":\"https:\/\/vieassociative.be\/actualites\/#website\",\"url\":\"https:\/\/vieassociative.be\/actualites\/\",\"name\":\"Vie Associative\",\"description\":\"\",\"publisher\":{\"@id\":\"https:\/\/vieassociative.be\/actualites\/#organization\"},\"potentialAction\":[{\"@type\":\"SearchAction\",\"target\":{\"@type\":\"EntryPoint\",\"urlTemplate\":\"https:\/\/vieassociative.be\/actualites\/?s={search_term_string}\"},\"query-input\":{\"@type\":\"PropertyValueSpecification\",\"valueRequired\":true,\"valueName\":\"search_term_string\"}}],\"inLanguage\":\"fr-BE\"},{\"@type\":\"Organization\",\"@id\":\"https:\/\/vieassociative.be\/actualites\/#organization\",\"name\":\"Vie Associative\",\"url\":\"https:\/\/vieassociative.be\/actualites\/\",\"logo\":{\"@type\":\"ImageObject\",\"inLanguage\":\"fr-BE\",\"@id\":\"https:\/\/vieassociative.be\/actualites\/#\/schema\/logo\/image\/\",\"url\":\"https:\/\/vieassociative.be\/actualites\/wp-content\/uploads\/2024\/09\/cropped-vieassociative_favicon.ico.png\",\"contentUrl\":\"https:\/\/vieassociative.be\/actualites\/wp-content\/uploads\/2024\/09\/cropped-vieassociative_favicon.ico.png\",\"width\":512,\"height\":512,\"caption\":\"Vie Associative\"},\"image\":{\"@id\":\"https:\/\/vieassociative.be\/actualites\/#\/schema\/logo\/image\/\"}},{\"@type\":\"Person\",\"@id\":\"https:\/\/vieassociative.be\/actualites\/#\/schema\/person\/b87ac4f82f9d4e7b7cec7395b679edc4\",\"name\":\"Julien\",\"image\":{\"@type\":\"ImageObject\",\"inLanguage\":\"fr-BE\",\"@id\":\"https:\/\/vieassociative.be\/actualites\/#\/schema\/person\/image\/\",\"url\":\"https:\/\/vieassociative.be\/actualites\/wp-content\/uploads\/2024\/09\/vie-associative-1-150x150.jpg\",\"contentUrl\":\"https:\/\/vieassociative.be\/actualites\/wp-content\/uploads\/2024\/09\/vie-associative-1-150x150.jpg\",\"caption\":\"Julien\"},\"description\":\"Je suis Julien, r\u00e9dacteur pour Vie Associative. Passionn\u00e9 par le monde associatif depuis plus de 10 ans, j'ai \u00e0 c\u0153ur de partager des histoires inspirantes et de mettre en lumi\u00e8re les initiatives locales. Mon objectif est de sensibiliser et d'encourager l'engagement communautaire \u00e0 travers mes articles.\",\"sameAs\":[\"https:\/\/vieassociative.be\/\"]}]}<\/script>\n<!-- \/ Yoast SEO plugin. -->","yoast_head_json":{"title":"De la litt\u00e9rature dans une atmosph\u00e8re d\u00e9contract\u00e9e et conviviale \u2013 photos de la \u00ab SEITENstra\u00dfe \u00bb 2024 (galerie de photos) | Vie Associative","robots":{"index":"index","follow":"follow","max-snippet":"max-snippet:-1","max-image-preview":"max-image-preview:large","max-video-preview":"max-video-preview:-1"},"canonical":"https:\/\/vieassociative.be\/actualites\/de-la-litterature-dans-une-atmosphere-decontractee-et-conviviale-photos-de-la-seitenstrase-2024-galerie-de-photos\/","og_locale":"fr_FR","og_type":"article","og_title":"De la litt\u00e9rature dans une atmosph\u00e8re d\u00e9contract\u00e9e et conviviale \u2013 photos de la \u00ab SEITENstra\u00dfe \u00bb 2024 (galerie de photos) | Vie Associative","og_description":"On pr\u00e9tend souvent que dans le monde tr\u00e9pidant d&rsquo;aujourd&rsquo;hui, de moins en moins de livres sont lus et que les gens ne peuvent plus \u00e9couter","og_url":"https:\/\/vieassociative.be\/actualites\/de-la-litterature-dans-une-atmosphere-decontractee-et-conviviale-photos-de-la-seitenstrase-2024-galerie-de-photos\/","og_site_name":"Vie Associative","article_published_time":"2024-11-24T14:17:54+00:00","og_image":[{"width":279,"height":92,"url":"https:\/\/vieassociative.be\/actualites\/wp-content\/uploads\/2024\/09\/header_backgroundk-01-e1726694325946.png","type":"image\/png"}],"author":"Julien","twitter_card":"summary_large_image","twitter_misc":{"\u00c9crit par":"Julien","Dur\u00e9e de lecture est.":"2 minutes"},"schema":{"@context":"https:\/\/schema.org","@graph":[{"@type":"Article","@id":"https:\/\/vieassociative.be\/actualites\/de-la-litterature-dans-une-atmosphere-decontractee-et-conviviale-photos-de-la-seitenstrase-2024-galerie-de-photos\/#article","isPartOf":{"@id":"https:\/\/vieassociative.be\/actualites\/de-la-litterature-dans-une-atmosphere-decontractee-et-conviviale-photos-de-la-seitenstrase-2024-galerie-de-photos\/"},"author":{"name":"Julien","@id":"https:\/\/vieassociative.be\/actualites\/#\/schema\/person\/b87ac4f82f9d4e7b7cec7395b679edc4"},"headline":"De la litt\u00e9rature dans une atmosph\u00e8re d\u00e9contract\u00e9e et conviviale \u2013 photos de la \u00ab SEITENstra\u00dfe \u00bb 2024 (galerie de photos)","datePublished":"2024-11-24T14:17:54+00:00","dateModified":"2024-11-24T14:17:54+00:00","mainEntityOfPage":{"@id":"https:\/\/vieassociative.be\/actualites\/de-la-litterature-dans-une-atmosphere-decontractee-et-conviviale-photos-de-la-seitenstrase-2024-galerie-de-photos\/"},"wordCount":394,"publisher":{"@id":"https:\/\/vieassociative.be\/actualites\/#organization"},"image":{"@id":"https:\/\/vieassociative.be\/actualites\/de-la-litterature-dans-une-atmosphere-decontractee-et-conviviale-photos-de-la-seitenstrase-2024-galerie-de-photos\/#primaryimage"},"thumbnailUrl":"https:\/\/vieassociative.be\/actualites\/wp-content\/uploads\/2024\/11\/1732457875_De-la-litterature-dans-une-atmosphere-decontractee-et-conviviale-\u2013.jpg","keywords":["atmosph\u00e8re","conviviale","dans","d\u00e9contract\u00e9e","galerie","litt\u00e9rature","Photos","SEITENstra\u00dfe","une"],"articleSection":["Belgique"],"inLanguage":"fr-BE"},{"@type":"WebPage","@id":"https:\/\/vieassociative.be\/actualites\/de-la-litterature-dans-une-atmosphere-decontractee-et-conviviale-photos-de-la-seitenstrase-2024-galerie-de-photos\/","url":"https:\/\/vieassociative.be\/actualites\/de-la-litterature-dans-une-atmosphere-decontractee-et-conviviale-photos-de-la-seitenstrase-2024-galerie-de-photos\/","name":"De la litt\u00e9rature dans une atmosph\u00e8re d\u00e9contract\u00e9e et conviviale \u2013 photos de la \u00ab SEITENstra\u00dfe \u00bb 2024 (galerie de photos) | Vie Associative","isPartOf":{"@id":"https:\/\/vieassociative.be\/actualites\/#website"},"primaryImageOfPage":{"@id":"https:\/\/vieassociative.be\/actualites\/de-la-litterature-dans-une-atmosphere-decontractee-et-conviviale-photos-de-la-seitenstrase-2024-galerie-de-photos\/#primaryimage"},"image":{"@id":"https:\/\/vieassociative.be\/actualites\/de-la-litterature-dans-une-atmosphere-decontractee-et-conviviale-photos-de-la-seitenstrase-2024-galerie-de-photos\/#primaryimage"},"thumbnailUrl":"https:\/\/vieassociative.be\/actualites\/wp-content\/uploads\/2024\/11\/1732457875_De-la-litterature-dans-une-atmosphere-decontractee-et-conviviale-\u2013.jpg","datePublished":"2024-11-24T14:17:54+00:00","dateModified":"2024-11-24T14:17:54+00:00","breadcrumb":{"@id":"https:\/\/vieassociative.be\/actualites\/de-la-litterature-dans-une-atmosphere-decontractee-et-conviviale-photos-de-la-seitenstrase-2024-galerie-de-photos\/#breadcrumb"},"inLanguage":"fr-BE","potentialAction":[{"@type":"ReadAction","target":["https:\/\/vieassociative.be\/actualites\/de-la-litterature-dans-une-atmosphere-decontractee-et-conviviale-photos-de-la-seitenstrase-2024-galerie-de-photos\/"]}]},{"@type":"ImageObject","inLanguage":"fr-BE","@id":"https:\/\/vieassociative.be\/actualites\/de-la-litterature-dans-une-atmosphere-decontractee-et-conviviale-photos-de-la-seitenstrase-2024-galerie-de-photos\/#primaryimage","url":"https:\/\/vieassociative.be\/actualites\/wp-content\/uploads\/2024\/11\/1732457875_De-la-litterature-dans-une-atmosphere-decontractee-et-conviviale-\u2013.jpg","contentUrl":"https:\/\/vieassociative.be\/actualites\/wp-content\/uploads\/2024\/11\/1732457875_De-la-litterature-dans-une-atmosphere-decontractee-et-conviviale-\u2013.jpg","width":2560,"height":1710,"caption":"De la litt\u00e9rature dans une atmosph\u00e8re d\u00e9contract\u00e9e et conviviale \u2013 photos de la \u00ab SEITENstra\u00dfe \u00bb 2024 (galerie de photos)"},{"@type":"BreadcrumbList","@id":"https:\/\/vieassociative.be\/actualites\/de-la-litterature-dans-une-atmosphere-decontractee-et-conviviale-photos-de-la-seitenstrase-2024-galerie-de-photos\/#breadcrumb","itemListElement":[{"@type":"ListItem","position":1,"name":"Accueil","item":"https:\/\/vieassociative.be\/actualites\/"},{"@type":"ListItem","position":2,"name":"De la litt\u00e9rature dans une atmosph\u00e8re d\u00e9contract\u00e9e et conviviale \u2013 photos de la \u00ab SEITENstra\u00dfe \u00bb 2024 (galerie de photos)"}]},{"@type":"WebSite","@id":"https:\/\/vieassociative.be\/actualites\/#website","url":"https:\/\/vieassociative.be\/actualites\/","name":"Vie Associative","description":"","publisher":{"@id":"https:\/\/vieassociative.be\/actualites\/#organization"},"potentialAction":[{"@type":"SearchAction","target":{"@type":"EntryPoint","urlTemplate":"https:\/\/vieassociative.be\/actualites\/?s={search_term_string}"},"query-input":{"@type":"PropertyValueSpecification","valueRequired":true,"valueName":"search_term_string"}}],"inLanguage":"fr-BE"},{"@type":"Organization","@id":"https:\/\/vieassociative.be\/actualites\/#organization","name":"Vie Associative","url":"https:\/\/vieassociative.be\/actualites\/","logo":{"@type":"ImageObject","inLanguage":"fr-BE","@id":"https:\/\/vieassociative.be\/actualites\/#\/schema\/logo\/image\/","url":"https:\/\/vieassociative.be\/actualites\/wp-content\/uploads\/2024\/09\/cropped-vieassociative_favicon.ico.png","contentUrl":"https:\/\/vieassociative.be\/actualites\/wp-content\/uploads\/2024\/09\/cropped-vieassociative_favicon.ico.png","width":512,"height":512,"caption":"Vie Associative"},"image":{"@id":"https:\/\/vieassociative.be\/actualites\/#\/schema\/logo\/image\/"}},{"@type":"Person","@id":"https:\/\/vieassociative.be\/actualites\/#\/schema\/person\/b87ac4f82f9d4e7b7cec7395b679edc4","name":"Julien","image":{"@type":"ImageObject","inLanguage":"fr-BE","@id":"https:\/\/vieassociative.be\/actualites\/#\/schema\/person\/image\/","url":"https:\/\/vieassociative.be\/actualites\/wp-content\/uploads\/2024\/09\/vie-associative-1-150x150.jpg","contentUrl":"https:\/\/vieassociative.be\/actualites\/wp-content\/uploads\/2024\/09\/vie-associative-1-150x150.jpg","caption":"Julien"},"description":"Je suis Julien, r\u00e9dacteur pour Vie Associative. Passionn\u00e9 par le monde associatif depuis plus de 10 ans, j'ai \u00e0 c\u0153ur de partager des histoires inspirantes et de mettre en lumi\u00e8re les initiatives locales. Mon objectif est de sensibiliser et d'encourager l'engagement communautaire \u00e0 travers mes articles.","sameAs":["https:\/\/vieassociative.be\/"]}]}},"_links":{"self":[{"href":"https:\/\/vieassociative.be\/actualites\/wp-json\/wp\/v2\/posts\/2727"}],"collection":[{"href":"https:\/\/vieassociative.be\/actualites\/wp-json\/wp\/v2\/posts"}],"about":[{"href":"https:\/\/vieassociative.be\/actualites\/wp-json\/wp\/v2\/types\/post"}],"author":[{"embeddable":true,"href":"https:\/\/vieassociative.be\/actualites\/wp-json\/wp\/v2\/users\/1"}],"replies":[{"embeddable":true,"href":"https:\/\/vieassociative.be\/actualites\/wp-json\/wp\/v2\/comments?post=2727"}],"version-history":[{"count":0,"href":"https:\/\/vieassociative.be\/actualites\/wp-json\/wp\/v2\/posts\/2727\/revisions"}],"wp:featuredmedia":[{"embeddable":true,"href":"https:\/\/vieassociative.be\/actualites\/wp-json\/wp\/v2\/media\/2728"}],"wp:attachment":[{"href":"https:\/\/vieassociative.be\/actualites\/wp-json\/wp\/v2\/media?parent=2727"}],"wp:term":[{"taxonomy":"category","embeddable":true,"href":"https:\/\/vieassociative.be\/actualites\/wp-json\/wp\/v2\/categories?post=2727"},{"taxonomy":"post_tag","embeddable":true,"href":"https:\/\/vieassociative.be\/actualites\/wp-json\/wp\/v2\/tags?post=2727"}],"curies":[{"name":"wp","href":"https:\/\/api.w.org\/{rel}","templated":true}]}}