{"id":2723,"date":"2024-11-24T12:17:38","date_gmt":"2024-11-24T11:17:38","guid":{"rendered":"https:\/\/vieassociative.be\/actualites\/gardez-ces-elements-a-jour-sur-la-puce-electronique-de-votre-animal-et-comment-le-faire\/"},"modified":"2024-11-24T12:17:38","modified_gmt":"2024-11-24T11:17:38","slug":"gardez-ces-elements-a-jour-sur-la-puce-electronique-de-votre-animal-et-comment-le-faire","status":"publish","type":"post","link":"https:\/\/vieassociative.be\/actualites\/gardez-ces-elements-a-jour-sur-la-puce-electronique-de-votre-animal-et-comment-le-faire\/","title":{"rendered":"Gardez ces \u00e9l\u00e9ments \u00e0 jour sur la puce \u00e9lectronique de votre animal (et comment le faire)"},"content":{"rendered":"<div class=\"mt-4 leading-6 md:mb-8\">Consid\u00e9rez ceci comme votre rappel pour v\u00e9rifier que tout est correct dans la base de donn\u00e9es.<\/div>\n<p><\/p>\n<p>Si votre animal se perd, une puce \u00e9lectronique peut vous aider \u00e0 le ramener \u00e0 la maison. Mais ce que certains propri\u00e9taires d\u2019animaux ne r\u00e9alisent pas \u2013 ou savaient autrefois, mais ont oubli\u00e9 \u2013 c\u2019est que la puce ne fait rien \u00e0 elle seule. Cela permet simplement \u00e0 un v\u00e9t\u00e9rinaire ou \u00e0 un refuge de rechercher un num\u00e9ro dans une base de donn\u00e9es. Vous voulez donc vous assurer que vos informations de contact dans cette base de donn\u00e9es sont correctes et \u00e0 jour.<\/p>\n<h2 id=\"what-does-a-pets-microchip-actually-do\">\u00c0 quoi sert r\u00e9ellement la puce \u00e9lectronique d\u2019un animal ?<\/h2>\n<p>M\u00eame si l\u2019id\u00e9e d\u2019avoir une \u00ab puce \u00e9lectronique \u00bb semble futuriste, la technologie est tr\u00e8s simple. Il n&rsquo;y a pas de traceur GPS impliqu\u00e9, ou quelque chose comme \u00e7a. L\u2019American Veterinary Medical Association d\u00e9crit la technologie ainsi\u00a0: <\/p>\n<blockquote>\n<p>La puce elle-m\u00eame n&rsquo;a pas de batterie : elle est activ\u00e9e par un scanner qui passe au-dessus de la zone, et les ondes radio \u00e9mises par le scanner activent la puce. La puce transmet le num\u00e9ro d&rsquo;identification au scanner, qui affiche le num\u00e9ro sur l&rsquo;\u00e9cran. <\/p>\n<\/blockquote>\n<p>L&rsquo;id\u00e9e est similaire \u00e0 celle d&rsquo;inscrire votre adresse sur une \u00e9tiquette sur le collier de l&rsquo;animal, mais contrairement \u00e0 une \u00e9tiquette, une puce fonctionnera m\u00eame s&rsquo;il se tortille hors de son collier ou quitte la maison sans l&rsquo;avoir. Tu devrais <em>aussi<\/em> donnez cependant \u00e0 votre animal un collier et une \u00e9tiquette, car un voisin qui trouve l&rsquo;animal peut facilement lire vos coordonn\u00e9es sur l&rsquo;\u00e9tiquette. La seule fa\u00e7on de scanner une micropuce est de l\u2019apporter \u00e0 quelqu\u2019un comme un v\u00e9t\u00e9rinaire, qui dispose d\u2019un scanner sp\u00e9cial. <\/p>\n<h2 id=\"how-to-keep-your-pets-microchip-up-to-date\"><strong>Comment garder la puce \u00e9lectronique de votre animal \u00e0 jour<\/strong><\/h2>\n<p>Lorsque vous obtenez une micropuce pour votre animal de compagnie ou lorsque vous adoptez un animal sur lequel une micropuce a d\u00e9j\u00e0 \u00e9t\u00e9 plac\u00e9e, vous recevrez des formulaires \u00e0 remplir avec votre nom, votre adresse et d&rsquo;autres informations. Ces informations sont enregistr\u00e9es dans une base de donn\u00e9es. Ensuite, lorsqu&rsquo;un v\u00e9t\u00e9rinaire ou un employ\u00e9 d&rsquo;un refuge scannera la puce, il pourra rechercher les informations de contact associ\u00e9es dans la base de donn\u00e9es.<\/p>\n<p>Si vous avez d\u00e9m\u00e9nag\u00e9 depuis, vous devez vous assurer de mettre \u00e0 jour vos informations. Il peut \u00eatre utile de d\u00e9finir un rappel pour le faire une fois par an, soit lors de l&rsquo;examen annuel de votre animal, soit le jour de son anniversaire, ou \u00e0 chaque fois que cela vous semble logique. (Le 15 ao\u00fbt est la Journ\u00e9e nationale de v\u00e9rification de la puce, si vous souhaitez utiliser cette date.) Vous pouvez \u00e9galement demander \u00e0 votre v\u00e9t\u00e9rinaire de scanner la puce lors d&rsquo;un examen pour vous assurer qu&rsquo;elle est toujours lisible.<\/p>\n<h2 id=\"does-it-matter-which-database-my-information-is-in\"><strong>La base de donn\u00e9es dans laquelle se trouvent mes informations est-elle importante\u00a0?<\/strong><\/h2>\n<p>Il existe de nombreuses bases de donn\u00e9es de micropuces et, malheureusement, il n&rsquo;existe pas une seule base de donn\u00e9es universelle contenant les informations de tout le monde. L&rsquo;AVMA indique que la base de donn\u00e9es la plus importante dans laquelle stocker vos informations est celle g\u00e9r\u00e9e par le fabricant de votre puce. Ils disposent \u00e9galement d&rsquo;un outil de recherche de micropuces qui localisera la base de donn\u00e9es appropri\u00e9e \u00e0 partir du num\u00e9ro de s\u00e9rie de la puce.<\/p>\n<p>C&rsquo;est une bonne id\u00e9e de conserver quelque part le num\u00e9ro de votre animal, car la seule fa\u00e7on de lire le num\u00e9ro sur la puce est d&rsquo;utiliser un scanner. La puce est probablement accompagn\u00e9e du num\u00e9ro sur certains documents, ou vous pouvez demander \u00e0 votre v\u00e9t\u00e9rinaire de scanner votre animal et de vous indiquer le num\u00e9ro. Si vous ne savez pas o\u00f9 mettre \u00e0 jour vos informations, branchez le num\u00e9ro dans l&rsquo;outil de l&rsquo;AVMA pour trouver la base de donn\u00e9es appropri\u00e9e.<\/p>\n<p><\/p>\n","protected":false},"excerpt":{"rendered":"<p>Consid\u00e9rez ceci comme votre rappel pour v\u00e9rifier que tout est correct dans la base de donn\u00e9es. Si votre animal se perd, une puce \u00e9lectronique peut<\/p>\n","protected":false},"author":1,"featured_media":2724,"comment_status":"","ping_status":"","sticky":false,"template":"","format":"standard","meta":{"footnotes":""},"categories":[37],"tags":[650,248,44,2384,1945,127,986,53,3461,33,8],"class_list":["post-2723","post","type-post","status-publish","format-standard","has-post-thumbnail","hentry","category-famille","tag-animal","tag-ces","tag-comment","tag-electronique","tag-elements","tag-faire","tag-gardez","tag-jour","tag-puce","tag-sur","tag-votre","generate-columns","tablet-grid-50","mobile-grid-100","grid-parent","grid-33"],"yoast_head":"<!-- This site is optimized with the Yoast SEO plugin v24.0 - https:\/\/yoast.com\/wordpress\/plugins\/seo\/ -->\n<title>Gardez ces \u00e9l\u00e9ments \u00e0 jour sur la puce \u00e9lectronique de votre animal (et comment le faire) | Vie Associative<\/title>\n<meta name=\"robots\" content=\"index, follow, max-snippet:-1, max-image-preview:large, max-video-preview:-1\" \/>\n<link rel=\"canonical\" href=\"https:\/\/vieassociative.be\/actualites\/gardez-ces-elements-a-jour-sur-la-puce-electronique-de-votre-animal-et-comment-le-faire\/\" \/>\n<meta property=\"og:locale\" content=\"fr_FR\" \/>\n<meta property=\"og:type\" content=\"article\" \/>\n<meta property=\"og:title\" content=\"Gardez ces \u00e9l\u00e9ments \u00e0 jour sur la puce \u00e9lectronique de votre animal (et comment le faire) | Vie Associative\" \/>\n<meta property=\"og:description\" content=\"Consid\u00e9rez ceci comme votre rappel pour v\u00e9rifier que tout est correct dans la base de donn\u00e9es. Si votre animal se perd, une puce \u00e9lectronique peut\" \/>\n<meta property=\"og:url\" content=\"https:\/\/vieassociative.be\/actualites\/gardez-ces-elements-a-jour-sur-la-puce-electronique-de-votre-animal-et-comment-le-faire\/\" \/>\n<meta property=\"og:site_name\" content=\"Vie Associative\" \/>\n<meta property=\"article:published_time\" content=\"2024-11-24T11:17:38+00:00\" \/>\n<meta property=\"og:image\" content=\"https:\/\/vieassociative.be\/actualites\/wp-content\/uploads\/2024\/09\/header_backgroundk-01-e1726694325946.png\" \/>\n\t<meta property=\"og:image:width\" content=\"279\" \/>\n\t<meta property=\"og:image:height\" content=\"92\" \/>\n\t<meta property=\"og:image:type\" content=\"image\/png\" \/>\n<meta name=\"author\" content=\"Julien\" \/>\n<meta name=\"twitter:card\" content=\"summary_large_image\" \/>\n<meta name=\"twitter:label1\" content=\"\u00c9crit par\" \/>\n\t<meta name=\"twitter:data1\" content=\"Julien\" \/>\n\t<meta name=\"twitter:label2\" content=\"Dur\u00e9e de lecture est.\" \/>\n\t<meta name=\"twitter:data2\" content=\"3 minutes\" \/>\n<script type=\"application\/ld+json\" class=\"yoast-schema-graph\">{\"@context\":\"https:\/\/schema.org\",\"@graph\":[{\"@type\":\"Article\",\"@id\":\"https:\/\/vieassociative.be\/actualites\/gardez-ces-elements-a-jour-sur-la-puce-electronique-de-votre-animal-et-comment-le-faire\/#article\",\"isPartOf\":{\"@id\":\"https:\/\/vieassociative.be\/actualites\/gardez-ces-elements-a-jour-sur-la-puce-electronique-de-votre-animal-et-comment-le-faire\/\"},\"author\":{\"name\":\"Julien\",\"@id\":\"https:\/\/vieassociative.be\/actualites\/#\/schema\/person\/b87ac4f82f9d4e7b7cec7395b679edc4\"},\"headline\":\"Gardez ces \u00e9l\u00e9ments \u00e0 jour sur la puce \u00e9lectronique de votre animal (et comment le faire)\",\"datePublished\":\"2024-11-24T11:17:38+00:00\",\"dateModified\":\"2024-11-24T11:17:38+00:00\",\"mainEntityOfPage\":{\"@id\":\"https:\/\/vieassociative.be\/actualites\/gardez-ces-elements-a-jour-sur-la-puce-electronique-de-votre-animal-et-comment-le-faire\/\"},\"wordCount\":703,\"publisher\":{\"@id\":\"https:\/\/vieassociative.be\/actualites\/#organization\"},\"image\":{\"@id\":\"https:\/\/vieassociative.be\/actualites\/gardez-ces-elements-a-jour-sur-la-puce-electronique-de-votre-animal-et-comment-le-faire\/#primaryimage\"},\"thumbnailUrl\":\"https:\/\/vieassociative.be\/actualites\/wp-content\/uploads\/2024\/11\/Gardez-ces-elements-a-jour-sur-la-puce-electronique-de.jpg\",\"keywords\":[\"animal\",\"ces\",\"Comment\",\"\u00e9lectronique\",\"\u00e9l\u00e9ments\",\"faire\",\"Gardez\",\"jour\",\"puce\",\"sur\",\"votre\"],\"articleSection\":[\"Famille\"],\"inLanguage\":\"fr-BE\"},{\"@type\":\"WebPage\",\"@id\":\"https:\/\/vieassociative.be\/actualites\/gardez-ces-elements-a-jour-sur-la-puce-electronique-de-votre-animal-et-comment-le-faire\/\",\"url\":\"https:\/\/vieassociative.be\/actualites\/gardez-ces-elements-a-jour-sur-la-puce-electronique-de-votre-animal-et-comment-le-faire\/\",\"name\":\"Gardez ces \u00e9l\u00e9ments \u00e0 jour sur la puce \u00e9lectronique de votre animal (et comment le faire) | Vie Associative\",\"isPartOf\":{\"@id\":\"https:\/\/vieassociative.be\/actualites\/#website\"},\"primaryImageOfPage\":{\"@id\":\"https:\/\/vieassociative.be\/actualites\/gardez-ces-elements-a-jour-sur-la-puce-electronique-de-votre-animal-et-comment-le-faire\/#primaryimage\"},\"image\":{\"@id\":\"https:\/\/vieassociative.be\/actualites\/gardez-ces-elements-a-jour-sur-la-puce-electronique-de-votre-animal-et-comment-le-faire\/#primaryimage\"},\"thumbnailUrl\":\"https:\/\/vieassociative.be\/actualites\/wp-content\/uploads\/2024\/11\/Gardez-ces-elements-a-jour-sur-la-puce-electronique-de.jpg\",\"datePublished\":\"2024-11-24T11:17:38+00:00\",\"dateModified\":\"2024-11-24T11:17:38+00:00\",\"breadcrumb\":{\"@id\":\"https:\/\/vieassociative.be\/actualites\/gardez-ces-elements-a-jour-sur-la-puce-electronique-de-votre-animal-et-comment-le-faire\/#breadcrumb\"},\"inLanguage\":\"fr-BE\",\"potentialAction\":[{\"@type\":\"ReadAction\",\"target\":[\"https:\/\/vieassociative.be\/actualites\/gardez-ces-elements-a-jour-sur-la-puce-electronique-de-votre-animal-et-comment-le-faire\/\"]}]},{\"@type\":\"ImageObject\",\"inLanguage\":\"fr-BE\",\"@id\":\"https:\/\/vieassociative.be\/actualites\/gardez-ces-elements-a-jour-sur-la-puce-electronique-de-votre-animal-et-comment-le-faire\/#primaryimage\",\"url\":\"https:\/\/vieassociative.be\/actualites\/wp-content\/uploads\/2024\/11\/Gardez-ces-elements-a-jour-sur-la-puce-electronique-de.jpg\",\"contentUrl\":\"https:\/\/vieassociative.be\/actualites\/wp-content\/uploads\/2024\/11\/Gardez-ces-elements-a-jour-sur-la-puce-electronique-de.jpg\",\"width\":1200,\"height\":675,\"caption\":\"Gardez ces \u00e9l\u00e9ments \u00e0 jour sur la puce \u00e9lectronique de votre animal (et comment le faire)\"},{\"@type\":\"BreadcrumbList\",\"@id\":\"https:\/\/vieassociative.be\/actualites\/gardez-ces-elements-a-jour-sur-la-puce-electronique-de-votre-animal-et-comment-le-faire\/#breadcrumb\",\"itemListElement\":[{\"@type\":\"ListItem\",\"position\":1,\"name\":\"Accueil\",\"item\":\"https:\/\/vieassociative.be\/actualites\/\"},{\"@type\":\"ListItem\",\"position\":2,\"name\":\"Gardez ces \u00e9l\u00e9ments \u00e0 jour sur la puce \u00e9lectronique de votre animal (et comment le faire)\"}]},{\"@type\":\"WebSite\",\"@id\":\"https:\/\/vieassociative.be\/actualites\/#website\",\"url\":\"https:\/\/vieassociative.be\/actualites\/\",\"name\":\"Vie Associative\",\"description\":\"\",\"publisher\":{\"@id\":\"https:\/\/vieassociative.be\/actualites\/#organization\"},\"potentialAction\":[{\"@type\":\"SearchAction\",\"target\":{\"@type\":\"EntryPoint\",\"urlTemplate\":\"https:\/\/vieassociative.be\/actualites\/?s={search_term_string}\"},\"query-input\":{\"@type\":\"PropertyValueSpecification\",\"valueRequired\":true,\"valueName\":\"search_term_string\"}}],\"inLanguage\":\"fr-BE\"},{\"@type\":\"Organization\",\"@id\":\"https:\/\/vieassociative.be\/actualites\/#organization\",\"name\":\"Vie Associative\",\"url\":\"https:\/\/vieassociative.be\/actualites\/\",\"logo\":{\"@type\":\"ImageObject\",\"inLanguage\":\"fr-BE\",\"@id\":\"https:\/\/vieassociative.be\/actualites\/#\/schema\/logo\/image\/\",\"url\":\"https:\/\/vieassociative.be\/actualites\/wp-content\/uploads\/2024\/09\/cropped-vieassociative_favicon.ico.png\",\"contentUrl\":\"https:\/\/vieassociative.be\/actualites\/wp-content\/uploads\/2024\/09\/cropped-vieassociative_favicon.ico.png\",\"width\":512,\"height\":512,\"caption\":\"Vie Associative\"},\"image\":{\"@id\":\"https:\/\/vieassociative.be\/actualites\/#\/schema\/logo\/image\/\"}},{\"@type\":\"Person\",\"@id\":\"https:\/\/vieassociative.be\/actualites\/#\/schema\/person\/b87ac4f82f9d4e7b7cec7395b679edc4\",\"name\":\"Julien\",\"image\":{\"@type\":\"ImageObject\",\"inLanguage\":\"fr-BE\",\"@id\":\"https:\/\/vieassociative.be\/actualites\/#\/schema\/person\/image\/\",\"url\":\"https:\/\/vieassociative.be\/actualites\/wp-content\/uploads\/2024\/09\/vie-associative-1-150x150.jpg\",\"contentUrl\":\"https:\/\/vieassociative.be\/actualites\/wp-content\/uploads\/2024\/09\/vie-associative-1-150x150.jpg\",\"caption\":\"Julien\"},\"description\":\"Je suis Julien, r\u00e9dacteur pour Vie Associative. Passionn\u00e9 par le monde associatif depuis plus de 10 ans, j'ai \u00e0 c\u0153ur de partager des histoires inspirantes et de mettre en lumi\u00e8re les initiatives locales. Mon objectif est de sensibiliser et d'encourager l'engagement communautaire \u00e0 travers mes articles.\",\"sameAs\":[\"https:\/\/vieassociative.be\/\"]}]}<\/script>\n<!-- \/ Yoast SEO plugin. -->","yoast_head_json":{"title":"Gardez ces \u00e9l\u00e9ments \u00e0 jour sur la puce \u00e9lectronique de votre animal (et comment le faire) | Vie Associative","robots":{"index":"index","follow":"follow","max-snippet":"max-snippet:-1","max-image-preview":"max-image-preview:large","max-video-preview":"max-video-preview:-1"},"canonical":"https:\/\/vieassociative.be\/actualites\/gardez-ces-elements-a-jour-sur-la-puce-electronique-de-votre-animal-et-comment-le-faire\/","og_locale":"fr_FR","og_type":"article","og_title":"Gardez ces \u00e9l\u00e9ments \u00e0 jour sur la puce \u00e9lectronique de votre animal (et comment le faire) | Vie Associative","og_description":"Consid\u00e9rez ceci comme votre rappel pour v\u00e9rifier que tout est correct dans la base de donn\u00e9es. Si votre animal se perd, une puce \u00e9lectronique peut","og_url":"https:\/\/vieassociative.be\/actualites\/gardez-ces-elements-a-jour-sur-la-puce-electronique-de-votre-animal-et-comment-le-faire\/","og_site_name":"Vie Associative","article_published_time":"2024-11-24T11:17:38+00:00","og_image":[{"width":279,"height":92,"url":"https:\/\/vieassociative.be\/actualites\/wp-content\/uploads\/2024\/09\/header_backgroundk-01-e1726694325946.png","type":"image\/png"}],"author":"Julien","twitter_card":"summary_large_image","twitter_misc":{"\u00c9crit par":"Julien","Dur\u00e9e de lecture est.":"3 minutes"},"schema":{"@context":"https:\/\/schema.org","@graph":[{"@type":"Article","@id":"https:\/\/vieassociative.be\/actualites\/gardez-ces-elements-a-jour-sur-la-puce-electronique-de-votre-animal-et-comment-le-faire\/#article","isPartOf":{"@id":"https:\/\/vieassociative.be\/actualites\/gardez-ces-elements-a-jour-sur-la-puce-electronique-de-votre-animal-et-comment-le-faire\/"},"author":{"name":"Julien","@id":"https:\/\/vieassociative.be\/actualites\/#\/schema\/person\/b87ac4f82f9d4e7b7cec7395b679edc4"},"headline":"Gardez ces \u00e9l\u00e9ments \u00e0 jour sur la puce \u00e9lectronique de votre animal (et comment le faire)","datePublished":"2024-11-24T11:17:38+00:00","dateModified":"2024-11-24T11:17:38+00:00","mainEntityOfPage":{"@id":"https:\/\/vieassociative.be\/actualites\/gardez-ces-elements-a-jour-sur-la-puce-electronique-de-votre-animal-et-comment-le-faire\/"},"wordCount":703,"publisher":{"@id":"https:\/\/vieassociative.be\/actualites\/#organization"},"image":{"@id":"https:\/\/vieassociative.be\/actualites\/gardez-ces-elements-a-jour-sur-la-puce-electronique-de-votre-animal-et-comment-le-faire\/#primaryimage"},"thumbnailUrl":"https:\/\/vieassociative.be\/actualites\/wp-content\/uploads\/2024\/11\/Gardez-ces-elements-a-jour-sur-la-puce-electronique-de.jpg","keywords":["animal","ces","Comment","\u00e9lectronique","\u00e9l\u00e9ments","faire","Gardez","jour","puce","sur","votre"],"articleSection":["Famille"],"inLanguage":"fr-BE"},{"@type":"WebPage","@id":"https:\/\/vieassociative.be\/actualites\/gardez-ces-elements-a-jour-sur-la-puce-electronique-de-votre-animal-et-comment-le-faire\/","url":"https:\/\/vieassociative.be\/actualites\/gardez-ces-elements-a-jour-sur-la-puce-electronique-de-votre-animal-et-comment-le-faire\/","name":"Gardez ces \u00e9l\u00e9ments \u00e0 jour sur la puce \u00e9lectronique de votre animal (et comment le faire) | Vie Associative","isPartOf":{"@id":"https:\/\/vieassociative.be\/actualites\/#website"},"primaryImageOfPage":{"@id":"https:\/\/vieassociative.be\/actualites\/gardez-ces-elements-a-jour-sur-la-puce-electronique-de-votre-animal-et-comment-le-faire\/#primaryimage"},"image":{"@id":"https:\/\/vieassociative.be\/actualites\/gardez-ces-elements-a-jour-sur-la-puce-electronique-de-votre-animal-et-comment-le-faire\/#primaryimage"},"thumbnailUrl":"https:\/\/vieassociative.be\/actualites\/wp-content\/uploads\/2024\/11\/Gardez-ces-elements-a-jour-sur-la-puce-electronique-de.jpg","datePublished":"2024-11-24T11:17:38+00:00","dateModified":"2024-11-24T11:17:38+00:00","breadcrumb":{"@id":"https:\/\/vieassociative.be\/actualites\/gardez-ces-elements-a-jour-sur-la-puce-electronique-de-votre-animal-et-comment-le-faire\/#breadcrumb"},"inLanguage":"fr-BE","potentialAction":[{"@type":"ReadAction","target":["https:\/\/vieassociative.be\/actualites\/gardez-ces-elements-a-jour-sur-la-puce-electronique-de-votre-animal-et-comment-le-faire\/"]}]},{"@type":"ImageObject","inLanguage":"fr-BE","@id":"https:\/\/vieassociative.be\/actualites\/gardez-ces-elements-a-jour-sur-la-puce-electronique-de-votre-animal-et-comment-le-faire\/#primaryimage","url":"https:\/\/vieassociative.be\/actualites\/wp-content\/uploads\/2024\/11\/Gardez-ces-elements-a-jour-sur-la-puce-electronique-de.jpg","contentUrl":"https:\/\/vieassociative.be\/actualites\/wp-content\/uploads\/2024\/11\/Gardez-ces-elements-a-jour-sur-la-puce-electronique-de.jpg","width":1200,"height":675,"caption":"Gardez ces \u00e9l\u00e9ments \u00e0 jour sur la puce \u00e9lectronique de votre animal (et comment le faire)"},{"@type":"BreadcrumbList","@id":"https:\/\/vieassociative.be\/actualites\/gardez-ces-elements-a-jour-sur-la-puce-electronique-de-votre-animal-et-comment-le-faire\/#breadcrumb","itemListElement":[{"@type":"ListItem","position":1,"name":"Accueil","item":"https:\/\/vieassociative.be\/actualites\/"},{"@type":"ListItem","position":2,"name":"Gardez ces \u00e9l\u00e9ments \u00e0 jour sur la puce \u00e9lectronique de votre animal (et comment le faire)"}]},{"@type":"WebSite","@id":"https:\/\/vieassociative.be\/actualites\/#website","url":"https:\/\/vieassociative.be\/actualites\/","name":"Vie Associative","description":"","publisher":{"@id":"https:\/\/vieassociative.be\/actualites\/#organization"},"potentialAction":[{"@type":"SearchAction","target":{"@type":"EntryPoint","urlTemplate":"https:\/\/vieassociative.be\/actualites\/?s={search_term_string}"},"query-input":{"@type":"PropertyValueSpecification","valueRequired":true,"valueName":"search_term_string"}}],"inLanguage":"fr-BE"},{"@type":"Organization","@id":"https:\/\/vieassociative.be\/actualites\/#organization","name":"Vie Associative","url":"https:\/\/vieassociative.be\/actualites\/","logo":{"@type":"ImageObject","inLanguage":"fr-BE","@id":"https:\/\/vieassociative.be\/actualites\/#\/schema\/logo\/image\/","url":"https:\/\/vieassociative.be\/actualites\/wp-content\/uploads\/2024\/09\/cropped-vieassociative_favicon.ico.png","contentUrl":"https:\/\/vieassociative.be\/actualites\/wp-content\/uploads\/2024\/09\/cropped-vieassociative_favicon.ico.png","width":512,"height":512,"caption":"Vie Associative"},"image":{"@id":"https:\/\/vieassociative.be\/actualites\/#\/schema\/logo\/image\/"}},{"@type":"Person","@id":"https:\/\/vieassociative.be\/actualites\/#\/schema\/person\/b87ac4f82f9d4e7b7cec7395b679edc4","name":"Julien","image":{"@type":"ImageObject","inLanguage":"fr-BE","@id":"https:\/\/vieassociative.be\/actualites\/#\/schema\/person\/image\/","url":"https:\/\/vieassociative.be\/actualites\/wp-content\/uploads\/2024\/09\/vie-associative-1-150x150.jpg","contentUrl":"https:\/\/vieassociative.be\/actualites\/wp-content\/uploads\/2024\/09\/vie-associative-1-150x150.jpg","caption":"Julien"},"description":"Je suis Julien, r\u00e9dacteur pour Vie Associative. Passionn\u00e9 par le monde associatif depuis plus de 10 ans, j'ai \u00e0 c\u0153ur de partager des histoires inspirantes et de mettre en lumi\u00e8re les initiatives locales. Mon objectif est de sensibiliser et d'encourager l'engagement communautaire \u00e0 travers mes articles.","sameAs":["https:\/\/vieassociative.be\/"]}]}},"_links":{"self":[{"href":"https:\/\/vieassociative.be\/actualites\/wp-json\/wp\/v2\/posts\/2723"}],"collection":[{"href":"https:\/\/vieassociative.be\/actualites\/wp-json\/wp\/v2\/posts"}],"about":[{"href":"https:\/\/vieassociative.be\/actualites\/wp-json\/wp\/v2\/types\/post"}],"author":[{"embeddable":true,"href":"https:\/\/vieassociative.be\/actualites\/wp-json\/wp\/v2\/users\/1"}],"replies":[{"embeddable":true,"href":"https:\/\/vieassociative.be\/actualites\/wp-json\/wp\/v2\/comments?post=2723"}],"version-history":[{"count":0,"href":"https:\/\/vieassociative.be\/actualites\/wp-json\/wp\/v2\/posts\/2723\/revisions"}],"wp:featuredmedia":[{"embeddable":true,"href":"https:\/\/vieassociative.be\/actualites\/wp-json\/wp\/v2\/media\/2724"}],"wp:attachment":[{"href":"https:\/\/vieassociative.be\/actualites\/wp-json\/wp\/v2\/media?parent=2723"}],"wp:term":[{"taxonomy":"category","embeddable":true,"href":"https:\/\/vieassociative.be\/actualites\/wp-json\/wp\/v2\/categories?post=2723"},{"taxonomy":"post_tag","embeddable":true,"href":"https:\/\/vieassociative.be\/actualites\/wp-json\/wp\/v2\/tags?post=2723"}],"curies":[{"name":"wp","href":"https:\/\/api.w.org\/{rel}","templated":true}]}}