{"id":2720,"date":"2024-11-24T08:17:01","date_gmt":"2024-11-24T07:17:01","guid":{"rendered":"https:\/\/vieassociative.be\/actualites\/les-meilleures-offres-de-la-vente-black-friday-de-walmart\/"},"modified":"2024-11-24T08:17:01","modified_gmt":"2024-11-24T07:17:01","slug":"les-meilleures-offres-de-la-vente-black-friday-de-walmart","status":"publish","type":"post","link":"https:\/\/vieassociative.be\/actualites\/les-meilleures-offres-de-la-vente-black-friday-de-walmart\/","title":{"rendered":"Les meilleures offres de la vente Black Friday de Walmart"},"content":{"rendered":"<div class=\"mt-4 leading-6 md:mb-8\">Trouvez des offres sur les AirPods, les iPad, les offres group\u00e9es Xbox, les t\u00e9l\u00e9viseurs Hisense de 100 pouces, les \u00e9couteurs Sony, Beats et Bose et d&rsquo;autres produits \u00e0 leurs prix les plus bas.<\/div>\n<p><\/p>\n<p>Les premi\u00e8res offres du Black Friday battent leur plein avec des d\u00e9taillants comme Home Depot, Amazon, Target et d&rsquo;autres qui commencent officiellement leurs ventes une semaine avant les vacances officielles de shopping. Walmart propose \u00e9galement sa propre vente et vous pouvez trouver des offres non propos\u00e9es chez d&rsquo;autres d\u00e9taillants qui valent la peine d&rsquo;\u00eatre v\u00e9rifi\u00e9es. Vous trouverez des offres sur des gadgets technologiques tels que des AirPods, des iPad, des offres group\u00e9es Xbox, des t\u00e9l\u00e9viseurs Hisense de 100 pouces, des \u00e9couteurs Sony, Beats et Bose, ainsi que d&rsquo;autres produits, tous \u00e0 leurs prix les plus bas jamais vus, selon les outils de suivi des prix que j&rsquo;utilise. Voici les meilleures offres du Black Friday de Walmart que j\u2019ai trouv\u00e9es jusqu\u2019\u00e0 pr\u00e9sent.<\/p>\n<h2 id=\"airpods-and-ipads-up-to-70-off\">AirPods et iPad jusqu&rsquo;\u00e0 70 $ de r\u00e9duction<\/h2>\n<p>Les AirPod de 2e g\u00e9n\u00e9ration sont tomb\u00e9s \u00e0 leur prix le plus bas de <strong>89\u00a0$<\/strong> (\u00e0 l&rsquo;origine 129 $). C&rsquo;est le bon moment pour en acheter une paire si vous attendez une bonne baisse de prix. <\/p>\n<p>En septembre, l&rsquo;iPad de 10e g\u00e9n\u00e9ration est tomb\u00e9 \u00e0 299,99 $, son prix le plus bas \u00e0 l&rsquo;\u00e9poque, pour atteindre un nouveau record lors du Black Friday de <strong>279\u00a0$ <\/strong>(\u00e0 l&rsquo;origine 349 $). M\u00eame s\u2019il est sorti en 2022, il reste le dernier et le meilleur mod\u00e8le d\u2019iPad de base disponible.<\/p>\n<h2 id=\"beats-bose-sony-and-sennheiser-headphones-up-to-120-off\">Casques Beats, Bose, Sony et Sennheiser jusqu&rsquo;\u00e0 120 $ de r\u00e9duction<\/h2>\n<p>Si vous recherchez une nouvelle paire d&rsquo;\u00e9couteurs, Walmart propose actuellement une bonne s\u00e9lection. Pour ceux qui recherchent le meilleur ANC, les \u00e9couteurs Bose QuietComfort Ultra sont <strong>329\u00a0$ <\/strong>(\u00e0 l&rsquo;origine 429 $), une bonne affaire en ce moment. <\/p>\n<p>Le<strong> <\/strong>Sony WH-1000XM5, une autre excellente option, est r\u00e9duit \u00e0<strong> 298\u00a0$ <\/strong>(\u00e0 l&rsquo;origine 399,99 $). <\/p>\n<p>Le Sennheiser Momentum 4 offre un bon \u00e9quilibre entre audio et ANC pour un prix l\u00e9g\u00e8rement moins cher de <strong>229,95\u00a0$<\/strong> (\u00e0 l&rsquo;origine 349,95 $). <\/p>\n<p>Pour ceux qui cherchent \u00e0 d\u00e9penser moins de 100 $, les Beats Solo3 sont <strong>99\u00a0$ <\/strong>(\u00e0 l&rsquo;origine 149,95 $) mais ils n&rsquo;offriront pas la m\u00eame qualit\u00e9 de fonctionnalit\u00e9s que les trois \u00e9couteurs pr\u00e9c\u00e9dents.<\/p>\n<h2 id=\"the-samsung-hw-q6cc-soundbar-is-180-off\">La barre de son Samsung HW-Q6CC est \u00e0 180 $ de r\u00e9duction<\/h2>\n<p>Le Samsung HW-Q60CC est sorti en 2023 en tant qu&rsquo;option de milieu de gamme avec un \u00e9galiseur graphique \u00e0 sept bandes afin que vous puissiez personnaliser le son comme vous l&rsquo;aimez. Il fonctionne globalement bien pour un usage g\u00e9n\u00e9ral, mais sa capacit\u00e9 \u00e0 g\u00e9rer les dialogues appara\u00eet comme l&rsquo;un de ses points forts. Il est compatible Bluetooth avec votre t\u00e9l\u00e9phone et d\u2019autres appareils, et il peut devenir tr\u00e8s bruyant sans sacrifier la qualit\u00e9. Vous pouvez l&rsquo;obtenir pour <strong>199\u00a0$<\/strong> (\u00e0 l&rsquo;origine 379 $).<\/p>\n<h2 id=\"the-xbox-series-x-digital-edition-with-an-extra-controller-is-110-off\">La Xbox Series X Digital Edition avec une manette suppl\u00e9mentaire est \u00e0 110 $ de r\u00e9duction<\/h2>\n<p>Pour ceux qui attendent une bonne affaire sur une console Xbox, Walmart propose la Xbox Digital Edition de 1 To avec une manette suppl\u00e9mentaire (deux au total) pour <strong>489,98\u00a0$<\/strong> (\u00e0 l&rsquo;origine 599,99 $). Au moment d\u2019\u00e9crire ces lignes, aucun autre grand d\u00e9taillant r\u00e9put\u00e9 ne propose ce pack, et la Xbox Digital Edition standard est propos\u00e9e au m\u00eame prix. Alors pourquoi ne pas vous procurer le contr\u00f4leur suppl\u00e9mentaire ?<\/p>\n<h2 id=\"a-massive-hisense-100-tv-is-1200-off\">Un \u00e9norme t\u00e9l\u00e9viseur Hisense de 100\u00a0pouces \u00e0 1\u00a0200\u00a0$ de r\u00e9duction<\/h2>\n<p>Un t\u00e9l\u00e9viseur QLED de 100 pouces est une d\u00e9claration. Ils sont massifs et devront probablement \u00eatre install\u00e9s par un professionnel, mais ils impressionneront tous ceux qui entreront dans votre salon. Le t\u00e9l\u00e9viseur intelligent Google Hisense U76 QLED a \u00e9t\u00e9 annonc\u00e9 cette ann\u00e9e lors du CES 2024. \u00c9tonnamment, Walmart l&rsquo;a pour <strong>1 798 $<\/strong> (\u00e0 l&rsquo;origine 2 998 $), le prix le plus bas depuis son annonce en janvier. Il a une r\u00e9solution native de 144 Hz, Dolby Vision et bien s\u00fbr, une gradation locale pour faire ressortir le contraste et les couleurs. Si vous recherchez une option plus \u00e9conomique, le TCL Q51BG de 43 pouces, sorti cette ann\u00e9e, est <strong>198\u00a0$<\/strong> (\u00e0 l&rsquo;origine 278 $). <\/p>\n<div class=\"w-full mt-12 text-center sm:text-left\" x-data=\"{ showAll: false }\">\n<div class=\"flex flex-col items-center justify-between sm:px-6 sm:flex-row\">\n\t\t\t<span class=\"text-sm italic\">Les offres sont s\u00e9lectionn\u00e9es par notre \u00e9quipe commerciale<\/span><\/p><\/div>\n<\/p><\/div>\n","protected":false},"excerpt":{"rendered":"<p>Trouvez des offres sur les AirPods, les iPad, les offres group\u00e9es Xbox, les t\u00e9l\u00e9viseurs Hisense de 100 pouces, les \u00e9couteurs Sony, Beats et Bose et<\/p>\n","protected":false},"author":1,"featured_media":2721,"comment_status":"","ping_status":"","sticky":false,"template":"","format":"standard","meta":{"footnotes":""},"categories":[13],"tags":[73,1255,14,79,345,223,1715],"class_list":["post-2720","post","type-post","status-publish","format-standard","has-post-thumbnail","hentry","category-technologie","tag-black","tag-friday","tag-les","tag-meilleures","tag-offres","tag-vente","tag-walmart","generate-columns","tablet-grid-50","mobile-grid-100","grid-parent","grid-33"],"yoast_head":"<!-- This site is optimized with the Yoast SEO plugin v24.0 - https:\/\/yoast.com\/wordpress\/plugins\/seo\/ -->\n<title>Les meilleures offres de la vente Black Friday de Walmart | Vie Associative<\/title>\n<meta name=\"robots\" content=\"index, follow, max-snippet:-1, max-image-preview:large, max-video-preview:-1\" \/>\n<link rel=\"canonical\" href=\"https:\/\/vieassociative.be\/actualites\/les-meilleures-offres-de-la-vente-black-friday-de-walmart\/\" \/>\n<meta property=\"og:locale\" content=\"fr_FR\" \/>\n<meta property=\"og:type\" content=\"article\" \/>\n<meta property=\"og:title\" content=\"Les meilleures offres de la vente Black Friday de Walmart | Vie Associative\" \/>\n<meta property=\"og:description\" content=\"Trouvez des offres sur les AirPods, les iPad, les offres group\u00e9es Xbox, les t\u00e9l\u00e9viseurs Hisense de 100 pouces, les \u00e9couteurs Sony, Beats et Bose et\" \/>\n<meta property=\"og:url\" content=\"https:\/\/vieassociative.be\/actualites\/les-meilleures-offres-de-la-vente-black-friday-de-walmart\/\" \/>\n<meta property=\"og:site_name\" content=\"Vie Associative\" \/>\n<meta property=\"article:published_time\" content=\"2024-11-24T07:17:01+00:00\" \/>\n<meta property=\"og:image\" content=\"https:\/\/vieassociative.be\/actualites\/wp-content\/uploads\/2024\/09\/header_backgroundk-01-e1726694325946.png\" \/>\n\t<meta property=\"og:image:width\" content=\"279\" \/>\n\t<meta property=\"og:image:height\" content=\"92\" \/>\n\t<meta property=\"og:image:type\" content=\"image\/png\" \/>\n<meta name=\"author\" content=\"Julien\" \/>\n<meta name=\"twitter:card\" content=\"summary_large_image\" \/>\n<meta name=\"twitter:label1\" content=\"\u00c9crit par\" \/>\n\t<meta name=\"twitter:data1\" content=\"Julien\" \/>\n\t<meta name=\"twitter:label2\" content=\"Dur\u00e9e de lecture est.\" \/>\n\t<meta name=\"twitter:data2\" content=\"3 minutes\" \/>\n<script type=\"application\/ld+json\" class=\"yoast-schema-graph\">{\"@context\":\"https:\/\/schema.org\",\"@graph\":[{\"@type\":\"Article\",\"@id\":\"https:\/\/vieassociative.be\/actualites\/les-meilleures-offres-de-la-vente-black-friday-de-walmart\/#article\",\"isPartOf\":{\"@id\":\"https:\/\/vieassociative.be\/actualites\/les-meilleures-offres-de-la-vente-black-friday-de-walmart\/\"},\"author\":{\"name\":\"Julien\",\"@id\":\"https:\/\/vieassociative.be\/actualites\/#\/schema\/person\/b87ac4f82f9d4e7b7cec7395b679edc4\"},\"headline\":\"Les meilleures offres de la vente Black Friday de Walmart\",\"datePublished\":\"2024-11-24T07:17:01+00:00\",\"dateModified\":\"2024-11-24T07:17:01+00:00\",\"mainEntityOfPage\":{\"@id\":\"https:\/\/vieassociative.be\/actualites\/les-meilleures-offres-de-la-vente-black-friday-de-walmart\/\"},\"wordCount\":709,\"publisher\":{\"@id\":\"https:\/\/vieassociative.be\/actualites\/#organization\"},\"image\":{\"@id\":\"https:\/\/vieassociative.be\/actualites\/les-meilleures-offres-de-la-vente-black-friday-de-walmart\/#primaryimage\"},\"thumbnailUrl\":\"https:\/\/vieassociative.be\/actualites\/wp-content\/uploads\/2024\/11\/Les-meilleures-offres-de-la-vente-Black-Friday-de-Walmart.png\",\"keywords\":[\"Black\",\"Friday\",\"Les\",\"meilleures\",\"offres\",\"vente\",\"Walmart\"],\"articleSection\":[\"Technologie\"],\"inLanguage\":\"fr-BE\"},{\"@type\":\"WebPage\",\"@id\":\"https:\/\/vieassociative.be\/actualites\/les-meilleures-offres-de-la-vente-black-friday-de-walmart\/\",\"url\":\"https:\/\/vieassociative.be\/actualites\/les-meilleures-offres-de-la-vente-black-friday-de-walmart\/\",\"name\":\"Les meilleures offres de la vente Black Friday de Walmart | Vie Associative\",\"isPartOf\":{\"@id\":\"https:\/\/vieassociative.be\/actualites\/#website\"},\"primaryImageOfPage\":{\"@id\":\"https:\/\/vieassociative.be\/actualites\/les-meilleures-offres-de-la-vente-black-friday-de-walmart\/#primaryimage\"},\"image\":{\"@id\":\"https:\/\/vieassociative.be\/actualites\/les-meilleures-offres-de-la-vente-black-friday-de-walmart\/#primaryimage\"},\"thumbnailUrl\":\"https:\/\/vieassociative.be\/actualites\/wp-content\/uploads\/2024\/11\/Les-meilleures-offres-de-la-vente-Black-Friday-de-Walmart.png\",\"datePublished\":\"2024-11-24T07:17:01+00:00\",\"dateModified\":\"2024-11-24T07:17:01+00:00\",\"breadcrumb\":{\"@id\":\"https:\/\/vieassociative.be\/actualites\/les-meilleures-offres-de-la-vente-black-friday-de-walmart\/#breadcrumb\"},\"inLanguage\":\"fr-BE\",\"potentialAction\":[{\"@type\":\"ReadAction\",\"target\":[\"https:\/\/vieassociative.be\/actualites\/les-meilleures-offres-de-la-vente-black-friday-de-walmart\/\"]}]},{\"@type\":\"ImageObject\",\"inLanguage\":\"fr-BE\",\"@id\":\"https:\/\/vieassociative.be\/actualites\/les-meilleures-offres-de-la-vente-black-friday-de-walmart\/#primaryimage\",\"url\":\"https:\/\/vieassociative.be\/actualites\/wp-content\/uploads\/2024\/11\/Les-meilleures-offres-de-la-vente-Black-Friday-de-Walmart.png\",\"contentUrl\":\"https:\/\/vieassociative.be\/actualites\/wp-content\/uploads\/2024\/11\/Les-meilleures-offres-de-la-vente-Black-Friday-de-Walmart.png\",\"width\":1200,\"height\":675,\"caption\":\"Les meilleures offres de la vente Black Friday de Walmart\"},{\"@type\":\"BreadcrumbList\",\"@id\":\"https:\/\/vieassociative.be\/actualites\/les-meilleures-offres-de-la-vente-black-friday-de-walmart\/#breadcrumb\",\"itemListElement\":[{\"@type\":\"ListItem\",\"position\":1,\"name\":\"Accueil\",\"item\":\"https:\/\/vieassociative.be\/actualites\/\"},{\"@type\":\"ListItem\",\"position\":2,\"name\":\"Les meilleures offres de la vente Black Friday de Walmart\"}]},{\"@type\":\"WebSite\",\"@id\":\"https:\/\/vieassociative.be\/actualites\/#website\",\"url\":\"https:\/\/vieassociative.be\/actualites\/\",\"name\":\"Vie Associative\",\"description\":\"\",\"publisher\":{\"@id\":\"https:\/\/vieassociative.be\/actualites\/#organization\"},\"potentialAction\":[{\"@type\":\"SearchAction\",\"target\":{\"@type\":\"EntryPoint\",\"urlTemplate\":\"https:\/\/vieassociative.be\/actualites\/?s={search_term_string}\"},\"query-input\":{\"@type\":\"PropertyValueSpecification\",\"valueRequired\":true,\"valueName\":\"search_term_string\"}}],\"inLanguage\":\"fr-BE\"},{\"@type\":\"Organization\",\"@id\":\"https:\/\/vieassociative.be\/actualites\/#organization\",\"name\":\"Vie Associative\",\"url\":\"https:\/\/vieassociative.be\/actualites\/\",\"logo\":{\"@type\":\"ImageObject\",\"inLanguage\":\"fr-BE\",\"@id\":\"https:\/\/vieassociative.be\/actualites\/#\/schema\/logo\/image\/\",\"url\":\"https:\/\/vieassociative.be\/actualites\/wp-content\/uploads\/2024\/09\/cropped-vieassociative_favicon.ico.png\",\"contentUrl\":\"https:\/\/vieassociative.be\/actualites\/wp-content\/uploads\/2024\/09\/cropped-vieassociative_favicon.ico.png\",\"width\":512,\"height\":512,\"caption\":\"Vie Associative\"},\"image\":{\"@id\":\"https:\/\/vieassociative.be\/actualites\/#\/schema\/logo\/image\/\"}},{\"@type\":\"Person\",\"@id\":\"https:\/\/vieassociative.be\/actualites\/#\/schema\/person\/b87ac4f82f9d4e7b7cec7395b679edc4\",\"name\":\"Julien\",\"image\":{\"@type\":\"ImageObject\",\"inLanguage\":\"fr-BE\",\"@id\":\"https:\/\/vieassociative.be\/actualites\/#\/schema\/person\/image\/\",\"url\":\"https:\/\/vieassociative.be\/actualites\/wp-content\/uploads\/2024\/09\/vie-associative-1-150x150.jpg\",\"contentUrl\":\"https:\/\/vieassociative.be\/actualites\/wp-content\/uploads\/2024\/09\/vie-associative-1-150x150.jpg\",\"caption\":\"Julien\"},\"description\":\"Je suis Julien, r\u00e9dacteur pour Vie Associative. Passionn\u00e9 par le monde associatif depuis plus de 10 ans, j'ai \u00e0 c\u0153ur de partager des histoires inspirantes et de mettre en lumi\u00e8re les initiatives locales. Mon objectif est de sensibiliser et d'encourager l'engagement communautaire \u00e0 travers mes articles.\",\"sameAs\":[\"https:\/\/vieassociative.be\/\"]}]}<\/script>\n<!-- \/ Yoast SEO plugin. -->","yoast_head_json":{"title":"Les meilleures offres de la vente Black Friday de Walmart | Vie Associative","robots":{"index":"index","follow":"follow","max-snippet":"max-snippet:-1","max-image-preview":"max-image-preview:large","max-video-preview":"max-video-preview:-1"},"canonical":"https:\/\/vieassociative.be\/actualites\/les-meilleures-offres-de-la-vente-black-friday-de-walmart\/","og_locale":"fr_FR","og_type":"article","og_title":"Les meilleures offres de la vente Black Friday de Walmart | Vie Associative","og_description":"Trouvez des offres sur les AirPods, les iPad, les offres group\u00e9es Xbox, les t\u00e9l\u00e9viseurs Hisense de 100 pouces, les \u00e9couteurs Sony, Beats et Bose et","og_url":"https:\/\/vieassociative.be\/actualites\/les-meilleures-offres-de-la-vente-black-friday-de-walmart\/","og_site_name":"Vie Associative","article_published_time":"2024-11-24T07:17:01+00:00","og_image":[{"width":279,"height":92,"url":"https:\/\/vieassociative.be\/actualites\/wp-content\/uploads\/2024\/09\/header_backgroundk-01-e1726694325946.png","type":"image\/png"}],"author":"Julien","twitter_card":"summary_large_image","twitter_misc":{"\u00c9crit par":"Julien","Dur\u00e9e de lecture est.":"3 minutes"},"schema":{"@context":"https:\/\/schema.org","@graph":[{"@type":"Article","@id":"https:\/\/vieassociative.be\/actualites\/les-meilleures-offres-de-la-vente-black-friday-de-walmart\/#article","isPartOf":{"@id":"https:\/\/vieassociative.be\/actualites\/les-meilleures-offres-de-la-vente-black-friday-de-walmart\/"},"author":{"name":"Julien","@id":"https:\/\/vieassociative.be\/actualites\/#\/schema\/person\/b87ac4f82f9d4e7b7cec7395b679edc4"},"headline":"Les meilleures offres de la vente Black Friday de Walmart","datePublished":"2024-11-24T07:17:01+00:00","dateModified":"2024-11-24T07:17:01+00:00","mainEntityOfPage":{"@id":"https:\/\/vieassociative.be\/actualites\/les-meilleures-offres-de-la-vente-black-friday-de-walmart\/"},"wordCount":709,"publisher":{"@id":"https:\/\/vieassociative.be\/actualites\/#organization"},"image":{"@id":"https:\/\/vieassociative.be\/actualites\/les-meilleures-offres-de-la-vente-black-friday-de-walmart\/#primaryimage"},"thumbnailUrl":"https:\/\/vieassociative.be\/actualites\/wp-content\/uploads\/2024\/11\/Les-meilleures-offres-de-la-vente-Black-Friday-de-Walmart.png","keywords":["Black","Friday","Les","meilleures","offres","vente","Walmart"],"articleSection":["Technologie"],"inLanguage":"fr-BE"},{"@type":"WebPage","@id":"https:\/\/vieassociative.be\/actualites\/les-meilleures-offres-de-la-vente-black-friday-de-walmart\/","url":"https:\/\/vieassociative.be\/actualites\/les-meilleures-offres-de-la-vente-black-friday-de-walmart\/","name":"Les meilleures offres de la vente Black Friday de Walmart | Vie Associative","isPartOf":{"@id":"https:\/\/vieassociative.be\/actualites\/#website"},"primaryImageOfPage":{"@id":"https:\/\/vieassociative.be\/actualites\/les-meilleures-offres-de-la-vente-black-friday-de-walmart\/#primaryimage"},"image":{"@id":"https:\/\/vieassociative.be\/actualites\/les-meilleures-offres-de-la-vente-black-friday-de-walmart\/#primaryimage"},"thumbnailUrl":"https:\/\/vieassociative.be\/actualites\/wp-content\/uploads\/2024\/11\/Les-meilleures-offres-de-la-vente-Black-Friday-de-Walmart.png","datePublished":"2024-11-24T07:17:01+00:00","dateModified":"2024-11-24T07:17:01+00:00","breadcrumb":{"@id":"https:\/\/vieassociative.be\/actualites\/les-meilleures-offres-de-la-vente-black-friday-de-walmart\/#breadcrumb"},"inLanguage":"fr-BE","potentialAction":[{"@type":"ReadAction","target":["https:\/\/vieassociative.be\/actualites\/les-meilleures-offres-de-la-vente-black-friday-de-walmart\/"]}]},{"@type":"ImageObject","inLanguage":"fr-BE","@id":"https:\/\/vieassociative.be\/actualites\/les-meilleures-offres-de-la-vente-black-friday-de-walmart\/#primaryimage","url":"https:\/\/vieassociative.be\/actualites\/wp-content\/uploads\/2024\/11\/Les-meilleures-offres-de-la-vente-Black-Friday-de-Walmart.png","contentUrl":"https:\/\/vieassociative.be\/actualites\/wp-content\/uploads\/2024\/11\/Les-meilleures-offres-de-la-vente-Black-Friday-de-Walmart.png","width":1200,"height":675,"caption":"Les meilleures offres de la vente Black Friday de Walmart"},{"@type":"BreadcrumbList","@id":"https:\/\/vieassociative.be\/actualites\/les-meilleures-offres-de-la-vente-black-friday-de-walmart\/#breadcrumb","itemListElement":[{"@type":"ListItem","position":1,"name":"Accueil","item":"https:\/\/vieassociative.be\/actualites\/"},{"@type":"ListItem","position":2,"name":"Les meilleures offres de la vente Black Friday de Walmart"}]},{"@type":"WebSite","@id":"https:\/\/vieassociative.be\/actualites\/#website","url":"https:\/\/vieassociative.be\/actualites\/","name":"Vie Associative","description":"","publisher":{"@id":"https:\/\/vieassociative.be\/actualites\/#organization"},"potentialAction":[{"@type":"SearchAction","target":{"@type":"EntryPoint","urlTemplate":"https:\/\/vieassociative.be\/actualites\/?s={search_term_string}"},"query-input":{"@type":"PropertyValueSpecification","valueRequired":true,"valueName":"search_term_string"}}],"inLanguage":"fr-BE"},{"@type":"Organization","@id":"https:\/\/vieassociative.be\/actualites\/#organization","name":"Vie Associative","url":"https:\/\/vieassociative.be\/actualites\/","logo":{"@type":"ImageObject","inLanguage":"fr-BE","@id":"https:\/\/vieassociative.be\/actualites\/#\/schema\/logo\/image\/","url":"https:\/\/vieassociative.be\/actualites\/wp-content\/uploads\/2024\/09\/cropped-vieassociative_favicon.ico.png","contentUrl":"https:\/\/vieassociative.be\/actualites\/wp-content\/uploads\/2024\/09\/cropped-vieassociative_favicon.ico.png","width":512,"height":512,"caption":"Vie Associative"},"image":{"@id":"https:\/\/vieassociative.be\/actualites\/#\/schema\/logo\/image\/"}},{"@type":"Person","@id":"https:\/\/vieassociative.be\/actualites\/#\/schema\/person\/b87ac4f82f9d4e7b7cec7395b679edc4","name":"Julien","image":{"@type":"ImageObject","inLanguage":"fr-BE","@id":"https:\/\/vieassociative.be\/actualites\/#\/schema\/person\/image\/","url":"https:\/\/vieassociative.be\/actualites\/wp-content\/uploads\/2024\/09\/vie-associative-1-150x150.jpg","contentUrl":"https:\/\/vieassociative.be\/actualites\/wp-content\/uploads\/2024\/09\/vie-associative-1-150x150.jpg","caption":"Julien"},"description":"Je suis Julien, r\u00e9dacteur pour Vie Associative. Passionn\u00e9 par le monde associatif depuis plus de 10 ans, j'ai \u00e0 c\u0153ur de partager des histoires inspirantes et de mettre en lumi\u00e8re les initiatives locales. Mon objectif est de sensibiliser et d'encourager l'engagement communautaire \u00e0 travers mes articles.","sameAs":["https:\/\/vieassociative.be\/"]}]}},"_links":{"self":[{"href":"https:\/\/vieassociative.be\/actualites\/wp-json\/wp\/v2\/posts\/2720"}],"collection":[{"href":"https:\/\/vieassociative.be\/actualites\/wp-json\/wp\/v2\/posts"}],"about":[{"href":"https:\/\/vieassociative.be\/actualites\/wp-json\/wp\/v2\/types\/post"}],"author":[{"embeddable":true,"href":"https:\/\/vieassociative.be\/actualites\/wp-json\/wp\/v2\/users\/1"}],"replies":[{"embeddable":true,"href":"https:\/\/vieassociative.be\/actualites\/wp-json\/wp\/v2\/comments?post=2720"}],"version-history":[{"count":0,"href":"https:\/\/vieassociative.be\/actualites\/wp-json\/wp\/v2\/posts\/2720\/revisions"}],"wp:featuredmedia":[{"embeddable":true,"href":"https:\/\/vieassociative.be\/actualites\/wp-json\/wp\/v2\/media\/2721"}],"wp:attachment":[{"href":"https:\/\/vieassociative.be\/actualites\/wp-json\/wp\/v2\/media?parent=2720"}],"wp:term":[{"taxonomy":"category","embeddable":true,"href":"https:\/\/vieassociative.be\/actualites\/wp-json\/wp\/v2\/categories?post=2720"},{"taxonomy":"post_tag","embeddable":true,"href":"https:\/\/vieassociative.be\/actualites\/wp-json\/wp\/v2\/tags?post=2720"}],"curies":[{"name":"wp","href":"https:\/\/api.w.org\/{rel}","templated":true}]}}