{"id":272,"date":"2024-09-21T17:36:40","date_gmt":"2024-09-21T15:36:40","guid":{"rendered":"https:\/\/vieassociative.be\/actualites\/une-orque-echouee-et-enterree-dans-le-nordseekuste-belge\/"},"modified":"2024-09-21T17:36:43","modified_gmt":"2024-09-21T15:36:43","slug":"une-orque-echouee-et-enterree-dans-le-nordseekuste-belge","status":"publish","type":"post","link":"https:\/\/vieassociative.be\/actualites\/une-orque-echouee-et-enterree-dans-le-nordseekuste-belge\/","title":{"rendered":"Une orque \u00e9chou\u00e9e et enterr\u00e9e dans le Nordseek\u00fcste belge"},"content":{"rendered":"<p><\/p>\n<p class=\"font-sans font-medium\">  Une autre c\u00f4te nordique belge a \u00e9t\u00e9 entour\u00e9e par un orque et a \u00e9t\u00e9 d\u00e9truite. Une autopsie devrait apporter des \u00e9claircissements sur la mort.<\/p>\n<aside class=\"h-ad-280+text lg:h-0 \" data-slot-id=\"pos1_sm\" data-breakpoint=\"sm\" data-hide-ad-text=\"false\" data-module-id=\"SparkAdSlotModule\"><\/aside>\n<p>Des vacances inoubliables\u00a0: l&rsquo;une des c\u00f4tes belges du Nordsee abrite d\u00e9sormais une orque \u00e9chou\u00e9e et d\u00e9truite. Le <strong>Schwertval <\/strong>nous serions heureux de vous voir \u00e0 l&rsquo;avenir sur la c\u00f4te fran\u00e7aise, a rapport\u00e9 la Nachrichtenagentur Belga belge.<\/p>\n<p>Les Nachmittags seraient un probl\u00e8me sur la plage de La Panne. Avec <strong>Rettungsbooten <\/strong>Pour les humains, l&rsquo;orque s&rsquo;installera davantage. Der Versuch scheiterte jedoch \u2013 das Tier starb am Strand des Ferienortes.<\/p>\n<h3>Killerwahl an Nordsee-Strand\u00a0: Grund f\u00fcr Ann\u00e4herung des Orcas unklar<\/h3>\n<div id=\"piano-banner-kampagne\" class=\"mb-4 block\"><\/div>\n<div id=\"piano-reco-widget\" class=\"mb-4 block\"><\/div>\n<p>On ne sait pas non plus o\u00f9 se trouve actuellement l\u2019Orque de la C\u00f4te. C&rsquo;est pour \u00e7a que tu \u00e9tais si maigre, c&rsquo;\u00e9tait juste mauvais <strong>\u00c9tat de sant\u00e9 <\/strong>plus d&rsquo;informations sur la nature des Instituts royaux des Sciences naturelles de Belgique. Lors des premi\u00e8res visites, il n\u2019y a plus eu de moments de f\u00eate ou de festivit\u00e9s. Une autopsie des Tieres soll noch durchgef\u00fchrt be.<\/p>\n<p><!-- opinary --><\/p>\n<div class=\"w-full bg-background-100\">\n<div id=\"opinary-automation-placeholder\" class=\"w-full\"><\/div>\n<\/p><\/div>\n<p>Das Auftauchen eines Orcas in der sudlichen <strong>Lac Nord <\/strong>est toujours impopulaire. En octobre, l&rsquo;exp\u00e9rience de la r\u00e9gion avec un magnifique Vorfall, ainsi qu&rsquo;une orque sur la c\u00f4te nordique n\u00e9erlandaise et des ebenfalls est pr\u00e9serv\u00e9e.<\/p>\n<aside class=\"h-ad-600+text lg:h-0 \" data-slot-id=\"pos2_sm\" data-breakpoint=\"sm\" data-hide-ad-text=\"false\" data-module-id=\"SparkAdSlotModule\"><\/aside>\n<h3>Orca verendet : \u00c9paulard dans le Nordsee allemand<\/h3>\n<p>Un autre Allemand <strong>Nordseekuste <\/strong>depuis Orcas sehr selten. En 2016, il y avait des Killerwal enterr\u00e9s sur la plage de Sylt. Le Tier mesurait 2,50 m\u00e8tres de long et \u00e9tait encore jeune. Die meisten Orcas in der Nordsee \u00e9taient toutes choses sur le entdeckt K\u00fcste Norwegens. Apr\u00e8s tout, le gouvernement f\u00e9d\u00e9ral pour l&rsquo;environnement et la protection de la nature est d&rsquo;environ 500 \u00e0 1 500 Schwertwale in den Meeren vor Norwegen und Gr\u00f6nland. Le monde entier estime que 50 000 orques sont n\u00e9es.<\/p>\n","protected":false},"excerpt":{"rendered":"<p>Une autre c\u00f4te nordique belge a \u00e9t\u00e9 entour\u00e9e par un orque et a \u00e9t\u00e9 d\u00e9truite. Une autopsie devrait apporter des \u00e9claircissements sur la mort. Des<\/p>\n","protected":false},"author":1,"featured_media":273,"comment_status":"closed","ping_status":"","sticky":false,"template":"","format":"standard","meta":{"footnotes":""},"categories":[298],"tags":[410,166,407,408,409,406,110],"class_list":["post-272","post","type-post","status-publish","format-standard","has-post-thumbnail","hentry","category-belgique","tag-belge","tag-dans","tag-echouee","tag-enterree","tag-nordseekuste","tag-orque","tag-une","generate-columns","tablet-grid-50","mobile-grid-100","grid-parent","grid-33"],"yoast_head":"<!-- This site is optimized with the Yoast SEO plugin v24.0 - https:\/\/yoast.com\/wordpress\/plugins\/seo\/ -->\n<title>Une orque \u00e9chou\u00e9e et enterr\u00e9e dans le Nordseek\u00fcste belge | Vie Associative<\/title>\n<meta name=\"robots\" content=\"index, follow, max-snippet:-1, max-image-preview:large, max-video-preview:-1\" \/>\n<link rel=\"canonical\" href=\"https:\/\/vieassociative.be\/actualites\/une-orque-echouee-et-enterree-dans-le-nordseekuste-belge\/\" \/>\n<meta property=\"og:locale\" content=\"fr_FR\" \/>\n<meta property=\"og:type\" content=\"article\" \/>\n<meta property=\"og:title\" content=\"Une orque \u00e9chou\u00e9e et enterr\u00e9e dans le Nordseek\u00fcste belge | Vie Associative\" \/>\n<meta property=\"og:description\" content=\"Une autre c\u00f4te nordique belge a \u00e9t\u00e9 entour\u00e9e par un orque et a \u00e9t\u00e9 d\u00e9truite. Une autopsie devrait apporter des \u00e9claircissements sur la mort. Des\" \/>\n<meta property=\"og:url\" content=\"https:\/\/vieassociative.be\/actualites\/une-orque-echouee-et-enterree-dans-le-nordseekuste-belge\/\" \/>\n<meta property=\"og:site_name\" content=\"Vie Associative\" \/>\n<meta property=\"article:published_time\" content=\"2024-09-21T15:36:40+00:00\" \/>\n<meta property=\"article:modified_time\" content=\"2024-09-21T15:36:43+00:00\" \/>\n<meta property=\"og:image\" content=\"https:\/\/vieassociative.be\/actualites\/wp-content\/uploads\/2024\/09\/1726933000_Une-orque-echouee-et-enterree-dans-le-Nordseekuste-belge.jpeg\" \/>\n\t<meta property=\"og:image:width\" content=\"1600\" \/>\n\t<meta property=\"og:image:height\" content=\"900\" \/>\n\t<meta property=\"og:image:type\" content=\"image\/jpeg\" \/>\n<meta name=\"author\" content=\"Julien\" \/>\n<meta name=\"twitter:card\" content=\"summary_large_image\" \/>\n<meta name=\"twitter:label1\" content=\"\u00c9crit par\" \/>\n\t<meta name=\"twitter:data1\" content=\"Julien\" \/>\n\t<meta name=\"twitter:label2\" content=\"Dur\u00e9e de lecture est.\" \/>\n\t<meta name=\"twitter:data2\" content=\"2 minutes\" \/>\n<script type=\"application\/ld+json\" class=\"yoast-schema-graph\">{\"@context\":\"https:\/\/schema.org\",\"@graph\":[{\"@type\":\"Article\",\"@id\":\"https:\/\/vieassociative.be\/actualites\/une-orque-echouee-et-enterree-dans-le-nordseekuste-belge\/#article\",\"isPartOf\":{\"@id\":\"https:\/\/vieassociative.be\/actualites\/une-orque-echouee-et-enterree-dans-le-nordseekuste-belge\/\"},\"author\":{\"name\":\"Julien\",\"@id\":\"https:\/\/vieassociative.be\/actualites\/#\/schema\/person\/b87ac4f82f9d4e7b7cec7395b679edc4\"},\"headline\":\"Une orque \u00e9chou\u00e9e et enterr\u00e9e dans le Nordseek\u00fcste belge\",\"datePublished\":\"2024-09-21T15:36:40+00:00\",\"dateModified\":\"2024-09-21T15:36:43+00:00\",\"mainEntityOfPage\":{\"@id\":\"https:\/\/vieassociative.be\/actualites\/une-orque-echouee-et-enterree-dans-le-nordseekuste-belge\/\"},\"wordCount\":336,\"publisher\":{\"@id\":\"https:\/\/vieassociative.be\/actualites\/#organization\"},\"image\":{\"@id\":\"https:\/\/vieassociative.be\/actualites\/une-orque-echouee-et-enterree-dans-le-nordseekuste-belge\/#primaryimage\"},\"thumbnailUrl\":\"https:\/\/vieassociative.be\/actualites\/wp-content\/uploads\/2024\/09\/1726933000_Une-orque-echouee-et-enterree-dans-le-Nordseekuste-belge.jpeg\",\"keywords\":[\"belge\",\"dans\",\"\u00e9chou\u00e9e\",\"enterr\u00e9e\",\"Nordseek\u00fcste\",\"orque\",\"une\"],\"articleSection\":[\"Belgique\"],\"inLanguage\":\"fr-BE\"},{\"@type\":\"WebPage\",\"@id\":\"https:\/\/vieassociative.be\/actualites\/une-orque-echouee-et-enterree-dans-le-nordseekuste-belge\/\",\"url\":\"https:\/\/vieassociative.be\/actualites\/une-orque-echouee-et-enterree-dans-le-nordseekuste-belge\/\",\"name\":\"Une orque \u00e9chou\u00e9e et enterr\u00e9e dans le Nordseek\u00fcste belge | Vie Associative\",\"isPartOf\":{\"@id\":\"https:\/\/vieassociative.be\/actualites\/#website\"},\"primaryImageOfPage\":{\"@id\":\"https:\/\/vieassociative.be\/actualites\/une-orque-echouee-et-enterree-dans-le-nordseekuste-belge\/#primaryimage\"},\"image\":{\"@id\":\"https:\/\/vieassociative.be\/actualites\/une-orque-echouee-et-enterree-dans-le-nordseekuste-belge\/#primaryimage\"},\"thumbnailUrl\":\"https:\/\/vieassociative.be\/actualites\/wp-content\/uploads\/2024\/09\/1726933000_Une-orque-echouee-et-enterree-dans-le-Nordseekuste-belge.jpeg\",\"datePublished\":\"2024-09-21T15:36:40+00:00\",\"dateModified\":\"2024-09-21T15:36:43+00:00\",\"breadcrumb\":{\"@id\":\"https:\/\/vieassociative.be\/actualites\/une-orque-echouee-et-enterree-dans-le-nordseekuste-belge\/#breadcrumb\"},\"inLanguage\":\"fr-BE\",\"potentialAction\":[{\"@type\":\"ReadAction\",\"target\":[\"https:\/\/vieassociative.be\/actualites\/une-orque-echouee-et-enterree-dans-le-nordseekuste-belge\/\"]}]},{\"@type\":\"ImageObject\",\"inLanguage\":\"fr-BE\",\"@id\":\"https:\/\/vieassociative.be\/actualites\/une-orque-echouee-et-enterree-dans-le-nordseekuste-belge\/#primaryimage\",\"url\":\"https:\/\/vieassociative.be\/actualites\/wp-content\/uploads\/2024\/09\/1726933000_Une-orque-echouee-et-enterree-dans-le-Nordseekuste-belge.jpeg\",\"contentUrl\":\"https:\/\/vieassociative.be\/actualites\/wp-content\/uploads\/2024\/09\/1726933000_Une-orque-echouee-et-enterree-dans-le-Nordseekuste-belge.jpeg\",\"width\":1600,\"height\":900,\"caption\":\"Une orque \u00e9chou\u00e9e et enterr\u00e9e dans le Nordseek\u00fcste belge\"},{\"@type\":\"BreadcrumbList\",\"@id\":\"https:\/\/vieassociative.be\/actualites\/une-orque-echouee-et-enterree-dans-le-nordseekuste-belge\/#breadcrumb\",\"itemListElement\":[{\"@type\":\"ListItem\",\"position\":1,\"name\":\"Accueil\",\"item\":\"https:\/\/vieassociative.be\/actualites\/\"},{\"@type\":\"ListItem\",\"position\":2,\"name\":\"Une orque \u00e9chou\u00e9e et enterr\u00e9e dans le Nordseek\u00fcste belge\"}]},{\"@type\":\"WebSite\",\"@id\":\"https:\/\/vieassociative.be\/actualites\/#website\",\"url\":\"https:\/\/vieassociative.be\/actualites\/\",\"name\":\"Vie Associative\",\"description\":\"\",\"publisher\":{\"@id\":\"https:\/\/vieassociative.be\/actualites\/#organization\"},\"potentialAction\":[{\"@type\":\"SearchAction\",\"target\":{\"@type\":\"EntryPoint\",\"urlTemplate\":\"https:\/\/vieassociative.be\/actualites\/?s={search_term_string}\"},\"query-input\":{\"@type\":\"PropertyValueSpecification\",\"valueRequired\":true,\"valueName\":\"search_term_string\"}}],\"inLanguage\":\"fr-BE\"},{\"@type\":\"Organization\",\"@id\":\"https:\/\/vieassociative.be\/actualites\/#organization\",\"name\":\"Vie Associative\",\"url\":\"https:\/\/vieassociative.be\/actualites\/\",\"logo\":{\"@type\":\"ImageObject\",\"inLanguage\":\"fr-BE\",\"@id\":\"https:\/\/vieassociative.be\/actualites\/#\/schema\/logo\/image\/\",\"url\":\"https:\/\/vieassociative.be\/actualites\/wp-content\/uploads\/2024\/09\/cropped-vieassociative_favicon.ico.png\",\"contentUrl\":\"https:\/\/vieassociative.be\/actualites\/wp-content\/uploads\/2024\/09\/cropped-vieassociative_favicon.ico.png\",\"width\":512,\"height\":512,\"caption\":\"Vie Associative\"},\"image\":{\"@id\":\"https:\/\/vieassociative.be\/actualites\/#\/schema\/logo\/image\/\"}},{\"@type\":\"Person\",\"@id\":\"https:\/\/vieassociative.be\/actualites\/#\/schema\/person\/b87ac4f82f9d4e7b7cec7395b679edc4\",\"name\":\"Julien\",\"image\":{\"@type\":\"ImageObject\",\"inLanguage\":\"fr-BE\",\"@id\":\"https:\/\/vieassociative.be\/actualites\/#\/schema\/person\/image\/\",\"url\":\"https:\/\/vieassociative.be\/actualites\/wp-content\/uploads\/2024\/09\/vie-associative-1-150x150.jpg\",\"contentUrl\":\"https:\/\/vieassociative.be\/actualites\/wp-content\/uploads\/2024\/09\/vie-associative-1-150x150.jpg\",\"caption\":\"Julien\"},\"description\":\"Je suis Julien, r\u00e9dacteur pour Vie Associative. Passionn\u00e9 par le monde associatif depuis plus de 10 ans, j'ai \u00e0 c\u0153ur de partager des histoires inspirantes et de mettre en lumi\u00e8re les initiatives locales. Mon objectif est de sensibiliser et d'encourager l'engagement communautaire \u00e0 travers mes articles.\",\"sameAs\":[\"https:\/\/vieassociative.be\/\"]}]}<\/script>\n<!-- \/ Yoast SEO plugin. -->","yoast_head_json":{"title":"Une orque \u00e9chou\u00e9e et enterr\u00e9e dans le Nordseek\u00fcste belge | Vie Associative","robots":{"index":"index","follow":"follow","max-snippet":"max-snippet:-1","max-image-preview":"max-image-preview:large","max-video-preview":"max-video-preview:-1"},"canonical":"https:\/\/vieassociative.be\/actualites\/une-orque-echouee-et-enterree-dans-le-nordseekuste-belge\/","og_locale":"fr_FR","og_type":"article","og_title":"Une orque \u00e9chou\u00e9e et enterr\u00e9e dans le Nordseek\u00fcste belge | Vie Associative","og_description":"Une autre c\u00f4te nordique belge a \u00e9t\u00e9 entour\u00e9e par un orque et a \u00e9t\u00e9 d\u00e9truite. Une autopsie devrait apporter des \u00e9claircissements sur la mort. Des","og_url":"https:\/\/vieassociative.be\/actualites\/une-orque-echouee-et-enterree-dans-le-nordseekuste-belge\/","og_site_name":"Vie Associative","article_published_time":"2024-09-21T15:36:40+00:00","article_modified_time":"2024-09-21T15:36:43+00:00","og_image":[{"width":1600,"height":900,"url":"https:\/\/vieassociative.be\/actualites\/wp-content\/uploads\/2024\/09\/1726933000_Une-orque-echouee-et-enterree-dans-le-Nordseekuste-belge.jpeg","type":"image\/jpeg"}],"author":"Julien","twitter_card":"summary_large_image","twitter_misc":{"\u00c9crit par":"Julien","Dur\u00e9e de lecture est.":"2 minutes"},"schema":{"@context":"https:\/\/schema.org","@graph":[{"@type":"Article","@id":"https:\/\/vieassociative.be\/actualites\/une-orque-echouee-et-enterree-dans-le-nordseekuste-belge\/#article","isPartOf":{"@id":"https:\/\/vieassociative.be\/actualites\/une-orque-echouee-et-enterree-dans-le-nordseekuste-belge\/"},"author":{"name":"Julien","@id":"https:\/\/vieassociative.be\/actualites\/#\/schema\/person\/b87ac4f82f9d4e7b7cec7395b679edc4"},"headline":"Une orque \u00e9chou\u00e9e et enterr\u00e9e dans le Nordseek\u00fcste belge","datePublished":"2024-09-21T15:36:40+00:00","dateModified":"2024-09-21T15:36:43+00:00","mainEntityOfPage":{"@id":"https:\/\/vieassociative.be\/actualites\/une-orque-echouee-et-enterree-dans-le-nordseekuste-belge\/"},"wordCount":336,"publisher":{"@id":"https:\/\/vieassociative.be\/actualites\/#organization"},"image":{"@id":"https:\/\/vieassociative.be\/actualites\/une-orque-echouee-et-enterree-dans-le-nordseekuste-belge\/#primaryimage"},"thumbnailUrl":"https:\/\/vieassociative.be\/actualites\/wp-content\/uploads\/2024\/09\/1726933000_Une-orque-echouee-et-enterree-dans-le-Nordseekuste-belge.jpeg","keywords":["belge","dans","\u00e9chou\u00e9e","enterr\u00e9e","Nordseek\u00fcste","orque","une"],"articleSection":["Belgique"],"inLanguage":"fr-BE"},{"@type":"WebPage","@id":"https:\/\/vieassociative.be\/actualites\/une-orque-echouee-et-enterree-dans-le-nordseekuste-belge\/","url":"https:\/\/vieassociative.be\/actualites\/une-orque-echouee-et-enterree-dans-le-nordseekuste-belge\/","name":"Une orque \u00e9chou\u00e9e et enterr\u00e9e dans le Nordseek\u00fcste belge | Vie Associative","isPartOf":{"@id":"https:\/\/vieassociative.be\/actualites\/#website"},"primaryImageOfPage":{"@id":"https:\/\/vieassociative.be\/actualites\/une-orque-echouee-et-enterree-dans-le-nordseekuste-belge\/#primaryimage"},"image":{"@id":"https:\/\/vieassociative.be\/actualites\/une-orque-echouee-et-enterree-dans-le-nordseekuste-belge\/#primaryimage"},"thumbnailUrl":"https:\/\/vieassociative.be\/actualites\/wp-content\/uploads\/2024\/09\/1726933000_Une-orque-echouee-et-enterree-dans-le-Nordseekuste-belge.jpeg","datePublished":"2024-09-21T15:36:40+00:00","dateModified":"2024-09-21T15:36:43+00:00","breadcrumb":{"@id":"https:\/\/vieassociative.be\/actualites\/une-orque-echouee-et-enterree-dans-le-nordseekuste-belge\/#breadcrumb"},"inLanguage":"fr-BE","potentialAction":[{"@type":"ReadAction","target":["https:\/\/vieassociative.be\/actualites\/une-orque-echouee-et-enterree-dans-le-nordseekuste-belge\/"]}]},{"@type":"ImageObject","inLanguage":"fr-BE","@id":"https:\/\/vieassociative.be\/actualites\/une-orque-echouee-et-enterree-dans-le-nordseekuste-belge\/#primaryimage","url":"https:\/\/vieassociative.be\/actualites\/wp-content\/uploads\/2024\/09\/1726933000_Une-orque-echouee-et-enterree-dans-le-Nordseekuste-belge.jpeg","contentUrl":"https:\/\/vieassociative.be\/actualites\/wp-content\/uploads\/2024\/09\/1726933000_Une-orque-echouee-et-enterree-dans-le-Nordseekuste-belge.jpeg","width":1600,"height":900,"caption":"Une orque \u00e9chou\u00e9e et enterr\u00e9e dans le Nordseek\u00fcste belge"},{"@type":"BreadcrumbList","@id":"https:\/\/vieassociative.be\/actualites\/une-orque-echouee-et-enterree-dans-le-nordseekuste-belge\/#breadcrumb","itemListElement":[{"@type":"ListItem","position":1,"name":"Accueil","item":"https:\/\/vieassociative.be\/actualites\/"},{"@type":"ListItem","position":2,"name":"Une orque \u00e9chou\u00e9e et enterr\u00e9e dans le Nordseek\u00fcste belge"}]},{"@type":"WebSite","@id":"https:\/\/vieassociative.be\/actualites\/#website","url":"https:\/\/vieassociative.be\/actualites\/","name":"Vie Associative","description":"","publisher":{"@id":"https:\/\/vieassociative.be\/actualites\/#organization"},"potentialAction":[{"@type":"SearchAction","target":{"@type":"EntryPoint","urlTemplate":"https:\/\/vieassociative.be\/actualites\/?s={search_term_string}"},"query-input":{"@type":"PropertyValueSpecification","valueRequired":true,"valueName":"search_term_string"}}],"inLanguage":"fr-BE"},{"@type":"Organization","@id":"https:\/\/vieassociative.be\/actualites\/#organization","name":"Vie Associative","url":"https:\/\/vieassociative.be\/actualites\/","logo":{"@type":"ImageObject","inLanguage":"fr-BE","@id":"https:\/\/vieassociative.be\/actualites\/#\/schema\/logo\/image\/","url":"https:\/\/vieassociative.be\/actualites\/wp-content\/uploads\/2024\/09\/cropped-vieassociative_favicon.ico.png","contentUrl":"https:\/\/vieassociative.be\/actualites\/wp-content\/uploads\/2024\/09\/cropped-vieassociative_favicon.ico.png","width":512,"height":512,"caption":"Vie Associative"},"image":{"@id":"https:\/\/vieassociative.be\/actualites\/#\/schema\/logo\/image\/"}},{"@type":"Person","@id":"https:\/\/vieassociative.be\/actualites\/#\/schema\/person\/b87ac4f82f9d4e7b7cec7395b679edc4","name":"Julien","image":{"@type":"ImageObject","inLanguage":"fr-BE","@id":"https:\/\/vieassociative.be\/actualites\/#\/schema\/person\/image\/","url":"https:\/\/vieassociative.be\/actualites\/wp-content\/uploads\/2024\/09\/vie-associative-1-150x150.jpg","contentUrl":"https:\/\/vieassociative.be\/actualites\/wp-content\/uploads\/2024\/09\/vie-associative-1-150x150.jpg","caption":"Julien"},"description":"Je suis Julien, r\u00e9dacteur pour Vie Associative. Passionn\u00e9 par le monde associatif depuis plus de 10 ans, j'ai \u00e0 c\u0153ur de partager des histoires inspirantes et de mettre en lumi\u00e8re les initiatives locales. Mon objectif est de sensibiliser et d'encourager l'engagement communautaire \u00e0 travers mes articles.","sameAs":["https:\/\/vieassociative.be\/"]}]}},"_links":{"self":[{"href":"https:\/\/vieassociative.be\/actualites\/wp-json\/wp\/v2\/posts\/272"}],"collection":[{"href":"https:\/\/vieassociative.be\/actualites\/wp-json\/wp\/v2\/posts"}],"about":[{"href":"https:\/\/vieassociative.be\/actualites\/wp-json\/wp\/v2\/types\/post"}],"author":[{"embeddable":true,"href":"https:\/\/vieassociative.be\/actualites\/wp-json\/wp\/v2\/users\/1"}],"replies":[{"embeddable":true,"href":"https:\/\/vieassociative.be\/actualites\/wp-json\/wp\/v2\/comments?post=272"}],"version-history":[{"count":1,"href":"https:\/\/vieassociative.be\/actualites\/wp-json\/wp\/v2\/posts\/272\/revisions"}],"predecessor-version":[{"id":274,"href":"https:\/\/vieassociative.be\/actualites\/wp-json\/wp\/v2\/posts\/272\/revisions\/274"}],"wp:featuredmedia":[{"embeddable":true,"href":"https:\/\/vieassociative.be\/actualites\/wp-json\/wp\/v2\/media\/273"}],"wp:attachment":[{"href":"https:\/\/vieassociative.be\/actualites\/wp-json\/wp\/v2\/media?parent=272"}],"wp:term":[{"taxonomy":"category","embeddable":true,"href":"https:\/\/vieassociative.be\/actualites\/wp-json\/wp\/v2\/categories?post=272"},{"taxonomy":"post_tag","embeddable":true,"href":"https:\/\/vieassociative.be\/actualites\/wp-json\/wp\/v2\/tags?post=272"}],"curies":[{"name":"wp","href":"https:\/\/api.w.org\/{rel}","templated":true}]}}