{"id":2713,"date":"2024-11-24T02:17:05","date_gmt":"2024-11-24T01:17:05","guid":{"rendered":"https:\/\/vieassociative.be\/actualites\/threads-essaie-de-se-faire-davantage-comme-bluesky\/"},"modified":"2024-11-24T02:17:05","modified_gmt":"2024-11-24T01:17:05","slug":"threads-essaie-de-se-faire-davantage-comme-bluesky","status":"publish","type":"post","link":"https:\/\/vieassociative.be\/actualites\/threads-essaie-de-se-faire-davantage-comme-bluesky\/","title":{"rendered":"Threads essaie de se faire davantage comme Bluesky"},"content":{"rendered":"<div class=\"mt-4 leading-6 md:mb-8\">Bluesky, il fait si chaud en ce moment.<\/div>\n<p><\/p>\n<p>Bluesky passe certainement un moment. La plate-forme compte d\u00e9sormais plus de 21 millions d&rsquo;utilisateurs, et ces utilisateurs sont actifs : ils publient, partagent, suivent de nouveaux comptes et cr\u00e9ent des packs de d\u00e9marrage que d&rsquo;autres utilisateurs peuvent \u00e9galement rejoindre. <\/p>\n<p>Meta conna\u00eet sans aucun doute ce succ\u00e8s et en veut une part pour sa plateforme similaire, Threads. Bien que Threads ait <em>chemin<\/em> plus d&rsquo;utilisateurs \u00e0 l&rsquo;heure actuelle (275 millions en novembre), la plateforme de choix pour les discussions en ligne est sans aucun doute Bluesky. Nous l&rsquo;avons couvert en cons\u00e9quence.<\/p>\n<h2 id=\"big-changes-to-threads-for-you-feed\">De gros changements dans le flux \u00ab\u00a0Pour vous\u00a0\u00bb du fil de discussion<\/h2>\n<p>Probablement dans le but de rivaliser avec la popularit\u00e9 actuelle de Bluesky, Threads apporte de grands changements cette semaine. Tout d\u2019abord, et peut-\u00eatre le plus important, le service ajuste son algorithme par d\u00e9faut \u00ab\u00a0Pour vous\u00a0\u00bb, pour donner la priorit\u00e9 aux comptes que vous suivez par rapport aux comptes que vous ne suivez pas. Adam Mosseri, responsable d&rsquo;Instagram, a pos\u00e9 sur Threads pour annoncer les changements\u00a0:<\/p>\n<div class=\"raw-embed\">\n<blockquote class=\"text-post-media\" data-text-post-permalink=\"https:\/\/www.threads.net\/@mosseri\/post\/DCo4WiOvCB0\" data-text-post-version=\"0\" id=\"ig-tp-DCo4WiOvCB0\" style=\" background:#FFF; border-width: 1px; border-style: solid; border-color: #00000026; border-radius: 16px; max-width:540px; margin: 1px; min-width:270px; padding:0; width:99.375%; width:-webkit-calc(100% - 2px); width:calc(100% - 2px);\">\n<div style=\" padding: 40px; display: flex; flex-direction: column; align-items: center;\">\n<div style=\" display:block; height:32px; width:32px; padding-bottom:20px;\"> <svg aria-label=\"Threads\" height=\"32px\" role=\"img\" viewbox=\"0 0 192 192\" width=\"32px\" xmlns=\"http:\/\/www.w3.org\/2000\/svg\"> <path d=\"M141.537 88.9883C140.71 88.5919 139.87 88.2104 139.019 87.8451C137.537 60.5382 122.616 44.905 97.5619 44.745C97.4484 44.7443 97.3355 44.7443 97.222 44.7443C82.2364 44.7443 69.7731 51.1409 62.102 62.7807L75.881 72.2328C81.6116 63.5383 90.6052 61.6848 97.2286 61.6848C97.3051 61.6848 97.3819 61.6848 97.4576 61.6855C105.707 61.7381 111.932 64.1366 115.961 68.814C118.893 72.2193 120.854 76.925 121.825 82.8638C114.511 81.6207 106.601 81.2385 98.145 81.7233C74.3247 83.0954 59.0111 96.9879 60.0396 116.292C60.5615 126.084 65.4397 134.508 73.775 140.011C80.8224 144.663 89.899 146.938 99.3323 146.423C111.79 145.74 121.563 140.987 128.381 132.296C133.559 125.696 136.834 117.143 138.28 106.366C144.217 109.949 148.617 114.664 151.047 120.332C155.179 129.967 155.42 145.8 142.501 158.708C131.182 170.016 117.576 174.908 97.0135 175.059C74.2042 174.89 56.9538 167.575 45.7381 153.317C35.2355 139.966 29.8077 120.682 29.6052 96C29.8077 71.3178 35.2355 52.0336 45.7381 38.6827C56.9538 24.4249 74.2039 17.11 97.0132 16.9405C119.988 17.1113 137.539 24.4614 149.184 38.788C154.894 45.8136 159.199 54.6488 162.037 64.9503L178.184 60.6422C174.744 47.9622 169.331 37.0357 161.965 27.974C147.036 9.60668 125.202 0.195148 97.0695 0H96.9569C68.8816 0.19447 47.2921 9.6418 32.7883 28.0793C19.8819 44.4864 13.2244 67.3157 13.0007 95.9325L13 96L13.0007 96.0675C13.2244 124.684 19.8819 147.514 32.7883 163.921C47.2921 182.358 68.8816 191.806 96.9569 192H97.0695C122.03 191.827 139.624 185.292 154.118 170.811C173.081 151.866 172.51 128.119 166.26 113.541C161.776 103.087 153.227 94.5962 141.537 88.9883ZM98.4405 129.507C88.0005 130.095 77.1544 125.409 76.6196 115.372C76.2232 107.93 81.9158 99.626 99.0812 98.6368C101.047 98.5234 102.976 98.468 104.871 98.468C111.106 98.468 116.939 99.0737 122.242 100.233C120.264 124.935 108.662 128.946 98.4405 129.507Z\"><\/path><\/svg><\/div>\n<div style=\" font-size: 15px; line-height: 21px; color: #000000; font-weight: 600; \">  Afficher sur les discussions<\/div>\n<\/div>\n<\/blockquote>\n<\/div>\n<p>C&rsquo;est un bon changement et r\u00e9sout un probl\u00e8me cr\u00e9\u00e9 par Threads lui-m\u00eame. Threads, comme d\u2019autres plateformes de m\u00e9dias sociaux, propose aux utilisateurs deux flux. \u00ab\u00a0Pour vous\u00a0\u00bb, qui affiche le contenu tri\u00e9 de mani\u00e8re algorithmique des comptes que vous suivez et de ceux que vous ne suivez pas, et \u00ab\u00a0Suivi\u00a0\u00bb, qui affiche uniquement les publications des comptes que vous suivez. Le probl\u00e8me est que Threads revient toujours par d\u00e9faut \u00e0 l&rsquo;onglet \u00ab\u00a0Pour vous\u00a0\u00bb, m\u00eame si vous vous \u00eates arr\u00eat\u00e9 pour la derni\u00e8re fois sur \u00ab\u00a0Suivant\u00a0\u00bb. Ainsi, chaque fois que vous ouvrez une nouvelle session Threads, vous voyez le contenu de personnes que vous ne suivez pas, que cela vous plaise ou non. <\/p>\n<p>Ces nouveaux changements apport\u00e9s \u00e0 l\u2019algorithme devraient donc am\u00e9liorer la situation. Vous verrez toujours les publications des comptes que vous ne suivez pas, mais moins souvent, car les publications des comptes que vous <em>faire<\/em> les suivis apparaissent plus fr\u00e9quemment. M\u00eame si vous \u00eates toujours bloqu\u00e9 avec le flux \u00ab\u00a0Pour vous\u00a0\u00bb par d\u00e9faut, l&rsquo;algorithme sera peut-\u00eatre suffisamment r\u00e9gl\u00e9 pour que vous ne ressentiez pas le besoin de passer \u00e0 \u00ab\u00a0Suivant\u00a0\u00bb \u00e0 chaque fois. De plus, comme l&rsquo;a not\u00e9 Mosseri, les changements mettront l&rsquo;accent sur l&rsquo;engagement des abonn\u00e9s plut\u00f4t que sur celui des comptes non connect\u00e9s. Esp\u00e9rons que cela incitera davantage d&rsquo;affiches de Threads \u00e0 cr\u00e9er un contenu davantage adapt\u00e9 \u00e0 leur public, plut\u00f4t qu&rsquo;\u00e0 ce qui, selon eux, explosera sur Threads en g\u00e9n\u00e9ral. Cela devrait d\u00e9placer le contenu vers des int\u00e9r\u00eats plus localis\u00e9s, plut\u00f4t que vers des faux sensationnalistes.<\/p>\n<p>En plus des changements algorithmiques, Threads a \u00e9galement d\u00e9ploy\u00e9 des flux personnalis\u00e9s cette semaine. Ces flux vous permettent de choisir un sujet sp\u00e9cifique ou un ensemble de comptes \u00e0 suivre, plut\u00f4t que de simplement faire d\u00e9filer les flux g\u00e9n\u00e9raux Pour vous ou Suivre. Il se trouve que Bluesky propose \u00e9galement des flux personnalis\u00e9s, et ce depuis un certain temps d\u00e9j\u00e0. Imaginez \u00e7a. <\/p>\n<div class=\"w-full mt-12 text-center sm:text-left\" x-data=\"{ showAll: false }\">\n<div class=\"flex flex-col items-center justify-between sm:px-6 sm:flex-row\">\n\t\t\t<span class=\"text-sm italic\">Les offres sont s\u00e9lectionn\u00e9es par notre \u00e9quipe commerciale<\/span><\/p><\/div>\n<\/p><\/div>\n","protected":false},"excerpt":{"rendered":"<p>Bluesky, il fait si chaud en ce moment. Bluesky passe certainement un moment. La plate-forme compte d\u00e9sormais plus de 21 millions d&rsquo;utilisateurs, et ces utilisateurs<\/p>\n","protected":false},"author":1,"featured_media":2714,"comment_status":"","ping_status":"","sticky":false,"template":"","format":"standard","meta":{"footnotes":""},"categories":[13],"tags":[2030,1254,3457,3456,127,3455],"class_list":["post-2713","post","type-post","status-publish","format-standard","has-post-thumbnail","hentry","category-technologie","tag-bluesky","tag-comme","tag-davantage","tag-essaie","tag-faire","tag-threads","generate-columns","tablet-grid-50","mobile-grid-100","grid-parent","grid-33"],"yoast_head":"<!-- This site is optimized with the Yoast SEO plugin v24.0 - https:\/\/yoast.com\/wordpress\/plugins\/seo\/ -->\n<title>Threads essaie de se faire davantage comme Bluesky | Vie Associative<\/title>\n<meta name=\"robots\" content=\"index, follow, max-snippet:-1, max-image-preview:large, max-video-preview:-1\" \/>\n<link rel=\"canonical\" href=\"https:\/\/vieassociative.be\/actualites\/threads-essaie-de-se-faire-davantage-comme-bluesky\/\" \/>\n<meta property=\"og:locale\" content=\"fr_FR\" \/>\n<meta property=\"og:type\" content=\"article\" \/>\n<meta property=\"og:title\" content=\"Threads essaie de se faire davantage comme Bluesky | Vie Associative\" \/>\n<meta property=\"og:description\" content=\"Bluesky, il fait si chaud en ce moment. Bluesky passe certainement un moment. La plate-forme compte d\u00e9sormais plus de 21 millions d&rsquo;utilisateurs, et ces utilisateurs\" \/>\n<meta property=\"og:url\" content=\"https:\/\/vieassociative.be\/actualites\/threads-essaie-de-se-faire-davantage-comme-bluesky\/\" \/>\n<meta property=\"og:site_name\" content=\"Vie Associative\" \/>\n<meta property=\"article:published_time\" content=\"2024-11-24T01:17:05+00:00\" \/>\n<meta property=\"og:image\" content=\"https:\/\/vieassociative.be\/actualites\/wp-content\/uploads\/2024\/09\/header_backgroundk-01-e1726694325946.png\" \/>\n\t<meta property=\"og:image:width\" content=\"279\" \/>\n\t<meta property=\"og:image:height\" content=\"92\" \/>\n\t<meta property=\"og:image:type\" content=\"image\/png\" \/>\n<meta name=\"author\" content=\"Julien\" \/>\n<meta name=\"twitter:card\" content=\"summary_large_image\" \/>\n<meta name=\"twitter:label1\" content=\"\u00c9crit par\" \/>\n\t<meta name=\"twitter:data1\" content=\"Julien\" \/>\n\t<meta name=\"twitter:label2\" content=\"Dur\u00e9e de lecture est.\" \/>\n\t<meta name=\"twitter:data2\" content=\"3 minutes\" \/>\n<script type=\"application\/ld+json\" class=\"yoast-schema-graph\">{\"@context\":\"https:\/\/schema.org\",\"@graph\":[{\"@type\":\"Article\",\"@id\":\"https:\/\/vieassociative.be\/actualites\/threads-essaie-de-se-faire-davantage-comme-bluesky\/#article\",\"isPartOf\":{\"@id\":\"https:\/\/vieassociative.be\/actualites\/threads-essaie-de-se-faire-davantage-comme-bluesky\/\"},\"author\":{\"name\":\"Julien\",\"@id\":\"https:\/\/vieassociative.be\/actualites\/#\/schema\/person\/b87ac4f82f9d4e7b7cec7395b679edc4\"},\"headline\":\"Threads essaie de se faire davantage comme Bluesky\",\"datePublished\":\"2024-11-24T01:17:05+00:00\",\"dateModified\":\"2024-11-24T01:17:05+00:00\",\"mainEntityOfPage\":{\"@id\":\"https:\/\/vieassociative.be\/actualites\/threads-essaie-de-se-faire-davantage-comme-bluesky\/\"},\"wordCount\":559,\"publisher\":{\"@id\":\"https:\/\/vieassociative.be\/actualites\/#organization\"},\"image\":{\"@id\":\"https:\/\/vieassociative.be\/actualites\/threads-essaie-de-se-faire-davantage-comme-bluesky\/#primaryimage\"},\"thumbnailUrl\":\"https:\/\/vieassociative.be\/actualites\/wp-content\/uploads\/2024\/11\/Threads-essaie-de-se-faire-davantage-comme-Bluesky.jpg\",\"keywords\":[\"Bluesky\",\"comme\",\"davantage\",\"essaie\",\"faire\",\"Threads\"],\"articleSection\":[\"Technologie\"],\"inLanguage\":\"fr-BE\"},{\"@type\":\"WebPage\",\"@id\":\"https:\/\/vieassociative.be\/actualites\/threads-essaie-de-se-faire-davantage-comme-bluesky\/\",\"url\":\"https:\/\/vieassociative.be\/actualites\/threads-essaie-de-se-faire-davantage-comme-bluesky\/\",\"name\":\"Threads essaie de se faire davantage comme Bluesky | Vie Associative\",\"isPartOf\":{\"@id\":\"https:\/\/vieassociative.be\/actualites\/#website\"},\"primaryImageOfPage\":{\"@id\":\"https:\/\/vieassociative.be\/actualites\/threads-essaie-de-se-faire-davantage-comme-bluesky\/#primaryimage\"},\"image\":{\"@id\":\"https:\/\/vieassociative.be\/actualites\/threads-essaie-de-se-faire-davantage-comme-bluesky\/#primaryimage\"},\"thumbnailUrl\":\"https:\/\/vieassociative.be\/actualites\/wp-content\/uploads\/2024\/11\/Threads-essaie-de-se-faire-davantage-comme-Bluesky.jpg\",\"datePublished\":\"2024-11-24T01:17:05+00:00\",\"dateModified\":\"2024-11-24T01:17:05+00:00\",\"breadcrumb\":{\"@id\":\"https:\/\/vieassociative.be\/actualites\/threads-essaie-de-se-faire-davantage-comme-bluesky\/#breadcrumb\"},\"inLanguage\":\"fr-BE\",\"potentialAction\":[{\"@type\":\"ReadAction\",\"target\":[\"https:\/\/vieassociative.be\/actualites\/threads-essaie-de-se-faire-davantage-comme-bluesky\/\"]}]},{\"@type\":\"ImageObject\",\"inLanguage\":\"fr-BE\",\"@id\":\"https:\/\/vieassociative.be\/actualites\/threads-essaie-de-se-faire-davantage-comme-bluesky\/#primaryimage\",\"url\":\"https:\/\/vieassociative.be\/actualites\/wp-content\/uploads\/2024\/11\/Threads-essaie-de-se-faire-davantage-comme-Bluesky.jpg\",\"contentUrl\":\"https:\/\/vieassociative.be\/actualites\/wp-content\/uploads\/2024\/11\/Threads-essaie-de-se-faire-davantage-comme-Bluesky.jpg\",\"width\":1200,\"height\":675,\"caption\":\"Threads essaie de se faire davantage comme Bluesky\"},{\"@type\":\"BreadcrumbList\",\"@id\":\"https:\/\/vieassociative.be\/actualites\/threads-essaie-de-se-faire-davantage-comme-bluesky\/#breadcrumb\",\"itemListElement\":[{\"@type\":\"ListItem\",\"position\":1,\"name\":\"Accueil\",\"item\":\"https:\/\/vieassociative.be\/actualites\/\"},{\"@type\":\"ListItem\",\"position\":2,\"name\":\"Threads essaie de se faire davantage comme Bluesky\"}]},{\"@type\":\"WebSite\",\"@id\":\"https:\/\/vieassociative.be\/actualites\/#website\",\"url\":\"https:\/\/vieassociative.be\/actualites\/\",\"name\":\"Vie Associative\",\"description\":\"\",\"publisher\":{\"@id\":\"https:\/\/vieassociative.be\/actualites\/#organization\"},\"potentialAction\":[{\"@type\":\"SearchAction\",\"target\":{\"@type\":\"EntryPoint\",\"urlTemplate\":\"https:\/\/vieassociative.be\/actualites\/?s={search_term_string}\"},\"query-input\":{\"@type\":\"PropertyValueSpecification\",\"valueRequired\":true,\"valueName\":\"search_term_string\"}}],\"inLanguage\":\"fr-BE\"},{\"@type\":\"Organization\",\"@id\":\"https:\/\/vieassociative.be\/actualites\/#organization\",\"name\":\"Vie Associative\",\"url\":\"https:\/\/vieassociative.be\/actualites\/\",\"logo\":{\"@type\":\"ImageObject\",\"inLanguage\":\"fr-BE\",\"@id\":\"https:\/\/vieassociative.be\/actualites\/#\/schema\/logo\/image\/\",\"url\":\"https:\/\/vieassociative.be\/actualites\/wp-content\/uploads\/2024\/09\/cropped-vieassociative_favicon.ico.png\",\"contentUrl\":\"https:\/\/vieassociative.be\/actualites\/wp-content\/uploads\/2024\/09\/cropped-vieassociative_favicon.ico.png\",\"width\":512,\"height\":512,\"caption\":\"Vie Associative\"},\"image\":{\"@id\":\"https:\/\/vieassociative.be\/actualites\/#\/schema\/logo\/image\/\"}},{\"@type\":\"Person\",\"@id\":\"https:\/\/vieassociative.be\/actualites\/#\/schema\/person\/b87ac4f82f9d4e7b7cec7395b679edc4\",\"name\":\"Julien\",\"image\":{\"@type\":\"ImageObject\",\"inLanguage\":\"fr-BE\",\"@id\":\"https:\/\/vieassociative.be\/actualites\/#\/schema\/person\/image\/\",\"url\":\"https:\/\/vieassociative.be\/actualites\/wp-content\/uploads\/2024\/09\/vie-associative-1-150x150.jpg\",\"contentUrl\":\"https:\/\/vieassociative.be\/actualites\/wp-content\/uploads\/2024\/09\/vie-associative-1-150x150.jpg\",\"caption\":\"Julien\"},\"description\":\"Je suis Julien, r\u00e9dacteur pour Vie Associative. Passionn\u00e9 par le monde associatif depuis plus de 10 ans, j'ai \u00e0 c\u0153ur de partager des histoires inspirantes et de mettre en lumi\u00e8re les initiatives locales. Mon objectif est de sensibiliser et d'encourager l'engagement communautaire \u00e0 travers mes articles.\",\"sameAs\":[\"https:\/\/vieassociative.be\/\"]}]}<\/script>\n<!-- \/ Yoast SEO plugin. -->","yoast_head_json":{"title":"Threads essaie de se faire davantage comme Bluesky | Vie Associative","robots":{"index":"index","follow":"follow","max-snippet":"max-snippet:-1","max-image-preview":"max-image-preview:large","max-video-preview":"max-video-preview:-1"},"canonical":"https:\/\/vieassociative.be\/actualites\/threads-essaie-de-se-faire-davantage-comme-bluesky\/","og_locale":"fr_FR","og_type":"article","og_title":"Threads essaie de se faire davantage comme Bluesky | Vie Associative","og_description":"Bluesky, il fait si chaud en ce moment. Bluesky passe certainement un moment. La plate-forme compte d\u00e9sormais plus de 21 millions d&rsquo;utilisateurs, et ces utilisateurs","og_url":"https:\/\/vieassociative.be\/actualites\/threads-essaie-de-se-faire-davantage-comme-bluesky\/","og_site_name":"Vie Associative","article_published_time":"2024-11-24T01:17:05+00:00","og_image":[{"width":279,"height":92,"url":"https:\/\/vieassociative.be\/actualites\/wp-content\/uploads\/2024\/09\/header_backgroundk-01-e1726694325946.png","type":"image\/png"}],"author":"Julien","twitter_card":"summary_large_image","twitter_misc":{"\u00c9crit par":"Julien","Dur\u00e9e de lecture est.":"3 minutes"},"schema":{"@context":"https:\/\/schema.org","@graph":[{"@type":"Article","@id":"https:\/\/vieassociative.be\/actualites\/threads-essaie-de-se-faire-davantage-comme-bluesky\/#article","isPartOf":{"@id":"https:\/\/vieassociative.be\/actualites\/threads-essaie-de-se-faire-davantage-comme-bluesky\/"},"author":{"name":"Julien","@id":"https:\/\/vieassociative.be\/actualites\/#\/schema\/person\/b87ac4f82f9d4e7b7cec7395b679edc4"},"headline":"Threads essaie de se faire davantage comme Bluesky","datePublished":"2024-11-24T01:17:05+00:00","dateModified":"2024-11-24T01:17:05+00:00","mainEntityOfPage":{"@id":"https:\/\/vieassociative.be\/actualites\/threads-essaie-de-se-faire-davantage-comme-bluesky\/"},"wordCount":559,"publisher":{"@id":"https:\/\/vieassociative.be\/actualites\/#organization"},"image":{"@id":"https:\/\/vieassociative.be\/actualites\/threads-essaie-de-se-faire-davantage-comme-bluesky\/#primaryimage"},"thumbnailUrl":"https:\/\/vieassociative.be\/actualites\/wp-content\/uploads\/2024\/11\/Threads-essaie-de-se-faire-davantage-comme-Bluesky.jpg","keywords":["Bluesky","comme","davantage","essaie","faire","Threads"],"articleSection":["Technologie"],"inLanguage":"fr-BE"},{"@type":"WebPage","@id":"https:\/\/vieassociative.be\/actualites\/threads-essaie-de-se-faire-davantage-comme-bluesky\/","url":"https:\/\/vieassociative.be\/actualites\/threads-essaie-de-se-faire-davantage-comme-bluesky\/","name":"Threads essaie de se faire davantage comme Bluesky | Vie Associative","isPartOf":{"@id":"https:\/\/vieassociative.be\/actualites\/#website"},"primaryImageOfPage":{"@id":"https:\/\/vieassociative.be\/actualites\/threads-essaie-de-se-faire-davantage-comme-bluesky\/#primaryimage"},"image":{"@id":"https:\/\/vieassociative.be\/actualites\/threads-essaie-de-se-faire-davantage-comme-bluesky\/#primaryimage"},"thumbnailUrl":"https:\/\/vieassociative.be\/actualites\/wp-content\/uploads\/2024\/11\/Threads-essaie-de-se-faire-davantage-comme-Bluesky.jpg","datePublished":"2024-11-24T01:17:05+00:00","dateModified":"2024-11-24T01:17:05+00:00","breadcrumb":{"@id":"https:\/\/vieassociative.be\/actualites\/threads-essaie-de-se-faire-davantage-comme-bluesky\/#breadcrumb"},"inLanguage":"fr-BE","potentialAction":[{"@type":"ReadAction","target":["https:\/\/vieassociative.be\/actualites\/threads-essaie-de-se-faire-davantage-comme-bluesky\/"]}]},{"@type":"ImageObject","inLanguage":"fr-BE","@id":"https:\/\/vieassociative.be\/actualites\/threads-essaie-de-se-faire-davantage-comme-bluesky\/#primaryimage","url":"https:\/\/vieassociative.be\/actualites\/wp-content\/uploads\/2024\/11\/Threads-essaie-de-se-faire-davantage-comme-Bluesky.jpg","contentUrl":"https:\/\/vieassociative.be\/actualites\/wp-content\/uploads\/2024\/11\/Threads-essaie-de-se-faire-davantage-comme-Bluesky.jpg","width":1200,"height":675,"caption":"Threads essaie de se faire davantage comme Bluesky"},{"@type":"BreadcrumbList","@id":"https:\/\/vieassociative.be\/actualites\/threads-essaie-de-se-faire-davantage-comme-bluesky\/#breadcrumb","itemListElement":[{"@type":"ListItem","position":1,"name":"Accueil","item":"https:\/\/vieassociative.be\/actualites\/"},{"@type":"ListItem","position":2,"name":"Threads essaie de se faire davantage comme Bluesky"}]},{"@type":"WebSite","@id":"https:\/\/vieassociative.be\/actualites\/#website","url":"https:\/\/vieassociative.be\/actualites\/","name":"Vie Associative","description":"","publisher":{"@id":"https:\/\/vieassociative.be\/actualites\/#organization"},"potentialAction":[{"@type":"SearchAction","target":{"@type":"EntryPoint","urlTemplate":"https:\/\/vieassociative.be\/actualites\/?s={search_term_string}"},"query-input":{"@type":"PropertyValueSpecification","valueRequired":true,"valueName":"search_term_string"}}],"inLanguage":"fr-BE"},{"@type":"Organization","@id":"https:\/\/vieassociative.be\/actualites\/#organization","name":"Vie Associative","url":"https:\/\/vieassociative.be\/actualites\/","logo":{"@type":"ImageObject","inLanguage":"fr-BE","@id":"https:\/\/vieassociative.be\/actualites\/#\/schema\/logo\/image\/","url":"https:\/\/vieassociative.be\/actualites\/wp-content\/uploads\/2024\/09\/cropped-vieassociative_favicon.ico.png","contentUrl":"https:\/\/vieassociative.be\/actualites\/wp-content\/uploads\/2024\/09\/cropped-vieassociative_favicon.ico.png","width":512,"height":512,"caption":"Vie Associative"},"image":{"@id":"https:\/\/vieassociative.be\/actualites\/#\/schema\/logo\/image\/"}},{"@type":"Person","@id":"https:\/\/vieassociative.be\/actualites\/#\/schema\/person\/b87ac4f82f9d4e7b7cec7395b679edc4","name":"Julien","image":{"@type":"ImageObject","inLanguage":"fr-BE","@id":"https:\/\/vieassociative.be\/actualites\/#\/schema\/person\/image\/","url":"https:\/\/vieassociative.be\/actualites\/wp-content\/uploads\/2024\/09\/vie-associative-1-150x150.jpg","contentUrl":"https:\/\/vieassociative.be\/actualites\/wp-content\/uploads\/2024\/09\/vie-associative-1-150x150.jpg","caption":"Julien"},"description":"Je suis Julien, r\u00e9dacteur pour Vie Associative. Passionn\u00e9 par le monde associatif depuis plus de 10 ans, j'ai \u00e0 c\u0153ur de partager des histoires inspirantes et de mettre en lumi\u00e8re les initiatives locales. Mon objectif est de sensibiliser et d'encourager l'engagement communautaire \u00e0 travers mes articles.","sameAs":["https:\/\/vieassociative.be\/"]}]}},"_links":{"self":[{"href":"https:\/\/vieassociative.be\/actualites\/wp-json\/wp\/v2\/posts\/2713"}],"collection":[{"href":"https:\/\/vieassociative.be\/actualites\/wp-json\/wp\/v2\/posts"}],"about":[{"href":"https:\/\/vieassociative.be\/actualites\/wp-json\/wp\/v2\/types\/post"}],"author":[{"embeddable":true,"href":"https:\/\/vieassociative.be\/actualites\/wp-json\/wp\/v2\/users\/1"}],"replies":[{"embeddable":true,"href":"https:\/\/vieassociative.be\/actualites\/wp-json\/wp\/v2\/comments?post=2713"}],"version-history":[{"count":0,"href":"https:\/\/vieassociative.be\/actualites\/wp-json\/wp\/v2\/posts\/2713\/revisions"}],"wp:featuredmedia":[{"embeddable":true,"href":"https:\/\/vieassociative.be\/actualites\/wp-json\/wp\/v2\/media\/2714"}],"wp:attachment":[{"href":"https:\/\/vieassociative.be\/actualites\/wp-json\/wp\/v2\/media?parent=2713"}],"wp:term":[{"taxonomy":"category","embeddable":true,"href":"https:\/\/vieassociative.be\/actualites\/wp-json\/wp\/v2\/categories?post=2713"},{"taxonomy":"post_tag","embeddable":true,"href":"https:\/\/vieassociative.be\/actualites\/wp-json\/wp\/v2\/tags?post=2713"}],"curies":[{"name":"wp","href":"https:\/\/api.w.org\/{rel}","templated":true}]}}