{"id":2712,"date":"2024-11-24T01:18:15","date_gmt":"2024-11-24T00:18:15","guid":{"rendered":"https:\/\/vieassociative.be\/actualites\/aidez-a-prevenir-les-infections-a-levures-en-sechant-vos-regions-inferieures\/"},"modified":"2024-11-24T01:18:15","modified_gmt":"2024-11-24T00:18:15","slug":"aidez-a-prevenir-les-infections-a-levures-en-sechant-vos-regions-inferieures","status":"publish","type":"post","link":"https:\/\/vieassociative.be\/actualites\/aidez-a-prevenir-les-infections-a-levures-en-sechant-vos-regions-inferieures\/","title":{"rendered":"Aidez \u00e0 pr\u00e9venir les infections \u00e0 levures en s\u00e9chant vos r\u00e9gions inf\u00e9rieures"},"content":{"rendered":"<p>En voici une que nous n&rsquo;avions jamais entendue auparavant\u00a0: pour pr\u00e9venir les infections \u00e0 levures, s\u00e9chez votre vagin apr\u00e8s la douche ou le bain. Cela semble un peu idiot, mais c\u2019est logique : apr\u00e8s tout, les bact\u00e9ries aiment l\u2019humidit\u00e9. <\/p>\n<p>J&rsquo;ai fait quelques recherches sur cette astuce et j&rsquo;ai d\u00e9couvert que l&rsquo;American Pregnancy Association et de nombreux gyn\u00e9cologues sugg\u00e8rent d&rsquo;utiliser un s\u00e8che-cheveux \u00e0 basse temp\u00e9rature pour \u00e9viter les infections \u00e0 levures. Qui savait ?!<\/p>\n<p>Avez-vous d\u2019autres conseils pour lutter contre les infections \u00e0 levures ? Partagez-les ci-dessous. <\/p>\n<p>Conseils LifePro\u23aeReddit <\/p>\n<p><em>Image via Jeka (Shutterstock). <\/em><\/p>\n","protected":false},"excerpt":{"rendered":"<p>En voici une que nous n&rsquo;avions jamais entendue auparavant\u00a0: pour pr\u00e9venir les infections \u00e0 levures, s\u00e9chez votre vagin apr\u00e8s la douche ou le bain. Cela<\/p>\n","protected":false},"author":1,"featured_media":1797,"comment_status":"","ping_status":"","sticky":false,"template":"","format":"standard","meta":{"footnotes":""},"categories":[42],"tags":[1492,1953,3454,14,3452,380,2611,3453,27],"class_list":["post-2712","post","type-post","status-publish","format-standard","has-post-thumbnail","hentry","category-relations","tag-aidez","tag-infections","tag-inferieures","tag-les","tag-levures","tag-prevenir","tag-regions","tag-sechant","tag-vos","generate-columns","tablet-grid-50","mobile-grid-100","grid-parent","grid-33"],"yoast_head":"<!-- This site is optimized with the Yoast SEO plugin v24.0 - https:\/\/yoast.com\/wordpress\/plugins\/seo\/ -->\n<title>Aidez \u00e0 pr\u00e9venir les infections \u00e0 levures en s\u00e9chant vos r\u00e9gions inf\u00e9rieures | Vie Associative<\/title>\n<meta name=\"robots\" content=\"index, follow, max-snippet:-1, max-image-preview:large, max-video-preview:-1\" \/>\n<link rel=\"canonical\" href=\"https:\/\/vieassociative.be\/actualites\/aidez-a-prevenir-les-infections-a-levures-en-sechant-vos-regions-inferieures\/\" \/>\n<meta property=\"og:locale\" content=\"fr_FR\" \/>\n<meta property=\"og:type\" content=\"article\" \/>\n<meta property=\"og:title\" content=\"Aidez \u00e0 pr\u00e9venir les infections \u00e0 levures en s\u00e9chant vos r\u00e9gions inf\u00e9rieures | Vie Associative\" \/>\n<meta property=\"og:description\" content=\"En voici une que nous n&rsquo;avions jamais entendue auparavant\u00a0: pour pr\u00e9venir les infections \u00e0 levures, s\u00e9chez votre vagin apr\u00e8s la douche ou le bain. Cela\" \/>\n<meta property=\"og:url\" content=\"https:\/\/vieassociative.be\/actualites\/aidez-a-prevenir-les-infections-a-levures-en-sechant-vos-regions-inferieures\/\" \/>\n<meta property=\"og:site_name\" content=\"Vie Associative\" \/>\n<meta property=\"article:published_time\" content=\"2024-11-24T00:18:15+00:00\" \/>\n<meta property=\"og:image\" content=\"https:\/\/vieassociative.be\/actualites\/wp-content\/uploads\/2024\/09\/header_backgroundk-01-e1726694325946.png\" \/>\n\t<meta property=\"og:image:width\" content=\"279\" \/>\n\t<meta property=\"og:image:height\" content=\"92\" \/>\n\t<meta property=\"og:image:type\" content=\"image\/png\" \/>\n<meta name=\"author\" content=\"Julien\" \/>\n<meta name=\"twitter:card\" content=\"summary_large_image\" \/>\n<meta name=\"twitter:label1\" content=\"\u00c9crit par\" \/>\n\t<meta name=\"twitter:data1\" content=\"Julien\" \/>\n<script type=\"application\/ld+json\" class=\"yoast-schema-graph\">{\"@context\":\"https:\/\/schema.org\",\"@graph\":[{\"@type\":\"Article\",\"@id\":\"https:\/\/vieassociative.be\/actualites\/aidez-a-prevenir-les-infections-a-levures-en-sechant-vos-regions-inferieures\/#article\",\"isPartOf\":{\"@id\":\"https:\/\/vieassociative.be\/actualites\/aidez-a-prevenir-les-infections-a-levures-en-sechant-vos-regions-inferieures\/\"},\"author\":{\"name\":\"Julien\",\"@id\":\"https:\/\/vieassociative.be\/actualites\/#\/schema\/person\/b87ac4f82f9d4e7b7cec7395b679edc4\"},\"headline\":\"Aidez \u00e0 pr\u00e9venir les infections \u00e0 levures en s\u00e9chant vos r\u00e9gions inf\u00e9rieures\",\"datePublished\":\"2024-11-24T00:18:15+00:00\",\"dateModified\":\"2024-11-24T00:18:15+00:00\",\"mainEntityOfPage\":{\"@id\":\"https:\/\/vieassociative.be\/actualites\/aidez-a-prevenir-les-infections-a-levures-en-sechant-vos-regions-inferieures\/\"},\"wordCount\":118,\"publisher\":{\"@id\":\"https:\/\/vieassociative.be\/actualites\/#organization\"},\"image\":{\"@id\":\"https:\/\/vieassociative.be\/actualites\/aidez-a-prevenir-les-infections-a-levures-en-sechant-vos-regions-inferieures\/#primaryimage\"},\"thumbnailUrl\":\"https:\/\/vieassociative.be\/actualites\/wp-content\/uploads\/2024\/10\/Les-vibromasseurs-diminuent-ils-reellement-votre-sensibilite.png\",\"keywords\":[\"Aidez\",\"infections\",\"inf\u00e9rieures\",\"Les\",\"levures\",\"pr\u00e9venir\",\"r\u00e9gions\",\"s\u00e9chant\",\"vos\"],\"articleSection\":[\"Relations\"],\"inLanguage\":\"fr-BE\"},{\"@type\":\"WebPage\",\"@id\":\"https:\/\/vieassociative.be\/actualites\/aidez-a-prevenir-les-infections-a-levures-en-sechant-vos-regions-inferieures\/\",\"url\":\"https:\/\/vieassociative.be\/actualites\/aidez-a-prevenir-les-infections-a-levures-en-sechant-vos-regions-inferieures\/\",\"name\":\"Aidez \u00e0 pr\u00e9venir les infections \u00e0 levures en s\u00e9chant vos r\u00e9gions inf\u00e9rieures | Vie Associative\",\"isPartOf\":{\"@id\":\"https:\/\/vieassociative.be\/actualites\/#website\"},\"primaryImageOfPage\":{\"@id\":\"https:\/\/vieassociative.be\/actualites\/aidez-a-prevenir-les-infections-a-levures-en-sechant-vos-regions-inferieures\/#primaryimage\"},\"image\":{\"@id\":\"https:\/\/vieassociative.be\/actualites\/aidez-a-prevenir-les-infections-a-levures-en-sechant-vos-regions-inferieures\/#primaryimage\"},\"thumbnailUrl\":\"https:\/\/vieassociative.be\/actualites\/wp-content\/uploads\/2024\/10\/Les-vibromasseurs-diminuent-ils-reellement-votre-sensibilite.png\",\"datePublished\":\"2024-11-24T00:18:15+00:00\",\"dateModified\":\"2024-11-24T00:18:15+00:00\",\"breadcrumb\":{\"@id\":\"https:\/\/vieassociative.be\/actualites\/aidez-a-prevenir-les-infections-a-levures-en-sechant-vos-regions-inferieures\/#breadcrumb\"},\"inLanguage\":\"fr-BE\",\"potentialAction\":[{\"@type\":\"ReadAction\",\"target\":[\"https:\/\/vieassociative.be\/actualites\/aidez-a-prevenir-les-infections-a-levures-en-sechant-vos-regions-inferieures\/\"]}]},{\"@type\":\"ImageObject\",\"inLanguage\":\"fr-BE\",\"@id\":\"https:\/\/vieassociative.be\/actualites\/aidez-a-prevenir-les-infections-a-levures-en-sechant-vos-regions-inferieures\/#primaryimage\",\"url\":\"https:\/\/vieassociative.be\/actualites\/wp-content\/uploads\/2024\/10\/Les-vibromasseurs-diminuent-ils-reellement-votre-sensibilite.png\",\"contentUrl\":\"https:\/\/vieassociative.be\/actualites\/wp-content\/uploads\/2024\/10\/Les-vibromasseurs-diminuent-ils-reellement-votre-sensibilite.png\",\"width\":1200,\"height\":675,\"caption\":\"Les vibromasseurs diminuent-ils r\u00e9ellement votre sensibilit\u00e9 ?\"},{\"@type\":\"BreadcrumbList\",\"@id\":\"https:\/\/vieassociative.be\/actualites\/aidez-a-prevenir-les-infections-a-levures-en-sechant-vos-regions-inferieures\/#breadcrumb\",\"itemListElement\":[{\"@type\":\"ListItem\",\"position\":1,\"name\":\"Accueil\",\"item\":\"https:\/\/vieassociative.be\/actualites\/\"},{\"@type\":\"ListItem\",\"position\":2,\"name\":\"Aidez \u00e0 pr\u00e9venir les infections \u00e0 levures en s\u00e9chant vos r\u00e9gions inf\u00e9rieures\"}]},{\"@type\":\"WebSite\",\"@id\":\"https:\/\/vieassociative.be\/actualites\/#website\",\"url\":\"https:\/\/vieassociative.be\/actualites\/\",\"name\":\"Vie Associative\",\"description\":\"\",\"publisher\":{\"@id\":\"https:\/\/vieassociative.be\/actualites\/#organization\"},\"potentialAction\":[{\"@type\":\"SearchAction\",\"target\":{\"@type\":\"EntryPoint\",\"urlTemplate\":\"https:\/\/vieassociative.be\/actualites\/?s={search_term_string}\"},\"query-input\":{\"@type\":\"PropertyValueSpecification\",\"valueRequired\":true,\"valueName\":\"search_term_string\"}}],\"inLanguage\":\"fr-BE\"},{\"@type\":\"Organization\",\"@id\":\"https:\/\/vieassociative.be\/actualites\/#organization\",\"name\":\"Vie Associative\",\"url\":\"https:\/\/vieassociative.be\/actualites\/\",\"logo\":{\"@type\":\"ImageObject\",\"inLanguage\":\"fr-BE\",\"@id\":\"https:\/\/vieassociative.be\/actualites\/#\/schema\/logo\/image\/\",\"url\":\"https:\/\/vieassociative.be\/actualites\/wp-content\/uploads\/2024\/09\/cropped-vieassociative_favicon.ico.png\",\"contentUrl\":\"https:\/\/vieassociative.be\/actualites\/wp-content\/uploads\/2024\/09\/cropped-vieassociative_favicon.ico.png\",\"width\":512,\"height\":512,\"caption\":\"Vie Associative\"},\"image\":{\"@id\":\"https:\/\/vieassociative.be\/actualites\/#\/schema\/logo\/image\/\"}},{\"@type\":\"Person\",\"@id\":\"https:\/\/vieassociative.be\/actualites\/#\/schema\/person\/b87ac4f82f9d4e7b7cec7395b679edc4\",\"name\":\"Julien\",\"image\":{\"@type\":\"ImageObject\",\"inLanguage\":\"fr-BE\",\"@id\":\"https:\/\/vieassociative.be\/actualites\/#\/schema\/person\/image\/\",\"url\":\"https:\/\/vieassociative.be\/actualites\/wp-content\/uploads\/2024\/09\/vie-associative-1-150x150.jpg\",\"contentUrl\":\"https:\/\/vieassociative.be\/actualites\/wp-content\/uploads\/2024\/09\/vie-associative-1-150x150.jpg\",\"caption\":\"Julien\"},\"description\":\"Je suis Julien, r\u00e9dacteur pour Vie Associative. Passionn\u00e9 par le monde associatif depuis plus de 10 ans, j'ai \u00e0 c\u0153ur de partager des histoires inspirantes et de mettre en lumi\u00e8re les initiatives locales. Mon objectif est de sensibiliser et d'encourager l'engagement communautaire \u00e0 travers mes articles.\",\"sameAs\":[\"https:\/\/vieassociative.be\/\"]}]}<\/script>\n<!-- \/ Yoast SEO plugin. -->","yoast_head_json":{"title":"Aidez \u00e0 pr\u00e9venir les infections \u00e0 levures en s\u00e9chant vos r\u00e9gions inf\u00e9rieures | Vie Associative","robots":{"index":"index","follow":"follow","max-snippet":"max-snippet:-1","max-image-preview":"max-image-preview:large","max-video-preview":"max-video-preview:-1"},"canonical":"https:\/\/vieassociative.be\/actualites\/aidez-a-prevenir-les-infections-a-levures-en-sechant-vos-regions-inferieures\/","og_locale":"fr_FR","og_type":"article","og_title":"Aidez \u00e0 pr\u00e9venir les infections \u00e0 levures en s\u00e9chant vos r\u00e9gions inf\u00e9rieures | Vie Associative","og_description":"En voici une que nous n&rsquo;avions jamais entendue auparavant\u00a0: pour pr\u00e9venir les infections \u00e0 levures, s\u00e9chez votre vagin apr\u00e8s la douche ou le bain. Cela","og_url":"https:\/\/vieassociative.be\/actualites\/aidez-a-prevenir-les-infections-a-levures-en-sechant-vos-regions-inferieures\/","og_site_name":"Vie Associative","article_published_time":"2024-11-24T00:18:15+00:00","og_image":[{"width":279,"height":92,"url":"https:\/\/vieassociative.be\/actualites\/wp-content\/uploads\/2024\/09\/header_backgroundk-01-e1726694325946.png","type":"image\/png"}],"author":"Julien","twitter_card":"summary_large_image","twitter_misc":{"\u00c9crit par":"Julien"},"schema":{"@context":"https:\/\/schema.org","@graph":[{"@type":"Article","@id":"https:\/\/vieassociative.be\/actualites\/aidez-a-prevenir-les-infections-a-levures-en-sechant-vos-regions-inferieures\/#article","isPartOf":{"@id":"https:\/\/vieassociative.be\/actualites\/aidez-a-prevenir-les-infections-a-levures-en-sechant-vos-regions-inferieures\/"},"author":{"name":"Julien","@id":"https:\/\/vieassociative.be\/actualites\/#\/schema\/person\/b87ac4f82f9d4e7b7cec7395b679edc4"},"headline":"Aidez \u00e0 pr\u00e9venir les infections \u00e0 levures en s\u00e9chant vos r\u00e9gions inf\u00e9rieures","datePublished":"2024-11-24T00:18:15+00:00","dateModified":"2024-11-24T00:18:15+00:00","mainEntityOfPage":{"@id":"https:\/\/vieassociative.be\/actualites\/aidez-a-prevenir-les-infections-a-levures-en-sechant-vos-regions-inferieures\/"},"wordCount":118,"publisher":{"@id":"https:\/\/vieassociative.be\/actualites\/#organization"},"image":{"@id":"https:\/\/vieassociative.be\/actualites\/aidez-a-prevenir-les-infections-a-levures-en-sechant-vos-regions-inferieures\/#primaryimage"},"thumbnailUrl":"https:\/\/vieassociative.be\/actualites\/wp-content\/uploads\/2024\/10\/Les-vibromasseurs-diminuent-ils-reellement-votre-sensibilite.png","keywords":["Aidez","infections","inf\u00e9rieures","Les","levures","pr\u00e9venir","r\u00e9gions","s\u00e9chant","vos"],"articleSection":["Relations"],"inLanguage":"fr-BE"},{"@type":"WebPage","@id":"https:\/\/vieassociative.be\/actualites\/aidez-a-prevenir-les-infections-a-levures-en-sechant-vos-regions-inferieures\/","url":"https:\/\/vieassociative.be\/actualites\/aidez-a-prevenir-les-infections-a-levures-en-sechant-vos-regions-inferieures\/","name":"Aidez \u00e0 pr\u00e9venir les infections \u00e0 levures en s\u00e9chant vos r\u00e9gions inf\u00e9rieures | Vie Associative","isPartOf":{"@id":"https:\/\/vieassociative.be\/actualites\/#website"},"primaryImageOfPage":{"@id":"https:\/\/vieassociative.be\/actualites\/aidez-a-prevenir-les-infections-a-levures-en-sechant-vos-regions-inferieures\/#primaryimage"},"image":{"@id":"https:\/\/vieassociative.be\/actualites\/aidez-a-prevenir-les-infections-a-levures-en-sechant-vos-regions-inferieures\/#primaryimage"},"thumbnailUrl":"https:\/\/vieassociative.be\/actualites\/wp-content\/uploads\/2024\/10\/Les-vibromasseurs-diminuent-ils-reellement-votre-sensibilite.png","datePublished":"2024-11-24T00:18:15+00:00","dateModified":"2024-11-24T00:18:15+00:00","breadcrumb":{"@id":"https:\/\/vieassociative.be\/actualites\/aidez-a-prevenir-les-infections-a-levures-en-sechant-vos-regions-inferieures\/#breadcrumb"},"inLanguage":"fr-BE","potentialAction":[{"@type":"ReadAction","target":["https:\/\/vieassociative.be\/actualites\/aidez-a-prevenir-les-infections-a-levures-en-sechant-vos-regions-inferieures\/"]}]},{"@type":"ImageObject","inLanguage":"fr-BE","@id":"https:\/\/vieassociative.be\/actualites\/aidez-a-prevenir-les-infections-a-levures-en-sechant-vos-regions-inferieures\/#primaryimage","url":"https:\/\/vieassociative.be\/actualites\/wp-content\/uploads\/2024\/10\/Les-vibromasseurs-diminuent-ils-reellement-votre-sensibilite.png","contentUrl":"https:\/\/vieassociative.be\/actualites\/wp-content\/uploads\/2024\/10\/Les-vibromasseurs-diminuent-ils-reellement-votre-sensibilite.png","width":1200,"height":675,"caption":"Les vibromasseurs diminuent-ils r\u00e9ellement votre sensibilit\u00e9 ?"},{"@type":"BreadcrumbList","@id":"https:\/\/vieassociative.be\/actualites\/aidez-a-prevenir-les-infections-a-levures-en-sechant-vos-regions-inferieures\/#breadcrumb","itemListElement":[{"@type":"ListItem","position":1,"name":"Accueil","item":"https:\/\/vieassociative.be\/actualites\/"},{"@type":"ListItem","position":2,"name":"Aidez \u00e0 pr\u00e9venir les infections \u00e0 levures en s\u00e9chant vos r\u00e9gions inf\u00e9rieures"}]},{"@type":"WebSite","@id":"https:\/\/vieassociative.be\/actualites\/#website","url":"https:\/\/vieassociative.be\/actualites\/","name":"Vie Associative","description":"","publisher":{"@id":"https:\/\/vieassociative.be\/actualites\/#organization"},"potentialAction":[{"@type":"SearchAction","target":{"@type":"EntryPoint","urlTemplate":"https:\/\/vieassociative.be\/actualites\/?s={search_term_string}"},"query-input":{"@type":"PropertyValueSpecification","valueRequired":true,"valueName":"search_term_string"}}],"inLanguage":"fr-BE"},{"@type":"Organization","@id":"https:\/\/vieassociative.be\/actualites\/#organization","name":"Vie Associative","url":"https:\/\/vieassociative.be\/actualites\/","logo":{"@type":"ImageObject","inLanguage":"fr-BE","@id":"https:\/\/vieassociative.be\/actualites\/#\/schema\/logo\/image\/","url":"https:\/\/vieassociative.be\/actualites\/wp-content\/uploads\/2024\/09\/cropped-vieassociative_favicon.ico.png","contentUrl":"https:\/\/vieassociative.be\/actualites\/wp-content\/uploads\/2024\/09\/cropped-vieassociative_favicon.ico.png","width":512,"height":512,"caption":"Vie Associative"},"image":{"@id":"https:\/\/vieassociative.be\/actualites\/#\/schema\/logo\/image\/"}},{"@type":"Person","@id":"https:\/\/vieassociative.be\/actualites\/#\/schema\/person\/b87ac4f82f9d4e7b7cec7395b679edc4","name":"Julien","image":{"@type":"ImageObject","inLanguage":"fr-BE","@id":"https:\/\/vieassociative.be\/actualites\/#\/schema\/person\/image\/","url":"https:\/\/vieassociative.be\/actualites\/wp-content\/uploads\/2024\/09\/vie-associative-1-150x150.jpg","contentUrl":"https:\/\/vieassociative.be\/actualites\/wp-content\/uploads\/2024\/09\/vie-associative-1-150x150.jpg","caption":"Julien"},"description":"Je suis Julien, r\u00e9dacteur pour Vie Associative. Passionn\u00e9 par le monde associatif depuis plus de 10 ans, j'ai \u00e0 c\u0153ur de partager des histoires inspirantes et de mettre en lumi\u00e8re les initiatives locales. Mon objectif est de sensibiliser et d'encourager l'engagement communautaire \u00e0 travers mes articles.","sameAs":["https:\/\/vieassociative.be\/"]}]}},"_links":{"self":[{"href":"https:\/\/vieassociative.be\/actualites\/wp-json\/wp\/v2\/posts\/2712"}],"collection":[{"href":"https:\/\/vieassociative.be\/actualites\/wp-json\/wp\/v2\/posts"}],"about":[{"href":"https:\/\/vieassociative.be\/actualites\/wp-json\/wp\/v2\/types\/post"}],"author":[{"embeddable":true,"href":"https:\/\/vieassociative.be\/actualites\/wp-json\/wp\/v2\/users\/1"}],"replies":[{"embeddable":true,"href":"https:\/\/vieassociative.be\/actualites\/wp-json\/wp\/v2\/comments?post=2712"}],"version-history":[{"count":0,"href":"https:\/\/vieassociative.be\/actualites\/wp-json\/wp\/v2\/posts\/2712\/revisions"}],"wp:featuredmedia":[{"embeddable":true,"href":"https:\/\/vieassociative.be\/actualites\/wp-json\/wp\/v2\/media\/1797"}],"wp:attachment":[{"href":"https:\/\/vieassociative.be\/actualites\/wp-json\/wp\/v2\/media?parent=2712"}],"wp:term":[{"taxonomy":"category","embeddable":true,"href":"https:\/\/vieassociative.be\/actualites\/wp-json\/wp\/v2\/categories?post=2712"},{"taxonomy":"post_tag","embeddable":true,"href":"https:\/\/vieassociative.be\/actualites\/wp-json\/wp\/v2\/tags?post=2712"}],"curies":[{"name":"wp","href":"https:\/\/api.w.org\/{rel}","templated":true}]}}