{"id":2707,"date":"2024-11-23T21:17:19","date_gmt":"2024-11-23T20:17:19","guid":{"rendered":"https:\/\/vieassociative.be\/actualites\/lalemannia-aachen-atteint-un-nouveau-record-de-frequentation-31-579-visiteurs-contre-1-860-munich\/"},"modified":"2024-11-23T21:17:19","modified_gmt":"2024-11-23T20:17:19","slug":"lalemannia-aachen-atteint-un-nouveau-record-de-frequentation-31-579-visiteurs-contre-1-860-munich","status":"publish","type":"post","link":"https:\/\/vieassociative.be\/actualites\/lalemannia-aachen-atteint-un-nouveau-record-de-frequentation-31-579-visiteurs-contre-1-860-munich\/","title":{"rendered":"L&rsquo;Alemannia Aachen atteint un nouveau record de fr\u00e9quentation : 31 579 visiteurs contre 1 860 Munich"},"content":{"rendered":"<p><strong>L&rsquo;Alemannia Aachen a \u00e9tabli samedi un nouveau record de fr\u00e9quentation. 31 579 spectateurs ont assist\u00e9 au match de championnat contre le Munich 1860 au Tivoli.<\/strong><\/p>\n<p><span id=\"more-402480\"><\/span>Selon l&rsquo;Aachener Zeitung, il s&rsquo;agissait de la plus grande foule depuis l&rsquo;ouverture du nouveau Tivoli contre le FC St. Pauli. Le d\u00e9cor du 17 ao\u00fbt 2009 avec 32 960 supporters n&rsquo;est plus possible pour des raisons de s\u00e9curit\u00e9, rapporte l&rsquo;AZ.<\/p>\n<\/p>\n<div id=\"attachment_402492\" class=\"wp-caption alignleft\" style=\"max-width: 200px\"><img fetchpriority=\"high\" decoding=\"async\" class=\"wp-image-402492 size-medium\" src=\"https:\/\/vieassociative.be\/actualites\/wp-content\/uploads\/2024\/11\/LAlemannia-Aachen-atteint-un-nouveau-record-de-frequentation-31.jpg\" alt=\"\" width=\"200\" height=\"300\"  ><\/p>\n<p class=\"wp-caption-text\">Le bloc de fans avec les 3 000 fans de Munich 1860. Photo : Colin Kraft<\/p>\n<\/div>\n<p>Le stade de la Krefelder Stra\u00dfe affichait complet pour la premi\u00e8re fois cette saison. D\u00e8s vendredi midi, tous les billets pour le match entre les deux clubs traditionnels \u00e9taient \u00e9puis\u00e9s. 3 000 visiteurs \u00e9taient des supporters des Lions de Munich.<\/p>\n<p>L&rsquo;audience moyenne d&rsquo;Alemannia s&rsquo;\u00e9l\u00e8ve d\u00e9sormais \u00e0 23 429 personnes. Cela signifierait qu&rsquo;Aix-la-Chapelle occuperait une position de milieu de terrain en 2e Bundesliga.<\/p>\n<p>Le match entre les finalistes de la Bundesliga 1969 et les champions d&rsquo;Allemagne 1966 s&rsquo;est termin\u00e9 sur un score de 1-1.<\/p>\n<p>Jusqu&rsquo;\u00e0 peu avant la fin, les noirs et jaunes semblaient vainqueurs. \u00c0 la 11e minute, Bentley Bahn a donn\u00e9 l&rsquo;avantage \u00e0 Aix-la-Chapelle sur un penalty. En phase finale, les Alemannia semblaient plus proches du 2-0 que les Lions de Munich de l&rsquo;\u00e9galisation. Mais \u00e0 la 87e minute, Patrick Hobsch portait le score \u00e0 1-1.<\/p>\n<p>Apr\u00e8s ce match nul, Alemannia reste \u00e0 la 12\u00e8me place avec 19 points, mais n&rsquo;est plus qu&rsquo;\u00e0 trois points d&rsquo;une zone de rel\u00e9gation. (cr\u00e9er)<\/p>\n","protected":false},"excerpt":{"rendered":"<p>L&rsquo;Alemannia Aachen a \u00e9tabli samedi un nouveau record de fr\u00e9quentation. 31 579 spectateurs ont assist\u00e9 au match de championnat contre le Munich 1860 au Tivoli.<\/p>\n","protected":false},"author":1,"featured_media":2708,"comment_status":"","ping_status":"","sticky":false,"template":"","format":"standard","meta":{"footnotes":""},"categories":[298],"tags":[3446,2567,796,3447,3445,3449,553,2568,3448],"class_list":["post-2707","post","type-post","status-publish","format-standard","has-post-thumbnail","hentry","category-belgique","tag-aachen","tag-atteint","tag-contre","tag-frequentation","tag-lalemannia","tag-munich","tag-nouveau","tag-record","tag-visiteurs","generate-columns","tablet-grid-50","mobile-grid-100","grid-parent","grid-33"],"yoast_head":"<!-- This site is optimized with the Yoast SEO plugin v24.0 - https:\/\/yoast.com\/wordpress\/plugins\/seo\/ -->\n<title>L&#039;Alemannia Aachen atteint un nouveau record de fr\u00e9quentation : 31 579 visiteurs contre 1 860 Munich | Vie Associative<\/title>\n<meta name=\"robots\" content=\"index, follow, max-snippet:-1, max-image-preview:large, max-video-preview:-1\" \/>\n<link rel=\"canonical\" href=\"https:\/\/vieassociative.be\/actualites\/lalemannia-aachen-atteint-un-nouveau-record-de-frequentation-31-579-visiteurs-contre-1-860-munich\/\" \/>\n<meta property=\"og:locale\" content=\"fr_FR\" \/>\n<meta property=\"og:type\" content=\"article\" \/>\n<meta property=\"og:title\" content=\"L&#039;Alemannia Aachen atteint un nouveau record de fr\u00e9quentation : 31 579 visiteurs contre 1 860 Munich | Vie Associative\" \/>\n<meta property=\"og:description\" content=\"L&rsquo;Alemannia Aachen a \u00e9tabli samedi un nouveau record de fr\u00e9quentation. 31 579 spectateurs ont assist\u00e9 au match de championnat contre le Munich 1860 au Tivoli.\" \/>\n<meta property=\"og:url\" content=\"https:\/\/vieassociative.be\/actualites\/lalemannia-aachen-atteint-un-nouveau-record-de-frequentation-31-579-visiteurs-contre-1-860-munich\/\" \/>\n<meta property=\"og:site_name\" content=\"Vie Associative\" \/>\n<meta property=\"article:published_time\" content=\"2024-11-23T20:17:19+00:00\" \/>\n<meta property=\"og:image\" content=\"https:\/\/vieassociative.be\/actualites\/wp-content\/uploads\/2024\/11\/LAlemannia-Aachen-atteint-un-nouveau-record-de-frequentation-31.jpg\" \/>\n<meta name=\"author\" content=\"Julien\" \/>\n<meta name=\"twitter:card\" content=\"summary_large_image\" \/>\n<meta name=\"twitter:label1\" content=\"\u00c9crit par\" \/>\n\t<meta name=\"twitter:data1\" content=\"Julien\" \/>\n\t<meta name=\"twitter:label2\" content=\"Dur\u00e9e de lecture est.\" \/>\n\t<meta name=\"twitter:data2\" content=\"1 minute\" \/>\n<script type=\"application\/ld+json\" class=\"yoast-schema-graph\">{\"@context\":\"https:\/\/schema.org\",\"@graph\":[{\"@type\":\"Article\",\"@id\":\"https:\/\/vieassociative.be\/actualites\/lalemannia-aachen-atteint-un-nouveau-record-de-frequentation-31-579-visiteurs-contre-1-860-munich\/#article\",\"isPartOf\":{\"@id\":\"https:\/\/vieassociative.be\/actualites\/lalemannia-aachen-atteint-un-nouveau-record-de-frequentation-31-579-visiteurs-contre-1-860-munich\/\"},\"author\":{\"name\":\"Julien\",\"@id\":\"https:\/\/vieassociative.be\/actualites\/#\/schema\/person\/b87ac4f82f9d4e7b7cec7395b679edc4\"},\"headline\":\"L&rsquo;Alemannia Aachen atteint un nouveau record de fr\u00e9quentation : 31 579 visiteurs contre 1 860 Munich\",\"datePublished\":\"2024-11-23T20:17:19+00:00\",\"dateModified\":\"2024-11-23T20:17:19+00:00\",\"mainEntityOfPage\":{\"@id\":\"https:\/\/vieassociative.be\/actualites\/lalemannia-aachen-atteint-un-nouveau-record-de-frequentation-31-579-visiteurs-contre-1-860-munich\/\"},\"wordCount\":260,\"publisher\":{\"@id\":\"https:\/\/vieassociative.be\/actualites\/#organization\"},\"image\":{\"@id\":\"https:\/\/vieassociative.be\/actualites\/lalemannia-aachen-atteint-un-nouveau-record-de-frequentation-31-579-visiteurs-contre-1-860-munich\/#primaryimage\"},\"thumbnailUrl\":\"https:\/\/vieassociative.be\/actualites\/wp-content\/uploads\/2024\/11\/1732393040_LAlemannia-Aachen-atteint-un-nouveau-record-de-frequentation-31.jpg\",\"keywords\":[\"Aachen\",\"atteint\",\"contre\",\"fr\u00e9quentation\",\"LAlemannia\",\"Munich\",\"nouveau\",\"record\",\"visiteurs\"],\"articleSection\":[\"Belgique\"],\"inLanguage\":\"fr-BE\"},{\"@type\":\"WebPage\",\"@id\":\"https:\/\/vieassociative.be\/actualites\/lalemannia-aachen-atteint-un-nouveau-record-de-frequentation-31-579-visiteurs-contre-1-860-munich\/\",\"url\":\"https:\/\/vieassociative.be\/actualites\/lalemannia-aachen-atteint-un-nouveau-record-de-frequentation-31-579-visiteurs-contre-1-860-munich\/\",\"name\":\"L'Alemannia Aachen atteint un nouveau record de fr\u00e9quentation : 31 579 visiteurs contre 1 860 Munich | Vie Associative\",\"isPartOf\":{\"@id\":\"https:\/\/vieassociative.be\/actualites\/#website\"},\"primaryImageOfPage\":{\"@id\":\"https:\/\/vieassociative.be\/actualites\/lalemannia-aachen-atteint-un-nouveau-record-de-frequentation-31-579-visiteurs-contre-1-860-munich\/#primaryimage\"},\"image\":{\"@id\":\"https:\/\/vieassociative.be\/actualites\/lalemannia-aachen-atteint-un-nouveau-record-de-frequentation-31-579-visiteurs-contre-1-860-munich\/#primaryimage\"},\"thumbnailUrl\":\"https:\/\/vieassociative.be\/actualites\/wp-content\/uploads\/2024\/11\/1732393040_LAlemannia-Aachen-atteint-un-nouveau-record-de-frequentation-31.jpg\",\"datePublished\":\"2024-11-23T20:17:19+00:00\",\"dateModified\":\"2024-11-23T20:17:19+00:00\",\"breadcrumb\":{\"@id\":\"https:\/\/vieassociative.be\/actualites\/lalemannia-aachen-atteint-un-nouveau-record-de-frequentation-31-579-visiteurs-contre-1-860-munich\/#breadcrumb\"},\"inLanguage\":\"fr-BE\",\"potentialAction\":[{\"@type\":\"ReadAction\",\"target\":[\"https:\/\/vieassociative.be\/actualites\/lalemannia-aachen-atteint-un-nouveau-record-de-frequentation-31-579-visiteurs-contre-1-860-munich\/\"]}]},{\"@type\":\"ImageObject\",\"inLanguage\":\"fr-BE\",\"@id\":\"https:\/\/vieassociative.be\/actualites\/lalemannia-aachen-atteint-un-nouveau-record-de-frequentation-31-579-visiteurs-contre-1-860-munich\/#primaryimage\",\"url\":\"https:\/\/vieassociative.be\/actualites\/wp-content\/uploads\/2024\/11\/1732393040_LAlemannia-Aachen-atteint-un-nouveau-record-de-frequentation-31.jpg\",\"contentUrl\":\"https:\/\/vieassociative.be\/actualites\/wp-content\/uploads\/2024\/11\/1732393040_LAlemannia-Aachen-atteint-un-nouveau-record-de-frequentation-31.jpg\",\"width\":900,\"height\":300,\"caption\":\"L'Alemannia Aachen atteint un nouveau record de fr\u00e9quentation : 31 579 visiteurs contre 1 860 Munich\"},{\"@type\":\"BreadcrumbList\",\"@id\":\"https:\/\/vieassociative.be\/actualites\/lalemannia-aachen-atteint-un-nouveau-record-de-frequentation-31-579-visiteurs-contre-1-860-munich\/#breadcrumb\",\"itemListElement\":[{\"@type\":\"ListItem\",\"position\":1,\"name\":\"Accueil\",\"item\":\"https:\/\/vieassociative.be\/actualites\/\"},{\"@type\":\"ListItem\",\"position\":2,\"name\":\"L&rsquo;Alemannia Aachen atteint un nouveau record de fr\u00e9quentation : 31 579 visiteurs contre 1 860 Munich\"}]},{\"@type\":\"WebSite\",\"@id\":\"https:\/\/vieassociative.be\/actualites\/#website\",\"url\":\"https:\/\/vieassociative.be\/actualites\/\",\"name\":\"Vie Associative\",\"description\":\"\",\"publisher\":{\"@id\":\"https:\/\/vieassociative.be\/actualites\/#organization\"},\"potentialAction\":[{\"@type\":\"SearchAction\",\"target\":{\"@type\":\"EntryPoint\",\"urlTemplate\":\"https:\/\/vieassociative.be\/actualites\/?s={search_term_string}\"},\"query-input\":{\"@type\":\"PropertyValueSpecification\",\"valueRequired\":true,\"valueName\":\"search_term_string\"}}],\"inLanguage\":\"fr-BE\"},{\"@type\":\"Organization\",\"@id\":\"https:\/\/vieassociative.be\/actualites\/#organization\",\"name\":\"Vie Associative\",\"url\":\"https:\/\/vieassociative.be\/actualites\/\",\"logo\":{\"@type\":\"ImageObject\",\"inLanguage\":\"fr-BE\",\"@id\":\"https:\/\/vieassociative.be\/actualites\/#\/schema\/logo\/image\/\",\"url\":\"https:\/\/vieassociative.be\/actualites\/wp-content\/uploads\/2024\/09\/cropped-vieassociative_favicon.ico.png\",\"contentUrl\":\"https:\/\/vieassociative.be\/actualites\/wp-content\/uploads\/2024\/09\/cropped-vieassociative_favicon.ico.png\",\"width\":512,\"height\":512,\"caption\":\"Vie Associative\"},\"image\":{\"@id\":\"https:\/\/vieassociative.be\/actualites\/#\/schema\/logo\/image\/\"}},{\"@type\":\"Person\",\"@id\":\"https:\/\/vieassociative.be\/actualites\/#\/schema\/person\/b87ac4f82f9d4e7b7cec7395b679edc4\",\"name\":\"Julien\",\"image\":{\"@type\":\"ImageObject\",\"inLanguage\":\"fr-BE\",\"@id\":\"https:\/\/vieassociative.be\/actualites\/#\/schema\/person\/image\/\",\"url\":\"https:\/\/vieassociative.be\/actualites\/wp-content\/uploads\/2024\/09\/vie-associative-1-150x150.jpg\",\"contentUrl\":\"https:\/\/vieassociative.be\/actualites\/wp-content\/uploads\/2024\/09\/vie-associative-1-150x150.jpg\",\"caption\":\"Julien\"},\"description\":\"Je suis Julien, r\u00e9dacteur pour Vie Associative. Passionn\u00e9 par le monde associatif depuis plus de 10 ans, j'ai \u00e0 c\u0153ur de partager des histoires inspirantes et de mettre en lumi\u00e8re les initiatives locales. Mon objectif est de sensibiliser et d'encourager l'engagement communautaire \u00e0 travers mes articles.\",\"sameAs\":[\"https:\/\/vieassociative.be\/\"]}]}<\/script>\n<!-- \/ Yoast SEO plugin. -->","yoast_head_json":{"title":"L'Alemannia Aachen atteint un nouveau record de fr\u00e9quentation : 31 579 visiteurs contre 1 860 Munich | Vie Associative","robots":{"index":"index","follow":"follow","max-snippet":"max-snippet:-1","max-image-preview":"max-image-preview:large","max-video-preview":"max-video-preview:-1"},"canonical":"https:\/\/vieassociative.be\/actualites\/lalemannia-aachen-atteint-un-nouveau-record-de-frequentation-31-579-visiteurs-contre-1-860-munich\/","og_locale":"fr_FR","og_type":"article","og_title":"L'Alemannia Aachen atteint un nouveau record de fr\u00e9quentation : 31 579 visiteurs contre 1 860 Munich | Vie Associative","og_description":"L&rsquo;Alemannia Aachen a \u00e9tabli samedi un nouveau record de fr\u00e9quentation. 31 579 spectateurs ont assist\u00e9 au match de championnat contre le Munich 1860 au Tivoli.","og_url":"https:\/\/vieassociative.be\/actualites\/lalemannia-aachen-atteint-un-nouveau-record-de-frequentation-31-579-visiteurs-contre-1-860-munich\/","og_site_name":"Vie Associative","article_published_time":"2024-11-23T20:17:19+00:00","og_image":[{"url":"https:\/\/vieassociative.be\/actualites\/wp-content\/uploads\/2024\/11\/LAlemannia-Aachen-atteint-un-nouveau-record-de-frequentation-31.jpg","type":"","width":"","height":""}],"author":"Julien","twitter_card":"summary_large_image","twitter_misc":{"\u00c9crit par":"Julien","Dur\u00e9e de lecture est.":"1 minute"},"schema":{"@context":"https:\/\/schema.org","@graph":[{"@type":"Article","@id":"https:\/\/vieassociative.be\/actualites\/lalemannia-aachen-atteint-un-nouveau-record-de-frequentation-31-579-visiteurs-contre-1-860-munich\/#article","isPartOf":{"@id":"https:\/\/vieassociative.be\/actualites\/lalemannia-aachen-atteint-un-nouveau-record-de-frequentation-31-579-visiteurs-contre-1-860-munich\/"},"author":{"name":"Julien","@id":"https:\/\/vieassociative.be\/actualites\/#\/schema\/person\/b87ac4f82f9d4e7b7cec7395b679edc4"},"headline":"L&rsquo;Alemannia Aachen atteint un nouveau record de fr\u00e9quentation : 31 579 visiteurs contre 1 860 Munich","datePublished":"2024-11-23T20:17:19+00:00","dateModified":"2024-11-23T20:17:19+00:00","mainEntityOfPage":{"@id":"https:\/\/vieassociative.be\/actualites\/lalemannia-aachen-atteint-un-nouveau-record-de-frequentation-31-579-visiteurs-contre-1-860-munich\/"},"wordCount":260,"publisher":{"@id":"https:\/\/vieassociative.be\/actualites\/#organization"},"image":{"@id":"https:\/\/vieassociative.be\/actualites\/lalemannia-aachen-atteint-un-nouveau-record-de-frequentation-31-579-visiteurs-contre-1-860-munich\/#primaryimage"},"thumbnailUrl":"https:\/\/vieassociative.be\/actualites\/wp-content\/uploads\/2024\/11\/1732393040_LAlemannia-Aachen-atteint-un-nouveau-record-de-frequentation-31.jpg","keywords":["Aachen","atteint","contre","fr\u00e9quentation","LAlemannia","Munich","nouveau","record","visiteurs"],"articleSection":["Belgique"],"inLanguage":"fr-BE"},{"@type":"WebPage","@id":"https:\/\/vieassociative.be\/actualites\/lalemannia-aachen-atteint-un-nouveau-record-de-frequentation-31-579-visiteurs-contre-1-860-munich\/","url":"https:\/\/vieassociative.be\/actualites\/lalemannia-aachen-atteint-un-nouveau-record-de-frequentation-31-579-visiteurs-contre-1-860-munich\/","name":"L'Alemannia Aachen atteint un nouveau record de fr\u00e9quentation : 31 579 visiteurs contre 1 860 Munich | Vie Associative","isPartOf":{"@id":"https:\/\/vieassociative.be\/actualites\/#website"},"primaryImageOfPage":{"@id":"https:\/\/vieassociative.be\/actualites\/lalemannia-aachen-atteint-un-nouveau-record-de-frequentation-31-579-visiteurs-contre-1-860-munich\/#primaryimage"},"image":{"@id":"https:\/\/vieassociative.be\/actualites\/lalemannia-aachen-atteint-un-nouveau-record-de-frequentation-31-579-visiteurs-contre-1-860-munich\/#primaryimage"},"thumbnailUrl":"https:\/\/vieassociative.be\/actualites\/wp-content\/uploads\/2024\/11\/1732393040_LAlemannia-Aachen-atteint-un-nouveau-record-de-frequentation-31.jpg","datePublished":"2024-11-23T20:17:19+00:00","dateModified":"2024-11-23T20:17:19+00:00","breadcrumb":{"@id":"https:\/\/vieassociative.be\/actualites\/lalemannia-aachen-atteint-un-nouveau-record-de-frequentation-31-579-visiteurs-contre-1-860-munich\/#breadcrumb"},"inLanguage":"fr-BE","potentialAction":[{"@type":"ReadAction","target":["https:\/\/vieassociative.be\/actualites\/lalemannia-aachen-atteint-un-nouveau-record-de-frequentation-31-579-visiteurs-contre-1-860-munich\/"]}]},{"@type":"ImageObject","inLanguage":"fr-BE","@id":"https:\/\/vieassociative.be\/actualites\/lalemannia-aachen-atteint-un-nouveau-record-de-frequentation-31-579-visiteurs-contre-1-860-munich\/#primaryimage","url":"https:\/\/vieassociative.be\/actualites\/wp-content\/uploads\/2024\/11\/1732393040_LAlemannia-Aachen-atteint-un-nouveau-record-de-frequentation-31.jpg","contentUrl":"https:\/\/vieassociative.be\/actualites\/wp-content\/uploads\/2024\/11\/1732393040_LAlemannia-Aachen-atteint-un-nouveau-record-de-frequentation-31.jpg","width":900,"height":300,"caption":"L'Alemannia Aachen atteint un nouveau record de fr\u00e9quentation : 31 579 visiteurs contre 1 860 Munich"},{"@type":"BreadcrumbList","@id":"https:\/\/vieassociative.be\/actualites\/lalemannia-aachen-atteint-un-nouveau-record-de-frequentation-31-579-visiteurs-contre-1-860-munich\/#breadcrumb","itemListElement":[{"@type":"ListItem","position":1,"name":"Accueil","item":"https:\/\/vieassociative.be\/actualites\/"},{"@type":"ListItem","position":2,"name":"L&rsquo;Alemannia Aachen atteint un nouveau record de fr\u00e9quentation : 31 579 visiteurs contre 1 860 Munich"}]},{"@type":"WebSite","@id":"https:\/\/vieassociative.be\/actualites\/#website","url":"https:\/\/vieassociative.be\/actualites\/","name":"Vie Associative","description":"","publisher":{"@id":"https:\/\/vieassociative.be\/actualites\/#organization"},"potentialAction":[{"@type":"SearchAction","target":{"@type":"EntryPoint","urlTemplate":"https:\/\/vieassociative.be\/actualites\/?s={search_term_string}"},"query-input":{"@type":"PropertyValueSpecification","valueRequired":true,"valueName":"search_term_string"}}],"inLanguage":"fr-BE"},{"@type":"Organization","@id":"https:\/\/vieassociative.be\/actualites\/#organization","name":"Vie Associative","url":"https:\/\/vieassociative.be\/actualites\/","logo":{"@type":"ImageObject","inLanguage":"fr-BE","@id":"https:\/\/vieassociative.be\/actualites\/#\/schema\/logo\/image\/","url":"https:\/\/vieassociative.be\/actualites\/wp-content\/uploads\/2024\/09\/cropped-vieassociative_favicon.ico.png","contentUrl":"https:\/\/vieassociative.be\/actualites\/wp-content\/uploads\/2024\/09\/cropped-vieassociative_favicon.ico.png","width":512,"height":512,"caption":"Vie Associative"},"image":{"@id":"https:\/\/vieassociative.be\/actualites\/#\/schema\/logo\/image\/"}},{"@type":"Person","@id":"https:\/\/vieassociative.be\/actualites\/#\/schema\/person\/b87ac4f82f9d4e7b7cec7395b679edc4","name":"Julien","image":{"@type":"ImageObject","inLanguage":"fr-BE","@id":"https:\/\/vieassociative.be\/actualites\/#\/schema\/person\/image\/","url":"https:\/\/vieassociative.be\/actualites\/wp-content\/uploads\/2024\/09\/vie-associative-1-150x150.jpg","contentUrl":"https:\/\/vieassociative.be\/actualites\/wp-content\/uploads\/2024\/09\/vie-associative-1-150x150.jpg","caption":"Julien"},"description":"Je suis Julien, r\u00e9dacteur pour Vie Associative. Passionn\u00e9 par le monde associatif depuis plus de 10 ans, j'ai \u00e0 c\u0153ur de partager des histoires inspirantes et de mettre en lumi\u00e8re les initiatives locales. Mon objectif est de sensibiliser et d'encourager l'engagement communautaire \u00e0 travers mes articles.","sameAs":["https:\/\/vieassociative.be\/"]}]}},"_links":{"self":[{"href":"https:\/\/vieassociative.be\/actualites\/wp-json\/wp\/v2\/posts\/2707"}],"collection":[{"href":"https:\/\/vieassociative.be\/actualites\/wp-json\/wp\/v2\/posts"}],"about":[{"href":"https:\/\/vieassociative.be\/actualites\/wp-json\/wp\/v2\/types\/post"}],"author":[{"embeddable":true,"href":"https:\/\/vieassociative.be\/actualites\/wp-json\/wp\/v2\/users\/1"}],"replies":[{"embeddable":true,"href":"https:\/\/vieassociative.be\/actualites\/wp-json\/wp\/v2\/comments?post=2707"}],"version-history":[{"count":0,"href":"https:\/\/vieassociative.be\/actualites\/wp-json\/wp\/v2\/posts\/2707\/revisions"}],"wp:featuredmedia":[{"embeddable":true,"href":"https:\/\/vieassociative.be\/actualites\/wp-json\/wp\/v2\/media\/2708"}],"wp:attachment":[{"href":"https:\/\/vieassociative.be\/actualites\/wp-json\/wp\/v2\/media?parent=2707"}],"wp:term":[{"taxonomy":"category","embeddable":true,"href":"https:\/\/vieassociative.be\/actualites\/wp-json\/wp\/v2\/categories?post=2707"},{"taxonomy":"post_tag","embeddable":true,"href":"https:\/\/vieassociative.be\/actualites\/wp-json\/wp\/v2\/tags?post=2707"}],"curies":[{"name":"wp","href":"https:\/\/api.w.org\/{rel}","templated":true}]}}