{"id":2705,"date":"2024-11-23T20:18:22","date_gmt":"2024-11-23T19:18:22","guid":{"rendered":"https:\/\/vieassociative.be\/actualites\/les-meilleurs-airpod-dapple-sont-en-vente-pendant-le-black-friday\/"},"modified":"2024-11-23T20:18:22","modified_gmt":"2024-11-23T19:18:22","slug":"les-meilleurs-airpod-dapple-sont-en-vente-pendant-le-black-friday","status":"publish","type":"post","link":"https:\/\/vieassociative.be\/actualites\/les-meilleurs-airpod-dapple-sont-en-vente-pendant-le-black-friday\/","title":{"rendered":"Les meilleurs AirPod d&rsquo;Apple sont en vente pendant le Black Friday"},"content":{"rendered":"<div class=\"mt-4 leading-6 md:mb-8\">Les AirPods Pro 2 ne sont pas souvent aussi bon march\u00e9.<\/div>\n<p><\/p>\n<p>Il y a un <em>parcelle<\/em> d&rsquo;\u00e9couteurs parmi lesquels choisir, mais si vous \u00eates aussi ancr\u00e9 dans l&rsquo;\u00e9cosyst\u00e8me Apple que moi, les AirPod ont tout \u00e0 fait du sens. Apple, bien s\u00fbr, le con\u00e7oit de cette fa\u00e7on, mais il est utile de fabriquer des \u00e9couteurs vraiment g\u00e9niaux. Les AirPods Pro de deuxi\u00e8me g\u00e9n\u00e9ration sont particuli\u00e8rement g\u00e9niaux, bien qu\u2019un peu chers. C&rsquo;est pourquoi lorsque leur prix baisse, comme c&rsquo;est le cas lors du Black Friday, c&rsquo;est une fantastique opportunit\u00e9 de les r\u00e9cup\u00e9rer.<\/p>\n<p>Actuellement, Amazon propose les AirPods Pro 2 \u00e0 32 % de r\u00e9duction, les laissant tomber \u00e0 <strong>169,99\u00a0$<\/strong> \u00e0 partir de 249$. C&rsquo;est une affaire importante, mais il ne s&rsquo;agit pas d&rsquo;une baisse de prix aussi importante que le laisse entendre Amazon. Ces AirPod ont tendance \u00e0 osciller autour de 199 $ sur Amazon, tombant parfois en dessous de ce prix. Cela \u00e9tant dit, ils n\u2019ont pas \u00e9t\u00e9 aussi bon march\u00e9 depuis Prime Day. En fait, Amazon les a bri\u00e8vement pr\u00e9sent\u00e9s \u00e0 <em>159,99\u00a0$ <\/em>plus t\u00f4t dans la journ\u00e9e. Il n&rsquo;est pas clair si Amazon baissera \u00e0 nouveau ce prix, mais cela vaut la peine d&rsquo;\u00eatre surveill\u00e9. <\/p>\n<p>Apple pourrait apposer son surnom \u00ab\u00a0Pro\u00a0\u00bb sur la plupart des cat\u00e9gories de produits de nos jours, mais les AirPods Pro sont au moins livr\u00e9s avec un <em>parcelle<\/em> de fonctionnalit\u00e9s \u00e0 la hauteur de son nom. Ils ne sont peut-\u00eatre pas destin\u00e9s aux \u00ab professionnels \u00bb, mais vous b\u00e9n\u00e9ficiez de fonctionnalit\u00e9s que vous n\u2019obtenez pas sur les autres mod\u00e8les d\u2019AirPods. <\/p>\n<p>D\u2019une part, les AirPods Pro sont dot\u00e9s d\u2019une excellente suppression du bruit. Bien que, honn\u00eatement, le joint intra-auriculaire des embouts en silicone bloque suffisamment de bruit de fond pour que je n&rsquo;active presque jamais le contr\u00f4le du bruit. En fait, parce que l&rsquo;\u00e9tanch\u00e9it\u00e9 est si bonne, vous b\u00e9n\u00e9ficiez \u00e9galement du mode Transparence, une option qui pompe <em>dans<\/em> les sons autour de vous, afin que vous puissiez \u00eatre conscient de votre environnement ou m\u00eame avoir une conversation avec vos \u00e9couteurs. <\/p>\n<p>En parlant de conversations, une excellente fonctionnalit\u00e9 exclusive aux Pros de deuxi\u00e8me g\u00e9n\u00e9ration est la sensibilisation aux conversations : lorsque vous commencez \u00e0 parler tout en \u00e9coutant quelque chose, vos AirPod baissent le volume et renforcent la voix des personnes \u00e0 qui vous parlez. Lorsque tout le monde arr\u00eate de parler, vos AirPod reviennent \u00e0 la normale. C&rsquo;est g\u00e9nial. Une autre fonctionnalit\u00e9 automatique est \u00ab Adaptive Audio \u00bb (anciennement Adaptive Transparency) qui peut r\u00e9duire tout son sup\u00e9rieur \u00e0 85 dB, tout en maintenant les autres sons au volume typique. De cette fa\u00e7on, vous pouvez suivre une conversation ou m\u00eame regarder une \u00e9mission de t\u00e9l\u00e9vision avec vos AirPods, mais si une ambulance passe \u00e0 c\u00f4t\u00e9 de vous, ses sir\u00e8nes sembleront \u00eatre d&rsquo;un niveau tr\u00e8s tol\u00e9rable de 85 dB. On pourrait penser que vous obtiendriez ces deux fonctionnalit\u00e9s sur les AirPods Max, les \u00e9couteurs supra-auriculaires phares d&rsquo;Apple, mais ce n&rsquo;est pas le cas : vous avez besoin des Pros de deuxi\u00e8me g\u00e9n\u00e9ration pour cela.  <\/p>\n<p>Comme tous les AirPod, les Pros passent facilement d\u2019un appareil Apple connect\u00e9 \u00e0 l\u2019autre. Vous pourriez regarder une vid\u00e9o sur votre Mac, puis prendre un appel sur votre iPhone et commencer \u00e0 discuter via vos AirPod. Si vous poss\u00e9dez une Apple TV, vous pouvez \u00e9galement passer \u00e0 vos AirPod, ce que je fais fr\u00e9quemment, car je pr\u00e9f\u00e8re l&rsquo;exp\u00e9rience \u00e0 ma barre de son. <\/p>\n<p>Bien que toutes ces fonctionnalit\u00e9s soient g\u00e9niales, ce qui compte vraiment pour moi, c&rsquo;est la qualit\u00e9 sonore : les avantages sonnent tout simplement tr\u00e8s bien, en particulier pour des \u00e9couteurs aussi discrets. Et comme ils bloquent \u00e0 eux seuls beaucoup de son, j\u2019ai l\u2019impression de pouvoir appr\u00e9cier la qualit\u00e9 de la musique que j\u2019\u00e9coute dans diverses situations. J&rsquo;avais l&rsquo;habitude de mettre ma musique en pause avec mes anciens AirPod chaque fois qu&rsquo;un camion ou un bus bruyant passait devant moi lors d&rsquo;une promenade. Ce n&rsquo;est pas un probl\u00e8me avec les pros.<\/p>\n<p>Dernier point mais non le moindre, vous pouvez d\u00e9sormais utiliser ces AirPod comme aides auditives. Ce n\u2019est pas non plus une absurdit\u00e9 marketing de la part d\u2019Apple : la FDA a autoris\u00e9 l\u2019utilisation de ces \u00e9couteurs comme appareils auditifs. Ce n\u2019est pas un mauvais avantage pour 169,99 $.<\/p>\n<div class=\"w-full mt-12 text-center sm:text-left\" x-data=\"{ showAll: false }\">\n<div class=\"flex flex-col items-center justify-between sm:px-6 sm:flex-row\">\n\t\t\t<span class=\"text-sm italic\">Les offres sont s\u00e9lectionn\u00e9es par notre \u00e9quipe commerciale<\/span><\/p><\/div>\n<\/p><\/div>\n","protected":false},"excerpt":{"rendered":"<p>Les AirPods Pro 2 ne sont pas souvent aussi bon march\u00e9. Il y a un parcelle d&rsquo;\u00e9couteurs parmi lesquels choisir, mais si vous \u00eates aussi<\/p>\n","protected":false},"author":1,"featured_media":2706,"comment_status":"","ping_status":"","sticky":false,"template":"","format":"standard","meta":{"footnotes":""},"categories":[13],"tags":[3444,73,590,1255,14,187,198,18,223],"class_list":["post-2705","post","type-post","status-publish","format-standard","has-post-thumbnail","hentry","category-technologie","tag-airpod","tag-black","tag-dapple","tag-friday","tag-les","tag-meilleurs","tag-pendant","tag-sont","tag-vente","generate-columns","tablet-grid-50","mobile-grid-100","grid-parent","grid-33"],"yoast_head":"<!-- This site is optimized with the Yoast SEO plugin v24.0 - https:\/\/yoast.com\/wordpress\/plugins\/seo\/ -->\n<title>Les meilleurs AirPod d&#039;Apple sont en vente pendant le Black Friday | Vie Associative<\/title>\n<meta name=\"robots\" content=\"index, follow, max-snippet:-1, max-image-preview:large, max-video-preview:-1\" \/>\n<link rel=\"canonical\" href=\"https:\/\/vieassociative.be\/actualites\/les-meilleurs-airpod-dapple-sont-en-vente-pendant-le-black-friday\/\" \/>\n<meta property=\"og:locale\" content=\"fr_FR\" \/>\n<meta property=\"og:type\" content=\"article\" \/>\n<meta property=\"og:title\" content=\"Les meilleurs AirPod d&#039;Apple sont en vente pendant le Black Friday | Vie Associative\" \/>\n<meta property=\"og:description\" content=\"Les AirPods Pro 2 ne sont pas souvent aussi bon march\u00e9. Il y a un parcelle d&rsquo;\u00e9couteurs parmi lesquels choisir, mais si vous \u00eates aussi\" \/>\n<meta property=\"og:url\" content=\"https:\/\/vieassociative.be\/actualites\/les-meilleurs-airpod-dapple-sont-en-vente-pendant-le-black-friday\/\" \/>\n<meta property=\"og:site_name\" content=\"Vie Associative\" \/>\n<meta property=\"article:published_time\" content=\"2024-11-23T19:18:22+00:00\" \/>\n<meta property=\"og:image\" content=\"https:\/\/vieassociative.be\/actualites\/wp-content\/uploads\/2024\/09\/header_backgroundk-01-e1726694325946.png\" \/>\n\t<meta property=\"og:image:width\" content=\"279\" \/>\n\t<meta property=\"og:image:height\" content=\"92\" \/>\n\t<meta property=\"og:image:type\" content=\"image\/png\" \/>\n<meta name=\"author\" content=\"Julien\" \/>\n<meta name=\"twitter:card\" content=\"summary_large_image\" \/>\n<meta name=\"twitter:label1\" content=\"\u00c9crit par\" \/>\n\t<meta name=\"twitter:data1\" content=\"Julien\" \/>\n\t<meta name=\"twitter:label2\" content=\"Dur\u00e9e de lecture est.\" \/>\n\t<meta name=\"twitter:data2\" content=\"4 minutes\" \/>\n<script type=\"application\/ld+json\" class=\"yoast-schema-graph\">{\"@context\":\"https:\/\/schema.org\",\"@graph\":[{\"@type\":\"Article\",\"@id\":\"https:\/\/vieassociative.be\/actualites\/les-meilleurs-airpod-dapple-sont-en-vente-pendant-le-black-friday\/#article\",\"isPartOf\":{\"@id\":\"https:\/\/vieassociative.be\/actualites\/les-meilleurs-airpod-dapple-sont-en-vente-pendant-le-black-friday\/\"},\"author\":{\"name\":\"Julien\",\"@id\":\"https:\/\/vieassociative.be\/actualites\/#\/schema\/person\/b87ac4f82f9d4e7b7cec7395b679edc4\"},\"headline\":\"Les meilleurs AirPod d&rsquo;Apple sont en vente pendant le Black Friday\",\"datePublished\":\"2024-11-23T19:18:22+00:00\",\"dateModified\":\"2024-11-23T19:18:22+00:00\",\"mainEntityOfPage\":{\"@id\":\"https:\/\/vieassociative.be\/actualites\/les-meilleurs-airpod-dapple-sont-en-vente-pendant-le-black-friday\/\"},\"wordCount\":784,\"publisher\":{\"@id\":\"https:\/\/vieassociative.be\/actualites\/#organization\"},\"image\":{\"@id\":\"https:\/\/vieassociative.be\/actualites\/les-meilleurs-airpod-dapple-sont-en-vente-pendant-le-black-friday\/#primaryimage\"},\"thumbnailUrl\":\"https:\/\/vieassociative.be\/actualites\/wp-content\/uploads\/2024\/11\/Les-meilleurs-AirPod-dApple-sont-en-vente-pendant-le-Black.png\",\"keywords\":[\"AirPod\",\"Black\",\"dApple\",\"Friday\",\"Les\",\"meilleurs\",\"pendant\",\"sont\",\"vente\"],\"articleSection\":[\"Technologie\"],\"inLanguage\":\"fr-BE\"},{\"@type\":\"WebPage\",\"@id\":\"https:\/\/vieassociative.be\/actualites\/les-meilleurs-airpod-dapple-sont-en-vente-pendant-le-black-friday\/\",\"url\":\"https:\/\/vieassociative.be\/actualites\/les-meilleurs-airpod-dapple-sont-en-vente-pendant-le-black-friday\/\",\"name\":\"Les meilleurs AirPod d'Apple sont en vente pendant le Black Friday | Vie Associative\",\"isPartOf\":{\"@id\":\"https:\/\/vieassociative.be\/actualites\/#website\"},\"primaryImageOfPage\":{\"@id\":\"https:\/\/vieassociative.be\/actualites\/les-meilleurs-airpod-dapple-sont-en-vente-pendant-le-black-friday\/#primaryimage\"},\"image\":{\"@id\":\"https:\/\/vieassociative.be\/actualites\/les-meilleurs-airpod-dapple-sont-en-vente-pendant-le-black-friday\/#primaryimage\"},\"thumbnailUrl\":\"https:\/\/vieassociative.be\/actualites\/wp-content\/uploads\/2024\/11\/Les-meilleurs-AirPod-dApple-sont-en-vente-pendant-le-Black.png\",\"datePublished\":\"2024-11-23T19:18:22+00:00\",\"dateModified\":\"2024-11-23T19:18:22+00:00\",\"breadcrumb\":{\"@id\":\"https:\/\/vieassociative.be\/actualites\/les-meilleurs-airpod-dapple-sont-en-vente-pendant-le-black-friday\/#breadcrumb\"},\"inLanguage\":\"fr-BE\",\"potentialAction\":[{\"@type\":\"ReadAction\",\"target\":[\"https:\/\/vieassociative.be\/actualites\/les-meilleurs-airpod-dapple-sont-en-vente-pendant-le-black-friday\/\"]}]},{\"@type\":\"ImageObject\",\"inLanguage\":\"fr-BE\",\"@id\":\"https:\/\/vieassociative.be\/actualites\/les-meilleurs-airpod-dapple-sont-en-vente-pendant-le-black-friday\/#primaryimage\",\"url\":\"https:\/\/vieassociative.be\/actualites\/wp-content\/uploads\/2024\/11\/Les-meilleurs-AirPod-dApple-sont-en-vente-pendant-le-Black.png\",\"contentUrl\":\"https:\/\/vieassociative.be\/actualites\/wp-content\/uploads\/2024\/11\/Les-meilleurs-AirPod-dApple-sont-en-vente-pendant-le-Black.png\",\"width\":1200,\"height\":675,\"caption\":\"Les meilleurs AirPod d'Apple sont en vente pendant le Black Friday\"},{\"@type\":\"BreadcrumbList\",\"@id\":\"https:\/\/vieassociative.be\/actualites\/les-meilleurs-airpod-dapple-sont-en-vente-pendant-le-black-friday\/#breadcrumb\",\"itemListElement\":[{\"@type\":\"ListItem\",\"position\":1,\"name\":\"Accueil\",\"item\":\"https:\/\/vieassociative.be\/actualites\/\"},{\"@type\":\"ListItem\",\"position\":2,\"name\":\"Les meilleurs AirPod d&rsquo;Apple sont en vente pendant le Black Friday\"}]},{\"@type\":\"WebSite\",\"@id\":\"https:\/\/vieassociative.be\/actualites\/#website\",\"url\":\"https:\/\/vieassociative.be\/actualites\/\",\"name\":\"Vie Associative\",\"description\":\"\",\"publisher\":{\"@id\":\"https:\/\/vieassociative.be\/actualites\/#organization\"},\"potentialAction\":[{\"@type\":\"SearchAction\",\"target\":{\"@type\":\"EntryPoint\",\"urlTemplate\":\"https:\/\/vieassociative.be\/actualites\/?s={search_term_string}\"},\"query-input\":{\"@type\":\"PropertyValueSpecification\",\"valueRequired\":true,\"valueName\":\"search_term_string\"}}],\"inLanguage\":\"fr-BE\"},{\"@type\":\"Organization\",\"@id\":\"https:\/\/vieassociative.be\/actualites\/#organization\",\"name\":\"Vie Associative\",\"url\":\"https:\/\/vieassociative.be\/actualites\/\",\"logo\":{\"@type\":\"ImageObject\",\"inLanguage\":\"fr-BE\",\"@id\":\"https:\/\/vieassociative.be\/actualites\/#\/schema\/logo\/image\/\",\"url\":\"https:\/\/vieassociative.be\/actualites\/wp-content\/uploads\/2024\/09\/cropped-vieassociative_favicon.ico.png\",\"contentUrl\":\"https:\/\/vieassociative.be\/actualites\/wp-content\/uploads\/2024\/09\/cropped-vieassociative_favicon.ico.png\",\"width\":512,\"height\":512,\"caption\":\"Vie Associative\"},\"image\":{\"@id\":\"https:\/\/vieassociative.be\/actualites\/#\/schema\/logo\/image\/\"}},{\"@type\":\"Person\",\"@id\":\"https:\/\/vieassociative.be\/actualites\/#\/schema\/person\/b87ac4f82f9d4e7b7cec7395b679edc4\",\"name\":\"Julien\",\"image\":{\"@type\":\"ImageObject\",\"inLanguage\":\"fr-BE\",\"@id\":\"https:\/\/vieassociative.be\/actualites\/#\/schema\/person\/image\/\",\"url\":\"https:\/\/vieassociative.be\/actualites\/wp-content\/uploads\/2024\/09\/vie-associative-1-150x150.jpg\",\"contentUrl\":\"https:\/\/vieassociative.be\/actualites\/wp-content\/uploads\/2024\/09\/vie-associative-1-150x150.jpg\",\"caption\":\"Julien\"},\"description\":\"Je suis Julien, r\u00e9dacteur pour Vie Associative. Passionn\u00e9 par le monde associatif depuis plus de 10 ans, j'ai \u00e0 c\u0153ur de partager des histoires inspirantes et de mettre en lumi\u00e8re les initiatives locales. Mon objectif est de sensibiliser et d'encourager l'engagement communautaire \u00e0 travers mes articles.\",\"sameAs\":[\"https:\/\/vieassociative.be\/\"]}]}<\/script>\n<!-- \/ Yoast SEO plugin. -->","yoast_head_json":{"title":"Les meilleurs AirPod d'Apple sont en vente pendant le Black Friday | Vie Associative","robots":{"index":"index","follow":"follow","max-snippet":"max-snippet:-1","max-image-preview":"max-image-preview:large","max-video-preview":"max-video-preview:-1"},"canonical":"https:\/\/vieassociative.be\/actualites\/les-meilleurs-airpod-dapple-sont-en-vente-pendant-le-black-friday\/","og_locale":"fr_FR","og_type":"article","og_title":"Les meilleurs AirPod d'Apple sont en vente pendant le Black Friday | Vie Associative","og_description":"Les AirPods Pro 2 ne sont pas souvent aussi bon march\u00e9. Il y a un parcelle d&rsquo;\u00e9couteurs parmi lesquels choisir, mais si vous \u00eates aussi","og_url":"https:\/\/vieassociative.be\/actualites\/les-meilleurs-airpod-dapple-sont-en-vente-pendant-le-black-friday\/","og_site_name":"Vie Associative","article_published_time":"2024-11-23T19:18:22+00:00","og_image":[{"width":279,"height":92,"url":"https:\/\/vieassociative.be\/actualites\/wp-content\/uploads\/2024\/09\/header_backgroundk-01-e1726694325946.png","type":"image\/png"}],"author":"Julien","twitter_card":"summary_large_image","twitter_misc":{"\u00c9crit par":"Julien","Dur\u00e9e de lecture est.":"4 minutes"},"schema":{"@context":"https:\/\/schema.org","@graph":[{"@type":"Article","@id":"https:\/\/vieassociative.be\/actualites\/les-meilleurs-airpod-dapple-sont-en-vente-pendant-le-black-friday\/#article","isPartOf":{"@id":"https:\/\/vieassociative.be\/actualites\/les-meilleurs-airpod-dapple-sont-en-vente-pendant-le-black-friday\/"},"author":{"name":"Julien","@id":"https:\/\/vieassociative.be\/actualites\/#\/schema\/person\/b87ac4f82f9d4e7b7cec7395b679edc4"},"headline":"Les meilleurs AirPod d&rsquo;Apple sont en vente pendant le Black Friday","datePublished":"2024-11-23T19:18:22+00:00","dateModified":"2024-11-23T19:18:22+00:00","mainEntityOfPage":{"@id":"https:\/\/vieassociative.be\/actualites\/les-meilleurs-airpod-dapple-sont-en-vente-pendant-le-black-friday\/"},"wordCount":784,"publisher":{"@id":"https:\/\/vieassociative.be\/actualites\/#organization"},"image":{"@id":"https:\/\/vieassociative.be\/actualites\/les-meilleurs-airpod-dapple-sont-en-vente-pendant-le-black-friday\/#primaryimage"},"thumbnailUrl":"https:\/\/vieassociative.be\/actualites\/wp-content\/uploads\/2024\/11\/Les-meilleurs-AirPod-dApple-sont-en-vente-pendant-le-Black.png","keywords":["AirPod","Black","dApple","Friday","Les","meilleurs","pendant","sont","vente"],"articleSection":["Technologie"],"inLanguage":"fr-BE"},{"@type":"WebPage","@id":"https:\/\/vieassociative.be\/actualites\/les-meilleurs-airpod-dapple-sont-en-vente-pendant-le-black-friday\/","url":"https:\/\/vieassociative.be\/actualites\/les-meilleurs-airpod-dapple-sont-en-vente-pendant-le-black-friday\/","name":"Les meilleurs AirPod d'Apple sont en vente pendant le Black Friday | Vie Associative","isPartOf":{"@id":"https:\/\/vieassociative.be\/actualites\/#website"},"primaryImageOfPage":{"@id":"https:\/\/vieassociative.be\/actualites\/les-meilleurs-airpod-dapple-sont-en-vente-pendant-le-black-friday\/#primaryimage"},"image":{"@id":"https:\/\/vieassociative.be\/actualites\/les-meilleurs-airpod-dapple-sont-en-vente-pendant-le-black-friday\/#primaryimage"},"thumbnailUrl":"https:\/\/vieassociative.be\/actualites\/wp-content\/uploads\/2024\/11\/Les-meilleurs-AirPod-dApple-sont-en-vente-pendant-le-Black.png","datePublished":"2024-11-23T19:18:22+00:00","dateModified":"2024-11-23T19:18:22+00:00","breadcrumb":{"@id":"https:\/\/vieassociative.be\/actualites\/les-meilleurs-airpod-dapple-sont-en-vente-pendant-le-black-friday\/#breadcrumb"},"inLanguage":"fr-BE","potentialAction":[{"@type":"ReadAction","target":["https:\/\/vieassociative.be\/actualites\/les-meilleurs-airpod-dapple-sont-en-vente-pendant-le-black-friday\/"]}]},{"@type":"ImageObject","inLanguage":"fr-BE","@id":"https:\/\/vieassociative.be\/actualites\/les-meilleurs-airpod-dapple-sont-en-vente-pendant-le-black-friday\/#primaryimage","url":"https:\/\/vieassociative.be\/actualites\/wp-content\/uploads\/2024\/11\/Les-meilleurs-AirPod-dApple-sont-en-vente-pendant-le-Black.png","contentUrl":"https:\/\/vieassociative.be\/actualites\/wp-content\/uploads\/2024\/11\/Les-meilleurs-AirPod-dApple-sont-en-vente-pendant-le-Black.png","width":1200,"height":675,"caption":"Les meilleurs AirPod d'Apple sont en vente pendant le Black Friday"},{"@type":"BreadcrumbList","@id":"https:\/\/vieassociative.be\/actualites\/les-meilleurs-airpod-dapple-sont-en-vente-pendant-le-black-friday\/#breadcrumb","itemListElement":[{"@type":"ListItem","position":1,"name":"Accueil","item":"https:\/\/vieassociative.be\/actualites\/"},{"@type":"ListItem","position":2,"name":"Les meilleurs AirPod d&rsquo;Apple sont en vente pendant le Black Friday"}]},{"@type":"WebSite","@id":"https:\/\/vieassociative.be\/actualites\/#website","url":"https:\/\/vieassociative.be\/actualites\/","name":"Vie Associative","description":"","publisher":{"@id":"https:\/\/vieassociative.be\/actualites\/#organization"},"potentialAction":[{"@type":"SearchAction","target":{"@type":"EntryPoint","urlTemplate":"https:\/\/vieassociative.be\/actualites\/?s={search_term_string}"},"query-input":{"@type":"PropertyValueSpecification","valueRequired":true,"valueName":"search_term_string"}}],"inLanguage":"fr-BE"},{"@type":"Organization","@id":"https:\/\/vieassociative.be\/actualites\/#organization","name":"Vie Associative","url":"https:\/\/vieassociative.be\/actualites\/","logo":{"@type":"ImageObject","inLanguage":"fr-BE","@id":"https:\/\/vieassociative.be\/actualites\/#\/schema\/logo\/image\/","url":"https:\/\/vieassociative.be\/actualites\/wp-content\/uploads\/2024\/09\/cropped-vieassociative_favicon.ico.png","contentUrl":"https:\/\/vieassociative.be\/actualites\/wp-content\/uploads\/2024\/09\/cropped-vieassociative_favicon.ico.png","width":512,"height":512,"caption":"Vie Associative"},"image":{"@id":"https:\/\/vieassociative.be\/actualites\/#\/schema\/logo\/image\/"}},{"@type":"Person","@id":"https:\/\/vieassociative.be\/actualites\/#\/schema\/person\/b87ac4f82f9d4e7b7cec7395b679edc4","name":"Julien","image":{"@type":"ImageObject","inLanguage":"fr-BE","@id":"https:\/\/vieassociative.be\/actualites\/#\/schema\/person\/image\/","url":"https:\/\/vieassociative.be\/actualites\/wp-content\/uploads\/2024\/09\/vie-associative-1-150x150.jpg","contentUrl":"https:\/\/vieassociative.be\/actualites\/wp-content\/uploads\/2024\/09\/vie-associative-1-150x150.jpg","caption":"Julien"},"description":"Je suis Julien, r\u00e9dacteur pour Vie Associative. Passionn\u00e9 par le monde associatif depuis plus de 10 ans, j'ai \u00e0 c\u0153ur de partager des histoires inspirantes et de mettre en lumi\u00e8re les initiatives locales. Mon objectif est de sensibiliser et d'encourager l'engagement communautaire \u00e0 travers mes articles.","sameAs":["https:\/\/vieassociative.be\/"]}]}},"_links":{"self":[{"href":"https:\/\/vieassociative.be\/actualites\/wp-json\/wp\/v2\/posts\/2705"}],"collection":[{"href":"https:\/\/vieassociative.be\/actualites\/wp-json\/wp\/v2\/posts"}],"about":[{"href":"https:\/\/vieassociative.be\/actualites\/wp-json\/wp\/v2\/types\/post"}],"author":[{"embeddable":true,"href":"https:\/\/vieassociative.be\/actualites\/wp-json\/wp\/v2\/users\/1"}],"replies":[{"embeddable":true,"href":"https:\/\/vieassociative.be\/actualites\/wp-json\/wp\/v2\/comments?post=2705"}],"version-history":[{"count":0,"href":"https:\/\/vieassociative.be\/actualites\/wp-json\/wp\/v2\/posts\/2705\/revisions"}],"wp:featuredmedia":[{"embeddable":true,"href":"https:\/\/vieassociative.be\/actualites\/wp-json\/wp\/v2\/media\/2706"}],"wp:attachment":[{"href":"https:\/\/vieassociative.be\/actualites\/wp-json\/wp\/v2\/media?parent=2705"}],"wp:term":[{"taxonomy":"category","embeddable":true,"href":"https:\/\/vieassociative.be\/actualites\/wp-json\/wp\/v2\/categories?post=2705"},{"taxonomy":"post_tag","embeddable":true,"href":"https:\/\/vieassociative.be\/actualites\/wp-json\/wp\/v2\/tags?post=2705"}],"curies":[{"name":"wp","href":"https:\/\/api.w.org\/{rel}","templated":true}]}}