{"id":2703,"date":"2024-11-23T18:18:05","date_gmt":"2024-11-23T17:18:05","guid":{"rendered":"https:\/\/vieassociative.be\/actualites\/faites-ces-choses-pour-soulager-la-nervosite-de-votre-enfant-au-premier-jour-decole\/"},"modified":"2024-11-23T18:18:05","modified_gmt":"2024-11-23T17:18:05","slug":"faites-ces-choses-pour-soulager-la-nervosite-de-votre-enfant-au-premier-jour-decole","status":"publish","type":"post","link":"https:\/\/vieassociative.be\/actualites\/faites-ces-choses-pour-soulager-la-nervosite-de-votre-enfant-au-premier-jour-decole\/","title":{"rendered":"Faites ces choses pour soulager la nervosit\u00e9 de votre enfant au premier jour d&rsquo;\u00e9cole"},"content":{"rendered":"<div class=\"mt-4 leading-6 md:mb-8\">Une pr\u00e9paration pr\u00e9coce et quelques \u00ab\u00a0courses d&rsquo;entra\u00eenement\u00a0\u00bb peuvent grandement contribuer \u00e0 att\u00e9nuer leur anxi\u00e9t\u00e9 li\u00e9e \u00e0 la rentr\u00e9e scolaire.<\/div>\n<p><\/p>\n<p>L&rsquo;approche de l&rsquo;ann\u00e9e scolaire signifie souvent des changements majeurs dans l&#8217;emploi du temps d&rsquo;une famille, y compris une nouvelle ru\u00e9e matinale pour simplement sortir. Pour de nombreux enfants, le premier jour d\u2019\u00e9cole n\u2019est pas seulement excitant, il est aussi bouleversant. En plus de se lever et de se pr\u00e9parer, ils doivent penser \u00e0 emporter tout ce dont ils ont besoin pour le premier jour de retour, \u00e0 se rendre \u00e0 l&rsquo;arr\u00eat de bus ou \u00e0 la file d&rsquo;attente, \u00e0 trouver leur salle de classe et \u00e0 rencontrer leurs professeurs et leurs camarades de classe. <\/p>\n<p>Tout cela peut sembler particuli\u00e8rement intimidant si c&rsquo;est la premi\u00e8re fois qu&rsquo;un enfant va \u00e0 l&rsquo;\u00e9cole ou s&rsquo;il en entre dans une nouvelle. Et c&rsquo;est doublement vrai si vous avez un enfant particuli\u00e8rement rigide ou inflexible ou qui a du mal \u00e0 faire des transitions. Pour ces enfants, une pr\u00e9paration pr\u00e9coce et quelques \u00ab entra\u00eenements \u00bb avant le grand jour peuvent faire toute la diff\u00e9rence.<\/p>\n<h2 id=\"how-to-do-a-first-day-of-school-practice-run\">Comment faire une \u00ab course d\u2019entra\u00eenement \u00bb le premier jour d\u2019\u00e9cole<\/h2>\n<p>Une course d&rsquo;entra\u00eenement peut aider \u00e0 r\u00e9duire cette confusion du premier jour du matin, lorsque votre enfant ne peut pas d\u00e9cider quoi porter ou se rappeler o\u00f9 se trouve son sac \u00e0 dos et qu&rsquo;il est nerveux \u00e0 l&rsquo;id\u00e9e de prendre le bus pour la toute premi\u00e8re fois ou de se faire des amis. &#8230; et vous essayez simplement de les faire sortir, avec le d\u00e9jeuner \u00e0 la main, afin de pouvoir arriver au travail \u00e0 l&rsquo;heure.<\/p>\n<p>Voici quelques mesures que vous pouvez prendre \u00e0 l\u2019avance pour les aider \u00e0 s\u2019adapter avant le grand jour\u00a0:<\/p>\n<ul>\n<li>\n<p>Entra\u00eenez-vous \u00e0 marcher jusqu&rsquo;\u00e0 l&rsquo;arr\u00eat de bus ou faites quelques courses \u00e0 sec en marchant ou en conduisant jusqu&rsquo;\u00e0 l&rsquo;\u00e9cole afin qu&rsquo;ils connaissent l&rsquo;itin\u00e9raire.<\/p>\n<\/li>\n<li>\n<p>Arrangez-vous pour qu&rsquo;ils visitent leur nouvelle \u00e9cole et voient leur classe s&rsquo;ils ne l&rsquo;ont pas d\u00e9j\u00e0 fait.<\/p>\n<\/li>\n<li>\n<p>Fixez des dates de jeu, si possible, avec d&rsquo;autres enfants dont vous savez qu&rsquo;ils seront dans leur classe.<\/p>\n<\/li>\n<li>\n<p>Aidez-les \u00e0 rassembler et \u00e0 emballer leurs fournitures scolaires et \u00e0 placer leur sac \u00e0 dos dans un endroit \u00e9vident, comme pr\u00e8s de la porte d&rsquo;entr\u00e9e.<\/p>\n<\/li>\n<li>\n<p>Aidez-les \u00e0 s\u2019entra\u00eener \u00e0 pr\u00e9parer leur d\u00e9jeuner (si cela rel\u00e8ve de leur responsabilit\u00e9).<\/p>\n<\/li>\n<li>\n<p>Choisissez une tenue pour le premier jour d&rsquo;\u00e9cole (ou une semaine de tenues !) un jour ou deux plus t\u00f4t pour qu&rsquo;il y ait moins de brouillage ces premiers matins.<\/p>\n<\/li>\n<\/ul>\n<p>Vous devriez \u00e9galement consulter le site Web de l&rsquo;\u00e9cole ou les comptes de r\u00e9seaux sociaux pour conna\u00eetre toute note ou proc\u00e9dure sp\u00e9ciale du premier jour, notamment en ce qui concerne le d\u00e9p\u00f4t et la prise en charge, afin d&rsquo;\u00e9viter toute surprise de derni\u00e8re minute.<\/p>\n<p><\/p>\n","protected":false},"excerpt":{"rendered":"<p>Une pr\u00e9paration pr\u00e9coce et quelques \u00ab\u00a0courses d&rsquo;entra\u00eenement\u00a0\u00bb peuvent grandement contribuer \u00e0 att\u00e9nuer leur anxi\u00e9t\u00e9 li\u00e9e \u00e0 la rentr\u00e9e scolaire. L&rsquo;approche de l&rsquo;ann\u00e9e scolaire signifie souvent<\/p>\n","protected":false},"author":1,"featured_media":2704,"comment_status":"","ping_status":"","sticky":false,"template":"","format":"standard","meta":{"footnotes":""},"categories":[37],"tags":[248,93,3443,295,600,53,3442,81,443,3441,8],"class_list":["post-2703","post","type-post","status-publish","format-standard","has-post-thumbnail","hentry","category-famille","tag-ces","tag-choses","tag-decole","tag-enfant","tag-faites","tag-jour","tag-nervosite","tag-pour","tag-premier","tag-soulager","tag-votre","generate-columns","tablet-grid-50","mobile-grid-100","grid-parent","grid-33"],"yoast_head":"<!-- This site is optimized with the Yoast SEO plugin v24.0 - https:\/\/yoast.com\/wordpress\/plugins\/seo\/ -->\n<title>Faites ces choses pour soulager la nervosit\u00e9 de votre enfant au premier jour d&#039;\u00e9cole | Vie Associative<\/title>\n<meta name=\"robots\" content=\"index, follow, max-snippet:-1, max-image-preview:large, max-video-preview:-1\" \/>\n<link rel=\"canonical\" href=\"https:\/\/vieassociative.be\/actualites\/faites-ces-choses-pour-soulager-la-nervosite-de-votre-enfant-au-premier-jour-decole\/\" \/>\n<meta property=\"og:locale\" content=\"fr_FR\" \/>\n<meta property=\"og:type\" content=\"article\" \/>\n<meta property=\"og:title\" content=\"Faites ces choses pour soulager la nervosit\u00e9 de votre enfant au premier jour d&#039;\u00e9cole | Vie Associative\" \/>\n<meta property=\"og:description\" content=\"Une pr\u00e9paration pr\u00e9coce et quelques \u00ab\u00a0courses d&rsquo;entra\u00eenement\u00a0\u00bb peuvent grandement contribuer \u00e0 att\u00e9nuer leur anxi\u00e9t\u00e9 li\u00e9e \u00e0 la rentr\u00e9e scolaire. L&rsquo;approche de l&rsquo;ann\u00e9e scolaire signifie souvent\" \/>\n<meta property=\"og:url\" content=\"https:\/\/vieassociative.be\/actualites\/faites-ces-choses-pour-soulager-la-nervosite-de-votre-enfant-au-premier-jour-decole\/\" \/>\n<meta property=\"og:site_name\" content=\"Vie Associative\" \/>\n<meta property=\"article:published_time\" content=\"2024-11-23T17:18:05+00:00\" \/>\n<meta property=\"og:image\" content=\"https:\/\/vieassociative.be\/actualites\/wp-content\/uploads\/2024\/09\/header_backgroundk-01-e1726694325946.png\" \/>\n\t<meta property=\"og:image:width\" content=\"279\" \/>\n\t<meta property=\"og:image:height\" content=\"92\" \/>\n\t<meta property=\"og:image:type\" content=\"image\/png\" \/>\n<meta name=\"author\" content=\"Julien\" \/>\n<meta name=\"twitter:card\" content=\"summary_large_image\" \/>\n<meta name=\"twitter:label1\" content=\"\u00c9crit par\" \/>\n\t<meta name=\"twitter:data1\" content=\"Julien\" \/>\n\t<meta name=\"twitter:label2\" content=\"Dur\u00e9e de lecture est.\" \/>\n\t<meta name=\"twitter:data2\" content=\"2 minutes\" \/>\n<script type=\"application\/ld+json\" class=\"yoast-schema-graph\">{\"@context\":\"https:\/\/schema.org\",\"@graph\":[{\"@type\":\"Article\",\"@id\":\"https:\/\/vieassociative.be\/actualites\/faites-ces-choses-pour-soulager-la-nervosite-de-votre-enfant-au-premier-jour-decole\/#article\",\"isPartOf\":{\"@id\":\"https:\/\/vieassociative.be\/actualites\/faites-ces-choses-pour-soulager-la-nervosite-de-votre-enfant-au-premier-jour-decole\/\"},\"author\":{\"name\":\"Julien\",\"@id\":\"https:\/\/vieassociative.be\/actualites\/#\/schema\/person\/b87ac4f82f9d4e7b7cec7395b679edc4\"},\"headline\":\"Faites ces choses pour soulager la nervosit\u00e9 de votre enfant au premier jour d&rsquo;\u00e9cole\",\"datePublished\":\"2024-11-23T17:18:05+00:00\",\"dateModified\":\"2024-11-23T17:18:05+00:00\",\"mainEntityOfPage\":{\"@id\":\"https:\/\/vieassociative.be\/actualites\/faites-ces-choses-pour-soulager-la-nervosite-de-votre-enfant-au-premier-jour-decole\/\"},\"wordCount\":520,\"publisher\":{\"@id\":\"https:\/\/vieassociative.be\/actualites\/#organization\"},\"image\":{\"@id\":\"https:\/\/vieassociative.be\/actualites\/faites-ces-choses-pour-soulager-la-nervosite-de-votre-enfant-au-premier-jour-decole\/#primaryimage\"},\"thumbnailUrl\":\"https:\/\/vieassociative.be\/actualites\/wp-content\/uploads\/2024\/11\/Faites-ces-choses-pour-soulager-la-nervosite-de-votre-enfant.jpg\",\"keywords\":[\"ces\",\"choses\",\"d\u00e9cole\",\"enfant\",\"faites\",\"jour\",\"nervosit\u00e9\",\"pour\",\"premier\",\"soulager\",\"votre\"],\"articleSection\":[\"Famille\"],\"inLanguage\":\"fr-BE\"},{\"@type\":\"WebPage\",\"@id\":\"https:\/\/vieassociative.be\/actualites\/faites-ces-choses-pour-soulager-la-nervosite-de-votre-enfant-au-premier-jour-decole\/\",\"url\":\"https:\/\/vieassociative.be\/actualites\/faites-ces-choses-pour-soulager-la-nervosite-de-votre-enfant-au-premier-jour-decole\/\",\"name\":\"Faites ces choses pour soulager la nervosit\u00e9 de votre enfant au premier jour d'\u00e9cole | Vie Associative\",\"isPartOf\":{\"@id\":\"https:\/\/vieassociative.be\/actualites\/#website\"},\"primaryImageOfPage\":{\"@id\":\"https:\/\/vieassociative.be\/actualites\/faites-ces-choses-pour-soulager-la-nervosite-de-votre-enfant-au-premier-jour-decole\/#primaryimage\"},\"image\":{\"@id\":\"https:\/\/vieassociative.be\/actualites\/faites-ces-choses-pour-soulager-la-nervosite-de-votre-enfant-au-premier-jour-decole\/#primaryimage\"},\"thumbnailUrl\":\"https:\/\/vieassociative.be\/actualites\/wp-content\/uploads\/2024\/11\/Faites-ces-choses-pour-soulager-la-nervosite-de-votre-enfant.jpg\",\"datePublished\":\"2024-11-23T17:18:05+00:00\",\"dateModified\":\"2024-11-23T17:18:05+00:00\",\"breadcrumb\":{\"@id\":\"https:\/\/vieassociative.be\/actualites\/faites-ces-choses-pour-soulager-la-nervosite-de-votre-enfant-au-premier-jour-decole\/#breadcrumb\"},\"inLanguage\":\"fr-BE\",\"potentialAction\":[{\"@type\":\"ReadAction\",\"target\":[\"https:\/\/vieassociative.be\/actualites\/faites-ces-choses-pour-soulager-la-nervosite-de-votre-enfant-au-premier-jour-decole\/\"]}]},{\"@type\":\"ImageObject\",\"inLanguage\":\"fr-BE\",\"@id\":\"https:\/\/vieassociative.be\/actualites\/faites-ces-choses-pour-soulager-la-nervosite-de-votre-enfant-au-premier-jour-decole\/#primaryimage\",\"url\":\"https:\/\/vieassociative.be\/actualites\/wp-content\/uploads\/2024\/11\/Faites-ces-choses-pour-soulager-la-nervosite-de-votre-enfant.jpg\",\"contentUrl\":\"https:\/\/vieassociative.be\/actualites\/wp-content\/uploads\/2024\/11\/Faites-ces-choses-pour-soulager-la-nervosite-de-votre-enfant.jpg\",\"width\":1200,\"height\":675,\"caption\":\"Faites ces choses pour soulager la nervosit\u00e9 de votre enfant au premier jour d'\u00e9cole\"},{\"@type\":\"BreadcrumbList\",\"@id\":\"https:\/\/vieassociative.be\/actualites\/faites-ces-choses-pour-soulager-la-nervosite-de-votre-enfant-au-premier-jour-decole\/#breadcrumb\",\"itemListElement\":[{\"@type\":\"ListItem\",\"position\":1,\"name\":\"Accueil\",\"item\":\"https:\/\/vieassociative.be\/actualites\/\"},{\"@type\":\"ListItem\",\"position\":2,\"name\":\"Faites ces choses pour soulager la nervosit\u00e9 de votre enfant au premier jour d&rsquo;\u00e9cole\"}]},{\"@type\":\"WebSite\",\"@id\":\"https:\/\/vieassociative.be\/actualites\/#website\",\"url\":\"https:\/\/vieassociative.be\/actualites\/\",\"name\":\"Vie Associative\",\"description\":\"\",\"publisher\":{\"@id\":\"https:\/\/vieassociative.be\/actualites\/#organization\"},\"potentialAction\":[{\"@type\":\"SearchAction\",\"target\":{\"@type\":\"EntryPoint\",\"urlTemplate\":\"https:\/\/vieassociative.be\/actualites\/?s={search_term_string}\"},\"query-input\":{\"@type\":\"PropertyValueSpecification\",\"valueRequired\":true,\"valueName\":\"search_term_string\"}}],\"inLanguage\":\"fr-BE\"},{\"@type\":\"Organization\",\"@id\":\"https:\/\/vieassociative.be\/actualites\/#organization\",\"name\":\"Vie Associative\",\"url\":\"https:\/\/vieassociative.be\/actualites\/\",\"logo\":{\"@type\":\"ImageObject\",\"inLanguage\":\"fr-BE\",\"@id\":\"https:\/\/vieassociative.be\/actualites\/#\/schema\/logo\/image\/\",\"url\":\"https:\/\/vieassociative.be\/actualites\/wp-content\/uploads\/2024\/09\/cropped-vieassociative_favicon.ico.png\",\"contentUrl\":\"https:\/\/vieassociative.be\/actualites\/wp-content\/uploads\/2024\/09\/cropped-vieassociative_favicon.ico.png\",\"width\":512,\"height\":512,\"caption\":\"Vie Associative\"},\"image\":{\"@id\":\"https:\/\/vieassociative.be\/actualites\/#\/schema\/logo\/image\/\"}},{\"@type\":\"Person\",\"@id\":\"https:\/\/vieassociative.be\/actualites\/#\/schema\/person\/b87ac4f82f9d4e7b7cec7395b679edc4\",\"name\":\"Julien\",\"image\":{\"@type\":\"ImageObject\",\"inLanguage\":\"fr-BE\",\"@id\":\"https:\/\/vieassociative.be\/actualites\/#\/schema\/person\/image\/\",\"url\":\"https:\/\/vieassociative.be\/actualites\/wp-content\/uploads\/2024\/09\/vie-associative-1-150x150.jpg\",\"contentUrl\":\"https:\/\/vieassociative.be\/actualites\/wp-content\/uploads\/2024\/09\/vie-associative-1-150x150.jpg\",\"caption\":\"Julien\"},\"description\":\"Je suis Julien, r\u00e9dacteur pour Vie Associative. Passionn\u00e9 par le monde associatif depuis plus de 10 ans, j'ai \u00e0 c\u0153ur de partager des histoires inspirantes et de mettre en lumi\u00e8re les initiatives locales. Mon objectif est de sensibiliser et d'encourager l'engagement communautaire \u00e0 travers mes articles.\",\"sameAs\":[\"https:\/\/vieassociative.be\/\"]}]}<\/script>\n<!-- \/ Yoast SEO plugin. -->","yoast_head_json":{"title":"Faites ces choses pour soulager la nervosit\u00e9 de votre enfant au premier jour d'\u00e9cole | Vie Associative","robots":{"index":"index","follow":"follow","max-snippet":"max-snippet:-1","max-image-preview":"max-image-preview:large","max-video-preview":"max-video-preview:-1"},"canonical":"https:\/\/vieassociative.be\/actualites\/faites-ces-choses-pour-soulager-la-nervosite-de-votre-enfant-au-premier-jour-decole\/","og_locale":"fr_FR","og_type":"article","og_title":"Faites ces choses pour soulager la nervosit\u00e9 de votre enfant au premier jour d'\u00e9cole | Vie Associative","og_description":"Une pr\u00e9paration pr\u00e9coce et quelques \u00ab\u00a0courses d&rsquo;entra\u00eenement\u00a0\u00bb peuvent grandement contribuer \u00e0 att\u00e9nuer leur anxi\u00e9t\u00e9 li\u00e9e \u00e0 la rentr\u00e9e scolaire. L&rsquo;approche de l&rsquo;ann\u00e9e scolaire signifie souvent","og_url":"https:\/\/vieassociative.be\/actualites\/faites-ces-choses-pour-soulager-la-nervosite-de-votre-enfant-au-premier-jour-decole\/","og_site_name":"Vie Associative","article_published_time":"2024-11-23T17:18:05+00:00","og_image":[{"width":279,"height":92,"url":"https:\/\/vieassociative.be\/actualites\/wp-content\/uploads\/2024\/09\/header_backgroundk-01-e1726694325946.png","type":"image\/png"}],"author":"Julien","twitter_card":"summary_large_image","twitter_misc":{"\u00c9crit par":"Julien","Dur\u00e9e de lecture est.":"2 minutes"},"schema":{"@context":"https:\/\/schema.org","@graph":[{"@type":"Article","@id":"https:\/\/vieassociative.be\/actualites\/faites-ces-choses-pour-soulager-la-nervosite-de-votre-enfant-au-premier-jour-decole\/#article","isPartOf":{"@id":"https:\/\/vieassociative.be\/actualites\/faites-ces-choses-pour-soulager-la-nervosite-de-votre-enfant-au-premier-jour-decole\/"},"author":{"name":"Julien","@id":"https:\/\/vieassociative.be\/actualites\/#\/schema\/person\/b87ac4f82f9d4e7b7cec7395b679edc4"},"headline":"Faites ces choses pour soulager la nervosit\u00e9 de votre enfant au premier jour d&rsquo;\u00e9cole","datePublished":"2024-11-23T17:18:05+00:00","dateModified":"2024-11-23T17:18:05+00:00","mainEntityOfPage":{"@id":"https:\/\/vieassociative.be\/actualites\/faites-ces-choses-pour-soulager-la-nervosite-de-votre-enfant-au-premier-jour-decole\/"},"wordCount":520,"publisher":{"@id":"https:\/\/vieassociative.be\/actualites\/#organization"},"image":{"@id":"https:\/\/vieassociative.be\/actualites\/faites-ces-choses-pour-soulager-la-nervosite-de-votre-enfant-au-premier-jour-decole\/#primaryimage"},"thumbnailUrl":"https:\/\/vieassociative.be\/actualites\/wp-content\/uploads\/2024\/11\/Faites-ces-choses-pour-soulager-la-nervosite-de-votre-enfant.jpg","keywords":["ces","choses","d\u00e9cole","enfant","faites","jour","nervosit\u00e9","pour","premier","soulager","votre"],"articleSection":["Famille"],"inLanguage":"fr-BE"},{"@type":"WebPage","@id":"https:\/\/vieassociative.be\/actualites\/faites-ces-choses-pour-soulager-la-nervosite-de-votre-enfant-au-premier-jour-decole\/","url":"https:\/\/vieassociative.be\/actualites\/faites-ces-choses-pour-soulager-la-nervosite-de-votre-enfant-au-premier-jour-decole\/","name":"Faites ces choses pour soulager la nervosit\u00e9 de votre enfant au premier jour d'\u00e9cole | Vie Associative","isPartOf":{"@id":"https:\/\/vieassociative.be\/actualites\/#website"},"primaryImageOfPage":{"@id":"https:\/\/vieassociative.be\/actualites\/faites-ces-choses-pour-soulager-la-nervosite-de-votre-enfant-au-premier-jour-decole\/#primaryimage"},"image":{"@id":"https:\/\/vieassociative.be\/actualites\/faites-ces-choses-pour-soulager-la-nervosite-de-votre-enfant-au-premier-jour-decole\/#primaryimage"},"thumbnailUrl":"https:\/\/vieassociative.be\/actualites\/wp-content\/uploads\/2024\/11\/Faites-ces-choses-pour-soulager-la-nervosite-de-votre-enfant.jpg","datePublished":"2024-11-23T17:18:05+00:00","dateModified":"2024-11-23T17:18:05+00:00","breadcrumb":{"@id":"https:\/\/vieassociative.be\/actualites\/faites-ces-choses-pour-soulager-la-nervosite-de-votre-enfant-au-premier-jour-decole\/#breadcrumb"},"inLanguage":"fr-BE","potentialAction":[{"@type":"ReadAction","target":["https:\/\/vieassociative.be\/actualites\/faites-ces-choses-pour-soulager-la-nervosite-de-votre-enfant-au-premier-jour-decole\/"]}]},{"@type":"ImageObject","inLanguage":"fr-BE","@id":"https:\/\/vieassociative.be\/actualites\/faites-ces-choses-pour-soulager-la-nervosite-de-votre-enfant-au-premier-jour-decole\/#primaryimage","url":"https:\/\/vieassociative.be\/actualites\/wp-content\/uploads\/2024\/11\/Faites-ces-choses-pour-soulager-la-nervosite-de-votre-enfant.jpg","contentUrl":"https:\/\/vieassociative.be\/actualites\/wp-content\/uploads\/2024\/11\/Faites-ces-choses-pour-soulager-la-nervosite-de-votre-enfant.jpg","width":1200,"height":675,"caption":"Faites ces choses pour soulager la nervosit\u00e9 de votre enfant au premier jour d'\u00e9cole"},{"@type":"BreadcrumbList","@id":"https:\/\/vieassociative.be\/actualites\/faites-ces-choses-pour-soulager-la-nervosite-de-votre-enfant-au-premier-jour-decole\/#breadcrumb","itemListElement":[{"@type":"ListItem","position":1,"name":"Accueil","item":"https:\/\/vieassociative.be\/actualites\/"},{"@type":"ListItem","position":2,"name":"Faites ces choses pour soulager la nervosit\u00e9 de votre enfant au premier jour d&rsquo;\u00e9cole"}]},{"@type":"WebSite","@id":"https:\/\/vieassociative.be\/actualites\/#website","url":"https:\/\/vieassociative.be\/actualites\/","name":"Vie Associative","description":"","publisher":{"@id":"https:\/\/vieassociative.be\/actualites\/#organization"},"potentialAction":[{"@type":"SearchAction","target":{"@type":"EntryPoint","urlTemplate":"https:\/\/vieassociative.be\/actualites\/?s={search_term_string}"},"query-input":{"@type":"PropertyValueSpecification","valueRequired":true,"valueName":"search_term_string"}}],"inLanguage":"fr-BE"},{"@type":"Organization","@id":"https:\/\/vieassociative.be\/actualites\/#organization","name":"Vie Associative","url":"https:\/\/vieassociative.be\/actualites\/","logo":{"@type":"ImageObject","inLanguage":"fr-BE","@id":"https:\/\/vieassociative.be\/actualites\/#\/schema\/logo\/image\/","url":"https:\/\/vieassociative.be\/actualites\/wp-content\/uploads\/2024\/09\/cropped-vieassociative_favicon.ico.png","contentUrl":"https:\/\/vieassociative.be\/actualites\/wp-content\/uploads\/2024\/09\/cropped-vieassociative_favicon.ico.png","width":512,"height":512,"caption":"Vie Associative"},"image":{"@id":"https:\/\/vieassociative.be\/actualites\/#\/schema\/logo\/image\/"}},{"@type":"Person","@id":"https:\/\/vieassociative.be\/actualites\/#\/schema\/person\/b87ac4f82f9d4e7b7cec7395b679edc4","name":"Julien","image":{"@type":"ImageObject","inLanguage":"fr-BE","@id":"https:\/\/vieassociative.be\/actualites\/#\/schema\/person\/image\/","url":"https:\/\/vieassociative.be\/actualites\/wp-content\/uploads\/2024\/09\/vie-associative-1-150x150.jpg","contentUrl":"https:\/\/vieassociative.be\/actualites\/wp-content\/uploads\/2024\/09\/vie-associative-1-150x150.jpg","caption":"Julien"},"description":"Je suis Julien, r\u00e9dacteur pour Vie Associative. Passionn\u00e9 par le monde associatif depuis plus de 10 ans, j'ai \u00e0 c\u0153ur de partager des histoires inspirantes et de mettre en lumi\u00e8re les initiatives locales. Mon objectif est de sensibiliser et d'encourager l'engagement communautaire \u00e0 travers mes articles.","sameAs":["https:\/\/vieassociative.be\/"]}]}},"_links":{"self":[{"href":"https:\/\/vieassociative.be\/actualites\/wp-json\/wp\/v2\/posts\/2703"}],"collection":[{"href":"https:\/\/vieassociative.be\/actualites\/wp-json\/wp\/v2\/posts"}],"about":[{"href":"https:\/\/vieassociative.be\/actualites\/wp-json\/wp\/v2\/types\/post"}],"author":[{"embeddable":true,"href":"https:\/\/vieassociative.be\/actualites\/wp-json\/wp\/v2\/users\/1"}],"replies":[{"embeddable":true,"href":"https:\/\/vieassociative.be\/actualites\/wp-json\/wp\/v2\/comments?post=2703"}],"version-history":[{"count":0,"href":"https:\/\/vieassociative.be\/actualites\/wp-json\/wp\/v2\/posts\/2703\/revisions"}],"wp:featuredmedia":[{"embeddable":true,"href":"https:\/\/vieassociative.be\/actualites\/wp-json\/wp\/v2\/media\/2704"}],"wp:attachment":[{"href":"https:\/\/vieassociative.be\/actualites\/wp-json\/wp\/v2\/media?parent=2703"}],"wp:term":[{"taxonomy":"category","embeddable":true,"href":"https:\/\/vieassociative.be\/actualites\/wp-json\/wp\/v2\/categories?post=2703"},{"taxonomy":"post_tag","embeddable":true,"href":"https:\/\/vieassociative.be\/actualites\/wp-json\/wp\/v2\/tags?post=2703"}],"curies":[{"name":"wp","href":"https:\/\/api.w.org\/{rel}","templated":true}]}}