{"id":2700,"date":"2024-11-23T15:17:00","date_gmt":"2024-11-23T14:17:00","guid":{"rendered":"https:\/\/vieassociative.be\/actualites\/manifestations-contre-le-dialogue-citoyen-de-lafd-a-aix-la-chapelle\/"},"modified":"2024-11-23T15:17:00","modified_gmt":"2024-11-23T14:17:00","slug":"manifestations-contre-le-dialogue-citoyen-de-lafd-a-aix-la-chapelle","status":"publish","type":"post","link":"https:\/\/vieassociative.be\/actualites\/manifestations-contre-le-dialogue-citoyen-de-lafd-a-aix-la-chapelle\/","title":{"rendered":"Manifestations contre le \u00ab dialogue citoyen \u00bb de l\u2019AfD \u00e0 Aix-la-Chapelle"},"content":{"rendered":"<p><strong>L&rsquo;AfD a invit\u00e9 la population \u00e0 un \u00ab dialogue citoyen \u00bb \u00e0 l&rsquo;Eurogress d&rsquo;Aix-la-Chapelle. Il y a des protestations contre cela. Selon la police, plus de 2 000 personnes sont descendues dans la rue.<\/strong><\/p>\n<p><span id=\"more-402460\"><\/span>Selon la police d&rsquo;Aix-la-Chapelle, plus de 2 000 personnes ont manifest\u00e9 vendredi contre un \u00e9v\u00e9nement de l&rsquo;AfD. Les alliances \u00ab Gegenhalten \u00bb et \u00ab We are Aachen \u00bb avaient appel\u00e9 \u00e0 des rassemblements et \u00e0 une marche de protestation commune dans le centre-ville en fin d\u2019apr\u00e8s-midi.<\/p>\n<p>Selon une porte-parole, la police a \u00e9t\u00e9 d\u00e9ploy\u00e9e avec des forces importantes et \u00ab pr\u00e9par\u00e9e \u00e0 tous les sc\u00e9narios \u00bb. Les services d&rsquo;urgence ont \u00e9t\u00e9 bombard\u00e9s de boules de neige par la foule. Un policier a \u00e9t\u00e9 touch\u00e9 au visage et bless\u00e9 \u00e0 l&rsquo;\u0153il.<\/p>\n<div id=\"attachment_402464\" class=\"wp-caption alignleft\" style=\"max-width: 300px\"><img fetchpriority=\"high\" decoding=\"async\" class=\"wp-image-402464 size-medium\" src=\"https:\/\/vieassociative.be\/actualites\/wp-content\/uploads\/2024\/11\/Manifestations-contre-le-dialogue-citoyen-de-lAfD-a.jpg\" alt=\"\" width=\"300\" height=\"202\"><\/p>\n<p class=\"wp-caption-text\">22 novembre 2024, Rh\u00e9nanie-du-Nord-Westphalie, Aix-la-Chapelle : Sibylle Keupen (ind\u00e9pendante), maire d&rsquo;Aix-la-Chapelle, prend la parole lors du rassemblement \u00ab Nous sommes Aix-la-Chapelle \u00bb sur la Theaterplatz. Photo : Oliver Berg\/dpa<\/p>\n<\/div>\n<p>Selon la police, environ 1.700 personnes ont particip\u00e9 \u00e0 la manifestation sous le slogan \u00ab Se lever \u2013 ensemble contre le fascisme \u00bb. Ils ont d\u00e9fil\u00e9 de la Bahnhofplatz \u00e0 la Theaterplatz, o\u00f9 a eu lieu le rassemblement de lancement de l&rsquo;alliance \u00ab\u00a0Nous sommes Aix-la-Chapelle\u00a0\u00bb \u2013 avec environ 500 personnes. La bourgmestre Sibylle Keupen (ind\u00e9pendante) y a \u00e9galement pris la parole. Tous les participants ont ensuite d\u00e9fil\u00e9 ensemble jusqu\u2019\u00e0 peu avant l\u2019Eurogress, o\u00f9 l\u2019AfD avait invit\u00e9 ce soir-l\u00e0 \u00e0 un \u00ab dialogue citoyen \u00bb avec plusieurs membres du Bundestag.<\/p>\n<p>Lors du dernier rassemblement, plusieurs personnes masqu\u00e9es ont descendu une grande banderole de protestation Antifa depuis un \u00e9tage sup\u00e9rieur du palais des congr\u00e8s, a indiqu\u00e9 la police. Il fait l&rsquo;objet d&rsquo;une enqu\u00eate pour intrusion. Par ailleurs, 40 \u00e0 50 personnes de la sc\u00e8ne Antifa ont tent\u00e9 de se rendre \u00e0 l&rsquo;entr\u00e9e du b\u00e2timent \u00e0 un point de passage de la police. \u00ab\u00a0Cela a \u00e9t\u00e9 arr\u00eat\u00e9\u00a0\u00bb, a-t-il d\u00e9clar\u00e9.<\/p>\n<p>Selon leurs propres d\u00e9clarations, les alliances souhaitaient une \u00ab protestation coordonn\u00e9e, color\u00e9e et d\u00e9mocratique \u00bb afin \u00ab d\u2019envoyer un signal clair contre l\u2019agitation de l\u2019AfD et en faveur des valeurs d\u00e9mocratiques \u00bb. Diverses organisations, clubs et syndicats \u00e9taient \u00e0 l&rsquo;origine des manifestations. (dpa)<\/p>\n","protected":false},"excerpt":{"rendered":"<p>L&rsquo;AfD a invit\u00e9 la population \u00e0 un \u00ab dialogue citoyen \u00bb \u00e0 l&rsquo;Eurogress d&rsquo;Aix-la-Chapelle. Il y a des protestations contre cela. Selon la police, plus<\/p>\n","protected":false},"author":1,"featured_media":2701,"comment_status":"","ping_status":"","sticky":false,"template":"","format":"standard","meta":{"footnotes":""},"categories":[298],"tags":[3440,3438,796,3437,3439,3436],"class_list":["post-2700","post","type-post","status-publish","format-standard","has-post-thumbnail","hentry","category-belgique","tag-aixlachapelle","tag-citoyen","tag-contre","tag-dialogue","tag-lafd","tag-manifestations","generate-columns","tablet-grid-50","mobile-grid-100","grid-parent","grid-33"],"yoast_head":"<!-- This site is optimized with the Yoast SEO plugin v24.0 - https:\/\/yoast.com\/wordpress\/plugins\/seo\/ -->\n<title>Manifestations contre le \u00ab dialogue citoyen \u00bb de l\u2019AfD \u00e0 Aix-la-Chapelle | Vie Associative<\/title>\n<meta name=\"robots\" content=\"index, follow, max-snippet:-1, max-image-preview:large, max-video-preview:-1\" \/>\n<link rel=\"canonical\" href=\"https:\/\/vieassociative.be\/actualites\/manifestations-contre-le-dialogue-citoyen-de-lafd-a-aix-la-chapelle\/\" \/>\n<meta property=\"og:locale\" content=\"fr_FR\" \/>\n<meta property=\"og:type\" content=\"article\" \/>\n<meta property=\"og:title\" content=\"Manifestations contre le \u00ab dialogue citoyen \u00bb de l\u2019AfD \u00e0 Aix-la-Chapelle | Vie Associative\" \/>\n<meta property=\"og:description\" content=\"L&rsquo;AfD a invit\u00e9 la population \u00e0 un \u00ab dialogue citoyen \u00bb \u00e0 l&rsquo;Eurogress d&rsquo;Aix-la-Chapelle. Il y a des protestations contre cela. Selon la police, plus\" \/>\n<meta property=\"og:url\" content=\"https:\/\/vieassociative.be\/actualites\/manifestations-contre-le-dialogue-citoyen-de-lafd-a-aix-la-chapelle\/\" \/>\n<meta property=\"og:site_name\" content=\"Vie Associative\" \/>\n<meta property=\"article:published_time\" content=\"2024-11-23T14:17:00+00:00\" \/>\n<meta property=\"og:image\" content=\"https:\/\/vieassociative.be\/actualites\/wp-content\/uploads\/2024\/11\/Manifestations-contre-le-dialogue-citoyen-de-lAfD-a.jpg\" \/>\n<meta name=\"author\" content=\"Julien\" \/>\n<meta name=\"twitter:card\" content=\"summary_large_image\" \/>\n<meta name=\"twitter:label1\" content=\"\u00c9crit par\" \/>\n\t<meta name=\"twitter:data1\" content=\"Julien\" \/>\n\t<meta name=\"twitter:label2\" content=\"Dur\u00e9e de lecture est.\" \/>\n\t<meta name=\"twitter:data2\" content=\"2 minutes\" \/>\n<script type=\"application\/ld+json\" class=\"yoast-schema-graph\">{\"@context\":\"https:\/\/schema.org\",\"@graph\":[{\"@type\":\"Article\",\"@id\":\"https:\/\/vieassociative.be\/actualites\/manifestations-contre-le-dialogue-citoyen-de-lafd-a-aix-la-chapelle\/#article\",\"isPartOf\":{\"@id\":\"https:\/\/vieassociative.be\/actualites\/manifestations-contre-le-dialogue-citoyen-de-lafd-a-aix-la-chapelle\/\"},\"author\":{\"name\":\"Julien\",\"@id\":\"https:\/\/vieassociative.be\/actualites\/#\/schema\/person\/b87ac4f82f9d4e7b7cec7395b679edc4\"},\"headline\":\"Manifestations contre le \u00ab dialogue citoyen \u00bb de l\u2019AfD \u00e0 Aix-la-Chapelle\",\"datePublished\":\"2024-11-23T14:17:00+00:00\",\"dateModified\":\"2024-11-23T14:17:00+00:00\",\"mainEntityOfPage\":{\"@id\":\"https:\/\/vieassociative.be\/actualites\/manifestations-contre-le-dialogue-citoyen-de-lafd-a-aix-la-chapelle\/\"},\"wordCount\":363,\"publisher\":{\"@id\":\"https:\/\/vieassociative.be\/actualites\/#organization\"},\"image\":{\"@id\":\"https:\/\/vieassociative.be\/actualites\/manifestations-contre-le-dialogue-citoyen-de-lafd-a-aix-la-chapelle\/#primaryimage\"},\"thumbnailUrl\":\"https:\/\/vieassociative.be\/actualites\/wp-content\/uploads\/2024\/11\/1732371420_Manifestations-contre-le-dialogue-citoyen-de-lAfD-a.jpg\",\"keywords\":[\"AixlaChapelle\",\"citoyen\",\"contre\",\"dialogue\",\"lAfD\",\"Manifestations\"],\"articleSection\":[\"Belgique\"],\"inLanguage\":\"fr-BE\"},{\"@type\":\"WebPage\",\"@id\":\"https:\/\/vieassociative.be\/actualites\/manifestations-contre-le-dialogue-citoyen-de-lafd-a-aix-la-chapelle\/\",\"url\":\"https:\/\/vieassociative.be\/actualites\/manifestations-contre-le-dialogue-citoyen-de-lafd-a-aix-la-chapelle\/\",\"name\":\"Manifestations contre le \u00ab dialogue citoyen \u00bb de l\u2019AfD \u00e0 Aix-la-Chapelle | Vie Associative\",\"isPartOf\":{\"@id\":\"https:\/\/vieassociative.be\/actualites\/#website\"},\"primaryImageOfPage\":{\"@id\":\"https:\/\/vieassociative.be\/actualites\/manifestations-contre-le-dialogue-citoyen-de-lafd-a-aix-la-chapelle\/#primaryimage\"},\"image\":{\"@id\":\"https:\/\/vieassociative.be\/actualites\/manifestations-contre-le-dialogue-citoyen-de-lafd-a-aix-la-chapelle\/#primaryimage\"},\"thumbnailUrl\":\"https:\/\/vieassociative.be\/actualites\/wp-content\/uploads\/2024\/11\/1732371420_Manifestations-contre-le-dialogue-citoyen-de-lAfD-a.jpg\",\"datePublished\":\"2024-11-23T14:17:00+00:00\",\"dateModified\":\"2024-11-23T14:17:00+00:00\",\"breadcrumb\":{\"@id\":\"https:\/\/vieassociative.be\/actualites\/manifestations-contre-le-dialogue-citoyen-de-lafd-a-aix-la-chapelle\/#breadcrumb\"},\"inLanguage\":\"fr-BE\",\"potentialAction\":[{\"@type\":\"ReadAction\",\"target\":[\"https:\/\/vieassociative.be\/actualites\/manifestations-contre-le-dialogue-citoyen-de-lafd-a-aix-la-chapelle\/\"]}]},{\"@type\":\"ImageObject\",\"inLanguage\":\"fr-BE\",\"@id\":\"https:\/\/vieassociative.be\/actualites\/manifestations-contre-le-dialogue-citoyen-de-lafd-a-aix-la-chapelle\/#primaryimage\",\"url\":\"https:\/\/vieassociative.be\/actualites\/wp-content\/uploads\/2024\/11\/1732371420_Manifestations-contre-le-dialogue-citoyen-de-lAfD-a.jpg\",\"contentUrl\":\"https:\/\/vieassociative.be\/actualites\/wp-content\/uploads\/2024\/11\/1732371420_Manifestations-contre-le-dialogue-citoyen-de-lAfD-a.jpg\",\"width\":1200,\"height\":800,\"caption\":\"Manifestations contre le \u00ab dialogue citoyen \u00bb de l\u2019AfD \u00e0 Aix-la-Chapelle\"},{\"@type\":\"BreadcrumbList\",\"@id\":\"https:\/\/vieassociative.be\/actualites\/manifestations-contre-le-dialogue-citoyen-de-lafd-a-aix-la-chapelle\/#breadcrumb\",\"itemListElement\":[{\"@type\":\"ListItem\",\"position\":1,\"name\":\"Accueil\",\"item\":\"https:\/\/vieassociative.be\/actualites\/\"},{\"@type\":\"ListItem\",\"position\":2,\"name\":\"Manifestations contre le \u00ab dialogue citoyen \u00bb de l\u2019AfD \u00e0 Aix-la-Chapelle\"}]},{\"@type\":\"WebSite\",\"@id\":\"https:\/\/vieassociative.be\/actualites\/#website\",\"url\":\"https:\/\/vieassociative.be\/actualites\/\",\"name\":\"Vie Associative\",\"description\":\"\",\"publisher\":{\"@id\":\"https:\/\/vieassociative.be\/actualites\/#organization\"},\"potentialAction\":[{\"@type\":\"SearchAction\",\"target\":{\"@type\":\"EntryPoint\",\"urlTemplate\":\"https:\/\/vieassociative.be\/actualites\/?s={search_term_string}\"},\"query-input\":{\"@type\":\"PropertyValueSpecification\",\"valueRequired\":true,\"valueName\":\"search_term_string\"}}],\"inLanguage\":\"fr-BE\"},{\"@type\":\"Organization\",\"@id\":\"https:\/\/vieassociative.be\/actualites\/#organization\",\"name\":\"Vie Associative\",\"url\":\"https:\/\/vieassociative.be\/actualites\/\",\"logo\":{\"@type\":\"ImageObject\",\"inLanguage\":\"fr-BE\",\"@id\":\"https:\/\/vieassociative.be\/actualites\/#\/schema\/logo\/image\/\",\"url\":\"https:\/\/vieassociative.be\/actualites\/wp-content\/uploads\/2024\/09\/cropped-vieassociative_favicon.ico.png\",\"contentUrl\":\"https:\/\/vieassociative.be\/actualites\/wp-content\/uploads\/2024\/09\/cropped-vieassociative_favicon.ico.png\",\"width\":512,\"height\":512,\"caption\":\"Vie Associative\"},\"image\":{\"@id\":\"https:\/\/vieassociative.be\/actualites\/#\/schema\/logo\/image\/\"}},{\"@type\":\"Person\",\"@id\":\"https:\/\/vieassociative.be\/actualites\/#\/schema\/person\/b87ac4f82f9d4e7b7cec7395b679edc4\",\"name\":\"Julien\",\"image\":{\"@type\":\"ImageObject\",\"inLanguage\":\"fr-BE\",\"@id\":\"https:\/\/vieassociative.be\/actualites\/#\/schema\/person\/image\/\",\"url\":\"https:\/\/vieassociative.be\/actualites\/wp-content\/uploads\/2024\/09\/vie-associative-1-150x150.jpg\",\"contentUrl\":\"https:\/\/vieassociative.be\/actualites\/wp-content\/uploads\/2024\/09\/vie-associative-1-150x150.jpg\",\"caption\":\"Julien\"},\"description\":\"Je suis Julien, r\u00e9dacteur pour Vie Associative. Passionn\u00e9 par le monde associatif depuis plus de 10 ans, j'ai \u00e0 c\u0153ur de partager des histoires inspirantes et de mettre en lumi\u00e8re les initiatives locales. Mon objectif est de sensibiliser et d'encourager l'engagement communautaire \u00e0 travers mes articles.\",\"sameAs\":[\"https:\/\/vieassociative.be\/\"]}]}<\/script>\n<!-- \/ Yoast SEO plugin. -->","yoast_head_json":{"title":"Manifestations contre le \u00ab dialogue citoyen \u00bb de l\u2019AfD \u00e0 Aix-la-Chapelle | Vie Associative","robots":{"index":"index","follow":"follow","max-snippet":"max-snippet:-1","max-image-preview":"max-image-preview:large","max-video-preview":"max-video-preview:-1"},"canonical":"https:\/\/vieassociative.be\/actualites\/manifestations-contre-le-dialogue-citoyen-de-lafd-a-aix-la-chapelle\/","og_locale":"fr_FR","og_type":"article","og_title":"Manifestations contre le \u00ab dialogue citoyen \u00bb de l\u2019AfD \u00e0 Aix-la-Chapelle | Vie Associative","og_description":"L&rsquo;AfD a invit\u00e9 la population \u00e0 un \u00ab dialogue citoyen \u00bb \u00e0 l&rsquo;Eurogress d&rsquo;Aix-la-Chapelle. Il y a des protestations contre cela. Selon la police, plus","og_url":"https:\/\/vieassociative.be\/actualites\/manifestations-contre-le-dialogue-citoyen-de-lafd-a-aix-la-chapelle\/","og_site_name":"Vie Associative","article_published_time":"2024-11-23T14:17:00+00:00","og_image":[{"url":"https:\/\/vieassociative.be\/actualites\/wp-content\/uploads\/2024\/11\/Manifestations-contre-le-dialogue-citoyen-de-lAfD-a.jpg","type":"","width":"","height":""}],"author":"Julien","twitter_card":"summary_large_image","twitter_misc":{"\u00c9crit par":"Julien","Dur\u00e9e de lecture est.":"2 minutes"},"schema":{"@context":"https:\/\/schema.org","@graph":[{"@type":"Article","@id":"https:\/\/vieassociative.be\/actualites\/manifestations-contre-le-dialogue-citoyen-de-lafd-a-aix-la-chapelle\/#article","isPartOf":{"@id":"https:\/\/vieassociative.be\/actualites\/manifestations-contre-le-dialogue-citoyen-de-lafd-a-aix-la-chapelle\/"},"author":{"name":"Julien","@id":"https:\/\/vieassociative.be\/actualites\/#\/schema\/person\/b87ac4f82f9d4e7b7cec7395b679edc4"},"headline":"Manifestations contre le \u00ab dialogue citoyen \u00bb de l\u2019AfD \u00e0 Aix-la-Chapelle","datePublished":"2024-11-23T14:17:00+00:00","dateModified":"2024-11-23T14:17:00+00:00","mainEntityOfPage":{"@id":"https:\/\/vieassociative.be\/actualites\/manifestations-contre-le-dialogue-citoyen-de-lafd-a-aix-la-chapelle\/"},"wordCount":363,"publisher":{"@id":"https:\/\/vieassociative.be\/actualites\/#organization"},"image":{"@id":"https:\/\/vieassociative.be\/actualites\/manifestations-contre-le-dialogue-citoyen-de-lafd-a-aix-la-chapelle\/#primaryimage"},"thumbnailUrl":"https:\/\/vieassociative.be\/actualites\/wp-content\/uploads\/2024\/11\/1732371420_Manifestations-contre-le-dialogue-citoyen-de-lAfD-a.jpg","keywords":["AixlaChapelle","citoyen","contre","dialogue","lAfD","Manifestations"],"articleSection":["Belgique"],"inLanguage":"fr-BE"},{"@type":"WebPage","@id":"https:\/\/vieassociative.be\/actualites\/manifestations-contre-le-dialogue-citoyen-de-lafd-a-aix-la-chapelle\/","url":"https:\/\/vieassociative.be\/actualites\/manifestations-contre-le-dialogue-citoyen-de-lafd-a-aix-la-chapelle\/","name":"Manifestations contre le \u00ab dialogue citoyen \u00bb de l\u2019AfD \u00e0 Aix-la-Chapelle | Vie Associative","isPartOf":{"@id":"https:\/\/vieassociative.be\/actualites\/#website"},"primaryImageOfPage":{"@id":"https:\/\/vieassociative.be\/actualites\/manifestations-contre-le-dialogue-citoyen-de-lafd-a-aix-la-chapelle\/#primaryimage"},"image":{"@id":"https:\/\/vieassociative.be\/actualites\/manifestations-contre-le-dialogue-citoyen-de-lafd-a-aix-la-chapelle\/#primaryimage"},"thumbnailUrl":"https:\/\/vieassociative.be\/actualites\/wp-content\/uploads\/2024\/11\/1732371420_Manifestations-contre-le-dialogue-citoyen-de-lAfD-a.jpg","datePublished":"2024-11-23T14:17:00+00:00","dateModified":"2024-11-23T14:17:00+00:00","breadcrumb":{"@id":"https:\/\/vieassociative.be\/actualites\/manifestations-contre-le-dialogue-citoyen-de-lafd-a-aix-la-chapelle\/#breadcrumb"},"inLanguage":"fr-BE","potentialAction":[{"@type":"ReadAction","target":["https:\/\/vieassociative.be\/actualites\/manifestations-contre-le-dialogue-citoyen-de-lafd-a-aix-la-chapelle\/"]}]},{"@type":"ImageObject","inLanguage":"fr-BE","@id":"https:\/\/vieassociative.be\/actualites\/manifestations-contre-le-dialogue-citoyen-de-lafd-a-aix-la-chapelle\/#primaryimage","url":"https:\/\/vieassociative.be\/actualites\/wp-content\/uploads\/2024\/11\/1732371420_Manifestations-contre-le-dialogue-citoyen-de-lAfD-a.jpg","contentUrl":"https:\/\/vieassociative.be\/actualites\/wp-content\/uploads\/2024\/11\/1732371420_Manifestations-contre-le-dialogue-citoyen-de-lAfD-a.jpg","width":1200,"height":800,"caption":"Manifestations contre le \u00ab dialogue citoyen \u00bb de l\u2019AfD \u00e0 Aix-la-Chapelle"},{"@type":"BreadcrumbList","@id":"https:\/\/vieassociative.be\/actualites\/manifestations-contre-le-dialogue-citoyen-de-lafd-a-aix-la-chapelle\/#breadcrumb","itemListElement":[{"@type":"ListItem","position":1,"name":"Accueil","item":"https:\/\/vieassociative.be\/actualites\/"},{"@type":"ListItem","position":2,"name":"Manifestations contre le \u00ab dialogue citoyen \u00bb de l\u2019AfD \u00e0 Aix-la-Chapelle"}]},{"@type":"WebSite","@id":"https:\/\/vieassociative.be\/actualites\/#website","url":"https:\/\/vieassociative.be\/actualites\/","name":"Vie Associative","description":"","publisher":{"@id":"https:\/\/vieassociative.be\/actualites\/#organization"},"potentialAction":[{"@type":"SearchAction","target":{"@type":"EntryPoint","urlTemplate":"https:\/\/vieassociative.be\/actualites\/?s={search_term_string}"},"query-input":{"@type":"PropertyValueSpecification","valueRequired":true,"valueName":"search_term_string"}}],"inLanguage":"fr-BE"},{"@type":"Organization","@id":"https:\/\/vieassociative.be\/actualites\/#organization","name":"Vie Associative","url":"https:\/\/vieassociative.be\/actualites\/","logo":{"@type":"ImageObject","inLanguage":"fr-BE","@id":"https:\/\/vieassociative.be\/actualites\/#\/schema\/logo\/image\/","url":"https:\/\/vieassociative.be\/actualites\/wp-content\/uploads\/2024\/09\/cropped-vieassociative_favicon.ico.png","contentUrl":"https:\/\/vieassociative.be\/actualites\/wp-content\/uploads\/2024\/09\/cropped-vieassociative_favicon.ico.png","width":512,"height":512,"caption":"Vie Associative"},"image":{"@id":"https:\/\/vieassociative.be\/actualites\/#\/schema\/logo\/image\/"}},{"@type":"Person","@id":"https:\/\/vieassociative.be\/actualites\/#\/schema\/person\/b87ac4f82f9d4e7b7cec7395b679edc4","name":"Julien","image":{"@type":"ImageObject","inLanguage":"fr-BE","@id":"https:\/\/vieassociative.be\/actualites\/#\/schema\/person\/image\/","url":"https:\/\/vieassociative.be\/actualites\/wp-content\/uploads\/2024\/09\/vie-associative-1-150x150.jpg","contentUrl":"https:\/\/vieassociative.be\/actualites\/wp-content\/uploads\/2024\/09\/vie-associative-1-150x150.jpg","caption":"Julien"},"description":"Je suis Julien, r\u00e9dacteur pour Vie Associative. Passionn\u00e9 par le monde associatif depuis plus de 10 ans, j'ai \u00e0 c\u0153ur de partager des histoires inspirantes et de mettre en lumi\u00e8re les initiatives locales. Mon objectif est de sensibiliser et d'encourager l'engagement communautaire \u00e0 travers mes articles.","sameAs":["https:\/\/vieassociative.be\/"]}]}},"_links":{"self":[{"href":"https:\/\/vieassociative.be\/actualites\/wp-json\/wp\/v2\/posts\/2700"}],"collection":[{"href":"https:\/\/vieassociative.be\/actualites\/wp-json\/wp\/v2\/posts"}],"about":[{"href":"https:\/\/vieassociative.be\/actualites\/wp-json\/wp\/v2\/types\/post"}],"author":[{"embeddable":true,"href":"https:\/\/vieassociative.be\/actualites\/wp-json\/wp\/v2\/users\/1"}],"replies":[{"embeddable":true,"href":"https:\/\/vieassociative.be\/actualites\/wp-json\/wp\/v2\/comments?post=2700"}],"version-history":[{"count":0,"href":"https:\/\/vieassociative.be\/actualites\/wp-json\/wp\/v2\/posts\/2700\/revisions"}],"wp:featuredmedia":[{"embeddable":true,"href":"https:\/\/vieassociative.be\/actualites\/wp-json\/wp\/v2\/media\/2701"}],"wp:attachment":[{"href":"https:\/\/vieassociative.be\/actualites\/wp-json\/wp\/v2\/media?parent=2700"}],"wp:term":[{"taxonomy":"category","embeddable":true,"href":"https:\/\/vieassociative.be\/actualites\/wp-json\/wp\/v2\/categories?post=2700"},{"taxonomy":"post_tag","embeddable":true,"href":"https:\/\/vieassociative.be\/actualites\/wp-json\/wp\/v2\/tags?post=2700"}],"curies":[{"name":"wp","href":"https:\/\/api.w.org\/{rel}","templated":true}]}}