{"id":2698,"date":"2024-11-23T14:16:58","date_gmt":"2024-11-23T13:16:58","guid":{"rendered":"https:\/\/vieassociative.be\/actualites\/le-black-friday-est-le-meilleur-moment-pour-acheter-une-playstation-vr2\/"},"modified":"2024-11-23T14:16:58","modified_gmt":"2024-11-23T13:16:58","slug":"le-black-friday-est-le-meilleur-moment-pour-acheter-une-playstation-vr2","status":"publish","type":"post","link":"https:\/\/vieassociative.be\/actualites\/le-black-friday-est-le-meilleur-moment-pour-acheter-une-playstation-vr2\/","title":{"rendered":"Le Black Friday est le meilleur moment pour acheter une PlayStation VR2"},"content":{"rendered":"<div class=\"mt-4 leading-6 md:mb-8\">Le PS VR2 est cher, mais les offres du Black Friday le rendent raisonnable.<\/div>\n<p><\/p>\n<p>J&rsquo;ai ador\u00e9 le PlayStation VR original. J\u2019en ai achet\u00e9 un au plus fort de la pand\u00e9mie (ma premi\u00e8re incursion dans le jeu VR) et j\u2019ai \u00e9t\u00e9 \u00e9poustoufl\u00e9. Au lieu de passer mes nuits dans le petit salon de mon appartement, je traversais des villages <em>Bordeciel<\/em>explorant des plan\u00e8tes dans <em>Le ciel de No Man<\/em>et une plateforme \u00e0 travers des terrains cr\u00e9atifs dans <em>Mission de sauvetage Astro Bot<\/em>.<\/p>\n<p>J&rsquo;\u00e9tais tellement fan de l&rsquo;original que j&rsquo;ai soutenu qu&rsquo;il s&rsquo;agissait d&rsquo;un meilleur casque VR \u00e0 acheter en 2021 qu&rsquo;un Oculus Quest \u2013 une position avec laquelle de nombreux fans de VR \u00e9taient farouchement en d\u00e9saccord. Trois ans plus tard, cependant, les inconv\u00e9nients de l&rsquo;OG PS VR sont plus prononc\u00e9s que jamais : l&rsquo;\u00e9cran OLED a une r\u00e9solution inf\u00e9rieure \u00e0 celle des casques modernes (960 x 1080), et le casque n\u00e9cessite une gamme complexe d&rsquo;appareils et de c\u00e2bles (y compris une cam\u00e9ra) pour \u00eatre configur\u00e9. (\u00c0 ce stade, je n&rsquo;ai pas configur\u00e9 le casque depuis mon dernier d\u00e9m\u00e9nagement.) Mais plus que cela, les contr\u00f4leurs sont simplement <em>pas<\/em> Contr\u00f4leurs VR\u00a0: alors que les casques VR disposent depuis des ann\u00e9es de contr\u00f4leurs de suivi des doigts avec joysticks, le PS VR utilisait simplement les m\u00eames contr\u00f4leurs Move disponibles depuis la PS3.<\/p>\n<p>Le PS VR2, cependant, sorti en f\u00e9vrier 2023, r\u00e9sout ces probl\u00e8mes : l&rsquo;\u00e9cran OLED HDR a une r\u00e9solution beaucoup plus \u00e9lev\u00e9e (2 000 x 2 040), quadruplant les m\u00e9gapixels par \u0153il par rapport \u00e0 l&rsquo;original ; il y a un passage ici, vous pouvez donc r\u00e9ellement voir votre environnement imm\u00e9diat sans avoir \u00e0 retirer le casque ; le suivi est meilleur, m\u00eame s&rsquo;il ne n\u00e9cessite aucune cam\u00e9ra ou p\u00e9riph\u00e9rique ext\u00e9rieur ; et les contr\u00f4leurs sont des contr\u00f4leurs VR honn\u00eates, complets avec suivi des doigts et joysticks. Et si vous en avez assez des jeux VR de Sony, vous pouvez connecter le PS VR2 \u00e0 votre PC, comme s&rsquo;il s&rsquo;agissait de n&rsquo;importe quel autre casque VR.<\/p>\n<p>La PlayStation VR de deuxi\u00e8me g\u00e9n\u00e9ration de Sony n&rsquo;\u00e9tait toujours pas parfaite : en plus d&rsquo;avoir une biblioth\u00e8que plus petite que certains autres casques VR, le PS VR2 \u00e9tait et est toujours <em>cher<\/em>au prix de 549,99 $. Si l\u2019on consid\u00e8re que vous avez \u00e9galement besoin d\u2019une PS5 pour ex\u00e9cuter cette chose (elle n\u2019est compatible avec aucune console PS4), c\u2019est en effet une configuration co\u00fbteuse. C&rsquo;est pourquoi je n&rsquo;en ai pas encore achet\u00e9, m\u00eame si son approche plug-and-play permettrait de se remettre facilement \u00e0 la VR.<\/p>\n<p>Mais vous avez lu le titre : c&rsquo;est la saison du Black Friday et le PS VR2 est en promotion. Sony a annonc\u00e9 mercredi une s\u00e9rie d&rsquo;offres PlayStation Black Friday, du 22 novembre au 2 d\u00e9cembre. Dans le cadre de cette annonce, Sony a r\u00e9v\u00e9l\u00e9 que le PS VR2 b\u00e9n\u00e9ficierait d&rsquo;une remise allant jusqu&rsquo;\u00e0 40 %.<\/p>\n<p>Les math\u00e9matiques sont un <em>peu<\/em> d\u00e9sactiv\u00e9, puisque vous pouvez r\u00e9ellement acheter un PS VR2 \u00e0 <em>42%<\/em> off\u00a0: d\u00e8s maintenant, vous pouvez obtenir le <em>Horizon Appel de la Montagne<\/em> Pack PS VR2 pour 349 $, contre 599,99 $. Le PS VR2 autonome (aucun jeu inclus) co\u00fbte \u00e9galement 349 $, contre 549,99 $. Tout bien consid\u00e9r\u00e9, il vaut mieux obtenir le <em>Horizon<\/em> bundle, puisque les prix sont identiques. Cela dit, les gens penseront probablement de la m\u00eame mani\u00e8re, donc cet ensemble pourrait se vendre plus rapidement que l\u2019offre uniquement pour les casques. J&rsquo;ai vu le pack indisponible une fois plus t\u00f4t dans la journ\u00e9e, mais il est de retour maintenant, alors agissez vite si vous en voulez un.<\/p>\n<div class=\"w-full mt-12 text-center sm:text-left\" x-data=\"{ showAll: false }\">\n<div class=\"flex flex-col items-center justify-between sm:px-6 sm:flex-row\">\n\t\t\t<span class=\"text-sm italic\">Les offres sont s\u00e9lectionn\u00e9es par notre \u00e9quipe commerciale<\/span><\/p><\/div>\n<\/p><\/div>\n","protected":false},"excerpt":{"rendered":"<p>Le PS VR2 est cher, mais les offres du Black Friday le rendent raisonnable. J&rsquo;ai ador\u00e9 le PlayStation VR original. J\u2019en ai achet\u00e9 un au<\/p>\n","protected":false},"author":1,"featured_media":2699,"comment_status":"","ping_status":"","sticky":false,"template":"","format":"standard","meta":{"footnotes":""},"categories":[36],"tags":[428,73,76,1255,579,1429,3434,81,110,3435],"class_list":["post-2698","post","type-post","status-publish","format-standard","has-post-thumbnail","hentry","category-divertissement","tag-acheter","tag-black","tag-est","tag-friday","tag-meilleur","tag-moment","tag-playstation","tag-pour","tag-une","tag-vr2","generate-columns","tablet-grid-50","mobile-grid-100","grid-parent","grid-33"],"yoast_head":"<!-- This site is optimized with the Yoast SEO plugin v24.0 - https:\/\/yoast.com\/wordpress\/plugins\/seo\/ -->\n<title>Le Black Friday est le meilleur moment pour acheter une PlayStation VR2 | Vie Associative<\/title>\n<meta name=\"robots\" content=\"index, follow, max-snippet:-1, max-image-preview:large, max-video-preview:-1\" \/>\n<link rel=\"canonical\" href=\"https:\/\/vieassociative.be\/actualites\/le-black-friday-est-le-meilleur-moment-pour-acheter-une-playstation-vr2\/\" \/>\n<meta property=\"og:locale\" content=\"fr_FR\" \/>\n<meta property=\"og:type\" content=\"article\" \/>\n<meta property=\"og:title\" content=\"Le Black Friday est le meilleur moment pour acheter une PlayStation VR2 | Vie Associative\" \/>\n<meta property=\"og:description\" content=\"Le PS VR2 est cher, mais les offres du Black Friday le rendent raisonnable. J&rsquo;ai ador\u00e9 le PlayStation VR original. J\u2019en ai achet\u00e9 un au\" \/>\n<meta property=\"og:url\" content=\"https:\/\/vieassociative.be\/actualites\/le-black-friday-est-le-meilleur-moment-pour-acheter-une-playstation-vr2\/\" \/>\n<meta property=\"og:site_name\" content=\"Vie Associative\" \/>\n<meta property=\"article:published_time\" content=\"2024-11-23T13:16:58+00:00\" \/>\n<meta property=\"og:image\" content=\"https:\/\/vieassociative.be\/actualites\/wp-content\/uploads\/2024\/09\/header_backgroundk-01-e1726694325946.png\" \/>\n\t<meta property=\"og:image:width\" content=\"279\" \/>\n\t<meta property=\"og:image:height\" content=\"92\" \/>\n\t<meta property=\"og:image:type\" content=\"image\/png\" \/>\n<meta name=\"author\" content=\"Julien\" \/>\n<meta name=\"twitter:card\" content=\"summary_large_image\" \/>\n<meta name=\"twitter:label1\" content=\"\u00c9crit par\" \/>\n\t<meta name=\"twitter:data1\" content=\"Julien\" \/>\n\t<meta name=\"twitter:label2\" content=\"Dur\u00e9e de lecture est.\" \/>\n\t<meta name=\"twitter:data2\" content=\"3 minutes\" \/>\n<script type=\"application\/ld+json\" class=\"yoast-schema-graph\">{\"@context\":\"https:\/\/schema.org\",\"@graph\":[{\"@type\":\"Article\",\"@id\":\"https:\/\/vieassociative.be\/actualites\/le-black-friday-est-le-meilleur-moment-pour-acheter-une-playstation-vr2\/#article\",\"isPartOf\":{\"@id\":\"https:\/\/vieassociative.be\/actualites\/le-black-friday-est-le-meilleur-moment-pour-acheter-une-playstation-vr2\/\"},\"author\":{\"name\":\"Julien\",\"@id\":\"https:\/\/vieassociative.be\/actualites\/#\/schema\/person\/b87ac4f82f9d4e7b7cec7395b679edc4\"},\"headline\":\"Le Black Friday est le meilleur moment pour acheter une PlayStation VR2\",\"datePublished\":\"2024-11-23T13:16:58+00:00\",\"dateModified\":\"2024-11-23T13:16:58+00:00\",\"mainEntityOfPage\":{\"@id\":\"https:\/\/vieassociative.be\/actualites\/le-black-friday-est-le-meilleur-moment-pour-acheter-une-playstation-vr2\/\"},\"wordCount\":666,\"publisher\":{\"@id\":\"https:\/\/vieassociative.be\/actualites\/#organization\"},\"image\":{\"@id\":\"https:\/\/vieassociative.be\/actualites\/le-black-friday-est-le-meilleur-moment-pour-acheter-une-playstation-vr2\/#primaryimage\"},\"thumbnailUrl\":\"https:\/\/vieassociative.be\/actualites\/wp-content\/uploads\/2024\/11\/Le-Black-Friday-est-le-meilleur-moment-pour-acheter-une.png\",\"keywords\":[\"acheter\",\"Black\",\"est\",\"Friday\",\"meilleur\",\"moment\",\"PlayStation\",\"pour\",\"une\",\"VR2\"],\"articleSection\":[\"Divertissement\"],\"inLanguage\":\"fr-BE\"},{\"@type\":\"WebPage\",\"@id\":\"https:\/\/vieassociative.be\/actualites\/le-black-friday-est-le-meilleur-moment-pour-acheter-une-playstation-vr2\/\",\"url\":\"https:\/\/vieassociative.be\/actualites\/le-black-friday-est-le-meilleur-moment-pour-acheter-une-playstation-vr2\/\",\"name\":\"Le Black Friday est le meilleur moment pour acheter une PlayStation VR2 | Vie Associative\",\"isPartOf\":{\"@id\":\"https:\/\/vieassociative.be\/actualites\/#website\"},\"primaryImageOfPage\":{\"@id\":\"https:\/\/vieassociative.be\/actualites\/le-black-friday-est-le-meilleur-moment-pour-acheter-une-playstation-vr2\/#primaryimage\"},\"image\":{\"@id\":\"https:\/\/vieassociative.be\/actualites\/le-black-friday-est-le-meilleur-moment-pour-acheter-une-playstation-vr2\/#primaryimage\"},\"thumbnailUrl\":\"https:\/\/vieassociative.be\/actualites\/wp-content\/uploads\/2024\/11\/Le-Black-Friday-est-le-meilleur-moment-pour-acheter-une.png\",\"datePublished\":\"2024-11-23T13:16:58+00:00\",\"dateModified\":\"2024-11-23T13:16:58+00:00\",\"breadcrumb\":{\"@id\":\"https:\/\/vieassociative.be\/actualites\/le-black-friday-est-le-meilleur-moment-pour-acheter-une-playstation-vr2\/#breadcrumb\"},\"inLanguage\":\"fr-BE\",\"potentialAction\":[{\"@type\":\"ReadAction\",\"target\":[\"https:\/\/vieassociative.be\/actualites\/le-black-friday-est-le-meilleur-moment-pour-acheter-une-playstation-vr2\/\"]}]},{\"@type\":\"ImageObject\",\"inLanguage\":\"fr-BE\",\"@id\":\"https:\/\/vieassociative.be\/actualites\/le-black-friday-est-le-meilleur-moment-pour-acheter-une-playstation-vr2\/#primaryimage\",\"url\":\"https:\/\/vieassociative.be\/actualites\/wp-content\/uploads\/2024\/11\/Le-Black-Friday-est-le-meilleur-moment-pour-acheter-une.png\",\"contentUrl\":\"https:\/\/vieassociative.be\/actualites\/wp-content\/uploads\/2024\/11\/Le-Black-Friday-est-le-meilleur-moment-pour-acheter-une.png\",\"width\":1200,\"height\":675,\"caption\":\"Le Black Friday est le meilleur moment pour acheter une PlayStation VR2\"},{\"@type\":\"BreadcrumbList\",\"@id\":\"https:\/\/vieassociative.be\/actualites\/le-black-friday-est-le-meilleur-moment-pour-acheter-une-playstation-vr2\/#breadcrumb\",\"itemListElement\":[{\"@type\":\"ListItem\",\"position\":1,\"name\":\"Accueil\",\"item\":\"https:\/\/vieassociative.be\/actualites\/\"},{\"@type\":\"ListItem\",\"position\":2,\"name\":\"Le Black Friday est le meilleur moment pour acheter une PlayStation VR2\"}]},{\"@type\":\"WebSite\",\"@id\":\"https:\/\/vieassociative.be\/actualites\/#website\",\"url\":\"https:\/\/vieassociative.be\/actualites\/\",\"name\":\"Vie Associative\",\"description\":\"\",\"publisher\":{\"@id\":\"https:\/\/vieassociative.be\/actualites\/#organization\"},\"potentialAction\":[{\"@type\":\"SearchAction\",\"target\":{\"@type\":\"EntryPoint\",\"urlTemplate\":\"https:\/\/vieassociative.be\/actualites\/?s={search_term_string}\"},\"query-input\":{\"@type\":\"PropertyValueSpecification\",\"valueRequired\":true,\"valueName\":\"search_term_string\"}}],\"inLanguage\":\"fr-BE\"},{\"@type\":\"Organization\",\"@id\":\"https:\/\/vieassociative.be\/actualites\/#organization\",\"name\":\"Vie Associative\",\"url\":\"https:\/\/vieassociative.be\/actualites\/\",\"logo\":{\"@type\":\"ImageObject\",\"inLanguage\":\"fr-BE\",\"@id\":\"https:\/\/vieassociative.be\/actualites\/#\/schema\/logo\/image\/\",\"url\":\"https:\/\/vieassociative.be\/actualites\/wp-content\/uploads\/2024\/09\/cropped-vieassociative_favicon.ico.png\",\"contentUrl\":\"https:\/\/vieassociative.be\/actualites\/wp-content\/uploads\/2024\/09\/cropped-vieassociative_favicon.ico.png\",\"width\":512,\"height\":512,\"caption\":\"Vie Associative\"},\"image\":{\"@id\":\"https:\/\/vieassociative.be\/actualites\/#\/schema\/logo\/image\/\"}},{\"@type\":\"Person\",\"@id\":\"https:\/\/vieassociative.be\/actualites\/#\/schema\/person\/b87ac4f82f9d4e7b7cec7395b679edc4\",\"name\":\"Julien\",\"image\":{\"@type\":\"ImageObject\",\"inLanguage\":\"fr-BE\",\"@id\":\"https:\/\/vieassociative.be\/actualites\/#\/schema\/person\/image\/\",\"url\":\"https:\/\/vieassociative.be\/actualites\/wp-content\/uploads\/2024\/09\/vie-associative-1-150x150.jpg\",\"contentUrl\":\"https:\/\/vieassociative.be\/actualites\/wp-content\/uploads\/2024\/09\/vie-associative-1-150x150.jpg\",\"caption\":\"Julien\"},\"description\":\"Je suis Julien, r\u00e9dacteur pour Vie Associative. Passionn\u00e9 par le monde associatif depuis plus de 10 ans, j'ai \u00e0 c\u0153ur de partager des histoires inspirantes et de mettre en lumi\u00e8re les initiatives locales. Mon objectif est de sensibiliser et d'encourager l'engagement communautaire \u00e0 travers mes articles.\",\"sameAs\":[\"https:\/\/vieassociative.be\/\"]}]}<\/script>\n<!-- \/ Yoast SEO plugin. -->","yoast_head_json":{"title":"Le Black Friday est le meilleur moment pour acheter une PlayStation VR2 | Vie Associative","robots":{"index":"index","follow":"follow","max-snippet":"max-snippet:-1","max-image-preview":"max-image-preview:large","max-video-preview":"max-video-preview:-1"},"canonical":"https:\/\/vieassociative.be\/actualites\/le-black-friday-est-le-meilleur-moment-pour-acheter-une-playstation-vr2\/","og_locale":"fr_FR","og_type":"article","og_title":"Le Black Friday est le meilleur moment pour acheter une PlayStation VR2 | Vie Associative","og_description":"Le PS VR2 est cher, mais les offres du Black Friday le rendent raisonnable. J&rsquo;ai ador\u00e9 le PlayStation VR original. J\u2019en ai achet\u00e9 un au","og_url":"https:\/\/vieassociative.be\/actualites\/le-black-friday-est-le-meilleur-moment-pour-acheter-une-playstation-vr2\/","og_site_name":"Vie Associative","article_published_time":"2024-11-23T13:16:58+00:00","og_image":[{"width":279,"height":92,"url":"https:\/\/vieassociative.be\/actualites\/wp-content\/uploads\/2024\/09\/header_backgroundk-01-e1726694325946.png","type":"image\/png"}],"author":"Julien","twitter_card":"summary_large_image","twitter_misc":{"\u00c9crit par":"Julien","Dur\u00e9e de lecture est.":"3 minutes"},"schema":{"@context":"https:\/\/schema.org","@graph":[{"@type":"Article","@id":"https:\/\/vieassociative.be\/actualites\/le-black-friday-est-le-meilleur-moment-pour-acheter-une-playstation-vr2\/#article","isPartOf":{"@id":"https:\/\/vieassociative.be\/actualites\/le-black-friday-est-le-meilleur-moment-pour-acheter-une-playstation-vr2\/"},"author":{"name":"Julien","@id":"https:\/\/vieassociative.be\/actualites\/#\/schema\/person\/b87ac4f82f9d4e7b7cec7395b679edc4"},"headline":"Le Black Friday est le meilleur moment pour acheter une PlayStation VR2","datePublished":"2024-11-23T13:16:58+00:00","dateModified":"2024-11-23T13:16:58+00:00","mainEntityOfPage":{"@id":"https:\/\/vieassociative.be\/actualites\/le-black-friday-est-le-meilleur-moment-pour-acheter-une-playstation-vr2\/"},"wordCount":666,"publisher":{"@id":"https:\/\/vieassociative.be\/actualites\/#organization"},"image":{"@id":"https:\/\/vieassociative.be\/actualites\/le-black-friday-est-le-meilleur-moment-pour-acheter-une-playstation-vr2\/#primaryimage"},"thumbnailUrl":"https:\/\/vieassociative.be\/actualites\/wp-content\/uploads\/2024\/11\/Le-Black-Friday-est-le-meilleur-moment-pour-acheter-une.png","keywords":["acheter","Black","est","Friday","meilleur","moment","PlayStation","pour","une","VR2"],"articleSection":["Divertissement"],"inLanguage":"fr-BE"},{"@type":"WebPage","@id":"https:\/\/vieassociative.be\/actualites\/le-black-friday-est-le-meilleur-moment-pour-acheter-une-playstation-vr2\/","url":"https:\/\/vieassociative.be\/actualites\/le-black-friday-est-le-meilleur-moment-pour-acheter-une-playstation-vr2\/","name":"Le Black Friday est le meilleur moment pour acheter une PlayStation VR2 | Vie Associative","isPartOf":{"@id":"https:\/\/vieassociative.be\/actualites\/#website"},"primaryImageOfPage":{"@id":"https:\/\/vieassociative.be\/actualites\/le-black-friday-est-le-meilleur-moment-pour-acheter-une-playstation-vr2\/#primaryimage"},"image":{"@id":"https:\/\/vieassociative.be\/actualites\/le-black-friday-est-le-meilleur-moment-pour-acheter-une-playstation-vr2\/#primaryimage"},"thumbnailUrl":"https:\/\/vieassociative.be\/actualites\/wp-content\/uploads\/2024\/11\/Le-Black-Friday-est-le-meilleur-moment-pour-acheter-une.png","datePublished":"2024-11-23T13:16:58+00:00","dateModified":"2024-11-23T13:16:58+00:00","breadcrumb":{"@id":"https:\/\/vieassociative.be\/actualites\/le-black-friday-est-le-meilleur-moment-pour-acheter-une-playstation-vr2\/#breadcrumb"},"inLanguage":"fr-BE","potentialAction":[{"@type":"ReadAction","target":["https:\/\/vieassociative.be\/actualites\/le-black-friday-est-le-meilleur-moment-pour-acheter-une-playstation-vr2\/"]}]},{"@type":"ImageObject","inLanguage":"fr-BE","@id":"https:\/\/vieassociative.be\/actualites\/le-black-friday-est-le-meilleur-moment-pour-acheter-une-playstation-vr2\/#primaryimage","url":"https:\/\/vieassociative.be\/actualites\/wp-content\/uploads\/2024\/11\/Le-Black-Friday-est-le-meilleur-moment-pour-acheter-une.png","contentUrl":"https:\/\/vieassociative.be\/actualites\/wp-content\/uploads\/2024\/11\/Le-Black-Friday-est-le-meilleur-moment-pour-acheter-une.png","width":1200,"height":675,"caption":"Le Black Friday est le meilleur moment pour acheter une PlayStation VR2"},{"@type":"BreadcrumbList","@id":"https:\/\/vieassociative.be\/actualites\/le-black-friday-est-le-meilleur-moment-pour-acheter-une-playstation-vr2\/#breadcrumb","itemListElement":[{"@type":"ListItem","position":1,"name":"Accueil","item":"https:\/\/vieassociative.be\/actualites\/"},{"@type":"ListItem","position":2,"name":"Le Black Friday est le meilleur moment pour acheter une PlayStation VR2"}]},{"@type":"WebSite","@id":"https:\/\/vieassociative.be\/actualites\/#website","url":"https:\/\/vieassociative.be\/actualites\/","name":"Vie Associative","description":"","publisher":{"@id":"https:\/\/vieassociative.be\/actualites\/#organization"},"potentialAction":[{"@type":"SearchAction","target":{"@type":"EntryPoint","urlTemplate":"https:\/\/vieassociative.be\/actualites\/?s={search_term_string}"},"query-input":{"@type":"PropertyValueSpecification","valueRequired":true,"valueName":"search_term_string"}}],"inLanguage":"fr-BE"},{"@type":"Organization","@id":"https:\/\/vieassociative.be\/actualites\/#organization","name":"Vie Associative","url":"https:\/\/vieassociative.be\/actualites\/","logo":{"@type":"ImageObject","inLanguage":"fr-BE","@id":"https:\/\/vieassociative.be\/actualites\/#\/schema\/logo\/image\/","url":"https:\/\/vieassociative.be\/actualites\/wp-content\/uploads\/2024\/09\/cropped-vieassociative_favicon.ico.png","contentUrl":"https:\/\/vieassociative.be\/actualites\/wp-content\/uploads\/2024\/09\/cropped-vieassociative_favicon.ico.png","width":512,"height":512,"caption":"Vie Associative"},"image":{"@id":"https:\/\/vieassociative.be\/actualites\/#\/schema\/logo\/image\/"}},{"@type":"Person","@id":"https:\/\/vieassociative.be\/actualites\/#\/schema\/person\/b87ac4f82f9d4e7b7cec7395b679edc4","name":"Julien","image":{"@type":"ImageObject","inLanguage":"fr-BE","@id":"https:\/\/vieassociative.be\/actualites\/#\/schema\/person\/image\/","url":"https:\/\/vieassociative.be\/actualites\/wp-content\/uploads\/2024\/09\/vie-associative-1-150x150.jpg","contentUrl":"https:\/\/vieassociative.be\/actualites\/wp-content\/uploads\/2024\/09\/vie-associative-1-150x150.jpg","caption":"Julien"},"description":"Je suis Julien, r\u00e9dacteur pour Vie Associative. Passionn\u00e9 par le monde associatif depuis plus de 10 ans, j'ai \u00e0 c\u0153ur de partager des histoires inspirantes et de mettre en lumi\u00e8re les initiatives locales. Mon objectif est de sensibiliser et d'encourager l'engagement communautaire \u00e0 travers mes articles.","sameAs":["https:\/\/vieassociative.be\/"]}]}},"_links":{"self":[{"href":"https:\/\/vieassociative.be\/actualites\/wp-json\/wp\/v2\/posts\/2698"}],"collection":[{"href":"https:\/\/vieassociative.be\/actualites\/wp-json\/wp\/v2\/posts"}],"about":[{"href":"https:\/\/vieassociative.be\/actualites\/wp-json\/wp\/v2\/types\/post"}],"author":[{"embeddable":true,"href":"https:\/\/vieassociative.be\/actualites\/wp-json\/wp\/v2\/users\/1"}],"replies":[{"embeddable":true,"href":"https:\/\/vieassociative.be\/actualites\/wp-json\/wp\/v2\/comments?post=2698"}],"version-history":[{"count":0,"href":"https:\/\/vieassociative.be\/actualites\/wp-json\/wp\/v2\/posts\/2698\/revisions"}],"wp:featuredmedia":[{"embeddable":true,"href":"https:\/\/vieassociative.be\/actualites\/wp-json\/wp\/v2\/media\/2699"}],"wp:attachment":[{"href":"https:\/\/vieassociative.be\/actualites\/wp-json\/wp\/v2\/media?parent=2698"}],"wp:term":[{"taxonomy":"category","embeddable":true,"href":"https:\/\/vieassociative.be\/actualites\/wp-json\/wp\/v2\/categories?post=2698"},{"taxonomy":"post_tag","embeddable":true,"href":"https:\/\/vieassociative.be\/actualites\/wp-json\/wp\/v2\/tags?post=2698"}],"curies":[{"name":"wp","href":"https:\/\/api.w.org\/{rel}","templated":true}]}}