{"id":2697,"date":"2024-11-23T13:18:11","date_gmt":"2024-11-23T12:18:11","guid":{"rendered":"https:\/\/vieassociative.be\/actualites\/cette-infographie-presente-les-vins-par-style-et-par-gout\/"},"modified":"2024-11-23T13:18:11","modified_gmt":"2024-11-23T12:18:11","slug":"cette-infographie-presente-les-vins-par-style-et-par-gout","status":"publish","type":"post","link":"https:\/\/vieassociative.be\/actualites\/cette-infographie-presente-les-vins-par-style-et-par-gout\/","title":{"rendered":"Cette infographie pr\u00e9sente les vins par style et par go\u00fbt"},"content":{"rendered":"<p>Il existe de nombreux vins diff\u00e9rents et il peut \u00eatre difficile de d\u00e9terminer \u00e0 partir d&rsquo;une simple \u00e9tiquette ce qui pourrait vous plaire. Que vous soyez un connaisseur ou que vous souhaitiez simplement un peu d&rsquo;aide pour choisir des vins similaires \u00e0 ceux que vous aimez, cette infographie pratique pr\u00e9sente les nombreux types de vins. <\/p>\n<p>Les nombreux types de vins | Folie du vin<\/p>\n<p><em>Vie Associative\u00a0:\u00a0After Hours est un nouveau blog sur le c\u00f4t\u00e9 NSFW du piratage de la vie.<a rel=\"nofollow noopener\" href=\"https:\/\/twitter.com\/LHAfterHours\" target=\"_blank\" title=\"open in a new window\"> Suivez-nous sur Twitter ici<\/a>.<\/em><\/p>\n<p><script async src=\"https:\/\/platform.twitter.com\/widgets.js\" charset=\"utf-8\"><\/script><\/p>\n","protected":false},"excerpt":{"rendered":"<p>Il existe de nombreux vins diff\u00e9rents et il peut \u00eatre difficile de d\u00e9terminer \u00e0 partir d&rsquo;une simple \u00e9tiquette ce qui pourrait vous plaire. Que vous<\/p>\n","protected":false},"author":1,"featured_media":1797,"comment_status":"","ping_status":"","sticky":false,"template":"","format":"standard","meta":{"footnotes":""},"categories":[42],"tags":[206,2066,3432,14,676,2790,3361,3433],"class_list":["post-2697","post","type-post","status-publish","format-standard","has-post-thumbnail","hentry","category-relations","tag-cette","tag-gout","tag-infographie","tag-les","tag-par","tag-presente","tag-style","tag-vins","generate-columns","tablet-grid-50","mobile-grid-100","grid-parent","grid-33"],"yoast_head":"<!-- This site is optimized with the Yoast SEO plugin v24.0 - https:\/\/yoast.com\/wordpress\/plugins\/seo\/ -->\n<title>Cette infographie pr\u00e9sente les vins par style et par go\u00fbt | Vie Associative<\/title>\n<meta name=\"robots\" content=\"index, follow, max-snippet:-1, max-image-preview:large, max-video-preview:-1\" \/>\n<link rel=\"canonical\" href=\"https:\/\/vieassociative.be\/actualites\/cette-infographie-presente-les-vins-par-style-et-par-gout\/\" \/>\n<meta property=\"og:locale\" content=\"fr_FR\" \/>\n<meta property=\"og:type\" content=\"article\" \/>\n<meta property=\"og:title\" content=\"Cette infographie pr\u00e9sente les vins par style et par go\u00fbt | Vie Associative\" \/>\n<meta property=\"og:description\" content=\"Il existe de nombreux vins diff\u00e9rents et il peut \u00eatre difficile de d\u00e9terminer \u00e0 partir d&rsquo;une simple \u00e9tiquette ce qui pourrait vous plaire. Que vous\" \/>\n<meta property=\"og:url\" content=\"https:\/\/vieassociative.be\/actualites\/cette-infographie-presente-les-vins-par-style-et-par-gout\/\" \/>\n<meta property=\"og:site_name\" content=\"Vie Associative\" \/>\n<meta property=\"article:published_time\" content=\"2024-11-23T12:18:11+00:00\" \/>\n<meta property=\"og:image\" content=\"https:\/\/vieassociative.be\/actualites\/wp-content\/uploads\/2024\/09\/header_backgroundk-01-e1726694325946.png\" \/>\n\t<meta property=\"og:image:width\" content=\"279\" \/>\n\t<meta property=\"og:image:height\" content=\"92\" \/>\n\t<meta property=\"og:image:type\" content=\"image\/png\" \/>\n<meta name=\"author\" content=\"Julien\" \/>\n<meta name=\"twitter:card\" content=\"summary_large_image\" \/>\n<meta name=\"twitter:label1\" content=\"\u00c9crit par\" \/>\n\t<meta name=\"twitter:data1\" content=\"Julien\" \/>\n<script type=\"application\/ld+json\" class=\"yoast-schema-graph\">{\"@context\":\"https:\/\/schema.org\",\"@graph\":[{\"@type\":\"Article\",\"@id\":\"https:\/\/vieassociative.be\/actualites\/cette-infographie-presente-les-vins-par-style-et-par-gout\/#article\",\"isPartOf\":{\"@id\":\"https:\/\/vieassociative.be\/actualites\/cette-infographie-presente-les-vins-par-style-et-par-gout\/\"},\"author\":{\"name\":\"Julien\",\"@id\":\"https:\/\/vieassociative.be\/actualites\/#\/schema\/person\/b87ac4f82f9d4e7b7cec7395b679edc4\"},\"headline\":\"Cette infographie pr\u00e9sente les vins par style et par go\u00fbt\",\"datePublished\":\"2024-11-23T12:18:11+00:00\",\"dateModified\":\"2024-11-23T12:18:11+00:00\",\"mainEntityOfPage\":{\"@id\":\"https:\/\/vieassociative.be\/actualites\/cette-infographie-presente-les-vins-par-style-et-par-gout\/\"},\"wordCount\":100,\"publisher\":{\"@id\":\"https:\/\/vieassociative.be\/actualites\/#organization\"},\"image\":{\"@id\":\"https:\/\/vieassociative.be\/actualites\/cette-infographie-presente-les-vins-par-style-et-par-gout\/#primaryimage\"},\"thumbnailUrl\":\"https:\/\/vieassociative.be\/actualites\/wp-content\/uploads\/2024\/10\/Les-vibromasseurs-diminuent-ils-reellement-votre-sensibilite.png\",\"keywords\":[\"cette\",\"go\u00fbt\",\"infographie\",\"Les\",\"par\",\"pr\u00e9sente\",\"style\",\"vins\"],\"articleSection\":[\"Relations\"],\"inLanguage\":\"fr-BE\"},{\"@type\":\"WebPage\",\"@id\":\"https:\/\/vieassociative.be\/actualites\/cette-infographie-presente-les-vins-par-style-et-par-gout\/\",\"url\":\"https:\/\/vieassociative.be\/actualites\/cette-infographie-presente-les-vins-par-style-et-par-gout\/\",\"name\":\"Cette infographie pr\u00e9sente les vins par style et par go\u00fbt | Vie Associative\",\"isPartOf\":{\"@id\":\"https:\/\/vieassociative.be\/actualites\/#website\"},\"primaryImageOfPage\":{\"@id\":\"https:\/\/vieassociative.be\/actualites\/cette-infographie-presente-les-vins-par-style-et-par-gout\/#primaryimage\"},\"image\":{\"@id\":\"https:\/\/vieassociative.be\/actualites\/cette-infographie-presente-les-vins-par-style-et-par-gout\/#primaryimage\"},\"thumbnailUrl\":\"https:\/\/vieassociative.be\/actualites\/wp-content\/uploads\/2024\/10\/Les-vibromasseurs-diminuent-ils-reellement-votre-sensibilite.png\",\"datePublished\":\"2024-11-23T12:18:11+00:00\",\"dateModified\":\"2024-11-23T12:18:11+00:00\",\"breadcrumb\":{\"@id\":\"https:\/\/vieassociative.be\/actualites\/cette-infographie-presente-les-vins-par-style-et-par-gout\/#breadcrumb\"},\"inLanguage\":\"fr-BE\",\"potentialAction\":[{\"@type\":\"ReadAction\",\"target\":[\"https:\/\/vieassociative.be\/actualites\/cette-infographie-presente-les-vins-par-style-et-par-gout\/\"]}]},{\"@type\":\"ImageObject\",\"inLanguage\":\"fr-BE\",\"@id\":\"https:\/\/vieassociative.be\/actualites\/cette-infographie-presente-les-vins-par-style-et-par-gout\/#primaryimage\",\"url\":\"https:\/\/vieassociative.be\/actualites\/wp-content\/uploads\/2024\/10\/Les-vibromasseurs-diminuent-ils-reellement-votre-sensibilite.png\",\"contentUrl\":\"https:\/\/vieassociative.be\/actualites\/wp-content\/uploads\/2024\/10\/Les-vibromasseurs-diminuent-ils-reellement-votre-sensibilite.png\",\"width\":1200,\"height\":675,\"caption\":\"Les vibromasseurs diminuent-ils r\u00e9ellement votre sensibilit\u00e9 ?\"},{\"@type\":\"BreadcrumbList\",\"@id\":\"https:\/\/vieassociative.be\/actualites\/cette-infographie-presente-les-vins-par-style-et-par-gout\/#breadcrumb\",\"itemListElement\":[{\"@type\":\"ListItem\",\"position\":1,\"name\":\"Accueil\",\"item\":\"https:\/\/vieassociative.be\/actualites\/\"},{\"@type\":\"ListItem\",\"position\":2,\"name\":\"Cette infographie pr\u00e9sente les vins par style et par go\u00fbt\"}]},{\"@type\":\"WebSite\",\"@id\":\"https:\/\/vieassociative.be\/actualites\/#website\",\"url\":\"https:\/\/vieassociative.be\/actualites\/\",\"name\":\"Vie Associative\",\"description\":\"\",\"publisher\":{\"@id\":\"https:\/\/vieassociative.be\/actualites\/#organization\"},\"potentialAction\":[{\"@type\":\"SearchAction\",\"target\":{\"@type\":\"EntryPoint\",\"urlTemplate\":\"https:\/\/vieassociative.be\/actualites\/?s={search_term_string}\"},\"query-input\":{\"@type\":\"PropertyValueSpecification\",\"valueRequired\":true,\"valueName\":\"search_term_string\"}}],\"inLanguage\":\"fr-BE\"},{\"@type\":\"Organization\",\"@id\":\"https:\/\/vieassociative.be\/actualites\/#organization\",\"name\":\"Vie Associative\",\"url\":\"https:\/\/vieassociative.be\/actualites\/\",\"logo\":{\"@type\":\"ImageObject\",\"inLanguage\":\"fr-BE\",\"@id\":\"https:\/\/vieassociative.be\/actualites\/#\/schema\/logo\/image\/\",\"url\":\"https:\/\/vieassociative.be\/actualites\/wp-content\/uploads\/2024\/09\/cropped-vieassociative_favicon.ico.png\",\"contentUrl\":\"https:\/\/vieassociative.be\/actualites\/wp-content\/uploads\/2024\/09\/cropped-vieassociative_favicon.ico.png\",\"width\":512,\"height\":512,\"caption\":\"Vie Associative\"},\"image\":{\"@id\":\"https:\/\/vieassociative.be\/actualites\/#\/schema\/logo\/image\/\"}},{\"@type\":\"Person\",\"@id\":\"https:\/\/vieassociative.be\/actualites\/#\/schema\/person\/b87ac4f82f9d4e7b7cec7395b679edc4\",\"name\":\"Julien\",\"image\":{\"@type\":\"ImageObject\",\"inLanguage\":\"fr-BE\",\"@id\":\"https:\/\/vieassociative.be\/actualites\/#\/schema\/person\/image\/\",\"url\":\"https:\/\/vieassociative.be\/actualites\/wp-content\/uploads\/2024\/09\/vie-associative-1-150x150.jpg\",\"contentUrl\":\"https:\/\/vieassociative.be\/actualites\/wp-content\/uploads\/2024\/09\/vie-associative-1-150x150.jpg\",\"caption\":\"Julien\"},\"description\":\"Je suis Julien, r\u00e9dacteur pour Vie Associative. Passionn\u00e9 par le monde associatif depuis plus de 10 ans, j'ai \u00e0 c\u0153ur de partager des histoires inspirantes et de mettre en lumi\u00e8re les initiatives locales. Mon objectif est de sensibiliser et d'encourager l'engagement communautaire \u00e0 travers mes articles.\",\"sameAs\":[\"https:\/\/vieassociative.be\/\"]}]}<\/script>\n<!-- \/ Yoast SEO plugin. -->","yoast_head_json":{"title":"Cette infographie pr\u00e9sente les vins par style et par go\u00fbt | Vie Associative","robots":{"index":"index","follow":"follow","max-snippet":"max-snippet:-1","max-image-preview":"max-image-preview:large","max-video-preview":"max-video-preview:-1"},"canonical":"https:\/\/vieassociative.be\/actualites\/cette-infographie-presente-les-vins-par-style-et-par-gout\/","og_locale":"fr_FR","og_type":"article","og_title":"Cette infographie pr\u00e9sente les vins par style et par go\u00fbt | Vie Associative","og_description":"Il existe de nombreux vins diff\u00e9rents et il peut \u00eatre difficile de d\u00e9terminer \u00e0 partir d&rsquo;une simple \u00e9tiquette ce qui pourrait vous plaire. Que vous","og_url":"https:\/\/vieassociative.be\/actualites\/cette-infographie-presente-les-vins-par-style-et-par-gout\/","og_site_name":"Vie Associative","article_published_time":"2024-11-23T12:18:11+00:00","og_image":[{"width":279,"height":92,"url":"https:\/\/vieassociative.be\/actualites\/wp-content\/uploads\/2024\/09\/header_backgroundk-01-e1726694325946.png","type":"image\/png"}],"author":"Julien","twitter_card":"summary_large_image","twitter_misc":{"\u00c9crit par":"Julien"},"schema":{"@context":"https:\/\/schema.org","@graph":[{"@type":"Article","@id":"https:\/\/vieassociative.be\/actualites\/cette-infographie-presente-les-vins-par-style-et-par-gout\/#article","isPartOf":{"@id":"https:\/\/vieassociative.be\/actualites\/cette-infographie-presente-les-vins-par-style-et-par-gout\/"},"author":{"name":"Julien","@id":"https:\/\/vieassociative.be\/actualites\/#\/schema\/person\/b87ac4f82f9d4e7b7cec7395b679edc4"},"headline":"Cette infographie pr\u00e9sente les vins par style et par go\u00fbt","datePublished":"2024-11-23T12:18:11+00:00","dateModified":"2024-11-23T12:18:11+00:00","mainEntityOfPage":{"@id":"https:\/\/vieassociative.be\/actualites\/cette-infographie-presente-les-vins-par-style-et-par-gout\/"},"wordCount":100,"publisher":{"@id":"https:\/\/vieassociative.be\/actualites\/#organization"},"image":{"@id":"https:\/\/vieassociative.be\/actualites\/cette-infographie-presente-les-vins-par-style-et-par-gout\/#primaryimage"},"thumbnailUrl":"https:\/\/vieassociative.be\/actualites\/wp-content\/uploads\/2024\/10\/Les-vibromasseurs-diminuent-ils-reellement-votre-sensibilite.png","keywords":["cette","go\u00fbt","infographie","Les","par","pr\u00e9sente","style","vins"],"articleSection":["Relations"],"inLanguage":"fr-BE"},{"@type":"WebPage","@id":"https:\/\/vieassociative.be\/actualites\/cette-infographie-presente-les-vins-par-style-et-par-gout\/","url":"https:\/\/vieassociative.be\/actualites\/cette-infographie-presente-les-vins-par-style-et-par-gout\/","name":"Cette infographie pr\u00e9sente les vins par style et par go\u00fbt | Vie Associative","isPartOf":{"@id":"https:\/\/vieassociative.be\/actualites\/#website"},"primaryImageOfPage":{"@id":"https:\/\/vieassociative.be\/actualites\/cette-infographie-presente-les-vins-par-style-et-par-gout\/#primaryimage"},"image":{"@id":"https:\/\/vieassociative.be\/actualites\/cette-infographie-presente-les-vins-par-style-et-par-gout\/#primaryimage"},"thumbnailUrl":"https:\/\/vieassociative.be\/actualites\/wp-content\/uploads\/2024\/10\/Les-vibromasseurs-diminuent-ils-reellement-votre-sensibilite.png","datePublished":"2024-11-23T12:18:11+00:00","dateModified":"2024-11-23T12:18:11+00:00","breadcrumb":{"@id":"https:\/\/vieassociative.be\/actualites\/cette-infographie-presente-les-vins-par-style-et-par-gout\/#breadcrumb"},"inLanguage":"fr-BE","potentialAction":[{"@type":"ReadAction","target":["https:\/\/vieassociative.be\/actualites\/cette-infographie-presente-les-vins-par-style-et-par-gout\/"]}]},{"@type":"ImageObject","inLanguage":"fr-BE","@id":"https:\/\/vieassociative.be\/actualites\/cette-infographie-presente-les-vins-par-style-et-par-gout\/#primaryimage","url":"https:\/\/vieassociative.be\/actualites\/wp-content\/uploads\/2024\/10\/Les-vibromasseurs-diminuent-ils-reellement-votre-sensibilite.png","contentUrl":"https:\/\/vieassociative.be\/actualites\/wp-content\/uploads\/2024\/10\/Les-vibromasseurs-diminuent-ils-reellement-votre-sensibilite.png","width":1200,"height":675,"caption":"Les vibromasseurs diminuent-ils r\u00e9ellement votre sensibilit\u00e9 ?"},{"@type":"BreadcrumbList","@id":"https:\/\/vieassociative.be\/actualites\/cette-infographie-presente-les-vins-par-style-et-par-gout\/#breadcrumb","itemListElement":[{"@type":"ListItem","position":1,"name":"Accueil","item":"https:\/\/vieassociative.be\/actualites\/"},{"@type":"ListItem","position":2,"name":"Cette infographie pr\u00e9sente les vins par style et par go\u00fbt"}]},{"@type":"WebSite","@id":"https:\/\/vieassociative.be\/actualites\/#website","url":"https:\/\/vieassociative.be\/actualites\/","name":"Vie Associative","description":"","publisher":{"@id":"https:\/\/vieassociative.be\/actualites\/#organization"},"potentialAction":[{"@type":"SearchAction","target":{"@type":"EntryPoint","urlTemplate":"https:\/\/vieassociative.be\/actualites\/?s={search_term_string}"},"query-input":{"@type":"PropertyValueSpecification","valueRequired":true,"valueName":"search_term_string"}}],"inLanguage":"fr-BE"},{"@type":"Organization","@id":"https:\/\/vieassociative.be\/actualites\/#organization","name":"Vie Associative","url":"https:\/\/vieassociative.be\/actualites\/","logo":{"@type":"ImageObject","inLanguage":"fr-BE","@id":"https:\/\/vieassociative.be\/actualites\/#\/schema\/logo\/image\/","url":"https:\/\/vieassociative.be\/actualites\/wp-content\/uploads\/2024\/09\/cropped-vieassociative_favicon.ico.png","contentUrl":"https:\/\/vieassociative.be\/actualites\/wp-content\/uploads\/2024\/09\/cropped-vieassociative_favicon.ico.png","width":512,"height":512,"caption":"Vie Associative"},"image":{"@id":"https:\/\/vieassociative.be\/actualites\/#\/schema\/logo\/image\/"}},{"@type":"Person","@id":"https:\/\/vieassociative.be\/actualites\/#\/schema\/person\/b87ac4f82f9d4e7b7cec7395b679edc4","name":"Julien","image":{"@type":"ImageObject","inLanguage":"fr-BE","@id":"https:\/\/vieassociative.be\/actualites\/#\/schema\/person\/image\/","url":"https:\/\/vieassociative.be\/actualites\/wp-content\/uploads\/2024\/09\/vie-associative-1-150x150.jpg","contentUrl":"https:\/\/vieassociative.be\/actualites\/wp-content\/uploads\/2024\/09\/vie-associative-1-150x150.jpg","caption":"Julien"},"description":"Je suis Julien, r\u00e9dacteur pour Vie Associative. Passionn\u00e9 par le monde associatif depuis plus de 10 ans, j'ai \u00e0 c\u0153ur de partager des histoires inspirantes et de mettre en lumi\u00e8re les initiatives locales. Mon objectif est de sensibiliser et d'encourager l'engagement communautaire \u00e0 travers mes articles.","sameAs":["https:\/\/vieassociative.be\/"]}]}},"_links":{"self":[{"href":"https:\/\/vieassociative.be\/actualites\/wp-json\/wp\/v2\/posts\/2697"}],"collection":[{"href":"https:\/\/vieassociative.be\/actualites\/wp-json\/wp\/v2\/posts"}],"about":[{"href":"https:\/\/vieassociative.be\/actualites\/wp-json\/wp\/v2\/types\/post"}],"author":[{"embeddable":true,"href":"https:\/\/vieassociative.be\/actualites\/wp-json\/wp\/v2\/users\/1"}],"replies":[{"embeddable":true,"href":"https:\/\/vieassociative.be\/actualites\/wp-json\/wp\/v2\/comments?post=2697"}],"version-history":[{"count":0,"href":"https:\/\/vieassociative.be\/actualites\/wp-json\/wp\/v2\/posts\/2697\/revisions"}],"wp:featuredmedia":[{"embeddable":true,"href":"https:\/\/vieassociative.be\/actualites\/wp-json\/wp\/v2\/media\/1797"}],"wp:attachment":[{"href":"https:\/\/vieassociative.be\/actualites\/wp-json\/wp\/v2\/media?parent=2697"}],"wp:term":[{"taxonomy":"category","embeddable":true,"href":"https:\/\/vieassociative.be\/actualites\/wp-json\/wp\/v2\/categories?post=2697"},{"taxonomy":"post_tag","embeddable":true,"href":"https:\/\/vieassociative.be\/actualites\/wp-json\/wp\/v2\/tags?post=2697"}],"curies":[{"name":"wp","href":"https:\/\/api.w.org\/{rel}","templated":true}]}}