{"id":269,"date":"2024-09-21T17:36:04","date_gmt":"2024-09-21T15:36:04","guid":{"rendered":"https:\/\/vieassociative.be\/actualites\/les-belges-konig-wurde-lang-unterschatzt-puis-kam-die-wende\/"},"modified":"2024-09-21T17:36:06","modified_gmt":"2024-09-21T15:36:06","slug":"les-belges-konig-wurde-lang-unterschatzt-puis-kam-die-wende","status":"publish","type":"post","link":"https:\/\/vieassociative.be\/actualites\/les-belges-konig-wurde-lang-unterschatzt-puis-kam-die-wende\/","title":{"rendered":"Les Belges K\u00f6nig wurde lang untersch\u00e4tzt \u2013 puis kam die Wende"},"content":{"rendered":"<p><\/p>\n<p class=\"font-sans font-medium\">  Cela ressemble \u00e0 zu ch\u00fcchtern f\u00fcr den Thron, mais nonn \u00fcberzeugt er : Les Belges, le roi Philippe kommt nach Deutschland \u2013 avec un ordre du jour plus clair.<\/p>\n<aside class=\"h-ad-280+text lg:h-0 \" data-slot-id=\"pos1_sm\" data-breakpoint=\"sm\" data-hide-ad-text=\"false\" data-module-id=\"SparkAdSlotModule\"><\/aside>\n<p>Il y aurait beaucoup de timidit\u00e9 et d\u2019inconfort, et ils deviendraient roi. Il est encore temps \u00e0 Anlauf mais pas non plus sur le Tr\u00f4ne. Dans cette femme, je vais venir <strong>K\u00f6nig Philippe belge<\/strong> zum first Staatsbesuch nach Deutschland. Le pr\u00e9sident du Parlement Frank-Walter Steinmeier et le conseiller f\u00e9d\u00e9ral Olaf Scholz s&#8217;emparent d&rsquo;un monarque ungew\u00f6hnlichen, les fans des rois de l&rsquo;Europe auf besondere Weise fasciniert : Philippe de Belgique est le roi le plus facile de l&rsquo;Europe. On dit qu\u2019il est aussi possible de vivre une bonne exp\u00e9rience.<\/p>\n<p>En Allemagne, le roi de Belgique et le roi Mathilde \u00e9taient \u00e9galement pr\u00e9sents<strong> Staatsbesuch<\/strong> plus efficace. A Berlin, ils sont pr\u00e9sents au service militaire et au personnel militaire du Staatsbanett im Schloss Bellevue. Le Gang durchs Brandenburger Tor avec le Regierenden B\u00fcrgermeister Kai Wegner et l&rsquo;Empfang dans le Bundeskanzleramt stehen sobenso auf dem Programm wie am Donnerstag ein Besuch von Frauenkirche et Weihnachtsmarkt \u00e0 Dresde .<\/p>\n<style>\n<p>          .kaltura-player-container { position\u00a0: absolue\u00a0; } .playkit-ads-container iframe { position\u00a0: absolue\u00a0; pic : 0 ; gauche : 0 ; largeur : 100 % ; hauteur : 100 % ; }\n        <\/style>\n<div id=\"piano-banner-kampagne\" class=\"mb-4 block\"><\/div>\n<div id=\"piano-reco-widget\" class=\"mb-4 block\"><\/div>\n<p>Philippes Beiiteren beiiteren Terminen dor\u00e9 guten Beispielen pour le travail \u00e9conomique en Belgique et en Allemagne, etwa im <strong>Secteur de l&rsquo;\u00e9nergie<\/strong> et la micro\u00e9lectronique. Der Besuch w\u00fcrdige die valf\u00e4ltigen Verbindungenbother L\u00e4nder: von der wirtschaftlichen Coop\u00e9ration \u00fcber die Zusammenarbeit bei der Energiewende bis hin zum kulturellen Austausch, hei\u00dft es im Bundespr\u00e4sidialamt. Avec Steinmeier versteht sich der 63-J\u00e4hrige gut, les deux ont \u00e9t\u00e9 mieux affect\u00e9s par eux-m\u00eames.<\/p>\n<p><!-- opinary --><\/p>\n<div class=\"w-full bg-background-100\">\n<div id=\"opinary-automation-placeholder\" class=\"w-full\"><\/div>\n<\/p><\/div>\n<h3>La gentillesse de Philippe dans la famille royale<\/h3>\n<p>Si tout renaissait dans la vie des invit\u00e9s d\u2019\u00c9tat de la Maison de Saxe-Cobourg et Gotha, le programme serait absous ainsi que le service des monarques d\u2019Europe. Philippe a sa propre personnalit\u00e9 en 1993, le Tr\u00f4ne est le meilleur, apr\u00e8s les Tod seines Onkels \u2013 des beliebten, aber kinderlosen <strong>K\u00f6nigs Baudouin<\/strong>. Les Junge \u00e9taient toujours vivants pendant leur vie dans l&rsquo;environnement de l&rsquo;Obhut Baudouin, avec leurs loisirs Eltern Albert et Paola \u00e9taient pendant une longue p\u00e9riode et toutes sortes d&rsquo;\u00e9v\u00e9nements. Ces probl\u00e8mes de sant\u00e9 mentale \u00e9taient en soi une chute pour les travailleurs sociaux du secteur de l&rsquo;aide \u00e0 la jeunesse, avec l&rsquo;aide du p\u00e9dopsychiatre belge Peter Adriaenssens dans un TV-K\u00f6nigsdoku.<\/p>\n<p>Baudouin d\u00e9testait Philippe en tant que partisan du tr\u00f4ne. Aber als sein Ziehvater starb, hie\u00df es pl\u00f6tzlich, der damals 33-J\u00e4hrige sei f\u00fcr die reprsentative Aufgabe ungeeignet: zu sch\u00fcchtern, zu scheu, <strong>zu h\u00f6lzern<\/strong>petit \u00e9lan de la raison &#8211; et les fiers \u00e9tudiants en sciences politiques des meilleures universit\u00e9s d&rsquo;Oxford et de Stanford. Bei \u00f6ffentlichen Auftreizen geriet Philippe Schnell ins Stottern. \u00ab\u00a0Er kann es nicht\u00a0\u00bb, lautete das Urteil. Zeitweise kursierten sogar Autismus-Ger\u00fcchte.<\/p>\n<aside class=\"h-ad-600+text lg:h-0 \" data-slot-id=\"pos2_sm\" data-breakpoint=\"sm\" data-hide-ad-text=\"false\" data-module-id=\"SparkAdSlotModule\"><\/aside>\n<p>Deshalb donc, mais toujours heureux de la vie P\u00e8re Albert, ses gleicherma\u00dfen gern avec de belles femmes et des motos rapides, auf den Thron et restent en vie de leur vivant. Si <strong>Albert II.<\/strong> 2013 en bonne sant\u00e9, Gr\u00fcnden abdankte, die Zweifel an Philippe nicht schwunden. Chaque jour, en Belgique, vous \u00eates plus clair sur votre environnement, mais \u00e0 mon avis, vous vous portez mieux. Mais Philippe a aussi dit qu&rsquo;il profiterait du temps, pour pouvoir avoir une journ\u00e9e portes ouvertes. Au service de la Wirtschaft belge, il travaille en Ausland f\u00fcr heimische Unternehmen. <\/p>\n<h3>Belges K\u00f6nig Philippe: Das ist seine gr\u00f6\u00dfte Aufgabe<\/h3>\n<p>Les Zweitens d\u00e9testaient la noblesse belge d&rsquo;origine <strong>Mathilde<\/strong> d&rsquo;Udekem d&rsquo;Acoz geheiratet, qui, \u00e0 mon avis, est aussi forte que Frau zur Seite, sans aucun doute dans le Vordergrund zu play : Die Logop\u00e4din und Diplom-Psychologin est diff\u00e9rent de Philippe charmant et zugewandt, c&rsquo;est pourquoi ils sont si silencieux qui est cette britannique Herzogin Kate. Ensemble, nous travaillons sur quelques bonnes conditions et soins. Ainsi gewann Philippe Selbstsicherheit. La suite Mangel an Charisma Power of the King dit zur St\u00e4rke : Statt avec glamour\u00f6ser Inszenierung aufzutrumpfen, r\u00e9sout avec ruhiger Hand Probleme.<\/p>\n<p>Et les probl\u00e8mes dont Philippe profite : La situation actuelle est telle que le Royaume belge est divis\u00e9 en trois r\u00e9gions (Flandre, Wallonie, Bruxelles) et trois gouvernements r\u00e9gionaux (Fl\u00e4misch, Franz\u00f6sisch, Deutsch) et d&rsquo;autres r\u00e9gions. Si nous avons une entente compl\u00e8te et un cadre de vie au Nord, il y a une tendance \u00e0 la s\u00e9paration, le contr\u00f4le de la situation est extr\u00eamement long \u2013 si le Roi arrive \u00e0 sa fin, il doit y avoir un \u00e9tat fragile dans lequel ils sont pr\u00e9sents. Zum Staatsbesuch wird Philipp deshalb nicht nur von der <strong>Regierung belge<\/strong> en personne du Ministre des Affaires \u00e9trang\u00e8res, notamment des Spitzen des trois R\u00e9gions et de la Sprachgemeinschaft allemande.<\/p>\n<p><!-- Taboola Container --><\/p>\n<aside class=\" w-full\" data-module-id=\"TaboolaContainerModule\" data-container-id=\"taboola-article-mid-article\" data-mode=\"thumbnails-a\" data-target-type=\"mix\" data-is-mid-article=\"true\" data-variant=\"mid-article\" data-gallery-number=\"undefined\">\n<div id=\"taboola-article-mid-article\"><\/div>\n<\/aside>\n<p>Le roi est toujours vivant, derri\u00e8re les piliers pour \u00e9viter la stabilit\u00e9 et le chaos, c&rsquo;\u00e9tait, \u00e0 mon avis, le cas de la Belgique. Il y a eu beaucoup de travail depuis, le chapitre le plus mince de l&rsquo;histoire du travail belge : depuis le d\u00e9but des ann\u00e9es 1960 <strong>L\u2019\u00e9poque coloniale belge au Congo<\/strong> il n&rsquo;y a aucun probl\u00e8me avec l&rsquo;impression de Bedauern. Signal Vorfahre L\u00e9opold II. hatte das Land im 19. Jahrhundert als Privatbesitz beschlagnahmt et gnadenlos ausgepl\u00fcndert, Millionen Einheimische wurden get\u00f6tet or malhandledt.<\/p>\n<h3>Pl\u00f6tzlich hatte K\u00f6nig Philippe eine Halbschwester<\/h3>\n<p>Philippe a \u00e9galement apport\u00e9 avec lui le geste de son fr\u00e8re sup\u00e9rieur Patrice Lumumba, premier Premier ministre de la R\u00e9publique du Congo, et de sa famille apr\u00e8s l&rsquo;Afrique. Der als Volksheld gefeierte <strong>Lumumba<\/strong> La guerre de 1961 a \u00e9t\u00e9 d\u00e9clench\u00e9e, la torture sous ermordet \u2013 avec le soutien de la Belgique et des services secrets am\u00e9ricains de la CIA. Seine in S\u00e4ure aufgel\u00f6ste Leiche n&rsquo;a pas \u00e9t\u00e9 fond\u00e9e, \u00fcbrig blieb nur a Goldzahn, qui est en fait un poliziste belge comme Troph\u00e9e du monde re\u00e7u et pris en soi.<\/p>\n<aside class=\"h-ad-280+text lg:h-0 \" data-slot-id=\"pos3_sm\" data-breakpoint=\"sm\" data-hide-ad-text=\"false\" data-module-id=\"SparkAdSlotModule\"><\/aside>\n<p>Les Einlenken des K\u00f6nigs seront dans la R\u00e9publique Kongo comme Durchbruch gew\u00fcrdigt, nachdemdem de belgisch Staat velde Jahrzehnte versuchte, \u00fcber die fr\u00fcheren <strong>Colonialbrechen<\/strong> den Mantel des Schweigens auszubreiten. Nous aimerions vous en dire davantage sur l&rsquo;histoire coloniale des Allemands &#8211; pas encore si brutale -, sur leurs pr\u00e9sidents f\u00e9d\u00e9raux et chanceliers pr\u00e9sents. Thema est discut\u00e9 avec Philippe.<\/p>\n<p>L&rsquo;histoire diplomatique du roi se d\u00e9roule toujours dans sa propre famille : Vorg\u00e4nger Albert II. Nous avons eu une longue liaison avec la baronine Sybille de S\u00e9lys Longchamps en fille insatisfaite, qui y a longtemps v\u00e9cu. D\u2019abord et avant tout en 2019 <strong>Test ADN<\/strong> s&rsquo;amusait, \u00e9tait libre de faire la f\u00eate, car le p\u00e8re de l&rsquo;artiste Delphine Bo\u00ebl \u00e9tait en guerre &#8211; et Philippe avait aussi une demi-journ\u00e9e de repas. La famille royale a r\u00e9agi avec respect, tandis que Delphine \u00e9tait au ch\u00e2teau, perdait son titre de princesse et retrouvait sa famille, les Belges \u00e9taient toujours contents de leurs tr\u00e9sors.<\/p>\n<aside class=\"h-ad-280+text lg:h-0 \" data-slot-id=\"pos4_sm\" data-breakpoint=\"sm\" data-hide-ad-text=\"false\" data-module-id=\"SparkAdSlotModule\"><\/aside>\n<p>Queen vivra dans un Halbschwester sans plus. Officiel <strong>Thronfolg\u00e9rine<\/strong> est Elisabeth, la premi\u00e8re des quatre enfants de Philippe et Mathilde. Apr\u00e8s 22 ans d&rsquo;exp\u00e9rience, vous pourrez vivre votre avenir de Roi et savoir que votre pays sera le v\u00f4tre. Si tel est le cas, vous serez le premier Roi de l&rsquo;Histoire de la Belgique. Le Wechsel d\u00fcrfte dann schon im firsten Anlauf clap.<\/p>\n","protected":false},"excerpt":{"rendered":"<p>Cela ressemble \u00e0 zu ch\u00fcchtern f\u00fcr den Thron, mais nonn \u00fcberzeugt er : Les Belges, le roi Philippe kommt nach Deutschland \u2013 avec un ordre<\/p>\n","protected":false},"author":1,"featured_media":270,"comment_status":"closed","ping_status":"","sticky":false,"template":"","format":"standard","meta":{"footnotes":""},"categories":[298],"tags":[397,404,403,398,400,14,402,401,405,399],"class_list":["post-269","post","type-post","status-publish","format-standard","has-post-thumbnail","hentry","category-belgique","tag-belges","tag-die","tag-kam","tag-konig","tag-lang","tag-les","tag-puis","tag-unterschatzt","tag-wende","tag-wurde","generate-columns","tablet-grid-50","mobile-grid-100","grid-parent","grid-33"],"yoast_head":"<!-- This site is optimized with the Yoast SEO plugin v24.0 - https:\/\/yoast.com\/wordpress\/plugins\/seo\/ -->\n<title>Les Belges K\u00f6nig wurde lang untersch\u00e4tzt \u2013 puis kam die Wende | Vie Associative<\/title>\n<meta name=\"robots\" content=\"index, follow, max-snippet:-1, max-image-preview:large, max-video-preview:-1\" \/>\n<link rel=\"canonical\" href=\"https:\/\/vieassociative.be\/actualites\/les-belges-konig-wurde-lang-unterschatzt-puis-kam-die-wende\/\" \/>\n<meta property=\"og:locale\" content=\"fr_FR\" \/>\n<meta property=\"og:type\" content=\"article\" \/>\n<meta property=\"og:title\" content=\"Les Belges K\u00f6nig wurde lang untersch\u00e4tzt \u2013 puis kam die Wende | Vie Associative\" \/>\n<meta property=\"og:description\" content=\"Cela ressemble \u00e0 zu ch\u00fcchtern f\u00fcr den Thron, mais nonn \u00fcberzeugt er : Les Belges, le roi Philippe kommt nach Deutschland \u2013 avec un ordre\" \/>\n<meta property=\"og:url\" content=\"https:\/\/vieassociative.be\/actualites\/les-belges-konig-wurde-lang-unterschatzt-puis-kam-die-wende\/\" \/>\n<meta property=\"og:site_name\" content=\"Vie Associative\" \/>\n<meta property=\"article:published_time\" content=\"2024-09-21T15:36:04+00:00\" \/>\n<meta property=\"article:modified_time\" content=\"2024-09-21T15:36:06+00:00\" \/>\n<meta property=\"og:image\" content=\"https:\/\/vieassociative.be\/actualites\/wp-content\/uploads\/2024\/09\/1726932964_Les-Belges-Konig-wurde-lang-unterschatzt-\u2013-puis-kam-die.jpeg\" \/>\n\t<meta property=\"og:image:width\" content=\"1600\" \/>\n\t<meta property=\"og:image:height\" content=\"900\" \/>\n\t<meta property=\"og:image:type\" content=\"image\/jpeg\" \/>\n<meta name=\"author\" content=\"Julien\" \/>\n<meta name=\"twitter:card\" content=\"summary_large_image\" \/>\n<meta name=\"twitter:label1\" content=\"\u00c9crit par\" \/>\n\t<meta name=\"twitter:data1\" content=\"Julien\" \/>\n\t<meta name=\"twitter:label2\" content=\"Dur\u00e9e de lecture est.\" \/>\n\t<meta name=\"twitter:data2\" content=\"6 minutes\" \/>\n<script type=\"application\/ld+json\" class=\"yoast-schema-graph\">{\"@context\":\"https:\/\/schema.org\",\"@graph\":[{\"@type\":\"Article\",\"@id\":\"https:\/\/vieassociative.be\/actualites\/les-belges-konig-wurde-lang-unterschatzt-puis-kam-die-wende\/#article\",\"isPartOf\":{\"@id\":\"https:\/\/vieassociative.be\/actualites\/les-belges-konig-wurde-lang-unterschatzt-puis-kam-die-wende\/\"},\"author\":{\"name\":\"Julien\",\"@id\":\"https:\/\/vieassociative.be\/actualites\/#\/schema\/person\/b87ac4f82f9d4e7b7cec7395b679edc4\"},\"headline\":\"Les Belges K\u00f6nig wurde lang untersch\u00e4tzt \u2013 puis kam die Wende\",\"datePublished\":\"2024-09-21T15:36:04+00:00\",\"dateModified\":\"2024-09-21T15:36:06+00:00\",\"mainEntityOfPage\":{\"@id\":\"https:\/\/vieassociative.be\/actualites\/les-belges-konig-wurde-lang-unterschatzt-puis-kam-die-wende\/\"},\"wordCount\":1273,\"publisher\":{\"@id\":\"https:\/\/vieassociative.be\/actualites\/#organization\"},\"image\":{\"@id\":\"https:\/\/vieassociative.be\/actualites\/les-belges-konig-wurde-lang-unterschatzt-puis-kam-die-wende\/#primaryimage\"},\"thumbnailUrl\":\"https:\/\/vieassociative.be\/actualites\/wp-content\/uploads\/2024\/09\/1726932964_Les-Belges-Konig-wurde-lang-unterschatzt-\u2013-puis-kam-die.jpeg\",\"keywords\":[\"Belges\",\"die\",\"kam\",\"K\u00f6nig\",\"lang\",\"Les\",\"puis\",\"untersch\u00e4tzt\",\"Wende\",\"wurde\"],\"articleSection\":[\"Belgique\"],\"inLanguage\":\"fr-BE\"},{\"@type\":\"WebPage\",\"@id\":\"https:\/\/vieassociative.be\/actualites\/les-belges-konig-wurde-lang-unterschatzt-puis-kam-die-wende\/\",\"url\":\"https:\/\/vieassociative.be\/actualites\/les-belges-konig-wurde-lang-unterschatzt-puis-kam-die-wende\/\",\"name\":\"Les Belges K\u00f6nig wurde lang untersch\u00e4tzt \u2013 puis kam die Wende | Vie Associative\",\"isPartOf\":{\"@id\":\"https:\/\/vieassociative.be\/actualites\/#website\"},\"primaryImageOfPage\":{\"@id\":\"https:\/\/vieassociative.be\/actualites\/les-belges-konig-wurde-lang-unterschatzt-puis-kam-die-wende\/#primaryimage\"},\"image\":{\"@id\":\"https:\/\/vieassociative.be\/actualites\/les-belges-konig-wurde-lang-unterschatzt-puis-kam-die-wende\/#primaryimage\"},\"thumbnailUrl\":\"https:\/\/vieassociative.be\/actualites\/wp-content\/uploads\/2024\/09\/1726932964_Les-Belges-Konig-wurde-lang-unterschatzt-\u2013-puis-kam-die.jpeg\",\"datePublished\":\"2024-09-21T15:36:04+00:00\",\"dateModified\":\"2024-09-21T15:36:06+00:00\",\"breadcrumb\":{\"@id\":\"https:\/\/vieassociative.be\/actualites\/les-belges-konig-wurde-lang-unterschatzt-puis-kam-die-wende\/#breadcrumb\"},\"inLanguage\":\"fr-BE\",\"potentialAction\":[{\"@type\":\"ReadAction\",\"target\":[\"https:\/\/vieassociative.be\/actualites\/les-belges-konig-wurde-lang-unterschatzt-puis-kam-die-wende\/\"]}]},{\"@type\":\"ImageObject\",\"inLanguage\":\"fr-BE\",\"@id\":\"https:\/\/vieassociative.be\/actualites\/les-belges-konig-wurde-lang-unterschatzt-puis-kam-die-wende\/#primaryimage\",\"url\":\"https:\/\/vieassociative.be\/actualites\/wp-content\/uploads\/2024\/09\/1726932964_Les-Belges-Konig-wurde-lang-unterschatzt-\u2013-puis-kam-die.jpeg\",\"contentUrl\":\"https:\/\/vieassociative.be\/actualites\/wp-content\/uploads\/2024\/09\/1726932964_Les-Belges-Konig-wurde-lang-unterschatzt-\u2013-puis-kam-die.jpeg\",\"width\":1600,\"height\":900,\"caption\":\"Les Belges K\u00f6nig wurde lang untersch\u00e4tzt \u2013 puis kam die Wende\"},{\"@type\":\"BreadcrumbList\",\"@id\":\"https:\/\/vieassociative.be\/actualites\/les-belges-konig-wurde-lang-unterschatzt-puis-kam-die-wende\/#breadcrumb\",\"itemListElement\":[{\"@type\":\"ListItem\",\"position\":1,\"name\":\"Accueil\",\"item\":\"https:\/\/vieassociative.be\/actualites\/\"},{\"@type\":\"ListItem\",\"position\":2,\"name\":\"Les Belges K\u00f6nig wurde lang untersch\u00e4tzt \u2013 puis kam die Wende\"}]},{\"@type\":\"WebSite\",\"@id\":\"https:\/\/vieassociative.be\/actualites\/#website\",\"url\":\"https:\/\/vieassociative.be\/actualites\/\",\"name\":\"Vie Associative\",\"description\":\"\",\"publisher\":{\"@id\":\"https:\/\/vieassociative.be\/actualites\/#organization\"},\"potentialAction\":[{\"@type\":\"SearchAction\",\"target\":{\"@type\":\"EntryPoint\",\"urlTemplate\":\"https:\/\/vieassociative.be\/actualites\/?s={search_term_string}\"},\"query-input\":{\"@type\":\"PropertyValueSpecification\",\"valueRequired\":true,\"valueName\":\"search_term_string\"}}],\"inLanguage\":\"fr-BE\"},{\"@type\":\"Organization\",\"@id\":\"https:\/\/vieassociative.be\/actualites\/#organization\",\"name\":\"Vie Associative\",\"url\":\"https:\/\/vieassociative.be\/actualites\/\",\"logo\":{\"@type\":\"ImageObject\",\"inLanguage\":\"fr-BE\",\"@id\":\"https:\/\/vieassociative.be\/actualites\/#\/schema\/logo\/image\/\",\"url\":\"https:\/\/vieassociative.be\/actualites\/wp-content\/uploads\/2024\/09\/cropped-vieassociative_favicon.ico.png\",\"contentUrl\":\"https:\/\/vieassociative.be\/actualites\/wp-content\/uploads\/2024\/09\/cropped-vieassociative_favicon.ico.png\",\"width\":512,\"height\":512,\"caption\":\"Vie Associative\"},\"image\":{\"@id\":\"https:\/\/vieassociative.be\/actualites\/#\/schema\/logo\/image\/\"}},{\"@type\":\"Person\",\"@id\":\"https:\/\/vieassociative.be\/actualites\/#\/schema\/person\/b87ac4f82f9d4e7b7cec7395b679edc4\",\"name\":\"Julien\",\"image\":{\"@type\":\"ImageObject\",\"inLanguage\":\"fr-BE\",\"@id\":\"https:\/\/vieassociative.be\/actualites\/#\/schema\/person\/image\/\",\"url\":\"https:\/\/vieassociative.be\/actualites\/wp-content\/uploads\/2024\/09\/vie-associative-1-150x150.jpg\",\"contentUrl\":\"https:\/\/vieassociative.be\/actualites\/wp-content\/uploads\/2024\/09\/vie-associative-1-150x150.jpg\",\"caption\":\"Julien\"},\"description\":\"Je suis Julien, r\u00e9dacteur pour Vie Associative. Passionn\u00e9 par le monde associatif depuis plus de 10 ans, j'ai \u00e0 c\u0153ur de partager des histoires inspirantes et de mettre en lumi\u00e8re les initiatives locales. Mon objectif est de sensibiliser et d'encourager l'engagement communautaire \u00e0 travers mes articles.\",\"sameAs\":[\"https:\/\/vieassociative.be\/\"]}]}<\/script>\n<!-- \/ Yoast SEO plugin. -->","yoast_head_json":{"title":"Les Belges K\u00f6nig wurde lang untersch\u00e4tzt \u2013 puis kam die Wende | Vie Associative","robots":{"index":"index","follow":"follow","max-snippet":"max-snippet:-1","max-image-preview":"max-image-preview:large","max-video-preview":"max-video-preview:-1"},"canonical":"https:\/\/vieassociative.be\/actualites\/les-belges-konig-wurde-lang-unterschatzt-puis-kam-die-wende\/","og_locale":"fr_FR","og_type":"article","og_title":"Les Belges K\u00f6nig wurde lang untersch\u00e4tzt \u2013 puis kam die Wende | Vie Associative","og_description":"Cela ressemble \u00e0 zu ch\u00fcchtern f\u00fcr den Thron, mais nonn \u00fcberzeugt er : Les Belges, le roi Philippe kommt nach Deutschland \u2013 avec un ordre","og_url":"https:\/\/vieassociative.be\/actualites\/les-belges-konig-wurde-lang-unterschatzt-puis-kam-die-wende\/","og_site_name":"Vie Associative","article_published_time":"2024-09-21T15:36:04+00:00","article_modified_time":"2024-09-21T15:36:06+00:00","og_image":[{"width":1600,"height":900,"url":"https:\/\/vieassociative.be\/actualites\/wp-content\/uploads\/2024\/09\/1726932964_Les-Belges-Konig-wurde-lang-unterschatzt-\u2013-puis-kam-die.jpeg","type":"image\/jpeg"}],"author":"Julien","twitter_card":"summary_large_image","twitter_misc":{"\u00c9crit par":"Julien","Dur\u00e9e de lecture est.":"6 minutes"},"schema":{"@context":"https:\/\/schema.org","@graph":[{"@type":"Article","@id":"https:\/\/vieassociative.be\/actualites\/les-belges-konig-wurde-lang-unterschatzt-puis-kam-die-wende\/#article","isPartOf":{"@id":"https:\/\/vieassociative.be\/actualites\/les-belges-konig-wurde-lang-unterschatzt-puis-kam-die-wende\/"},"author":{"name":"Julien","@id":"https:\/\/vieassociative.be\/actualites\/#\/schema\/person\/b87ac4f82f9d4e7b7cec7395b679edc4"},"headline":"Les Belges K\u00f6nig wurde lang untersch\u00e4tzt \u2013 puis kam die Wende","datePublished":"2024-09-21T15:36:04+00:00","dateModified":"2024-09-21T15:36:06+00:00","mainEntityOfPage":{"@id":"https:\/\/vieassociative.be\/actualites\/les-belges-konig-wurde-lang-unterschatzt-puis-kam-die-wende\/"},"wordCount":1273,"publisher":{"@id":"https:\/\/vieassociative.be\/actualites\/#organization"},"image":{"@id":"https:\/\/vieassociative.be\/actualites\/les-belges-konig-wurde-lang-unterschatzt-puis-kam-die-wende\/#primaryimage"},"thumbnailUrl":"https:\/\/vieassociative.be\/actualites\/wp-content\/uploads\/2024\/09\/1726932964_Les-Belges-Konig-wurde-lang-unterschatzt-\u2013-puis-kam-die.jpeg","keywords":["Belges","die","kam","K\u00f6nig","lang","Les","puis","untersch\u00e4tzt","Wende","wurde"],"articleSection":["Belgique"],"inLanguage":"fr-BE"},{"@type":"WebPage","@id":"https:\/\/vieassociative.be\/actualites\/les-belges-konig-wurde-lang-unterschatzt-puis-kam-die-wende\/","url":"https:\/\/vieassociative.be\/actualites\/les-belges-konig-wurde-lang-unterschatzt-puis-kam-die-wende\/","name":"Les Belges K\u00f6nig wurde lang untersch\u00e4tzt \u2013 puis kam die Wende | Vie Associative","isPartOf":{"@id":"https:\/\/vieassociative.be\/actualites\/#website"},"primaryImageOfPage":{"@id":"https:\/\/vieassociative.be\/actualites\/les-belges-konig-wurde-lang-unterschatzt-puis-kam-die-wende\/#primaryimage"},"image":{"@id":"https:\/\/vieassociative.be\/actualites\/les-belges-konig-wurde-lang-unterschatzt-puis-kam-die-wende\/#primaryimage"},"thumbnailUrl":"https:\/\/vieassociative.be\/actualites\/wp-content\/uploads\/2024\/09\/1726932964_Les-Belges-Konig-wurde-lang-unterschatzt-\u2013-puis-kam-die.jpeg","datePublished":"2024-09-21T15:36:04+00:00","dateModified":"2024-09-21T15:36:06+00:00","breadcrumb":{"@id":"https:\/\/vieassociative.be\/actualites\/les-belges-konig-wurde-lang-unterschatzt-puis-kam-die-wende\/#breadcrumb"},"inLanguage":"fr-BE","potentialAction":[{"@type":"ReadAction","target":["https:\/\/vieassociative.be\/actualites\/les-belges-konig-wurde-lang-unterschatzt-puis-kam-die-wende\/"]}]},{"@type":"ImageObject","inLanguage":"fr-BE","@id":"https:\/\/vieassociative.be\/actualites\/les-belges-konig-wurde-lang-unterschatzt-puis-kam-die-wende\/#primaryimage","url":"https:\/\/vieassociative.be\/actualites\/wp-content\/uploads\/2024\/09\/1726932964_Les-Belges-Konig-wurde-lang-unterschatzt-\u2013-puis-kam-die.jpeg","contentUrl":"https:\/\/vieassociative.be\/actualites\/wp-content\/uploads\/2024\/09\/1726932964_Les-Belges-Konig-wurde-lang-unterschatzt-\u2013-puis-kam-die.jpeg","width":1600,"height":900,"caption":"Les Belges K\u00f6nig wurde lang untersch\u00e4tzt \u2013 puis kam die Wende"},{"@type":"BreadcrumbList","@id":"https:\/\/vieassociative.be\/actualites\/les-belges-konig-wurde-lang-unterschatzt-puis-kam-die-wende\/#breadcrumb","itemListElement":[{"@type":"ListItem","position":1,"name":"Accueil","item":"https:\/\/vieassociative.be\/actualites\/"},{"@type":"ListItem","position":2,"name":"Les Belges K\u00f6nig wurde lang untersch\u00e4tzt \u2013 puis kam die Wende"}]},{"@type":"WebSite","@id":"https:\/\/vieassociative.be\/actualites\/#website","url":"https:\/\/vieassociative.be\/actualites\/","name":"Vie Associative","description":"","publisher":{"@id":"https:\/\/vieassociative.be\/actualites\/#organization"},"potentialAction":[{"@type":"SearchAction","target":{"@type":"EntryPoint","urlTemplate":"https:\/\/vieassociative.be\/actualites\/?s={search_term_string}"},"query-input":{"@type":"PropertyValueSpecification","valueRequired":true,"valueName":"search_term_string"}}],"inLanguage":"fr-BE"},{"@type":"Organization","@id":"https:\/\/vieassociative.be\/actualites\/#organization","name":"Vie Associative","url":"https:\/\/vieassociative.be\/actualites\/","logo":{"@type":"ImageObject","inLanguage":"fr-BE","@id":"https:\/\/vieassociative.be\/actualites\/#\/schema\/logo\/image\/","url":"https:\/\/vieassociative.be\/actualites\/wp-content\/uploads\/2024\/09\/cropped-vieassociative_favicon.ico.png","contentUrl":"https:\/\/vieassociative.be\/actualites\/wp-content\/uploads\/2024\/09\/cropped-vieassociative_favicon.ico.png","width":512,"height":512,"caption":"Vie Associative"},"image":{"@id":"https:\/\/vieassociative.be\/actualites\/#\/schema\/logo\/image\/"}},{"@type":"Person","@id":"https:\/\/vieassociative.be\/actualites\/#\/schema\/person\/b87ac4f82f9d4e7b7cec7395b679edc4","name":"Julien","image":{"@type":"ImageObject","inLanguage":"fr-BE","@id":"https:\/\/vieassociative.be\/actualites\/#\/schema\/person\/image\/","url":"https:\/\/vieassociative.be\/actualites\/wp-content\/uploads\/2024\/09\/vie-associative-1-150x150.jpg","contentUrl":"https:\/\/vieassociative.be\/actualites\/wp-content\/uploads\/2024\/09\/vie-associative-1-150x150.jpg","caption":"Julien"},"description":"Je suis Julien, r\u00e9dacteur pour Vie Associative. Passionn\u00e9 par le monde associatif depuis plus de 10 ans, j'ai \u00e0 c\u0153ur de partager des histoires inspirantes et de mettre en lumi\u00e8re les initiatives locales. Mon objectif est de sensibiliser et d'encourager l'engagement communautaire \u00e0 travers mes articles.","sameAs":["https:\/\/vieassociative.be\/"]}]}},"_links":{"self":[{"href":"https:\/\/vieassociative.be\/actualites\/wp-json\/wp\/v2\/posts\/269"}],"collection":[{"href":"https:\/\/vieassociative.be\/actualites\/wp-json\/wp\/v2\/posts"}],"about":[{"href":"https:\/\/vieassociative.be\/actualites\/wp-json\/wp\/v2\/types\/post"}],"author":[{"embeddable":true,"href":"https:\/\/vieassociative.be\/actualites\/wp-json\/wp\/v2\/users\/1"}],"replies":[{"embeddable":true,"href":"https:\/\/vieassociative.be\/actualites\/wp-json\/wp\/v2\/comments?post=269"}],"version-history":[{"count":1,"href":"https:\/\/vieassociative.be\/actualites\/wp-json\/wp\/v2\/posts\/269\/revisions"}],"predecessor-version":[{"id":271,"href":"https:\/\/vieassociative.be\/actualites\/wp-json\/wp\/v2\/posts\/269\/revisions\/271"}],"wp:featuredmedia":[{"embeddable":true,"href":"https:\/\/vieassociative.be\/actualites\/wp-json\/wp\/v2\/media\/270"}],"wp:attachment":[{"href":"https:\/\/vieassociative.be\/actualites\/wp-json\/wp\/v2\/media?parent=269"}],"wp:term":[{"taxonomy":"category","embeddable":true,"href":"https:\/\/vieassociative.be\/actualites\/wp-json\/wp\/v2\/categories?post=269"},{"taxonomy":"post_tag","embeddable":true,"href":"https:\/\/vieassociative.be\/actualites\/wp-json\/wp\/v2\/tags?post=269"}],"curies":[{"name":"wp","href":"https:\/\/api.w.org\/{rel}","templated":true}]}}