{"id":2688,"date":"2024-11-23T06:20:32","date_gmt":"2024-11-23T05:20:32","guid":{"rendered":"https:\/\/vieassociative.be\/actualites\/quelle-est-la-pire-erreur-parentale-que-vous-ayez-jamais-commise\/"},"modified":"2024-11-23T06:20:32","modified_gmt":"2024-11-23T05:20:32","slug":"quelle-est-la-pire-erreur-parentale-que-vous-ayez-jamais-commise","status":"publish","type":"post","link":"https:\/\/vieassociative.be\/actualites\/quelle-est-la-pire-erreur-parentale-que-vous-ayez-jamais-commise\/","title":{"rendered":"Quelle est la pire erreur parentale que vous ayez jamais commise\u00a0?"},"content":{"rendered":"<div class=\"mt-4 leading-6 md:mb-8\">Je n&rsquo;ai appris l&rsquo;existence des \u00ab time-in \u00bb que longtemps apr\u00e8s avoir pleinement mis en \u0153uvre le \u00ab time-out \u00bb.<\/div>\n<p><\/p>\n<p>Le parcours parental est le voyage le plus humiliant. Il n\u2019y a rien de tel que d\u2019essayer d\u2019\u00e9lever un enfant pour en faire un adulte comp\u00e9tent, compatissant et ind\u00e9pendant pour vous faire affronter toutes vos propres lacunes. Il ne faudra pas longtemps avant que nous fassions tout ce que nous avons dit <em>nous<\/em> ne le ferions jamais, m\u00eame si les phrases aga\u00e7antes que nos parents nous disaient sortaient soudainement librement de notre propre bouche.<\/p>\n<p>La route de ce voyage est pav\u00e9e d\u2019erreurs, grandes et petites, mais m\u00eame le plus petit faux pas peut se transformer en une v\u00e9ritable connerie. C\u00e9dez \u00e0 une crise de col\u00e8re une fois, juste <em>une fois-<\/em>parce que vous \u00eates \u00e9puis\u00e9 et que vous ne pouvez tout simplement pas les \u00e9couter crier une seconde de plus (votre corps bourdonne en fait\u00a0!), et vous venez de vous rendre la vie encore plus difficile \u00e0 chaque crise ult\u00e9rieure. Toi <em>peut<\/em> \u00eatre bris\u00e9 \u2013 ils le voient maintenant.<\/p>\n<p>M\u00eame si vous avez un partenaire avec qui vous \u00eates d&rsquo;accord sur \u00e0 peu pr\u00e8s tout, vous vous retrouverez \u00e0 vous demander s&rsquo;il est acceptable de laisser votre enfant arr\u00eater un sport apr\u00e8s seulement un mois\u00a0; ou dans quelle mesure les r\u00e9pliques sont normales ou irrespectueuses et inacceptables\u00a0; ou s&rsquo;ils sont encore trop jeunes pour avoir un smartphone. Souvent, vous ne savez pas quel chemin est le bon chemin jusqu&rsquo;\u00e0 ce que vous soyez si loin qu&rsquo;il n&rsquo;y a pas de retour en arri\u00e8re, et soit vous soupirez de soulagement d&rsquo;avoir choisi le bon, soit vous souhaitez ardemment une refonte. <\/p>\n<p>Mais il y a aussi une profonde camaraderie dans le r\u00f4le parental : je vais faire des erreurs comme vous ne le ferez pas. Vous ferez des erreurs que je parviendrai \u00e0 \u00e9viter. Nous pouvons apprendre les uns des autres, en particulier de ceux qui nous ont pr\u00e9c\u00e9d\u00e9s, de ceux qui sont plus avanc\u00e9s et qui peuvent voir plus clairement leurs erreurs.<\/p>\n<p>Je sais maintenant que mon fils aurait r\u00e9agi beaucoup plus favorablement \u00e0 une \u00e9poque&#8230;<em>dans<\/em>-le style de parentalit\u00e9, <em>plut\u00f4t que les temps morts de type Supernanny sur lesquels nous avons choisi de nous appuyer<\/em>. Je ne sais pas si c&rsquo;est le <em>pire<\/em> erreur parentale que j&rsquo;ai jamais commise (je suis s\u00fbr que mon fils pourrait proposer quelques pr\u00e9tendants), mais c&rsquo;est peut-\u00eatre celle que je regrette le plus, en grande partie \u00e0 cause du temps qu&rsquo;il a fallu avant que je corrige mon cours. Mais il est \u00e0 l&rsquo;aube de son 12e anniversaire maintenant, donc j&rsquo;ai encore beaucoup d&rsquo;erreurs devant moi.<\/p>\n<p>Faites preuve de compassion avec moi\u00a0: quelle est la pire erreur parentale (ou deux, ou 47) que vous ayez jamais commise\u00a0? Quels conseils donneriez-vous \u00e0 un autre parent confront\u00e9 \u00e0 la m\u00eame situation ou au m\u00eame dilemme\u00a0? Quelles erreurs dois-je d\u00e9finitivement <em>pas<\/em> envie de faire \u00e0 l&rsquo;approche de l&rsquo;adolescence ? Laissez un commentaire ci-dessous, et si nous obtenons suffisamment de conseils avis\u00e9s, je les r\u00e9sumerai dans un prochain article de Vie Associative.<\/p>\n<p><\/p>\n","protected":false},"excerpt":{"rendered":"<p>Je n&rsquo;ai appris l&rsquo;existence des \u00ab time-in \u00bb que longtemps apr\u00e8s avoir pleinement mis en \u0153uvre le \u00ab time-out \u00bb. Le parcours parental est le<\/p>\n","protected":false},"author":1,"featured_media":2689,"comment_status":"","ping_status":"","sticky":false,"template":"","format":"standard","meta":{"footnotes":""},"categories":[37],"tags":[3422,3423,3421,76,851,2875,3420,1411,4],"class_list":["post-2688","post","type-post","status-publish","format-standard","has-post-thumbnail","hentry","category-famille","tag-ayez","tag-commise","tag-erreur","tag-est","tag-jamais","tag-parentale","tag-pire","tag-quelle","tag-vous","generate-columns","tablet-grid-50","mobile-grid-100","grid-parent","grid-33"],"yoast_head":"<!-- This site is optimized with the Yoast SEO plugin v24.0 - https:\/\/yoast.com\/wordpress\/plugins\/seo\/ -->\n<title>Quelle est la pire erreur parentale que vous ayez jamais commise\u00a0? | Vie Associative<\/title>\n<meta name=\"robots\" content=\"index, follow, max-snippet:-1, max-image-preview:large, max-video-preview:-1\" \/>\n<link rel=\"canonical\" href=\"https:\/\/vieassociative.be\/actualites\/quelle-est-la-pire-erreur-parentale-que-vous-ayez-jamais-commise\/\" \/>\n<meta property=\"og:locale\" content=\"fr_FR\" \/>\n<meta property=\"og:type\" content=\"article\" \/>\n<meta property=\"og:title\" content=\"Quelle est la pire erreur parentale que vous ayez jamais commise\u00a0? | Vie Associative\" \/>\n<meta property=\"og:description\" content=\"Je n&rsquo;ai appris l&rsquo;existence des \u00ab time-in \u00bb que longtemps apr\u00e8s avoir pleinement mis en \u0153uvre le \u00ab time-out \u00bb. Le parcours parental est le\" \/>\n<meta property=\"og:url\" content=\"https:\/\/vieassociative.be\/actualites\/quelle-est-la-pire-erreur-parentale-que-vous-ayez-jamais-commise\/\" \/>\n<meta property=\"og:site_name\" content=\"Vie Associative\" \/>\n<meta property=\"article:published_time\" content=\"2024-11-23T05:20:32+00:00\" \/>\n<meta property=\"og:image\" content=\"https:\/\/vieassociative.be\/actualites\/wp-content\/uploads\/2024\/09\/header_backgroundk-01-e1726694325946.png\" \/>\n\t<meta property=\"og:image:width\" content=\"279\" \/>\n\t<meta property=\"og:image:height\" content=\"92\" \/>\n\t<meta property=\"og:image:type\" content=\"image\/png\" \/>\n<meta name=\"author\" content=\"Julien\" \/>\n<meta name=\"twitter:card\" content=\"summary_large_image\" \/>\n<meta name=\"twitter:label1\" content=\"\u00c9crit par\" \/>\n\t<meta name=\"twitter:data1\" content=\"Julien\" \/>\n\t<meta name=\"twitter:label2\" content=\"Dur\u00e9e de lecture est.\" \/>\n\t<meta name=\"twitter:data2\" content=\"3 minutes\" \/>\n<script type=\"application\/ld+json\" class=\"yoast-schema-graph\">{\"@context\":\"https:\/\/schema.org\",\"@graph\":[{\"@type\":\"Article\",\"@id\":\"https:\/\/vieassociative.be\/actualites\/quelle-est-la-pire-erreur-parentale-que-vous-ayez-jamais-commise\/#article\",\"isPartOf\":{\"@id\":\"https:\/\/vieassociative.be\/actualites\/quelle-est-la-pire-erreur-parentale-que-vous-ayez-jamais-commise\/\"},\"author\":{\"name\":\"Julien\",\"@id\":\"https:\/\/vieassociative.be\/actualites\/#\/schema\/person\/b87ac4f82f9d4e7b7cec7395b679edc4\"},\"headline\":\"Quelle est la pire erreur parentale que vous ayez jamais commise\u00a0?\",\"datePublished\":\"2024-11-23T05:20:32+00:00\",\"dateModified\":\"2024-11-23T05:20:32+00:00\",\"mainEntityOfPage\":{\"@id\":\"https:\/\/vieassociative.be\/actualites\/quelle-est-la-pire-erreur-parentale-que-vous-ayez-jamais-commise\/\"},\"wordCount\":557,\"publisher\":{\"@id\":\"https:\/\/vieassociative.be\/actualites\/#organization\"},\"image\":{\"@id\":\"https:\/\/vieassociative.be\/actualites\/quelle-est-la-pire-erreur-parentale-que-vous-ayez-jamais-commise\/#primaryimage\"},\"thumbnailUrl\":\"https:\/\/vieassociative.be\/actualites\/wp-content\/uploads\/2024\/11\/Quelle-est-la-pire-erreur-parentale-que-vous-ayez-jamais.jpg\",\"keywords\":[\"ayez\",\"commise\",\"erreur\",\"est\",\"jamais\",\"parentale\",\"pire\",\"quelle\",\"Vous\"],\"articleSection\":[\"Famille\"],\"inLanguage\":\"fr-BE\"},{\"@type\":\"WebPage\",\"@id\":\"https:\/\/vieassociative.be\/actualites\/quelle-est-la-pire-erreur-parentale-que-vous-ayez-jamais-commise\/\",\"url\":\"https:\/\/vieassociative.be\/actualites\/quelle-est-la-pire-erreur-parentale-que-vous-ayez-jamais-commise\/\",\"name\":\"Quelle est la pire erreur parentale que vous ayez jamais commise\u00a0? | Vie Associative\",\"isPartOf\":{\"@id\":\"https:\/\/vieassociative.be\/actualites\/#website\"},\"primaryImageOfPage\":{\"@id\":\"https:\/\/vieassociative.be\/actualites\/quelle-est-la-pire-erreur-parentale-que-vous-ayez-jamais-commise\/#primaryimage\"},\"image\":{\"@id\":\"https:\/\/vieassociative.be\/actualites\/quelle-est-la-pire-erreur-parentale-que-vous-ayez-jamais-commise\/#primaryimage\"},\"thumbnailUrl\":\"https:\/\/vieassociative.be\/actualites\/wp-content\/uploads\/2024\/11\/Quelle-est-la-pire-erreur-parentale-que-vous-ayez-jamais.jpg\",\"datePublished\":\"2024-11-23T05:20:32+00:00\",\"dateModified\":\"2024-11-23T05:20:32+00:00\",\"breadcrumb\":{\"@id\":\"https:\/\/vieassociative.be\/actualites\/quelle-est-la-pire-erreur-parentale-que-vous-ayez-jamais-commise\/#breadcrumb\"},\"inLanguage\":\"fr-BE\",\"potentialAction\":[{\"@type\":\"ReadAction\",\"target\":[\"https:\/\/vieassociative.be\/actualites\/quelle-est-la-pire-erreur-parentale-que-vous-ayez-jamais-commise\/\"]}]},{\"@type\":\"ImageObject\",\"inLanguage\":\"fr-BE\",\"@id\":\"https:\/\/vieassociative.be\/actualites\/quelle-est-la-pire-erreur-parentale-que-vous-ayez-jamais-commise\/#primaryimage\",\"url\":\"https:\/\/vieassociative.be\/actualites\/wp-content\/uploads\/2024\/11\/Quelle-est-la-pire-erreur-parentale-que-vous-ayez-jamais.jpg\",\"contentUrl\":\"https:\/\/vieassociative.be\/actualites\/wp-content\/uploads\/2024\/11\/Quelle-est-la-pire-erreur-parentale-que-vous-ayez-jamais.jpg\",\"width\":1200,\"height\":675,\"caption\":\"Quelle est la pire erreur parentale que vous ayez jamais commise\u00a0?\"},{\"@type\":\"BreadcrumbList\",\"@id\":\"https:\/\/vieassociative.be\/actualites\/quelle-est-la-pire-erreur-parentale-que-vous-ayez-jamais-commise\/#breadcrumb\",\"itemListElement\":[{\"@type\":\"ListItem\",\"position\":1,\"name\":\"Accueil\",\"item\":\"https:\/\/vieassociative.be\/actualites\/\"},{\"@type\":\"ListItem\",\"position\":2,\"name\":\"Quelle est la pire erreur parentale que vous ayez jamais commise\u00a0?\"}]},{\"@type\":\"WebSite\",\"@id\":\"https:\/\/vieassociative.be\/actualites\/#website\",\"url\":\"https:\/\/vieassociative.be\/actualites\/\",\"name\":\"Vie Associative\",\"description\":\"\",\"publisher\":{\"@id\":\"https:\/\/vieassociative.be\/actualites\/#organization\"},\"potentialAction\":[{\"@type\":\"SearchAction\",\"target\":{\"@type\":\"EntryPoint\",\"urlTemplate\":\"https:\/\/vieassociative.be\/actualites\/?s={search_term_string}\"},\"query-input\":{\"@type\":\"PropertyValueSpecification\",\"valueRequired\":true,\"valueName\":\"search_term_string\"}}],\"inLanguage\":\"fr-BE\"},{\"@type\":\"Organization\",\"@id\":\"https:\/\/vieassociative.be\/actualites\/#organization\",\"name\":\"Vie Associative\",\"url\":\"https:\/\/vieassociative.be\/actualites\/\",\"logo\":{\"@type\":\"ImageObject\",\"inLanguage\":\"fr-BE\",\"@id\":\"https:\/\/vieassociative.be\/actualites\/#\/schema\/logo\/image\/\",\"url\":\"https:\/\/vieassociative.be\/actualites\/wp-content\/uploads\/2024\/09\/cropped-vieassociative_favicon.ico.png\",\"contentUrl\":\"https:\/\/vieassociative.be\/actualites\/wp-content\/uploads\/2024\/09\/cropped-vieassociative_favicon.ico.png\",\"width\":512,\"height\":512,\"caption\":\"Vie Associative\"},\"image\":{\"@id\":\"https:\/\/vieassociative.be\/actualites\/#\/schema\/logo\/image\/\"}},{\"@type\":\"Person\",\"@id\":\"https:\/\/vieassociative.be\/actualites\/#\/schema\/person\/b87ac4f82f9d4e7b7cec7395b679edc4\",\"name\":\"Julien\",\"image\":{\"@type\":\"ImageObject\",\"inLanguage\":\"fr-BE\",\"@id\":\"https:\/\/vieassociative.be\/actualites\/#\/schema\/person\/image\/\",\"url\":\"https:\/\/vieassociative.be\/actualites\/wp-content\/uploads\/2024\/09\/vie-associative-1-150x150.jpg\",\"contentUrl\":\"https:\/\/vieassociative.be\/actualites\/wp-content\/uploads\/2024\/09\/vie-associative-1-150x150.jpg\",\"caption\":\"Julien\"},\"description\":\"Je suis Julien, r\u00e9dacteur pour Vie Associative. Passionn\u00e9 par le monde associatif depuis plus de 10 ans, j'ai \u00e0 c\u0153ur de partager des histoires inspirantes et de mettre en lumi\u00e8re les initiatives locales. Mon objectif est de sensibiliser et d'encourager l'engagement communautaire \u00e0 travers mes articles.\",\"sameAs\":[\"https:\/\/vieassociative.be\/\"]}]}<\/script>\n<!-- \/ Yoast SEO plugin. -->","yoast_head_json":{"title":"Quelle est la pire erreur parentale que vous ayez jamais commise\u00a0? | Vie Associative","robots":{"index":"index","follow":"follow","max-snippet":"max-snippet:-1","max-image-preview":"max-image-preview:large","max-video-preview":"max-video-preview:-1"},"canonical":"https:\/\/vieassociative.be\/actualites\/quelle-est-la-pire-erreur-parentale-que-vous-ayez-jamais-commise\/","og_locale":"fr_FR","og_type":"article","og_title":"Quelle est la pire erreur parentale que vous ayez jamais commise\u00a0? | Vie Associative","og_description":"Je n&rsquo;ai appris l&rsquo;existence des \u00ab time-in \u00bb que longtemps apr\u00e8s avoir pleinement mis en \u0153uvre le \u00ab time-out \u00bb. Le parcours parental est le","og_url":"https:\/\/vieassociative.be\/actualites\/quelle-est-la-pire-erreur-parentale-que-vous-ayez-jamais-commise\/","og_site_name":"Vie Associative","article_published_time":"2024-11-23T05:20:32+00:00","og_image":[{"width":279,"height":92,"url":"https:\/\/vieassociative.be\/actualites\/wp-content\/uploads\/2024\/09\/header_backgroundk-01-e1726694325946.png","type":"image\/png"}],"author":"Julien","twitter_card":"summary_large_image","twitter_misc":{"\u00c9crit par":"Julien","Dur\u00e9e de lecture est.":"3 minutes"},"schema":{"@context":"https:\/\/schema.org","@graph":[{"@type":"Article","@id":"https:\/\/vieassociative.be\/actualites\/quelle-est-la-pire-erreur-parentale-que-vous-ayez-jamais-commise\/#article","isPartOf":{"@id":"https:\/\/vieassociative.be\/actualites\/quelle-est-la-pire-erreur-parentale-que-vous-ayez-jamais-commise\/"},"author":{"name":"Julien","@id":"https:\/\/vieassociative.be\/actualites\/#\/schema\/person\/b87ac4f82f9d4e7b7cec7395b679edc4"},"headline":"Quelle est la pire erreur parentale que vous ayez jamais commise\u00a0?","datePublished":"2024-11-23T05:20:32+00:00","dateModified":"2024-11-23T05:20:32+00:00","mainEntityOfPage":{"@id":"https:\/\/vieassociative.be\/actualites\/quelle-est-la-pire-erreur-parentale-que-vous-ayez-jamais-commise\/"},"wordCount":557,"publisher":{"@id":"https:\/\/vieassociative.be\/actualites\/#organization"},"image":{"@id":"https:\/\/vieassociative.be\/actualites\/quelle-est-la-pire-erreur-parentale-que-vous-ayez-jamais-commise\/#primaryimage"},"thumbnailUrl":"https:\/\/vieassociative.be\/actualites\/wp-content\/uploads\/2024\/11\/Quelle-est-la-pire-erreur-parentale-que-vous-ayez-jamais.jpg","keywords":["ayez","commise","erreur","est","jamais","parentale","pire","quelle","Vous"],"articleSection":["Famille"],"inLanguage":"fr-BE"},{"@type":"WebPage","@id":"https:\/\/vieassociative.be\/actualites\/quelle-est-la-pire-erreur-parentale-que-vous-ayez-jamais-commise\/","url":"https:\/\/vieassociative.be\/actualites\/quelle-est-la-pire-erreur-parentale-que-vous-ayez-jamais-commise\/","name":"Quelle est la pire erreur parentale que vous ayez jamais commise\u00a0? | Vie Associative","isPartOf":{"@id":"https:\/\/vieassociative.be\/actualites\/#website"},"primaryImageOfPage":{"@id":"https:\/\/vieassociative.be\/actualites\/quelle-est-la-pire-erreur-parentale-que-vous-ayez-jamais-commise\/#primaryimage"},"image":{"@id":"https:\/\/vieassociative.be\/actualites\/quelle-est-la-pire-erreur-parentale-que-vous-ayez-jamais-commise\/#primaryimage"},"thumbnailUrl":"https:\/\/vieassociative.be\/actualites\/wp-content\/uploads\/2024\/11\/Quelle-est-la-pire-erreur-parentale-que-vous-ayez-jamais.jpg","datePublished":"2024-11-23T05:20:32+00:00","dateModified":"2024-11-23T05:20:32+00:00","breadcrumb":{"@id":"https:\/\/vieassociative.be\/actualites\/quelle-est-la-pire-erreur-parentale-que-vous-ayez-jamais-commise\/#breadcrumb"},"inLanguage":"fr-BE","potentialAction":[{"@type":"ReadAction","target":["https:\/\/vieassociative.be\/actualites\/quelle-est-la-pire-erreur-parentale-que-vous-ayez-jamais-commise\/"]}]},{"@type":"ImageObject","inLanguage":"fr-BE","@id":"https:\/\/vieassociative.be\/actualites\/quelle-est-la-pire-erreur-parentale-que-vous-ayez-jamais-commise\/#primaryimage","url":"https:\/\/vieassociative.be\/actualites\/wp-content\/uploads\/2024\/11\/Quelle-est-la-pire-erreur-parentale-que-vous-ayez-jamais.jpg","contentUrl":"https:\/\/vieassociative.be\/actualites\/wp-content\/uploads\/2024\/11\/Quelle-est-la-pire-erreur-parentale-que-vous-ayez-jamais.jpg","width":1200,"height":675,"caption":"Quelle est la pire erreur parentale que vous ayez jamais commise\u00a0?"},{"@type":"BreadcrumbList","@id":"https:\/\/vieassociative.be\/actualites\/quelle-est-la-pire-erreur-parentale-que-vous-ayez-jamais-commise\/#breadcrumb","itemListElement":[{"@type":"ListItem","position":1,"name":"Accueil","item":"https:\/\/vieassociative.be\/actualites\/"},{"@type":"ListItem","position":2,"name":"Quelle est la pire erreur parentale que vous ayez jamais commise\u00a0?"}]},{"@type":"WebSite","@id":"https:\/\/vieassociative.be\/actualites\/#website","url":"https:\/\/vieassociative.be\/actualites\/","name":"Vie Associative","description":"","publisher":{"@id":"https:\/\/vieassociative.be\/actualites\/#organization"},"potentialAction":[{"@type":"SearchAction","target":{"@type":"EntryPoint","urlTemplate":"https:\/\/vieassociative.be\/actualites\/?s={search_term_string}"},"query-input":{"@type":"PropertyValueSpecification","valueRequired":true,"valueName":"search_term_string"}}],"inLanguage":"fr-BE"},{"@type":"Organization","@id":"https:\/\/vieassociative.be\/actualites\/#organization","name":"Vie Associative","url":"https:\/\/vieassociative.be\/actualites\/","logo":{"@type":"ImageObject","inLanguage":"fr-BE","@id":"https:\/\/vieassociative.be\/actualites\/#\/schema\/logo\/image\/","url":"https:\/\/vieassociative.be\/actualites\/wp-content\/uploads\/2024\/09\/cropped-vieassociative_favicon.ico.png","contentUrl":"https:\/\/vieassociative.be\/actualites\/wp-content\/uploads\/2024\/09\/cropped-vieassociative_favicon.ico.png","width":512,"height":512,"caption":"Vie Associative"},"image":{"@id":"https:\/\/vieassociative.be\/actualites\/#\/schema\/logo\/image\/"}},{"@type":"Person","@id":"https:\/\/vieassociative.be\/actualites\/#\/schema\/person\/b87ac4f82f9d4e7b7cec7395b679edc4","name":"Julien","image":{"@type":"ImageObject","inLanguage":"fr-BE","@id":"https:\/\/vieassociative.be\/actualites\/#\/schema\/person\/image\/","url":"https:\/\/vieassociative.be\/actualites\/wp-content\/uploads\/2024\/09\/vie-associative-1-150x150.jpg","contentUrl":"https:\/\/vieassociative.be\/actualites\/wp-content\/uploads\/2024\/09\/vie-associative-1-150x150.jpg","caption":"Julien"},"description":"Je suis Julien, r\u00e9dacteur pour Vie Associative. Passionn\u00e9 par le monde associatif depuis plus de 10 ans, j'ai \u00e0 c\u0153ur de partager des histoires inspirantes et de mettre en lumi\u00e8re les initiatives locales. Mon objectif est de sensibiliser et d'encourager l'engagement communautaire \u00e0 travers mes articles.","sameAs":["https:\/\/vieassociative.be\/"]}]}},"_links":{"self":[{"href":"https:\/\/vieassociative.be\/actualites\/wp-json\/wp\/v2\/posts\/2688"}],"collection":[{"href":"https:\/\/vieassociative.be\/actualites\/wp-json\/wp\/v2\/posts"}],"about":[{"href":"https:\/\/vieassociative.be\/actualites\/wp-json\/wp\/v2\/types\/post"}],"author":[{"embeddable":true,"href":"https:\/\/vieassociative.be\/actualites\/wp-json\/wp\/v2\/users\/1"}],"replies":[{"embeddable":true,"href":"https:\/\/vieassociative.be\/actualites\/wp-json\/wp\/v2\/comments?post=2688"}],"version-history":[{"count":0,"href":"https:\/\/vieassociative.be\/actualites\/wp-json\/wp\/v2\/posts\/2688\/revisions"}],"wp:featuredmedia":[{"embeddable":true,"href":"https:\/\/vieassociative.be\/actualites\/wp-json\/wp\/v2\/media\/2689"}],"wp:attachment":[{"href":"https:\/\/vieassociative.be\/actualites\/wp-json\/wp\/v2\/media?parent=2688"}],"wp:term":[{"taxonomy":"category","embeddable":true,"href":"https:\/\/vieassociative.be\/actualites\/wp-json\/wp\/v2\/categories?post=2688"},{"taxonomy":"post_tag","embeddable":true,"href":"https:\/\/vieassociative.be\/actualites\/wp-json\/wp\/v2\/tags?post=2688"}],"curies":[{"name":"wp","href":"https:\/\/api.w.org\/{rel}","templated":true}]}}