{"id":2684,"date":"2024-11-23T03:19:52","date_gmt":"2024-11-23T02:19:52","guid":{"rendered":"https:\/\/vieassociative.be\/actualites\/tour-du-chapeau-et-but-brillant-de-harry-kane-lors-de-la-victoire-3-0-du-fc-bayern-contre-le-fc-augsburg\/"},"modified":"2024-11-23T03:19:52","modified_gmt":"2024-11-23T02:19:52","slug":"tour-du-chapeau-et-but-brillant-de-harry-kane-lors-de-la-victoire-3-0-du-fc-bayern-contre-le-fc-augsburg","status":"publish","type":"post","link":"https:\/\/vieassociative.be\/actualites\/tour-du-chapeau-et-but-brillant-de-harry-kane-lors-de-la-victoire-3-0-du-fc-bayern-contre-le-fc-augsburg\/","title":{"rendered":"Tour du chapeau et but brillant de Harry Kane lors de la victoire 3-0 du FC Bayern contre le FC Augsburg"},"content":{"rendered":"<p><strong>Le Bayern se pr\u00e9sente depuis longtemps sans succ\u00e8s contre le FC Augsburg. Le gardien Labrovic sauve chaque tir. Mais ensuite Harry Kane marque \u00e0 nouveau \u2013 trois fois.<\/strong><\/p>\n<p><span id=\"more-402452\"><\/span>Dans le stade de football glac\u00e9 de Munich, la machine \u00e0 buts du FC Bayern contre le FC Augsburg ne s&rsquo;est r\u00e9chauff\u00e9e qu&rsquo;apr\u00e8s une longue phase de d\u00e9marrage. A 3-0 (0-0), les champions allemands du record ont d&rsquo;abord eu besoin de deux penaltys transform\u00e9s par Harry Kane pour remporter une victoire m\u00e9rit\u00e9e et prolonger leur avance au classement \u00e0 huit points tr\u00e8s nets au d\u00e9but de la onzi\u00e8me journ\u00e9e de Bundesliga.<\/p>\n<p>Jusqu&rsquo;au handball de Mads Pedersen d&rsquo;Augsbourg, que l&rsquo;arbitre Daniel Schlager a sanctionn\u00e9 \u00e0 la 63e minute selon les images vid\u00e9o, l&rsquo;offensive du Bayern autour de Kane et du tr\u00e8s occup\u00e9 Jamal Musiala s&rsquo;\u00e9tait d\u00e9roul\u00e9e en vain. Dans le temps additionnel, Kane a de nouveau marqu\u00e9 sur place apr\u00e8s que l&rsquo;attaquant ait \u00e9t\u00e9 victime d&rsquo;une faute de Keven Schlotterbeck. Le d\u00e9fenseur du FCA a alors vu du jaune-rouge. Peu de temps apr\u00e8s, Kane a compl\u00e9t\u00e9 son tour du chapeau avec un but brillant et \u00e9tait donc l&rsquo;homme de la soir\u00e9e. Dans un premier temps, le bon gardien du FCA Nediljko Labrovic ou une jambe d\u00e9fensive d&rsquo;Augsbourg sont devenus le dernier arr\u00eat des attaques.<\/p>\n<p>Apr\u00e8s la victoire bien m\u00e9rit\u00e9e et la sixi\u00e8me victoire cons\u00e9cutive sans cage, les stars munichoises peuvent se r\u00e9jouir des prochains matchs fulgurants en Ligue des Champions contre le Paris Saint-Germain, en championnat contre l&rsquo;\u00e9ternel rival du Borussia Dortmund et enfin en DFB. &#8211; Coupe contre le champion en titre Bayer Leverkusen. (dpa\/cr\u00e9)<\/p>\n","protected":false},"excerpt":{"rendered":"<p>Le Bayern se pr\u00e9sente depuis longtemps sans succ\u00e8s contre le FC Augsburg. Le gardien Labrovic sauve chaque tir. Mais ensuite Harry Kane marque \u00e0 nouveau<\/p>\n","protected":false},"author":1,"featured_media":2685,"comment_status":"","ping_status":"","sticky":false,"template":"","format":"standard","meta":{"footnotes":""},"categories":[298],"tags":[3419,2298,3416,3415,796,3417,3418,353,2443,784],"class_list":["post-2684","post","type-post","status-publish","format-standard","has-post-thumbnail","hentry","category-belgique","tag-augsburg","tag-bayern","tag-brillant","tag-chapeau","tag-contre","tag-harry","tag-kane","tag-lors","tag-tour","tag-victoire","generate-columns","tablet-grid-50","mobile-grid-100","grid-parent","grid-33"],"yoast_head":"<!-- This site is optimized with the Yoast SEO plugin v24.0 - https:\/\/yoast.com\/wordpress\/plugins\/seo\/ -->\n<title>Tour du chapeau et but brillant de Harry Kane lors de la victoire 3-0 du FC Bayern contre le FC Augsburg | Vie Associative<\/title>\n<meta name=\"robots\" content=\"index, follow, max-snippet:-1, max-image-preview:large, max-video-preview:-1\" \/>\n<link rel=\"canonical\" href=\"https:\/\/vieassociative.be\/actualites\/tour-du-chapeau-et-but-brillant-de-harry-kane-lors-de-la-victoire-3-0-du-fc-bayern-contre-le-fc-augsburg\/\" \/>\n<meta property=\"og:locale\" content=\"fr_FR\" \/>\n<meta property=\"og:type\" content=\"article\" \/>\n<meta property=\"og:title\" content=\"Tour du chapeau et but brillant de Harry Kane lors de la victoire 3-0 du FC Bayern contre le FC Augsburg | Vie Associative\" \/>\n<meta property=\"og:description\" content=\"Le Bayern se pr\u00e9sente depuis longtemps sans succ\u00e8s contre le FC Augsburg. Le gardien Labrovic sauve chaque tir. Mais ensuite Harry Kane marque \u00e0 nouveau\" \/>\n<meta property=\"og:url\" content=\"https:\/\/vieassociative.be\/actualites\/tour-du-chapeau-et-but-brillant-de-harry-kane-lors-de-la-victoire-3-0-du-fc-bayern-contre-le-fc-augsburg\/\" \/>\n<meta property=\"og:site_name\" content=\"Vie Associative\" \/>\n<meta property=\"article:published_time\" content=\"2024-11-23T02:19:52+00:00\" \/>\n<meta property=\"og:image\" content=\"https:\/\/vieassociative.be\/actualites\/wp-content\/uploads\/2024\/09\/header_backgroundk-01-e1726694325946.png\" \/>\n\t<meta property=\"og:image:width\" content=\"279\" \/>\n\t<meta property=\"og:image:height\" content=\"92\" \/>\n\t<meta property=\"og:image:type\" content=\"image\/png\" \/>\n<meta name=\"author\" content=\"Julien\" \/>\n<meta name=\"twitter:card\" content=\"summary_large_image\" \/>\n<meta name=\"twitter:label1\" content=\"\u00c9crit par\" \/>\n\t<meta name=\"twitter:data1\" content=\"Julien\" \/>\n\t<meta name=\"twitter:label2\" content=\"Dur\u00e9e de lecture est.\" \/>\n\t<meta name=\"twitter:data2\" content=\"1 minute\" \/>\n<script type=\"application\/ld+json\" class=\"yoast-schema-graph\">{\"@context\":\"https:\/\/schema.org\",\"@graph\":[{\"@type\":\"Article\",\"@id\":\"https:\/\/vieassociative.be\/actualites\/tour-du-chapeau-et-but-brillant-de-harry-kane-lors-de-la-victoire-3-0-du-fc-bayern-contre-le-fc-augsburg\/#article\",\"isPartOf\":{\"@id\":\"https:\/\/vieassociative.be\/actualites\/tour-du-chapeau-et-but-brillant-de-harry-kane-lors-de-la-victoire-3-0-du-fc-bayern-contre-le-fc-augsburg\/\"},\"author\":{\"name\":\"Julien\",\"@id\":\"https:\/\/vieassociative.be\/actualites\/#\/schema\/person\/b87ac4f82f9d4e7b7cec7395b679edc4\"},\"headline\":\"Tour du chapeau et but brillant de Harry Kane lors de la victoire 3-0 du FC Bayern contre le FC Augsburg\",\"datePublished\":\"2024-11-23T02:19:52+00:00\",\"dateModified\":\"2024-11-23T02:19:52+00:00\",\"mainEntityOfPage\":{\"@id\":\"https:\/\/vieassociative.be\/actualites\/tour-du-chapeau-et-but-brillant-de-harry-kane-lors-de-la-victoire-3-0-du-fc-bayern-contre-le-fc-augsburg\/\"},\"wordCount\":323,\"publisher\":{\"@id\":\"https:\/\/vieassociative.be\/actualites\/#organization\"},\"image\":{\"@id\":\"https:\/\/vieassociative.be\/actualites\/tour-du-chapeau-et-but-brillant-de-harry-kane-lors-de-la-victoire-3-0-du-fc-bayern-contre-le-fc-augsburg\/#primaryimage\"},\"thumbnailUrl\":\"https:\/\/vieassociative.be\/actualites\/wp-content\/uploads\/2024\/11\/Tour-du-chapeau-et-but-brillant-de-Harry-Kane-lors.jpg\",\"keywords\":[\"Augsburg\",\"Bayern\",\"brillant\",\"chapeau\",\"contre\",\"Harry\",\"Kane\",\"lors\",\"Tour\",\"victoire\"],\"articleSection\":[\"Belgique\"],\"inLanguage\":\"fr-BE\"},{\"@type\":\"WebPage\",\"@id\":\"https:\/\/vieassociative.be\/actualites\/tour-du-chapeau-et-but-brillant-de-harry-kane-lors-de-la-victoire-3-0-du-fc-bayern-contre-le-fc-augsburg\/\",\"url\":\"https:\/\/vieassociative.be\/actualites\/tour-du-chapeau-et-but-brillant-de-harry-kane-lors-de-la-victoire-3-0-du-fc-bayern-contre-le-fc-augsburg\/\",\"name\":\"Tour du chapeau et but brillant de Harry Kane lors de la victoire 3-0 du FC Bayern contre le FC Augsburg | Vie Associative\",\"isPartOf\":{\"@id\":\"https:\/\/vieassociative.be\/actualites\/#website\"},\"primaryImageOfPage\":{\"@id\":\"https:\/\/vieassociative.be\/actualites\/tour-du-chapeau-et-but-brillant-de-harry-kane-lors-de-la-victoire-3-0-du-fc-bayern-contre-le-fc-augsburg\/#primaryimage\"},\"image\":{\"@id\":\"https:\/\/vieassociative.be\/actualites\/tour-du-chapeau-et-but-brillant-de-harry-kane-lors-de-la-victoire-3-0-du-fc-bayern-contre-le-fc-augsburg\/#primaryimage\"},\"thumbnailUrl\":\"https:\/\/vieassociative.be\/actualites\/wp-content\/uploads\/2024\/11\/Tour-du-chapeau-et-but-brillant-de-Harry-Kane-lors.jpg\",\"datePublished\":\"2024-11-23T02:19:52+00:00\",\"dateModified\":\"2024-11-23T02:19:52+00:00\",\"breadcrumb\":{\"@id\":\"https:\/\/vieassociative.be\/actualites\/tour-du-chapeau-et-but-brillant-de-harry-kane-lors-de-la-victoire-3-0-du-fc-bayern-contre-le-fc-augsburg\/#breadcrumb\"},\"inLanguage\":\"fr-BE\",\"potentialAction\":[{\"@type\":\"ReadAction\",\"target\":[\"https:\/\/vieassociative.be\/actualites\/tour-du-chapeau-et-but-brillant-de-harry-kane-lors-de-la-victoire-3-0-du-fc-bayern-contre-le-fc-augsburg\/\"]}]},{\"@type\":\"ImageObject\",\"inLanguage\":\"fr-BE\",\"@id\":\"https:\/\/vieassociative.be\/actualites\/tour-du-chapeau-et-but-brillant-de-harry-kane-lors-de-la-victoire-3-0-du-fc-bayern-contre-le-fc-augsburg\/#primaryimage\",\"url\":\"https:\/\/vieassociative.be\/actualites\/wp-content\/uploads\/2024\/11\/Tour-du-chapeau-et-but-brillant-de-Harry-Kane-lors.jpg\",\"contentUrl\":\"https:\/\/vieassociative.be\/actualites\/wp-content\/uploads\/2024\/11\/Tour-du-chapeau-et-but-brillant-de-Harry-Kane-lors.jpg\",\"width\":1300,\"height\":867,\"caption\":\"Tour du chapeau et but brillant de Harry Kane lors de la victoire 3-0 du FC Bayern contre le FC Augsburg\"},{\"@type\":\"BreadcrumbList\",\"@id\":\"https:\/\/vieassociative.be\/actualites\/tour-du-chapeau-et-but-brillant-de-harry-kane-lors-de-la-victoire-3-0-du-fc-bayern-contre-le-fc-augsburg\/#breadcrumb\",\"itemListElement\":[{\"@type\":\"ListItem\",\"position\":1,\"name\":\"Accueil\",\"item\":\"https:\/\/vieassociative.be\/actualites\/\"},{\"@type\":\"ListItem\",\"position\":2,\"name\":\"Tour du chapeau et but brillant de Harry Kane lors de la victoire 3-0 du FC Bayern contre le FC Augsburg\"}]},{\"@type\":\"WebSite\",\"@id\":\"https:\/\/vieassociative.be\/actualites\/#website\",\"url\":\"https:\/\/vieassociative.be\/actualites\/\",\"name\":\"Vie Associative\",\"description\":\"\",\"publisher\":{\"@id\":\"https:\/\/vieassociative.be\/actualites\/#organization\"},\"potentialAction\":[{\"@type\":\"SearchAction\",\"target\":{\"@type\":\"EntryPoint\",\"urlTemplate\":\"https:\/\/vieassociative.be\/actualites\/?s={search_term_string}\"},\"query-input\":{\"@type\":\"PropertyValueSpecification\",\"valueRequired\":true,\"valueName\":\"search_term_string\"}}],\"inLanguage\":\"fr-BE\"},{\"@type\":\"Organization\",\"@id\":\"https:\/\/vieassociative.be\/actualites\/#organization\",\"name\":\"Vie Associative\",\"url\":\"https:\/\/vieassociative.be\/actualites\/\",\"logo\":{\"@type\":\"ImageObject\",\"inLanguage\":\"fr-BE\",\"@id\":\"https:\/\/vieassociative.be\/actualites\/#\/schema\/logo\/image\/\",\"url\":\"https:\/\/vieassociative.be\/actualites\/wp-content\/uploads\/2024\/09\/cropped-vieassociative_favicon.ico.png\",\"contentUrl\":\"https:\/\/vieassociative.be\/actualites\/wp-content\/uploads\/2024\/09\/cropped-vieassociative_favicon.ico.png\",\"width\":512,\"height\":512,\"caption\":\"Vie Associative\"},\"image\":{\"@id\":\"https:\/\/vieassociative.be\/actualites\/#\/schema\/logo\/image\/\"}},{\"@type\":\"Person\",\"@id\":\"https:\/\/vieassociative.be\/actualites\/#\/schema\/person\/b87ac4f82f9d4e7b7cec7395b679edc4\",\"name\":\"Julien\",\"image\":{\"@type\":\"ImageObject\",\"inLanguage\":\"fr-BE\",\"@id\":\"https:\/\/vieassociative.be\/actualites\/#\/schema\/person\/image\/\",\"url\":\"https:\/\/vieassociative.be\/actualites\/wp-content\/uploads\/2024\/09\/vie-associative-1-150x150.jpg\",\"contentUrl\":\"https:\/\/vieassociative.be\/actualites\/wp-content\/uploads\/2024\/09\/vie-associative-1-150x150.jpg\",\"caption\":\"Julien\"},\"description\":\"Je suis Julien, r\u00e9dacteur pour Vie Associative. Passionn\u00e9 par le monde associatif depuis plus de 10 ans, j'ai \u00e0 c\u0153ur de partager des histoires inspirantes et de mettre en lumi\u00e8re les initiatives locales. Mon objectif est de sensibiliser et d'encourager l'engagement communautaire \u00e0 travers mes articles.\",\"sameAs\":[\"https:\/\/vieassociative.be\/\"]}]}<\/script>\n<!-- \/ Yoast SEO plugin. -->","yoast_head_json":{"title":"Tour du chapeau et but brillant de Harry Kane lors de la victoire 3-0 du FC Bayern contre le FC Augsburg | Vie Associative","robots":{"index":"index","follow":"follow","max-snippet":"max-snippet:-1","max-image-preview":"max-image-preview:large","max-video-preview":"max-video-preview:-1"},"canonical":"https:\/\/vieassociative.be\/actualites\/tour-du-chapeau-et-but-brillant-de-harry-kane-lors-de-la-victoire-3-0-du-fc-bayern-contre-le-fc-augsburg\/","og_locale":"fr_FR","og_type":"article","og_title":"Tour du chapeau et but brillant de Harry Kane lors de la victoire 3-0 du FC Bayern contre le FC Augsburg | Vie Associative","og_description":"Le Bayern se pr\u00e9sente depuis longtemps sans succ\u00e8s contre le FC Augsburg. Le gardien Labrovic sauve chaque tir. Mais ensuite Harry Kane marque \u00e0 nouveau","og_url":"https:\/\/vieassociative.be\/actualites\/tour-du-chapeau-et-but-brillant-de-harry-kane-lors-de-la-victoire-3-0-du-fc-bayern-contre-le-fc-augsburg\/","og_site_name":"Vie Associative","article_published_time":"2024-11-23T02:19:52+00:00","og_image":[{"width":279,"height":92,"url":"https:\/\/vieassociative.be\/actualites\/wp-content\/uploads\/2024\/09\/header_backgroundk-01-e1726694325946.png","type":"image\/png"}],"author":"Julien","twitter_card":"summary_large_image","twitter_misc":{"\u00c9crit par":"Julien","Dur\u00e9e de lecture est.":"1 minute"},"schema":{"@context":"https:\/\/schema.org","@graph":[{"@type":"Article","@id":"https:\/\/vieassociative.be\/actualites\/tour-du-chapeau-et-but-brillant-de-harry-kane-lors-de-la-victoire-3-0-du-fc-bayern-contre-le-fc-augsburg\/#article","isPartOf":{"@id":"https:\/\/vieassociative.be\/actualites\/tour-du-chapeau-et-but-brillant-de-harry-kane-lors-de-la-victoire-3-0-du-fc-bayern-contre-le-fc-augsburg\/"},"author":{"name":"Julien","@id":"https:\/\/vieassociative.be\/actualites\/#\/schema\/person\/b87ac4f82f9d4e7b7cec7395b679edc4"},"headline":"Tour du chapeau et but brillant de Harry Kane lors de la victoire 3-0 du FC Bayern contre le FC Augsburg","datePublished":"2024-11-23T02:19:52+00:00","dateModified":"2024-11-23T02:19:52+00:00","mainEntityOfPage":{"@id":"https:\/\/vieassociative.be\/actualites\/tour-du-chapeau-et-but-brillant-de-harry-kane-lors-de-la-victoire-3-0-du-fc-bayern-contre-le-fc-augsburg\/"},"wordCount":323,"publisher":{"@id":"https:\/\/vieassociative.be\/actualites\/#organization"},"image":{"@id":"https:\/\/vieassociative.be\/actualites\/tour-du-chapeau-et-but-brillant-de-harry-kane-lors-de-la-victoire-3-0-du-fc-bayern-contre-le-fc-augsburg\/#primaryimage"},"thumbnailUrl":"https:\/\/vieassociative.be\/actualites\/wp-content\/uploads\/2024\/11\/Tour-du-chapeau-et-but-brillant-de-Harry-Kane-lors.jpg","keywords":["Augsburg","Bayern","brillant","chapeau","contre","Harry","Kane","lors","Tour","victoire"],"articleSection":["Belgique"],"inLanguage":"fr-BE"},{"@type":"WebPage","@id":"https:\/\/vieassociative.be\/actualites\/tour-du-chapeau-et-but-brillant-de-harry-kane-lors-de-la-victoire-3-0-du-fc-bayern-contre-le-fc-augsburg\/","url":"https:\/\/vieassociative.be\/actualites\/tour-du-chapeau-et-but-brillant-de-harry-kane-lors-de-la-victoire-3-0-du-fc-bayern-contre-le-fc-augsburg\/","name":"Tour du chapeau et but brillant de Harry Kane lors de la victoire 3-0 du FC Bayern contre le FC Augsburg | Vie Associative","isPartOf":{"@id":"https:\/\/vieassociative.be\/actualites\/#website"},"primaryImageOfPage":{"@id":"https:\/\/vieassociative.be\/actualites\/tour-du-chapeau-et-but-brillant-de-harry-kane-lors-de-la-victoire-3-0-du-fc-bayern-contre-le-fc-augsburg\/#primaryimage"},"image":{"@id":"https:\/\/vieassociative.be\/actualites\/tour-du-chapeau-et-but-brillant-de-harry-kane-lors-de-la-victoire-3-0-du-fc-bayern-contre-le-fc-augsburg\/#primaryimage"},"thumbnailUrl":"https:\/\/vieassociative.be\/actualites\/wp-content\/uploads\/2024\/11\/Tour-du-chapeau-et-but-brillant-de-Harry-Kane-lors.jpg","datePublished":"2024-11-23T02:19:52+00:00","dateModified":"2024-11-23T02:19:52+00:00","breadcrumb":{"@id":"https:\/\/vieassociative.be\/actualites\/tour-du-chapeau-et-but-brillant-de-harry-kane-lors-de-la-victoire-3-0-du-fc-bayern-contre-le-fc-augsburg\/#breadcrumb"},"inLanguage":"fr-BE","potentialAction":[{"@type":"ReadAction","target":["https:\/\/vieassociative.be\/actualites\/tour-du-chapeau-et-but-brillant-de-harry-kane-lors-de-la-victoire-3-0-du-fc-bayern-contre-le-fc-augsburg\/"]}]},{"@type":"ImageObject","inLanguage":"fr-BE","@id":"https:\/\/vieassociative.be\/actualites\/tour-du-chapeau-et-but-brillant-de-harry-kane-lors-de-la-victoire-3-0-du-fc-bayern-contre-le-fc-augsburg\/#primaryimage","url":"https:\/\/vieassociative.be\/actualites\/wp-content\/uploads\/2024\/11\/Tour-du-chapeau-et-but-brillant-de-Harry-Kane-lors.jpg","contentUrl":"https:\/\/vieassociative.be\/actualites\/wp-content\/uploads\/2024\/11\/Tour-du-chapeau-et-but-brillant-de-Harry-Kane-lors.jpg","width":1300,"height":867,"caption":"Tour du chapeau et but brillant de Harry Kane lors de la victoire 3-0 du FC Bayern contre le FC Augsburg"},{"@type":"BreadcrumbList","@id":"https:\/\/vieassociative.be\/actualites\/tour-du-chapeau-et-but-brillant-de-harry-kane-lors-de-la-victoire-3-0-du-fc-bayern-contre-le-fc-augsburg\/#breadcrumb","itemListElement":[{"@type":"ListItem","position":1,"name":"Accueil","item":"https:\/\/vieassociative.be\/actualites\/"},{"@type":"ListItem","position":2,"name":"Tour du chapeau et but brillant de Harry Kane lors de la victoire 3-0 du FC Bayern contre le FC Augsburg"}]},{"@type":"WebSite","@id":"https:\/\/vieassociative.be\/actualites\/#website","url":"https:\/\/vieassociative.be\/actualites\/","name":"Vie Associative","description":"","publisher":{"@id":"https:\/\/vieassociative.be\/actualites\/#organization"},"potentialAction":[{"@type":"SearchAction","target":{"@type":"EntryPoint","urlTemplate":"https:\/\/vieassociative.be\/actualites\/?s={search_term_string}"},"query-input":{"@type":"PropertyValueSpecification","valueRequired":true,"valueName":"search_term_string"}}],"inLanguage":"fr-BE"},{"@type":"Organization","@id":"https:\/\/vieassociative.be\/actualites\/#organization","name":"Vie Associative","url":"https:\/\/vieassociative.be\/actualites\/","logo":{"@type":"ImageObject","inLanguage":"fr-BE","@id":"https:\/\/vieassociative.be\/actualites\/#\/schema\/logo\/image\/","url":"https:\/\/vieassociative.be\/actualites\/wp-content\/uploads\/2024\/09\/cropped-vieassociative_favicon.ico.png","contentUrl":"https:\/\/vieassociative.be\/actualites\/wp-content\/uploads\/2024\/09\/cropped-vieassociative_favicon.ico.png","width":512,"height":512,"caption":"Vie Associative"},"image":{"@id":"https:\/\/vieassociative.be\/actualites\/#\/schema\/logo\/image\/"}},{"@type":"Person","@id":"https:\/\/vieassociative.be\/actualites\/#\/schema\/person\/b87ac4f82f9d4e7b7cec7395b679edc4","name":"Julien","image":{"@type":"ImageObject","inLanguage":"fr-BE","@id":"https:\/\/vieassociative.be\/actualites\/#\/schema\/person\/image\/","url":"https:\/\/vieassociative.be\/actualites\/wp-content\/uploads\/2024\/09\/vie-associative-1-150x150.jpg","contentUrl":"https:\/\/vieassociative.be\/actualites\/wp-content\/uploads\/2024\/09\/vie-associative-1-150x150.jpg","caption":"Julien"},"description":"Je suis Julien, r\u00e9dacteur pour Vie Associative. Passionn\u00e9 par le monde associatif depuis plus de 10 ans, j'ai \u00e0 c\u0153ur de partager des histoires inspirantes et de mettre en lumi\u00e8re les initiatives locales. Mon objectif est de sensibiliser et d'encourager l'engagement communautaire \u00e0 travers mes articles.","sameAs":["https:\/\/vieassociative.be\/"]}]}},"_links":{"self":[{"href":"https:\/\/vieassociative.be\/actualites\/wp-json\/wp\/v2\/posts\/2684"}],"collection":[{"href":"https:\/\/vieassociative.be\/actualites\/wp-json\/wp\/v2\/posts"}],"about":[{"href":"https:\/\/vieassociative.be\/actualites\/wp-json\/wp\/v2\/types\/post"}],"author":[{"embeddable":true,"href":"https:\/\/vieassociative.be\/actualites\/wp-json\/wp\/v2\/users\/1"}],"replies":[{"embeddable":true,"href":"https:\/\/vieassociative.be\/actualites\/wp-json\/wp\/v2\/comments?post=2684"}],"version-history":[{"count":0,"href":"https:\/\/vieassociative.be\/actualites\/wp-json\/wp\/v2\/posts\/2684\/revisions"}],"wp:featuredmedia":[{"embeddable":true,"href":"https:\/\/vieassociative.be\/actualites\/wp-json\/wp\/v2\/media\/2685"}],"wp:attachment":[{"href":"https:\/\/vieassociative.be\/actualites\/wp-json\/wp\/v2\/media?parent=2684"}],"wp:term":[{"taxonomy":"category","embeddable":true,"href":"https:\/\/vieassociative.be\/actualites\/wp-json\/wp\/v2\/categories?post=2684"},{"taxonomy":"post_tag","embeddable":true,"href":"https:\/\/vieassociative.be\/actualites\/wp-json\/wp\/v2\/tags?post=2684"}],"curies":[{"name":"wp","href":"https:\/\/api.w.org\/{rel}","templated":true}]}}