{"id":2682,"date":"2024-11-23T02:17:38","date_gmt":"2024-11-23T01:17:38","guid":{"rendered":"https:\/\/vieassociative.be\/actualites\/un-tas-dexcellents-ordinateurs-portables-sont-en-vente-avant-le-black-friday\/"},"modified":"2024-11-23T02:17:38","modified_gmt":"2024-11-23T01:17:38","slug":"un-tas-dexcellents-ordinateurs-portables-sont-en-vente-avant-le-black-friday","status":"publish","type":"post","link":"https:\/\/vieassociative.be\/actualites\/un-tas-dexcellents-ordinateurs-portables-sont-en-vente-avant-le-black-friday\/","title":{"rendered":"Un tas d\u2019excellents ordinateurs portables sont en vente avant le Black Friday"},"content":{"rendered":"<div class=\"mt-4 leading-6 md:mb-8\">C&rsquo;est le bon moment pour une mise \u00e0 niveau.<\/div>\n<p><\/p>\n<p>Les ordinateurs portables sont l&rsquo;un des articles les plus couramment r\u00e9duits lors du Black Friday, que vous pr\u00e9f\u00e9riez les MacBook, les ordinateurs portables, les Chromebooks ou les machines de jeux. Mais m\u00eame si le grand jour est dans une semaine, des offres apparaissent d\u00e9j\u00e0 sur Amazon, Best Buy, les sites Web des d\u00e9taillants, etc. <\/p>\n<p>Avec des r\u00e9ductions de prix allant jusqu&rsquo;\u00e0 400 $ sur des ordinateurs portables dot\u00e9s de sp\u00e9cifications haut de gamme et de mat\u00e9riel moderne, c&rsquo;est une bonne id\u00e9e de commencer \u00e0 surveiller d\u00e8s maintenant un prix exceptionnel sur une machine qui vous plaira, m\u00eame si le d\u00eener de dinde de Thanksgiving est toujours mais scintille dans tes yeux. Vous d\u00e9battez toujours ? Revenez ici \u00e0 mesure que nous nous rapprochons du jour, car je ferai des mises \u00e0 jour \u00e0 mesure que d&rsquo;autres des meilleures offres d&rsquo;ordinateurs portables seront mises en ligne.<\/p>\n<p>(Si vous \u00eates \u00e9galement int\u00e9ress\u00e9 par une nouvelle tablette ou un nouveau t\u00e9l\u00e9phone, rendez-vous sur notre page des meilleures offres technologiques du Black Friday pour une vue plus large de toutes les meilleures r\u00e9ductions que vous pouvez obtenir en ce moment.)<\/p>\n<h2 id=\"best-black-friday-macbook-deals\">Meilleures offres MacBook du Black Friday<\/h2>\n<p>Les aficionados d&rsquo;Apple ont l&#8217;embarras du choix ce Black Friday, avec des offres sur toute la gamme de puces internes de la s\u00e9rie M de l&rsquo;entreprise.<\/p>\n<ul>\n<li>\n<p><strong>Apple MacBook Air 13 pouces avec puce M3 : 849 $ sur Amazon<\/strong><strong>  (au lieu de 1\u00a0099\u00a0$)<\/strong>. Il s&rsquo;agit du MacBook Air le plus r\u00e9cent d&rsquo;Apple, dot\u00e9 de la puce M3, de 16 Go de RAM de base et de 256 Go de stockage. C&rsquo;est plus que suffisant pour la plupart des gens.<\/p>\n<\/li>\n<li>\n<p><strong>Apple MacBook Air 15 pouces avec puce M3 : 1\u00a0044 $ sur Amazon<\/strong><strong>  (au lieu de 1\u00a0299\u00a0$)<\/strong>. En grande partie similaire \u00e0 son homologue de 13 pouces, ce MacBook Air est livr\u00e9 avec un \u00e9cran de 15 pouces, une puce M3, jusqu&rsquo;\u00e0 24 Go de m\u00e9moire et jusqu&rsquo;\u00e0 512 Go de stockage.<\/p>\n<\/li>\n<li>\n<p><strong>Apple MacBook Air 13 pouces avec puce M2 : 749 $ sur Amazon<\/strong><strong>  (au lieu de 999\u00a0$)<\/strong>. Si vous acceptez un mod\u00e8le l\u00e9g\u00e8rement plus ancien, le MacBook Air M2 avec 16 Go de RAM et 256 Go de stockage co\u00fbte actuellement 100 $ de moins que le mod\u00e8le M3.<\/p>\n<\/li>\n<li>\n<p><strong>Apple MacBook Air 13 pouces avec puce M1\u00a0: 649\u00a0$ chez Walmart<\/strong><strong>  (au lieu de 699\u00a0$)<\/strong>. Le plus ancien MacBook Air de la s\u00e9rie M d&rsquo;Apple est toujours un puissant bourreau de travail, avec une puce M1, 8 Go de m\u00e9moire et 256 Go de stockage, bien que la r\u00e9duction plus faible ici ne justifie pas le compromis.<\/p>\n<\/li>\n<li>\n<p><strong>Apple MacBook Pro 14 pouces avec puce M3 Pro\u00a0:\u00a01\u00a0699\u00a0$ chez Best Buy<\/strong><strong>  (au lieu de 1\u00a0899\u00a0$)<\/strong>. Mod\u00e8le l\u00e9g\u00e8rement plus ancien de MacBook Pro, cet ordinateur portable de 14 pouces dispose d&rsquo;une puce M3 Pro, de 18 Go de m\u00e9moire et d&rsquo;un SSD de 512 Go. C&rsquo;est un bon compromis entre un MacBook Air et un MacBook Pro.<\/p>\n<\/li>\n<li>\n<p><strong>Apple MacBook Pro 16 pouces avec puce M3 Pro\u00a0:\u00a01\u00a0999\u00a0$ chez Best Buy<\/strong><strong>  (au lieu de 2\u00a0399\u00a0$)<\/strong>. Mise \u00e0 niveau de l&rsquo;\u00e9cran sur le Macbook Pro M3 Pro (pas une faute de frappe), ce mod\u00e8le dispose \u00e9galement de 18 Go de m\u00e9moire et d&rsquo;un SSD de 512 Go, mais est livr\u00e9 avec un \u00e9cran de 16 pouces.<\/p>\n<\/li>\n<li>\n<p><strong>Apple MacBook Pro 14 pouces avec puce M4\u00a0: 1\u00a0399\u00a0$ sur Amazon<\/strong><strong>  (au lieu de 1\u00a0499\u00a0$)<\/strong>. La puce M4 la plus r\u00e9cente d&rsquo;Apple est \u00e9galement en vente pour le Black Friday, et ce MacBook Pro la compl\u00e8te avec un \u00e9cran de 14 pouces, jusqu&rsquo;\u00e0 24 Go de m\u00e9moire et jusqu&rsquo;\u00e0 1 To de stockage. (Notez qu&rsquo;une puce M4 de base peut en fait \u00eatre plus faible qu&rsquo;une puce M3 Pro, selon l&rsquo;utilisation que vous en faites.)<\/p>\n<\/li>\n<li>\n<p><strong>Apple MacBook Pro 14 pouces avec puce M4 Pro : 1\u00a0749 $ sur Amazon<\/strong><strong>  (au lieu de 1\u00a0999\u00a0$)<\/strong>. Ou tout simplement, abandonnez les compromis. Si vous voulez un MacBook de niveau professionnel avec une puce de niveau professionnel, c&rsquo;est un excellent choix. Vous obtiendrez un MacBook Pro 14 pouces avec une puce M4 Pro, 24 Go de m\u00e9moire et jusqu&rsquo;\u00e0 1 To de stockage.<\/p>\n<\/li>\n<li>\n<p><strong>Apple MacBook Pro 16 pouces avec puce M4 Pro\u00a0: 2\u00a0199\u00a0$ sur Amazon<\/strong><strong>  (au lieu de 2\u00a0499\u00a0$)<\/strong>. Cette mise \u00e0 niveau d&rsquo;\u00e9cran de 16 pouces vers le MacBook Pro M4 Pro, avec la m\u00eame puce, jusqu&rsquo;\u00e0 48 Go de m\u00e9moire et 512 Go de stockage.<\/p>\n<\/li>\n<li>\n<p><strong>Apple MacBook Pro 14 pouces avec puce M4 Max\u00a0: 2\u00a0899\u00a0$ sur Amazon<\/strong><strong>  (au lieu de 3\u00a0199\u00a0$)<\/strong>. Cette offre sur le MacBook Pro haut de gamme d&rsquo;Apple est livr\u00e9e avec une puce M4 Max, 36 Go de m\u00e9moire et 1 To de stockage.<\/p>\n<\/li>\n<li>\n<p><strong>Apple MacBook Pro 16 pouces avec puce M4 Max\u00a0: 3\u00a0199\u00a0$ sur Amazon<\/strong><strong>  (au lieu de 3\u00a0499\u00a0$)<\/strong>. Une mise \u00e0 niveau de la taille de l&rsquo;\u00e9cran vers le MacBook Pro M4 Max, cette offre vous offrira un \u00e9cran de 16 pouces, 36 Go de m\u00e9moire et un SSD de 1 To.<\/p>\n<\/li>\n<\/ul>\n<h2 id=\"best-black-friday-windows-laptop-deals\">Meilleures offres d\u2019ordinateurs portables Windows du Black Friday<\/h2>\n<p>Pour ceux qui, comme moi, ont grandi avec un PC Windows, il existe encore de nombreuses offres sur la norme \u00e9prouv\u00e9e ce Black Friday, en particulier pour ceux qui recherchent quelque chose qui peut aller de pair avec un MacBook Air.<\/p>\n<ul>\n<li>\n<p><strong>Dell Inspiron 16 pouces avec puce Intel Core Ultra 7\u00a0:\u00a0999\u00a0$ chez Best Buy<\/strong><strong>  (au lieu de 1\u00a0499\u00a0$)<\/strong>. Cet ordinateur portable Windows est \u00e9quip\u00e9 d&rsquo;une puce Intel Core Ultra 7 moderne et de nombreux bonus pour le prix, notamment un \u00e9cran tactile Mini-LED convertible, 32 Go de RAM et 1 To de stockage.<\/p>\n<\/li>\n<li>\n<p><strong>Dell Inspiron 15 pouces avec puce AMD Ryzen 7\u00a0: 449\u00a0$ chez Dell<\/strong><strong>  (au lieu de 699\u00a0$)<\/strong>. Cet ordinateur portable Windows est un milieu de gamme respectable, avec une puce Ryzen 7 7730U, 16 Go de m\u00e9moire, 1 To de stockage et un \u00e9cran non tactile de 15 pouces.<\/p>\n<\/li>\n<li>\n<p><strong>Lenovo Yoga 7 14 pouces 2-en-1 avec puce Ryzen 7 : 799 $ chez Lenovo<\/strong><strong>  (au lieu de 1\u00a0024\u00a0$)<\/strong>. Cet ordinateur portable Windows convertible peut se retourner pour se transformer en tablette, et il est livr\u00e9 avec une respectable puce AMD Ryzen 7 8840HS, un \u00e9norme 1 To de stockage, 16 Go de m\u00e9moire, un \u00e9cran tactile de 14 pouces et m\u00eame un stylet.<\/p>\n<\/li>\n<li>\n<p><strong>Samsung Galaxy Book 4 avec puce Intel Core 7\u00a0: 529\u00a0$ chez Best Buy<\/strong><strong>  (au lieu de 899\u00a0$)<\/strong>. Si vous ne le saviez pas, Samsung fabrique des ordinateurs portables\u00a0! Cette machine Windows est livr\u00e9e avec un \u00e9cran de 15 pouces, une puce Intel Core 7, 16 Go de m\u00e9moire et 512 Go de stockage. <\/p>\n<\/li>\n<li>\n<p><strong>Lenovo ThinkBook 16 pouces avec Ryzen 4 7430U\u00a0: 704\u00a0$ sur Amazon<\/strong><strong>  (au lieu de 899\u00a0$)<\/strong>. Cette offre d&rsquo;ordinateur portable contient de nombreux avantages suppl\u00e9mentaires pour son prix, avec un processeur Ryzen 5 7430U, 64 Go de RAM, jusqu&rsquo;\u00e0 4 To de stockage, un lecteur d&#8217;empreintes digitales et une copie de Windows 11 Pro.<\/p>\n<\/li>\n<\/ul>\n<h2 id=\"best-black-friday-gaming-laptop-deals\">Meilleures offres d\u2019ordinateurs portables de jeu du Black Friday<\/h2>\n<p>Les machines Windows plus puissantes ont tendance \u00e0 \u00eatre \u00e9tiquet\u00e9es \u00ab ordinateurs portables de jeu \u00bb, et les offres de ce Black Friday dans la cat\u00e9gorie ne d\u00e9\u00e7oivent pas non plus, avec des options pour les joueurs de presque tous les budgets.<\/p>\n<ul>\n<li>\n<p><strong>Ordinateur portable de jeu Dell Alienware m16 R2 avec puce Intel Core Ultra 9\u00a0: 1\u00a0299\u00a0$ chez Dell<\/strong><strong>  (au lieu de 1\u00a0699\u00a0$)<\/strong>. Cet ordinateur portable de jeu de 16 pouces de Dell offre beaucoup pour le prix, avec jusqu&rsquo;\u00e0 un GPU Nvidia GeForce RTX 4070, jusqu&rsquo;\u00e0 64 Go de m\u00e9moire, jusqu&rsquo;\u00e0 2 To de stockage et un \u00e9cran QHD+@240 Hz de 16 pouces.<\/p>\n<\/li>\n<li>\n<p><strong>Ordinateur portable de jeu Dell Alienware x16 R2 avec puce Intel Core Ultra 7\u00a0: 1\u00a0799\u00a0$ chez Dell<\/strong><strong>  (au lieu de 1\u00a0799\u00a0$)<\/strong>. Autre ordinateur portable de 16 pouces de Dell, cette offre vous offrira une puce Intel Core Ultra 7, un GPU Nvidia GeForce RTX 4070, 16 Go de m\u00e9moire, 1 To de stockage et un \u00e9cran FHD @ 480 Hz de 16 pouces.<\/p>\n<\/li>\n<li>\n<p><strong>Ordinateur portable de jeu Gigabyte AORUS 17 avec puce Intel Core i9\u00a0: 1\u00a0541\u00a0$ sur Amazon<\/strong><strong>  (au lieu de 1\u00a0749\u00a0$)<\/strong>. Il s\u2019agit d\u2019une bonne option d\u2019ordinateur portable de jeu haut de gamme, bien qu\u2019un peu ancienne, avec une puce Intel Core i9-13700H, 16 Go de m\u00e9moire, 1 To de stockage et un \u00e9cran QHD @ 240 Hz de 17 pouces.<\/p>\n<\/li>\n<li>\n<p><strong>Ordinateur portable de jeu Lenovo Legion Pro 7i avec puce Intel Core i9\u00a0:\u00a01\u00a0999\u00a0$ chez B&#038;H<\/strong><strong>  (au lieu de 2\u00a0649\u00a0$)<\/strong>. L&rsquo;une des plus grosses folies de cette liste, cette offre vous rapportera une puce Intel Core i9 de 14e g\u00e9n\u00e9ration, un GPU Nvidia GeForce RTX 4080, 32 Go de m\u00e9moire, 1 To de stockage et un \u00e9cran QHD+@240 Hz de 16 pouces.<\/p>\n<\/li>\n<li>\n<p><strong>Ordinateur portable de jeu Lenovo LOQ 15 pouces avec puce Ryzen 5\u00a0: 829\u00a0$ chez Lenovo<\/strong><strong>  (au lieu de 908\u00a0$)<\/strong>. C\u2019est celui pour les joueurs \u00e0 petit budget. Il contient une modeste puce AMD Ryzen 5 8645HS, un GPU Nvidia GeForce RTX 4050, 16 Go de m\u00e9moire, 512 Go de stockage et un \u00e9cran FHD @ 144 Hz de 15 pouces.<\/p>\n<\/li>\n<li>\n<p><strong>Ordinateur portable de jeu Dell G16 avec puce Intel Core i9\u00a0: 999\u00a0$ chez Dell<\/strong><strong>  (au lieu de 1\u00a0499\u00a0$)<\/strong>. Ordinateur portable Dell d&rsquo;entr\u00e9e de gamme de 16 pouces, cette machine contient un processeur Intel Core i9-13900HX, un GPU Nvidia GeForce RTX 4060, 16 Go de m\u00e9moire, un \u00e9norme 1 To de stockage pour le prix et un \u00e9cran QHD+@240 Hz de 16 pouces. .<\/p>\n<\/li>\n<li>\n<p><strong>Ordinateur portable de jeu Acer Nitro V avec puce Ryzen 5\u00a0: 699\u00a0$ chez Best Buy<\/strong><strong>  (au lieu de 949\u00a0$)<\/strong>. C&rsquo;est une fa\u00e7on modeste de se lancer dans les jeux sur PC, avec une puce AMD Ryzen 5 7535HS, un GPU Nvidia GeForce RTX 4050, 16 Go de m\u00e9moire, 512 Go de stockage et un \u00e9cran FHD@144 Hz de 15 pouces.<\/p>\n<\/li>\n<li>\n<p><strong>Ordinateur portable de jeu HP Victus avec puce Intel Core i7\u00a0: 799\u00a0$ chez Best Buy<\/strong><strong>  (au lieu de 1\u00a0099\u00a0$)<\/strong>. Bonne machine Intel d&rsquo;entr\u00e9e de gamme, cet ordinateur portable est livr\u00e9 avec une puce Intel Core i7 de 12e g\u00e9n\u00e9ration, un GPU Nvidia GeForce RTX 4050, 16 Go de RAM, 512 Go de stockage et un \u00e9cran FHD @ 144 Hz de 15 pouces.<\/p>\n<\/li>\n<\/ul>\n<h2 id=\"best-black-friday-chromebook-deals\">Meilleures offres Chromebook du Black Friday<\/h2>\n<p>Les Chromebooks peuvent \u00eatre un excellent moyen d&rsquo;obtenir un design soign\u00e9 avec un budget limit\u00e9, \u00e0 condition que vous acceptiez d&rsquo;effectuer la plupart de votre travail dans le cloud. Voici quelques-uns de mes favoris \u00e0 prix r\u00e9duit pour le Black Friday.<\/p>\n<ul>\n<li>\n<p><strong>Asus Chromebook Plus CX34\u00a0: 319\u00a0$ sur Amazon<\/strong><strong>  (au lieu de 439\u00a0$)<\/strong>. Ce Chromebook est livr\u00e9 avec quelques avantages suppl\u00e9mentaires en mati\u00e8re d&rsquo;IA gr\u00e2ce \u00e0 son statut Chromebook Plus, ainsi qu&rsquo;une puce Intel Core i3-1215U, 8 Go de m\u00e9moire, 256 Go de stockage et un \u00e9cran FHD de 14 pouces.<\/p>\n<\/li>\n<li>\n<p><strong>HP Chromebook x360\u00a0: 249\u00a0$ chez Walmart<\/strong><strong>  (au lieu de 429\u00a0$)<\/strong>. Un moyen \u00e9conomique d&rsquo;obtenir un convertible, l&rsquo;\u00e9cran de ce Chromebook peut se retourner pour devenir une tablette. Il dispose d&rsquo;un processeur Intel N100, de 4 Go de m\u00e9moire, de 64 Go de stockage et d&rsquo;un \u00e9cran tactile FHS de 14 pouces.<\/p>\n<\/li>\n<li>\n<p><strong>Acer Chromebook Plus 514\u00a0: 249\u00a0$ sur Amazon<\/strong><strong>  (au lieu de 379\u00a0$)<\/strong>. Ce Chromebook poss\u00e8de des fonctionnalit\u00e9s d&rsquo;IA suppl\u00e9mentaires en tant que Chromebook Plus, ainsi qu&rsquo;une puce Intel Core i3-N305, 8 Go de m\u00e9moire, 128 Go de stockage et un \u00e9cran FHS de 14 pouces.<\/p>\n<\/li>\n<li>\n<p><strong>Lenovo<\/strong> <strong>Chromebook Duet 3\u00a0:\u00a0239\u00a0$ chez Lenovo<\/strong><strong>  (au lieu de 399\u00a0$)<\/strong>. Il s&rsquo;agit d&rsquo;un Chromebook d\u00e9tachable, ce qui signifie que l&rsquo;\u00e9cran et le clavier peuvent se s\u00e9parer, vous pouvez donc utiliser l&rsquo;\u00e9cran comme une tablette. Il est livr\u00e9 avec une puce Qualcomm Snapdragon 7c Gen 2, 4 Go de m\u00e9moire, 64 Go de stockage et un \u00e9cran tactile 2K de 11 pouces.<\/p>\n<\/li>\n<li>\n<p><strong>Ordinateur portable Acer Chromebook 516 GE Cloud Gaming\u00a0: 449\u00a0$ sur Amazon<\/strong><strong>  (au lieu de 599\u00a0$)<\/strong>. Ce Chromebook est en fait con\u00e7u comme une machine de jeu en nuage, gr\u00e2ce \u00e0 un \u00e9cran haute r\u00e9solution et \u00e0 taux de rafra\u00eechissement \u00e9lev\u00e9 ainsi qu&rsquo;\u00e0 un clavier RVB \u00e9l\u00e9gant. Il poss\u00e8de une puce Intel Core i5-1240p, 16 Go de m\u00e9moire, 256 Go de stockage et un \u00e9cran QHD+@120 Hz de 16 pouces.<\/p>\n<\/li>\n<\/ul>\n<h2 id=\"best-black-friday-laptop-deals-under-300\">Meilleures offres d&rsquo;ordinateurs portables du Black Friday \u00e0 moins de 300 $<\/h2>\n<p>Les Chromebooks peuvent \u00eatre parfaits pour travailler dans le cloud, mais tous les ordinateurs portables \u00e0 petit budget ne doivent pas n\u00e9cessairement \u00eatre un Chromebook. Voici quelques ordinateurs portables moins chers toujours \u00e9quip\u00e9s de Windows.<\/p>\n<ul>\n<li>\n<p><strong>Acer Aspire Go 14\u00a0:\u00a0279\u00a0$ chez Acer<\/strong><strong>  (au lieu de 349\u00a0$)<\/strong>. Cet ordinateur portable est un bon choix bon march\u00e9 et devrait convenir aux personnes dont le travail d\u00e9pend principalement du cloud. Il est livr\u00e9 avec un processeur AMD Ryzen 3 7320U, 128 Go de stockage, 8 Go de m\u00e9moire, un \u00e9cran de 14 pouces et Windows 11 en mode S. Notez que les ordinateurs portables en mode S ne peuvent utiliser par d\u00e9faut que les applications du Microsoft Store, bien que cela puisse \u00eatre modifi\u00e9 ult\u00e9rieurement.<\/p>\n<\/li>\n<li>\n<p><strong>Lenovo Ideapad 1\u00a0:\u00a0299\u00a0$ chez Best Buy<\/strong><strong>  (au lieu de 579\u00a0$)<\/strong>. C&rsquo;est un excellent moyen d&rsquo;obtenir un \u00e9cran tactile \u00e0 bas prix, et cela vous rapportera un \u00e9cran de 15 pouces, une puce Ryzen 5 7520U, 8 Go de m\u00e9moire et 256 Go de stockage.<\/p>\n<\/li>\n<li>\n<p><strong>Asus Vivobook Go : 199 $ sur Amazon<\/strong><strong>  (au lieu de 299\u00a0$)<\/strong>. Cet ordinateur portable fait partie des moyens les moins chers d&rsquo;obtenir Windows sur cette liste, avec une puce Ryzen 3 7320U, 8 Go de m\u00e9moire, 128 Go de stockage et un \u00e9cran de 15 pouces.<\/p>\n<\/li>\n<li>\n<p><strong>Asus Vivobook 14 pouces\u00a0: 219\u00a0$ chez Best Buy<\/strong><strong>  (au lieu de 429\u00a0$)<\/strong>. Pour un ordinateur portable \u00e0 petit budget, ce Vivobook est un bon choix. Il dispose d\u2019un \u00e9cran de 14 pouces, d\u2019une puce Intel Core i3 de 12e g\u00e9n\u00e9ration, de 8 Go de m\u00e9moire et de 128 Go de stockage.<\/p>\n<\/li>\n<\/ul>\n","protected":false},"excerpt":{"rendered":"<p>C&rsquo;est le bon moment pour une mise \u00e0 niveau. Les ordinateurs portables sont l&rsquo;un des articles les plus couramment r\u00e9duits lors du Black Friday, que<\/p>\n","protected":false},"author":1,"featured_media":2683,"comment_status":"","ping_status":"","sticky":false,"template":"","format":"standard","meta":{"footnotes":""},"categories":[13],"tags":[142,73,3413,1255,3414,427,18,1214,223],"class_list":["post-2682","post","type-post","status-publish","format-standard","has-post-thumbnail","hentry","category-technologie","tag-avant","tag-black","tag-dexcellents","tag-friday","tag-ordinateurs","tag-portables","tag-sont","tag-tas","tag-vente","generate-columns","tablet-grid-50","mobile-grid-100","grid-parent","grid-33"],"yoast_head":"<!-- This site is optimized with the Yoast SEO plugin v24.0 - https:\/\/yoast.com\/wordpress\/plugins\/seo\/ -->\n<title>Un tas d\u2019excellents ordinateurs portables sont en vente avant le Black Friday | Vie Associative<\/title>\n<meta name=\"robots\" content=\"index, follow, max-snippet:-1, max-image-preview:large, max-video-preview:-1\" \/>\n<link rel=\"canonical\" href=\"https:\/\/vieassociative.be\/actualites\/un-tas-dexcellents-ordinateurs-portables-sont-en-vente-avant-le-black-friday\/\" \/>\n<meta property=\"og:locale\" content=\"fr_FR\" \/>\n<meta property=\"og:type\" content=\"article\" \/>\n<meta property=\"og:title\" content=\"Un tas d\u2019excellents ordinateurs portables sont en vente avant le Black Friday | Vie Associative\" \/>\n<meta property=\"og:description\" content=\"C&rsquo;est le bon moment pour une mise \u00e0 niveau. Les ordinateurs portables sont l&rsquo;un des articles les plus couramment r\u00e9duits lors du Black Friday, que\" \/>\n<meta property=\"og:url\" content=\"https:\/\/vieassociative.be\/actualites\/un-tas-dexcellents-ordinateurs-portables-sont-en-vente-avant-le-black-friday\/\" \/>\n<meta property=\"og:site_name\" content=\"Vie Associative\" \/>\n<meta property=\"article:published_time\" content=\"2024-11-23T01:17:38+00:00\" \/>\n<meta property=\"og:image\" content=\"https:\/\/vieassociative.be\/actualites\/wp-content\/uploads\/2024\/09\/header_backgroundk-01-e1726694325946.png\" \/>\n\t<meta property=\"og:image:width\" content=\"279\" \/>\n\t<meta property=\"og:image:height\" content=\"92\" \/>\n\t<meta property=\"og:image:type\" content=\"image\/png\" \/>\n<meta name=\"author\" content=\"Julien\" \/>\n<meta name=\"twitter:card\" content=\"summary_large_image\" \/>\n<meta name=\"twitter:label1\" content=\"\u00c9crit par\" \/>\n\t<meta name=\"twitter:data1\" content=\"Julien\" \/>\n\t<meta name=\"twitter:label2\" content=\"Dur\u00e9e de lecture est.\" \/>\n\t<meta name=\"twitter:data2\" content=\"11 minutes\" \/>\n<script type=\"application\/ld+json\" class=\"yoast-schema-graph\">{\"@context\":\"https:\/\/schema.org\",\"@graph\":[{\"@type\":\"Article\",\"@id\":\"https:\/\/vieassociative.be\/actualites\/un-tas-dexcellents-ordinateurs-portables-sont-en-vente-avant-le-black-friday\/#article\",\"isPartOf\":{\"@id\":\"https:\/\/vieassociative.be\/actualites\/un-tas-dexcellents-ordinateurs-portables-sont-en-vente-avant-le-black-friday\/\"},\"author\":{\"name\":\"Julien\",\"@id\":\"https:\/\/vieassociative.be\/actualites\/#\/schema\/person\/b87ac4f82f9d4e7b7cec7395b679edc4\"},\"headline\":\"Un tas d\u2019excellents ordinateurs portables sont en vente avant le Black Friday\",\"datePublished\":\"2024-11-23T01:17:38+00:00\",\"dateModified\":\"2024-11-23T01:17:38+00:00\",\"mainEntityOfPage\":{\"@id\":\"https:\/\/vieassociative.be\/actualites\/un-tas-dexcellents-ordinateurs-portables-sont-en-vente-avant-le-black-friday\/\"},\"wordCount\":2204,\"publisher\":{\"@id\":\"https:\/\/vieassociative.be\/actualites\/#organization\"},\"image\":{\"@id\":\"https:\/\/vieassociative.be\/actualites\/un-tas-dexcellents-ordinateurs-portables-sont-en-vente-avant-le-black-friday\/#primaryimage\"},\"thumbnailUrl\":\"https:\/\/vieassociative.be\/actualites\/wp-content\/uploads\/2024\/11\/Un-tas-dexcellents-ordinateurs-portables-sont-en-vente-avant-le.png\",\"keywords\":[\"avant\",\"Black\",\"dexcellents\",\"Friday\",\"ordinateurs\",\"portables\",\"sont\",\"tas\",\"vente\"],\"articleSection\":[\"Technologie\"],\"inLanguage\":\"fr-BE\"},{\"@type\":\"WebPage\",\"@id\":\"https:\/\/vieassociative.be\/actualites\/un-tas-dexcellents-ordinateurs-portables-sont-en-vente-avant-le-black-friday\/\",\"url\":\"https:\/\/vieassociative.be\/actualites\/un-tas-dexcellents-ordinateurs-portables-sont-en-vente-avant-le-black-friday\/\",\"name\":\"Un tas d\u2019excellents ordinateurs portables sont en vente avant le Black Friday | Vie Associative\",\"isPartOf\":{\"@id\":\"https:\/\/vieassociative.be\/actualites\/#website\"},\"primaryImageOfPage\":{\"@id\":\"https:\/\/vieassociative.be\/actualites\/un-tas-dexcellents-ordinateurs-portables-sont-en-vente-avant-le-black-friday\/#primaryimage\"},\"image\":{\"@id\":\"https:\/\/vieassociative.be\/actualites\/un-tas-dexcellents-ordinateurs-portables-sont-en-vente-avant-le-black-friday\/#primaryimage\"},\"thumbnailUrl\":\"https:\/\/vieassociative.be\/actualites\/wp-content\/uploads\/2024\/11\/Un-tas-dexcellents-ordinateurs-portables-sont-en-vente-avant-le.png\",\"datePublished\":\"2024-11-23T01:17:38+00:00\",\"dateModified\":\"2024-11-23T01:17:38+00:00\",\"breadcrumb\":{\"@id\":\"https:\/\/vieassociative.be\/actualites\/un-tas-dexcellents-ordinateurs-portables-sont-en-vente-avant-le-black-friday\/#breadcrumb\"},\"inLanguage\":\"fr-BE\",\"potentialAction\":[{\"@type\":\"ReadAction\",\"target\":[\"https:\/\/vieassociative.be\/actualites\/un-tas-dexcellents-ordinateurs-portables-sont-en-vente-avant-le-black-friday\/\"]}]},{\"@type\":\"ImageObject\",\"inLanguage\":\"fr-BE\",\"@id\":\"https:\/\/vieassociative.be\/actualites\/un-tas-dexcellents-ordinateurs-portables-sont-en-vente-avant-le-black-friday\/#primaryimage\",\"url\":\"https:\/\/vieassociative.be\/actualites\/wp-content\/uploads\/2024\/11\/Un-tas-dexcellents-ordinateurs-portables-sont-en-vente-avant-le.png\",\"contentUrl\":\"https:\/\/vieassociative.be\/actualites\/wp-content\/uploads\/2024\/11\/Un-tas-dexcellents-ordinateurs-portables-sont-en-vente-avant-le.png\",\"width\":1200,\"height\":675,\"caption\":\"Un tas d\u2019excellents ordinateurs portables sont en vente avant le Black Friday\"},{\"@type\":\"BreadcrumbList\",\"@id\":\"https:\/\/vieassociative.be\/actualites\/un-tas-dexcellents-ordinateurs-portables-sont-en-vente-avant-le-black-friday\/#breadcrumb\",\"itemListElement\":[{\"@type\":\"ListItem\",\"position\":1,\"name\":\"Accueil\",\"item\":\"https:\/\/vieassociative.be\/actualites\/\"},{\"@type\":\"ListItem\",\"position\":2,\"name\":\"Un tas d\u2019excellents ordinateurs portables sont en vente avant le Black Friday\"}]},{\"@type\":\"WebSite\",\"@id\":\"https:\/\/vieassociative.be\/actualites\/#website\",\"url\":\"https:\/\/vieassociative.be\/actualites\/\",\"name\":\"Vie Associative\",\"description\":\"\",\"publisher\":{\"@id\":\"https:\/\/vieassociative.be\/actualites\/#organization\"},\"potentialAction\":[{\"@type\":\"SearchAction\",\"target\":{\"@type\":\"EntryPoint\",\"urlTemplate\":\"https:\/\/vieassociative.be\/actualites\/?s={search_term_string}\"},\"query-input\":{\"@type\":\"PropertyValueSpecification\",\"valueRequired\":true,\"valueName\":\"search_term_string\"}}],\"inLanguage\":\"fr-BE\"},{\"@type\":\"Organization\",\"@id\":\"https:\/\/vieassociative.be\/actualites\/#organization\",\"name\":\"Vie Associative\",\"url\":\"https:\/\/vieassociative.be\/actualites\/\",\"logo\":{\"@type\":\"ImageObject\",\"inLanguage\":\"fr-BE\",\"@id\":\"https:\/\/vieassociative.be\/actualites\/#\/schema\/logo\/image\/\",\"url\":\"https:\/\/vieassociative.be\/actualites\/wp-content\/uploads\/2024\/09\/cropped-vieassociative_favicon.ico.png\",\"contentUrl\":\"https:\/\/vieassociative.be\/actualites\/wp-content\/uploads\/2024\/09\/cropped-vieassociative_favicon.ico.png\",\"width\":512,\"height\":512,\"caption\":\"Vie Associative\"},\"image\":{\"@id\":\"https:\/\/vieassociative.be\/actualites\/#\/schema\/logo\/image\/\"}},{\"@type\":\"Person\",\"@id\":\"https:\/\/vieassociative.be\/actualites\/#\/schema\/person\/b87ac4f82f9d4e7b7cec7395b679edc4\",\"name\":\"Julien\",\"image\":{\"@type\":\"ImageObject\",\"inLanguage\":\"fr-BE\",\"@id\":\"https:\/\/vieassociative.be\/actualites\/#\/schema\/person\/image\/\",\"url\":\"https:\/\/vieassociative.be\/actualites\/wp-content\/uploads\/2024\/09\/vie-associative-1-150x150.jpg\",\"contentUrl\":\"https:\/\/vieassociative.be\/actualites\/wp-content\/uploads\/2024\/09\/vie-associative-1-150x150.jpg\",\"caption\":\"Julien\"},\"description\":\"Je suis Julien, r\u00e9dacteur pour Vie Associative. Passionn\u00e9 par le monde associatif depuis plus de 10 ans, j'ai \u00e0 c\u0153ur de partager des histoires inspirantes et de mettre en lumi\u00e8re les initiatives locales. Mon objectif est de sensibiliser et d'encourager l'engagement communautaire \u00e0 travers mes articles.\",\"sameAs\":[\"https:\/\/vieassociative.be\/\"]}]}<\/script>\n<!-- \/ Yoast SEO plugin. -->","yoast_head_json":{"title":"Un tas d\u2019excellents ordinateurs portables sont en vente avant le Black Friday | Vie Associative","robots":{"index":"index","follow":"follow","max-snippet":"max-snippet:-1","max-image-preview":"max-image-preview:large","max-video-preview":"max-video-preview:-1"},"canonical":"https:\/\/vieassociative.be\/actualites\/un-tas-dexcellents-ordinateurs-portables-sont-en-vente-avant-le-black-friday\/","og_locale":"fr_FR","og_type":"article","og_title":"Un tas d\u2019excellents ordinateurs portables sont en vente avant le Black Friday | Vie Associative","og_description":"C&rsquo;est le bon moment pour une mise \u00e0 niveau. Les ordinateurs portables sont l&rsquo;un des articles les plus couramment r\u00e9duits lors du Black Friday, que","og_url":"https:\/\/vieassociative.be\/actualites\/un-tas-dexcellents-ordinateurs-portables-sont-en-vente-avant-le-black-friday\/","og_site_name":"Vie Associative","article_published_time":"2024-11-23T01:17:38+00:00","og_image":[{"width":279,"height":92,"url":"https:\/\/vieassociative.be\/actualites\/wp-content\/uploads\/2024\/09\/header_backgroundk-01-e1726694325946.png","type":"image\/png"}],"author":"Julien","twitter_card":"summary_large_image","twitter_misc":{"\u00c9crit par":"Julien","Dur\u00e9e de lecture est.":"11 minutes"},"schema":{"@context":"https:\/\/schema.org","@graph":[{"@type":"Article","@id":"https:\/\/vieassociative.be\/actualites\/un-tas-dexcellents-ordinateurs-portables-sont-en-vente-avant-le-black-friday\/#article","isPartOf":{"@id":"https:\/\/vieassociative.be\/actualites\/un-tas-dexcellents-ordinateurs-portables-sont-en-vente-avant-le-black-friday\/"},"author":{"name":"Julien","@id":"https:\/\/vieassociative.be\/actualites\/#\/schema\/person\/b87ac4f82f9d4e7b7cec7395b679edc4"},"headline":"Un tas d\u2019excellents ordinateurs portables sont en vente avant le Black Friday","datePublished":"2024-11-23T01:17:38+00:00","dateModified":"2024-11-23T01:17:38+00:00","mainEntityOfPage":{"@id":"https:\/\/vieassociative.be\/actualites\/un-tas-dexcellents-ordinateurs-portables-sont-en-vente-avant-le-black-friday\/"},"wordCount":2204,"publisher":{"@id":"https:\/\/vieassociative.be\/actualites\/#organization"},"image":{"@id":"https:\/\/vieassociative.be\/actualites\/un-tas-dexcellents-ordinateurs-portables-sont-en-vente-avant-le-black-friday\/#primaryimage"},"thumbnailUrl":"https:\/\/vieassociative.be\/actualites\/wp-content\/uploads\/2024\/11\/Un-tas-dexcellents-ordinateurs-portables-sont-en-vente-avant-le.png","keywords":["avant","Black","dexcellents","Friday","ordinateurs","portables","sont","tas","vente"],"articleSection":["Technologie"],"inLanguage":"fr-BE"},{"@type":"WebPage","@id":"https:\/\/vieassociative.be\/actualites\/un-tas-dexcellents-ordinateurs-portables-sont-en-vente-avant-le-black-friday\/","url":"https:\/\/vieassociative.be\/actualites\/un-tas-dexcellents-ordinateurs-portables-sont-en-vente-avant-le-black-friday\/","name":"Un tas d\u2019excellents ordinateurs portables sont en vente avant le Black Friday | Vie Associative","isPartOf":{"@id":"https:\/\/vieassociative.be\/actualites\/#website"},"primaryImageOfPage":{"@id":"https:\/\/vieassociative.be\/actualites\/un-tas-dexcellents-ordinateurs-portables-sont-en-vente-avant-le-black-friday\/#primaryimage"},"image":{"@id":"https:\/\/vieassociative.be\/actualites\/un-tas-dexcellents-ordinateurs-portables-sont-en-vente-avant-le-black-friday\/#primaryimage"},"thumbnailUrl":"https:\/\/vieassociative.be\/actualites\/wp-content\/uploads\/2024\/11\/Un-tas-dexcellents-ordinateurs-portables-sont-en-vente-avant-le.png","datePublished":"2024-11-23T01:17:38+00:00","dateModified":"2024-11-23T01:17:38+00:00","breadcrumb":{"@id":"https:\/\/vieassociative.be\/actualites\/un-tas-dexcellents-ordinateurs-portables-sont-en-vente-avant-le-black-friday\/#breadcrumb"},"inLanguage":"fr-BE","potentialAction":[{"@type":"ReadAction","target":["https:\/\/vieassociative.be\/actualites\/un-tas-dexcellents-ordinateurs-portables-sont-en-vente-avant-le-black-friday\/"]}]},{"@type":"ImageObject","inLanguage":"fr-BE","@id":"https:\/\/vieassociative.be\/actualites\/un-tas-dexcellents-ordinateurs-portables-sont-en-vente-avant-le-black-friday\/#primaryimage","url":"https:\/\/vieassociative.be\/actualites\/wp-content\/uploads\/2024\/11\/Un-tas-dexcellents-ordinateurs-portables-sont-en-vente-avant-le.png","contentUrl":"https:\/\/vieassociative.be\/actualites\/wp-content\/uploads\/2024\/11\/Un-tas-dexcellents-ordinateurs-portables-sont-en-vente-avant-le.png","width":1200,"height":675,"caption":"Un tas d\u2019excellents ordinateurs portables sont en vente avant le Black Friday"},{"@type":"BreadcrumbList","@id":"https:\/\/vieassociative.be\/actualites\/un-tas-dexcellents-ordinateurs-portables-sont-en-vente-avant-le-black-friday\/#breadcrumb","itemListElement":[{"@type":"ListItem","position":1,"name":"Accueil","item":"https:\/\/vieassociative.be\/actualites\/"},{"@type":"ListItem","position":2,"name":"Un tas d\u2019excellents ordinateurs portables sont en vente avant le Black Friday"}]},{"@type":"WebSite","@id":"https:\/\/vieassociative.be\/actualites\/#website","url":"https:\/\/vieassociative.be\/actualites\/","name":"Vie Associative","description":"","publisher":{"@id":"https:\/\/vieassociative.be\/actualites\/#organization"},"potentialAction":[{"@type":"SearchAction","target":{"@type":"EntryPoint","urlTemplate":"https:\/\/vieassociative.be\/actualites\/?s={search_term_string}"},"query-input":{"@type":"PropertyValueSpecification","valueRequired":true,"valueName":"search_term_string"}}],"inLanguage":"fr-BE"},{"@type":"Organization","@id":"https:\/\/vieassociative.be\/actualites\/#organization","name":"Vie Associative","url":"https:\/\/vieassociative.be\/actualites\/","logo":{"@type":"ImageObject","inLanguage":"fr-BE","@id":"https:\/\/vieassociative.be\/actualites\/#\/schema\/logo\/image\/","url":"https:\/\/vieassociative.be\/actualites\/wp-content\/uploads\/2024\/09\/cropped-vieassociative_favicon.ico.png","contentUrl":"https:\/\/vieassociative.be\/actualites\/wp-content\/uploads\/2024\/09\/cropped-vieassociative_favicon.ico.png","width":512,"height":512,"caption":"Vie Associative"},"image":{"@id":"https:\/\/vieassociative.be\/actualites\/#\/schema\/logo\/image\/"}},{"@type":"Person","@id":"https:\/\/vieassociative.be\/actualites\/#\/schema\/person\/b87ac4f82f9d4e7b7cec7395b679edc4","name":"Julien","image":{"@type":"ImageObject","inLanguage":"fr-BE","@id":"https:\/\/vieassociative.be\/actualites\/#\/schema\/person\/image\/","url":"https:\/\/vieassociative.be\/actualites\/wp-content\/uploads\/2024\/09\/vie-associative-1-150x150.jpg","contentUrl":"https:\/\/vieassociative.be\/actualites\/wp-content\/uploads\/2024\/09\/vie-associative-1-150x150.jpg","caption":"Julien"},"description":"Je suis Julien, r\u00e9dacteur pour Vie Associative. Passionn\u00e9 par le monde associatif depuis plus de 10 ans, j'ai \u00e0 c\u0153ur de partager des histoires inspirantes et de mettre en lumi\u00e8re les initiatives locales. Mon objectif est de sensibiliser et d'encourager l'engagement communautaire \u00e0 travers mes articles.","sameAs":["https:\/\/vieassociative.be\/"]}]}},"_links":{"self":[{"href":"https:\/\/vieassociative.be\/actualites\/wp-json\/wp\/v2\/posts\/2682"}],"collection":[{"href":"https:\/\/vieassociative.be\/actualites\/wp-json\/wp\/v2\/posts"}],"about":[{"href":"https:\/\/vieassociative.be\/actualites\/wp-json\/wp\/v2\/types\/post"}],"author":[{"embeddable":true,"href":"https:\/\/vieassociative.be\/actualites\/wp-json\/wp\/v2\/users\/1"}],"replies":[{"embeddable":true,"href":"https:\/\/vieassociative.be\/actualites\/wp-json\/wp\/v2\/comments?post=2682"}],"version-history":[{"count":0,"href":"https:\/\/vieassociative.be\/actualites\/wp-json\/wp\/v2\/posts\/2682\/revisions"}],"wp:featuredmedia":[{"embeddable":true,"href":"https:\/\/vieassociative.be\/actualites\/wp-json\/wp\/v2\/media\/2683"}],"wp:attachment":[{"href":"https:\/\/vieassociative.be\/actualites\/wp-json\/wp\/v2\/media?parent=2682"}],"wp:term":[{"taxonomy":"category","embeddable":true,"href":"https:\/\/vieassociative.be\/actualites\/wp-json\/wp\/v2\/categories?post=2682"},{"taxonomy":"post_tag","embeddable":true,"href":"https:\/\/vieassociative.be\/actualites\/wp-json\/wp\/v2\/tags?post=2682"}],"curies":[{"name":"wp","href":"https:\/\/api.w.org\/{rel}","templated":true}]}}