{"id":2680,"date":"2024-11-23T00:20:10","date_gmt":"2024-11-22T23:20:10","guid":{"rendered":"https:\/\/vieassociative.be\/actualites\/creez-une-capsule-temporelle-avec-une-honnetete-radicale\/"},"modified":"2024-11-23T00:20:10","modified_gmt":"2024-11-22T23:20:10","slug":"creez-une-capsule-temporelle-avec-une-honnetete-radicale","status":"publish","type":"post","link":"https:\/\/vieassociative.be\/actualites\/creez-une-capsule-temporelle-avec-une-honnetete-radicale\/","title":{"rendered":"Cr\u00e9ez une capsule temporelle avec une honn\u00eatet\u00e9 radicale"},"content":{"rendered":"<div class=\"mt-4 leading-6 md:mb-8\">Au lieu de pr\u00e9tendre que votre vie est parfaite, pourquoi ne pas \u00eatre honn\u00eate pour changer ?<\/div>\n<p><\/p>\n<p>J&rsquo;adorais l&rsquo;id\u00e9e des capsules temporelles quand j&rsquo;\u00e9tais enfant. J&rsquo;avais l&rsquo;habitude de r\u00e9cup\u00e9rer des figurines et des pogs dont je ne voulais plus et de les enterrer dans une bo\u00eete marqu\u00e9e \u00ab\u00a0ne pas ouvrir pour <em>20 ans,<\/em>\u00bb et imaginez un futur terrien dans une combinaison spatiale argent\u00e9e se demandant ce que signifient ces \u00e9tranges artefacts. J&rsquo;ai oubli\u00e9 o\u00f9 je les ai tous enterr\u00e9s, bien s\u00fbr.<\/p>\n<p>Maintenant que je suis vieux, j&rsquo;ai perdu tout enthousiasme pour les capsules temporelles. L\u2019id\u00e9e est solide, mais les \u00e9l\u00e9ments que nous y mettons ne le sont pas. Qu&rsquo;il s&rsquo;agisse de capsules temporelles \u00ab officielles \u00bb comme celle enterr\u00e9e par Paul Revere et Sam Adams, ou de \u00ab capsules temporelles familiales \u00bb qui vivent un moment culturel dans le verset parental, l&rsquo;anticipation que nous ressentons pour les secrets qu&rsquo;elles contiennent est toujours suivie par le d\u00e9ception de leur contenu. Nous remplissons les capsules temporelles de souvenirs flatteurs et soigneusement s\u00e9lectionn\u00e9s (chaussures de b\u00e9b\u00e9, vieilles pi\u00e8ces de monnaie, photos de vacances) dans le but de nous pr\u00e9senter sous le meilleur de nous-m\u00eames \u00e0 l&rsquo;avenir. Les capsules temporelles ne sont pas des histoires, ce sont des hagiographies \u2013 \u00e9go\u00efstes, ennuyeuses et inutiles. Mais ce n\u2019est pas obligatoire. <\/p>\n<h2 id=\"make-better-time-capsules-with-radical-honesty\"><strong>Cr\u00e9ez de meilleures capsules temporelles avec une honn\u00eatet\u00e9 radicale<\/strong><\/h2>\n<p>Si vous \u00eates un bon parent, vous pr\u00e9sentez \u00e0 vos enfants une version soigneusement \u00e9dit\u00e9e de vous-m\u00eame. Vous pleurez sous la douche, pas quand vous les conduisez \u00e0 l&rsquo;\u00e9cole. Si vous \u00e9tiez honn\u00eate avec votre prog\u00e9niture sur la fa\u00e7on dont vous vous sentez perdu et sur la fa\u00e7on dont vous vous envolez chaque jour, ce serait <em>terrifiant<\/em>. <\/p>\n<p>Cependant, lorsque les enfants grandissent, ils ne veulent pas d\u2019une version blanchie \u00e0 la chaux de maman et papa. Ils veulent la salet\u00e9. Ils veulent consid\u00e9rer leurs parents comme de v\u00e9ritables \u00eatres humains, avec leurs d\u00e9fauts et tout, afin de comprendre pourquoi les choses se sont d\u00e9roul\u00e9es comme elles l&rsquo;ont fait. C\u2019est l\u00e0 qu\u2019intervient ma honn\u00eate capsule temporelle. <\/p>\n<h2 id=\"what-to-put-in-your-honest-time-capsule\"><strong>Que mettre dans votre honn\u00eate capsule temporelle<\/strong><\/h2>\n<p>Une capsule temporelle honn\u00eate ne devrait contenir que des souvenirs des secrets que vous cachez \u00e0 vos enfants, votre conjoint et vos autres proches. Les d\u00e9tails, bien s\u00fbr, d\u00e9pendront de vos propres \u00e9checs personnels, mais voici quelques id\u00e9es pour commencer\u00a0:<\/p>\n<ul>\n<li>\n<p>Un cafard pour comm\u00e9morer la marijuana que vous fumiez le plus souvent possible pour traverser les ann\u00e9es de tout-petit<\/p>\n<\/li>\n<li>\n<p>Vos notes r\u00e9elles au lyc\u00e9e, avec D et F, ainsi que tous les avis disciplinaires<\/p>\n<\/li>\n<li>\n<p>Liste de tous ceux que vous avez vraiment d\u00e9test\u00e9s et pourquoi<\/p>\n<\/li>\n<li>\n<p>Une copie des m\u00e9dicaments sur ordonnance que vous prenez pour la d\u00e9pression, l&rsquo;anxi\u00e9t\u00e9 et tout autre probl\u00e8me dont vous souffrez<\/p>\n<\/li>\n<li>\n<p>Diverses factures impay\u00e9es et avis d\u2019expulsion<\/p>\n<\/li>\n<li>\n<p>Notes de vos s\u00e9ances de conseil matrimonial<\/p>\n<\/li>\n<li>\n<p>Une explication de ce que <em>vraiment<\/em> c&rsquo;est arriv\u00e9 au chiot qui a mordu l&rsquo;enfant d&rsquo;\u00e0 c\u00f4t\u00e9 (non, il n&rsquo;a pas \u00e9t\u00e9 emmen\u00e9 dans une ferme du nord de l&rsquo;\u00c9tat)<\/p>\n<\/li>\n<li>\n<p>Une note qui explique lequel des amis de votre enfant vous d\u00e9testiez secr\u00e8tement<\/p>\n<\/li>\n<li>\n<p>Une copie du \u00ab roman \u00bb que vous avez \u00e9crit en 10e ann\u00e9e<\/p>\n<\/li>\n<li>\n<p>Lettres d&rsquo;amour \u00e0 tous les partenaires que vous aviez avant votre conjoint<\/p>\n<\/li>\n<li>\n<p>Plut\u00f4t que la recette de jambon de votre arri\u00e8re-grand-m\u00e8re que vous avez essay\u00e9e une fois \u00e0 No\u00ebl, gardez une liste des nuggets de poulet et du yaourt surgel\u00e9s que vous <em>en fait<\/em> nourrissez votre enfant tous les jours parce qu&rsquo;il ne mangerait rien d&rsquo;autre<\/p>\n<\/li>\n<li>\n<p>Photos incriminantes des f\u00eates de votre jeunesse<\/p>\n<\/li>\n<li>\n<p>Documents de faillite\/dossiers d&rsquo;arrestation<\/p>\n<\/li>\n<li>\n<p>Notes manuscrites d&rsquo;amis et de parents \u00e0 qui il est demand\u00e9 de donner une \u00e9valuation honn\u00eate de votre caract\u00e8re (<em>vous ne devez en aucun cas lire ces notes vous-m\u00eame<\/em>)<\/p>\n<\/li>\n<li>\n<p>Si vous avez plus d&rsquo;un enfant, la r\u00e9v\u00e9lation finale de votre pr\u00e9f\u00e9r\u00e9<\/p>\n<\/li>\n<\/ul>\n<h2 id=\"where-to-bury-your-honest-time-capsule\"><strong>O\u00f9 enterrer votre honn\u00eate capsule temporelle<\/strong><\/h2>\n<p>Vous pouvez ranger une capsule temporelle familiale \u00ab\u00a0normale\u00a0\u00bb au fond du placard, car personne ne l&rsquo;ouvrira jamais jusqu&rsquo;\u00e0 ce que maman le force \u00e0 le faire, mais des pr\u00e9cautions suppl\u00e9mentaires doivent \u00eatre prises avec votre honn\u00eate capsule temporelle. Si vous l&rsquo;avez fait correctement, une r\u00e9v\u00e9lation pr\u00e9coce pourrait entra\u00eener un traumatisme psychologique, un chantage ou une arrestation, alors assurez-vous de la cacher dans un endroit o\u00f9 personne ne la regardera jusqu&rsquo;\u00e0 votre mort. Peut-\u00eatre une bo\u00eete marqu\u00e9e \u00ab re\u00e7us de d\u00e9claration d\u2019imp\u00f4ts \u00bb ou avec les notes du roman que vous avez \u00e9crit en 10e ann\u00e9e. <\/p>\n<h2 id=\"when-to-open-your-honest-time-capsule\"><strong>Quand ouvrir votre honn\u00eate capsule temporelle<\/strong><\/h2>\n<p>C\u2019est vital : ne laissez pas votre honn\u00eate capsule temporelle s\u2019ouvrir avant votre mort. Vous ne voulez pas avoir \u00e0 expliquer. Mais vous devez vous assurer qu&rsquo;il y a une note \u00e0 l&rsquo;int\u00e9rieur qui explique que ce mat\u00e9riel doit \u00eatre transmis aux g\u00e9n\u00e9rations futures. Imaginez si vous connaissiez tous les secrets bien gard\u00e9s de votre arri\u00e8re-grand-m\u00e8re. Ne serait-ce pas plus int\u00e9ressant qu&rsquo;une recette de jambon et une chaussure de b\u00e9b\u00e9 bronz\u00e9e ?<\/p>\n<p><\/p>\n","protected":false},"excerpt":{"rendered":"<p>Au lieu de pr\u00e9tendre que votre vie est parfaite, pourquoi ne pas \u00eatre honn\u00eate pour changer ? J&rsquo;adorais l&rsquo;id\u00e9e des capsules temporelles quand j&rsquo;\u00e9tais enfant.<\/p>\n","protected":false},"author":1,"featured_media":2681,"comment_status":"","ping_status":"","sticky":false,"template":"","format":"standard","meta":{"footnotes":""},"categories":[37],"tags":[61,3409,1022,3411,3412,3410,110],"class_list":["post-2680","post","type-post","status-publish","format-standard","has-post-thumbnail","hentry","category-famille","tag-avec","tag-capsule","tag-creez","tag-honnetete","tag-radicale","tag-temporelle","tag-une","generate-columns","tablet-grid-50","mobile-grid-100","grid-parent","grid-33"],"yoast_head":"<!-- This site is optimized with the Yoast SEO plugin v24.0 - https:\/\/yoast.com\/wordpress\/plugins\/seo\/ -->\n<title>Cr\u00e9ez une capsule temporelle avec une honn\u00eatet\u00e9 radicale | Vie Associative<\/title>\n<meta name=\"robots\" content=\"index, follow, max-snippet:-1, max-image-preview:large, max-video-preview:-1\" \/>\n<link rel=\"canonical\" href=\"https:\/\/vieassociative.be\/actualites\/creez-une-capsule-temporelle-avec-une-honnetete-radicale\/\" \/>\n<meta property=\"og:locale\" content=\"fr_FR\" \/>\n<meta property=\"og:type\" content=\"article\" \/>\n<meta property=\"og:title\" content=\"Cr\u00e9ez une capsule temporelle avec une honn\u00eatet\u00e9 radicale | Vie Associative\" \/>\n<meta property=\"og:description\" content=\"Au lieu de pr\u00e9tendre que votre vie est parfaite, pourquoi ne pas \u00eatre honn\u00eate pour changer ? J&rsquo;adorais l&rsquo;id\u00e9e des capsules temporelles quand j&rsquo;\u00e9tais enfant.\" \/>\n<meta property=\"og:url\" content=\"https:\/\/vieassociative.be\/actualites\/creez-une-capsule-temporelle-avec-une-honnetete-radicale\/\" \/>\n<meta property=\"og:site_name\" content=\"Vie Associative\" \/>\n<meta property=\"article:published_time\" content=\"2024-11-22T23:20:10+00:00\" \/>\n<meta property=\"og:image\" content=\"https:\/\/vieassociative.be\/actualites\/wp-content\/uploads\/2024\/09\/header_backgroundk-01-e1726694325946.png\" \/>\n\t<meta property=\"og:image:width\" content=\"279\" \/>\n\t<meta property=\"og:image:height\" content=\"92\" \/>\n\t<meta property=\"og:image:type\" content=\"image\/png\" \/>\n<meta name=\"author\" content=\"Julien\" \/>\n<meta name=\"twitter:card\" content=\"summary_large_image\" \/>\n<meta name=\"twitter:label1\" content=\"\u00c9crit par\" \/>\n\t<meta name=\"twitter:data1\" content=\"Julien\" \/>\n\t<meta name=\"twitter:label2\" content=\"Dur\u00e9e de lecture est.\" \/>\n\t<meta name=\"twitter:data2\" content=\"4 minutes\" \/>\n<script type=\"application\/ld+json\" class=\"yoast-schema-graph\">{\"@context\":\"https:\/\/schema.org\",\"@graph\":[{\"@type\":\"Article\",\"@id\":\"https:\/\/vieassociative.be\/actualites\/creez-une-capsule-temporelle-avec-une-honnetete-radicale\/#article\",\"isPartOf\":{\"@id\":\"https:\/\/vieassociative.be\/actualites\/creez-une-capsule-temporelle-avec-une-honnetete-radicale\/\"},\"author\":{\"name\":\"Julien\",\"@id\":\"https:\/\/vieassociative.be\/actualites\/#\/schema\/person\/b87ac4f82f9d4e7b7cec7395b679edc4\"},\"headline\":\"Cr\u00e9ez une capsule temporelle avec une honn\u00eatet\u00e9 radicale\",\"datePublished\":\"2024-11-22T23:20:10+00:00\",\"dateModified\":\"2024-11-22T23:20:10+00:00\",\"mainEntityOfPage\":{\"@id\":\"https:\/\/vieassociative.be\/actualites\/creez-une-capsule-temporelle-avec-une-honnetete-radicale\/\"},\"wordCount\":931,\"publisher\":{\"@id\":\"https:\/\/vieassociative.be\/actualites\/#organization\"},\"image\":{\"@id\":\"https:\/\/vieassociative.be\/actualites\/creez-une-capsule-temporelle-avec-une-honnetete-radicale\/#primaryimage\"},\"thumbnailUrl\":\"https:\/\/vieassociative.be\/actualites\/wp-content\/uploads\/2024\/11\/Creez-une-capsule-temporelle-avec-une-honnetete-radicale.jpg\",\"keywords\":[\"avec\",\"capsule\",\"Cr\u00e9ez\",\"honn\u00eatet\u00e9\",\"radicale\",\"temporelle\",\"une\"],\"articleSection\":[\"Famille\"],\"inLanguage\":\"fr-BE\"},{\"@type\":\"WebPage\",\"@id\":\"https:\/\/vieassociative.be\/actualites\/creez-une-capsule-temporelle-avec-une-honnetete-radicale\/\",\"url\":\"https:\/\/vieassociative.be\/actualites\/creez-une-capsule-temporelle-avec-une-honnetete-radicale\/\",\"name\":\"Cr\u00e9ez une capsule temporelle avec une honn\u00eatet\u00e9 radicale | Vie Associative\",\"isPartOf\":{\"@id\":\"https:\/\/vieassociative.be\/actualites\/#website\"},\"primaryImageOfPage\":{\"@id\":\"https:\/\/vieassociative.be\/actualites\/creez-une-capsule-temporelle-avec-une-honnetete-radicale\/#primaryimage\"},\"image\":{\"@id\":\"https:\/\/vieassociative.be\/actualites\/creez-une-capsule-temporelle-avec-une-honnetete-radicale\/#primaryimage\"},\"thumbnailUrl\":\"https:\/\/vieassociative.be\/actualites\/wp-content\/uploads\/2024\/11\/Creez-une-capsule-temporelle-avec-une-honnetete-radicale.jpg\",\"datePublished\":\"2024-11-22T23:20:10+00:00\",\"dateModified\":\"2024-11-22T23:20:10+00:00\",\"breadcrumb\":{\"@id\":\"https:\/\/vieassociative.be\/actualites\/creez-une-capsule-temporelle-avec-une-honnetete-radicale\/#breadcrumb\"},\"inLanguage\":\"fr-BE\",\"potentialAction\":[{\"@type\":\"ReadAction\",\"target\":[\"https:\/\/vieassociative.be\/actualites\/creez-une-capsule-temporelle-avec-une-honnetete-radicale\/\"]}]},{\"@type\":\"ImageObject\",\"inLanguage\":\"fr-BE\",\"@id\":\"https:\/\/vieassociative.be\/actualites\/creez-une-capsule-temporelle-avec-une-honnetete-radicale\/#primaryimage\",\"url\":\"https:\/\/vieassociative.be\/actualites\/wp-content\/uploads\/2024\/11\/Creez-une-capsule-temporelle-avec-une-honnetete-radicale.jpg\",\"contentUrl\":\"https:\/\/vieassociative.be\/actualites\/wp-content\/uploads\/2024\/11\/Creez-une-capsule-temporelle-avec-une-honnetete-radicale.jpg\",\"width\":1200,\"height\":675,\"caption\":\"Cr\u00e9ez une capsule temporelle avec une honn\u00eatet\u00e9 radicale\"},{\"@type\":\"BreadcrumbList\",\"@id\":\"https:\/\/vieassociative.be\/actualites\/creez-une-capsule-temporelle-avec-une-honnetete-radicale\/#breadcrumb\",\"itemListElement\":[{\"@type\":\"ListItem\",\"position\":1,\"name\":\"Accueil\",\"item\":\"https:\/\/vieassociative.be\/actualites\/\"},{\"@type\":\"ListItem\",\"position\":2,\"name\":\"Cr\u00e9ez une capsule temporelle avec une honn\u00eatet\u00e9 radicale\"}]},{\"@type\":\"WebSite\",\"@id\":\"https:\/\/vieassociative.be\/actualites\/#website\",\"url\":\"https:\/\/vieassociative.be\/actualites\/\",\"name\":\"Vie Associative\",\"description\":\"\",\"publisher\":{\"@id\":\"https:\/\/vieassociative.be\/actualites\/#organization\"},\"potentialAction\":[{\"@type\":\"SearchAction\",\"target\":{\"@type\":\"EntryPoint\",\"urlTemplate\":\"https:\/\/vieassociative.be\/actualites\/?s={search_term_string}\"},\"query-input\":{\"@type\":\"PropertyValueSpecification\",\"valueRequired\":true,\"valueName\":\"search_term_string\"}}],\"inLanguage\":\"fr-BE\"},{\"@type\":\"Organization\",\"@id\":\"https:\/\/vieassociative.be\/actualites\/#organization\",\"name\":\"Vie Associative\",\"url\":\"https:\/\/vieassociative.be\/actualites\/\",\"logo\":{\"@type\":\"ImageObject\",\"inLanguage\":\"fr-BE\",\"@id\":\"https:\/\/vieassociative.be\/actualites\/#\/schema\/logo\/image\/\",\"url\":\"https:\/\/vieassociative.be\/actualites\/wp-content\/uploads\/2024\/09\/cropped-vieassociative_favicon.ico.png\",\"contentUrl\":\"https:\/\/vieassociative.be\/actualites\/wp-content\/uploads\/2024\/09\/cropped-vieassociative_favicon.ico.png\",\"width\":512,\"height\":512,\"caption\":\"Vie Associative\"},\"image\":{\"@id\":\"https:\/\/vieassociative.be\/actualites\/#\/schema\/logo\/image\/\"}},{\"@type\":\"Person\",\"@id\":\"https:\/\/vieassociative.be\/actualites\/#\/schema\/person\/b87ac4f82f9d4e7b7cec7395b679edc4\",\"name\":\"Julien\",\"image\":{\"@type\":\"ImageObject\",\"inLanguage\":\"fr-BE\",\"@id\":\"https:\/\/vieassociative.be\/actualites\/#\/schema\/person\/image\/\",\"url\":\"https:\/\/vieassociative.be\/actualites\/wp-content\/uploads\/2024\/09\/vie-associative-1-150x150.jpg\",\"contentUrl\":\"https:\/\/vieassociative.be\/actualites\/wp-content\/uploads\/2024\/09\/vie-associative-1-150x150.jpg\",\"caption\":\"Julien\"},\"description\":\"Je suis Julien, r\u00e9dacteur pour Vie Associative. Passionn\u00e9 par le monde associatif depuis plus de 10 ans, j'ai \u00e0 c\u0153ur de partager des histoires inspirantes et de mettre en lumi\u00e8re les initiatives locales. Mon objectif est de sensibiliser et d'encourager l'engagement communautaire \u00e0 travers mes articles.\",\"sameAs\":[\"https:\/\/vieassociative.be\/\"]}]}<\/script>\n<!-- \/ Yoast SEO plugin. -->","yoast_head_json":{"title":"Cr\u00e9ez une capsule temporelle avec une honn\u00eatet\u00e9 radicale | Vie Associative","robots":{"index":"index","follow":"follow","max-snippet":"max-snippet:-1","max-image-preview":"max-image-preview:large","max-video-preview":"max-video-preview:-1"},"canonical":"https:\/\/vieassociative.be\/actualites\/creez-une-capsule-temporelle-avec-une-honnetete-radicale\/","og_locale":"fr_FR","og_type":"article","og_title":"Cr\u00e9ez une capsule temporelle avec une honn\u00eatet\u00e9 radicale | Vie Associative","og_description":"Au lieu de pr\u00e9tendre que votre vie est parfaite, pourquoi ne pas \u00eatre honn\u00eate pour changer ? J&rsquo;adorais l&rsquo;id\u00e9e des capsules temporelles quand j&rsquo;\u00e9tais enfant.","og_url":"https:\/\/vieassociative.be\/actualites\/creez-une-capsule-temporelle-avec-une-honnetete-radicale\/","og_site_name":"Vie Associative","article_published_time":"2024-11-22T23:20:10+00:00","og_image":[{"width":279,"height":92,"url":"https:\/\/vieassociative.be\/actualites\/wp-content\/uploads\/2024\/09\/header_backgroundk-01-e1726694325946.png","type":"image\/png"}],"author":"Julien","twitter_card":"summary_large_image","twitter_misc":{"\u00c9crit par":"Julien","Dur\u00e9e de lecture est.":"4 minutes"},"schema":{"@context":"https:\/\/schema.org","@graph":[{"@type":"Article","@id":"https:\/\/vieassociative.be\/actualites\/creez-une-capsule-temporelle-avec-une-honnetete-radicale\/#article","isPartOf":{"@id":"https:\/\/vieassociative.be\/actualites\/creez-une-capsule-temporelle-avec-une-honnetete-radicale\/"},"author":{"name":"Julien","@id":"https:\/\/vieassociative.be\/actualites\/#\/schema\/person\/b87ac4f82f9d4e7b7cec7395b679edc4"},"headline":"Cr\u00e9ez une capsule temporelle avec une honn\u00eatet\u00e9 radicale","datePublished":"2024-11-22T23:20:10+00:00","dateModified":"2024-11-22T23:20:10+00:00","mainEntityOfPage":{"@id":"https:\/\/vieassociative.be\/actualites\/creez-une-capsule-temporelle-avec-une-honnetete-radicale\/"},"wordCount":931,"publisher":{"@id":"https:\/\/vieassociative.be\/actualites\/#organization"},"image":{"@id":"https:\/\/vieassociative.be\/actualites\/creez-une-capsule-temporelle-avec-une-honnetete-radicale\/#primaryimage"},"thumbnailUrl":"https:\/\/vieassociative.be\/actualites\/wp-content\/uploads\/2024\/11\/Creez-une-capsule-temporelle-avec-une-honnetete-radicale.jpg","keywords":["avec","capsule","Cr\u00e9ez","honn\u00eatet\u00e9","radicale","temporelle","une"],"articleSection":["Famille"],"inLanguage":"fr-BE"},{"@type":"WebPage","@id":"https:\/\/vieassociative.be\/actualites\/creez-une-capsule-temporelle-avec-une-honnetete-radicale\/","url":"https:\/\/vieassociative.be\/actualites\/creez-une-capsule-temporelle-avec-une-honnetete-radicale\/","name":"Cr\u00e9ez une capsule temporelle avec une honn\u00eatet\u00e9 radicale | Vie Associative","isPartOf":{"@id":"https:\/\/vieassociative.be\/actualites\/#website"},"primaryImageOfPage":{"@id":"https:\/\/vieassociative.be\/actualites\/creez-une-capsule-temporelle-avec-une-honnetete-radicale\/#primaryimage"},"image":{"@id":"https:\/\/vieassociative.be\/actualites\/creez-une-capsule-temporelle-avec-une-honnetete-radicale\/#primaryimage"},"thumbnailUrl":"https:\/\/vieassociative.be\/actualites\/wp-content\/uploads\/2024\/11\/Creez-une-capsule-temporelle-avec-une-honnetete-radicale.jpg","datePublished":"2024-11-22T23:20:10+00:00","dateModified":"2024-11-22T23:20:10+00:00","breadcrumb":{"@id":"https:\/\/vieassociative.be\/actualites\/creez-une-capsule-temporelle-avec-une-honnetete-radicale\/#breadcrumb"},"inLanguage":"fr-BE","potentialAction":[{"@type":"ReadAction","target":["https:\/\/vieassociative.be\/actualites\/creez-une-capsule-temporelle-avec-une-honnetete-radicale\/"]}]},{"@type":"ImageObject","inLanguage":"fr-BE","@id":"https:\/\/vieassociative.be\/actualites\/creez-une-capsule-temporelle-avec-une-honnetete-radicale\/#primaryimage","url":"https:\/\/vieassociative.be\/actualites\/wp-content\/uploads\/2024\/11\/Creez-une-capsule-temporelle-avec-une-honnetete-radicale.jpg","contentUrl":"https:\/\/vieassociative.be\/actualites\/wp-content\/uploads\/2024\/11\/Creez-une-capsule-temporelle-avec-une-honnetete-radicale.jpg","width":1200,"height":675,"caption":"Cr\u00e9ez une capsule temporelle avec une honn\u00eatet\u00e9 radicale"},{"@type":"BreadcrumbList","@id":"https:\/\/vieassociative.be\/actualites\/creez-une-capsule-temporelle-avec-une-honnetete-radicale\/#breadcrumb","itemListElement":[{"@type":"ListItem","position":1,"name":"Accueil","item":"https:\/\/vieassociative.be\/actualites\/"},{"@type":"ListItem","position":2,"name":"Cr\u00e9ez une capsule temporelle avec une honn\u00eatet\u00e9 radicale"}]},{"@type":"WebSite","@id":"https:\/\/vieassociative.be\/actualites\/#website","url":"https:\/\/vieassociative.be\/actualites\/","name":"Vie Associative","description":"","publisher":{"@id":"https:\/\/vieassociative.be\/actualites\/#organization"},"potentialAction":[{"@type":"SearchAction","target":{"@type":"EntryPoint","urlTemplate":"https:\/\/vieassociative.be\/actualites\/?s={search_term_string}"},"query-input":{"@type":"PropertyValueSpecification","valueRequired":true,"valueName":"search_term_string"}}],"inLanguage":"fr-BE"},{"@type":"Organization","@id":"https:\/\/vieassociative.be\/actualites\/#organization","name":"Vie Associative","url":"https:\/\/vieassociative.be\/actualites\/","logo":{"@type":"ImageObject","inLanguage":"fr-BE","@id":"https:\/\/vieassociative.be\/actualites\/#\/schema\/logo\/image\/","url":"https:\/\/vieassociative.be\/actualites\/wp-content\/uploads\/2024\/09\/cropped-vieassociative_favicon.ico.png","contentUrl":"https:\/\/vieassociative.be\/actualites\/wp-content\/uploads\/2024\/09\/cropped-vieassociative_favicon.ico.png","width":512,"height":512,"caption":"Vie Associative"},"image":{"@id":"https:\/\/vieassociative.be\/actualites\/#\/schema\/logo\/image\/"}},{"@type":"Person","@id":"https:\/\/vieassociative.be\/actualites\/#\/schema\/person\/b87ac4f82f9d4e7b7cec7395b679edc4","name":"Julien","image":{"@type":"ImageObject","inLanguage":"fr-BE","@id":"https:\/\/vieassociative.be\/actualites\/#\/schema\/person\/image\/","url":"https:\/\/vieassociative.be\/actualites\/wp-content\/uploads\/2024\/09\/vie-associative-1-150x150.jpg","contentUrl":"https:\/\/vieassociative.be\/actualites\/wp-content\/uploads\/2024\/09\/vie-associative-1-150x150.jpg","caption":"Julien"},"description":"Je suis Julien, r\u00e9dacteur pour Vie Associative. Passionn\u00e9 par le monde associatif depuis plus de 10 ans, j'ai \u00e0 c\u0153ur de partager des histoires inspirantes et de mettre en lumi\u00e8re les initiatives locales. Mon objectif est de sensibiliser et d'encourager l'engagement communautaire \u00e0 travers mes articles.","sameAs":["https:\/\/vieassociative.be\/"]}]}},"_links":{"self":[{"href":"https:\/\/vieassociative.be\/actualites\/wp-json\/wp\/v2\/posts\/2680"}],"collection":[{"href":"https:\/\/vieassociative.be\/actualites\/wp-json\/wp\/v2\/posts"}],"about":[{"href":"https:\/\/vieassociative.be\/actualites\/wp-json\/wp\/v2\/types\/post"}],"author":[{"embeddable":true,"href":"https:\/\/vieassociative.be\/actualites\/wp-json\/wp\/v2\/users\/1"}],"replies":[{"embeddable":true,"href":"https:\/\/vieassociative.be\/actualites\/wp-json\/wp\/v2\/comments?post=2680"}],"version-history":[{"count":0,"href":"https:\/\/vieassociative.be\/actualites\/wp-json\/wp\/v2\/posts\/2680\/revisions"}],"wp:featuredmedia":[{"embeddable":true,"href":"https:\/\/vieassociative.be\/actualites\/wp-json\/wp\/v2\/media\/2681"}],"wp:attachment":[{"href":"https:\/\/vieassociative.be\/actualites\/wp-json\/wp\/v2\/media?parent=2680"}],"wp:term":[{"taxonomy":"category","embeddable":true,"href":"https:\/\/vieassociative.be\/actualites\/wp-json\/wp\/v2\/categories?post=2680"},{"taxonomy":"post_tag","embeddable":true,"href":"https:\/\/vieassociative.be\/actualites\/wp-json\/wp\/v2\/tags?post=2680"}],"curies":[{"name":"wp","href":"https:\/\/api.w.org\/{rel}","templated":true}]}}